{"id":17608,"date":"2023-10-31T01:56:28","date_gmt":"2023-10-31T01:56:28","guid":{"rendered":"https:\/\/www.valparaisocreativo.cl\/?p=17608"},"modified":"2023-10-31T01:56:33","modified_gmt":"2023-10-31T01:56:33","slug":"accion-azul-llega-esta-semana-conoce-lo-que-hay-tras-el-festival-acuatico-de-valparaiso","status":"publish","type":"post","link":"https:\/\/dev.antudigital.cl\/sites\/vc\/accion-azul-llega-esta-semana-conoce-lo-que-hay-tras-el-festival-acuatico-de-valparaiso\/","title":{"rendered":"Acci\u00f3n Azul llega esta semana: conoce lo que hay tras el festival acu\u00e1tico de Valpara\u00edso"},"content":{"rendered":"\n<p><a href=\"https:\/\/www.instagram.com\/accionazul_org\/\">Acci\u00f3n Azul <\/a>se llevar\u00e1 a cabo desde el 3 al 5 de noviembre en Valpara\u00edso, reconociendo el potencial del mar y el patrimonio acu\u00e1tico que tenemos como pa\u00eds. En torno a estas tem\u00e1ticas y lo que se viene, conversamos con Gonzalo Lazo, director de Waterman Chile, organizaci\u00f3n tras el evento que propone usar el mar como escenario, cancha y m\u00e1s.<\/p>\n\n\n\n<p><strong>\u00bfC\u00f3mo es que nace Acci\u00f3n Azul?<\/strong><\/p>\n\n\n\n<p>-Nace pues nos dimos cuenta que en el oc\u00e9ano ocurren muchas cosas desde el punto de vista de la ciencia, la tecnolog\u00eda, y proyectos de innovaci\u00f3n maravillosos que se desarrollan en el mar y la ciudadan\u00eda no tiene idea. En Chile siempre hay seminarios en torno al mar, pero es algo m\u00e1s institucional o gubernamental. Nos dimos cuenta de eso y como queremos generar cultura oce\u00e1nica en el pa\u00eds, dijimos: hagamos un proyecto y difundamos lo que est\u00e1 pasando en el mar para que sepan todos y todas.<\/p>\n\n\n\n<p><strong>Pero primero nace Waterman, \u00bfnos puedes contar un poco de eso?<\/strong><\/p>\n\n\n\n<p>-Nace primero s\u00ed, para prevenir el ahogamiento principalmente. Esto fue creado el 2016 y hasta el d\u00eda de hoy hemos entrenado a mucha gente en prevenci\u00f3n &#8211; a m\u00e1s de 8.000 personas. EL 2018 hicimos una investigaci\u00f3n con la carrera de estad\u00edsticas para entender c\u00f3mo se mor\u00eda la gente ahogada, donde nos dimos cuenta que lamentablemente hay muchos ahogamientos por falta de cultura de rescate y de qu\u00e9 hacer en esas situaciones. Por lo que comenzamos a hablar de una oportunidad, que Chile es un pa\u00eds de mar larcho, ancho y profundo, y queremos generar conciencia a trav\u00e9s de actividades que brinden una cultura de mar que el pa\u00eds se merece. Por lo que generamos distintos proyectos para esto, entre ellos, Acci\u00f3n Azul.<\/p>\n\n\n\n<figure class=\"wp-block-image size-full\"><img fetchpriority=\"high\" decoding=\"async\" width=\"800\" height=\"533\" src=\"https:\/\/www.valparaisocreativo.cl\/wp-content\/uploads\/2023\/10\/3.-Version-2022-del-festival.png\" alt=\"\" class=\"wp-image-17602\" srcset=\"https:\/\/dev.antudigital.cl\/sites\/vc\/wp-content\/uploads\/2023\/10\/3.-Version-2022-del-festival.png 800w, https:\/\/dev.antudigital.cl\/sites\/vc\/wp-content\/uploads\/2023\/10\/3.-Version-2022-del-festival-300x200.png 300w, https:\/\/dev.antudigital.cl\/sites\/vc\/wp-content\/uploads\/2023\/10\/3.-Version-2022-del-festival-768x512.png 768w, https:\/\/dev.antudigital.cl\/sites\/vc\/wp-content\/uploads\/2023\/10\/3.-Version-2022-del-festival-480x320.png 480w, https:\/\/dev.antudigital.cl\/sites\/vc\/wp-content\/uploads\/2023\/10\/3.-Version-2022-del-festival-24x16.png 24w, https:\/\/dev.antudigital.cl\/sites\/vc\/wp-content\/uploads\/2023\/10\/3.-Version-2022-del-festival-36x24.png 36w, https:\/\/dev.antudigital.cl\/sites\/vc\/wp-content\/uploads\/2023\/10\/3.-Version-2022-del-festival-48x32.png 48w\" sizes=\"(max-width: 800px) 100vw, 800px\" \/><\/figure>\n\n\n\n<p><strong>\u00bfCu\u00e1l es tu relaci\u00f3n con el mar?<\/strong><\/p>\n\n\n\n<p>-Viv\u00ed en Cerro Alegre toda la vida mirando la bah\u00eda. Mi primer trabajo fue en la Caleta el Membrillo, donde ten\u00eda que tirar los botes y me pagaban en pescado, para venderlos en la calle. Luego por un tema familiar llegu\u00e9 al Bote Salvavidas, donde se me inculc\u00f3 a trav\u00e9s de un familiar, la tradici\u00f3n del rescatismo, por lo que cuando cumpl\u00ed 17 entr\u00e9 al Bote Salvavidas donde me tocaron historias hermosas de salvar vidas, pero tambi\u00e9n historias tristes que fueron las que me hicieron crear Waterman Chile. En fin, hace 26 a\u00f1os que soy rescatista acu\u00e1tico. De ah\u00ed viene este romance con el mar y su cultura.<\/p>\n\n\n\n<p><strong>En torno a Acci\u00f3n Azul: hay charlas, m\u00fasica y deporte acu\u00e1tico, cu\u00e9ntame m\u00e1s.<\/strong><\/p>\n\n\n\n<p>-La programaci\u00f3n la hicimos en torno al hacer actividades que puedan ser interesantes, como foros y conferencias, pero entre medio habr\u00e1 m\u00fasica en vivo y shows art\u00edsticos, para que sea entretenido. Y en torno a esto hay una feria de ciencias y Sercotec, una expo n\u00e1utica, hay ocho municipalidades que vienen a mostrar su lado tur\u00edstico y zona de ni\u00f1os, cosa de que todos y todas puedan participar los tres d\u00edas de Festival. Primero el viernes 3 y s\u00e1bado 4 en el Parque Cultural de Valpara\u00edso y el 5 desde las 9 am en Playa las Torpederas con solo actividades deportivas hasta el mediod\u00eda. As\u00ed queremos poner en valor el borde costero de la quinta regi\u00f3n.<\/p>\n\n\n\n<p><strong>\u00bfCu\u00e1l es el potencial que tiene el mar y qu\u00e9 crees que nos falta para apreciarlo?<\/strong><\/p>\n\n\n\n<p>-Para m\u00ed, el futuro est\u00e1 en el mar. Las ciudades viven en torno a todo lo que les da, y tenemos un gran potencial con el Oc\u00e9ano Pac\u00edfico que no le sacamos provecho. Reci\u00e9n hay una idea sobre la importancia de su conservaci\u00f3n y desarrollo. Eso es algo por ejemplo que buscamos hacer con otra l\u00ednea de Waterman, Ganamar, donde damos gratuitamente acceso a 1.600 ni\u00f1os, ni\u00f1as y j\u00f3venes al deporte de mar. Y cuando les ense\u00f1amos, el primer acercamiento siempre es m\u00e1gico, les cambia la vida. Si somos capaces de acercar el mar a las personas y que lo conozcan, sabemos que lo cuidar\u00e1n y habr\u00e1 una oportunidad para todos y todas en el mar.<\/p>\n\n\n\n<p><strong>En tus palabras, \u00bfc\u00f3mo invitas a la gente a que se sume a este evento?<\/strong><\/p>\n\n\n\n<p>-Es una invitaci\u00f3n a conectarnos con el oc\u00e9ano, con la biodiversidad, con proyectos, con innovaci\u00f3n, ciencia y cultura, que nos impregnamos del mar chileno. Queremos sumergirnos en el oc\u00e9ano, ese es el gran mensaje que entregamos, para generar una semillita en las personas a que se unan a esta aventura con el mar. En el mar podemos hacer cosas bacanes.<\/p>\n\n\n\n<p>Agradecemos tambi\u00e9n el apoyo de EPV, TPS, de ASOC y de la Municipalidad de Valpara\u00edso, adem\u00e1s de Valpara\u00edso Creativo, quienes han cre\u00eddo en el proyecto y han aportado para que esto suceda.<\/p>\n\n\n\n<p><strong>\u00bfEst\u00e1n enfocados en trabajar en qu\u00e9 costas?<\/strong><\/p>\n\n\n\n<p>-Hay un evento que lo hacemos en Coquimbo y ac\u00e1, Open Waterman, pero tambi\u00e9n tenemos los centros n\u00e1uticos Ganamar que la idea es que est\u00e9n en todo el pa\u00eds. Con Acci\u00f3n Azul tambi\u00e9n queremos llegar a otras costas. De a poquito.<\/p>\n\n\n\n<p><a href=\"https:\/\/www.instagram.com\/accionazul_org\/\"><strong>Si quieres saber m\u00e1s, ingresa a sus redes sociales.<\/strong><\/a><\/p>\n\n\n\n<figure class=\"wp-block-image size-large\"><img decoding=\"async\" width=\"819\" height=\"1024\" src=\"https:\/\/www.valparaisocreativo.cl\/wp-content\/uploads\/2023\/10\/Afiche-Accion-Azul-2023_1-819x1024.png\" alt=\"\" class=\"wp-image-17603\" srcset=\"https:\/\/dev.antudigital.cl\/sites\/vc\/wp-content\/uploads\/2023\/10\/Afiche-Accion-Azul-2023_1-819x1024.png 819w, https:\/\/dev.antudigital.cl\/sites\/vc\/wp-content\/uploads\/2023\/10\/Afiche-Accion-Azul-2023_1-240x300.png 240w, https:\/\/dev.antudigital.cl\/sites\/vc\/wp-content\/uploads\/2023\/10\/Afiche-Accion-Azul-2023_1-768x960.png 768w, https:\/\/dev.antudigital.cl\/sites\/vc\/wp-content\/uploads\/2023\/10\/Afiche-Accion-Azul-2023_1-980x1225.png 980w, https:\/\/dev.antudigital.cl\/sites\/vc\/wp-content\/uploads\/2023\/10\/Afiche-Accion-Azul-2023_1-480x600.png 480w, https:\/\/dev.antudigital.cl\/sites\/vc\/wp-content\/uploads\/2023\/10\/Afiche-Accion-Azul-2023_1-19x24.png 19w, https:\/\/dev.antudigital.cl\/sites\/vc\/wp-content\/uploads\/2023\/10\/Afiche-Accion-Azul-2023_1-29x36.png 29w, https:\/\/dev.antudigital.cl\/sites\/vc\/wp-content\/uploads\/2023\/10\/Afiche-Accion-Azul-2023_1-38x48.png 38w, https:\/\/dev.antudigital.cl\/sites\/vc\/wp-content\/uploads\/2023\/10\/Afiche-Accion-Azul-2023_1.png 1081w\" sizes=\"(max-width: 819px) 100vw, 819px\" \/><\/figure>\n","protected":false},"excerpt":{"rendered":"<p>Acci\u00f3n Azul se llevar\u00e1 a cabo desde el 3 al 5 de noviembre en Valpara\u00edso, reconociendo el potencial del mar y el patrimonio acu\u00e1tico que tenemos como pa\u00eds. En torno a estas tem\u00e1ticas y lo que se viene, conversamos con Gonzalo Lazo, director de Waterman Chile, organizaci\u00f3n tras el evento que propone usar el mar [&hellip;]<\/p>\n","protected":false},"author":1,"featured_media":17609,"comment_status":"closed","ping_status":"closed","sticky":false,"template":"","format":"standard","meta":{"_acf_changed":false,"footnotes":""},"categories":[218],"tags":[],"class_list":["post-17608","post","type-post","status-publish","format-standard","has-post-thumbnail","hentry","category-blog"],"acf":[],"yoast_head":"<!-- This site is optimized with the Yoast SEO plugin v27.1.1 - https:\/\/yoast.com\/product\/yoast-seo-wordpress\/ -->\n<title>Acci\u00f3n Azul llega esta semana: conoce lo que hay tras el festival acu\u00e1tico de Valpara\u00edso - Valpara\u00ed\u00adso Creativo<\/title>\n<meta name=\"robots\" content=\"index, follow, max-snippet:-1, max-image-preview:large, max-video-preview:-1\" \/>\n<link rel=\"canonical\" href=\"https:\/\/dev.antudigital.cl\/sites\/vc\/accion-azul-llega-esta-semana-conoce-lo-que-hay-tras-el-festival-acuatico-de-valparaiso\/\" \/>\n<meta property=\"og:locale\" content=\"es_ES\" \/>\n<meta property=\"og:type\" content=\"article\" \/>\n<meta property=\"og:title\" content=\"Acci\u00f3n Azul llega esta semana: conoce lo que hay tras el festival acu\u00e1tico de Valpara\u00edso - Valpara\u00ed\u00adso Creativo\" \/>\n<meta property=\"og:description\" content=\"Acci\u00f3n Azul se llevar\u00e1 a cabo desde el 3 al 5 de noviembre en Valpara\u00edso, reconociendo el potencial del mar y el patrimonio acu\u00e1tico que tenemos como pa\u00eds. En torno a estas tem\u00e1ticas y lo que se viene, conversamos con Gonzalo Lazo, director de Waterman Chile, organizaci\u00f3n tras el evento que propone usar el mar [&hellip;]\" \/>\n<meta property=\"og:url\" content=\"https:\/\/dev.antudigital.cl\/sites\/vc\/accion-azul-llega-esta-semana-conoce-lo-que-hay-tras-el-festival-acuatico-de-valparaiso\/\" \/>\n<meta property=\"og:site_name\" content=\"Valpara\u00ed\u00adso Creativo\" \/>\n<meta property=\"article:published_time\" content=\"2023-10-31T01:56:28+00:00\" \/>\n<meta property=\"article:modified_time\" content=\"2023-10-31T01:56:33+00:00\" \/>\n<meta property=\"og:image\" content=\"https:\/\/dev.antudigital.cl\/sites\/vc\/wp-content\/uploads\/2023\/10\/Gonzalo-Lazo-1024x780-1.jpeg\" \/>\n\t<meta property=\"og:image:width\" content=\"1024\" \/>\n\t<meta property=\"og:image:height\" content=\"780\" \/>\n\t<meta property=\"og:image:type\" content=\"image\/jpeg\" \/>\n<meta name=\"author\" content=\"Valpara\u00edso Creativo\" \/>\n<meta name=\"twitter:card\" content=\"summary_large_image\" \/>\n<meta name=\"twitter:label1\" content=\"Escrito por\" \/>\n\t<meta name=\"twitter:data1\" content=\"Valpara\u00edso Creativo\" \/>\n\t<meta name=\"twitter:label2\" content=\"Tiempo de lectura\" \/>\n\t<meta name=\"twitter:data2\" content=\"5 minutos\" \/>\n<script type=\"application\/ld+json\" class=\"yoast-schema-graph\">{\"@context\":\"https:\/\/schema.org\",\"@graph\":[{\"@type\":\"Article\",\"@id\":\"https:\/\/dev.antudigital.cl\/sites\/vc\/accion-azul-llega-esta-semana-conoce-lo-que-hay-tras-el-festival-acuatico-de-valparaiso\/#article\",\"isPartOf\":{\"@id\":\"https:\/\/dev.antudigital.cl\/sites\/vc\/accion-azul-llega-esta-semana-conoce-lo-que-hay-tras-el-festival-acuatico-de-valparaiso\/\"},\"author\":{\"name\":\"Valpara\u00edso Creativo\",\"@id\":\"https:\/\/dev.antudigital.cl\/sites\/vc\/#\/schema\/person\/c2b9da8dd545e27166fc5ab232837318\"},\"headline\":\"Acci\u00f3n Azul llega esta semana: conoce lo que hay tras el festival acu\u00e1tico de Valpara\u00edso\",\"datePublished\":\"2023-10-31T01:56:28+00:00\",\"dateModified\":\"2023-10-31T01:56:33+00:00\",\"mainEntityOfPage\":{\"@id\":\"https:\/\/dev.antudigital.cl\/sites\/vc\/accion-azul-llega-esta-semana-conoce-lo-que-hay-tras-el-festival-acuatico-de-valparaiso\/\"},\"wordCount\":916,\"image\":{\"@id\":\"https:\/\/dev.antudigital.cl\/sites\/vc\/accion-azul-llega-esta-semana-conoce-lo-que-hay-tras-el-festival-acuatico-de-valparaiso\/#primaryimage\"},\"thumbnailUrl\":\"https:\/\/dev.antudigital.cl\/sites\/vc\/wp-content\/uploads\/2023\/10\/Gonzalo-Lazo-1024x780-1.jpeg\",\"articleSection\":[\"Blog\"],\"inLanguage\":\"es\"},{\"@type\":\"WebPage\",\"@id\":\"https:\/\/dev.antudigital.cl\/sites\/vc\/accion-azul-llega-esta-semana-conoce-lo-que-hay-tras-el-festival-acuatico-de-valparaiso\/\",\"url\":\"https:\/\/dev.antudigital.cl\/sites\/vc\/accion-azul-llega-esta-semana-conoce-lo-que-hay-tras-el-festival-acuatico-de-valparaiso\/\",\"name\":\"Acci\u00f3n Azul llega esta semana: conoce lo que hay tras el festival acu\u00e1tico de Valpara\u00edso - Valpara\u00ed\u00adso Creativo\",\"isPartOf\":{\"@id\":\"https:\/\/dev.antudigital.cl\/sites\/vc\/#website\"},\"primaryImageOfPage\":{\"@id\":\"https:\/\/dev.antudigital.cl\/sites\/vc\/accion-azul-llega-esta-semana-conoce-lo-que-hay-tras-el-festival-acuatico-de-valparaiso\/#primaryimage\"},\"image\":{\"@id\":\"https:\/\/dev.antudigital.cl\/sites\/vc\/accion-azul-llega-esta-semana-conoce-lo-que-hay-tras-el-festival-acuatico-de-valparaiso\/#primaryimage\"},\"thumbnailUrl\":\"https:\/\/dev.antudigital.cl\/sites\/vc\/wp-content\/uploads\/2023\/10\/Gonzalo-Lazo-1024x780-1.jpeg\",\"datePublished\":\"2023-10-31T01:56:28+00:00\",\"dateModified\":\"2023-10-31T01:56:33+00:00\",\"author\":{\"@id\":\"https:\/\/dev.antudigital.cl\/sites\/vc\/#\/schema\/person\/c2b9da8dd545e27166fc5ab232837318\"},\"breadcrumb\":{\"@id\":\"https:\/\/dev.antudigital.cl\/sites\/vc\/accion-azul-llega-esta-semana-conoce-lo-que-hay-tras-el-festival-acuatico-de-valparaiso\/#breadcrumb\"},\"inLanguage\":\"es\",\"potentialAction\":[{\"@type\":\"ReadAction\",\"target\":[\"https:\/\/dev.antudigital.cl\/sites\/vc\/accion-azul-llega-esta-semana-conoce-lo-que-hay-tras-el-festival-acuatico-de-valparaiso\/\"]}]},{\"@type\":\"ImageObject\",\"inLanguage\":\"es\",\"@id\":\"https:\/\/dev.antudigital.cl\/sites\/vc\/accion-azul-llega-esta-semana-conoce-lo-que-hay-tras-el-festival-acuatico-de-valparaiso\/#primaryimage\",\"url\":\"https:\/\/dev.antudigital.cl\/sites\/vc\/wp-content\/uploads\/2023\/10\/Gonzalo-Lazo-1024x780-1.jpeg\",\"contentUrl\":\"https:\/\/dev.antudigital.cl\/sites\/vc\/wp-content\/uploads\/2023\/10\/Gonzalo-Lazo-1024x780-1.jpeg\",\"width\":1024,\"height\":780},{\"@type\":\"BreadcrumbList\",\"@id\":\"https:\/\/dev.antudigital.cl\/sites\/vc\/accion-azul-llega-esta-semana-conoce-lo-que-hay-tras-el-festival-acuatico-de-valparaiso\/#breadcrumb\",\"itemListElement\":[{\"@type\":\"ListItem\",\"position\":1,\"name\":\"Home\",\"item\":\"https:\/\/dev.antudigital.cl\/sites\/vc\/\"},{\"@type\":\"ListItem\",\"position\":2,\"name\":\"Acci\u00f3n Azul llega esta semana: conoce lo que hay tras el festival acu\u00e1tico de Valpara\u00edso\"}]},{\"@type\":\"WebSite\",\"@id\":\"https:\/\/dev.antudigital.cl\/sites\/vc\/#website\",\"url\":\"https:\/\/dev.antudigital.cl\/sites\/vc\/\",\"name\":\"Valpara\u00ed\u00adso Creativo\",\"description\":\"\",\"potentialAction\":[{\"@type\":\"SearchAction\",\"target\":{\"@type\":\"EntryPoint\",\"urlTemplate\":\"https:\/\/dev.antudigital.cl\/sites\/vc\/?s={search_term_string}\"},\"query-input\":{\"@type\":\"PropertyValueSpecification\",\"valueRequired\":true,\"valueName\":\"search_term_string\"}}],\"inLanguage\":\"es\"},{\"@type\":\"Person\",\"@id\":\"https:\/\/dev.antudigital.cl\/sites\/vc\/#\/schema\/person\/c2b9da8dd545e27166fc5ab232837318\",\"name\":\"Valpara\u00edso Creativo\",\"description\":\"Periodista de cultura en la Regi\u00f3n de Valpara\u00edso.\",\"url\":\"https:\/\/dev.antudigital.cl\/sites\/vc\/author\/valpoadmin\/\"}]}<\/script>\n<!-- \/ Yoast SEO plugin. -->","yoast_head_json":{"title":"Acci\u00f3n Azul llega esta semana: conoce lo que hay tras el festival acu\u00e1tico de Valpara\u00edso - Valpara\u00ed\u00adso Creativo","robots":{"index":"index","follow":"follow","max-snippet":"max-snippet:-1","max-image-preview":"max-image-preview:large","max-video-preview":"max-video-preview:-1"},"canonical":"https:\/\/dev.antudigital.cl\/sites\/vc\/accion-azul-llega-esta-semana-conoce-lo-que-hay-tras-el-festival-acuatico-de-valparaiso\/","og_locale":"es_ES","og_type":"article","og_title":"Acci\u00f3n Azul llega esta semana: conoce lo que hay tras el festival acu\u00e1tico de Valpara\u00edso - Valpara\u00ed\u00adso Creativo","og_description":"Acci\u00f3n Azul se llevar\u00e1 a cabo desde el 3 al 5 de noviembre en Valpara\u00edso, reconociendo el potencial del mar y el patrimonio acu\u00e1tico que tenemos como pa\u00eds. En torno a estas tem\u00e1ticas y lo que se viene, conversamos con Gonzalo Lazo, director de Waterman Chile, organizaci\u00f3n tras el evento que propone usar el mar [&hellip;]","og_url":"https:\/\/dev.antudigital.cl\/sites\/vc\/accion-azul-llega-esta-semana-conoce-lo-que-hay-tras-el-festival-acuatico-de-valparaiso\/","og_site_name":"Valpara\u00ed\u00adso Creativo","article_published_time":"2023-10-31T01:56:28+00:00","article_modified_time":"2023-10-31T01:56:33+00:00","og_image":[{"width":1024,"height":780,"url":"https:\/\/dev.antudigital.cl\/sites\/vc\/wp-content\/uploads\/2023\/10\/Gonzalo-Lazo-1024x780-1.jpeg","type":"image\/jpeg"}],"author":"Valpara\u00edso Creativo","twitter_card":"summary_large_image","twitter_misc":{"Escrito por":"Valpara\u00edso Creativo","Tiempo de lectura":"5 minutos"},"schema":{"@context":"https:\/\/schema.org","@graph":[{"@type":"Article","@id":"https:\/\/dev.antudigital.cl\/sites\/vc\/accion-azul-llega-esta-semana-conoce-lo-que-hay-tras-el-festival-acuatico-de-valparaiso\/#article","isPartOf":{"@id":"https:\/\/dev.antudigital.cl\/sites\/vc\/accion-azul-llega-esta-semana-conoce-lo-que-hay-tras-el-festival-acuatico-de-valparaiso\/"},"author":{"name":"Valpara\u00edso Creativo","@id":"https:\/\/dev.antudigital.cl\/sites\/vc\/#\/schema\/person\/c2b9da8dd545e27166fc5ab232837318"},"headline":"Acci\u00f3n Azul llega esta semana: conoce lo que hay tras el festival acu\u00e1tico de Valpara\u00edso","datePublished":"2023-10-31T01:56:28+00:00","dateModified":"2023-10-31T01:56:33+00:00","mainEntityOfPage":{"@id":"https:\/\/dev.antudigital.cl\/sites\/vc\/accion-azul-llega-esta-semana-conoce-lo-que-hay-tras-el-festival-acuatico-de-valparaiso\/"},"wordCount":916,"image":{"@id":"https:\/\/dev.antudigital.cl\/sites\/vc\/accion-azul-llega-esta-semana-conoce-lo-que-hay-tras-el-festival-acuatico-de-valparaiso\/#primaryimage"},"thumbnailUrl":"https:\/\/dev.antudigital.cl\/sites\/vc\/wp-content\/uploads\/2023\/10\/Gonzalo-Lazo-1024x780-1.jpeg","articleSection":["Blog"],"inLanguage":"es"},{"@type":"WebPage","@id":"https:\/\/dev.antudigital.cl\/sites\/vc\/accion-azul-llega-esta-semana-conoce-lo-que-hay-tras-el-festival-acuatico-de-valparaiso\/","url":"https:\/\/dev.antudigital.cl\/sites\/vc\/accion-azul-llega-esta-semana-conoce-lo-que-hay-tras-el-festival-acuatico-de-valparaiso\/","name":"Acci\u00f3n Azul llega esta semana: conoce lo que hay tras el festival acu\u00e1tico de Valpara\u00edso - Valpara\u00ed\u00adso Creativo","isPartOf":{"@id":"https:\/\/dev.antudigital.cl\/sites\/vc\/#website"},"primaryImageOfPage":{"@id":"https:\/\/dev.antudigital.cl\/sites\/vc\/accion-azul-llega-esta-semana-conoce-lo-que-hay-tras-el-festival-acuatico-de-valparaiso\/#primaryimage"},"image":{"@id":"https:\/\/dev.antudigital.cl\/sites\/vc\/accion-azul-llega-esta-semana-conoce-lo-que-hay-tras-el-festival-acuatico-de-valparaiso\/#primaryimage"},"thumbnailUrl":"https:\/\/dev.antudigital.cl\/sites\/vc\/wp-content\/uploads\/2023\/10\/Gonzalo-Lazo-1024x780-1.jpeg","datePublished":"2023-10-31T01:56:28+00:00","dateModified":"2023-10-31T01:56:33+00:00","author":{"@id":"https:\/\/dev.antudigital.cl\/sites\/vc\/#\/schema\/person\/c2b9da8dd545e27166fc5ab232837318"},"breadcrumb":{"@id":"https:\/\/dev.antudigital.cl\/sites\/vc\/accion-azul-llega-esta-semana-conoce-lo-que-hay-tras-el-festival-acuatico-de-valparaiso\/#breadcrumb"},"inLanguage":"es","potentialAction":[{"@type":"ReadAction","target":["https:\/\/dev.antudigital.cl\/sites\/vc\/accion-azul-llega-esta-semana-conoce-lo-que-hay-tras-el-festival-acuatico-de-valparaiso\/"]}]},{"@type":"ImageObject","inLanguage":"es","@id":"https:\/\/dev.antudigital.cl\/sites\/vc\/accion-azul-llega-esta-semana-conoce-lo-que-hay-tras-el-festival-acuatico-de-valparaiso\/#primaryimage","url":"https:\/\/dev.antudigital.cl\/sites\/vc\/wp-content\/uploads\/2023\/10\/Gonzalo-Lazo-1024x780-1.jpeg","contentUrl":"https:\/\/dev.antudigital.cl\/sites\/vc\/wp-content\/uploads\/2023\/10\/Gonzalo-Lazo-1024x780-1.jpeg","width":1024,"height":780},{"@type":"BreadcrumbList","@id":"https:\/\/dev.antudigital.cl\/sites\/vc\/accion-azul-llega-esta-semana-conoce-lo-que-hay-tras-el-festival-acuatico-de-valparaiso\/#breadcrumb","itemListElement":[{"@type":"ListItem","position":1,"name":"Home","item":"https:\/\/dev.antudigital.cl\/sites\/vc\/"},{"@type":"ListItem","position":2,"name":"Acci\u00f3n Azul llega esta semana: conoce lo que hay tras el festival acu\u00e1tico de Valpara\u00edso"}]},{"@type":"WebSite","@id":"https:\/\/dev.antudigital.cl\/sites\/vc\/#website","url":"https:\/\/dev.antudigital.cl\/sites\/vc\/","name":"Valpara\u00ed\u00adso Creativo","description":"","potentialAction":[{"@type":"SearchAction","target":{"@type":"EntryPoint","urlTemplate":"https:\/\/dev.antudigital.cl\/sites\/vc\/?s={search_term_string}"},"query-input":{"@type":"PropertyValueSpecification","valueRequired":true,"valueName":"search_term_string"}}],"inLanguage":"es"},{"@type":"Person","@id":"https:\/\/dev.antudigital.cl\/sites\/vc\/#\/schema\/person\/c2b9da8dd545e27166fc5ab232837318","name":"Valpara\u00edso Creativo","description":"Periodista de cultura en la Regi\u00f3n de Valpara\u00edso.","url":"https:\/\/dev.antudigital.cl\/sites\/vc\/author\/valpoadmin\/"}]}},"_links":{"self":[{"href":"https:\/\/dev.antudigital.cl\/sites\/vc\/wp-json\/wp\/v2\/posts\/17608","targetHints":{"allow":["GET"]}}],"collection":[{"href":"https:\/\/dev.antudigital.cl\/sites\/vc\/wp-json\/wp\/v2\/posts"}],"about":[{"href":"https:\/\/dev.antudigital.cl\/sites\/vc\/wp-json\/wp\/v2\/types\/post"}],"author":[{"embeddable":true,"href":"https:\/\/dev.antudigital.cl\/sites\/vc\/wp-json\/wp\/v2\/users\/1"}],"replies":[{"embeddable":true,"href":"https:\/\/dev.antudigital.cl\/sites\/vc\/wp-json\/wp\/v2\/comments?post=17608"}],"version-history":[{"count":1,"href":"https:\/\/dev.antudigital.cl\/sites\/vc\/wp-json\/wp\/v2\/posts\/17608\/revisions"}],"predecessor-version":[{"id":17610,"href":"https:\/\/dev.antudigital.cl\/sites\/vc\/wp-json\/wp\/v2\/posts\/17608\/revisions\/17610"}],"wp:featuredmedia":[{"embeddable":true,"href":"https:\/\/dev.antudigital.cl\/sites\/vc\/wp-json\/wp\/v2\/media\/17609"}],"wp:attachment":[{"href":"https:\/\/dev.antudigital.cl\/sites\/vc\/wp-json\/wp\/v2\/media?parent=17608"}],"wp:term":[{"taxonomy":"category","embeddable":true,"href":"https:\/\/dev.antudigital.cl\/sites\/vc\/wp-json\/wp\/v2\/categories?post=17608"},{"taxonomy":"post_tag","embeddable":true,"href":"https:\/\/dev.antudigital.cl\/sites\/vc\/wp-json\/wp\/v2\/tags?post=17608"}],"curies":[{"name":"wp","href":"https:\/\/api.w.org\/{rel}","templated":true}]}}