{"id":17697,"date":"2023-11-14T00:59:39","date_gmt":"2023-11-14T00:59:39","guid":{"rendered":"https:\/\/www.valparaisocreativo.cl\/?p=17697"},"modified":"2023-11-14T00:59:46","modified_gmt":"2023-11-14T00:59:46","slug":"el-cortometraje-chileno-en-realidad-virtual-volver-a-casa-madre-vr-tiene-doble-estreno-internacional-y-nacional-en-noviembre","status":"publish","type":"post","link":"https:\/\/dev.antudigital.cl\/sites\/vc\/el-cortometraje-chileno-en-realidad-virtual-volver-a-casa-madre-vr-tiene-doble-estreno-internacional-y-nacional-en-noviembre\/","title":{"rendered":"El cortometraje chileno en realidad virtual \u00abVolver a Casa: Madre VR\u00bb tiene doble estreno internacional y nacional en noviembre"},"content":{"rendered":"\n<p>Idfa Doclab es el espacio donde el cortometraje V<em>olver a Casa Madre VR <\/em>ser\u00e1 visto desde el 10 de noviembre de 2023, por primera vez por un p\u00fablico internacional, el que podr\u00e1 ser testigo de la rutina, sue\u00f1os y a\u00f1oranzas de un grupo de mujeres de la c\u00e1rcel de valpara\u00edso que sue\u00f1an con volver a casa a ver a sus familias, y que a trav\u00e9s de la realidad virtual logran conectarse con el exterior.&nbsp;<\/p>\n\n\n\n<p>La Competencia Inmersiva de 30 t\u00edtulos de todas partes del mundo, ampl\u00eda audazmente los horizontes del g\u00e9nero, presentando una selecci\u00f3n de experiencias multisensoriales, presentaciones en vivo, creaciones art\u00edsticas de realidad virtual e instalaciones inmersivas.<\/p>\n\n\n\n<p>Su directora, la cineasta chilena Catalina Alarc\u00f3n afirma que \u00a8IDFA es uno de los festivales de cine documental m\u00e1s importantes del mundo, uno de los m\u00e1s antiguos en su secci\u00f3n interactiva y nos sentimos muy honradas de ser parte. Es una ventana al mundo de gran importancia, para poder reflexionar sobre la privaci\u00f3n de libertad y compartir las historias de vida de las mujeres privadas de libertad en Chile\u00a8.&nbsp;<\/p>\n\n\n\n<figure class=\"wp-block-image size-full\"><img fetchpriority=\"high\" decoding=\"async\" width=\"513\" height=\"338\" src=\"https:\/\/www.valparaisocreativo.cl\/wp-content\/uploads\/2023\/11\/Captura-de-Pantalla-2023-11-13-a-las-19.38.38-1.png\" alt=\"\" class=\"wp-image-17700\" srcset=\"https:\/\/dev.antudigital.cl\/sites\/vc\/wp-content\/uploads\/2023\/11\/Captura-de-Pantalla-2023-11-13-a-las-19.38.38-1.png 513w, https:\/\/dev.antudigital.cl\/sites\/vc\/wp-content\/uploads\/2023\/11\/Captura-de-Pantalla-2023-11-13-a-las-19.38.38-1-300x198.png 300w, https:\/\/dev.antudigital.cl\/sites\/vc\/wp-content\/uploads\/2023\/11\/Captura-de-Pantalla-2023-11-13-a-las-19.38.38-1-480x316.png 480w, https:\/\/dev.antudigital.cl\/sites\/vc\/wp-content\/uploads\/2023\/11\/Captura-de-Pantalla-2023-11-13-a-las-19.38.38-1-24x16.png 24w, https:\/\/dev.antudigital.cl\/sites\/vc\/wp-content\/uploads\/2023\/11\/Captura-de-Pantalla-2023-11-13-a-las-19.38.38-1-36x24.png 36w, https:\/\/dev.antudigital.cl\/sites\/vc\/wp-content\/uploads\/2023\/11\/Captura-de-Pantalla-2023-11-13-a-las-19.38.38-1-48x32.png 48w\" sizes=\"(max-width: 513px) 100vw, 513px\" \/><\/figure>\n\n\n\n<p>La versi\u00f3n de este a\u00f1o de Idfa Doc Lab denominada Phenomenal Friction, <em>Fricci\u00f3n Fenomenal,<\/em><em> <\/em>explora la fricci\u00f3n en todas sus formas y reflexiona sobre c\u00f3mo las tecnolog\u00edas siempre nos han prometido un mundo donde la eficiencia y la conveniencia reinan. Preguntas como \u00bfQu\u00e9 perdemos cuando las cosas se vuelven demasiado \u201csuaves y fluidas\u201d? \u00bfCu\u00e1les son los costos ocultos de una realidad regida por algoritmos eficientes, transacciones sencillas y c\u00e1maras de eco automatizadas? \u00bfY qu\u00e9 ganar\u00edamos si permiti\u00e9ramos m\u00e1s espacio para la fricci\u00f3n, la interacci\u00f3n, la complejidad y la resistencia al status quo? <em>Volver a Casa Madre VR<\/em>, es uno de esos 30 t\u00edtulos internacionales que est\u00e1n en exhibici\u00f3n en Amsterdam hasta el 19 de noviembre de 2023.&nbsp;<\/p>\n\n\n\n<p>El proceso de trabajo nace hace unos 5 a\u00f1os atr\u00e1s donde la directora Catalina Alarc\u00f3n y su equipo, luego de una serie de realizar una serie talleres de cine en c\u00e1rceles, decidieron producir junto a un grupo de internas madres de la c\u00e1rcel de Valpara\u00edso, una historia grabada en la c\u00e1rcel en video 360 que involucra su realidad tras las rejas, pero tambi\u00e9n la realidad de sus familias, casas y entornos de los cu\u00e1les est\u00e1n alejadas hace a\u00f1os y que se hace imprescindible conectar en miras de su reinserci\u00f3n en la sociedad. Adem\u00e1s crearon un museo virtual en donde se modelaron los objetos m\u00e1s preciados que las madres guardan de sus recuerdos familiares fuera de la c\u00e1rcel. La experiencia para el usuario se vive con anteojos de realidad virtual, con una duraci\u00f3n de 20 minutos.&nbsp;<\/p>\n\n\n\n<p>El proyecto reflexiona sobre las pol\u00edticas de comunicaci\u00f3n en la c\u00e1rceles chilenas y sus restricciones, y c\u00f3mo una pol\u00edtica de reinserci\u00f3n se hace cada d\u00eda m\u00e1s prioritaria en el sistema carcelario. Seg\u00fan Alarc\u00f3n, \u00abLa ruptura con el mundo y la desvinculaci\u00f3n familiar es una realidad que viven los y las privadas de libertad en Chile. Esto se intensifica con la falta de comunicaci\u00f3n con sus familias lo que incrementa el aislamiento y desconexi\u00f3n con el medio libre, as\u00ed como la falta de comunicaci\u00f3n con el exterior de la c\u00e1rcel que rompe v\u00ednculos familiares y los a\u00edsla completamente. En el caso de las mujeres es a\u00fan m\u00e1s complejo al ser en su mayor\u00eda madres de m\u00e1s de un hijo, pilares fundamentales emocionales y econ\u00f3micos de n\u00facleos familiares, a los cuales no pueden continuar apoyando al ser privadas de libertad\u00bb&nbsp;<\/p>\n\n\n\n<figure class=\"wp-block-image size-full\"><img decoding=\"async\" width=\"632\" height=\"627\" src=\"https:\/\/www.valparaisocreativo.cl\/wp-content\/uploads\/2023\/11\/Captura-de-Pantalla-2023-11-13-a-las-19.49.14.png\" alt=\"\" class=\"wp-image-17701\" srcset=\"https:\/\/dev.antudigital.cl\/sites\/vc\/wp-content\/uploads\/2023\/11\/Captura-de-Pantalla-2023-11-13-a-las-19.49.14.png 632w, https:\/\/dev.antudigital.cl\/sites\/vc\/wp-content\/uploads\/2023\/11\/Captura-de-Pantalla-2023-11-13-a-las-19.49.14-300x298.png 300w, https:\/\/dev.antudigital.cl\/sites\/vc\/wp-content\/uploads\/2023\/11\/Captura-de-Pantalla-2023-11-13-a-las-19.49.14-150x150.png 150w, https:\/\/dev.antudigital.cl\/sites\/vc\/wp-content\/uploads\/2023\/11\/Captura-de-Pantalla-2023-11-13-a-las-19.49.14-480x476.png 480w, https:\/\/dev.antudigital.cl\/sites\/vc\/wp-content\/uploads\/2023\/11\/Captura-de-Pantalla-2023-11-13-a-las-19.49.14-24x24.png 24w, https:\/\/dev.antudigital.cl\/sites\/vc\/wp-content\/uploads\/2023\/11\/Captura-de-Pantalla-2023-11-13-a-las-19.49.14-36x36.png 36w, https:\/\/dev.antudigital.cl\/sites\/vc\/wp-content\/uploads\/2023\/11\/Captura-de-Pantalla-2023-11-13-a-las-19.49.14-48x48.png 48w\" sizes=\"(max-width: 632px) 100vw, 632px\" \/><\/figure>\n\n\n\n<p><em>Volver a Casa Madre VR <\/em>es una coproducci\u00f3n de Mimbre Films, Mucha Media y la Organizaci\u00f3n Volver a Casa, y producida y escrita por Daniela Camino (El Viaje de Monalisa IDFA 2019, AliEN 0089 Sundance 2023), Maria Court (Proyecto Quipu IDFA Doclab 2015, El Estallido de las Cosas Sheffield Doc Fest 2020) y Catalina Alarc\u00f3n (La Gambeta Cinelatino de Toulouse y Festival de Cine de Valdivia 2019).<\/p>\n\n\n\n<p>Esta es la tercera vez en la historia que un proyecto chileno est\u00e1 en competencia en esta secci\u00f3n Idfa DocLab, del reconocido festival holand\u00e9s. Mafi, Mapa F\u00edlmico de un Pa\u00eds en 2013, colectivo del cual la directora Catalina Alarc\u00f3n y la coproductora Daniela Camino son parte hace a\u00f1os. As\u00ed tambi\u00e9n el Proyecto Quipu en 2015, co producido y dirigido por la tambi\u00e9n productora Maria Court de Volver a Casa Madre VR. Este es el segundo cortometraje de la directora Catalina Alarc\u00f3n, y el primero en realidad virtual que estrena como cineasta.&nbsp;<\/p>\n\n\n\n<p>El cortometraje en realidad virtual adem\u00e1s tendr\u00e1 su estreno nacional en el Festival de Documentales de Santiago, Fidocs, donde por primera vez en su historia se incluye una secci\u00f3n de cine expandido. La exhibici\u00f3n tendr\u00e1 lugar en el Centro de Cine y Creaci\u00f3n CCC el 18 y 19 de noviembre. Las entradas son gratuitas y limitadas y est\u00e1n disponibles en el siguiente formulario: <a href=\"https:\/\/docs.google.com\/forms\/d\/1LxVdC4X5Af0bXnNa2rE2uwAyMT2f7-_CQvBzasWPsw8\/edit\"><strong>Inscr\u00edbete aqu\u00ed<\/strong><\/a><\/p>\n","protected":false},"excerpt":{"rendered":"<p>Idfa Doclab es el espacio donde el cortometraje Volver a Casa Madre VR ser\u00e1 visto desde el 10 de noviembre de 2023, por primera vez por un p\u00fablico internacional, el que podr\u00e1 ser testigo de la rutina, sue\u00f1os y a\u00f1oranzas de un grupo de mujeres de la c\u00e1rcel de valpara\u00edso que sue\u00f1an con volver a [&hellip;]<\/p>\n","protected":false},"author":1,"featured_media":17699,"comment_status":"closed","ping_status":"closed","sticky":false,"template":"","format":"standard","meta":{"_acf_changed":false,"footnotes":""},"categories":[1],"tags":[],"class_list":["post-17697","post","type-post","status-publish","format-standard","has-post-thumbnail","hentry","category-uncategorized"],"acf":[],"yoast_head":"<!-- This site is optimized with the Yoast SEO plugin v27.1.1 - https:\/\/yoast.com\/product\/yoast-seo-wordpress\/ -->\n<title>El cortometraje chileno en realidad virtual &quot;Volver a Casa: Madre VR&quot; tiene doble estreno internacional y nacional en noviembre - Valpara\u00ed\u00adso Creativo<\/title>\n<meta name=\"robots\" content=\"index, follow, max-snippet:-1, max-image-preview:large, max-video-preview:-1\" \/>\n<link rel=\"canonical\" href=\"https:\/\/dev.antudigital.cl\/sites\/vc\/el-cortometraje-chileno-en-realidad-virtual-volver-a-casa-madre-vr-tiene-doble-estreno-internacional-y-nacional-en-noviembre\/\" \/>\n<meta property=\"og:locale\" content=\"es_ES\" \/>\n<meta property=\"og:type\" content=\"article\" \/>\n<meta property=\"og:title\" content=\"El cortometraje chileno en realidad virtual &quot;Volver a Casa: Madre VR&quot; tiene doble estreno internacional y nacional en noviembre - Valpara\u00ed\u00adso Creativo\" \/>\n<meta property=\"og:description\" content=\"Idfa Doclab es el espacio donde el cortometraje Volver a Casa Madre VR ser\u00e1 visto desde el 10 de noviembre de 2023, por primera vez por un p\u00fablico internacional, el que podr\u00e1 ser testigo de la rutina, sue\u00f1os y a\u00f1oranzas de un grupo de mujeres de la c\u00e1rcel de valpara\u00edso que sue\u00f1an con volver a [&hellip;]\" \/>\n<meta property=\"og:url\" content=\"https:\/\/dev.antudigital.cl\/sites\/vc\/el-cortometraje-chileno-en-realidad-virtual-volver-a-casa-madre-vr-tiene-doble-estreno-internacional-y-nacional-en-noviembre\/\" \/>\n<meta property=\"og:site_name\" content=\"Valpara\u00ed\u00adso Creativo\" \/>\n<meta property=\"article:published_time\" content=\"2023-11-14T00:59:39+00:00\" \/>\n<meta property=\"article:modified_time\" content=\"2023-11-14T00:59:46+00:00\" \/>\n<meta property=\"og:image\" content=\"https:\/\/dev.antudigital.cl\/sites\/vc\/wp-content\/uploads\/2023\/11\/Captura-de-Pantalla-2023-11-13-a-las-19.38.31.png\" \/>\n\t<meta property=\"og:image:width\" content=\"601\" \/>\n\t<meta property=\"og:image:height\" content=\"338\" \/>\n\t<meta property=\"og:image:type\" content=\"image\/png\" \/>\n<meta name=\"author\" content=\"Valpara\u00edso Creativo\" \/>\n<meta name=\"twitter:card\" content=\"summary_large_image\" \/>\n<meta name=\"twitter:label1\" content=\"Escrito por\" \/>\n\t<meta name=\"twitter:data1\" content=\"Valpara\u00edso Creativo\" \/>\n\t<meta name=\"twitter:label2\" content=\"Tiempo de lectura\" \/>\n\t<meta name=\"twitter:data2\" content=\"5 minutos\" \/>\n<script type=\"application\/ld+json\" class=\"yoast-schema-graph\">{\"@context\":\"https:\/\/schema.org\",\"@graph\":[{\"@type\":\"Article\",\"@id\":\"https:\/\/dev.antudigital.cl\/sites\/vc\/el-cortometraje-chileno-en-realidad-virtual-volver-a-casa-madre-vr-tiene-doble-estreno-internacional-y-nacional-en-noviembre\/#article\",\"isPartOf\":{\"@id\":\"https:\/\/dev.antudigital.cl\/sites\/vc\/el-cortometraje-chileno-en-realidad-virtual-volver-a-casa-madre-vr-tiene-doble-estreno-internacional-y-nacional-en-noviembre\/\"},\"author\":{\"name\":\"Valpara\u00edso Creativo\",\"@id\":\"https:\/\/dev.antudigital.cl\/sites\/vc\/#\/schema\/person\/c2b9da8dd545e27166fc5ab232837318\"},\"headline\":\"El cortometraje chileno en realidad virtual \u00abVolver a Casa: Madre VR\u00bb tiene doble estreno internacional y nacional en noviembre\",\"datePublished\":\"2023-11-14T00:59:39+00:00\",\"dateModified\":\"2023-11-14T00:59:46+00:00\",\"mainEntityOfPage\":{\"@id\":\"https:\/\/dev.antudigital.cl\/sites\/vc\/el-cortometraje-chileno-en-realidad-virtual-volver-a-casa-madre-vr-tiene-doble-estreno-internacional-y-nacional-en-noviembre\/\"},\"wordCount\":886,\"image\":{\"@id\":\"https:\/\/dev.antudigital.cl\/sites\/vc\/el-cortometraje-chileno-en-realidad-virtual-volver-a-casa-madre-vr-tiene-doble-estreno-internacional-y-nacional-en-noviembre\/#primaryimage\"},\"thumbnailUrl\":\"https:\/\/dev.antudigital.cl\/sites\/vc\/wp-content\/uploads\/2023\/11\/Captura-de-Pantalla-2023-11-13-a-las-19.38.31.png\",\"articleSection\":[\"Uncategorized\"],\"inLanguage\":\"es\"},{\"@type\":\"WebPage\",\"@id\":\"https:\/\/dev.antudigital.cl\/sites\/vc\/el-cortometraje-chileno-en-realidad-virtual-volver-a-casa-madre-vr-tiene-doble-estreno-internacional-y-nacional-en-noviembre\/\",\"url\":\"https:\/\/dev.antudigital.cl\/sites\/vc\/el-cortometraje-chileno-en-realidad-virtual-volver-a-casa-madre-vr-tiene-doble-estreno-internacional-y-nacional-en-noviembre\/\",\"name\":\"El cortometraje chileno en realidad virtual \\\"Volver a Casa: Madre VR\\\" tiene doble estreno internacional y nacional en noviembre - Valpara\u00ed\u00adso Creativo\",\"isPartOf\":{\"@id\":\"https:\/\/dev.antudigital.cl\/sites\/vc\/#website\"},\"primaryImageOfPage\":{\"@id\":\"https:\/\/dev.antudigital.cl\/sites\/vc\/el-cortometraje-chileno-en-realidad-virtual-volver-a-casa-madre-vr-tiene-doble-estreno-internacional-y-nacional-en-noviembre\/#primaryimage\"},\"image\":{\"@id\":\"https:\/\/dev.antudigital.cl\/sites\/vc\/el-cortometraje-chileno-en-realidad-virtual-volver-a-casa-madre-vr-tiene-doble-estreno-internacional-y-nacional-en-noviembre\/#primaryimage\"},\"thumbnailUrl\":\"https:\/\/dev.antudigital.cl\/sites\/vc\/wp-content\/uploads\/2023\/11\/Captura-de-Pantalla-2023-11-13-a-las-19.38.31.png\",\"datePublished\":\"2023-11-14T00:59:39+00:00\",\"dateModified\":\"2023-11-14T00:59:46+00:00\",\"author\":{\"@id\":\"https:\/\/dev.antudigital.cl\/sites\/vc\/#\/schema\/person\/c2b9da8dd545e27166fc5ab232837318\"},\"breadcrumb\":{\"@id\":\"https:\/\/dev.antudigital.cl\/sites\/vc\/el-cortometraje-chileno-en-realidad-virtual-volver-a-casa-madre-vr-tiene-doble-estreno-internacional-y-nacional-en-noviembre\/#breadcrumb\"},\"inLanguage\":\"es\",\"potentialAction\":[{\"@type\":\"ReadAction\",\"target\":[\"https:\/\/dev.antudigital.cl\/sites\/vc\/el-cortometraje-chileno-en-realidad-virtual-volver-a-casa-madre-vr-tiene-doble-estreno-internacional-y-nacional-en-noviembre\/\"]}]},{\"@type\":\"ImageObject\",\"inLanguage\":\"es\",\"@id\":\"https:\/\/dev.antudigital.cl\/sites\/vc\/el-cortometraje-chileno-en-realidad-virtual-volver-a-casa-madre-vr-tiene-doble-estreno-internacional-y-nacional-en-noviembre\/#primaryimage\",\"url\":\"https:\/\/dev.antudigital.cl\/sites\/vc\/wp-content\/uploads\/2023\/11\/Captura-de-Pantalla-2023-11-13-a-las-19.38.31.png\",\"contentUrl\":\"https:\/\/dev.antudigital.cl\/sites\/vc\/wp-content\/uploads\/2023\/11\/Captura-de-Pantalla-2023-11-13-a-las-19.38.31.png\",\"width\":601,\"height\":338},{\"@type\":\"BreadcrumbList\",\"@id\":\"https:\/\/dev.antudigital.cl\/sites\/vc\/el-cortometraje-chileno-en-realidad-virtual-volver-a-casa-madre-vr-tiene-doble-estreno-internacional-y-nacional-en-noviembre\/#breadcrumb\",\"itemListElement\":[{\"@type\":\"ListItem\",\"position\":1,\"name\":\"Home\",\"item\":\"https:\/\/dev.antudigital.cl\/sites\/vc\/\"},{\"@type\":\"ListItem\",\"position\":2,\"name\":\"El cortometraje chileno en realidad virtual \u00abVolver a Casa: Madre VR\u00bb tiene doble estreno internacional y nacional en noviembre\"}]},{\"@type\":\"WebSite\",\"@id\":\"https:\/\/dev.antudigital.cl\/sites\/vc\/#website\",\"url\":\"https:\/\/dev.antudigital.cl\/sites\/vc\/\",\"name\":\"Valpara\u00ed\u00adso Creativo\",\"description\":\"\",\"potentialAction\":[{\"@type\":\"SearchAction\",\"target\":{\"@type\":\"EntryPoint\",\"urlTemplate\":\"https:\/\/dev.antudigital.cl\/sites\/vc\/?s={search_term_string}\"},\"query-input\":{\"@type\":\"PropertyValueSpecification\",\"valueRequired\":true,\"valueName\":\"search_term_string\"}}],\"inLanguage\":\"es\"},{\"@type\":\"Person\",\"@id\":\"https:\/\/dev.antudigital.cl\/sites\/vc\/#\/schema\/person\/c2b9da8dd545e27166fc5ab232837318\",\"name\":\"Valpara\u00edso Creativo\",\"description\":\"Periodista de cultura en la Regi\u00f3n de Valpara\u00edso.\",\"url\":\"https:\/\/dev.antudigital.cl\/sites\/vc\/author\/valpoadmin\/\"}]}<\/script>\n<!-- \/ Yoast SEO plugin. -->","yoast_head_json":{"title":"El cortometraje chileno en realidad virtual \"Volver a Casa: Madre VR\" tiene doble estreno internacional y nacional en noviembre - Valpara\u00ed\u00adso Creativo","robots":{"index":"index","follow":"follow","max-snippet":"max-snippet:-1","max-image-preview":"max-image-preview:large","max-video-preview":"max-video-preview:-1"},"canonical":"https:\/\/dev.antudigital.cl\/sites\/vc\/el-cortometraje-chileno-en-realidad-virtual-volver-a-casa-madre-vr-tiene-doble-estreno-internacional-y-nacional-en-noviembre\/","og_locale":"es_ES","og_type":"article","og_title":"El cortometraje chileno en realidad virtual \"Volver a Casa: Madre VR\" tiene doble estreno internacional y nacional en noviembre - Valpara\u00ed\u00adso Creativo","og_description":"Idfa Doclab es el espacio donde el cortometraje Volver a Casa Madre VR ser\u00e1 visto desde el 10 de noviembre de 2023, por primera vez por un p\u00fablico internacional, el que podr\u00e1 ser testigo de la rutina, sue\u00f1os y a\u00f1oranzas de un grupo de mujeres de la c\u00e1rcel de valpara\u00edso que sue\u00f1an con volver a [&hellip;]","og_url":"https:\/\/dev.antudigital.cl\/sites\/vc\/el-cortometraje-chileno-en-realidad-virtual-volver-a-casa-madre-vr-tiene-doble-estreno-internacional-y-nacional-en-noviembre\/","og_site_name":"Valpara\u00ed\u00adso Creativo","article_published_time":"2023-11-14T00:59:39+00:00","article_modified_time":"2023-11-14T00:59:46+00:00","og_image":[{"width":601,"height":338,"url":"https:\/\/dev.antudigital.cl\/sites\/vc\/wp-content\/uploads\/2023\/11\/Captura-de-Pantalla-2023-11-13-a-las-19.38.31.png","type":"image\/png"}],"author":"Valpara\u00edso Creativo","twitter_card":"summary_large_image","twitter_misc":{"Escrito por":"Valpara\u00edso Creativo","Tiempo de lectura":"5 minutos"},"schema":{"@context":"https:\/\/schema.org","@graph":[{"@type":"Article","@id":"https:\/\/dev.antudigital.cl\/sites\/vc\/el-cortometraje-chileno-en-realidad-virtual-volver-a-casa-madre-vr-tiene-doble-estreno-internacional-y-nacional-en-noviembre\/#article","isPartOf":{"@id":"https:\/\/dev.antudigital.cl\/sites\/vc\/el-cortometraje-chileno-en-realidad-virtual-volver-a-casa-madre-vr-tiene-doble-estreno-internacional-y-nacional-en-noviembre\/"},"author":{"name":"Valpara\u00edso Creativo","@id":"https:\/\/dev.antudigital.cl\/sites\/vc\/#\/schema\/person\/c2b9da8dd545e27166fc5ab232837318"},"headline":"El cortometraje chileno en realidad virtual \u00abVolver a Casa: Madre VR\u00bb tiene doble estreno internacional y nacional en noviembre","datePublished":"2023-11-14T00:59:39+00:00","dateModified":"2023-11-14T00:59:46+00:00","mainEntityOfPage":{"@id":"https:\/\/dev.antudigital.cl\/sites\/vc\/el-cortometraje-chileno-en-realidad-virtual-volver-a-casa-madre-vr-tiene-doble-estreno-internacional-y-nacional-en-noviembre\/"},"wordCount":886,"image":{"@id":"https:\/\/dev.antudigital.cl\/sites\/vc\/el-cortometraje-chileno-en-realidad-virtual-volver-a-casa-madre-vr-tiene-doble-estreno-internacional-y-nacional-en-noviembre\/#primaryimage"},"thumbnailUrl":"https:\/\/dev.antudigital.cl\/sites\/vc\/wp-content\/uploads\/2023\/11\/Captura-de-Pantalla-2023-11-13-a-las-19.38.31.png","articleSection":["Uncategorized"],"inLanguage":"es"},{"@type":"WebPage","@id":"https:\/\/dev.antudigital.cl\/sites\/vc\/el-cortometraje-chileno-en-realidad-virtual-volver-a-casa-madre-vr-tiene-doble-estreno-internacional-y-nacional-en-noviembre\/","url":"https:\/\/dev.antudigital.cl\/sites\/vc\/el-cortometraje-chileno-en-realidad-virtual-volver-a-casa-madre-vr-tiene-doble-estreno-internacional-y-nacional-en-noviembre\/","name":"El cortometraje chileno en realidad virtual \"Volver a Casa: Madre VR\" tiene doble estreno internacional y nacional en noviembre - Valpara\u00ed\u00adso Creativo","isPartOf":{"@id":"https:\/\/dev.antudigital.cl\/sites\/vc\/#website"},"primaryImageOfPage":{"@id":"https:\/\/dev.antudigital.cl\/sites\/vc\/el-cortometraje-chileno-en-realidad-virtual-volver-a-casa-madre-vr-tiene-doble-estreno-internacional-y-nacional-en-noviembre\/#primaryimage"},"image":{"@id":"https:\/\/dev.antudigital.cl\/sites\/vc\/el-cortometraje-chileno-en-realidad-virtual-volver-a-casa-madre-vr-tiene-doble-estreno-internacional-y-nacional-en-noviembre\/#primaryimage"},"thumbnailUrl":"https:\/\/dev.antudigital.cl\/sites\/vc\/wp-content\/uploads\/2023\/11\/Captura-de-Pantalla-2023-11-13-a-las-19.38.31.png","datePublished":"2023-11-14T00:59:39+00:00","dateModified":"2023-11-14T00:59:46+00:00","author":{"@id":"https:\/\/dev.antudigital.cl\/sites\/vc\/#\/schema\/person\/c2b9da8dd545e27166fc5ab232837318"},"breadcrumb":{"@id":"https:\/\/dev.antudigital.cl\/sites\/vc\/el-cortometraje-chileno-en-realidad-virtual-volver-a-casa-madre-vr-tiene-doble-estreno-internacional-y-nacional-en-noviembre\/#breadcrumb"},"inLanguage":"es","potentialAction":[{"@type":"ReadAction","target":["https:\/\/dev.antudigital.cl\/sites\/vc\/el-cortometraje-chileno-en-realidad-virtual-volver-a-casa-madre-vr-tiene-doble-estreno-internacional-y-nacional-en-noviembre\/"]}]},{"@type":"ImageObject","inLanguage":"es","@id":"https:\/\/dev.antudigital.cl\/sites\/vc\/el-cortometraje-chileno-en-realidad-virtual-volver-a-casa-madre-vr-tiene-doble-estreno-internacional-y-nacional-en-noviembre\/#primaryimage","url":"https:\/\/dev.antudigital.cl\/sites\/vc\/wp-content\/uploads\/2023\/11\/Captura-de-Pantalla-2023-11-13-a-las-19.38.31.png","contentUrl":"https:\/\/dev.antudigital.cl\/sites\/vc\/wp-content\/uploads\/2023\/11\/Captura-de-Pantalla-2023-11-13-a-las-19.38.31.png","width":601,"height":338},{"@type":"BreadcrumbList","@id":"https:\/\/dev.antudigital.cl\/sites\/vc\/el-cortometraje-chileno-en-realidad-virtual-volver-a-casa-madre-vr-tiene-doble-estreno-internacional-y-nacional-en-noviembre\/#breadcrumb","itemListElement":[{"@type":"ListItem","position":1,"name":"Home","item":"https:\/\/dev.antudigital.cl\/sites\/vc\/"},{"@type":"ListItem","position":2,"name":"El cortometraje chileno en realidad virtual \u00abVolver a Casa: Madre VR\u00bb tiene doble estreno internacional y nacional en noviembre"}]},{"@type":"WebSite","@id":"https:\/\/dev.antudigital.cl\/sites\/vc\/#website","url":"https:\/\/dev.antudigital.cl\/sites\/vc\/","name":"Valpara\u00ed\u00adso Creativo","description":"","potentialAction":[{"@type":"SearchAction","target":{"@type":"EntryPoint","urlTemplate":"https:\/\/dev.antudigital.cl\/sites\/vc\/?s={search_term_string}"},"query-input":{"@type":"PropertyValueSpecification","valueRequired":true,"valueName":"search_term_string"}}],"inLanguage":"es"},{"@type":"Person","@id":"https:\/\/dev.antudigital.cl\/sites\/vc\/#\/schema\/person\/c2b9da8dd545e27166fc5ab232837318","name":"Valpara\u00edso Creativo","description":"Periodista de cultura en la Regi\u00f3n de Valpara\u00edso.","url":"https:\/\/dev.antudigital.cl\/sites\/vc\/author\/valpoadmin\/"}]}},"_links":{"self":[{"href":"https:\/\/dev.antudigital.cl\/sites\/vc\/wp-json\/wp\/v2\/posts\/17697","targetHints":{"allow":["GET"]}}],"collection":[{"href":"https:\/\/dev.antudigital.cl\/sites\/vc\/wp-json\/wp\/v2\/posts"}],"about":[{"href":"https:\/\/dev.antudigital.cl\/sites\/vc\/wp-json\/wp\/v2\/types\/post"}],"author":[{"embeddable":true,"href":"https:\/\/dev.antudigital.cl\/sites\/vc\/wp-json\/wp\/v2\/users\/1"}],"replies":[{"embeddable":true,"href":"https:\/\/dev.antudigital.cl\/sites\/vc\/wp-json\/wp\/v2\/comments?post=17697"}],"version-history":[{"count":2,"href":"https:\/\/dev.antudigital.cl\/sites\/vc\/wp-json\/wp\/v2\/posts\/17697\/revisions"}],"predecessor-version":[{"id":17708,"href":"https:\/\/dev.antudigital.cl\/sites\/vc\/wp-json\/wp\/v2\/posts\/17697\/revisions\/17708"}],"wp:featuredmedia":[{"embeddable":true,"href":"https:\/\/dev.antudigital.cl\/sites\/vc\/wp-json\/wp\/v2\/media\/17699"}],"wp:attachment":[{"href":"https:\/\/dev.antudigital.cl\/sites\/vc\/wp-json\/wp\/v2\/media?parent=17697"}],"wp:term":[{"taxonomy":"category","embeddable":true,"href":"https:\/\/dev.antudigital.cl\/sites\/vc\/wp-json\/wp\/v2\/categories?post=17697"},{"taxonomy":"post_tag","embeddable":true,"href":"https:\/\/dev.antudigital.cl\/sites\/vc\/wp-json\/wp\/v2\/tags?post=17697"}],"curies":[{"name":"wp","href":"https:\/\/api.w.org\/{rel}","templated":true}]}}