{"id":17703,"date":"2023-11-14T00:58:32","date_gmt":"2023-11-14T00:58:32","guid":{"rendered":"https:\/\/www.valparaisocreativo.cl\/?p=17703"},"modified":"2023-11-14T00:58:39","modified_gmt":"2023-11-14T00:58:39","slug":"18-encuentro-de-emprendimiento-e-innovacion-crcp","status":"publish","type":"post","link":"https:\/\/dev.antudigital.cl\/sites\/vc\/18-encuentro-de-emprendimiento-e-innovacion-crcp\/","title":{"rendered":"18 Encuentro de Emprendimiento e Innovaci\u00f3n CRCP"},"content":{"rendered":"\n<p>La C\u00e1mara Regional del Comercio Valpara\u00edso te invita a participar del 18 Encuentro de Emprendimiento e\u00a0<em>Innovaci\u00f3n.\u00a0<\/em>El evento contar\u00e1 con\u00a0expositores que abordar\u00e1n \u00a0los desaf\u00edos para<br>hacer de Valpara\u00edso una regi\u00f3n m\u00e1s innovadora y<br>emprendedora.<br>Mi\u00e9rcoles 06 de diciembre<br>09:00 horas<br>Enjoy Vi\u00f1a del Mar<br>Inscr\u00edbete aqu\u00ed; <a href=\"https:\/\/bit.ly\/47kG801\">https:\/\/bit.ly\/47kG801<\/a><\/p>\n\n\n\n<figure class=\"wp-block-image size-full\"><img fetchpriority=\"high\" decoding=\"async\" width=\"768\" height=\"761\" src=\"https:\/\/www.valparaisocreativo.cl\/wp-content\/uploads\/2023\/11\/F6CCF2E3-DE8C-40A3-AD34-9E4FBBC34EF6-768x761-1.jpeg\" alt=\"\" class=\"wp-image-17705\" srcset=\"https:\/\/dev.antudigital.cl\/sites\/vc\/wp-content\/uploads\/2023\/11\/F6CCF2E3-DE8C-40A3-AD34-9E4FBBC34EF6-768x761-1.jpeg 768w, https:\/\/dev.antudigital.cl\/sites\/vc\/wp-content\/uploads\/2023\/11\/F6CCF2E3-DE8C-40A3-AD34-9E4FBBC34EF6-768x761-1-300x297.jpeg 300w, https:\/\/dev.antudigital.cl\/sites\/vc\/wp-content\/uploads\/2023\/11\/F6CCF2E3-DE8C-40A3-AD34-9E4FBBC34EF6-768x761-1-150x150.jpeg 150w, https:\/\/dev.antudigital.cl\/sites\/vc\/wp-content\/uploads\/2023\/11\/F6CCF2E3-DE8C-40A3-AD34-9E4FBBC34EF6-768x761-1-480x476.jpeg 480w, https:\/\/dev.antudigital.cl\/sites\/vc\/wp-content\/uploads\/2023\/11\/F6CCF2E3-DE8C-40A3-AD34-9E4FBBC34EF6-768x761-1-24x24.jpeg 24w, https:\/\/dev.antudigital.cl\/sites\/vc\/wp-content\/uploads\/2023\/11\/F6CCF2E3-DE8C-40A3-AD34-9E4FBBC34EF6-768x761-1-36x36.jpeg 36w, https:\/\/dev.antudigital.cl\/sites\/vc\/wp-content\/uploads\/2023\/11\/F6CCF2E3-DE8C-40A3-AD34-9E4FBBC34EF6-768x761-1-48x48.jpeg 48w\" sizes=\"(max-width: 768px) 100vw, 768px\" \/><\/figure>\n","protected":false},"excerpt":{"rendered":"<p>La C\u00e1mara Regional del Comercio Valpara\u00edso te invita a participar del 18 Encuentro de Emprendimiento e\u00a0Innovaci\u00f3n.\u00a0El evento contar\u00e1 con\u00a0expositores que abordar\u00e1n \u00a0los desaf\u00edos parahacer de Valpara\u00edso una regi\u00f3n m\u00e1s innovadora yemprendedora.Mi\u00e9rcoles 06 de diciembre09:00 horasEnjoy Vi\u00f1a del MarInscr\u00edbete aqu\u00ed; https:\/\/bit.ly\/47kG801<\/p>\n","protected":false},"author":1,"featured_media":17704,"comment_status":"closed","ping_status":"closed","sticky":false,"template":"","format":"standard","meta":{"_acf_changed":false,"footnotes":""},"categories":[1],"tags":[],"class_list":["post-17703","post","type-post","status-publish","format-standard","has-post-thumbnail","hentry","category-uncategorized"],"acf":[],"yoast_head":"<!-- This site is optimized with the Yoast SEO plugin v27.1.1 - https:\/\/yoast.com\/product\/yoast-seo-wordpress\/ -->\n<title>18 Encuentro de Emprendimiento e Innovaci\u00f3n CRCP - Valpara\u00ed\u00adso Creativo<\/title>\n<meta name=\"robots\" content=\"index, follow, max-snippet:-1, max-image-preview:large, max-video-preview:-1\" \/>\n<link rel=\"canonical\" href=\"https:\/\/dev.antudigital.cl\/sites\/vc\/18-encuentro-de-emprendimiento-e-innovacion-crcp\/\" \/>\n<meta property=\"og:locale\" content=\"es_ES\" \/>\n<meta property=\"og:type\" content=\"article\" \/>\n<meta property=\"og:title\" content=\"18 Encuentro de Emprendimiento e Innovaci\u00f3n CRCP - Valpara\u00ed\u00adso Creativo\" \/>\n<meta property=\"og:description\" content=\"La C\u00e1mara Regional del Comercio Valpara\u00edso te invita a participar del 18 Encuentro de Emprendimiento e\u00a0Innovaci\u00f3n.\u00a0El evento contar\u00e1 con\u00a0expositores que abordar\u00e1n \u00a0los desaf\u00edos parahacer de Valpara\u00edso una regi\u00f3n m\u00e1s innovadora yemprendedora.Mi\u00e9rcoles 06 de diciembre09:00 horasEnjoy Vi\u00f1a del MarInscr\u00edbete aqu\u00ed; https:\/\/bit.ly\/47kG801\" \/>\n<meta property=\"og:url\" content=\"https:\/\/dev.antudigital.cl\/sites\/vc\/18-encuentro-de-emprendimiento-e-innovacion-crcp\/\" \/>\n<meta property=\"og:site_name\" content=\"Valpara\u00ed\u00adso Creativo\" \/>\n<meta property=\"article:published_time\" content=\"2023-11-14T00:58:32+00:00\" \/>\n<meta property=\"article:modified_time\" content=\"2023-11-14T00:58:39+00:00\" \/>\n<meta property=\"og:image\" content=\"https:\/\/dev.antudigital.cl\/sites\/vc\/wp-content\/uploads\/2023\/11\/Captura-de-Pantalla-2023-11-13-a-las-21.51.07.png\" \/>\n\t<meta property=\"og:image:width\" content=\"567\" \/>\n\t<meta property=\"og:image:height\" content=\"366\" \/>\n\t<meta property=\"og:image:type\" content=\"image\/png\" \/>\n<meta name=\"author\" content=\"Valpara\u00edso Creativo\" \/>\n<meta name=\"twitter:card\" content=\"summary_large_image\" \/>\n<meta name=\"twitter:label1\" content=\"Escrito por\" \/>\n\t<meta name=\"twitter:data1\" content=\"Valpara\u00edso Creativo\" \/>\n\t<meta name=\"twitter:label2\" content=\"Tiempo de lectura\" \/>\n\t<meta name=\"twitter:data2\" content=\"1 minuto\" \/>\n<script type=\"application\/ld+json\" class=\"yoast-schema-graph\">{\"@context\":\"https:\/\/schema.org\",\"@graph\":[{\"@type\":\"Article\",\"@id\":\"https:\/\/dev.antudigital.cl\/sites\/vc\/18-encuentro-de-emprendimiento-e-innovacion-crcp\/#article\",\"isPartOf\":{\"@id\":\"https:\/\/dev.antudigital.cl\/sites\/vc\/18-encuentro-de-emprendimiento-e-innovacion-crcp\/\"},\"author\":{\"name\":\"Valpara\u00edso Creativo\",\"@id\":\"https:\/\/dev.antudigital.cl\/sites\/vc\/#\/schema\/person\/c2b9da8dd545e27166fc5ab232837318\"},\"headline\":\"18 Encuentro de Emprendimiento e Innovaci\u00f3n CRCP\",\"datePublished\":\"2023-11-14T00:58:32+00:00\",\"dateModified\":\"2023-11-14T00:58:39+00:00\",\"mainEntityOfPage\":{\"@id\":\"https:\/\/dev.antudigital.cl\/sites\/vc\/18-encuentro-de-emprendimiento-e-innovacion-crcp\/\"},\"wordCount\":63,\"image\":{\"@id\":\"https:\/\/dev.antudigital.cl\/sites\/vc\/18-encuentro-de-emprendimiento-e-innovacion-crcp\/#primaryimage\"},\"thumbnailUrl\":\"https:\/\/dev.antudigital.cl\/sites\/vc\/wp-content\/uploads\/2023\/11\/Captura-de-Pantalla-2023-11-13-a-las-21.51.07.png\",\"articleSection\":[\"Uncategorized\"],\"inLanguage\":\"es\"},{\"@type\":\"WebPage\",\"@id\":\"https:\/\/dev.antudigital.cl\/sites\/vc\/18-encuentro-de-emprendimiento-e-innovacion-crcp\/\",\"url\":\"https:\/\/dev.antudigital.cl\/sites\/vc\/18-encuentro-de-emprendimiento-e-innovacion-crcp\/\",\"name\":\"18 Encuentro de Emprendimiento e Innovaci\u00f3n CRCP - Valpara\u00ed\u00adso Creativo\",\"isPartOf\":{\"@id\":\"https:\/\/dev.antudigital.cl\/sites\/vc\/#website\"},\"primaryImageOfPage\":{\"@id\":\"https:\/\/dev.antudigital.cl\/sites\/vc\/18-encuentro-de-emprendimiento-e-innovacion-crcp\/#primaryimage\"},\"image\":{\"@id\":\"https:\/\/dev.antudigital.cl\/sites\/vc\/18-encuentro-de-emprendimiento-e-innovacion-crcp\/#primaryimage\"},\"thumbnailUrl\":\"https:\/\/dev.antudigital.cl\/sites\/vc\/wp-content\/uploads\/2023\/11\/Captura-de-Pantalla-2023-11-13-a-las-21.51.07.png\",\"datePublished\":\"2023-11-14T00:58:32+00:00\",\"dateModified\":\"2023-11-14T00:58:39+00:00\",\"author\":{\"@id\":\"https:\/\/dev.antudigital.cl\/sites\/vc\/#\/schema\/person\/c2b9da8dd545e27166fc5ab232837318\"},\"breadcrumb\":{\"@id\":\"https:\/\/dev.antudigital.cl\/sites\/vc\/18-encuentro-de-emprendimiento-e-innovacion-crcp\/#breadcrumb\"},\"inLanguage\":\"es\",\"potentialAction\":[{\"@type\":\"ReadAction\",\"target\":[\"https:\/\/dev.antudigital.cl\/sites\/vc\/18-encuentro-de-emprendimiento-e-innovacion-crcp\/\"]}]},{\"@type\":\"ImageObject\",\"inLanguage\":\"es\",\"@id\":\"https:\/\/dev.antudigital.cl\/sites\/vc\/18-encuentro-de-emprendimiento-e-innovacion-crcp\/#primaryimage\",\"url\":\"https:\/\/dev.antudigital.cl\/sites\/vc\/wp-content\/uploads\/2023\/11\/Captura-de-Pantalla-2023-11-13-a-las-21.51.07.png\",\"contentUrl\":\"https:\/\/dev.antudigital.cl\/sites\/vc\/wp-content\/uploads\/2023\/11\/Captura-de-Pantalla-2023-11-13-a-las-21.51.07.png\",\"width\":567,\"height\":366},{\"@type\":\"BreadcrumbList\",\"@id\":\"https:\/\/dev.antudigital.cl\/sites\/vc\/18-encuentro-de-emprendimiento-e-innovacion-crcp\/#breadcrumb\",\"itemListElement\":[{\"@type\":\"ListItem\",\"position\":1,\"name\":\"Home\",\"item\":\"https:\/\/dev.antudigital.cl\/sites\/vc\/\"},{\"@type\":\"ListItem\",\"position\":2,\"name\":\"18 Encuentro de Emprendimiento e Innovaci\u00f3n CRCP\"}]},{\"@type\":\"WebSite\",\"@id\":\"https:\/\/dev.antudigital.cl\/sites\/vc\/#website\",\"url\":\"https:\/\/dev.antudigital.cl\/sites\/vc\/\",\"name\":\"Valpara\u00ed\u00adso Creativo\",\"description\":\"\",\"potentialAction\":[{\"@type\":\"SearchAction\",\"target\":{\"@type\":\"EntryPoint\",\"urlTemplate\":\"https:\/\/dev.antudigital.cl\/sites\/vc\/?s={search_term_string}\"},\"query-input\":{\"@type\":\"PropertyValueSpecification\",\"valueRequired\":true,\"valueName\":\"search_term_string\"}}],\"inLanguage\":\"es\"},{\"@type\":\"Person\",\"@id\":\"https:\/\/dev.antudigital.cl\/sites\/vc\/#\/schema\/person\/c2b9da8dd545e27166fc5ab232837318\",\"name\":\"Valpara\u00edso Creativo\",\"description\":\"Periodista de cultura en la Regi\u00f3n de Valpara\u00edso.\",\"url\":\"https:\/\/dev.antudigital.cl\/sites\/vc\/author\/valpoadmin\/\"}]}<\/script>\n<!-- \/ Yoast SEO plugin. -->","yoast_head_json":{"title":"18 Encuentro de Emprendimiento e Innovaci\u00f3n CRCP - Valpara\u00ed\u00adso Creativo","robots":{"index":"index","follow":"follow","max-snippet":"max-snippet:-1","max-image-preview":"max-image-preview:large","max-video-preview":"max-video-preview:-1"},"canonical":"https:\/\/dev.antudigital.cl\/sites\/vc\/18-encuentro-de-emprendimiento-e-innovacion-crcp\/","og_locale":"es_ES","og_type":"article","og_title":"18 Encuentro de Emprendimiento e Innovaci\u00f3n CRCP - Valpara\u00ed\u00adso Creativo","og_description":"La C\u00e1mara Regional del Comercio Valpara\u00edso te invita a participar del 18 Encuentro de Emprendimiento e\u00a0Innovaci\u00f3n.\u00a0El evento contar\u00e1 con\u00a0expositores que abordar\u00e1n \u00a0los desaf\u00edos parahacer de Valpara\u00edso una regi\u00f3n m\u00e1s innovadora yemprendedora.Mi\u00e9rcoles 06 de diciembre09:00 horasEnjoy Vi\u00f1a del MarInscr\u00edbete aqu\u00ed; https:\/\/bit.ly\/47kG801","og_url":"https:\/\/dev.antudigital.cl\/sites\/vc\/18-encuentro-de-emprendimiento-e-innovacion-crcp\/","og_site_name":"Valpara\u00ed\u00adso Creativo","article_published_time":"2023-11-14T00:58:32+00:00","article_modified_time":"2023-11-14T00:58:39+00:00","og_image":[{"width":567,"height":366,"url":"https:\/\/dev.antudigital.cl\/sites\/vc\/wp-content\/uploads\/2023\/11\/Captura-de-Pantalla-2023-11-13-a-las-21.51.07.png","type":"image\/png"}],"author":"Valpara\u00edso Creativo","twitter_card":"summary_large_image","twitter_misc":{"Escrito por":"Valpara\u00edso Creativo","Tiempo de lectura":"1 minuto"},"schema":{"@context":"https:\/\/schema.org","@graph":[{"@type":"Article","@id":"https:\/\/dev.antudigital.cl\/sites\/vc\/18-encuentro-de-emprendimiento-e-innovacion-crcp\/#article","isPartOf":{"@id":"https:\/\/dev.antudigital.cl\/sites\/vc\/18-encuentro-de-emprendimiento-e-innovacion-crcp\/"},"author":{"name":"Valpara\u00edso Creativo","@id":"https:\/\/dev.antudigital.cl\/sites\/vc\/#\/schema\/person\/c2b9da8dd545e27166fc5ab232837318"},"headline":"18 Encuentro de Emprendimiento e Innovaci\u00f3n CRCP","datePublished":"2023-11-14T00:58:32+00:00","dateModified":"2023-11-14T00:58:39+00:00","mainEntityOfPage":{"@id":"https:\/\/dev.antudigital.cl\/sites\/vc\/18-encuentro-de-emprendimiento-e-innovacion-crcp\/"},"wordCount":63,"image":{"@id":"https:\/\/dev.antudigital.cl\/sites\/vc\/18-encuentro-de-emprendimiento-e-innovacion-crcp\/#primaryimage"},"thumbnailUrl":"https:\/\/dev.antudigital.cl\/sites\/vc\/wp-content\/uploads\/2023\/11\/Captura-de-Pantalla-2023-11-13-a-las-21.51.07.png","articleSection":["Uncategorized"],"inLanguage":"es"},{"@type":"WebPage","@id":"https:\/\/dev.antudigital.cl\/sites\/vc\/18-encuentro-de-emprendimiento-e-innovacion-crcp\/","url":"https:\/\/dev.antudigital.cl\/sites\/vc\/18-encuentro-de-emprendimiento-e-innovacion-crcp\/","name":"18 Encuentro de Emprendimiento e Innovaci\u00f3n CRCP - Valpara\u00ed\u00adso Creativo","isPartOf":{"@id":"https:\/\/dev.antudigital.cl\/sites\/vc\/#website"},"primaryImageOfPage":{"@id":"https:\/\/dev.antudigital.cl\/sites\/vc\/18-encuentro-de-emprendimiento-e-innovacion-crcp\/#primaryimage"},"image":{"@id":"https:\/\/dev.antudigital.cl\/sites\/vc\/18-encuentro-de-emprendimiento-e-innovacion-crcp\/#primaryimage"},"thumbnailUrl":"https:\/\/dev.antudigital.cl\/sites\/vc\/wp-content\/uploads\/2023\/11\/Captura-de-Pantalla-2023-11-13-a-las-21.51.07.png","datePublished":"2023-11-14T00:58:32+00:00","dateModified":"2023-11-14T00:58:39+00:00","author":{"@id":"https:\/\/dev.antudigital.cl\/sites\/vc\/#\/schema\/person\/c2b9da8dd545e27166fc5ab232837318"},"breadcrumb":{"@id":"https:\/\/dev.antudigital.cl\/sites\/vc\/18-encuentro-de-emprendimiento-e-innovacion-crcp\/#breadcrumb"},"inLanguage":"es","potentialAction":[{"@type":"ReadAction","target":["https:\/\/dev.antudigital.cl\/sites\/vc\/18-encuentro-de-emprendimiento-e-innovacion-crcp\/"]}]},{"@type":"ImageObject","inLanguage":"es","@id":"https:\/\/dev.antudigital.cl\/sites\/vc\/18-encuentro-de-emprendimiento-e-innovacion-crcp\/#primaryimage","url":"https:\/\/dev.antudigital.cl\/sites\/vc\/wp-content\/uploads\/2023\/11\/Captura-de-Pantalla-2023-11-13-a-las-21.51.07.png","contentUrl":"https:\/\/dev.antudigital.cl\/sites\/vc\/wp-content\/uploads\/2023\/11\/Captura-de-Pantalla-2023-11-13-a-las-21.51.07.png","width":567,"height":366},{"@type":"BreadcrumbList","@id":"https:\/\/dev.antudigital.cl\/sites\/vc\/18-encuentro-de-emprendimiento-e-innovacion-crcp\/#breadcrumb","itemListElement":[{"@type":"ListItem","position":1,"name":"Home","item":"https:\/\/dev.antudigital.cl\/sites\/vc\/"},{"@type":"ListItem","position":2,"name":"18 Encuentro de Emprendimiento e Innovaci\u00f3n CRCP"}]},{"@type":"WebSite","@id":"https:\/\/dev.antudigital.cl\/sites\/vc\/#website","url":"https:\/\/dev.antudigital.cl\/sites\/vc\/","name":"Valpara\u00ed\u00adso Creativo","description":"","potentialAction":[{"@type":"SearchAction","target":{"@type":"EntryPoint","urlTemplate":"https:\/\/dev.antudigital.cl\/sites\/vc\/?s={search_term_string}"},"query-input":{"@type":"PropertyValueSpecification","valueRequired":true,"valueName":"search_term_string"}}],"inLanguage":"es"},{"@type":"Person","@id":"https:\/\/dev.antudigital.cl\/sites\/vc\/#\/schema\/person\/c2b9da8dd545e27166fc5ab232837318","name":"Valpara\u00edso Creativo","description":"Periodista de cultura en la Regi\u00f3n de Valpara\u00edso.","url":"https:\/\/dev.antudigital.cl\/sites\/vc\/author\/valpoadmin\/"}]}},"_links":{"self":[{"href":"https:\/\/dev.antudigital.cl\/sites\/vc\/wp-json\/wp\/v2\/posts\/17703","targetHints":{"allow":["GET"]}}],"collection":[{"href":"https:\/\/dev.antudigital.cl\/sites\/vc\/wp-json\/wp\/v2\/posts"}],"about":[{"href":"https:\/\/dev.antudigital.cl\/sites\/vc\/wp-json\/wp\/v2\/types\/post"}],"author":[{"embeddable":true,"href":"https:\/\/dev.antudigital.cl\/sites\/vc\/wp-json\/wp\/v2\/users\/1"}],"replies":[{"embeddable":true,"href":"https:\/\/dev.antudigital.cl\/sites\/vc\/wp-json\/wp\/v2\/comments?post=17703"}],"version-history":[{"count":1,"href":"https:\/\/dev.antudigital.cl\/sites\/vc\/wp-json\/wp\/v2\/posts\/17703\/revisions"}],"predecessor-version":[{"id":17706,"href":"https:\/\/dev.antudigital.cl\/sites\/vc\/wp-json\/wp\/v2\/posts\/17703\/revisions\/17706"}],"wp:featuredmedia":[{"embeddable":true,"href":"https:\/\/dev.antudigital.cl\/sites\/vc\/wp-json\/wp\/v2\/media\/17704"}],"wp:attachment":[{"href":"https:\/\/dev.antudigital.cl\/sites\/vc\/wp-json\/wp\/v2\/media?parent=17703"}],"wp:term":[{"taxonomy":"category","embeddable":true,"href":"https:\/\/dev.antudigital.cl\/sites\/vc\/wp-json\/wp\/v2\/categories?post=17703"},{"taxonomy":"post_tag","embeddable":true,"href":"https:\/\/dev.antudigital.cl\/sites\/vc\/wp-json\/wp\/v2\/tags?post=17703"}],"curies":[{"name":"wp","href":"https:\/\/api.w.org\/{rel}","templated":true}]}}