{"id":17712,"date":"2023-11-14T02:50:22","date_gmt":"2023-11-14T02:50:22","guid":{"rendered":"https:\/\/www.valparaisocreativo.cl\/?p=17712"},"modified":"2023-11-14T03:01:18","modified_gmt":"2023-11-14T03:01:18","slug":"vestir-con-sentido-aka-costura","status":"publish","type":"post","link":"https:\/\/dev.antudigital.cl\/sites\/vc\/vestir-con-sentido-aka-costura\/","title":{"rendered":"Vestir con sentido: AKA Costura"},"content":{"rendered":"\n<p><a href=\"https:\/\/www.instagram.com\/akacostura\/\">AKA Costura<\/a> es Francisca Pinto, quien en el pasado octubre estren\u00f3 su nueva colecci\u00f3n <em>Descubre tu poder <\/em>en Pasarela Valpara\u00edso, una de las propuestas que expusieron en torno a la premisa de la sostenibilidad y la reducci\u00f3n de huella de carbono y desechos. \u00bfDe qu\u00e9 estamos hablando? De reutilizaci\u00f3n textil.<\/p>\n\n\n\n<p>Lo que hacen en AKA Costura es tomar otros materiales: pu\u00f1os, bordes, bolsillos, cuellos y m\u00e1s, para transformarlos junto a otros restos en una nueva prenda original que es contenedora de historias, de relatos. Un proyecto de dise\u00f1o de autor que lleva Francisca de manera independiente, quien se adjudic\u00f3 el a\u00f1o pasado (2022) un fondo <strong>PAR IMPULSA Industrias Creativas<\/strong> de Corfo.<\/p>\n\n\n\n<p>La idea es promover este tipo de vestuario como un estilo de vida y como una herramienta de poder para la gente. Si tienes las herramientas y los materiales, t\u00fa tambi\u00e9n puedes atreverte y probar, es su premisa. <\/p>\n\n\n\n<p>Hoy compartimos su entrevista acerca de sus inicios, sus motivaciones y la actual colecci\u00f3n que contin\u00faa dise\u00f1ando.<\/p>\n\n\n\n<p><em>Por: Valentinne Rudolphy<\/em><\/p>\n\n\n\n<figure class=\"wp-block-image size-large\"><img fetchpriority=\"high\" decoding=\"async\" width=\"1024\" height=\"930\" src=\"https:\/\/www.valparaisocreativo.cl\/wp-content\/uploads\/2023\/11\/RETRATO-FOTOGRAFO-NICOLAS-STARK2-1024x930.jpg\" alt=\"\" class=\"wp-image-17713\" srcset=\"https:\/\/dev.antudigital.cl\/sites\/vc\/wp-content\/uploads\/2023\/11\/RETRATO-FOTOGRAFO-NICOLAS-STARK2-1024x930.jpg 1024w, https:\/\/dev.antudigital.cl\/sites\/vc\/wp-content\/uploads\/2023\/11\/RETRATO-FOTOGRAFO-NICOLAS-STARK2-300x272.jpg 300w, https:\/\/dev.antudigital.cl\/sites\/vc\/wp-content\/uploads\/2023\/11\/RETRATO-FOTOGRAFO-NICOLAS-STARK2-768x697.jpg 768w, https:\/\/dev.antudigital.cl\/sites\/vc\/wp-content\/uploads\/2023\/11\/RETRATO-FOTOGRAFO-NICOLAS-STARK2-980x890.jpg 980w, https:\/\/dev.antudigital.cl\/sites\/vc\/wp-content\/uploads\/2023\/11\/RETRATO-FOTOGRAFO-NICOLAS-STARK2-480x436.jpg 480w, https:\/\/dev.antudigital.cl\/sites\/vc\/wp-content\/uploads\/2023\/11\/RETRATO-FOTOGRAFO-NICOLAS-STARK2-24x22.jpg 24w, https:\/\/dev.antudigital.cl\/sites\/vc\/wp-content\/uploads\/2023\/11\/RETRATO-FOTOGRAFO-NICOLAS-STARK2-36x33.jpg 36w, https:\/\/dev.antudigital.cl\/sites\/vc\/wp-content\/uploads\/2023\/11\/RETRATO-FOTOGRAFO-NICOLAS-STARK2-48x44.jpg 48w, https:\/\/dev.antudigital.cl\/sites\/vc\/wp-content\/uploads\/2023\/11\/RETRATO-FOTOGRAFO-NICOLAS-STARK2.jpg 1066w\" sizes=\"(max-width: 1024px) 100vw, 1024px\" \/><\/figure>\n\n\n\n<p><strong>\u00bfC\u00f3mo nace AKA Costura?<\/strong><\/p>\n\n\n\n<p>-El proyecto nace en el 2011 como iniciativa para generar vestuario a partir de prendas en reutilizaci\u00f3n y de ah\u00ed ya fue mutando, parti\u00f3 cuando yo estaba estudiando. Ha ido madurando a lo que es hoy en d\u00eda. Comenc\u00e9 reutilizando materiales y generando prendas a partir de eso, ahora hay colecciones de moda, piezas textiles y me he ido ampliando a otro tipo de instalaciones, a hacer talleres o vestuario esc\u00e9nico tambi\u00e9n.<\/p>\n\n\n\n<p>Todo parte por una inquietud, ya que el acceso al material es complejo. En Chile las f\u00e1bricas textiles que eran de buena calidad, cerraron. A veces se puede acceder a esos materiales, pero sino son de no tan buena calidad. No me gustaba que fuera lo mismo de siempre adem\u00e1s. Al reutilizar materiales, puedes usar recursos que ya existen como un bolsillo, un pu\u00f1o, un cuello. Ese insumo ya se hizo y hubo una energ\u00eda invertida ah\u00ed, por lo que est\u00e1 bueno no descartar. As\u00ed le he ido dando atributos a las prendas para que sean entretenidas, novedosas, podemos a trav\u00e9s de la sastrer\u00eda incorporar material y que sea una pieza s\u00faper valiosa tambi\u00e9n.<\/p>\n\n\n\n<p><strong>\u00bfLo llevas sola o con otras personas?<\/strong><\/p>\n\n\n\n<p>-El proyecto siempre ha sido personal, pero claramente te vas abriendo a las colaboraciones, al vincularse con otres, nos expandimos y crecemos de cierta forma. Entonces colaboro en fotograf\u00edas, videos, fiestas, ah\u00ed uno va prestando, a veces arrendando, a veces vendiendo y ah\u00ed se va armando una red. Adem\u00e1s de lo individual participo en el Colectivo Resistir, donde generamos workshops, vestuario, instalaciones, colecciones de moda. Siento que es muy valiosa la colaboraci\u00f3n para expandirse.<\/p>\n\n\n\n<figure class=\"wp-block-image size-large\"><img decoding=\"async\" width=\"683\" height=\"1024\" src=\"https:\/\/www.valparaisocreativo.cl\/wp-content\/uploads\/2023\/11\/IMG_5583-683x1024.jpg\" alt=\"\" class=\"wp-image-17718\" srcset=\"https:\/\/dev.antudigital.cl\/sites\/vc\/wp-content\/uploads\/2023\/11\/IMG_5583-683x1024.jpg 683w, https:\/\/dev.antudigital.cl\/sites\/vc\/wp-content\/uploads\/2023\/11\/IMG_5583-200x300.jpg 200w, https:\/\/dev.antudigital.cl\/sites\/vc\/wp-content\/uploads\/2023\/11\/IMG_5583-768x1152.jpg 768w, https:\/\/dev.antudigital.cl\/sites\/vc\/wp-content\/uploads\/2023\/11\/IMG_5583-1024x1536.jpg 1024w, https:\/\/dev.antudigital.cl\/sites\/vc\/wp-content\/uploads\/2023\/11\/IMG_5583-1365x2048.jpg 1365w, https:\/\/dev.antudigital.cl\/sites\/vc\/wp-content\/uploads\/2023\/11\/IMG_5583-1080x1620.jpg 1080w, https:\/\/dev.antudigital.cl\/sites\/vc\/wp-content\/uploads\/2023\/11\/IMG_5583-1280x1920.jpg 1280w, https:\/\/dev.antudigital.cl\/sites\/vc\/wp-content\/uploads\/2023\/11\/IMG_5583-980x1470.jpg 980w, https:\/\/dev.antudigital.cl\/sites\/vc\/wp-content\/uploads\/2023\/11\/IMG_5583-480x720.jpg 480w, https:\/\/dev.antudigital.cl\/sites\/vc\/wp-content\/uploads\/2023\/11\/IMG_5583-16x24.jpg 16w, https:\/\/dev.antudigital.cl\/sites\/vc\/wp-content\/uploads\/2023\/11\/IMG_5583-24x36.jpg 24w, https:\/\/dev.antudigital.cl\/sites\/vc\/wp-content\/uploads\/2023\/11\/IMG_5583-32x48.jpg 32w, https:\/\/dev.antudigital.cl\/sites\/vc\/wp-content\/uploads\/2023\/11\/IMG_5583-scaled.jpg 1707w\" sizes=\"(max-width: 683px) 100vw, 683px\" \/><\/figure>\n\n\n\n<p><strong>\u00bfC\u00f3mo llegaste t\u00fa a este punto, al trabajo con el textil y el vestuario? \u00bfSiempre te gust\u00f3 la moda, el dise\u00f1o, o lo fuiste descubriendo en el camino?<\/strong><\/p>\n\n\n\n<p>-Siempre una tiene una abuela o t\u00eda que bordan, que tejen, que cosen. Mi abuela bordaba, mis abuelas trabajaban con la m\u00e1quina de coser. Entonces yo hac\u00eda las tareas al lado de la m\u00e1quina, es algo que siempre tuvo influencia en m\u00ed. Cuando entr\u00e9 a estudiar &#8211; derecho &#8211; me carg\u00f3 el ambiente, ah\u00ed me cambi\u00e9 a dise\u00f1o de vestuario, sin saber mucho, pero ah\u00ed aprend\u00ed. Luego fui investigando referentes.&nbsp;<\/p>\n\n\n\n<p>Hace 10 a\u00f1os atr\u00e1s, ya se ven\u00eda haciendo esto del reciclaje, con el cambio clim\u00e1tico y el deterioro del planeta, lo que atrae iniciativas en torno a lo sostenible. Siempre me ha encantado adem\u00e1s ir a la feria de los cachureos y me fascina mucho la historia que tiene una prenda detr\u00e1s. A veces hay detalles en las t\u00e9cnicas, en los cortes: una basta cocida a mano, o un vestuario que lo asocias a una \u00e9poca. Siempre me ha gustado la segunda mano, adem\u00e1s de que me gusta el <em>taka taka taka <\/em>de la m\u00e1quina, es fascinante. Todo eso se junta y termina en lo que es hoy.<\/p>\n\n\n\n<p><strong>\u00bfEres de practicar otras t\u00e9cnicas manuales? \u00bfCreas m\u00e1s con tus manos?<\/strong><\/p>\n\n\n\n<p>-Cocino mucho por ejemplo. Siempre estoy vincul\u00e1ndome a la creaci\u00f3n a trav\u00e9s de lo manual, me encanta. En la cocina de manera cotidiana, en lo dom\u00e9stico, pero tambi\u00e9n de eso me gusta que con pocos recursos, una puede generar algo rico o lindo, con lo que hay crear belleza y crear valor.<\/p>\n\n\n\n<p>S\u00e9 tejer, pero me gusta m\u00e1s r\u00e1pido jajaja. En la costura intervengo, como en el proceso de sublimadura que hice para esta colecci\u00f3n actual.&nbsp;<\/p>\n\n\n\n<p>Siento que la colecci\u00f3n tiene mucho de nostalgia, por lo que hay im\u00e1genes que evocan sensaciones fuertes como una demolici\u00f3n, un oso de peluche tirado en los acantilados: vemos c\u00f3mo vamos desechando cosas y ver qu\u00e9 podemos hacer con ese desecho y c\u00f3mo incorporarlo a las prendas.<\/p>\n\n\n\n<figure class=\"wp-block-image size-large\"><img decoding=\"async\" width=\"683\" height=\"1024\" src=\"https:\/\/www.valparaisocreativo.cl\/wp-content\/uploads\/2023\/11\/53248877802_3e7170c76f_o-683x1024.jpg\" alt=\"\" class=\"wp-image-17714\" srcset=\"https:\/\/dev.antudigital.cl\/sites\/vc\/wp-content\/uploads\/2023\/11\/53248877802_3e7170c76f_o-683x1024.jpg 683w, https:\/\/dev.antudigital.cl\/sites\/vc\/wp-content\/uploads\/2023\/11\/53248877802_3e7170c76f_o-200x300.jpg 200w, https:\/\/dev.antudigital.cl\/sites\/vc\/wp-content\/uploads\/2023\/11\/53248877802_3e7170c76f_o-768x1152.jpg 768w, https:\/\/dev.antudigital.cl\/sites\/vc\/wp-content\/uploads\/2023\/11\/53248877802_3e7170c76f_o-1024x1536.jpg 1024w, https:\/\/dev.antudigital.cl\/sites\/vc\/wp-content\/uploads\/2023\/11\/53248877802_3e7170c76f_o-1365x2048.jpg 1365w, https:\/\/dev.antudigital.cl\/sites\/vc\/wp-content\/uploads\/2023\/11\/53248877802_3e7170c76f_o-1080x1620.jpg 1080w, https:\/\/dev.antudigital.cl\/sites\/vc\/wp-content\/uploads\/2023\/11\/53248877802_3e7170c76f_o-1280x1920.jpg 1280w, https:\/\/dev.antudigital.cl\/sites\/vc\/wp-content\/uploads\/2023\/11\/53248877802_3e7170c76f_o-980x1470.jpg 980w, https:\/\/dev.antudigital.cl\/sites\/vc\/wp-content\/uploads\/2023\/11\/53248877802_3e7170c76f_o-480x720.jpg 480w, https:\/\/dev.antudigital.cl\/sites\/vc\/wp-content\/uploads\/2023\/11\/53248877802_3e7170c76f_o-16x24.jpg 16w, https:\/\/dev.antudigital.cl\/sites\/vc\/wp-content\/uploads\/2023\/11\/53248877802_3e7170c76f_o-24x36.jpg 24w, https:\/\/dev.antudigital.cl\/sites\/vc\/wp-content\/uploads\/2023\/11\/53248877802_3e7170c76f_o-32x48.jpg 32w, https:\/\/dev.antudigital.cl\/sites\/vc\/wp-content\/uploads\/2023\/11\/53248877802_3e7170c76f_o-scaled.jpg 1707w\" sizes=\"(max-width: 683px) 100vw, 683px\" \/><\/figure>\n\n\n\n<p><strong>\u2026Tomando lo anterior, quisiera saber: \u00bfqu\u00e9 es lo que quieres transmitir con lo que haces?<\/strong><\/p>\n\n\n\n<p>-No s\u00e9 si lo tengo tan claro, pero me gusta contar algo. Siento que las prendas a veces son admiradas porque son bonitas, pero cuando una cuenta la historia es a\u00fan m\u00e1s inspirador. Eso es importante.&nbsp;<\/p>\n\n\n\n<p>Pienso que soy generosa con lo que conozco y he ido aprendiendo, por lo que siento que la gente igual se apropia de la autonom\u00eda del vestir. A veces la gente dice que les gusta lo que hago, por ejemplo, pero no lo pueden comprar. Entonces les digo \u201cpero mira, estas son dos poleras, t\u00fa lo puedes hacer en tu casa\u201d. Quiero transmitir que la gente pueda empoderarse en los espacios que trabajamos. La moda puede ser algo superficial, pero tiene algo muy importante que por una parte manifiesta el esp\u00edritu de una sociedad en un contexto determinado; por otra parte, es una necesidad b\u00e1sica.&nbsp;<\/p>\n\n\n\n<p>Hay una decisi\u00f3n en c\u00f3mo nos vestimos y eso es un poder. Con mis prendas busco que la gente se cuestione un poco, que se quede mirando, se sorprenda y poder contar la historia de esos materiales y transmitir que lo pueden hacer ellos mismos, creo que esa es la v\u00eda. Genial si me quieren comprar, pero tambi\u00e9n hay otras formas de empoderar a trav\u00e9s de la vestimenta.<\/p>\n\n\n\n<p>En ese sentido hago mis talleres, donde se dan herramientas a la spersonas para que con lo que tenemos alrededor podamos solucionar el tema de la ropa y que tengan ese espacio para poder expresarse.<\/p>\n\n\n\n<figure class=\"wp-block-image size-large\"><img loading=\"lazy\" decoding=\"async\" width=\"683\" height=\"1024\" src=\"https:\/\/www.valparaisocreativo.cl\/wp-content\/uploads\/2023\/11\/53251246764_825f67dcbe_o-683x1024.jpg\" alt=\"\" class=\"wp-image-17717\" srcset=\"https:\/\/dev.antudigital.cl\/sites\/vc\/wp-content\/uploads\/2023\/11\/53251246764_825f67dcbe_o-683x1024.jpg 683w, https:\/\/dev.antudigital.cl\/sites\/vc\/wp-content\/uploads\/2023\/11\/53251246764_825f67dcbe_o-200x300.jpg 200w, https:\/\/dev.antudigital.cl\/sites\/vc\/wp-content\/uploads\/2023\/11\/53251246764_825f67dcbe_o-768x1152.jpg 768w, https:\/\/dev.antudigital.cl\/sites\/vc\/wp-content\/uploads\/2023\/11\/53251246764_825f67dcbe_o-1024x1536.jpg 1024w, https:\/\/dev.antudigital.cl\/sites\/vc\/wp-content\/uploads\/2023\/11\/53251246764_825f67dcbe_o-1365x2048.jpg 1365w, https:\/\/dev.antudigital.cl\/sites\/vc\/wp-content\/uploads\/2023\/11\/53251246764_825f67dcbe_o-1080x1620.jpg 1080w, https:\/\/dev.antudigital.cl\/sites\/vc\/wp-content\/uploads\/2023\/11\/53251246764_825f67dcbe_o-1280x1920.jpg 1280w, https:\/\/dev.antudigital.cl\/sites\/vc\/wp-content\/uploads\/2023\/11\/53251246764_825f67dcbe_o-980x1470.jpg 980w, https:\/\/dev.antudigital.cl\/sites\/vc\/wp-content\/uploads\/2023\/11\/53251246764_825f67dcbe_o-480x720.jpg 480w, https:\/\/dev.antudigital.cl\/sites\/vc\/wp-content\/uploads\/2023\/11\/53251246764_825f67dcbe_o-16x24.jpg 16w, https:\/\/dev.antudigital.cl\/sites\/vc\/wp-content\/uploads\/2023\/11\/53251246764_825f67dcbe_o-24x36.jpg 24w, https:\/\/dev.antudigital.cl\/sites\/vc\/wp-content\/uploads\/2023\/11\/53251246764_825f67dcbe_o-32x48.jpg 32w, https:\/\/dev.antudigital.cl\/sites\/vc\/wp-content\/uploads\/2023\/11\/53251246764_825f67dcbe_o-scaled.jpg 1707w\" sizes=\"(max-width: 683px) 100vw, 683px\" \/><\/figure>\n\n\n\n<p><strong>Los talleres, \u00bfde qu\u00e9 son?<\/strong><\/p>\n\n\n\n<p>-Son talleres hacemos en Taller Resistir, en general tenemos las m\u00e1quinas a disposici\u00f3n e intentamos que sea algo que la gente pueda hacer en sus casas. La idea es invitar a que lleven prendas que ya no est\u00e1n usando, para que le den una segunda oportunidad y lo reintegren a su cl\u00f3set, adem\u00e1s de adquirir esta habilidad, conocimientos y confianza. No importa si no queda perfecto. Nos venden una perfecci\u00f3n falsa, cargada \u00e9ticamente. Hay una responsabilidad socioambiental en la prenda, pero t\u00fa puedes crear algo hecho por ti: toma otro sentido.<\/p>\n\n\n\n<p><strong>Tambi\u00e9n eso es perfecto para la ropa \u201cregalona\u201d que una tiene y seguir expres\u00e1ndose con ella.&nbsp;<\/strong><\/p>\n\n\n\n<p>-Claro, de hecho un d\u00eda una persona lleg\u00f3 a los talleres con un poler\u00f3n que era del a\u00f1o de la pera y quer\u00eda darle una segunda vuelta. Lo transform\u00f3 en poncho y ten\u00eda otro estilo y dice que todos se lo quieren robar. Era una prenda de su juventud.<\/p>\n\n\n\n<figure class=\"wp-block-image size-large\"><img loading=\"lazy\" decoding=\"async\" width=\"768\" height=\"1024\" src=\"https:\/\/www.valparaisocreativo.cl\/wp-content\/uploads\/2023\/11\/20231027_225408-768x1024.jpg\" alt=\"\" class=\"wp-image-17716\" srcset=\"https:\/\/dev.antudigital.cl\/sites\/vc\/wp-content\/uploads\/2023\/11\/20231027_225408-768x1024.jpg 768w, https:\/\/dev.antudigital.cl\/sites\/vc\/wp-content\/uploads\/2023\/11\/20231027_225408-225x300.jpg 225w, https:\/\/dev.antudigital.cl\/sites\/vc\/wp-content\/uploads\/2023\/11\/20231027_225408-1152x1536.jpg 1152w, https:\/\/dev.antudigital.cl\/sites\/vc\/wp-content\/uploads\/2023\/11\/20231027_225408-1536x2048.jpg 1536w, https:\/\/dev.antudigital.cl\/sites\/vc\/wp-content\/uploads\/2023\/11\/20231027_225408-1080x1440.jpg 1080w, https:\/\/dev.antudigital.cl\/sites\/vc\/wp-content\/uploads\/2023\/11\/20231027_225408-1280x1707.jpg 1280w, https:\/\/dev.antudigital.cl\/sites\/vc\/wp-content\/uploads\/2023\/11\/20231027_225408-980x1307.jpg 980w, https:\/\/dev.antudigital.cl\/sites\/vc\/wp-content\/uploads\/2023\/11\/20231027_225408-480x640.jpg 480w, https:\/\/dev.antudigital.cl\/sites\/vc\/wp-content\/uploads\/2023\/11\/20231027_225408-18x24.jpg 18w, https:\/\/dev.antudigital.cl\/sites\/vc\/wp-content\/uploads\/2023\/11\/20231027_225408-27x36.jpg 27w, https:\/\/dev.antudigital.cl\/sites\/vc\/wp-content\/uploads\/2023\/11\/20231027_225408-36x48.jpg 36w, https:\/\/dev.antudigital.cl\/sites\/vc\/wp-content\/uploads\/2023\/11\/20231027_225408-scaled.jpg 1920w\" sizes=\"(max-width: 768px) 100vw, 768px\" \/><\/figure>\n\n\n\n<p><strong>\u00bfC\u00f3mo crees que se relaciona la gente con la ropa por lo que observas?<\/strong><\/p>\n\n\n\n<p>-Mi c\u00edrculo igual es medio burbuja, pues es gente creativa y conocemos el tema de la moda. Dentro de Valpara\u00edso siento que tenemos m\u00e1s campo de acci\u00f3n, donde siento que la gente tiene menos problemas con ponerse algo sin que le importe. Creo que cada uno se viste como quiere, hay menos l\u00edmites. Pero s\u00ed siento que en general hay una alienaci\u00f3n en cuanto a la indumentaria, a la ropa.&nbsp;<\/p>\n\n\n\n<p>Generalmente la gente va a la tienda, ve en ella a lo que puede acceder seg\u00fan sus ingresos, entendiendo que eso no es una prioridad. Es algo m\u00e1s accesorio. La gente va, ve lo que le gusta y se lo lleva sin darse cuenta de que alguien hizo esa prenda. \u00bfCu\u00e1nto le pagaron a la persona que hizo esa polera de $5.000? Estamos desconectados de eso, no entendemos lo que hay detr\u00e1s del producto y su historia.<\/p>\n\n\n\n<p>En ese sentido, en mi taller siento que abre la mente. Las grandes marcas no te mostrar\u00e1n sus talleres, porque son esclavistas. Te mostrar\u00e1n la ropa perfecta en el perchero, a m\u00ed me importa mostrar el proceso de las prendas reutilizadas en cada uno de sus pasos hasta el resultado final. El valor est\u00e1 en todo el proceso que t\u00fa realizaste. Las grandes marcas ocultan eso porque sus v\u00edas son explotadoras, no son sostenibles. Entonces yo quiero que vean que hay una persona humana haciendo \u00e9sto.<\/p>\n\n\n\n<p>Nuestra sociedad es r\u00e1pida y desechable.<\/p>\n\n\n\n<p><strong>Finalmente, \u00bfen qu\u00e9 est\u00e1s ahora?<\/strong><\/p>\n\n\n\n<p>&#8211; Bueno, octubre fue movido con Pasarela Valpara\u00edso donde present\u00e9 la colecci\u00f3n Descubre tu poder con 7 looks de material reutilizado en torno a estas im\u00e1genes que comentaba antes, hablando del abandono y el desecho. Hace poco hicimos un <em>live de costura <\/em>en el Hub Musical, junto a otros dise\u00f1adores de Valpara\u00edso.&nbsp;<\/p>\n\n\n\n<p>Ahora estoy armando la colecci\u00f3n en tres fases, me gustar\u00eda lanzar la segunda fase en enero probablemente, buscando articularnos con otros creativos de dise\u00f1o de autor de Valpara\u00edso para generar articulaci\u00f3n e itinerar dentro del pa\u00eds, eso es una apuesta, ojal\u00e1 que resulte.&nbsp;<\/p>\n","protected":false},"excerpt":{"rendered":"<p>AKA Costura es Francisca Pinto, quien en el pasado octubre estren\u00f3 su nueva colecci\u00f3n Descubre tu poder en Pasarela Valpara\u00edso, una de las propuestas que expusieron en torno a la premisa de la sostenibilidad y la reducci\u00f3n de huella de carbono y desechos. \u00bfDe qu\u00e9 estamos hablando? De reutilizaci\u00f3n textil. Lo que hacen en AKA [&hellip;]<\/p>\n","protected":false},"author":1,"featured_media":17715,"comment_status":"closed","ping_status":"closed","sticky":false,"template":"","format":"standard","meta":{"_acf_changed":false,"footnotes":""},"categories":[218],"tags":[],"class_list":["post-17712","post","type-post","status-publish","format-standard","has-post-thumbnail","hentry","category-blog"],"acf":[],"yoast_head":"<!-- This site is optimized with the Yoast SEO plugin v27.1.1 - https:\/\/yoast.com\/product\/yoast-seo-wordpress\/ -->\n<title>Vestir con sentido: AKA Costura - Valpara\u00ed\u00adso Creativo<\/title>\n<meta name=\"robots\" content=\"index, follow, max-snippet:-1, max-image-preview:large, max-video-preview:-1\" \/>\n<link rel=\"canonical\" href=\"https:\/\/dev.antudigital.cl\/sites\/vc\/vestir-con-sentido-aka-costura\/\" \/>\n<meta property=\"og:locale\" content=\"es_ES\" \/>\n<meta property=\"og:type\" content=\"article\" \/>\n<meta property=\"og:title\" content=\"Vestir con sentido: AKA Costura - Valpara\u00ed\u00adso Creativo\" \/>\n<meta property=\"og:description\" content=\"AKA Costura es Francisca Pinto, quien en el pasado octubre estren\u00f3 su nueva colecci\u00f3n Descubre tu poder en Pasarela Valpara\u00edso, una de las propuestas que expusieron en torno a la premisa de la sostenibilidad y la reducci\u00f3n de huella de carbono y desechos. \u00bfDe qu\u00e9 estamos hablando? De reutilizaci\u00f3n textil. Lo que hacen en AKA [&hellip;]\" \/>\n<meta property=\"og:url\" content=\"https:\/\/dev.antudigital.cl\/sites\/vc\/vestir-con-sentido-aka-costura\/\" \/>\n<meta property=\"og:site_name\" content=\"Valpara\u00ed\u00adso Creativo\" \/>\n<meta property=\"article:published_time\" content=\"2023-11-14T02:50:22+00:00\" \/>\n<meta property=\"article:modified_time\" content=\"2023-11-14T03:01:18+00:00\" \/>\n<meta property=\"og:image\" content=\"https:\/\/dev.antudigital.cl\/sites\/vc\/wp-content\/uploads\/2023\/11\/20231027_222157-scaled.jpg\" \/>\n\t<meta property=\"og:image:width\" content=\"2560\" \/>\n\t<meta property=\"og:image:height\" content=\"1920\" \/>\n\t<meta property=\"og:image:type\" content=\"image\/jpeg\" \/>\n<meta name=\"author\" content=\"Valpara\u00edso Creativo\" \/>\n<meta name=\"twitter:card\" content=\"summary_large_image\" \/>\n<meta name=\"twitter:label1\" content=\"Escrito por\" \/>\n\t<meta name=\"twitter:data1\" content=\"Valpara\u00edso Creativo\" \/>\n\t<meta name=\"twitter:label2\" content=\"Tiempo de lectura\" \/>\n\t<meta name=\"twitter:data2\" content=\"9 minutos\" \/>\n<script type=\"application\/ld+json\" class=\"yoast-schema-graph\">{\"@context\":\"https:\/\/schema.org\",\"@graph\":[{\"@type\":\"Article\",\"@id\":\"https:\/\/dev.antudigital.cl\/sites\/vc\/vestir-con-sentido-aka-costura\/#article\",\"isPartOf\":{\"@id\":\"https:\/\/dev.antudigital.cl\/sites\/vc\/vestir-con-sentido-aka-costura\/\"},\"author\":{\"name\":\"Valpara\u00edso Creativo\",\"@id\":\"https:\/\/dev.antudigital.cl\/sites\/vc\/#\/schema\/person\/c2b9da8dd545e27166fc5ab232837318\"},\"headline\":\"Vestir con sentido: AKA Costura\",\"datePublished\":\"2023-11-14T02:50:22+00:00\",\"dateModified\":\"2023-11-14T03:01:18+00:00\",\"mainEntityOfPage\":{\"@id\":\"https:\/\/dev.antudigital.cl\/sites\/vc\/vestir-con-sentido-aka-costura\/\"},\"wordCount\":1670,\"image\":{\"@id\":\"https:\/\/dev.antudigital.cl\/sites\/vc\/vestir-con-sentido-aka-costura\/#primaryimage\"},\"thumbnailUrl\":\"https:\/\/dev.antudigital.cl\/sites\/vc\/wp-content\/uploads\/2023\/11\/20231027_222157-scaled.jpg\",\"articleSection\":[\"Blog\"],\"inLanguage\":\"es\"},{\"@type\":\"WebPage\",\"@id\":\"https:\/\/dev.antudigital.cl\/sites\/vc\/vestir-con-sentido-aka-costura\/\",\"url\":\"https:\/\/dev.antudigital.cl\/sites\/vc\/vestir-con-sentido-aka-costura\/\",\"name\":\"Vestir con sentido: AKA Costura - Valpara\u00ed\u00adso Creativo\",\"isPartOf\":{\"@id\":\"https:\/\/dev.antudigital.cl\/sites\/vc\/#website\"},\"primaryImageOfPage\":{\"@id\":\"https:\/\/dev.antudigital.cl\/sites\/vc\/vestir-con-sentido-aka-costura\/#primaryimage\"},\"image\":{\"@id\":\"https:\/\/dev.antudigital.cl\/sites\/vc\/vestir-con-sentido-aka-costura\/#primaryimage\"},\"thumbnailUrl\":\"https:\/\/dev.antudigital.cl\/sites\/vc\/wp-content\/uploads\/2023\/11\/20231027_222157-scaled.jpg\",\"datePublished\":\"2023-11-14T02:50:22+00:00\",\"dateModified\":\"2023-11-14T03:01:18+00:00\",\"author\":{\"@id\":\"https:\/\/dev.antudigital.cl\/sites\/vc\/#\/schema\/person\/c2b9da8dd545e27166fc5ab232837318\"},\"breadcrumb\":{\"@id\":\"https:\/\/dev.antudigital.cl\/sites\/vc\/vestir-con-sentido-aka-costura\/#breadcrumb\"},\"inLanguage\":\"es\",\"potentialAction\":[{\"@type\":\"ReadAction\",\"target\":[\"https:\/\/dev.antudigital.cl\/sites\/vc\/vestir-con-sentido-aka-costura\/\"]}]},{\"@type\":\"ImageObject\",\"inLanguage\":\"es\",\"@id\":\"https:\/\/dev.antudigital.cl\/sites\/vc\/vestir-con-sentido-aka-costura\/#primaryimage\",\"url\":\"https:\/\/dev.antudigital.cl\/sites\/vc\/wp-content\/uploads\/2023\/11\/20231027_222157-scaled.jpg\",\"contentUrl\":\"https:\/\/dev.antudigital.cl\/sites\/vc\/wp-content\/uploads\/2023\/11\/20231027_222157-scaled.jpg\",\"width\":2560,\"height\":1920},{\"@type\":\"BreadcrumbList\",\"@id\":\"https:\/\/dev.antudigital.cl\/sites\/vc\/vestir-con-sentido-aka-costura\/#breadcrumb\",\"itemListElement\":[{\"@type\":\"ListItem\",\"position\":1,\"name\":\"Home\",\"item\":\"https:\/\/dev.antudigital.cl\/sites\/vc\/\"},{\"@type\":\"ListItem\",\"position\":2,\"name\":\"Vestir con sentido: AKA Costura\"}]},{\"@type\":\"WebSite\",\"@id\":\"https:\/\/dev.antudigital.cl\/sites\/vc\/#website\",\"url\":\"https:\/\/dev.antudigital.cl\/sites\/vc\/\",\"name\":\"Valpara\u00ed\u00adso Creativo\",\"description\":\"\",\"potentialAction\":[{\"@type\":\"SearchAction\",\"target\":{\"@type\":\"EntryPoint\",\"urlTemplate\":\"https:\/\/dev.antudigital.cl\/sites\/vc\/?s={search_term_string}\"},\"query-input\":{\"@type\":\"PropertyValueSpecification\",\"valueRequired\":true,\"valueName\":\"search_term_string\"}}],\"inLanguage\":\"es\"},{\"@type\":\"Person\",\"@id\":\"https:\/\/dev.antudigital.cl\/sites\/vc\/#\/schema\/person\/c2b9da8dd545e27166fc5ab232837318\",\"name\":\"Valpara\u00edso Creativo\",\"description\":\"Periodista de cultura en la Regi\u00f3n de Valpara\u00edso.\",\"url\":\"https:\/\/dev.antudigital.cl\/sites\/vc\/author\/valpoadmin\/\"}]}<\/script>\n<!-- \/ Yoast SEO plugin. -->","yoast_head_json":{"title":"Vestir con sentido: AKA Costura - Valpara\u00ed\u00adso Creativo","robots":{"index":"index","follow":"follow","max-snippet":"max-snippet:-1","max-image-preview":"max-image-preview:large","max-video-preview":"max-video-preview:-1"},"canonical":"https:\/\/dev.antudigital.cl\/sites\/vc\/vestir-con-sentido-aka-costura\/","og_locale":"es_ES","og_type":"article","og_title":"Vestir con sentido: AKA Costura - Valpara\u00ed\u00adso Creativo","og_description":"AKA Costura es Francisca Pinto, quien en el pasado octubre estren\u00f3 su nueva colecci\u00f3n Descubre tu poder en Pasarela Valpara\u00edso, una de las propuestas que expusieron en torno a la premisa de la sostenibilidad y la reducci\u00f3n de huella de carbono y desechos. \u00bfDe qu\u00e9 estamos hablando? De reutilizaci\u00f3n textil. Lo que hacen en AKA [&hellip;]","og_url":"https:\/\/dev.antudigital.cl\/sites\/vc\/vestir-con-sentido-aka-costura\/","og_site_name":"Valpara\u00ed\u00adso Creativo","article_published_time":"2023-11-14T02:50:22+00:00","article_modified_time":"2023-11-14T03:01:18+00:00","og_image":[{"width":2560,"height":1920,"url":"https:\/\/dev.antudigital.cl\/sites\/vc\/wp-content\/uploads\/2023\/11\/20231027_222157-scaled.jpg","type":"image\/jpeg"}],"author":"Valpara\u00edso Creativo","twitter_card":"summary_large_image","twitter_misc":{"Escrito por":"Valpara\u00edso Creativo","Tiempo de lectura":"9 minutos"},"schema":{"@context":"https:\/\/schema.org","@graph":[{"@type":"Article","@id":"https:\/\/dev.antudigital.cl\/sites\/vc\/vestir-con-sentido-aka-costura\/#article","isPartOf":{"@id":"https:\/\/dev.antudigital.cl\/sites\/vc\/vestir-con-sentido-aka-costura\/"},"author":{"name":"Valpara\u00edso Creativo","@id":"https:\/\/dev.antudigital.cl\/sites\/vc\/#\/schema\/person\/c2b9da8dd545e27166fc5ab232837318"},"headline":"Vestir con sentido: AKA Costura","datePublished":"2023-11-14T02:50:22+00:00","dateModified":"2023-11-14T03:01:18+00:00","mainEntityOfPage":{"@id":"https:\/\/dev.antudigital.cl\/sites\/vc\/vestir-con-sentido-aka-costura\/"},"wordCount":1670,"image":{"@id":"https:\/\/dev.antudigital.cl\/sites\/vc\/vestir-con-sentido-aka-costura\/#primaryimage"},"thumbnailUrl":"https:\/\/dev.antudigital.cl\/sites\/vc\/wp-content\/uploads\/2023\/11\/20231027_222157-scaled.jpg","articleSection":["Blog"],"inLanguage":"es"},{"@type":"WebPage","@id":"https:\/\/dev.antudigital.cl\/sites\/vc\/vestir-con-sentido-aka-costura\/","url":"https:\/\/dev.antudigital.cl\/sites\/vc\/vestir-con-sentido-aka-costura\/","name":"Vestir con sentido: AKA Costura - Valpara\u00ed\u00adso Creativo","isPartOf":{"@id":"https:\/\/dev.antudigital.cl\/sites\/vc\/#website"},"primaryImageOfPage":{"@id":"https:\/\/dev.antudigital.cl\/sites\/vc\/vestir-con-sentido-aka-costura\/#primaryimage"},"image":{"@id":"https:\/\/dev.antudigital.cl\/sites\/vc\/vestir-con-sentido-aka-costura\/#primaryimage"},"thumbnailUrl":"https:\/\/dev.antudigital.cl\/sites\/vc\/wp-content\/uploads\/2023\/11\/20231027_222157-scaled.jpg","datePublished":"2023-11-14T02:50:22+00:00","dateModified":"2023-11-14T03:01:18+00:00","author":{"@id":"https:\/\/dev.antudigital.cl\/sites\/vc\/#\/schema\/person\/c2b9da8dd545e27166fc5ab232837318"},"breadcrumb":{"@id":"https:\/\/dev.antudigital.cl\/sites\/vc\/vestir-con-sentido-aka-costura\/#breadcrumb"},"inLanguage":"es","potentialAction":[{"@type":"ReadAction","target":["https:\/\/dev.antudigital.cl\/sites\/vc\/vestir-con-sentido-aka-costura\/"]}]},{"@type":"ImageObject","inLanguage":"es","@id":"https:\/\/dev.antudigital.cl\/sites\/vc\/vestir-con-sentido-aka-costura\/#primaryimage","url":"https:\/\/dev.antudigital.cl\/sites\/vc\/wp-content\/uploads\/2023\/11\/20231027_222157-scaled.jpg","contentUrl":"https:\/\/dev.antudigital.cl\/sites\/vc\/wp-content\/uploads\/2023\/11\/20231027_222157-scaled.jpg","width":2560,"height":1920},{"@type":"BreadcrumbList","@id":"https:\/\/dev.antudigital.cl\/sites\/vc\/vestir-con-sentido-aka-costura\/#breadcrumb","itemListElement":[{"@type":"ListItem","position":1,"name":"Home","item":"https:\/\/dev.antudigital.cl\/sites\/vc\/"},{"@type":"ListItem","position":2,"name":"Vestir con sentido: AKA Costura"}]},{"@type":"WebSite","@id":"https:\/\/dev.antudigital.cl\/sites\/vc\/#website","url":"https:\/\/dev.antudigital.cl\/sites\/vc\/","name":"Valpara\u00ed\u00adso Creativo","description":"","potentialAction":[{"@type":"SearchAction","target":{"@type":"EntryPoint","urlTemplate":"https:\/\/dev.antudigital.cl\/sites\/vc\/?s={search_term_string}"},"query-input":{"@type":"PropertyValueSpecification","valueRequired":true,"valueName":"search_term_string"}}],"inLanguage":"es"},{"@type":"Person","@id":"https:\/\/dev.antudigital.cl\/sites\/vc\/#\/schema\/person\/c2b9da8dd545e27166fc5ab232837318","name":"Valpara\u00edso Creativo","description":"Periodista de cultura en la Regi\u00f3n de Valpara\u00edso.","url":"https:\/\/dev.antudigital.cl\/sites\/vc\/author\/valpoadmin\/"}]}},"_links":{"self":[{"href":"https:\/\/dev.antudigital.cl\/sites\/vc\/wp-json\/wp\/v2\/posts\/17712","targetHints":{"allow":["GET"]}}],"collection":[{"href":"https:\/\/dev.antudigital.cl\/sites\/vc\/wp-json\/wp\/v2\/posts"}],"about":[{"href":"https:\/\/dev.antudigital.cl\/sites\/vc\/wp-json\/wp\/v2\/types\/post"}],"author":[{"embeddable":true,"href":"https:\/\/dev.antudigital.cl\/sites\/vc\/wp-json\/wp\/v2\/users\/1"}],"replies":[{"embeddable":true,"href":"https:\/\/dev.antudigital.cl\/sites\/vc\/wp-json\/wp\/v2\/comments?post=17712"}],"version-history":[{"count":2,"href":"https:\/\/dev.antudigital.cl\/sites\/vc\/wp-json\/wp\/v2\/posts\/17712\/revisions"}],"predecessor-version":[{"id":17721,"href":"https:\/\/dev.antudigital.cl\/sites\/vc\/wp-json\/wp\/v2\/posts\/17712\/revisions\/17721"}],"wp:featuredmedia":[{"embeddable":true,"href":"https:\/\/dev.antudigital.cl\/sites\/vc\/wp-json\/wp\/v2\/media\/17715"}],"wp:attachment":[{"href":"https:\/\/dev.antudigital.cl\/sites\/vc\/wp-json\/wp\/v2\/media?parent=17712"}],"wp:term":[{"taxonomy":"category","embeddable":true,"href":"https:\/\/dev.antudigital.cl\/sites\/vc\/wp-json\/wp\/v2\/categories?post=17712"},{"taxonomy":"post_tag","embeddable":true,"href":"https:\/\/dev.antudigital.cl\/sites\/vc\/wp-json\/wp\/v2\/tags?post=17712"}],"curies":[{"name":"wp","href":"https:\/\/api.w.org\/{rel}","templated":true}]}}