{"id":17722,"date":"2023-11-14T13:22:05","date_gmt":"2023-11-14T13:22:05","guid":{"rendered":"https:\/\/www.valparaisocreativo.cl\/?p=17722"},"modified":"2023-11-14T13:24:12","modified_gmt":"2023-11-14T13:24:12","slug":"pedro-aznar-visita-valparaiso-de-la-mano-de-arcos-para-masterclass-dedicada-a-musicos-y-musicas-locales-entradas","status":"publish","type":"post","link":"https:\/\/dev.antudigital.cl\/sites\/vc\/pedro-aznar-visita-valparaiso-de-la-mano-de-arcos-para-masterclass-dedicada-a-musicos-y-musicas-locales-entradas\/","title":{"rendered":"Pedro Aznar visita Valpara\u00edso de la mano de Arcos para masterclass dedicada a m\u00fasicos y m\u00fasicas locales"},"content":{"rendered":"\n<p>Durante su gira por el pa\u00eds, el artista argentino se dar\u00e1 un espacio para sumarse a la celebraci\u00f3n del cuarto aniversario de Valpara\u00edso como Ciudad Creativa de la M\u00fasica UNESCO, por lo que realizar\u00e1 una master class el d\u00eda mi\u00e9rcoles 15 de noviembre al mediod\u00eda en el nuevo auditorio de la sede regional del&nbsp;<a href=\"https:\/\/www.arcos.cl\/\" target=\"_blank\" rel=\"noreferrer noopener\">Instituto<\/a>.<\/p>\n\n\n\n<p>El festejo, que celebra el nombramiento obtenido por la comuna en 2019, ser\u00e1 por partida doble, puesto que a fines de octubre de este a\u00f1o el organismo internacional tambi\u00e9n reconoci\u00f3 a Concepci\u00f3n como la tercera Ciudad Creativa de la M\u00fasica de Chile, junto a Frutillar y Valpara\u00edso, y el lugar elegido es el nuevo auditorio del Instituto Profesional ARCOS, de Avenida Altamirano 1424, justo al lado de caleta El Membrillo.<\/p>\n\n\n\n<figure class=\"wp-block-image size-large\"><img fetchpriority=\"high\" decoding=\"async\" width=\"1024\" height=\"684\" src=\"https:\/\/www.valparaisocreativo.cl\/wp-content\/uploads\/2023\/11\/PEDRO-AZNAR-EN-ARCOS-VALPARAISO-imagen-auditorio-1024x684.jpg\" alt=\"\" class=\"wp-image-17723\" srcset=\"https:\/\/dev.antudigital.cl\/sites\/vc\/wp-content\/uploads\/2023\/11\/PEDRO-AZNAR-EN-ARCOS-VALPARAISO-imagen-auditorio-1024x684.jpg 1024w, https:\/\/dev.antudigital.cl\/sites\/vc\/wp-content\/uploads\/2023\/11\/PEDRO-AZNAR-EN-ARCOS-VALPARAISO-imagen-auditorio-300x200.jpg 300w, https:\/\/dev.antudigital.cl\/sites\/vc\/wp-content\/uploads\/2023\/11\/PEDRO-AZNAR-EN-ARCOS-VALPARAISO-imagen-auditorio-768x513.jpg 768w, https:\/\/dev.antudigital.cl\/sites\/vc\/wp-content\/uploads\/2023\/11\/PEDRO-AZNAR-EN-ARCOS-VALPARAISO-imagen-auditorio-980x654.jpg 980w, https:\/\/dev.antudigital.cl\/sites\/vc\/wp-content\/uploads\/2023\/11\/PEDRO-AZNAR-EN-ARCOS-VALPARAISO-imagen-auditorio-480x320.jpg 480w, https:\/\/dev.antudigital.cl\/sites\/vc\/wp-content\/uploads\/2023\/11\/PEDRO-AZNAR-EN-ARCOS-VALPARAISO-imagen-auditorio-24x16.jpg 24w, https:\/\/dev.antudigital.cl\/sites\/vc\/wp-content\/uploads\/2023\/11\/PEDRO-AZNAR-EN-ARCOS-VALPARAISO-imagen-auditorio-36x24.jpg 36w, https:\/\/dev.antudigital.cl\/sites\/vc\/wp-content\/uploads\/2023\/11\/PEDRO-AZNAR-EN-ARCOS-VALPARAISO-imagen-auditorio-48x32.jpg 48w, https:\/\/dev.antudigital.cl\/sites\/vc\/wp-content\/uploads\/2023\/11\/PEDRO-AZNAR-EN-ARCOS-VALPARAISO-imagen-auditorio.jpg 1080w\" sizes=\"(max-width: 1024px) 100vw, 1024px\" \/><\/figure>\n\n\n\n<p>El m\u00fasico argentino realizar\u00e1 su presentaci\u00f3n en modo Master Class, interpretando parte de su repertorio y conversando con el p\u00fablico sobre su proceso creativo y experiencias de su extensa trayectoria.<\/p>\n\n\n\n<p>El cantante, que comenz\u00f3 su carrera en la d\u00e9cada de los setenta, destaca por participar en proyectos como Ser\u00fa Gir\u00e1n y Pat Metheny Group, con quien gan\u00f3 cuatro premios Grammy entre 1984 y 1993.<\/p>\n\n\n\n<p>En 1982 present\u00f3 su primer \u00e1lbum en solitario y desde entonces ha publicado veinte \u00e1lbumes de estudio, algunos en colaboraci\u00f3n con otros artistas, como Charly Garc\u00eda y el cantante chileno Manuel Garc\u00eda.<\/p>\n\n\n\n<figure class=\"wp-block-image size-large\"><img decoding=\"async\" width=\"1024\" height=\"677\" src=\"https:\/\/www.valparaisocreativo.cl\/wp-content\/uploads\/2023\/11\/PEDRO-AZNAR-EN-ARCOS-VALPARAISO-imagen-campus-1024x677.jpg\" alt=\"\" class=\"wp-image-17725\" srcset=\"https:\/\/dev.antudigital.cl\/sites\/vc\/wp-content\/uploads\/2023\/11\/PEDRO-AZNAR-EN-ARCOS-VALPARAISO-imagen-campus-1024x677.jpg 1024w, https:\/\/dev.antudigital.cl\/sites\/vc\/wp-content\/uploads\/2023\/11\/PEDRO-AZNAR-EN-ARCOS-VALPARAISO-imagen-campus-300x198.jpg 300w, https:\/\/dev.antudigital.cl\/sites\/vc\/wp-content\/uploads\/2023\/11\/PEDRO-AZNAR-EN-ARCOS-VALPARAISO-imagen-campus-768x508.jpg 768w, https:\/\/dev.antudigital.cl\/sites\/vc\/wp-content\/uploads\/2023\/11\/PEDRO-AZNAR-EN-ARCOS-VALPARAISO-imagen-campus-980x648.jpg 980w, https:\/\/dev.antudigital.cl\/sites\/vc\/wp-content\/uploads\/2023\/11\/PEDRO-AZNAR-EN-ARCOS-VALPARAISO-imagen-campus-480x317.jpg 480w, https:\/\/dev.antudigital.cl\/sites\/vc\/wp-content\/uploads\/2023\/11\/PEDRO-AZNAR-EN-ARCOS-VALPARAISO-imagen-campus-24x16.jpg 24w, https:\/\/dev.antudigital.cl\/sites\/vc\/wp-content\/uploads\/2023\/11\/PEDRO-AZNAR-EN-ARCOS-VALPARAISO-imagen-campus-36x24.jpg 36w, https:\/\/dev.antudigital.cl\/sites\/vc\/wp-content\/uploads\/2023\/11\/PEDRO-AZNAR-EN-ARCOS-VALPARAISO-imagen-campus-48x32.jpg 48w, https:\/\/dev.antudigital.cl\/sites\/vc\/wp-content\/uploads\/2023\/11\/PEDRO-AZNAR-EN-ARCOS-VALPARAISO-imagen-campus.jpg 1080w\" sizes=\"(max-width: 1024px) 100vw, 1024px\" \/><\/figure>\n\n\n\n<p>\u201cCreemos que nuestro mayor aporte a la ciudad musical es habernos instalado en su territorio, a un lado de la Caleta El Membrillo, priorizando a la Escuela de M\u00fasica y Sonido del Instituto en nuestras nuevas instalaciones. La visita de este gran artista viene a coronar aquello y abre este espacio a la m\u00fasica en vivo. Este es nuestro homenaje de agradecimiento a Valpara\u00edso por recibirnos con los brazos abiertos\u201d, asegura Tom\u00e1s Albagly, director regional del Instituto Profesional ARCOS.<\/p>\n\n\n\n<p>En la presentaci\u00f3n, estar\u00e1n presentes autoridades de la ciudad puerto, junto a diversos actores relevantes de la m\u00fasica en la ciudad como del programa&nbsp;<a href=\"https:\/\/www.valparaisocreativo.cl\/\" target=\"_blank\" rel=\"noreferrer noopener\">Valpara\u00edso Creativo<\/a>&nbsp;de CORFO y la comunidad acad\u00e9mica de la casa de estudios.<\/p>\n","protected":false},"excerpt":{"rendered":"<p>Durante su gira por el pa\u00eds, el artista argentino se dar\u00e1 un espacio para sumarse a la celebraci\u00f3n del cuarto aniversario de Valpara\u00edso como Ciudad Creativa de la M\u00fasica UNESCO, por lo que realizar\u00e1 una master class el d\u00eda mi\u00e9rcoles 15 de noviembre al mediod\u00eda en el nuevo auditorio de la sede regional del&nbsp;Instituto. El [&hellip;]<\/p>\n","protected":false},"author":1,"featured_media":17724,"comment_status":"closed","ping_status":"closed","sticky":false,"template":"","format":"standard","meta":{"_acf_changed":false,"footnotes":""},"categories":[1],"tags":[],"class_list":["post-17722","post","type-post","status-publish","format-standard","has-post-thumbnail","hentry","category-uncategorized"],"acf":[],"yoast_head":"<!-- This site is optimized with the Yoast SEO plugin v27.1.1 - https:\/\/yoast.com\/product\/yoast-seo-wordpress\/ -->\n<title>Pedro Aznar visita Valpara\u00edso de la mano de Arcos para masterclass dedicada a m\u00fasicos y m\u00fasicas locales - Valpara\u00ed\u00adso Creativo<\/title>\n<meta name=\"robots\" content=\"index, follow, max-snippet:-1, max-image-preview:large, max-video-preview:-1\" \/>\n<link rel=\"canonical\" href=\"https:\/\/dev.antudigital.cl\/sites\/vc\/pedro-aznar-visita-valparaiso-de-la-mano-de-arcos-para-masterclass-dedicada-a-musicos-y-musicas-locales-entradas\/\" \/>\n<meta property=\"og:locale\" content=\"es_ES\" \/>\n<meta property=\"og:type\" content=\"article\" \/>\n<meta property=\"og:title\" content=\"Pedro Aznar visita Valpara\u00edso de la mano de Arcos para masterclass dedicada a m\u00fasicos y m\u00fasicas locales - Valpara\u00ed\u00adso Creativo\" \/>\n<meta property=\"og:description\" content=\"Durante su gira por el pa\u00eds, el artista argentino se dar\u00e1 un espacio para sumarse a la celebraci\u00f3n del cuarto aniversario de Valpara\u00edso como Ciudad Creativa de la M\u00fasica UNESCO, por lo que realizar\u00e1 una master class el d\u00eda mi\u00e9rcoles 15 de noviembre al mediod\u00eda en el nuevo auditorio de la sede regional del&nbsp;Instituto. El [&hellip;]\" \/>\n<meta property=\"og:url\" content=\"https:\/\/dev.antudigital.cl\/sites\/vc\/pedro-aznar-visita-valparaiso-de-la-mano-de-arcos-para-masterclass-dedicada-a-musicos-y-musicas-locales-entradas\/\" \/>\n<meta property=\"og:site_name\" content=\"Valpara\u00ed\u00adso Creativo\" \/>\n<meta property=\"article:published_time\" content=\"2023-11-14T13:22:05+00:00\" \/>\n<meta property=\"article:modified_time\" content=\"2023-11-14T13:24:12+00:00\" \/>\n<meta property=\"og:image\" content=\"https:\/\/dev.antudigital.cl\/sites\/vc\/wp-content\/uploads\/2023\/11\/PEDRO-AZNAR-EN-ARCOS-VALPARAISO-imagen-musico-scaled.jpg\" \/>\n\t<meta property=\"og:image:width\" content=\"2560\" \/>\n\t<meta property=\"og:image:height\" content=\"1707\" \/>\n\t<meta property=\"og:image:type\" content=\"image\/jpeg\" \/>\n<meta name=\"author\" content=\"Valpara\u00edso Creativo\" \/>\n<meta name=\"twitter:card\" content=\"summary_large_image\" \/>\n<meta name=\"twitter:label1\" content=\"Escrito por\" \/>\n\t<meta name=\"twitter:data1\" content=\"Valpara\u00edso Creativo\" \/>\n\t<meta name=\"twitter:label2\" content=\"Tiempo de lectura\" \/>\n\t<meta name=\"twitter:data2\" content=\"2 minutos\" \/>\n<script type=\"application\/ld+json\" class=\"yoast-schema-graph\">{\"@context\":\"https:\/\/schema.org\",\"@graph\":[{\"@type\":\"Article\",\"@id\":\"https:\/\/dev.antudigital.cl\/sites\/vc\/pedro-aznar-visita-valparaiso-de-la-mano-de-arcos-para-masterclass-dedicada-a-musicos-y-musicas-locales-entradas\/#article\",\"isPartOf\":{\"@id\":\"https:\/\/dev.antudigital.cl\/sites\/vc\/pedro-aznar-visita-valparaiso-de-la-mano-de-arcos-para-masterclass-dedicada-a-musicos-y-musicas-locales-entradas\/\"},\"author\":{\"name\":\"Valpara\u00edso Creativo\",\"@id\":\"https:\/\/dev.antudigital.cl\/sites\/vc\/#\/schema\/person\/c2b9da8dd545e27166fc5ab232837318\"},\"headline\":\"Pedro Aznar visita Valpara\u00edso de la mano de Arcos para masterclass dedicada a m\u00fasicos y m\u00fasicas locales\",\"datePublished\":\"2023-11-14T13:22:05+00:00\",\"dateModified\":\"2023-11-14T13:24:12+00:00\",\"mainEntityOfPage\":{\"@id\":\"https:\/\/dev.antudigital.cl\/sites\/vc\/pedro-aznar-visita-valparaiso-de-la-mano-de-arcos-para-masterclass-dedicada-a-musicos-y-musicas-locales-entradas\/\"},\"wordCount\":383,\"image\":{\"@id\":\"https:\/\/dev.antudigital.cl\/sites\/vc\/pedro-aznar-visita-valparaiso-de-la-mano-de-arcos-para-masterclass-dedicada-a-musicos-y-musicas-locales-entradas\/#primaryimage\"},\"thumbnailUrl\":\"https:\/\/dev.antudigital.cl\/sites\/vc\/wp-content\/uploads\/2023\/11\/PEDRO-AZNAR-EN-ARCOS-VALPARAISO-imagen-musico-scaled.jpg\",\"articleSection\":[\"Uncategorized\"],\"inLanguage\":\"es\"},{\"@type\":\"WebPage\",\"@id\":\"https:\/\/dev.antudigital.cl\/sites\/vc\/pedro-aznar-visita-valparaiso-de-la-mano-de-arcos-para-masterclass-dedicada-a-musicos-y-musicas-locales-entradas\/\",\"url\":\"https:\/\/dev.antudigital.cl\/sites\/vc\/pedro-aznar-visita-valparaiso-de-la-mano-de-arcos-para-masterclass-dedicada-a-musicos-y-musicas-locales-entradas\/\",\"name\":\"Pedro Aznar visita Valpara\u00edso de la mano de Arcos para masterclass dedicada a m\u00fasicos y m\u00fasicas locales - Valpara\u00ed\u00adso Creativo\",\"isPartOf\":{\"@id\":\"https:\/\/dev.antudigital.cl\/sites\/vc\/#website\"},\"primaryImageOfPage\":{\"@id\":\"https:\/\/dev.antudigital.cl\/sites\/vc\/pedro-aznar-visita-valparaiso-de-la-mano-de-arcos-para-masterclass-dedicada-a-musicos-y-musicas-locales-entradas\/#primaryimage\"},\"image\":{\"@id\":\"https:\/\/dev.antudigital.cl\/sites\/vc\/pedro-aznar-visita-valparaiso-de-la-mano-de-arcos-para-masterclass-dedicada-a-musicos-y-musicas-locales-entradas\/#primaryimage\"},\"thumbnailUrl\":\"https:\/\/dev.antudigital.cl\/sites\/vc\/wp-content\/uploads\/2023\/11\/PEDRO-AZNAR-EN-ARCOS-VALPARAISO-imagen-musico-scaled.jpg\",\"datePublished\":\"2023-11-14T13:22:05+00:00\",\"dateModified\":\"2023-11-14T13:24:12+00:00\",\"author\":{\"@id\":\"https:\/\/dev.antudigital.cl\/sites\/vc\/#\/schema\/person\/c2b9da8dd545e27166fc5ab232837318\"},\"breadcrumb\":{\"@id\":\"https:\/\/dev.antudigital.cl\/sites\/vc\/pedro-aznar-visita-valparaiso-de-la-mano-de-arcos-para-masterclass-dedicada-a-musicos-y-musicas-locales-entradas\/#breadcrumb\"},\"inLanguage\":\"es\",\"potentialAction\":[{\"@type\":\"ReadAction\",\"target\":[\"https:\/\/dev.antudigital.cl\/sites\/vc\/pedro-aznar-visita-valparaiso-de-la-mano-de-arcos-para-masterclass-dedicada-a-musicos-y-musicas-locales-entradas\/\"]}]},{\"@type\":\"ImageObject\",\"inLanguage\":\"es\",\"@id\":\"https:\/\/dev.antudigital.cl\/sites\/vc\/pedro-aznar-visita-valparaiso-de-la-mano-de-arcos-para-masterclass-dedicada-a-musicos-y-musicas-locales-entradas\/#primaryimage\",\"url\":\"https:\/\/dev.antudigital.cl\/sites\/vc\/wp-content\/uploads\/2023\/11\/PEDRO-AZNAR-EN-ARCOS-VALPARAISO-imagen-musico-scaled.jpg\",\"contentUrl\":\"https:\/\/dev.antudigital.cl\/sites\/vc\/wp-content\/uploads\/2023\/11\/PEDRO-AZNAR-EN-ARCOS-VALPARAISO-imagen-musico-scaled.jpg\",\"width\":2560,\"height\":1707},{\"@type\":\"BreadcrumbList\",\"@id\":\"https:\/\/dev.antudigital.cl\/sites\/vc\/pedro-aznar-visita-valparaiso-de-la-mano-de-arcos-para-masterclass-dedicada-a-musicos-y-musicas-locales-entradas\/#breadcrumb\",\"itemListElement\":[{\"@type\":\"ListItem\",\"position\":1,\"name\":\"Home\",\"item\":\"https:\/\/dev.antudigital.cl\/sites\/vc\/\"},{\"@type\":\"ListItem\",\"position\":2,\"name\":\"Pedro Aznar visita Valpara\u00edso de la mano de Arcos para masterclass dedicada a m\u00fasicos y m\u00fasicas locales\"}]},{\"@type\":\"WebSite\",\"@id\":\"https:\/\/dev.antudigital.cl\/sites\/vc\/#website\",\"url\":\"https:\/\/dev.antudigital.cl\/sites\/vc\/\",\"name\":\"Valpara\u00ed\u00adso Creativo\",\"description\":\"\",\"potentialAction\":[{\"@type\":\"SearchAction\",\"target\":{\"@type\":\"EntryPoint\",\"urlTemplate\":\"https:\/\/dev.antudigital.cl\/sites\/vc\/?s={search_term_string}\"},\"query-input\":{\"@type\":\"PropertyValueSpecification\",\"valueRequired\":true,\"valueName\":\"search_term_string\"}}],\"inLanguage\":\"es\"},{\"@type\":\"Person\",\"@id\":\"https:\/\/dev.antudigital.cl\/sites\/vc\/#\/schema\/person\/c2b9da8dd545e27166fc5ab232837318\",\"name\":\"Valpara\u00edso Creativo\",\"description\":\"Periodista de cultura en la Regi\u00f3n de Valpara\u00edso.\",\"url\":\"https:\/\/dev.antudigital.cl\/sites\/vc\/author\/valpoadmin\/\"}]}<\/script>\n<!-- \/ Yoast SEO plugin. -->","yoast_head_json":{"title":"Pedro Aznar visita Valpara\u00edso de la mano de Arcos para masterclass dedicada a m\u00fasicos y m\u00fasicas locales - Valpara\u00ed\u00adso Creativo","robots":{"index":"index","follow":"follow","max-snippet":"max-snippet:-1","max-image-preview":"max-image-preview:large","max-video-preview":"max-video-preview:-1"},"canonical":"https:\/\/dev.antudigital.cl\/sites\/vc\/pedro-aznar-visita-valparaiso-de-la-mano-de-arcos-para-masterclass-dedicada-a-musicos-y-musicas-locales-entradas\/","og_locale":"es_ES","og_type":"article","og_title":"Pedro Aznar visita Valpara\u00edso de la mano de Arcos para masterclass dedicada a m\u00fasicos y m\u00fasicas locales - Valpara\u00ed\u00adso Creativo","og_description":"Durante su gira por el pa\u00eds, el artista argentino se dar\u00e1 un espacio para sumarse a la celebraci\u00f3n del cuarto aniversario de Valpara\u00edso como Ciudad Creativa de la M\u00fasica UNESCO, por lo que realizar\u00e1 una master class el d\u00eda mi\u00e9rcoles 15 de noviembre al mediod\u00eda en el nuevo auditorio de la sede regional del&nbsp;Instituto. El [&hellip;]","og_url":"https:\/\/dev.antudigital.cl\/sites\/vc\/pedro-aznar-visita-valparaiso-de-la-mano-de-arcos-para-masterclass-dedicada-a-musicos-y-musicas-locales-entradas\/","og_site_name":"Valpara\u00ed\u00adso Creativo","article_published_time":"2023-11-14T13:22:05+00:00","article_modified_time":"2023-11-14T13:24:12+00:00","og_image":[{"width":2560,"height":1707,"url":"https:\/\/dev.antudigital.cl\/sites\/vc\/wp-content\/uploads\/2023\/11\/PEDRO-AZNAR-EN-ARCOS-VALPARAISO-imagen-musico-scaled.jpg","type":"image\/jpeg"}],"author":"Valpara\u00edso Creativo","twitter_card":"summary_large_image","twitter_misc":{"Escrito por":"Valpara\u00edso Creativo","Tiempo de lectura":"2 minutos"},"schema":{"@context":"https:\/\/schema.org","@graph":[{"@type":"Article","@id":"https:\/\/dev.antudigital.cl\/sites\/vc\/pedro-aznar-visita-valparaiso-de-la-mano-de-arcos-para-masterclass-dedicada-a-musicos-y-musicas-locales-entradas\/#article","isPartOf":{"@id":"https:\/\/dev.antudigital.cl\/sites\/vc\/pedro-aznar-visita-valparaiso-de-la-mano-de-arcos-para-masterclass-dedicada-a-musicos-y-musicas-locales-entradas\/"},"author":{"name":"Valpara\u00edso Creativo","@id":"https:\/\/dev.antudigital.cl\/sites\/vc\/#\/schema\/person\/c2b9da8dd545e27166fc5ab232837318"},"headline":"Pedro Aznar visita Valpara\u00edso de la mano de Arcos para masterclass dedicada a m\u00fasicos y m\u00fasicas locales","datePublished":"2023-11-14T13:22:05+00:00","dateModified":"2023-11-14T13:24:12+00:00","mainEntityOfPage":{"@id":"https:\/\/dev.antudigital.cl\/sites\/vc\/pedro-aznar-visita-valparaiso-de-la-mano-de-arcos-para-masterclass-dedicada-a-musicos-y-musicas-locales-entradas\/"},"wordCount":383,"image":{"@id":"https:\/\/dev.antudigital.cl\/sites\/vc\/pedro-aznar-visita-valparaiso-de-la-mano-de-arcos-para-masterclass-dedicada-a-musicos-y-musicas-locales-entradas\/#primaryimage"},"thumbnailUrl":"https:\/\/dev.antudigital.cl\/sites\/vc\/wp-content\/uploads\/2023\/11\/PEDRO-AZNAR-EN-ARCOS-VALPARAISO-imagen-musico-scaled.jpg","articleSection":["Uncategorized"],"inLanguage":"es"},{"@type":"WebPage","@id":"https:\/\/dev.antudigital.cl\/sites\/vc\/pedro-aznar-visita-valparaiso-de-la-mano-de-arcos-para-masterclass-dedicada-a-musicos-y-musicas-locales-entradas\/","url":"https:\/\/dev.antudigital.cl\/sites\/vc\/pedro-aznar-visita-valparaiso-de-la-mano-de-arcos-para-masterclass-dedicada-a-musicos-y-musicas-locales-entradas\/","name":"Pedro Aznar visita Valpara\u00edso de la mano de Arcos para masterclass dedicada a m\u00fasicos y m\u00fasicas locales - Valpara\u00ed\u00adso Creativo","isPartOf":{"@id":"https:\/\/dev.antudigital.cl\/sites\/vc\/#website"},"primaryImageOfPage":{"@id":"https:\/\/dev.antudigital.cl\/sites\/vc\/pedro-aznar-visita-valparaiso-de-la-mano-de-arcos-para-masterclass-dedicada-a-musicos-y-musicas-locales-entradas\/#primaryimage"},"image":{"@id":"https:\/\/dev.antudigital.cl\/sites\/vc\/pedro-aznar-visita-valparaiso-de-la-mano-de-arcos-para-masterclass-dedicada-a-musicos-y-musicas-locales-entradas\/#primaryimage"},"thumbnailUrl":"https:\/\/dev.antudigital.cl\/sites\/vc\/wp-content\/uploads\/2023\/11\/PEDRO-AZNAR-EN-ARCOS-VALPARAISO-imagen-musico-scaled.jpg","datePublished":"2023-11-14T13:22:05+00:00","dateModified":"2023-11-14T13:24:12+00:00","author":{"@id":"https:\/\/dev.antudigital.cl\/sites\/vc\/#\/schema\/person\/c2b9da8dd545e27166fc5ab232837318"},"breadcrumb":{"@id":"https:\/\/dev.antudigital.cl\/sites\/vc\/pedro-aznar-visita-valparaiso-de-la-mano-de-arcos-para-masterclass-dedicada-a-musicos-y-musicas-locales-entradas\/#breadcrumb"},"inLanguage":"es","potentialAction":[{"@type":"ReadAction","target":["https:\/\/dev.antudigital.cl\/sites\/vc\/pedro-aznar-visita-valparaiso-de-la-mano-de-arcos-para-masterclass-dedicada-a-musicos-y-musicas-locales-entradas\/"]}]},{"@type":"ImageObject","inLanguage":"es","@id":"https:\/\/dev.antudigital.cl\/sites\/vc\/pedro-aznar-visita-valparaiso-de-la-mano-de-arcos-para-masterclass-dedicada-a-musicos-y-musicas-locales-entradas\/#primaryimage","url":"https:\/\/dev.antudigital.cl\/sites\/vc\/wp-content\/uploads\/2023\/11\/PEDRO-AZNAR-EN-ARCOS-VALPARAISO-imagen-musico-scaled.jpg","contentUrl":"https:\/\/dev.antudigital.cl\/sites\/vc\/wp-content\/uploads\/2023\/11\/PEDRO-AZNAR-EN-ARCOS-VALPARAISO-imagen-musico-scaled.jpg","width":2560,"height":1707},{"@type":"BreadcrumbList","@id":"https:\/\/dev.antudigital.cl\/sites\/vc\/pedro-aznar-visita-valparaiso-de-la-mano-de-arcos-para-masterclass-dedicada-a-musicos-y-musicas-locales-entradas\/#breadcrumb","itemListElement":[{"@type":"ListItem","position":1,"name":"Home","item":"https:\/\/dev.antudigital.cl\/sites\/vc\/"},{"@type":"ListItem","position":2,"name":"Pedro Aznar visita Valpara\u00edso de la mano de Arcos para masterclass dedicada a m\u00fasicos y m\u00fasicas locales"}]},{"@type":"WebSite","@id":"https:\/\/dev.antudigital.cl\/sites\/vc\/#website","url":"https:\/\/dev.antudigital.cl\/sites\/vc\/","name":"Valpara\u00ed\u00adso Creativo","description":"","potentialAction":[{"@type":"SearchAction","target":{"@type":"EntryPoint","urlTemplate":"https:\/\/dev.antudigital.cl\/sites\/vc\/?s={search_term_string}"},"query-input":{"@type":"PropertyValueSpecification","valueRequired":true,"valueName":"search_term_string"}}],"inLanguage":"es"},{"@type":"Person","@id":"https:\/\/dev.antudigital.cl\/sites\/vc\/#\/schema\/person\/c2b9da8dd545e27166fc5ab232837318","name":"Valpara\u00edso Creativo","description":"Periodista de cultura en la Regi\u00f3n de Valpara\u00edso.","url":"https:\/\/dev.antudigital.cl\/sites\/vc\/author\/valpoadmin\/"}]}},"_links":{"self":[{"href":"https:\/\/dev.antudigital.cl\/sites\/vc\/wp-json\/wp\/v2\/posts\/17722","targetHints":{"allow":["GET"]}}],"collection":[{"href":"https:\/\/dev.antudigital.cl\/sites\/vc\/wp-json\/wp\/v2\/posts"}],"about":[{"href":"https:\/\/dev.antudigital.cl\/sites\/vc\/wp-json\/wp\/v2\/types\/post"}],"author":[{"embeddable":true,"href":"https:\/\/dev.antudigital.cl\/sites\/vc\/wp-json\/wp\/v2\/users\/1"}],"replies":[{"embeddable":true,"href":"https:\/\/dev.antudigital.cl\/sites\/vc\/wp-json\/wp\/v2\/comments?post=17722"}],"version-history":[{"count":2,"href":"https:\/\/dev.antudigital.cl\/sites\/vc\/wp-json\/wp\/v2\/posts\/17722\/revisions"}],"predecessor-version":[{"id":17727,"href":"https:\/\/dev.antudigital.cl\/sites\/vc\/wp-json\/wp\/v2\/posts\/17722\/revisions\/17727"}],"wp:featuredmedia":[{"embeddable":true,"href":"https:\/\/dev.antudigital.cl\/sites\/vc\/wp-json\/wp\/v2\/media\/17724"}],"wp:attachment":[{"href":"https:\/\/dev.antudigital.cl\/sites\/vc\/wp-json\/wp\/v2\/media?parent=17722"}],"wp:term":[{"taxonomy":"category","embeddable":true,"href":"https:\/\/dev.antudigital.cl\/sites\/vc\/wp-json\/wp\/v2\/categories?post=17722"},{"taxonomy":"post_tag","embeddable":true,"href":"https:\/\/dev.antudigital.cl\/sites\/vc\/wp-json\/wp\/v2\/tags?post=17722"}],"curies":[{"name":"wp","href":"https:\/\/api.w.org\/{rel}","templated":true}]}}