{"id":17825,"date":"2023-11-27T17:59:45","date_gmt":"2023-11-27T17:59:45","guid":{"rendered":"https:\/\/www.valparaisocreativo.cl\/?p=17825"},"modified":"2023-11-27T17:59:53","modified_gmt":"2023-11-27T17:59:53","slug":"la-ratita-presumida-es-la-ultima-mediacion-online-2023-del-centro-cultural-ipa","status":"publish","type":"post","link":"https:\/\/dev.antudigital.cl\/sites\/vc\/la-ratita-presumida-es-la-ultima-mediacion-online-2023-del-centro-cultural-ipa\/","title":{"rendered":"\u201cLA RATITA PRESUMIDA\u201d es la \u00faltima mediaci\u00f3n online 2023 del Centro Cultural IPA"},"content":{"rendered":"\n<p><p class=\"MsoNormal\" style=\"margin: 0cm 0cm 8pt; color: rgb(34, 34, 34); white-space-collapse: collapse; text-align: justify; line-height: 15.6933px; font-size: 11pt; font-family: Calibri, sans-serif;\"><span lang=\"ES-MX\" style=\"font-size: 12pt; line-height: 17.12px; font-family: Arial, sans-serif;\">Hasta el\u00a0<b>jueves 30 de noviembre<\/b>\u00a0est\u00e1 disponible la \u00faltima mediaci\u00f3n online de la Programaci\u00f3n PAOCC 2023 del\u00a0<b>Centro Cultural<\/b>\u00a0<b>IPA<\/b>,\u00a0<b>\u201cLa Ratita Presumida\u201d<\/b>, producida por Fundaci\u00f3n Teatro TEATRIN y realizada por la Compa\u00f1\u00eda Teatro IluCi\u00f3n. El equipo est\u00e1 conformado por Isabel Vigueras, Rodrigo Reyes y Marcela Molina, con la musicalizaci\u00f3n de Jos\u00e9 \u201cPepe\u201d Salinas\u201d y Marco Neg\u00fce.Puedes revisar esta funci\u00f3n de 20 minutos inspirada en el cl\u00e1sico cuento infantil en el Canal de Youtube del Centro Cultural IPA\u00a0<a data-saferedirecturl=\"https:\/\/www.google.com\/url?q=https:\/\/www.youtube.com\/@centroculturalipa3725&amp;source=gmail&amp;ust=1701191500854000&amp;usg=AOvVaw0puZnYY7Od3vo2ZgMe-hhZ\" style=\"color: blue;\" href=\"https:\/\/www.youtube.com\/@centroculturalipa3725\" target=\"_blank\" rel=\"noopener\">https:\/\/www.youtube.com\/@centroculturalipa3725<\/a>. Cartelera financiada por el Ministerio de las Culturas, las Artes y el Patrimonio a trav\u00e9s de su Programa de Apoyo a Organizaciones Culturales Colaboradoras, convocatoria 2022.<\/span><\/p><\/p>\n\n\n\n<p><p class=\"MsoNormal\" style=\"margin: 0cm 0cm 8pt; color: rgb(34, 34, 34); white-space-collapse: collapse; text-align: justify; line-height: 15.6933px; font-size: 11pt; font-family: Calibri, sans-serif;\"><a name=\"m_-5660170316377745174__heading=h.1fob9te\" style=\"color: rgb(34, 34, 34);\"><\/a><\/p><\/p>\n\n\n\n<figure class=\"wp-block-image size-large\"><img fetchpriority=\"high\" decoding=\"async\" width=\"1024\" height=\"768\" src=\"https:\/\/www.valparaisocreativo.cl\/wp-content\/uploads\/2023\/11\/La_Ratita_Presumida-1024x768.jpg\" alt=\"\" class=\"wp-image-17828\" srcset=\"https:\/\/dev.antudigital.cl\/sites\/vc\/wp-content\/uploads\/2023\/11\/La_Ratita_Presumida-1024x768.jpg 1024w, https:\/\/dev.antudigital.cl\/sites\/vc\/wp-content\/uploads\/2023\/11\/La_Ratita_Presumida-300x225.jpg 300w, https:\/\/dev.antudigital.cl\/sites\/vc\/wp-content\/uploads\/2023\/11\/La_Ratita_Presumida-768x576.jpg 768w, https:\/\/dev.antudigital.cl\/sites\/vc\/wp-content\/uploads\/2023\/11\/La_Ratita_Presumida-510x382.jpg 510w, https:\/\/dev.antudigital.cl\/sites\/vc\/wp-content\/uploads\/2023\/11\/La_Ratita_Presumida-980x735.jpg 980w, https:\/\/dev.antudigital.cl\/sites\/vc\/wp-content\/uploads\/2023\/11\/La_Ratita_Presumida-480x360.jpg 480w, https:\/\/dev.antudigital.cl\/sites\/vc\/wp-content\/uploads\/2023\/11\/La_Ratita_Presumida-24x18.jpg 24w, https:\/\/dev.antudigital.cl\/sites\/vc\/wp-content\/uploads\/2023\/11\/La_Ratita_Presumida-36x27.jpg 36w, https:\/\/dev.antudigital.cl\/sites\/vc\/wp-content\/uploads\/2023\/11\/La_Ratita_Presumida-48x36.jpg 48w, https:\/\/dev.antudigital.cl\/sites\/vc\/wp-content\/uploads\/2023\/11\/La_Ratita_Presumida.jpg 1036w\" sizes=\"(max-width: 1024px) 100vw, 1024px\" \/><\/figure>\n\n\n\n<p><p class=\"MsoNormal\" style=\"margin: 0cm 0cm 8pt; color: rgb(34, 34, 34); white-space-collapse: collapse; text-align: justify; line-height: 15.6933px; font-size: 11pt; font-family: Calibri, sans-serif;\"><span lang=\"ES-MX\" style=\"font-size: 12pt; line-height: 17.12px; font-family: Arial, sans-serif;\">Marcela Molina, int\u00e9rprete, comenta sobre la obra:\u00a0\u201cFue un desaf\u00edo bien grande. La Ratita es una marioneta, yo le doy vida a esa actriz, presto la voz y la manipulo. Tuve que aprender manipulaci\u00f3n, intentar que la marioneta fluyera de manera natural dentro de su rango de movilidad. Se trabaja harto el uso del elemento en un espacio reducido, un kamishibai que hace de peque\u00f1o teatrino trabajando la t\u00e9cnica mixta, como equipo est\u00e1bamos al servicio de los elementos\u201d.El proyecto \u201cFortalecimiento de la gesti\u00f3n y programaci\u00f3n del Centro Cultural IPA: Rumbo a los 100 a\u00f1os de acci\u00f3n cultural local\u201d forma parte del Programa de Apoyo a Organizaciones Culturales Colaboradoras del Ministerio de las Culturas, las Artes y el Patrimonio, que busca fortalecer y dar continuidad a instituciones y organizaciones culturales de derecho privado y sin fines de lucro. Este programa adem\u00e1s es parte del Sistema de Financiamiento a Organizaciones e Infraestructura Cultural del Ministerio de las Culturas, las Artes y el Patrimonio que integra, articula y coordina de forma transversal los planes, programas y fondos orientados al fomento y apoyo de las organizaciones, de la infraestructura cultural, y de la mediaci\u00f3n art\u00edstica. Todo esto con una vocaci\u00f3n descentralizada, mecanismos participativos, y la promoci\u00f3n de la creaci\u00f3n de redes y asociaciones.<a name=\"m_-5660170316377745174__heading=h.o8n2ll4vqju7\" style=\"color: rgb(34, 34, 34);\"><\/a>\u00a0<\/span><b><span lang=\"ES-MX\" style=\"font-size: 12pt; font-family: Arial, sans-serif; color: black;\">COORDENADAS\u00a0<\/span><\/b><span lang=\"ES-MX\" style=\"font-size: 12pt; font-family: Arial, sans-serif; color: black;\">\u201cLa Ratita Presumida\u201d de Fundaci\u00f3n Teatro TEATRIN y Compa\u00f1\u00eda Teatro IluCi\u00f3n.Disponible desde el s\u00e1bado 25 al jueves 30 de noviembre.Canal de Youtube:\u00a0<\/span><span lang=\"ES-MX\" style=\"font-size: 12pt; font-family: Arial, sans-serif;\"><a data-saferedirecturl=\"https:\/\/www.google.com\/url?q=https:\/\/www.youtube.com\/@centroculturalipa3725&amp;source=gmail&amp;ust=1701191500854000&amp;usg=AOvVaw0puZnYY7Od3vo2ZgMe-hhZ\" style=\"color: blue;\" href=\"https:\/\/www.youtube.com\/@centroculturalipa3725\" target=\"_blank\" rel=\"noopener\">https:\/\/www.youtube.com\/@centroculturalipa3725<\/a><\/span><span lang=\"ES-MX\" style=\"font-size: 12pt; font-family: Arial, sans-serif; color: black;\">Int\u00e9rpretes: Isabel Vigueras, Rodrigo Reyes y Marcela Molina.<\/span><\/p><span style=\"color: black; font-family: Arial, sans-serif; font-size: 12pt; text-align: justify; white-space-collapse: collapse;\">Musicalizaci\u00f3n: Jos\u00e9 \u201cPepe\u201d Salinas y Marco Neg\u00fce.<\/span><\/p>\n","protected":false},"excerpt":{"rendered":"<p>Hasta el\u00a0jueves 30 de noviembre\u00a0est\u00e1 disponible la \u00faltima mediaci\u00f3n online de la Programaci\u00f3n PAOCC 2023 del\u00a0Centro Cultural\u00a0IPA,\u00a0\u201cLa Ratita Presumida\u201d, producida por Fundaci\u00f3n Teatro TEATRIN y realizada por la Compa\u00f1\u00eda Teatro IluCi\u00f3n. El equipo est\u00e1 conformado por Isabel Vigueras, Rodrigo Reyes y Marcela Molina, con la musicalizaci\u00f3n de Jos\u00e9 \u201cPepe\u201d Salinas\u201d y Marco Neg\u00fce.Puedes revisar esta [&hellip;]<\/p>\n","protected":false},"author":1,"featured_media":17829,"comment_status":"closed","ping_status":"closed","sticky":false,"template":"","format":"standard","meta":{"_acf_changed":false,"footnotes":""},"categories":[1],"tags":[],"class_list":["post-17825","post","type-post","status-publish","format-standard","has-post-thumbnail","hentry","category-uncategorized"],"acf":[],"yoast_head":"<!-- This site is optimized with the Yoast SEO plugin v27.1.1 - https:\/\/yoast.com\/product\/yoast-seo-wordpress\/ -->\n<title>\u201cLA RATITA PRESUMIDA\u201d es la \u00faltima mediaci\u00f3n online 2023 del Centro Cultural IPA - Valpara\u00ed\u00adso Creativo<\/title>\n<meta name=\"robots\" content=\"index, follow, max-snippet:-1, max-image-preview:large, max-video-preview:-1\" \/>\n<link rel=\"canonical\" href=\"https:\/\/dev.antudigital.cl\/sites\/vc\/la-ratita-presumida-es-la-ultima-mediacion-online-2023-del-centro-cultural-ipa\/\" \/>\n<meta property=\"og:locale\" content=\"es_ES\" \/>\n<meta property=\"og:type\" content=\"article\" \/>\n<meta property=\"og:title\" content=\"\u201cLA RATITA PRESUMIDA\u201d es la \u00faltima mediaci\u00f3n online 2023 del Centro Cultural IPA - Valpara\u00ed\u00adso Creativo\" \/>\n<meta property=\"og:description\" content=\"Hasta el\u00a0jueves 30 de noviembre\u00a0est\u00e1 disponible la \u00faltima mediaci\u00f3n online de la Programaci\u00f3n PAOCC 2023 del\u00a0Centro Cultural\u00a0IPA,\u00a0\u201cLa Ratita Presumida\u201d, producida por Fundaci\u00f3n Teatro TEATRIN y realizada por la Compa\u00f1\u00eda Teatro IluCi\u00f3n. El equipo est\u00e1 conformado por Isabel Vigueras, Rodrigo Reyes y Marcela Molina, con la musicalizaci\u00f3n de Jos\u00e9 \u201cPepe\u201d Salinas\u201d y Marco Neg\u00fce.Puedes revisar esta [&hellip;]\" \/>\n<meta property=\"og:url\" content=\"https:\/\/dev.antudigital.cl\/sites\/vc\/la-ratita-presumida-es-la-ultima-mediacion-online-2023-del-centro-cultural-ipa\/\" \/>\n<meta property=\"og:site_name\" content=\"Valpara\u00ed\u00adso Creativo\" \/>\n<meta property=\"article:published_time\" content=\"2023-11-27T17:59:45+00:00\" \/>\n<meta property=\"article:modified_time\" content=\"2023-11-27T17:59:53+00:00\" \/>\n<meta property=\"og:image\" content=\"https:\/\/dev.antudigital.cl\/sites\/vc\/wp-content\/uploads\/2023\/11\/LaRatitaPresumida.jpg\" \/>\n\t<meta property=\"og:image:width\" content=\"879\" \/>\n\t<meta property=\"og:image:height\" content=\"611\" \/>\n\t<meta property=\"og:image:type\" content=\"image\/jpeg\" \/>\n<meta name=\"author\" content=\"Valpara\u00edso Creativo\" \/>\n<meta name=\"twitter:card\" content=\"summary_large_image\" \/>\n<meta name=\"twitter:label1\" content=\"Escrito por\" \/>\n\t<meta name=\"twitter:data1\" content=\"Valpara\u00edso Creativo\" \/>\n\t<meta name=\"twitter:label2\" content=\"Tiempo de lectura\" \/>\n\t<meta name=\"twitter:data2\" content=\"2 minutos\" \/>\n<script type=\"application\/ld+json\" class=\"yoast-schema-graph\">{\"@context\":\"https:\/\/schema.org\",\"@graph\":[{\"@type\":\"Article\",\"@id\":\"https:\/\/dev.antudigital.cl\/sites\/vc\/la-ratita-presumida-es-la-ultima-mediacion-online-2023-del-centro-cultural-ipa\/#article\",\"isPartOf\":{\"@id\":\"https:\/\/dev.antudigital.cl\/sites\/vc\/la-ratita-presumida-es-la-ultima-mediacion-online-2023-del-centro-cultural-ipa\/\"},\"author\":{\"name\":\"Valpara\u00edso Creativo\",\"@id\":\"https:\/\/dev.antudigital.cl\/sites\/vc\/#\/schema\/person\/c2b9da8dd545e27166fc5ab232837318\"},\"headline\":\"\u201cLA RATITA PRESUMIDA\u201d es la \u00faltima mediaci\u00f3n online 2023 del Centro Cultural IPA\",\"datePublished\":\"2023-11-27T17:59:45+00:00\",\"dateModified\":\"2023-11-27T17:59:53+00:00\",\"mainEntityOfPage\":{\"@id\":\"https:\/\/dev.antudigital.cl\/sites\/vc\/la-ratita-presumida-es-la-ultima-mediacion-online-2023-del-centro-cultural-ipa\/\"},\"wordCount\":405,\"image\":{\"@id\":\"https:\/\/dev.antudigital.cl\/sites\/vc\/la-ratita-presumida-es-la-ultima-mediacion-online-2023-del-centro-cultural-ipa\/#primaryimage\"},\"thumbnailUrl\":\"https:\/\/dev.antudigital.cl\/sites\/vc\/wp-content\/uploads\/2023\/11\/LaRatitaPresumida.jpg\",\"articleSection\":[\"Uncategorized\"],\"inLanguage\":\"es\"},{\"@type\":\"WebPage\",\"@id\":\"https:\/\/dev.antudigital.cl\/sites\/vc\/la-ratita-presumida-es-la-ultima-mediacion-online-2023-del-centro-cultural-ipa\/\",\"url\":\"https:\/\/dev.antudigital.cl\/sites\/vc\/la-ratita-presumida-es-la-ultima-mediacion-online-2023-del-centro-cultural-ipa\/\",\"name\":\"\u201cLA RATITA PRESUMIDA\u201d es la \u00faltima mediaci\u00f3n online 2023 del Centro Cultural IPA - Valpara\u00ed\u00adso Creativo\",\"isPartOf\":{\"@id\":\"https:\/\/dev.antudigital.cl\/sites\/vc\/#website\"},\"primaryImageOfPage\":{\"@id\":\"https:\/\/dev.antudigital.cl\/sites\/vc\/la-ratita-presumida-es-la-ultima-mediacion-online-2023-del-centro-cultural-ipa\/#primaryimage\"},\"image\":{\"@id\":\"https:\/\/dev.antudigital.cl\/sites\/vc\/la-ratita-presumida-es-la-ultima-mediacion-online-2023-del-centro-cultural-ipa\/#primaryimage\"},\"thumbnailUrl\":\"https:\/\/dev.antudigital.cl\/sites\/vc\/wp-content\/uploads\/2023\/11\/LaRatitaPresumida.jpg\",\"datePublished\":\"2023-11-27T17:59:45+00:00\",\"dateModified\":\"2023-11-27T17:59:53+00:00\",\"author\":{\"@id\":\"https:\/\/dev.antudigital.cl\/sites\/vc\/#\/schema\/person\/c2b9da8dd545e27166fc5ab232837318\"},\"breadcrumb\":{\"@id\":\"https:\/\/dev.antudigital.cl\/sites\/vc\/la-ratita-presumida-es-la-ultima-mediacion-online-2023-del-centro-cultural-ipa\/#breadcrumb\"},\"inLanguage\":\"es\",\"potentialAction\":[{\"@type\":\"ReadAction\",\"target\":[\"https:\/\/dev.antudigital.cl\/sites\/vc\/la-ratita-presumida-es-la-ultima-mediacion-online-2023-del-centro-cultural-ipa\/\"]}]},{\"@type\":\"ImageObject\",\"inLanguage\":\"es\",\"@id\":\"https:\/\/dev.antudigital.cl\/sites\/vc\/la-ratita-presumida-es-la-ultima-mediacion-online-2023-del-centro-cultural-ipa\/#primaryimage\",\"url\":\"https:\/\/dev.antudigital.cl\/sites\/vc\/wp-content\/uploads\/2023\/11\/LaRatitaPresumida.jpg\",\"contentUrl\":\"https:\/\/dev.antudigital.cl\/sites\/vc\/wp-content\/uploads\/2023\/11\/LaRatitaPresumida.jpg\",\"width\":879,\"height\":611},{\"@type\":\"BreadcrumbList\",\"@id\":\"https:\/\/dev.antudigital.cl\/sites\/vc\/la-ratita-presumida-es-la-ultima-mediacion-online-2023-del-centro-cultural-ipa\/#breadcrumb\",\"itemListElement\":[{\"@type\":\"ListItem\",\"position\":1,\"name\":\"Home\",\"item\":\"https:\/\/dev.antudigital.cl\/sites\/vc\/\"},{\"@type\":\"ListItem\",\"position\":2,\"name\":\"\u201cLA RATITA PRESUMIDA\u201d es la \u00faltima mediaci\u00f3n online 2023 del Centro Cultural IPA\"}]},{\"@type\":\"WebSite\",\"@id\":\"https:\/\/dev.antudigital.cl\/sites\/vc\/#website\",\"url\":\"https:\/\/dev.antudigital.cl\/sites\/vc\/\",\"name\":\"Valpara\u00ed\u00adso Creativo\",\"description\":\"\",\"potentialAction\":[{\"@type\":\"SearchAction\",\"target\":{\"@type\":\"EntryPoint\",\"urlTemplate\":\"https:\/\/dev.antudigital.cl\/sites\/vc\/?s={search_term_string}\"},\"query-input\":{\"@type\":\"PropertyValueSpecification\",\"valueRequired\":true,\"valueName\":\"search_term_string\"}}],\"inLanguage\":\"es\"},{\"@type\":\"Person\",\"@id\":\"https:\/\/dev.antudigital.cl\/sites\/vc\/#\/schema\/person\/c2b9da8dd545e27166fc5ab232837318\",\"name\":\"Valpara\u00edso Creativo\",\"description\":\"Periodista de cultura en la Regi\u00f3n de Valpara\u00edso.\",\"url\":\"https:\/\/dev.antudigital.cl\/sites\/vc\/author\/valpoadmin\/\"}]}<\/script>\n<!-- \/ Yoast SEO plugin. -->","yoast_head_json":{"title":"\u201cLA RATITA PRESUMIDA\u201d es la \u00faltima mediaci\u00f3n online 2023 del Centro Cultural IPA - Valpara\u00ed\u00adso Creativo","robots":{"index":"index","follow":"follow","max-snippet":"max-snippet:-1","max-image-preview":"max-image-preview:large","max-video-preview":"max-video-preview:-1"},"canonical":"https:\/\/dev.antudigital.cl\/sites\/vc\/la-ratita-presumida-es-la-ultima-mediacion-online-2023-del-centro-cultural-ipa\/","og_locale":"es_ES","og_type":"article","og_title":"\u201cLA RATITA PRESUMIDA\u201d es la \u00faltima mediaci\u00f3n online 2023 del Centro Cultural IPA - Valpara\u00ed\u00adso Creativo","og_description":"Hasta el\u00a0jueves 30 de noviembre\u00a0est\u00e1 disponible la \u00faltima mediaci\u00f3n online de la Programaci\u00f3n PAOCC 2023 del\u00a0Centro Cultural\u00a0IPA,\u00a0\u201cLa Ratita Presumida\u201d, producida por Fundaci\u00f3n Teatro TEATRIN y realizada por la Compa\u00f1\u00eda Teatro IluCi\u00f3n. El equipo est\u00e1 conformado por Isabel Vigueras, Rodrigo Reyes y Marcela Molina, con la musicalizaci\u00f3n de Jos\u00e9 \u201cPepe\u201d Salinas\u201d y Marco Neg\u00fce.Puedes revisar esta [&hellip;]","og_url":"https:\/\/dev.antudigital.cl\/sites\/vc\/la-ratita-presumida-es-la-ultima-mediacion-online-2023-del-centro-cultural-ipa\/","og_site_name":"Valpara\u00ed\u00adso Creativo","article_published_time":"2023-11-27T17:59:45+00:00","article_modified_time":"2023-11-27T17:59:53+00:00","og_image":[{"width":879,"height":611,"url":"https:\/\/dev.antudigital.cl\/sites\/vc\/wp-content\/uploads\/2023\/11\/LaRatitaPresumida.jpg","type":"image\/jpeg"}],"author":"Valpara\u00edso Creativo","twitter_card":"summary_large_image","twitter_misc":{"Escrito por":"Valpara\u00edso Creativo","Tiempo de lectura":"2 minutos"},"schema":{"@context":"https:\/\/schema.org","@graph":[{"@type":"Article","@id":"https:\/\/dev.antudigital.cl\/sites\/vc\/la-ratita-presumida-es-la-ultima-mediacion-online-2023-del-centro-cultural-ipa\/#article","isPartOf":{"@id":"https:\/\/dev.antudigital.cl\/sites\/vc\/la-ratita-presumida-es-la-ultima-mediacion-online-2023-del-centro-cultural-ipa\/"},"author":{"name":"Valpara\u00edso Creativo","@id":"https:\/\/dev.antudigital.cl\/sites\/vc\/#\/schema\/person\/c2b9da8dd545e27166fc5ab232837318"},"headline":"\u201cLA RATITA PRESUMIDA\u201d es la \u00faltima mediaci\u00f3n online 2023 del Centro Cultural IPA","datePublished":"2023-11-27T17:59:45+00:00","dateModified":"2023-11-27T17:59:53+00:00","mainEntityOfPage":{"@id":"https:\/\/dev.antudigital.cl\/sites\/vc\/la-ratita-presumida-es-la-ultima-mediacion-online-2023-del-centro-cultural-ipa\/"},"wordCount":405,"image":{"@id":"https:\/\/dev.antudigital.cl\/sites\/vc\/la-ratita-presumida-es-la-ultima-mediacion-online-2023-del-centro-cultural-ipa\/#primaryimage"},"thumbnailUrl":"https:\/\/dev.antudigital.cl\/sites\/vc\/wp-content\/uploads\/2023\/11\/LaRatitaPresumida.jpg","articleSection":["Uncategorized"],"inLanguage":"es"},{"@type":"WebPage","@id":"https:\/\/dev.antudigital.cl\/sites\/vc\/la-ratita-presumida-es-la-ultima-mediacion-online-2023-del-centro-cultural-ipa\/","url":"https:\/\/dev.antudigital.cl\/sites\/vc\/la-ratita-presumida-es-la-ultima-mediacion-online-2023-del-centro-cultural-ipa\/","name":"\u201cLA RATITA PRESUMIDA\u201d es la \u00faltima mediaci\u00f3n online 2023 del Centro Cultural IPA - Valpara\u00ed\u00adso Creativo","isPartOf":{"@id":"https:\/\/dev.antudigital.cl\/sites\/vc\/#website"},"primaryImageOfPage":{"@id":"https:\/\/dev.antudigital.cl\/sites\/vc\/la-ratita-presumida-es-la-ultima-mediacion-online-2023-del-centro-cultural-ipa\/#primaryimage"},"image":{"@id":"https:\/\/dev.antudigital.cl\/sites\/vc\/la-ratita-presumida-es-la-ultima-mediacion-online-2023-del-centro-cultural-ipa\/#primaryimage"},"thumbnailUrl":"https:\/\/dev.antudigital.cl\/sites\/vc\/wp-content\/uploads\/2023\/11\/LaRatitaPresumida.jpg","datePublished":"2023-11-27T17:59:45+00:00","dateModified":"2023-11-27T17:59:53+00:00","author":{"@id":"https:\/\/dev.antudigital.cl\/sites\/vc\/#\/schema\/person\/c2b9da8dd545e27166fc5ab232837318"},"breadcrumb":{"@id":"https:\/\/dev.antudigital.cl\/sites\/vc\/la-ratita-presumida-es-la-ultima-mediacion-online-2023-del-centro-cultural-ipa\/#breadcrumb"},"inLanguage":"es","potentialAction":[{"@type":"ReadAction","target":["https:\/\/dev.antudigital.cl\/sites\/vc\/la-ratita-presumida-es-la-ultima-mediacion-online-2023-del-centro-cultural-ipa\/"]}]},{"@type":"ImageObject","inLanguage":"es","@id":"https:\/\/dev.antudigital.cl\/sites\/vc\/la-ratita-presumida-es-la-ultima-mediacion-online-2023-del-centro-cultural-ipa\/#primaryimage","url":"https:\/\/dev.antudigital.cl\/sites\/vc\/wp-content\/uploads\/2023\/11\/LaRatitaPresumida.jpg","contentUrl":"https:\/\/dev.antudigital.cl\/sites\/vc\/wp-content\/uploads\/2023\/11\/LaRatitaPresumida.jpg","width":879,"height":611},{"@type":"BreadcrumbList","@id":"https:\/\/dev.antudigital.cl\/sites\/vc\/la-ratita-presumida-es-la-ultima-mediacion-online-2023-del-centro-cultural-ipa\/#breadcrumb","itemListElement":[{"@type":"ListItem","position":1,"name":"Home","item":"https:\/\/dev.antudigital.cl\/sites\/vc\/"},{"@type":"ListItem","position":2,"name":"\u201cLA RATITA PRESUMIDA\u201d es la \u00faltima mediaci\u00f3n online 2023 del Centro Cultural IPA"}]},{"@type":"WebSite","@id":"https:\/\/dev.antudigital.cl\/sites\/vc\/#website","url":"https:\/\/dev.antudigital.cl\/sites\/vc\/","name":"Valpara\u00ed\u00adso Creativo","description":"","potentialAction":[{"@type":"SearchAction","target":{"@type":"EntryPoint","urlTemplate":"https:\/\/dev.antudigital.cl\/sites\/vc\/?s={search_term_string}"},"query-input":{"@type":"PropertyValueSpecification","valueRequired":true,"valueName":"search_term_string"}}],"inLanguage":"es"},{"@type":"Person","@id":"https:\/\/dev.antudigital.cl\/sites\/vc\/#\/schema\/person\/c2b9da8dd545e27166fc5ab232837318","name":"Valpara\u00edso Creativo","description":"Periodista de cultura en la Regi\u00f3n de Valpara\u00edso.","url":"https:\/\/dev.antudigital.cl\/sites\/vc\/author\/valpoadmin\/"}]}},"_links":{"self":[{"href":"https:\/\/dev.antudigital.cl\/sites\/vc\/wp-json\/wp\/v2\/posts\/17825","targetHints":{"allow":["GET"]}}],"collection":[{"href":"https:\/\/dev.antudigital.cl\/sites\/vc\/wp-json\/wp\/v2\/posts"}],"about":[{"href":"https:\/\/dev.antudigital.cl\/sites\/vc\/wp-json\/wp\/v2\/types\/post"}],"author":[{"embeddable":true,"href":"https:\/\/dev.antudigital.cl\/sites\/vc\/wp-json\/wp\/v2\/users\/1"}],"replies":[{"embeddable":true,"href":"https:\/\/dev.antudigital.cl\/sites\/vc\/wp-json\/wp\/v2\/comments?post=17825"}],"version-history":[{"count":1,"href":"https:\/\/dev.antudigital.cl\/sites\/vc\/wp-json\/wp\/v2\/posts\/17825\/revisions"}],"predecessor-version":[{"id":17830,"href":"https:\/\/dev.antudigital.cl\/sites\/vc\/wp-json\/wp\/v2\/posts\/17825\/revisions\/17830"}],"wp:featuredmedia":[{"embeddable":true,"href":"https:\/\/dev.antudigital.cl\/sites\/vc\/wp-json\/wp\/v2\/media\/17829"}],"wp:attachment":[{"href":"https:\/\/dev.antudigital.cl\/sites\/vc\/wp-json\/wp\/v2\/media?parent=17825"}],"wp:term":[{"taxonomy":"category","embeddable":true,"href":"https:\/\/dev.antudigital.cl\/sites\/vc\/wp-json\/wp\/v2\/categories?post=17825"},{"taxonomy":"post_tag","embeddable":true,"href":"https:\/\/dev.antudigital.cl\/sites\/vc\/wp-json\/wp\/v2\/tags?post=17825"}],"curies":[{"name":"wp","href":"https:\/\/api.w.org\/{rel}","templated":true}]}}