{"id":17831,"date":"2023-11-27T18:08:21","date_gmt":"2023-11-27T18:08:21","guid":{"rendered":"https:\/\/www.valparaisocreativo.cl\/?p=17831"},"modified":"2023-11-27T18:08:29","modified_gmt":"2023-11-27T18:08:29","slug":"microfono-abierto-en-rockodromo","status":"publish","type":"post","link":"https:\/\/dev.antudigital.cl\/sites\/vc\/microfono-abierto-en-rockodromo\/","title":{"rendered":"Micr\u00f3fono abierto en Rock\u00f3dromo"},"content":{"rendered":"\n<p>El programa Escuelas de Rock y M\u00fasica Popular del Ministerio de las Culturas, las\u00a0Artes y el Patrimonio, en alianza con el Instituto Profesional ARCOS y el Parque Cultural de Valpara\u00edso,\u00a0<strong>invitan a m\u00fasicos\/as\/es (bandas y solistas)<\/strong>\u00a0de la regi\u00f3n de Valpara\u00edso a participar del\u00a0<strong>Micr\u00f3fono Abierto<\/strong>, el cual se llevar\u00e1 a cabo los d\u00edas\u00a0<strong>s\u00e1bado 2 y domingo 3 de diciembre\u00a0de 2023,<\/strong>\u00a0en el escenario \u201cGuagu\u00f3dromo\u201d, entre las 19:00 y las 22:00 horas en el\u00a0marco de la celebraci\u00f3n de la XIX versi\u00f3n del Festival Rock\u00f3dromo, en el Parque Alejo\u00a0Barrios.<\/p>\n\n\n\n<p>Podr\u00e1n postular bandas y solistas con creaciones originales, que residan en la regi\u00f3n de Valpara\u00edso. Para participar deber\u00e1n inscribirse en el formulario disponible en la p\u00e1gina web\u00a0<a href=\"https:\/\/trackercl1.fidelizador.com\/L100D7974G78CF7BHA9F0C71A64JF46D19AFK100D7974979847B7A9C07B3D4DF8\" target=\"_blank\" rel=\"noreferrer noopener\">www.arcos.cl<\/a>\u00a0y\/o en el perfil de instagram\u00a0<a href=\"https:\/\/trackercl1.fidelizador.com\/L100D7974G78CF7BHA9F0C71A64JF46D1913K100D7974979847B7A9C07B3D4DF8\" target=\"_blank\" rel=\"noreferrer noopener\">@arcosvina<\/a>, adjuntando<br>a dicho formulario el dossier, ficha t\u00e9cnica, material audiovisual y \/o audio y verificadores de residencia.<\/p>\n\n\n\n<figure class=\"wp-block-image size-large\"><img fetchpriority=\"high\" decoding=\"async\" width=\"778\" height=\"1024\" src=\"https:\/\/www.valparaisocreativo.cl\/wp-content\/uploads\/2023\/11\/Rockodromo-778x1024.jpeg\" alt=\"\" class=\"wp-image-17832\" srcset=\"https:\/\/dev.antudigital.cl\/sites\/vc\/wp-content\/uploads\/2023\/11\/Rockodromo-778x1024.jpeg 778w, https:\/\/dev.antudigital.cl\/sites\/vc\/wp-content\/uploads\/2023\/11\/Rockodromo-228x300.jpeg 228w, https:\/\/dev.antudigital.cl\/sites\/vc\/wp-content\/uploads\/2023\/11\/Rockodromo-768x1010.jpeg 768w, https:\/\/dev.antudigital.cl\/sites\/vc\/wp-content\/uploads\/2023\/11\/Rockodromo-980x1289.jpeg 980w, https:\/\/dev.antudigital.cl\/sites\/vc\/wp-content\/uploads\/2023\/11\/Rockodromo-480x632.jpeg 480w, https:\/\/dev.antudigital.cl\/sites\/vc\/wp-content\/uploads\/2023\/11\/Rockodromo-18x24.jpeg 18w, https:\/\/dev.antudigital.cl\/sites\/vc\/wp-content\/uploads\/2023\/11\/Rockodromo-27x36.jpeg 27w, https:\/\/dev.antudigital.cl\/sites\/vc\/wp-content\/uploads\/2023\/11\/Rockodromo-36x48.jpeg 36w, https:\/\/dev.antudigital.cl\/sites\/vc\/wp-content\/uploads\/2023\/11\/Rockodromo.jpeg 1080w\" sizes=\"(max-width: 778px) 100vw, 778px\" \/><\/figure>\n","protected":false},"excerpt":{"rendered":"<p>El programa Escuelas de Rock y M\u00fasica Popular del Ministerio de las Culturas, las\u00a0Artes y el Patrimonio, en alianza con el Instituto Profesional ARCOS y el Parque Cultural de Valpara\u00edso,\u00a0invitan a m\u00fasicos\/as\/es (bandas y solistas)\u00a0de la regi\u00f3n de Valpara\u00edso a participar del\u00a0Micr\u00f3fono Abierto, el cual se llevar\u00e1 a cabo los d\u00edas\u00a0s\u00e1bado 2 y domingo 3 [&hellip;]<\/p>\n","protected":false},"author":1,"featured_media":17833,"comment_status":"closed","ping_status":"closed","sticky":false,"template":"","format":"standard","meta":{"_acf_changed":false,"footnotes":""},"categories":[1],"tags":[],"class_list":["post-17831","post","type-post","status-publish","format-standard","has-post-thumbnail","hentry","category-uncategorized"],"acf":[],"yoast_head":"<!-- This site is optimized with the Yoast SEO plugin v27.1.1 - https:\/\/yoast.com\/product\/yoast-seo-wordpress\/ -->\n<title>Micr\u00f3fono abierto en Rock\u00f3dromo - Valpara\u00ed\u00adso Creativo<\/title>\n<meta name=\"robots\" content=\"index, follow, max-snippet:-1, max-image-preview:large, max-video-preview:-1\" \/>\n<link rel=\"canonical\" href=\"https:\/\/dev.antudigital.cl\/sites\/vc\/microfono-abierto-en-rockodromo\/\" \/>\n<meta property=\"og:locale\" content=\"es_ES\" \/>\n<meta property=\"og:type\" content=\"article\" \/>\n<meta property=\"og:title\" content=\"Micr\u00f3fono abierto en Rock\u00f3dromo - Valpara\u00ed\u00adso Creativo\" \/>\n<meta property=\"og:description\" content=\"El programa Escuelas de Rock y M\u00fasica Popular del Ministerio de las Culturas, las\u00a0Artes y el Patrimonio, en alianza con el Instituto Profesional ARCOS y el Parque Cultural de Valpara\u00edso,\u00a0invitan a m\u00fasicos\/as\/es (bandas y solistas)\u00a0de la regi\u00f3n de Valpara\u00edso a participar del\u00a0Micr\u00f3fono Abierto, el cual se llevar\u00e1 a cabo los d\u00edas\u00a0s\u00e1bado 2 y domingo 3 [&hellip;]\" \/>\n<meta property=\"og:url\" content=\"https:\/\/dev.antudigital.cl\/sites\/vc\/microfono-abierto-en-rockodromo\/\" \/>\n<meta property=\"og:site_name\" content=\"Valpara\u00ed\u00adso Creativo\" \/>\n<meta property=\"article:published_time\" content=\"2023-11-27T18:08:21+00:00\" \/>\n<meta property=\"article:modified_time\" content=\"2023-11-27T18:08:29+00:00\" \/>\n<meta property=\"og:image\" content=\"https:\/\/dev.antudigital.cl\/sites\/vc\/wp-content\/uploads\/2023\/11\/Captura-de-Pantalla-2023-11-27-a-las-15.07.42.png\" \/>\n\t<meta property=\"og:image:width\" content=\"764\" \/>\n\t<meta property=\"og:image:height\" content=\"429\" \/>\n\t<meta property=\"og:image:type\" content=\"image\/png\" \/>\n<meta name=\"author\" content=\"Valpara\u00edso Creativo\" \/>\n<meta name=\"twitter:card\" content=\"summary_large_image\" \/>\n<meta name=\"twitter:label1\" content=\"Escrito por\" \/>\n\t<meta name=\"twitter:data1\" content=\"Valpara\u00edso Creativo\" \/>\n\t<meta name=\"twitter:label2\" content=\"Tiempo de lectura\" \/>\n\t<meta name=\"twitter:data2\" content=\"1 minuto\" \/>\n<script type=\"application\/ld+json\" class=\"yoast-schema-graph\">{\"@context\":\"https:\/\/schema.org\",\"@graph\":[{\"@type\":\"Article\",\"@id\":\"https:\/\/dev.antudigital.cl\/sites\/vc\/microfono-abierto-en-rockodromo\/#article\",\"isPartOf\":{\"@id\":\"https:\/\/dev.antudigital.cl\/sites\/vc\/microfono-abierto-en-rockodromo\/\"},\"author\":{\"name\":\"Valpara\u00edso Creativo\",\"@id\":\"https:\/\/dev.antudigital.cl\/sites\/vc\/#\/schema\/person\/c2b9da8dd545e27166fc5ab232837318\"},\"headline\":\"Micr\u00f3fono abierto en Rock\u00f3dromo\",\"datePublished\":\"2023-11-27T18:08:21+00:00\",\"dateModified\":\"2023-11-27T18:08:29+00:00\",\"mainEntityOfPage\":{\"@id\":\"https:\/\/dev.antudigital.cl\/sites\/vc\/microfono-abierto-en-rockodromo\/\"},\"wordCount\":168,\"image\":{\"@id\":\"https:\/\/dev.antudigital.cl\/sites\/vc\/microfono-abierto-en-rockodromo\/#primaryimage\"},\"thumbnailUrl\":\"https:\/\/dev.antudigital.cl\/sites\/vc\/wp-content\/uploads\/2023\/11\/Captura-de-Pantalla-2023-11-27-a-las-15.07.42.png\",\"articleSection\":[\"Uncategorized\"],\"inLanguage\":\"es\"},{\"@type\":\"WebPage\",\"@id\":\"https:\/\/dev.antudigital.cl\/sites\/vc\/microfono-abierto-en-rockodromo\/\",\"url\":\"https:\/\/dev.antudigital.cl\/sites\/vc\/microfono-abierto-en-rockodromo\/\",\"name\":\"Micr\u00f3fono abierto en Rock\u00f3dromo - Valpara\u00ed\u00adso Creativo\",\"isPartOf\":{\"@id\":\"https:\/\/dev.antudigital.cl\/sites\/vc\/#website\"},\"primaryImageOfPage\":{\"@id\":\"https:\/\/dev.antudigital.cl\/sites\/vc\/microfono-abierto-en-rockodromo\/#primaryimage\"},\"image\":{\"@id\":\"https:\/\/dev.antudigital.cl\/sites\/vc\/microfono-abierto-en-rockodromo\/#primaryimage\"},\"thumbnailUrl\":\"https:\/\/dev.antudigital.cl\/sites\/vc\/wp-content\/uploads\/2023\/11\/Captura-de-Pantalla-2023-11-27-a-las-15.07.42.png\",\"datePublished\":\"2023-11-27T18:08:21+00:00\",\"dateModified\":\"2023-11-27T18:08:29+00:00\",\"author\":{\"@id\":\"https:\/\/dev.antudigital.cl\/sites\/vc\/#\/schema\/person\/c2b9da8dd545e27166fc5ab232837318\"},\"breadcrumb\":{\"@id\":\"https:\/\/dev.antudigital.cl\/sites\/vc\/microfono-abierto-en-rockodromo\/#breadcrumb\"},\"inLanguage\":\"es\",\"potentialAction\":[{\"@type\":\"ReadAction\",\"target\":[\"https:\/\/dev.antudigital.cl\/sites\/vc\/microfono-abierto-en-rockodromo\/\"]}]},{\"@type\":\"ImageObject\",\"inLanguage\":\"es\",\"@id\":\"https:\/\/dev.antudigital.cl\/sites\/vc\/microfono-abierto-en-rockodromo\/#primaryimage\",\"url\":\"https:\/\/dev.antudigital.cl\/sites\/vc\/wp-content\/uploads\/2023\/11\/Captura-de-Pantalla-2023-11-27-a-las-15.07.42.png\",\"contentUrl\":\"https:\/\/dev.antudigital.cl\/sites\/vc\/wp-content\/uploads\/2023\/11\/Captura-de-Pantalla-2023-11-27-a-las-15.07.42.png\",\"width\":764,\"height\":429},{\"@type\":\"BreadcrumbList\",\"@id\":\"https:\/\/dev.antudigital.cl\/sites\/vc\/microfono-abierto-en-rockodromo\/#breadcrumb\",\"itemListElement\":[{\"@type\":\"ListItem\",\"position\":1,\"name\":\"Home\",\"item\":\"https:\/\/dev.antudigital.cl\/sites\/vc\/\"},{\"@type\":\"ListItem\",\"position\":2,\"name\":\"Micr\u00f3fono abierto en Rock\u00f3dromo\"}]},{\"@type\":\"WebSite\",\"@id\":\"https:\/\/dev.antudigital.cl\/sites\/vc\/#website\",\"url\":\"https:\/\/dev.antudigital.cl\/sites\/vc\/\",\"name\":\"Valpara\u00ed\u00adso Creativo\",\"description\":\"\",\"potentialAction\":[{\"@type\":\"SearchAction\",\"target\":{\"@type\":\"EntryPoint\",\"urlTemplate\":\"https:\/\/dev.antudigital.cl\/sites\/vc\/?s={search_term_string}\"},\"query-input\":{\"@type\":\"PropertyValueSpecification\",\"valueRequired\":true,\"valueName\":\"search_term_string\"}}],\"inLanguage\":\"es\"},{\"@type\":\"Person\",\"@id\":\"https:\/\/dev.antudigital.cl\/sites\/vc\/#\/schema\/person\/c2b9da8dd545e27166fc5ab232837318\",\"name\":\"Valpara\u00edso Creativo\",\"description\":\"Periodista de cultura en la Regi\u00f3n de Valpara\u00edso.\",\"url\":\"https:\/\/dev.antudigital.cl\/sites\/vc\/author\/valpoadmin\/\"}]}<\/script>\n<!-- \/ Yoast SEO plugin. -->","yoast_head_json":{"title":"Micr\u00f3fono abierto en Rock\u00f3dromo - Valpara\u00ed\u00adso Creativo","robots":{"index":"index","follow":"follow","max-snippet":"max-snippet:-1","max-image-preview":"max-image-preview:large","max-video-preview":"max-video-preview:-1"},"canonical":"https:\/\/dev.antudigital.cl\/sites\/vc\/microfono-abierto-en-rockodromo\/","og_locale":"es_ES","og_type":"article","og_title":"Micr\u00f3fono abierto en Rock\u00f3dromo - Valpara\u00ed\u00adso Creativo","og_description":"El programa Escuelas de Rock y M\u00fasica Popular del Ministerio de las Culturas, las\u00a0Artes y el Patrimonio, en alianza con el Instituto Profesional ARCOS y el Parque Cultural de Valpara\u00edso,\u00a0invitan a m\u00fasicos\/as\/es (bandas y solistas)\u00a0de la regi\u00f3n de Valpara\u00edso a participar del\u00a0Micr\u00f3fono Abierto, el cual se llevar\u00e1 a cabo los d\u00edas\u00a0s\u00e1bado 2 y domingo 3 [&hellip;]","og_url":"https:\/\/dev.antudigital.cl\/sites\/vc\/microfono-abierto-en-rockodromo\/","og_site_name":"Valpara\u00ed\u00adso Creativo","article_published_time":"2023-11-27T18:08:21+00:00","article_modified_time":"2023-11-27T18:08:29+00:00","og_image":[{"width":764,"height":429,"url":"https:\/\/dev.antudigital.cl\/sites\/vc\/wp-content\/uploads\/2023\/11\/Captura-de-Pantalla-2023-11-27-a-las-15.07.42.png","type":"image\/png"}],"author":"Valpara\u00edso Creativo","twitter_card":"summary_large_image","twitter_misc":{"Escrito por":"Valpara\u00edso Creativo","Tiempo de lectura":"1 minuto"},"schema":{"@context":"https:\/\/schema.org","@graph":[{"@type":"Article","@id":"https:\/\/dev.antudigital.cl\/sites\/vc\/microfono-abierto-en-rockodromo\/#article","isPartOf":{"@id":"https:\/\/dev.antudigital.cl\/sites\/vc\/microfono-abierto-en-rockodromo\/"},"author":{"name":"Valpara\u00edso Creativo","@id":"https:\/\/dev.antudigital.cl\/sites\/vc\/#\/schema\/person\/c2b9da8dd545e27166fc5ab232837318"},"headline":"Micr\u00f3fono abierto en Rock\u00f3dromo","datePublished":"2023-11-27T18:08:21+00:00","dateModified":"2023-11-27T18:08:29+00:00","mainEntityOfPage":{"@id":"https:\/\/dev.antudigital.cl\/sites\/vc\/microfono-abierto-en-rockodromo\/"},"wordCount":168,"image":{"@id":"https:\/\/dev.antudigital.cl\/sites\/vc\/microfono-abierto-en-rockodromo\/#primaryimage"},"thumbnailUrl":"https:\/\/dev.antudigital.cl\/sites\/vc\/wp-content\/uploads\/2023\/11\/Captura-de-Pantalla-2023-11-27-a-las-15.07.42.png","articleSection":["Uncategorized"],"inLanguage":"es"},{"@type":"WebPage","@id":"https:\/\/dev.antudigital.cl\/sites\/vc\/microfono-abierto-en-rockodromo\/","url":"https:\/\/dev.antudigital.cl\/sites\/vc\/microfono-abierto-en-rockodromo\/","name":"Micr\u00f3fono abierto en Rock\u00f3dromo - Valpara\u00ed\u00adso Creativo","isPartOf":{"@id":"https:\/\/dev.antudigital.cl\/sites\/vc\/#website"},"primaryImageOfPage":{"@id":"https:\/\/dev.antudigital.cl\/sites\/vc\/microfono-abierto-en-rockodromo\/#primaryimage"},"image":{"@id":"https:\/\/dev.antudigital.cl\/sites\/vc\/microfono-abierto-en-rockodromo\/#primaryimage"},"thumbnailUrl":"https:\/\/dev.antudigital.cl\/sites\/vc\/wp-content\/uploads\/2023\/11\/Captura-de-Pantalla-2023-11-27-a-las-15.07.42.png","datePublished":"2023-11-27T18:08:21+00:00","dateModified":"2023-11-27T18:08:29+00:00","author":{"@id":"https:\/\/dev.antudigital.cl\/sites\/vc\/#\/schema\/person\/c2b9da8dd545e27166fc5ab232837318"},"breadcrumb":{"@id":"https:\/\/dev.antudigital.cl\/sites\/vc\/microfono-abierto-en-rockodromo\/#breadcrumb"},"inLanguage":"es","potentialAction":[{"@type":"ReadAction","target":["https:\/\/dev.antudigital.cl\/sites\/vc\/microfono-abierto-en-rockodromo\/"]}]},{"@type":"ImageObject","inLanguage":"es","@id":"https:\/\/dev.antudigital.cl\/sites\/vc\/microfono-abierto-en-rockodromo\/#primaryimage","url":"https:\/\/dev.antudigital.cl\/sites\/vc\/wp-content\/uploads\/2023\/11\/Captura-de-Pantalla-2023-11-27-a-las-15.07.42.png","contentUrl":"https:\/\/dev.antudigital.cl\/sites\/vc\/wp-content\/uploads\/2023\/11\/Captura-de-Pantalla-2023-11-27-a-las-15.07.42.png","width":764,"height":429},{"@type":"BreadcrumbList","@id":"https:\/\/dev.antudigital.cl\/sites\/vc\/microfono-abierto-en-rockodromo\/#breadcrumb","itemListElement":[{"@type":"ListItem","position":1,"name":"Home","item":"https:\/\/dev.antudigital.cl\/sites\/vc\/"},{"@type":"ListItem","position":2,"name":"Micr\u00f3fono abierto en Rock\u00f3dromo"}]},{"@type":"WebSite","@id":"https:\/\/dev.antudigital.cl\/sites\/vc\/#website","url":"https:\/\/dev.antudigital.cl\/sites\/vc\/","name":"Valpara\u00ed\u00adso Creativo","description":"","potentialAction":[{"@type":"SearchAction","target":{"@type":"EntryPoint","urlTemplate":"https:\/\/dev.antudigital.cl\/sites\/vc\/?s={search_term_string}"},"query-input":{"@type":"PropertyValueSpecification","valueRequired":true,"valueName":"search_term_string"}}],"inLanguage":"es"},{"@type":"Person","@id":"https:\/\/dev.antudigital.cl\/sites\/vc\/#\/schema\/person\/c2b9da8dd545e27166fc5ab232837318","name":"Valpara\u00edso Creativo","description":"Periodista de cultura en la Regi\u00f3n de Valpara\u00edso.","url":"https:\/\/dev.antudigital.cl\/sites\/vc\/author\/valpoadmin\/"}]}},"_links":{"self":[{"href":"https:\/\/dev.antudigital.cl\/sites\/vc\/wp-json\/wp\/v2\/posts\/17831","targetHints":{"allow":["GET"]}}],"collection":[{"href":"https:\/\/dev.antudigital.cl\/sites\/vc\/wp-json\/wp\/v2\/posts"}],"about":[{"href":"https:\/\/dev.antudigital.cl\/sites\/vc\/wp-json\/wp\/v2\/types\/post"}],"author":[{"embeddable":true,"href":"https:\/\/dev.antudigital.cl\/sites\/vc\/wp-json\/wp\/v2\/users\/1"}],"replies":[{"embeddable":true,"href":"https:\/\/dev.antudigital.cl\/sites\/vc\/wp-json\/wp\/v2\/comments?post=17831"}],"version-history":[{"count":1,"href":"https:\/\/dev.antudigital.cl\/sites\/vc\/wp-json\/wp\/v2\/posts\/17831\/revisions"}],"predecessor-version":[{"id":17834,"href":"https:\/\/dev.antudigital.cl\/sites\/vc\/wp-json\/wp\/v2\/posts\/17831\/revisions\/17834"}],"wp:featuredmedia":[{"embeddable":true,"href":"https:\/\/dev.antudigital.cl\/sites\/vc\/wp-json\/wp\/v2\/media\/17833"}],"wp:attachment":[{"href":"https:\/\/dev.antudigital.cl\/sites\/vc\/wp-json\/wp\/v2\/media?parent=17831"}],"wp:term":[{"taxonomy":"category","embeddable":true,"href":"https:\/\/dev.antudigital.cl\/sites\/vc\/wp-json\/wp\/v2\/categories?post=17831"},{"taxonomy":"post_tag","embeddable":true,"href":"https:\/\/dev.antudigital.cl\/sites\/vc\/wp-json\/wp\/v2\/tags?post=17831"}],"curies":[{"name":"wp","href":"https:\/\/api.w.org\/{rel}","templated":true}]}}