{"id":17835,"date":"2023-11-27T18:18:59","date_gmt":"2023-11-27T18:18:59","guid":{"rendered":"https:\/\/www.valparaisocreativo.cl\/?p=17835"},"modified":"2023-11-27T18:19:10","modified_gmt":"2023-11-27T18:19:10","slug":"coleccion-de-paz-errazuriz-se-inaugura-en-valparaiso","status":"publish","type":"post","link":"https:\/\/dev.antudigital.cl\/sites\/vc\/coleccion-de-paz-errazuriz-se-inaugura-en-valparaiso\/","title":{"rendered":"Colecci\u00f3n de Paz Err\u00e1zuriz se inaugura en Valpara\u00edso"},"content":{"rendered":"\n<p>El viernes 15 de diciembre, al mediod\u00eda, la reconocida fot\u00f3grafa y Premio Nacional de Artes Pl\u00e1sticas 2017, inaugura \u201cArchivo Imperfecto\u201d en el auditorio del Instituto Profesional ARCOS sede Valpara\u00edso (Avenida Altamirano 1424).<\/p>\n\n\n\n<p>En un contexto marcado por los movimientos feministas y la implementaci\u00f3n de pol\u00edticas p\u00fablicas orientadas a la prevenci\u00f3n de la violencia contra la mujer, la fot\u00f3grafa muestra en esta colecci\u00f3n de 20 im\u00e1genes un corpus visual que da cuenta de una pr\u00e1ctica art\u00edstica que se desarrolla y persiste a pesar de las dificultades.<\/p>\n\n\n\n<p>Todas las im\u00e1genes de \u201cArchivo Imperfecto\u201d fueron realizadas en la d\u00e9cada de los ochenta, donde Err\u00e1zuriz recorre distintos barrios de Santiago y otras ciudades, y las fotograf\u00edas muestran una divisi\u00f3n sexual del trabajo y el binarismo sexo-g\u00e9nero, que se refleja en un ensayo que acompa\u00f1a la exposici\u00f3n, escrito por \u00c1ngeles Donoso Macaya y que explota las implicancias de hacerse fot\u00f3grafa en dictadura y en medio de un campo marcadamente masculino y machista.<\/p>\n\n\n\n<figure class=\"wp-block-image size-large\"><img fetchpriority=\"high\" decoding=\"async\" width=\"926\" height=\"1024\" src=\"https:\/\/www.valparaisocreativo.cl\/wp-content\/uploads\/2023\/11\/Credito_Carla-MaKay-926x1024.jpg\" alt=\"\" class=\"wp-image-17837\" srcset=\"https:\/\/dev.antudigital.cl\/sites\/vc\/wp-content\/uploads\/2023\/11\/Credito_Carla-MaKay-926x1024.jpg 926w, https:\/\/dev.antudigital.cl\/sites\/vc\/wp-content\/uploads\/2023\/11\/Credito_Carla-MaKay-271x300.jpg 271w, https:\/\/dev.antudigital.cl\/sites\/vc\/wp-content\/uploads\/2023\/11\/Credito_Carla-MaKay-768x850.jpg 768w, https:\/\/dev.antudigital.cl\/sites\/vc\/wp-content\/uploads\/2023\/11\/Credito_Carla-MaKay-1389x1536.jpg 1389w, https:\/\/dev.antudigital.cl\/sites\/vc\/wp-content\/uploads\/2023\/11\/Credito_Carla-MaKay-1851x2048.jpg 1851w, https:\/\/dev.antudigital.cl\/sites\/vc\/wp-content\/uploads\/2023\/11\/Credito_Carla-MaKay-1080x1195.jpg 1080w, https:\/\/dev.antudigital.cl\/sites\/vc\/wp-content\/uploads\/2023\/11\/Credito_Carla-MaKay-1280x1416.jpg 1280w, https:\/\/dev.antudigital.cl\/sites\/vc\/wp-content\/uploads\/2023\/11\/Credito_Carla-MaKay-980x1084.jpg 980w, https:\/\/dev.antudigital.cl\/sites\/vc\/wp-content\/uploads\/2023\/11\/Credito_Carla-MaKay-480x531.jpg 480w, https:\/\/dev.antudigital.cl\/sites\/vc\/wp-content\/uploads\/2023\/11\/Credito_Carla-MaKay-22x24.jpg 22w, https:\/\/dev.antudigital.cl\/sites\/vc\/wp-content\/uploads\/2023\/11\/Credito_Carla-MaKay-33x36.jpg 33w, https:\/\/dev.antudigital.cl\/sites\/vc\/wp-content\/uploads\/2023\/11\/Credito_Carla-MaKay-43x48.jpg 43w, https:\/\/dev.antudigital.cl\/sites\/vc\/wp-content\/uploads\/2023\/11\/Credito_Carla-MaKay.jpg 2034w\" sizes=\"(max-width: 926px) 100vw, 926px\" \/><\/figure>\n\n\n\n<p>La puesta en escena de estas im\u00e1genes y la activaci\u00f3n de este corpus documental por medio de la escritura y del di\u00e1logo con las audiencias, busca abordar e interrogar, textual y visualmente, las categor\u00edas \u201cmujer\u201d y \u201cmujeres\u201d, as\u00ed como tambi\u00e9n contribuir, desde una lente feminista, a la reflexi\u00f3n sobre la memoria visual y fotogr\u00e1fica del per\u00edodo de la dictadura en Chile.<\/p>\n\n\n\n<p>La curadur\u00eda de la exposici\u00f3n a instalarse en el nuevo auditorio del Campus Valpara\u00edso del Instituto Profesional ARCOS, quienes inician la Fotograf\u00eda como carrera profesional en Chile, corresponde a \u00c1ngeles Donoso, quien indica que \u201cArchivo Imperfecto provoca, a veces, la sensaci\u00f3n de lo ya visto. Esto no es un inconveniente, por el contrario. Aqu\u00ed, la novedad no es el principal aliciente; la excepcionalidad no es lo que importa. Para la fot\u00f3grafa, exponer este archivo imperfecto es un acto de memoria y una forma de autobiograf\u00eda. Un querer tomar distancia para re-ver y para ver-se en un conjunto de fotos\u201d.<\/p>\n\n\n\n<figure class=\"wp-block-image size-large\"><img decoding=\"async\" width=\"1024\" height=\"679\" src=\"https:\/\/www.valparaisocreativo.cl\/wp-content\/uploads\/2023\/11\/Paz-errazuriz-2-1024x679.jpg\" alt=\"\" class=\"wp-image-17836\" srcset=\"https:\/\/dev.antudigital.cl\/sites\/vc\/wp-content\/uploads\/2023\/11\/Paz-errazuriz-2-1024x679.jpg 1024w, https:\/\/dev.antudigital.cl\/sites\/vc\/wp-content\/uploads\/2023\/11\/Paz-errazuriz-2-300x199.jpg 300w, https:\/\/dev.antudigital.cl\/sites\/vc\/wp-content\/uploads\/2023\/11\/Paz-errazuriz-2-768x509.jpg 768w, https:\/\/dev.antudigital.cl\/sites\/vc\/wp-content\/uploads\/2023\/11\/Paz-errazuriz-2-1536x1019.jpg 1536w, https:\/\/dev.antudigital.cl\/sites\/vc\/wp-content\/uploads\/2023\/11\/Paz-errazuriz-2-2048x1359.jpg 2048w, https:\/\/dev.antudigital.cl\/sites\/vc\/wp-content\/uploads\/2023\/11\/Paz-errazuriz-2-1080x716.jpg 1080w, https:\/\/dev.antudigital.cl\/sites\/vc\/wp-content\/uploads\/2023\/11\/Paz-errazuriz-2-1280x849.jpg 1280w, https:\/\/dev.antudigital.cl\/sites\/vc\/wp-content\/uploads\/2023\/11\/Paz-errazuriz-2-980x650.jpg 980w, https:\/\/dev.antudigital.cl\/sites\/vc\/wp-content\/uploads\/2023\/11\/Paz-errazuriz-2-480x318.jpg 480w, https:\/\/dev.antudigital.cl\/sites\/vc\/wp-content\/uploads\/2023\/11\/Paz-errazuriz-2-24x16.jpg 24w, https:\/\/dev.antudigital.cl\/sites\/vc\/wp-content\/uploads\/2023\/11\/Paz-errazuriz-2-36x24.jpg 36w, https:\/\/dev.antudigital.cl\/sites\/vc\/wp-content\/uploads\/2023\/11\/Paz-errazuriz-2-48x32.jpg 48w\" sizes=\"(max-width: 1024px) 100vw, 1024px\" \/><\/figure>\n\n\n\n<p>Por su parte, Daniela Bertolini, jefa de la carrera de Fotograf\u00eda de ARCOS Vi\u00f1a del Mar, asegura que \u00abpara nuestra Escuela y p\u00fablico en general de la regi\u00f3n, es un verdadero acontecimiento que Paz Err\u00e1zuriz exhiba su trabajo ac\u00e1. Son numerosas las razones por las que nos nutre intensamente su obra y su presencia, su trabajo insistente y constante hasta hoy, su historia personal y la relaci\u00f3n con el medio fotogr\u00e1fico y los contextos sociales\u201d.\u00a0\u00a0<\/p>\n\n\n\n<p>Y, por supuesto, un orgullo para la ciudad puerto, pues la obra de Paz Err\u00e1zuriz se encuentra en las colecciones de la Tate Gallery de Londres, el MoMA de Nueva York y en los museos Guggenheim y Nacional de Bellas Artes de Chile. Y <strong>ahora estar\u00e1 en el Campus Valpara\u00edso de I.P. ARCOS, de Avenida Altamirano 1424, desde el 15 diciembre de 2023 hasta el 31 de enero de 2024, con entrada liberada.<\/strong><\/p>\n","protected":false},"excerpt":{"rendered":"<p>El viernes 15 de diciembre, al mediod\u00eda, la reconocida fot\u00f3grafa y Premio Nacional de Artes Pl\u00e1sticas 2017, inaugura \u201cArchivo Imperfecto\u201d en el auditorio del Instituto Profesional ARCOS sede Valpara\u00edso (Avenida Altamirano 1424). En un contexto marcado por los movimientos feministas y la implementaci\u00f3n de pol\u00edticas p\u00fablicas orientadas a la prevenci\u00f3n de la violencia contra la [&hellip;]<\/p>\n","protected":false},"author":1,"featured_media":17839,"comment_status":"closed","ping_status":"closed","sticky":false,"template":"","format":"standard","meta":{"_acf_changed":false,"footnotes":""},"categories":[1],"tags":[],"class_list":["post-17835","post","type-post","status-publish","format-standard","has-post-thumbnail","hentry","category-uncategorized"],"acf":[],"yoast_head":"<!-- This site is optimized with the Yoast SEO plugin v27.1.1 - https:\/\/yoast.com\/product\/yoast-seo-wordpress\/ -->\n<title>Colecci\u00f3n de Paz Err\u00e1zuriz se inaugura en Valpara\u00edso - Valpara\u00ed\u00adso Creativo<\/title>\n<meta name=\"robots\" content=\"index, follow, max-snippet:-1, max-image-preview:large, max-video-preview:-1\" \/>\n<link rel=\"canonical\" href=\"https:\/\/dev.antudigital.cl\/sites\/vc\/coleccion-de-paz-errazuriz-se-inaugura-en-valparaiso\/\" \/>\n<meta property=\"og:locale\" content=\"es_ES\" \/>\n<meta property=\"og:type\" content=\"article\" \/>\n<meta property=\"og:title\" content=\"Colecci\u00f3n de Paz Err\u00e1zuriz se inaugura en Valpara\u00edso - Valpara\u00ed\u00adso Creativo\" \/>\n<meta property=\"og:description\" content=\"El viernes 15 de diciembre, al mediod\u00eda, la reconocida fot\u00f3grafa y Premio Nacional de Artes Pl\u00e1sticas 2017, inaugura \u201cArchivo Imperfecto\u201d en el auditorio del Instituto Profesional ARCOS sede Valpara\u00edso (Avenida Altamirano 1424). En un contexto marcado por los movimientos feministas y la implementaci\u00f3n de pol\u00edticas p\u00fablicas orientadas a la prevenci\u00f3n de la violencia contra la [&hellip;]\" \/>\n<meta property=\"og:url\" content=\"https:\/\/dev.antudigital.cl\/sites\/vc\/coleccion-de-paz-errazuriz-se-inaugura-en-valparaiso\/\" \/>\n<meta property=\"og:site_name\" content=\"Valpara\u00ed\u00adso Creativo\" \/>\n<meta property=\"article:published_time\" content=\"2023-11-27T18:18:59+00:00\" \/>\n<meta property=\"article:modified_time\" content=\"2023-11-27T18:19:10+00:00\" \/>\n<meta property=\"og:image\" content=\"https:\/\/dev.antudigital.cl\/sites\/vc\/wp-content\/uploads\/2023\/11\/Paz-errazuriz-1-1-scaled.jpg\" \/>\n\t<meta property=\"og:image:width\" content=\"2560\" \/>\n\t<meta property=\"og:image:height\" content=\"1705\" \/>\n\t<meta property=\"og:image:type\" content=\"image\/jpeg\" \/>\n<meta name=\"author\" content=\"Valpara\u00edso Creativo\" \/>\n<meta name=\"twitter:card\" content=\"summary_large_image\" \/>\n<meta name=\"twitter:label1\" content=\"Escrito por\" \/>\n\t<meta name=\"twitter:data1\" content=\"Valpara\u00edso Creativo\" \/>\n\t<meta name=\"twitter:label2\" content=\"Tiempo de lectura\" \/>\n\t<meta name=\"twitter:data2\" content=\"3 minutos\" \/>\n<script type=\"application\/ld+json\" class=\"yoast-schema-graph\">{\"@context\":\"https:\/\/schema.org\",\"@graph\":[{\"@type\":\"Article\",\"@id\":\"https:\/\/dev.antudigital.cl\/sites\/vc\/coleccion-de-paz-errazuriz-se-inaugura-en-valparaiso\/#article\",\"isPartOf\":{\"@id\":\"https:\/\/dev.antudigital.cl\/sites\/vc\/coleccion-de-paz-errazuriz-se-inaugura-en-valparaiso\/\"},\"author\":{\"name\":\"Valpara\u00edso Creativo\",\"@id\":\"https:\/\/dev.antudigital.cl\/sites\/vc\/#\/schema\/person\/c2b9da8dd545e27166fc5ab232837318\"},\"headline\":\"Colecci\u00f3n de Paz Err\u00e1zuriz se inaugura en Valpara\u00edso\",\"datePublished\":\"2023-11-27T18:18:59+00:00\",\"dateModified\":\"2023-11-27T18:19:10+00:00\",\"mainEntityOfPage\":{\"@id\":\"https:\/\/dev.antudigital.cl\/sites\/vc\/coleccion-de-paz-errazuriz-se-inaugura-en-valparaiso\/\"},\"wordCount\":514,\"image\":{\"@id\":\"https:\/\/dev.antudigital.cl\/sites\/vc\/coleccion-de-paz-errazuriz-se-inaugura-en-valparaiso\/#primaryimage\"},\"thumbnailUrl\":\"https:\/\/dev.antudigital.cl\/sites\/vc\/wp-content\/uploads\/2023\/11\/Paz-errazuriz-1-1-scaled.jpg\",\"articleSection\":[\"Uncategorized\"],\"inLanguage\":\"es\"},{\"@type\":\"WebPage\",\"@id\":\"https:\/\/dev.antudigital.cl\/sites\/vc\/coleccion-de-paz-errazuriz-se-inaugura-en-valparaiso\/\",\"url\":\"https:\/\/dev.antudigital.cl\/sites\/vc\/coleccion-de-paz-errazuriz-se-inaugura-en-valparaiso\/\",\"name\":\"Colecci\u00f3n de Paz Err\u00e1zuriz se inaugura en Valpara\u00edso - Valpara\u00ed\u00adso Creativo\",\"isPartOf\":{\"@id\":\"https:\/\/dev.antudigital.cl\/sites\/vc\/#website\"},\"primaryImageOfPage\":{\"@id\":\"https:\/\/dev.antudigital.cl\/sites\/vc\/coleccion-de-paz-errazuriz-se-inaugura-en-valparaiso\/#primaryimage\"},\"image\":{\"@id\":\"https:\/\/dev.antudigital.cl\/sites\/vc\/coleccion-de-paz-errazuriz-se-inaugura-en-valparaiso\/#primaryimage\"},\"thumbnailUrl\":\"https:\/\/dev.antudigital.cl\/sites\/vc\/wp-content\/uploads\/2023\/11\/Paz-errazuriz-1-1-scaled.jpg\",\"datePublished\":\"2023-11-27T18:18:59+00:00\",\"dateModified\":\"2023-11-27T18:19:10+00:00\",\"author\":{\"@id\":\"https:\/\/dev.antudigital.cl\/sites\/vc\/#\/schema\/person\/c2b9da8dd545e27166fc5ab232837318\"},\"breadcrumb\":{\"@id\":\"https:\/\/dev.antudigital.cl\/sites\/vc\/coleccion-de-paz-errazuriz-se-inaugura-en-valparaiso\/#breadcrumb\"},\"inLanguage\":\"es\",\"potentialAction\":[{\"@type\":\"ReadAction\",\"target\":[\"https:\/\/dev.antudigital.cl\/sites\/vc\/coleccion-de-paz-errazuriz-se-inaugura-en-valparaiso\/\"]}]},{\"@type\":\"ImageObject\",\"inLanguage\":\"es\",\"@id\":\"https:\/\/dev.antudigital.cl\/sites\/vc\/coleccion-de-paz-errazuriz-se-inaugura-en-valparaiso\/#primaryimage\",\"url\":\"https:\/\/dev.antudigital.cl\/sites\/vc\/wp-content\/uploads\/2023\/11\/Paz-errazuriz-1-1-scaled.jpg\",\"contentUrl\":\"https:\/\/dev.antudigital.cl\/sites\/vc\/wp-content\/uploads\/2023\/11\/Paz-errazuriz-1-1-scaled.jpg\",\"width\":2560,\"height\":1705},{\"@type\":\"BreadcrumbList\",\"@id\":\"https:\/\/dev.antudigital.cl\/sites\/vc\/coleccion-de-paz-errazuriz-se-inaugura-en-valparaiso\/#breadcrumb\",\"itemListElement\":[{\"@type\":\"ListItem\",\"position\":1,\"name\":\"Home\",\"item\":\"https:\/\/dev.antudigital.cl\/sites\/vc\/\"},{\"@type\":\"ListItem\",\"position\":2,\"name\":\"Colecci\u00f3n de Paz Err\u00e1zuriz se inaugura en Valpara\u00edso\"}]},{\"@type\":\"WebSite\",\"@id\":\"https:\/\/dev.antudigital.cl\/sites\/vc\/#website\",\"url\":\"https:\/\/dev.antudigital.cl\/sites\/vc\/\",\"name\":\"Valpara\u00ed\u00adso Creativo\",\"description\":\"\",\"potentialAction\":[{\"@type\":\"SearchAction\",\"target\":{\"@type\":\"EntryPoint\",\"urlTemplate\":\"https:\/\/dev.antudigital.cl\/sites\/vc\/?s={search_term_string}\"},\"query-input\":{\"@type\":\"PropertyValueSpecification\",\"valueRequired\":true,\"valueName\":\"search_term_string\"}}],\"inLanguage\":\"es\"},{\"@type\":\"Person\",\"@id\":\"https:\/\/dev.antudigital.cl\/sites\/vc\/#\/schema\/person\/c2b9da8dd545e27166fc5ab232837318\",\"name\":\"Valpara\u00edso Creativo\",\"description\":\"Periodista de cultura en la Regi\u00f3n de Valpara\u00edso.\",\"url\":\"https:\/\/dev.antudigital.cl\/sites\/vc\/author\/valpoadmin\/\"}]}<\/script>\n<!-- \/ Yoast SEO plugin. -->","yoast_head_json":{"title":"Colecci\u00f3n de Paz Err\u00e1zuriz se inaugura en Valpara\u00edso - Valpara\u00ed\u00adso Creativo","robots":{"index":"index","follow":"follow","max-snippet":"max-snippet:-1","max-image-preview":"max-image-preview:large","max-video-preview":"max-video-preview:-1"},"canonical":"https:\/\/dev.antudigital.cl\/sites\/vc\/coleccion-de-paz-errazuriz-se-inaugura-en-valparaiso\/","og_locale":"es_ES","og_type":"article","og_title":"Colecci\u00f3n de Paz Err\u00e1zuriz se inaugura en Valpara\u00edso - Valpara\u00ed\u00adso Creativo","og_description":"El viernes 15 de diciembre, al mediod\u00eda, la reconocida fot\u00f3grafa y Premio Nacional de Artes Pl\u00e1sticas 2017, inaugura \u201cArchivo Imperfecto\u201d en el auditorio del Instituto Profesional ARCOS sede Valpara\u00edso (Avenida Altamirano 1424). En un contexto marcado por los movimientos feministas y la implementaci\u00f3n de pol\u00edticas p\u00fablicas orientadas a la prevenci\u00f3n de la violencia contra la [&hellip;]","og_url":"https:\/\/dev.antudigital.cl\/sites\/vc\/coleccion-de-paz-errazuriz-se-inaugura-en-valparaiso\/","og_site_name":"Valpara\u00ed\u00adso Creativo","article_published_time":"2023-11-27T18:18:59+00:00","article_modified_time":"2023-11-27T18:19:10+00:00","og_image":[{"width":2560,"height":1705,"url":"https:\/\/dev.antudigital.cl\/sites\/vc\/wp-content\/uploads\/2023\/11\/Paz-errazuriz-1-1-scaled.jpg","type":"image\/jpeg"}],"author":"Valpara\u00edso Creativo","twitter_card":"summary_large_image","twitter_misc":{"Escrito por":"Valpara\u00edso Creativo","Tiempo de lectura":"3 minutos"},"schema":{"@context":"https:\/\/schema.org","@graph":[{"@type":"Article","@id":"https:\/\/dev.antudigital.cl\/sites\/vc\/coleccion-de-paz-errazuriz-se-inaugura-en-valparaiso\/#article","isPartOf":{"@id":"https:\/\/dev.antudigital.cl\/sites\/vc\/coleccion-de-paz-errazuriz-se-inaugura-en-valparaiso\/"},"author":{"name":"Valpara\u00edso Creativo","@id":"https:\/\/dev.antudigital.cl\/sites\/vc\/#\/schema\/person\/c2b9da8dd545e27166fc5ab232837318"},"headline":"Colecci\u00f3n de Paz Err\u00e1zuriz se inaugura en Valpara\u00edso","datePublished":"2023-11-27T18:18:59+00:00","dateModified":"2023-11-27T18:19:10+00:00","mainEntityOfPage":{"@id":"https:\/\/dev.antudigital.cl\/sites\/vc\/coleccion-de-paz-errazuriz-se-inaugura-en-valparaiso\/"},"wordCount":514,"image":{"@id":"https:\/\/dev.antudigital.cl\/sites\/vc\/coleccion-de-paz-errazuriz-se-inaugura-en-valparaiso\/#primaryimage"},"thumbnailUrl":"https:\/\/dev.antudigital.cl\/sites\/vc\/wp-content\/uploads\/2023\/11\/Paz-errazuriz-1-1-scaled.jpg","articleSection":["Uncategorized"],"inLanguage":"es"},{"@type":"WebPage","@id":"https:\/\/dev.antudigital.cl\/sites\/vc\/coleccion-de-paz-errazuriz-se-inaugura-en-valparaiso\/","url":"https:\/\/dev.antudigital.cl\/sites\/vc\/coleccion-de-paz-errazuriz-se-inaugura-en-valparaiso\/","name":"Colecci\u00f3n de Paz Err\u00e1zuriz se inaugura en Valpara\u00edso - Valpara\u00ed\u00adso Creativo","isPartOf":{"@id":"https:\/\/dev.antudigital.cl\/sites\/vc\/#website"},"primaryImageOfPage":{"@id":"https:\/\/dev.antudigital.cl\/sites\/vc\/coleccion-de-paz-errazuriz-se-inaugura-en-valparaiso\/#primaryimage"},"image":{"@id":"https:\/\/dev.antudigital.cl\/sites\/vc\/coleccion-de-paz-errazuriz-se-inaugura-en-valparaiso\/#primaryimage"},"thumbnailUrl":"https:\/\/dev.antudigital.cl\/sites\/vc\/wp-content\/uploads\/2023\/11\/Paz-errazuriz-1-1-scaled.jpg","datePublished":"2023-11-27T18:18:59+00:00","dateModified":"2023-11-27T18:19:10+00:00","author":{"@id":"https:\/\/dev.antudigital.cl\/sites\/vc\/#\/schema\/person\/c2b9da8dd545e27166fc5ab232837318"},"breadcrumb":{"@id":"https:\/\/dev.antudigital.cl\/sites\/vc\/coleccion-de-paz-errazuriz-se-inaugura-en-valparaiso\/#breadcrumb"},"inLanguage":"es","potentialAction":[{"@type":"ReadAction","target":["https:\/\/dev.antudigital.cl\/sites\/vc\/coleccion-de-paz-errazuriz-se-inaugura-en-valparaiso\/"]}]},{"@type":"ImageObject","inLanguage":"es","@id":"https:\/\/dev.antudigital.cl\/sites\/vc\/coleccion-de-paz-errazuriz-se-inaugura-en-valparaiso\/#primaryimage","url":"https:\/\/dev.antudigital.cl\/sites\/vc\/wp-content\/uploads\/2023\/11\/Paz-errazuriz-1-1-scaled.jpg","contentUrl":"https:\/\/dev.antudigital.cl\/sites\/vc\/wp-content\/uploads\/2023\/11\/Paz-errazuriz-1-1-scaled.jpg","width":2560,"height":1705},{"@type":"BreadcrumbList","@id":"https:\/\/dev.antudigital.cl\/sites\/vc\/coleccion-de-paz-errazuriz-se-inaugura-en-valparaiso\/#breadcrumb","itemListElement":[{"@type":"ListItem","position":1,"name":"Home","item":"https:\/\/dev.antudigital.cl\/sites\/vc\/"},{"@type":"ListItem","position":2,"name":"Colecci\u00f3n de Paz Err\u00e1zuriz se inaugura en Valpara\u00edso"}]},{"@type":"WebSite","@id":"https:\/\/dev.antudigital.cl\/sites\/vc\/#website","url":"https:\/\/dev.antudigital.cl\/sites\/vc\/","name":"Valpara\u00ed\u00adso Creativo","description":"","potentialAction":[{"@type":"SearchAction","target":{"@type":"EntryPoint","urlTemplate":"https:\/\/dev.antudigital.cl\/sites\/vc\/?s={search_term_string}"},"query-input":{"@type":"PropertyValueSpecification","valueRequired":true,"valueName":"search_term_string"}}],"inLanguage":"es"},{"@type":"Person","@id":"https:\/\/dev.antudigital.cl\/sites\/vc\/#\/schema\/person\/c2b9da8dd545e27166fc5ab232837318","name":"Valpara\u00edso Creativo","description":"Periodista de cultura en la Regi\u00f3n de Valpara\u00edso.","url":"https:\/\/dev.antudigital.cl\/sites\/vc\/author\/valpoadmin\/"}]}},"_links":{"self":[{"href":"https:\/\/dev.antudigital.cl\/sites\/vc\/wp-json\/wp\/v2\/posts\/17835","targetHints":{"allow":["GET"]}}],"collection":[{"href":"https:\/\/dev.antudigital.cl\/sites\/vc\/wp-json\/wp\/v2\/posts"}],"about":[{"href":"https:\/\/dev.antudigital.cl\/sites\/vc\/wp-json\/wp\/v2\/types\/post"}],"author":[{"embeddable":true,"href":"https:\/\/dev.antudigital.cl\/sites\/vc\/wp-json\/wp\/v2\/users\/1"}],"replies":[{"embeddable":true,"href":"https:\/\/dev.antudigital.cl\/sites\/vc\/wp-json\/wp\/v2\/comments?post=17835"}],"version-history":[{"count":1,"href":"https:\/\/dev.antudigital.cl\/sites\/vc\/wp-json\/wp\/v2\/posts\/17835\/revisions"}],"predecessor-version":[{"id":17840,"href":"https:\/\/dev.antudigital.cl\/sites\/vc\/wp-json\/wp\/v2\/posts\/17835\/revisions\/17840"}],"wp:featuredmedia":[{"embeddable":true,"href":"https:\/\/dev.antudigital.cl\/sites\/vc\/wp-json\/wp\/v2\/media\/17839"}],"wp:attachment":[{"href":"https:\/\/dev.antudigital.cl\/sites\/vc\/wp-json\/wp\/v2\/media?parent=17835"}],"wp:term":[{"taxonomy":"category","embeddable":true,"href":"https:\/\/dev.antudigital.cl\/sites\/vc\/wp-json\/wp\/v2\/categories?post=17835"},{"taxonomy":"post_tag","embeddable":true,"href":"https:\/\/dev.antudigital.cl\/sites\/vc\/wp-json\/wp\/v2\/tags?post=17835"}],"curies":[{"name":"wp","href":"https:\/\/api.w.org\/{rel}","templated":true}]}}