{"id":17841,"date":"2023-11-27T21:13:13","date_gmt":"2023-11-27T21:13:13","guid":{"rendered":"https:\/\/www.valparaisocreativo.cl\/?p=17841"},"modified":"2023-11-27T21:13:21","modified_gmt":"2023-11-27T21:13:21","slug":"arte-en-fuga-2023-dialogos-y-experiencias-creativas-de-abya-yala-contra-el-castigo","status":"publish","type":"post","link":"https:\/\/dev.antudigital.cl\/sites\/vc\/arte-en-fuga-2023-dialogos-y-experiencias-creativas-de-abya-yala-contra-el-castigo\/","title":{"rendered":"ARTE EN FUGA 2023: Di\u00e1logos y experiencias creativas de Abya Yala contra el castigo"},"content":{"rendered":"\n<p>La Fundaci\u00f3n P\u00e1jarx entre P\u00faas, con la colaboraci\u00f3n del Parque Cultural de Valpara\u00edso e IberCultura Viva, presentan la cuarta edici\u00f3n del Encuentro Internacional de artes en c\u00e1rceles: \u201c<strong>ARTE EN FUGA 2023: Di\u00e1logos y experiencias creativas de Abya Yala contra el castigo<\/strong>\u201d, que inicia este domingo 26 con la inauguraci\u00f3n de la \u201cGaler\u00eda Arte en Fuga\u201d, instalada en pleno sitio de memoria de la Ex C\u00e1rcel de Valpara\u00edso.<\/p>\n\n\n\n<p>Esta cuarta versi\u00f3n del evento cuenta con la participaci\u00f3n de organizaciones provenientes de Ecuador, M\u00e9xico y Argentina, las que vienen a exponer e intercambiar experiencias sobre el arte como herramienta de transformaci\u00f3n social y alternativas para enfrentar el contexto penitenciario y post penitenciario desde estrategias culturales y comunitarias.<\/p>\n\n\n\n<p>Sobre este encuentro,\u00a0<strong>Graciela Rojas de la ONG Mujeres Tras las Rejas de Rosario, Argentina<\/strong>, se\u00f1ala:\u00a0<em>\u00abPara Mujeres Tras Las Rejas, poder participar del encuentro Arte en Fuga es magn\u00edfico porque permite el intercambio de experiencias, de trabajo y enriquece nuestro trabajo, celebramos que P\u00e1jarx entre P\u00faas organice este encuentro por cuarto a\u00f1o consecutivo y as\u00ed poder conocer las realidades del encarcelamiento femenino en cada espacio, nos permite a las organizaciones visualizar cuales son las nuevas estrategias que podemos aplicar en nuestros territorios\u00bb<\/em><\/p>\n\n\n\n<figure class=\"wp-block-image size-large\"><img fetchpriority=\"high\" decoding=\"async\" width=\"1024\" height=\"1024\" src=\"https:\/\/www.valparaisocreativo.cl\/wp-content\/uploads\/2023\/11\/Arte-en-Fuga-1-1024x1024.jpeg\" alt=\"\" class=\"wp-image-17844\" srcset=\"https:\/\/dev.antudigital.cl\/sites\/vc\/wp-content\/uploads\/2023\/11\/Arte-en-Fuga-1-1024x1024.jpeg 1024w, https:\/\/dev.antudigital.cl\/sites\/vc\/wp-content\/uploads\/2023\/11\/Arte-en-Fuga-1-300x300.jpeg 300w, https:\/\/dev.antudigital.cl\/sites\/vc\/wp-content\/uploads\/2023\/11\/Arte-en-Fuga-1-150x150.jpeg 150w, https:\/\/dev.antudigital.cl\/sites\/vc\/wp-content\/uploads\/2023\/11\/Arte-en-Fuga-1-768x768.jpeg 768w, https:\/\/dev.antudigital.cl\/sites\/vc\/wp-content\/uploads\/2023\/11\/Arte-en-Fuga-1-1080x1080.jpeg 1080w, https:\/\/dev.antudigital.cl\/sites\/vc\/wp-content\/uploads\/2023\/11\/Arte-en-Fuga-1-980x980.jpeg 980w, https:\/\/dev.antudigital.cl\/sites\/vc\/wp-content\/uploads\/2023\/11\/Arte-en-Fuga-1-480x480.jpeg 480w, https:\/\/dev.antudigital.cl\/sites\/vc\/wp-content\/uploads\/2023\/11\/Arte-en-Fuga-1-24x24.jpeg 24w, https:\/\/dev.antudigital.cl\/sites\/vc\/wp-content\/uploads\/2023\/11\/Arte-en-Fuga-1-36x36.jpeg 36w, https:\/\/dev.antudigital.cl\/sites\/vc\/wp-content\/uploads\/2023\/11\/Arte-en-Fuga-1-48x48.jpeg 48w, https:\/\/dev.antudigital.cl\/sites\/vc\/wp-content\/uploads\/2023\/11\/Arte-en-Fuga-1.jpeg 1280w\" sizes=\"(max-width: 1024px) 100vw, 1024px\" \/><\/figure>\n\n\n\n<p>Al respecto, el&nbsp;<strong>director ejecutivo (i) del Parque Cultural Ex C\u00e1rcel, Erick Fuentes<\/strong>, se\u00f1al\u00f3 que \u201c<em>estamos muy contentos de poder colaborar con la Fundaci\u00f3n P\u00e1jarx entre P\u00faas en la cuarta edici\u00f3n del Encuentro Internacional Arte en Fuga. Esta instancia es una oportunidad para visibilizar el trabajo de las organizaciones que utilizan las artes como herramienta de transformaci\u00f3n social en el contexto penitenciario, porque el arte tiene el poder de conectarnos, de generar empat\u00eda y de promover la reflexi\u00f3n. Un encuentro que nos invita a pensar en la prisi\u00f3n de manera diferente, porque en este espacio se entrelazan las pr\u00e1cticas art\u00edsticas y activistas del feminismo anticarcelario, desafiando y cuestionando la cultura del castigo<\/em>\u201d.<\/p>\n\n\n\n<p><strong>Programaci\u00f3n<\/strong><\/p>\n\n\n\n<p>Este a\u00f1o el programa de actividades inicia el domingo 26 de noviembre a las 18:00 hrs. con el lanzamiento del Encuentro y la<strong>&nbsp;inauguraci\u00f3n de la Galer\u00eda Arte en Fuga<\/strong>, ocasi\u00f3n que contar\u00e1 con la intervenci\u00f3n esc\u00e9nica&nbsp;<strong>\u201c\u00danete al Baile\u201d,<\/strong>&nbsp;que conecta el proceso creativo de mujeres privadas de libertad&nbsp; y j\u00f3venes participantes del taller transdisciplinar realizado por P\u00e1jarx entre P\u00faas y Balmaceda Arte Joven. Adem\u00e1s, habr\u00e1 m\u00fasica en vivo y palabras de las organizaciones internacionales invitadas.<\/p>\n\n\n\n<p>Posteriormente el martes 28 a las 18:00 hrs. se realizar\u00e1 el l<strong>anzamiento de la editorial \u201cPlumas de lechuza\u201d<\/strong>\u00a0de la fundaci\u00f3n P\u00e1jarx entre P\u00faas, la que estar\u00e1 exponiendo los primeros t\u00edtulos de su cat\u00e1logo con contenidos sobre c\u00e1rcel, maternidad, antipunitivismo, cultura y territorio. En esta misma ocasi\u00f3n se llevar\u00e1 a cabo el\u00a0<strong>conversatorio \u201cAbya Yala Contra el Castigo\u201d<\/strong>\u00a0en el que las organizaciones invitadas compartir\u00e1n las experiencias que desarrollan en sus pa\u00edses de origen y reflexiones en torno a las justicias y sus alternativas.<\/p>\n\n\n\n<figure class=\"wp-block-image size-large\"><img decoding=\"async\" width=\"1024\" height=\"683\" src=\"https:\/\/www.valparaisocreativo.cl\/wp-content\/uploads\/2023\/11\/Pajarx-entre-Puas-7-1024x683.jpg\" alt=\"\" class=\"wp-image-17842\" srcset=\"https:\/\/dev.antudigital.cl\/sites\/vc\/wp-content\/uploads\/2023\/11\/Pajarx-entre-Puas-7-1024x683.jpg 1024w, https:\/\/dev.antudigital.cl\/sites\/vc\/wp-content\/uploads\/2023\/11\/Pajarx-entre-Puas-7-300x200.jpg 300w, https:\/\/dev.antudigital.cl\/sites\/vc\/wp-content\/uploads\/2023\/11\/Pajarx-entre-Puas-7-768x512.jpg 768w, https:\/\/dev.antudigital.cl\/sites\/vc\/wp-content\/uploads\/2023\/11\/Pajarx-entre-Puas-7-1536x1024.jpg 1536w, https:\/\/dev.antudigital.cl\/sites\/vc\/wp-content\/uploads\/2023\/11\/Pajarx-entre-Puas-7-2048x1365.jpg 2048w, https:\/\/dev.antudigital.cl\/sites\/vc\/wp-content\/uploads\/2023\/11\/Pajarx-entre-Puas-7-1080x720.jpg 1080w, https:\/\/dev.antudigital.cl\/sites\/vc\/wp-content\/uploads\/2023\/11\/Pajarx-entre-Puas-7-1280x854.jpg 1280w, https:\/\/dev.antudigital.cl\/sites\/vc\/wp-content\/uploads\/2023\/11\/Pajarx-entre-Puas-7-980x653.jpg 980w, https:\/\/dev.antudigital.cl\/sites\/vc\/wp-content\/uploads\/2023\/11\/Pajarx-entre-Puas-7-480x320.jpg 480w, https:\/\/dev.antudigital.cl\/sites\/vc\/wp-content\/uploads\/2023\/11\/Pajarx-entre-Puas-7-24x16.jpg 24w, https:\/\/dev.antudigital.cl\/sites\/vc\/wp-content\/uploads\/2023\/11\/Pajarx-entre-Puas-7-36x24.jpg 36w, https:\/\/dev.antudigital.cl\/sites\/vc\/wp-content\/uploads\/2023\/11\/Pajarx-entre-Puas-7-48x32.jpg 48w\" sizes=\"(max-width: 1024px) 100vw, 1024px\" \/><\/figure>\n\n\n\n<p>Luego, el mi\u00e9rcoles 29 a las 18:30 hrs. se podr\u00e1 presenciar&nbsp; la puesta en escena de la obra&nbsp;<strong><em>Juntas m\u00e1s libres<\/em><\/strong>, montaje que a trav\u00e9s de fragmentos audiovisuales, canciones originales, elementos sonoros y danza entre otros, la obra aborda aspectos de la violencia de g\u00e9nero, las dificultades de la vida en prisi\u00f3n, la maternidad tras las rejas y tambi\u00e9n las fortalezas, sue\u00f1os y posibilidades de transformaci\u00f3n que las mujeres privadas de libertad generan. Esta obra cuenta con un equipo creativo de basta trayectoria y la colaboraci\u00f3n de la banda local \u201cTrappo\u201d y de la cantautora Mon Laferte.<\/p>\n\n\n\n<p>Una de las integrantes del elenco de Juntas m\u00e1s Libres es Camila Leal, ella es una mujer excarcelada, protagonista de la obra en la que adem\u00e1s de actuar, canta una canci\u00f3n que ella misma cre\u00f3 junto a otras compa\u00f1eras en un taller dictado por Mon Laferte y organizado por la Fundaci\u00f3n P\u00e1jarx entre P\u00faas, Camila nos cuenta:&nbsp;<em>\u00abParticipar en Juntas m\u00e1s Libres es una experiencia inolvidable, siempre so\u00f1\u00e9 poder cantar en un teatro y ahora lleg\u00f3 esa oportunidad, nunca pens\u00e9 que se podr\u00eda hacer real y espero que esta obra sirva para que se escuche la voz de todas esas mujeres que estamos llenas de sue\u00f1os y no lo hemos podido cumplir\u00bb<\/em><\/p>\n\n\n\n<p>En tanto desde la Fundaci\u00f3n P\u00e1jarx entre P\u00faas, entidad organizadora del Encuentro Arte en Fuga se\u00f1alan:&nbsp;<em>\u201cConocemos el poder transformador de las artes, por ello creemos profundamente que a trav\u00e9s de la creaci\u00f3n podemos buscar alternativas para detener el c\u00edrculo de la violencia, generar reparaci\u00f3n y cohesi\u00f3n social, siguiendo nuestro lema &lt;&lt;transformar dolor en movimiento y movimiento en libertad&gt;&gt;\u201d.<\/em><\/p>\n\n\n\n<p>En esta versi\u00f3n tambi\u00e9n se exhibir\u00e1 en Insomnia Teatro Condell, el s\u00e1bado 9 de diciembre a las 17:00 hrs., el documental&nbsp;<strong><em>Malqueridas,<\/em><\/strong>&nbsp;dirigido por Tania Gilbert que, por medio de grabaciones de celular dentro de la c\u00e1rcel, da cuenta de la dolorosa experiencia de las madres tras las rejas.<\/p>\n\n\n\n<p>La apuesta de la Fundaci\u00f3n P\u00e1jarx entre P\u00faas y el Encuentro Arte en Fuga,&nbsp;busca abordar la problem\u00e1tica de la prisi\u00f3n a trav\u00e9s de estrategias de creaci\u00f3n, comunidad y reparaci\u00f3n, teniendo a las artes y creaci\u00f3n colectiva como principal herramienta de transformaci\u00f3n personal, comunitaria y social.&nbsp;<\/p>\n\n\n\n<p>Para m\u00e1s informaci\u00f3n, puedes visitar las redes sociales @pajarxentrepuas,\u00a0<a href=\"http:\/\/www.pajarxentrepuas.cl\/\" target=\"_blank\" rel=\"noreferrer noopener\">www.pajarxentrepuas.cl<\/a>\u00a0 o escribir al correo:\u00a0<a href=\"mailto:encuentroartenfuga@gmail.com\" target=\"_blank\" rel=\"noreferrer noopener\">encuentroartenfuga@gmail.com<\/a>\u00a0<\/p>\n\n\n\n<figure class=\"wp-block-image size-full\"><img decoding=\"async\" width=\"504\" height=\"627\" src=\"https:\/\/www.valparaisocreativo.cl\/wp-content\/uploads\/2023\/11\/Captura-de-Pantalla-2023-11-27-a-las-18.09.58.png\" alt=\"\" class=\"wp-image-17845\" srcset=\"https:\/\/dev.antudigital.cl\/sites\/vc\/wp-content\/uploads\/2023\/11\/Captura-de-Pantalla-2023-11-27-a-las-18.09.58.png 504w, https:\/\/dev.antudigital.cl\/sites\/vc\/wp-content\/uploads\/2023\/11\/Captura-de-Pantalla-2023-11-27-a-las-18.09.58-241x300.png 241w, https:\/\/dev.antudigital.cl\/sites\/vc\/wp-content\/uploads\/2023\/11\/Captura-de-Pantalla-2023-11-27-a-las-18.09.58-480x597.png 480w, https:\/\/dev.antudigital.cl\/sites\/vc\/wp-content\/uploads\/2023\/11\/Captura-de-Pantalla-2023-11-27-a-las-18.09.58-19x24.png 19w, https:\/\/dev.antudigital.cl\/sites\/vc\/wp-content\/uploads\/2023\/11\/Captura-de-Pantalla-2023-11-27-a-las-18.09.58-29x36.png 29w, https:\/\/dev.antudigital.cl\/sites\/vc\/wp-content\/uploads\/2023\/11\/Captura-de-Pantalla-2023-11-27-a-las-18.09.58-39x48.png 39w\" sizes=\"(max-width: 504px) 100vw, 504px\" \/><\/figure>\n\n\n\n<p><strong>Programaci\u00f3n Arte en Fuga 2023<\/strong><\/p>\n\n\n\n<p><strong>Domingo 26 de noviembre<\/strong><\/p>\n\n\n\n<p><strong>18:00 hrs \/ Ex Galer\u00eda de Reos. Sitio de Memoria Ex C\u00e1rcel de Valpara\u00edso<\/strong><\/p>\n\n\n\n<p>Inauguraci\u00f3n Galer\u00eda Arte en Fuga + Intervenci\u00f3n Esc\u00e9nica \u201c\u00danete al Baile\u201d<\/p>\n\n\n\n<p><strong>Martes 28 de noviembre&nbsp;<\/strong><\/p>\n\n\n\n<p><strong>18:00 hrs \/ Ex Galer\u00eda de Reos. Sitio de Memoria Ex C\u00e1rcel de Valpara\u00edso<\/strong><\/p>\n\n\n\n<p>Lanzamiento editorial \u201cPlumas de Lechuza\u201d + Conversatorio Abya Yala contra el castigo.<\/p>\n\n\n\n<p><strong>Mi\u00e9rcoles 29 de&nbsp; noviembre&nbsp;<\/strong><\/p>\n\n\n\n<p><strong>18:30 hrs \/ Teatro PCdV&nbsp; Ex C\u00e1rcel de Valpara\u00edso<\/strong><\/p>\n\n\n\n<p>Obra esc\u00e9nica: Juntas m\u00e1s Libres. Entrada liberada.<\/p>\n\n\n\n<p><strong>S\u00e1bado 9 de diciembre<\/strong><\/p>\n\n\n\n<p><strong>17:00 hrs. \/ Sala Insomnia, Teatro Condell.<\/strong><\/p>\n\n\n\n<p>Documental: \u201cMalqueridas\u201d de Tana Gilbert.<\/p>\n\n\n\n<p><strong>Domingo 10 de diciembre<\/strong><\/p>\n\n\n\n<p><strong>17:00 hrs. Sala de lectura PCdV&nbsp; Ex C\u00e1rcel de Valpara\u00edso<\/strong><\/p>\n\n\n\n<p>Conversatorio: C\u00e1rcel, diversidades y territorio.<\/p>\n\n\n\n<p>En el marco de la conmemoraci\u00f3n del D\u00eda de los Derechos Humanos.<\/p>\n","protected":false},"excerpt":{"rendered":"<p>La Fundaci\u00f3n P\u00e1jarx entre P\u00faas, con la colaboraci\u00f3n del Parque Cultural de Valpara\u00edso e IberCultura Viva, presentan la cuarta edici\u00f3n del Encuentro Internacional de artes en c\u00e1rceles: \u201cARTE EN FUGA 2023: Di\u00e1logos y experiencias creativas de Abya Yala contra el castigo\u201d, que inicia este domingo 26 con la inauguraci\u00f3n de la \u201cGaler\u00eda Arte en Fuga\u201d, [&hellip;]<\/p>\n","protected":false},"author":1,"featured_media":17843,"comment_status":"closed","ping_status":"closed","sticky":false,"template":"","format":"standard","meta":{"_acf_changed":false,"footnotes":""},"categories":[1],"tags":[],"class_list":["post-17841","post","type-post","status-publish","format-standard","has-post-thumbnail","hentry","category-uncategorized"],"acf":[],"yoast_head":"<!-- This site is optimized with the Yoast SEO plugin v27.1.1 - https:\/\/yoast.com\/product\/yoast-seo-wordpress\/ -->\n<title>ARTE EN FUGA 2023: Di\u00e1logos y experiencias creativas de Abya Yala contra el castigo - Valpara\u00ed\u00adso Creativo<\/title>\n<meta name=\"robots\" content=\"index, follow, max-snippet:-1, max-image-preview:large, max-video-preview:-1\" \/>\n<link rel=\"canonical\" href=\"https:\/\/dev.antudigital.cl\/sites\/vc\/arte-en-fuga-2023-dialogos-y-experiencias-creativas-de-abya-yala-contra-el-castigo\/\" \/>\n<meta property=\"og:locale\" content=\"es_ES\" \/>\n<meta property=\"og:type\" content=\"article\" \/>\n<meta property=\"og:title\" content=\"ARTE EN FUGA 2023: Di\u00e1logos y experiencias creativas de Abya Yala contra el castigo - Valpara\u00ed\u00adso Creativo\" \/>\n<meta property=\"og:description\" content=\"La Fundaci\u00f3n P\u00e1jarx entre P\u00faas, con la colaboraci\u00f3n del Parque Cultural de Valpara\u00edso e IberCultura Viva, presentan la cuarta edici\u00f3n del Encuentro Internacional de artes en c\u00e1rceles: \u201cARTE EN FUGA 2023: Di\u00e1logos y experiencias creativas de Abya Yala contra el castigo\u201d, que inicia este domingo 26 con la inauguraci\u00f3n de la \u201cGaler\u00eda Arte en Fuga\u201d, [&hellip;]\" \/>\n<meta property=\"og:url\" content=\"https:\/\/dev.antudigital.cl\/sites\/vc\/arte-en-fuga-2023-dialogos-y-experiencias-creativas-de-abya-yala-contra-el-castigo\/\" \/>\n<meta property=\"og:site_name\" content=\"Valpara\u00ed\u00adso Creativo\" \/>\n<meta property=\"article:published_time\" content=\"2023-11-27T21:13:13+00:00\" \/>\n<meta property=\"article:modified_time\" content=\"2023-11-27T21:13:21+00:00\" \/>\n<meta property=\"og:image\" content=\"https:\/\/dev.antudigital.cl\/sites\/vc\/wp-content\/uploads\/2023\/11\/Pajarx-entre-Puas-6-scaled.jpg\" \/>\n\t<meta property=\"og:image:width\" content=\"2560\" \/>\n\t<meta property=\"og:image:height\" content=\"1707\" \/>\n\t<meta property=\"og:image:type\" content=\"image\/jpeg\" \/>\n<meta name=\"author\" content=\"Valpara\u00edso Creativo\" \/>\n<meta name=\"twitter:card\" content=\"summary_large_image\" \/>\n<meta name=\"twitter:label1\" content=\"Escrito por\" \/>\n\t<meta name=\"twitter:data1\" content=\"Valpara\u00edso Creativo\" \/>\n\t<meta name=\"twitter:label2\" content=\"Tiempo de lectura\" \/>\n\t<meta name=\"twitter:data2\" content=\"6 minutos\" \/>\n<script type=\"application\/ld+json\" class=\"yoast-schema-graph\">{\"@context\":\"https:\/\/schema.org\",\"@graph\":[{\"@type\":\"Article\",\"@id\":\"https:\/\/dev.antudigital.cl\/sites\/vc\/arte-en-fuga-2023-dialogos-y-experiencias-creativas-de-abya-yala-contra-el-castigo\/#article\",\"isPartOf\":{\"@id\":\"https:\/\/dev.antudigital.cl\/sites\/vc\/arte-en-fuga-2023-dialogos-y-experiencias-creativas-de-abya-yala-contra-el-castigo\/\"},\"author\":{\"name\":\"Valpara\u00edso Creativo\",\"@id\":\"https:\/\/dev.antudigital.cl\/sites\/vc\/#\/schema\/person\/c2b9da8dd545e27166fc5ab232837318\"},\"headline\":\"ARTE EN FUGA 2023: Di\u00e1logos y experiencias creativas de Abya Yala contra el castigo\",\"datePublished\":\"2023-11-27T21:13:13+00:00\",\"dateModified\":\"2023-11-27T21:13:21+00:00\",\"mainEntityOfPage\":{\"@id\":\"https:\/\/dev.antudigital.cl\/sites\/vc\/arte-en-fuga-2023-dialogos-y-experiencias-creativas-de-abya-yala-contra-el-castigo\/\"},\"wordCount\":1114,\"image\":{\"@id\":\"https:\/\/dev.antudigital.cl\/sites\/vc\/arte-en-fuga-2023-dialogos-y-experiencias-creativas-de-abya-yala-contra-el-castigo\/#primaryimage\"},\"thumbnailUrl\":\"https:\/\/dev.antudigital.cl\/sites\/vc\/wp-content\/uploads\/2023\/11\/Pajarx-entre-Puas-6-scaled.jpg\",\"articleSection\":[\"Uncategorized\"],\"inLanguage\":\"es\"},{\"@type\":\"WebPage\",\"@id\":\"https:\/\/dev.antudigital.cl\/sites\/vc\/arte-en-fuga-2023-dialogos-y-experiencias-creativas-de-abya-yala-contra-el-castigo\/\",\"url\":\"https:\/\/dev.antudigital.cl\/sites\/vc\/arte-en-fuga-2023-dialogos-y-experiencias-creativas-de-abya-yala-contra-el-castigo\/\",\"name\":\"ARTE EN FUGA 2023: Di\u00e1logos y experiencias creativas de Abya Yala contra el castigo - Valpara\u00ed\u00adso Creativo\",\"isPartOf\":{\"@id\":\"https:\/\/dev.antudigital.cl\/sites\/vc\/#website\"},\"primaryImageOfPage\":{\"@id\":\"https:\/\/dev.antudigital.cl\/sites\/vc\/arte-en-fuga-2023-dialogos-y-experiencias-creativas-de-abya-yala-contra-el-castigo\/#primaryimage\"},\"image\":{\"@id\":\"https:\/\/dev.antudigital.cl\/sites\/vc\/arte-en-fuga-2023-dialogos-y-experiencias-creativas-de-abya-yala-contra-el-castigo\/#primaryimage\"},\"thumbnailUrl\":\"https:\/\/dev.antudigital.cl\/sites\/vc\/wp-content\/uploads\/2023\/11\/Pajarx-entre-Puas-6-scaled.jpg\",\"datePublished\":\"2023-11-27T21:13:13+00:00\",\"dateModified\":\"2023-11-27T21:13:21+00:00\",\"author\":{\"@id\":\"https:\/\/dev.antudigital.cl\/sites\/vc\/#\/schema\/person\/c2b9da8dd545e27166fc5ab232837318\"},\"breadcrumb\":{\"@id\":\"https:\/\/dev.antudigital.cl\/sites\/vc\/arte-en-fuga-2023-dialogos-y-experiencias-creativas-de-abya-yala-contra-el-castigo\/#breadcrumb\"},\"inLanguage\":\"es\",\"potentialAction\":[{\"@type\":\"ReadAction\",\"target\":[\"https:\/\/dev.antudigital.cl\/sites\/vc\/arte-en-fuga-2023-dialogos-y-experiencias-creativas-de-abya-yala-contra-el-castigo\/\"]}]},{\"@type\":\"ImageObject\",\"inLanguage\":\"es\",\"@id\":\"https:\/\/dev.antudigital.cl\/sites\/vc\/arte-en-fuga-2023-dialogos-y-experiencias-creativas-de-abya-yala-contra-el-castigo\/#primaryimage\",\"url\":\"https:\/\/dev.antudigital.cl\/sites\/vc\/wp-content\/uploads\/2023\/11\/Pajarx-entre-Puas-6-scaled.jpg\",\"contentUrl\":\"https:\/\/dev.antudigital.cl\/sites\/vc\/wp-content\/uploads\/2023\/11\/Pajarx-entre-Puas-6-scaled.jpg\",\"width\":2560,\"height\":1707},{\"@type\":\"BreadcrumbList\",\"@id\":\"https:\/\/dev.antudigital.cl\/sites\/vc\/arte-en-fuga-2023-dialogos-y-experiencias-creativas-de-abya-yala-contra-el-castigo\/#breadcrumb\",\"itemListElement\":[{\"@type\":\"ListItem\",\"position\":1,\"name\":\"Home\",\"item\":\"https:\/\/dev.antudigital.cl\/sites\/vc\/\"},{\"@type\":\"ListItem\",\"position\":2,\"name\":\"ARTE EN FUGA 2023: Di\u00e1logos y experiencias creativas de Abya Yala contra el castigo\"}]},{\"@type\":\"WebSite\",\"@id\":\"https:\/\/dev.antudigital.cl\/sites\/vc\/#website\",\"url\":\"https:\/\/dev.antudigital.cl\/sites\/vc\/\",\"name\":\"Valpara\u00ed\u00adso Creativo\",\"description\":\"\",\"potentialAction\":[{\"@type\":\"SearchAction\",\"target\":{\"@type\":\"EntryPoint\",\"urlTemplate\":\"https:\/\/dev.antudigital.cl\/sites\/vc\/?s={search_term_string}\"},\"query-input\":{\"@type\":\"PropertyValueSpecification\",\"valueRequired\":true,\"valueName\":\"search_term_string\"}}],\"inLanguage\":\"es\"},{\"@type\":\"Person\",\"@id\":\"https:\/\/dev.antudigital.cl\/sites\/vc\/#\/schema\/person\/c2b9da8dd545e27166fc5ab232837318\",\"name\":\"Valpara\u00edso Creativo\",\"description\":\"Periodista de cultura en la Regi\u00f3n de Valpara\u00edso.\",\"url\":\"https:\/\/dev.antudigital.cl\/sites\/vc\/author\/valpoadmin\/\"}]}<\/script>\n<!-- \/ Yoast SEO plugin. -->","yoast_head_json":{"title":"ARTE EN FUGA 2023: Di\u00e1logos y experiencias creativas de Abya Yala contra el castigo - Valpara\u00ed\u00adso Creativo","robots":{"index":"index","follow":"follow","max-snippet":"max-snippet:-1","max-image-preview":"max-image-preview:large","max-video-preview":"max-video-preview:-1"},"canonical":"https:\/\/dev.antudigital.cl\/sites\/vc\/arte-en-fuga-2023-dialogos-y-experiencias-creativas-de-abya-yala-contra-el-castigo\/","og_locale":"es_ES","og_type":"article","og_title":"ARTE EN FUGA 2023: Di\u00e1logos y experiencias creativas de Abya Yala contra el castigo - Valpara\u00ed\u00adso Creativo","og_description":"La Fundaci\u00f3n P\u00e1jarx entre P\u00faas, con la colaboraci\u00f3n del Parque Cultural de Valpara\u00edso e IberCultura Viva, presentan la cuarta edici\u00f3n del Encuentro Internacional de artes en c\u00e1rceles: \u201cARTE EN FUGA 2023: Di\u00e1logos y experiencias creativas de Abya Yala contra el castigo\u201d, que inicia este domingo 26 con la inauguraci\u00f3n de la \u201cGaler\u00eda Arte en Fuga\u201d, [&hellip;]","og_url":"https:\/\/dev.antudigital.cl\/sites\/vc\/arte-en-fuga-2023-dialogos-y-experiencias-creativas-de-abya-yala-contra-el-castigo\/","og_site_name":"Valpara\u00ed\u00adso Creativo","article_published_time":"2023-11-27T21:13:13+00:00","article_modified_time":"2023-11-27T21:13:21+00:00","og_image":[{"width":2560,"height":1707,"url":"https:\/\/dev.antudigital.cl\/sites\/vc\/wp-content\/uploads\/2023\/11\/Pajarx-entre-Puas-6-scaled.jpg","type":"image\/jpeg"}],"author":"Valpara\u00edso Creativo","twitter_card":"summary_large_image","twitter_misc":{"Escrito por":"Valpara\u00edso Creativo","Tiempo de lectura":"6 minutos"},"schema":{"@context":"https:\/\/schema.org","@graph":[{"@type":"Article","@id":"https:\/\/dev.antudigital.cl\/sites\/vc\/arte-en-fuga-2023-dialogos-y-experiencias-creativas-de-abya-yala-contra-el-castigo\/#article","isPartOf":{"@id":"https:\/\/dev.antudigital.cl\/sites\/vc\/arte-en-fuga-2023-dialogos-y-experiencias-creativas-de-abya-yala-contra-el-castigo\/"},"author":{"name":"Valpara\u00edso Creativo","@id":"https:\/\/dev.antudigital.cl\/sites\/vc\/#\/schema\/person\/c2b9da8dd545e27166fc5ab232837318"},"headline":"ARTE EN FUGA 2023: Di\u00e1logos y experiencias creativas de Abya Yala contra el castigo","datePublished":"2023-11-27T21:13:13+00:00","dateModified":"2023-11-27T21:13:21+00:00","mainEntityOfPage":{"@id":"https:\/\/dev.antudigital.cl\/sites\/vc\/arte-en-fuga-2023-dialogos-y-experiencias-creativas-de-abya-yala-contra-el-castigo\/"},"wordCount":1114,"image":{"@id":"https:\/\/dev.antudigital.cl\/sites\/vc\/arte-en-fuga-2023-dialogos-y-experiencias-creativas-de-abya-yala-contra-el-castigo\/#primaryimage"},"thumbnailUrl":"https:\/\/dev.antudigital.cl\/sites\/vc\/wp-content\/uploads\/2023\/11\/Pajarx-entre-Puas-6-scaled.jpg","articleSection":["Uncategorized"],"inLanguage":"es"},{"@type":"WebPage","@id":"https:\/\/dev.antudigital.cl\/sites\/vc\/arte-en-fuga-2023-dialogos-y-experiencias-creativas-de-abya-yala-contra-el-castigo\/","url":"https:\/\/dev.antudigital.cl\/sites\/vc\/arte-en-fuga-2023-dialogos-y-experiencias-creativas-de-abya-yala-contra-el-castigo\/","name":"ARTE EN FUGA 2023: Di\u00e1logos y experiencias creativas de Abya Yala contra el castigo - Valpara\u00ed\u00adso Creativo","isPartOf":{"@id":"https:\/\/dev.antudigital.cl\/sites\/vc\/#website"},"primaryImageOfPage":{"@id":"https:\/\/dev.antudigital.cl\/sites\/vc\/arte-en-fuga-2023-dialogos-y-experiencias-creativas-de-abya-yala-contra-el-castigo\/#primaryimage"},"image":{"@id":"https:\/\/dev.antudigital.cl\/sites\/vc\/arte-en-fuga-2023-dialogos-y-experiencias-creativas-de-abya-yala-contra-el-castigo\/#primaryimage"},"thumbnailUrl":"https:\/\/dev.antudigital.cl\/sites\/vc\/wp-content\/uploads\/2023\/11\/Pajarx-entre-Puas-6-scaled.jpg","datePublished":"2023-11-27T21:13:13+00:00","dateModified":"2023-11-27T21:13:21+00:00","author":{"@id":"https:\/\/dev.antudigital.cl\/sites\/vc\/#\/schema\/person\/c2b9da8dd545e27166fc5ab232837318"},"breadcrumb":{"@id":"https:\/\/dev.antudigital.cl\/sites\/vc\/arte-en-fuga-2023-dialogos-y-experiencias-creativas-de-abya-yala-contra-el-castigo\/#breadcrumb"},"inLanguage":"es","potentialAction":[{"@type":"ReadAction","target":["https:\/\/dev.antudigital.cl\/sites\/vc\/arte-en-fuga-2023-dialogos-y-experiencias-creativas-de-abya-yala-contra-el-castigo\/"]}]},{"@type":"ImageObject","inLanguage":"es","@id":"https:\/\/dev.antudigital.cl\/sites\/vc\/arte-en-fuga-2023-dialogos-y-experiencias-creativas-de-abya-yala-contra-el-castigo\/#primaryimage","url":"https:\/\/dev.antudigital.cl\/sites\/vc\/wp-content\/uploads\/2023\/11\/Pajarx-entre-Puas-6-scaled.jpg","contentUrl":"https:\/\/dev.antudigital.cl\/sites\/vc\/wp-content\/uploads\/2023\/11\/Pajarx-entre-Puas-6-scaled.jpg","width":2560,"height":1707},{"@type":"BreadcrumbList","@id":"https:\/\/dev.antudigital.cl\/sites\/vc\/arte-en-fuga-2023-dialogos-y-experiencias-creativas-de-abya-yala-contra-el-castigo\/#breadcrumb","itemListElement":[{"@type":"ListItem","position":1,"name":"Home","item":"https:\/\/dev.antudigital.cl\/sites\/vc\/"},{"@type":"ListItem","position":2,"name":"ARTE EN FUGA 2023: Di\u00e1logos y experiencias creativas de Abya Yala contra el castigo"}]},{"@type":"WebSite","@id":"https:\/\/dev.antudigital.cl\/sites\/vc\/#website","url":"https:\/\/dev.antudigital.cl\/sites\/vc\/","name":"Valpara\u00ed\u00adso Creativo","description":"","potentialAction":[{"@type":"SearchAction","target":{"@type":"EntryPoint","urlTemplate":"https:\/\/dev.antudigital.cl\/sites\/vc\/?s={search_term_string}"},"query-input":{"@type":"PropertyValueSpecification","valueRequired":true,"valueName":"search_term_string"}}],"inLanguage":"es"},{"@type":"Person","@id":"https:\/\/dev.antudigital.cl\/sites\/vc\/#\/schema\/person\/c2b9da8dd545e27166fc5ab232837318","name":"Valpara\u00edso Creativo","description":"Periodista de cultura en la Regi\u00f3n de Valpara\u00edso.","url":"https:\/\/dev.antudigital.cl\/sites\/vc\/author\/valpoadmin\/"}]}},"_links":{"self":[{"href":"https:\/\/dev.antudigital.cl\/sites\/vc\/wp-json\/wp\/v2\/posts\/17841","targetHints":{"allow":["GET"]}}],"collection":[{"href":"https:\/\/dev.antudigital.cl\/sites\/vc\/wp-json\/wp\/v2\/posts"}],"about":[{"href":"https:\/\/dev.antudigital.cl\/sites\/vc\/wp-json\/wp\/v2\/types\/post"}],"author":[{"embeddable":true,"href":"https:\/\/dev.antudigital.cl\/sites\/vc\/wp-json\/wp\/v2\/users\/1"}],"replies":[{"embeddable":true,"href":"https:\/\/dev.antudigital.cl\/sites\/vc\/wp-json\/wp\/v2\/comments?post=17841"}],"version-history":[{"count":1,"href":"https:\/\/dev.antudigital.cl\/sites\/vc\/wp-json\/wp\/v2\/posts\/17841\/revisions"}],"predecessor-version":[{"id":17846,"href":"https:\/\/dev.antudigital.cl\/sites\/vc\/wp-json\/wp\/v2\/posts\/17841\/revisions\/17846"}],"wp:featuredmedia":[{"embeddable":true,"href":"https:\/\/dev.antudigital.cl\/sites\/vc\/wp-json\/wp\/v2\/media\/17843"}],"wp:attachment":[{"href":"https:\/\/dev.antudigital.cl\/sites\/vc\/wp-json\/wp\/v2\/media?parent=17841"}],"wp:term":[{"taxonomy":"category","embeddable":true,"href":"https:\/\/dev.antudigital.cl\/sites\/vc\/wp-json\/wp\/v2\/categories?post=17841"},{"taxonomy":"post_tag","embeddable":true,"href":"https:\/\/dev.antudigital.cl\/sites\/vc\/wp-json\/wp\/v2\/tags?post=17841"}],"curies":[{"name":"wp","href":"https:\/\/api.w.org\/{rel}","templated":true}]}}