{"id":17847,"date":"2023-11-27T21:21:31","date_gmt":"2023-11-27T21:21:31","guid":{"rendered":"https:\/\/www.valparaisocreativo.cl\/?p=17847"},"modified":"2023-11-27T21:21:38","modified_gmt":"2023-11-27T21:21:38","slug":"compania-la-coraje-invita-a-docentes-y-artistas-educadores-a-seguir-participando-de-la-3a-version-de-paraisos-creativos-en-valparaiso","status":"publish","type":"post","link":"https:\/\/dev.antudigital.cl\/sites\/vc\/compania-la-coraje-invita-a-docentes-y-artistas-educadores-a-seguir-participando-de-la-3a-version-de-paraisos-creativos-en-valparaiso\/","title":{"rendered":"Compa\u00f1\u00eda La Coraje invita a docentes y artistas educadores a seguir participando de la 3\u00aa versi\u00f3n de \u201cPara\u00edsos Creativos\u201d en Valpara\u00edso"},"content":{"rendered":"\n<p>Tras una exitosa semana con talleres y funciones escolares en Limache y Casablanca,la&nbsp;<strong>Compa\u00f1\u00eda La<\/strong>&nbsp;<strong>Coraje<\/strong>&nbsp;contin\u00faa realizando \u201c<strong>Para\u00edsos Creativos: 3er Encuentro de Educaci\u00f3n Art\u00edstica en Valpara\u00edso\u201d<\/strong>, proyecto que busca generar espacios de mediaci\u00f3n, creaci\u00f3n de audiencias teatrales e impulsar la formaci\u00f3n y reflexi\u00f3n entre artistas y educadores en torno al uso de herramientas de las artes esc\u00e9nicas en la educaci\u00f3n.<\/p>\n\n\n\n<p>De esta forma, los espacios de formaci\u00f3n siguen este\u00a0<strong>martes 28 y mi\u00e9rcoles 29 de noviembre<\/strong>\u00a0con el taller\u00a0<em>\u201cCreaci\u00f3n de un Lambe Lambe para contextos educativos\u201d<\/em>,facilitado por Adelaida Loyer. Y luego, el\u00a0<strong>jueves 30 de noviembre y viernes 1 de diciembre<\/strong>\u00a0cierra el ciclo, el taller\u00a0<em>\u201cPedagog\u00eda del malabarismo: Una herramienta que potencia el desarrollo integral\u201d<\/em>, facilitado por V\u00edctor Soto.<\/p>\n\n\n\n<figure class=\"wp-block-image size-large\"><img fetchpriority=\"high\" decoding=\"async\" width=\"768\" height=\"1024\" src=\"https:\/\/www.valparaisocreativo.cl\/wp-content\/uploads\/2023\/11\/Paraisos-Creativos_Funcion-Escolar-2-768x1024.jpeg\" alt=\"\" class=\"wp-image-17850\" srcset=\"https:\/\/dev.antudigital.cl\/sites\/vc\/wp-content\/uploads\/2023\/11\/Paraisos-Creativos_Funcion-Escolar-2-768x1024.jpeg 768w, https:\/\/dev.antudigital.cl\/sites\/vc\/wp-content\/uploads\/2023\/11\/Paraisos-Creativos_Funcion-Escolar-2-225x300.jpeg 225w, https:\/\/dev.antudigital.cl\/sites\/vc\/wp-content\/uploads\/2023\/11\/Paraisos-Creativos_Funcion-Escolar-2-1152x1536.jpeg 1152w, https:\/\/dev.antudigital.cl\/sites\/vc\/wp-content\/uploads\/2023\/11\/Paraisos-Creativos_Funcion-Escolar-2-1080x1440.jpeg 1080w, https:\/\/dev.antudigital.cl\/sites\/vc\/wp-content\/uploads\/2023\/11\/Paraisos-Creativos_Funcion-Escolar-2-980x1307.jpeg 980w, https:\/\/dev.antudigital.cl\/sites\/vc\/wp-content\/uploads\/2023\/11\/Paraisos-Creativos_Funcion-Escolar-2-480x640.jpeg 480w, https:\/\/dev.antudigital.cl\/sites\/vc\/wp-content\/uploads\/2023\/11\/Paraisos-Creativos_Funcion-Escolar-2-18x24.jpeg 18w, https:\/\/dev.antudigital.cl\/sites\/vc\/wp-content\/uploads\/2023\/11\/Paraisos-Creativos_Funcion-Escolar-2-27x36.jpeg 27w, https:\/\/dev.antudigital.cl\/sites\/vc\/wp-content\/uploads\/2023\/11\/Paraisos-Creativos_Funcion-Escolar-2-36x48.jpeg 36w, https:\/\/dev.antudigital.cl\/sites\/vc\/wp-content\/uploads\/2023\/11\/Paraisos-Creativos_Funcion-Escolar-2.jpeg 1200w\" sizes=\"(max-width: 768px) 100vw, 768px\" \/><\/figure>\n\n\n\n<p><strong>Ambos talleres<\/strong>&nbsp;se realizar\u00e1n de&nbsp;<strong>17.00 a 20.00 horas<\/strong>&nbsp;en el&nbsp;<strong>Parque Cultural de Valpara\u00edso<\/strong>&nbsp;y las inscripciones se hacen en este enlace:&nbsp;<a href=\"https:\/\/docs.google.com\/forms\/d\/e\/1FAIpQLSdC7uUdvVlT9oXaHjfjplXKIrm1RdiWGdVnrUZlcL4kb6OZ6Q\/viewform\" target=\"_blank\" rel=\"noreferrer noopener\"><strong>forms.gle\/CYQ88Xaz5FSJ5wym8<\/strong><\/a><strong><u><\/u><\/strong><\/p>\n\n\n\n<p>La actividad es financiada por el&nbsp;<strong>Fondo FNDR 2023 del Gobierno Regional de Valpara\u00edso<\/strong>, cuenta con la colaboraci\u00f3n del&nbsp;<strong>Parque Cultural de Valpara\u00edso<\/strong>&nbsp;y&nbsp;<strong>es el resultado de la convicci\u00f3n y trayectoria de quienes conforman la compa\u00f1\u00eda La Coraje<\/strong>, las actrices Fabiola D\u00edaz, Estefan\u00eda Aedo y Melissa Torrealba, quienes desde 2012 han dedicado su trabajo teatral al \u00e1mbito educativo.<\/p>\n\n\n\n<p>Sobre las motivaciones para este encuentro y todos sus proyectos vinculados al arte en la educaci\u00f3n,<strong>\u00a0Estefan\u00eda Aedo y Fabiola D\u00edaz<\/strong>\u00a0explican que nace de sus propias experiencias de vida.\u00a0<em>\u201cLas tres somos hijas de la educaci\u00f3n p\u00fablica, as\u00ed que pudimos vivenciar y ver las pocas iniciativas ligadas a la incorporaci\u00f3n de las artes en la educaci\u00f3n formal. Entonces nuestro trabajo apunta a eso finalmente, poder llevar a la ni\u00f1ez y adolescencia lo que, a nosotras, en nuestra experiencia, nos falt\u00f3: la educaci\u00f3n art\u00edstica\u201d.<\/em><\/p>\n\n\n\n<figure class=\"wp-block-image size-large\"><img decoding=\"async\" width=\"768\" height=\"1024\" src=\"https:\/\/www.valparaisocreativo.cl\/wp-content\/uploads\/2023\/11\/Paraisos-Creativos_foto-1-768x1024.jpeg\" alt=\"\" class=\"wp-image-17849\" srcset=\"https:\/\/dev.antudigital.cl\/sites\/vc\/wp-content\/uploads\/2023\/11\/Paraisos-Creativos_foto-1-768x1024.jpeg 768w, https:\/\/dev.antudigital.cl\/sites\/vc\/wp-content\/uploads\/2023\/11\/Paraisos-Creativos_foto-1-225x300.jpeg 225w, https:\/\/dev.antudigital.cl\/sites\/vc\/wp-content\/uploads\/2023\/11\/Paraisos-Creativos_foto-1-1152x1536.jpeg 1152w, https:\/\/dev.antudigital.cl\/sites\/vc\/wp-content\/uploads\/2023\/11\/Paraisos-Creativos_foto-1-1080x1440.jpeg 1080w, https:\/\/dev.antudigital.cl\/sites\/vc\/wp-content\/uploads\/2023\/11\/Paraisos-Creativos_foto-1-980x1307.jpeg 980w, https:\/\/dev.antudigital.cl\/sites\/vc\/wp-content\/uploads\/2023\/11\/Paraisos-Creativos_foto-1-480x640.jpeg 480w, https:\/\/dev.antudigital.cl\/sites\/vc\/wp-content\/uploads\/2023\/11\/Paraisos-Creativos_foto-1-18x24.jpeg 18w, https:\/\/dev.antudigital.cl\/sites\/vc\/wp-content\/uploads\/2023\/11\/Paraisos-Creativos_foto-1-27x36.jpeg 27w, https:\/\/dev.antudigital.cl\/sites\/vc\/wp-content\/uploads\/2023\/11\/Paraisos-Creativos_foto-1-36x48.jpeg 36w, https:\/\/dev.antudigital.cl\/sites\/vc\/wp-content\/uploads\/2023\/11\/Paraisos-Creativos_foto-1.jpeg 1200w\" sizes=\"(max-width: 768px) 100vw, 768px\" \/><\/figure>\n\n\n\n<p><strong>Sobre el encuentro<\/strong><\/p>\n\n\n\n<p>En casi una d\u00e9cada de trabajo, a trav\u00e9s de diversos formatos y obras que se vinculan de manera l\u00fadica con los procesos formativos de ni\u00f1os y ni\u00f1as, La Coraje ha intervenido colegios y liceos de la regi\u00f3n con proyectos que fomentan la lectura; abordando el tema del bullying y puesto en escena tem\u00e1ticas de g\u00e9nero, entre otros.<\/p>\n\n\n\n<p>Adem\u00e1s de los talleres de formaci\u00f3n dirigidos a&nbsp;<strong>docentes y artistas<\/strong>, Para\u00edsos Creativos ha estado realizando una&nbsp;<strong>itinerancia por establecimientos educacionales de Limache, Casablanca y Lagunilla<\/strong>&nbsp;en los cuales se han mostrado tres de los montajes de la compa\u00f1\u00eda.<\/p>\n\n\n\n<p><strong>Instagram y Facebook: @cialacoraje<\/strong><\/p>\n\n\n\n<p><a href=\"http:\/\/www.companialacoraje.com\/\" target=\"_blank\" rel=\"noreferrer noopener\"><strong>www.companialacoraje.com<\/strong><\/a>\u00a0<\/p>\n\n\n\n<figure class=\"wp-block-image size-large\"><img decoding=\"async\" width=\"1024\" height=\"1024\" src=\"https:\/\/www.valparaisocreativo.cl\/wp-content\/uploads\/2023\/11\/28-y-29-nov_Paraisos-Creativos-1024x1024.jpg\" alt=\"\" class=\"wp-image-17851\" srcset=\"https:\/\/dev.antudigital.cl\/sites\/vc\/wp-content\/uploads\/2023\/11\/28-y-29-nov_Paraisos-Creativos-1024x1024.jpg 1024w, https:\/\/dev.antudigital.cl\/sites\/vc\/wp-content\/uploads\/2023\/11\/28-y-29-nov_Paraisos-Creativos-300x300.jpg 300w, https:\/\/dev.antudigital.cl\/sites\/vc\/wp-content\/uploads\/2023\/11\/28-y-29-nov_Paraisos-Creativos-150x150.jpg 150w, https:\/\/dev.antudigital.cl\/sites\/vc\/wp-content\/uploads\/2023\/11\/28-y-29-nov_Paraisos-Creativos-768x768.jpg 768w, https:\/\/dev.antudigital.cl\/sites\/vc\/wp-content\/uploads\/2023\/11\/28-y-29-nov_Paraisos-Creativos-980x980.jpg 980w, https:\/\/dev.antudigital.cl\/sites\/vc\/wp-content\/uploads\/2023\/11\/28-y-29-nov_Paraisos-Creativos-480x480.jpg 480w, https:\/\/dev.antudigital.cl\/sites\/vc\/wp-content\/uploads\/2023\/11\/28-y-29-nov_Paraisos-Creativos-24x24.jpg 24w, https:\/\/dev.antudigital.cl\/sites\/vc\/wp-content\/uploads\/2023\/11\/28-y-29-nov_Paraisos-Creativos-36x36.jpg 36w, https:\/\/dev.antudigital.cl\/sites\/vc\/wp-content\/uploads\/2023\/11\/28-y-29-nov_Paraisos-Creativos-48x48.jpg 48w, https:\/\/dev.antudigital.cl\/sites\/vc\/wp-content\/uploads\/2023\/11\/28-y-29-nov_Paraisos-Creativos.jpg 1080w\" sizes=\"(max-width: 1024px) 100vw, 1024px\" \/><\/figure>\n","protected":false},"excerpt":{"rendered":"<p>Tras una exitosa semana con talleres y funciones escolares en Limache y Casablanca,la&nbsp;Compa\u00f1\u00eda La&nbsp;Coraje&nbsp;contin\u00faa realizando \u201cPara\u00edsos Creativos: 3er Encuentro de Educaci\u00f3n Art\u00edstica en Valpara\u00edso\u201d, proyecto que busca generar espacios de mediaci\u00f3n, creaci\u00f3n de audiencias teatrales e impulsar la formaci\u00f3n y reflexi\u00f3n entre artistas y educadores en torno al uso de herramientas de las artes esc\u00e9nicas [&hellip;]<\/p>\n","protected":false},"author":1,"featured_media":17848,"comment_status":"closed","ping_status":"closed","sticky":false,"template":"","format":"standard","meta":{"_acf_changed":false,"footnotes":""},"categories":[1],"tags":[],"class_list":["post-17847","post","type-post","status-publish","format-standard","has-post-thumbnail","hentry","category-uncategorized"],"acf":[],"yoast_head":"<!-- This site is optimized with the Yoast SEO plugin v27.1.1 - https:\/\/yoast.com\/product\/yoast-seo-wordpress\/ -->\n<title>Compa\u00f1\u00eda La Coraje invita a docentes y artistas educadores a seguir participando de la 3\u00aa versi\u00f3n de \u201cPara\u00edsos Creativos\u201d en Valpara\u00edso - Valpara\u00ed\u00adso Creativo<\/title>\n<meta name=\"robots\" content=\"index, follow, max-snippet:-1, max-image-preview:large, max-video-preview:-1\" \/>\n<link rel=\"canonical\" href=\"https:\/\/dev.antudigital.cl\/sites\/vc\/compania-la-coraje-invita-a-docentes-y-artistas-educadores-a-seguir-participando-de-la-3a-version-de-paraisos-creativos-en-valparaiso\/\" \/>\n<meta property=\"og:locale\" content=\"es_ES\" \/>\n<meta property=\"og:type\" content=\"article\" \/>\n<meta property=\"og:title\" content=\"Compa\u00f1\u00eda La Coraje invita a docentes y artistas educadores a seguir participando de la 3\u00aa versi\u00f3n de \u201cPara\u00edsos Creativos\u201d en Valpara\u00edso - Valpara\u00ed\u00adso Creativo\" \/>\n<meta property=\"og:description\" content=\"Tras una exitosa semana con talleres y funciones escolares en Limache y Casablanca,la&nbsp;Compa\u00f1\u00eda La&nbsp;Coraje&nbsp;contin\u00faa realizando \u201cPara\u00edsos Creativos: 3er Encuentro de Educaci\u00f3n Art\u00edstica en Valpara\u00edso\u201d, proyecto que busca generar espacios de mediaci\u00f3n, creaci\u00f3n de audiencias teatrales e impulsar la formaci\u00f3n y reflexi\u00f3n entre artistas y educadores en torno al uso de herramientas de las artes esc\u00e9nicas [&hellip;]\" \/>\n<meta property=\"og:url\" content=\"https:\/\/dev.antudigital.cl\/sites\/vc\/compania-la-coraje-invita-a-docentes-y-artistas-educadores-a-seguir-participando-de-la-3a-version-de-paraisos-creativos-en-valparaiso\/\" \/>\n<meta property=\"og:site_name\" content=\"Valpara\u00ed\u00adso Creativo\" \/>\n<meta property=\"article:published_time\" content=\"2023-11-27T21:21:31+00:00\" \/>\n<meta property=\"article:modified_time\" content=\"2023-11-27T21:21:38+00:00\" \/>\n<meta property=\"og:image\" content=\"https:\/\/dev.antudigital.cl\/sites\/vc\/wp-content\/uploads\/2023\/11\/Paraisos-Creativos_Funcion-Escolar-1.jpeg\" \/>\n\t<meta property=\"og:image:width\" content=\"1600\" \/>\n\t<meta property=\"og:image:height\" content=\"1200\" \/>\n\t<meta property=\"og:image:type\" content=\"image\/jpeg\" \/>\n<meta name=\"author\" content=\"Valpara\u00edso Creativo\" \/>\n<meta name=\"twitter:card\" content=\"summary_large_image\" \/>\n<meta name=\"twitter:label1\" content=\"Escrito por\" \/>\n\t<meta name=\"twitter:data1\" content=\"Valpara\u00edso Creativo\" \/>\n\t<meta name=\"twitter:label2\" content=\"Tiempo de lectura\" \/>\n\t<meta name=\"twitter:data2\" content=\"3 minutos\" \/>\n<script type=\"application\/ld+json\" class=\"yoast-schema-graph\">{\"@context\":\"https:\/\/schema.org\",\"@graph\":[{\"@type\":\"Article\",\"@id\":\"https:\/\/dev.antudigital.cl\/sites\/vc\/compania-la-coraje-invita-a-docentes-y-artistas-educadores-a-seguir-participando-de-la-3a-version-de-paraisos-creativos-en-valparaiso\/#article\",\"isPartOf\":{\"@id\":\"https:\/\/dev.antudigital.cl\/sites\/vc\/compania-la-coraje-invita-a-docentes-y-artistas-educadores-a-seguir-participando-de-la-3a-version-de-paraisos-creativos-en-valparaiso\/\"},\"author\":{\"name\":\"Valpara\u00edso Creativo\",\"@id\":\"https:\/\/dev.antudigital.cl\/sites\/vc\/#\/schema\/person\/c2b9da8dd545e27166fc5ab232837318\"},\"headline\":\"Compa\u00f1\u00eda La Coraje invita a docentes y artistas educadores a seguir participando de la 3\u00aa versi\u00f3n de \u201cPara\u00edsos Creativos\u201d en Valpara\u00edso\",\"datePublished\":\"2023-11-27T21:21:31+00:00\",\"dateModified\":\"2023-11-27T21:21:38+00:00\",\"mainEntityOfPage\":{\"@id\":\"https:\/\/dev.antudigital.cl\/sites\/vc\/compania-la-coraje-invita-a-docentes-y-artistas-educadores-a-seguir-participando-de-la-3a-version-de-paraisos-creativos-en-valparaiso\/\"},\"wordCount\":482,\"image\":{\"@id\":\"https:\/\/dev.antudigital.cl\/sites\/vc\/compania-la-coraje-invita-a-docentes-y-artistas-educadores-a-seguir-participando-de-la-3a-version-de-paraisos-creativos-en-valparaiso\/#primaryimage\"},\"thumbnailUrl\":\"https:\/\/dev.antudigital.cl\/sites\/vc\/wp-content\/uploads\/2023\/11\/Paraisos-Creativos_Funcion-Escolar-1.jpeg\",\"articleSection\":[\"Uncategorized\"],\"inLanguage\":\"es\"},{\"@type\":\"WebPage\",\"@id\":\"https:\/\/dev.antudigital.cl\/sites\/vc\/compania-la-coraje-invita-a-docentes-y-artistas-educadores-a-seguir-participando-de-la-3a-version-de-paraisos-creativos-en-valparaiso\/\",\"url\":\"https:\/\/dev.antudigital.cl\/sites\/vc\/compania-la-coraje-invita-a-docentes-y-artistas-educadores-a-seguir-participando-de-la-3a-version-de-paraisos-creativos-en-valparaiso\/\",\"name\":\"Compa\u00f1\u00eda La Coraje invita a docentes y artistas educadores a seguir participando de la 3\u00aa versi\u00f3n de \u201cPara\u00edsos Creativos\u201d en Valpara\u00edso - Valpara\u00ed\u00adso Creativo\",\"isPartOf\":{\"@id\":\"https:\/\/dev.antudigital.cl\/sites\/vc\/#website\"},\"primaryImageOfPage\":{\"@id\":\"https:\/\/dev.antudigital.cl\/sites\/vc\/compania-la-coraje-invita-a-docentes-y-artistas-educadores-a-seguir-participando-de-la-3a-version-de-paraisos-creativos-en-valparaiso\/#primaryimage\"},\"image\":{\"@id\":\"https:\/\/dev.antudigital.cl\/sites\/vc\/compania-la-coraje-invita-a-docentes-y-artistas-educadores-a-seguir-participando-de-la-3a-version-de-paraisos-creativos-en-valparaiso\/#primaryimage\"},\"thumbnailUrl\":\"https:\/\/dev.antudigital.cl\/sites\/vc\/wp-content\/uploads\/2023\/11\/Paraisos-Creativos_Funcion-Escolar-1.jpeg\",\"datePublished\":\"2023-11-27T21:21:31+00:00\",\"dateModified\":\"2023-11-27T21:21:38+00:00\",\"author\":{\"@id\":\"https:\/\/dev.antudigital.cl\/sites\/vc\/#\/schema\/person\/c2b9da8dd545e27166fc5ab232837318\"},\"breadcrumb\":{\"@id\":\"https:\/\/dev.antudigital.cl\/sites\/vc\/compania-la-coraje-invita-a-docentes-y-artistas-educadores-a-seguir-participando-de-la-3a-version-de-paraisos-creativos-en-valparaiso\/#breadcrumb\"},\"inLanguage\":\"es\",\"potentialAction\":[{\"@type\":\"ReadAction\",\"target\":[\"https:\/\/dev.antudigital.cl\/sites\/vc\/compania-la-coraje-invita-a-docentes-y-artistas-educadores-a-seguir-participando-de-la-3a-version-de-paraisos-creativos-en-valparaiso\/\"]}]},{\"@type\":\"ImageObject\",\"inLanguage\":\"es\",\"@id\":\"https:\/\/dev.antudigital.cl\/sites\/vc\/compania-la-coraje-invita-a-docentes-y-artistas-educadores-a-seguir-participando-de-la-3a-version-de-paraisos-creativos-en-valparaiso\/#primaryimage\",\"url\":\"https:\/\/dev.antudigital.cl\/sites\/vc\/wp-content\/uploads\/2023\/11\/Paraisos-Creativos_Funcion-Escolar-1.jpeg\",\"contentUrl\":\"https:\/\/dev.antudigital.cl\/sites\/vc\/wp-content\/uploads\/2023\/11\/Paraisos-Creativos_Funcion-Escolar-1.jpeg\",\"width\":1600,\"height\":1200},{\"@type\":\"BreadcrumbList\",\"@id\":\"https:\/\/dev.antudigital.cl\/sites\/vc\/compania-la-coraje-invita-a-docentes-y-artistas-educadores-a-seguir-participando-de-la-3a-version-de-paraisos-creativos-en-valparaiso\/#breadcrumb\",\"itemListElement\":[{\"@type\":\"ListItem\",\"position\":1,\"name\":\"Home\",\"item\":\"https:\/\/dev.antudigital.cl\/sites\/vc\/\"},{\"@type\":\"ListItem\",\"position\":2,\"name\":\"Compa\u00f1\u00eda La Coraje invita a docentes y artistas educadores a seguir participando de la 3\u00aa versi\u00f3n de \u201cPara\u00edsos Creativos\u201d en Valpara\u00edso\"}]},{\"@type\":\"WebSite\",\"@id\":\"https:\/\/dev.antudigital.cl\/sites\/vc\/#website\",\"url\":\"https:\/\/dev.antudigital.cl\/sites\/vc\/\",\"name\":\"Valpara\u00ed\u00adso Creativo\",\"description\":\"\",\"potentialAction\":[{\"@type\":\"SearchAction\",\"target\":{\"@type\":\"EntryPoint\",\"urlTemplate\":\"https:\/\/dev.antudigital.cl\/sites\/vc\/?s={search_term_string}\"},\"query-input\":{\"@type\":\"PropertyValueSpecification\",\"valueRequired\":true,\"valueName\":\"search_term_string\"}}],\"inLanguage\":\"es\"},{\"@type\":\"Person\",\"@id\":\"https:\/\/dev.antudigital.cl\/sites\/vc\/#\/schema\/person\/c2b9da8dd545e27166fc5ab232837318\",\"name\":\"Valpara\u00edso Creativo\",\"description\":\"Periodista de cultura en la Regi\u00f3n de Valpara\u00edso.\",\"url\":\"https:\/\/dev.antudigital.cl\/sites\/vc\/author\/valpoadmin\/\"}]}<\/script>\n<!-- \/ Yoast SEO plugin. -->","yoast_head_json":{"title":"Compa\u00f1\u00eda La Coraje invita a docentes y artistas educadores a seguir participando de la 3\u00aa versi\u00f3n de \u201cPara\u00edsos Creativos\u201d en Valpara\u00edso - Valpara\u00ed\u00adso Creativo","robots":{"index":"index","follow":"follow","max-snippet":"max-snippet:-1","max-image-preview":"max-image-preview:large","max-video-preview":"max-video-preview:-1"},"canonical":"https:\/\/dev.antudigital.cl\/sites\/vc\/compania-la-coraje-invita-a-docentes-y-artistas-educadores-a-seguir-participando-de-la-3a-version-de-paraisos-creativos-en-valparaiso\/","og_locale":"es_ES","og_type":"article","og_title":"Compa\u00f1\u00eda La Coraje invita a docentes y artistas educadores a seguir participando de la 3\u00aa versi\u00f3n de \u201cPara\u00edsos Creativos\u201d en Valpara\u00edso - Valpara\u00ed\u00adso Creativo","og_description":"Tras una exitosa semana con talleres y funciones escolares en Limache y Casablanca,la&nbsp;Compa\u00f1\u00eda La&nbsp;Coraje&nbsp;contin\u00faa realizando \u201cPara\u00edsos Creativos: 3er Encuentro de Educaci\u00f3n Art\u00edstica en Valpara\u00edso\u201d, proyecto que busca generar espacios de mediaci\u00f3n, creaci\u00f3n de audiencias teatrales e impulsar la formaci\u00f3n y reflexi\u00f3n entre artistas y educadores en torno al uso de herramientas de las artes esc\u00e9nicas [&hellip;]","og_url":"https:\/\/dev.antudigital.cl\/sites\/vc\/compania-la-coraje-invita-a-docentes-y-artistas-educadores-a-seguir-participando-de-la-3a-version-de-paraisos-creativos-en-valparaiso\/","og_site_name":"Valpara\u00ed\u00adso Creativo","article_published_time":"2023-11-27T21:21:31+00:00","article_modified_time":"2023-11-27T21:21:38+00:00","og_image":[{"width":1600,"height":1200,"url":"https:\/\/dev.antudigital.cl\/sites\/vc\/wp-content\/uploads\/2023\/11\/Paraisos-Creativos_Funcion-Escolar-1.jpeg","type":"image\/jpeg"}],"author":"Valpara\u00edso Creativo","twitter_card":"summary_large_image","twitter_misc":{"Escrito por":"Valpara\u00edso Creativo","Tiempo de lectura":"3 minutos"},"schema":{"@context":"https:\/\/schema.org","@graph":[{"@type":"Article","@id":"https:\/\/dev.antudigital.cl\/sites\/vc\/compania-la-coraje-invita-a-docentes-y-artistas-educadores-a-seguir-participando-de-la-3a-version-de-paraisos-creativos-en-valparaiso\/#article","isPartOf":{"@id":"https:\/\/dev.antudigital.cl\/sites\/vc\/compania-la-coraje-invita-a-docentes-y-artistas-educadores-a-seguir-participando-de-la-3a-version-de-paraisos-creativos-en-valparaiso\/"},"author":{"name":"Valpara\u00edso Creativo","@id":"https:\/\/dev.antudigital.cl\/sites\/vc\/#\/schema\/person\/c2b9da8dd545e27166fc5ab232837318"},"headline":"Compa\u00f1\u00eda La Coraje invita a docentes y artistas educadores a seguir participando de la 3\u00aa versi\u00f3n de \u201cPara\u00edsos Creativos\u201d en Valpara\u00edso","datePublished":"2023-11-27T21:21:31+00:00","dateModified":"2023-11-27T21:21:38+00:00","mainEntityOfPage":{"@id":"https:\/\/dev.antudigital.cl\/sites\/vc\/compania-la-coraje-invita-a-docentes-y-artistas-educadores-a-seguir-participando-de-la-3a-version-de-paraisos-creativos-en-valparaiso\/"},"wordCount":482,"image":{"@id":"https:\/\/dev.antudigital.cl\/sites\/vc\/compania-la-coraje-invita-a-docentes-y-artistas-educadores-a-seguir-participando-de-la-3a-version-de-paraisos-creativos-en-valparaiso\/#primaryimage"},"thumbnailUrl":"https:\/\/dev.antudigital.cl\/sites\/vc\/wp-content\/uploads\/2023\/11\/Paraisos-Creativos_Funcion-Escolar-1.jpeg","articleSection":["Uncategorized"],"inLanguage":"es"},{"@type":"WebPage","@id":"https:\/\/dev.antudigital.cl\/sites\/vc\/compania-la-coraje-invita-a-docentes-y-artistas-educadores-a-seguir-participando-de-la-3a-version-de-paraisos-creativos-en-valparaiso\/","url":"https:\/\/dev.antudigital.cl\/sites\/vc\/compania-la-coraje-invita-a-docentes-y-artistas-educadores-a-seguir-participando-de-la-3a-version-de-paraisos-creativos-en-valparaiso\/","name":"Compa\u00f1\u00eda La Coraje invita a docentes y artistas educadores a seguir participando de la 3\u00aa versi\u00f3n de \u201cPara\u00edsos Creativos\u201d en Valpara\u00edso - Valpara\u00ed\u00adso Creativo","isPartOf":{"@id":"https:\/\/dev.antudigital.cl\/sites\/vc\/#website"},"primaryImageOfPage":{"@id":"https:\/\/dev.antudigital.cl\/sites\/vc\/compania-la-coraje-invita-a-docentes-y-artistas-educadores-a-seguir-participando-de-la-3a-version-de-paraisos-creativos-en-valparaiso\/#primaryimage"},"image":{"@id":"https:\/\/dev.antudigital.cl\/sites\/vc\/compania-la-coraje-invita-a-docentes-y-artistas-educadores-a-seguir-participando-de-la-3a-version-de-paraisos-creativos-en-valparaiso\/#primaryimage"},"thumbnailUrl":"https:\/\/dev.antudigital.cl\/sites\/vc\/wp-content\/uploads\/2023\/11\/Paraisos-Creativos_Funcion-Escolar-1.jpeg","datePublished":"2023-11-27T21:21:31+00:00","dateModified":"2023-11-27T21:21:38+00:00","author":{"@id":"https:\/\/dev.antudigital.cl\/sites\/vc\/#\/schema\/person\/c2b9da8dd545e27166fc5ab232837318"},"breadcrumb":{"@id":"https:\/\/dev.antudigital.cl\/sites\/vc\/compania-la-coraje-invita-a-docentes-y-artistas-educadores-a-seguir-participando-de-la-3a-version-de-paraisos-creativos-en-valparaiso\/#breadcrumb"},"inLanguage":"es","potentialAction":[{"@type":"ReadAction","target":["https:\/\/dev.antudigital.cl\/sites\/vc\/compania-la-coraje-invita-a-docentes-y-artistas-educadores-a-seguir-participando-de-la-3a-version-de-paraisos-creativos-en-valparaiso\/"]}]},{"@type":"ImageObject","inLanguage":"es","@id":"https:\/\/dev.antudigital.cl\/sites\/vc\/compania-la-coraje-invita-a-docentes-y-artistas-educadores-a-seguir-participando-de-la-3a-version-de-paraisos-creativos-en-valparaiso\/#primaryimage","url":"https:\/\/dev.antudigital.cl\/sites\/vc\/wp-content\/uploads\/2023\/11\/Paraisos-Creativos_Funcion-Escolar-1.jpeg","contentUrl":"https:\/\/dev.antudigital.cl\/sites\/vc\/wp-content\/uploads\/2023\/11\/Paraisos-Creativos_Funcion-Escolar-1.jpeg","width":1600,"height":1200},{"@type":"BreadcrumbList","@id":"https:\/\/dev.antudigital.cl\/sites\/vc\/compania-la-coraje-invita-a-docentes-y-artistas-educadores-a-seguir-participando-de-la-3a-version-de-paraisos-creativos-en-valparaiso\/#breadcrumb","itemListElement":[{"@type":"ListItem","position":1,"name":"Home","item":"https:\/\/dev.antudigital.cl\/sites\/vc\/"},{"@type":"ListItem","position":2,"name":"Compa\u00f1\u00eda La Coraje invita a docentes y artistas educadores a seguir participando de la 3\u00aa versi\u00f3n de \u201cPara\u00edsos Creativos\u201d en Valpara\u00edso"}]},{"@type":"WebSite","@id":"https:\/\/dev.antudigital.cl\/sites\/vc\/#website","url":"https:\/\/dev.antudigital.cl\/sites\/vc\/","name":"Valpara\u00ed\u00adso Creativo","description":"","potentialAction":[{"@type":"SearchAction","target":{"@type":"EntryPoint","urlTemplate":"https:\/\/dev.antudigital.cl\/sites\/vc\/?s={search_term_string}"},"query-input":{"@type":"PropertyValueSpecification","valueRequired":true,"valueName":"search_term_string"}}],"inLanguage":"es"},{"@type":"Person","@id":"https:\/\/dev.antudigital.cl\/sites\/vc\/#\/schema\/person\/c2b9da8dd545e27166fc5ab232837318","name":"Valpara\u00edso Creativo","description":"Periodista de cultura en la Regi\u00f3n de Valpara\u00edso.","url":"https:\/\/dev.antudigital.cl\/sites\/vc\/author\/valpoadmin\/"}]}},"_links":{"self":[{"href":"https:\/\/dev.antudigital.cl\/sites\/vc\/wp-json\/wp\/v2\/posts\/17847","targetHints":{"allow":["GET"]}}],"collection":[{"href":"https:\/\/dev.antudigital.cl\/sites\/vc\/wp-json\/wp\/v2\/posts"}],"about":[{"href":"https:\/\/dev.antudigital.cl\/sites\/vc\/wp-json\/wp\/v2\/types\/post"}],"author":[{"embeddable":true,"href":"https:\/\/dev.antudigital.cl\/sites\/vc\/wp-json\/wp\/v2\/users\/1"}],"replies":[{"embeddable":true,"href":"https:\/\/dev.antudigital.cl\/sites\/vc\/wp-json\/wp\/v2\/comments?post=17847"}],"version-history":[{"count":1,"href":"https:\/\/dev.antudigital.cl\/sites\/vc\/wp-json\/wp\/v2\/posts\/17847\/revisions"}],"predecessor-version":[{"id":17852,"href":"https:\/\/dev.antudigital.cl\/sites\/vc\/wp-json\/wp\/v2\/posts\/17847\/revisions\/17852"}],"wp:featuredmedia":[{"embeddable":true,"href":"https:\/\/dev.antudigital.cl\/sites\/vc\/wp-json\/wp\/v2\/media\/17848"}],"wp:attachment":[{"href":"https:\/\/dev.antudigital.cl\/sites\/vc\/wp-json\/wp\/v2\/media?parent=17847"}],"wp:term":[{"taxonomy":"category","embeddable":true,"href":"https:\/\/dev.antudigital.cl\/sites\/vc\/wp-json\/wp\/v2\/categories?post=17847"},{"taxonomy":"post_tag","embeddable":true,"href":"https:\/\/dev.antudigital.cl\/sites\/vc\/wp-json\/wp\/v2\/tags?post=17847"}],"curies":[{"name":"wp","href":"https:\/\/api.w.org\/{rel}","templated":true}]}}