{"id":17853,"date":"2023-11-27T21:26:53","date_gmt":"2023-11-27T21:26:53","guid":{"rendered":"https:\/\/www.valparaisocreativo.cl\/?p=17853"},"modified":"2023-11-27T21:27:01","modified_gmt":"2023-11-27T21:27:01","slug":"cansancio-nuevo-montaje-de-espacio-ane-se-estrena-en-la-sala-de-artes-escenicas-de-rodelillo","status":"publish","type":"post","link":"https:\/\/dev.antudigital.cl\/sites\/vc\/cansancio-nuevo-montaje-de-espacio-ane-se-estrena-en-la-sala-de-artes-escenicas-de-rodelillo\/","title":{"rendered":"\u201cCANSANCIO\u201d Nuevo Montaje de Espacio An\u00e9 se ESTRENA en la sala de Artes Esc\u00e9nicas de Rodelillo"},"content":{"rendered":"\n<p>Teatro, danza y comunidad. El Centro Comunitario de Rodelillo y la Cooperativa Teatral de Valpara\u00edso se unen para levantar la 1ra Sala de Artes Esc\u00e9nicas de Rodelillo con una cartelera para toda la familia y en la que se ESTRENAR\u00c1 \u201cCansancio\u201d el trabajo m\u00e1s reciente de Espacio An\u00e9 (Esto es un Teatro).<\/p>\n\n\n\n<p>Este fin de semana 1, 2 y 3 de Diciembre a las 20 hrs se presentar\u00e1 en la <strong>sala de Artes Esc\u00e9nicas de Rodelillo <\/strong>la obra \u201cCansancio\u201d , segunda entrega de la Trilog\u00eda Temporal del Director porte\u00f1o Danilo Llanos y resultado de una residencia creativa que Espacio An\u00e9 ha viene desplegando desde Agosto a la fecha en el Centro comunitario de Rodelillo.&nbsp; En esa l\u00ednea, Constanza Segovia, actriz, gestora y miembro de la Cooperativa Teatral, se\u00f1ala que <em>\u201cPara nosotros es importante que alguien como Danilo, que cuenta con m\u00e1s de 20 a\u00f1os de experiencia trabajando en la escena porte\u00f1a, piense en trabajar y estrenar en Rodelillo ya que es un espacio creativo descentralizado\u201d<\/em>.<\/p>\n\n\n\n<p>&nbsp;\u201cCansancio\u201d es un montaje basado en el cuento hom\u00f3nimo del actor, director y escritor Fernando Mena, el cual fue ganador del segundo lugar en \u201cSantiago en 100 palabras\u201d (2018), adem\u00e1s de ser elegido por el p\u00fablico como el cuento m\u00e1s popular en el aniversario n\u00famero 15 de dicho concurso literario.&nbsp;<\/p>\n\n\n\n<p>La reci\u00e9n inaugurada 1ra sala de espect\u00e1culos de Rodelillo cuenta con una capacidad para una capacidad de 25 a 30 \u00b4personas por funci\u00f3n y es una innovadora iniciativa que nace desde el trabajo colaborativo del Centro comunitario de Rodelillo y la Cooperativa Teatral de Valpara\u00edso, busca promover la participaci\u00f3n de la comunidad en torno al teatro de manera accesible, gozosa y acogedora, con la premisa de \u201cver teatro a la vuelta de la esquina\u201d para la amplia comunidad de Rodelillo.<\/p>\n\n\n\n<figure class=\"wp-block-image size-large\"><img fetchpriority=\"high\" decoding=\"async\" width=\"1024\" height=\"683\" src=\"https:\/\/www.valparaisocreativo.cl\/wp-content\/uploads\/2023\/11\/IMG_9552-1024x683.jpg\" alt=\"\" class=\"wp-image-17854\" srcset=\"https:\/\/dev.antudigital.cl\/sites\/vc\/wp-content\/uploads\/2023\/11\/IMG_9552-1024x683.jpg 1024w, https:\/\/dev.antudigital.cl\/sites\/vc\/wp-content\/uploads\/2023\/11\/IMG_9552-300x200.jpg 300w, https:\/\/dev.antudigital.cl\/sites\/vc\/wp-content\/uploads\/2023\/11\/IMG_9552-768x512.jpg 768w, https:\/\/dev.antudigital.cl\/sites\/vc\/wp-content\/uploads\/2023\/11\/IMG_9552-1536x1024.jpg 1536w, https:\/\/dev.antudigital.cl\/sites\/vc\/wp-content\/uploads\/2023\/11\/IMG_9552-1080x720.jpg 1080w, https:\/\/dev.antudigital.cl\/sites\/vc\/wp-content\/uploads\/2023\/11\/IMG_9552-1280x853.jpg 1280w, https:\/\/dev.antudigital.cl\/sites\/vc\/wp-content\/uploads\/2023\/11\/IMG_9552-980x653.jpg 980w, https:\/\/dev.antudigital.cl\/sites\/vc\/wp-content\/uploads\/2023\/11\/IMG_9552-480x320.jpg 480w, https:\/\/dev.antudigital.cl\/sites\/vc\/wp-content\/uploads\/2023\/11\/IMG_9552-24x16.jpg 24w, https:\/\/dev.antudigital.cl\/sites\/vc\/wp-content\/uploads\/2023\/11\/IMG_9552-36x24.jpg 36w, https:\/\/dev.antudigital.cl\/sites\/vc\/wp-content\/uploads\/2023\/11\/IMG_9552-48x32.jpg 48w, https:\/\/dev.antudigital.cl\/sites\/vc\/wp-content\/uploads\/2023\/11\/IMG_9552.jpg 2048w\" sizes=\"(max-width: 1024px) 100vw, 1024px\" \/><\/figure>\n\n\n\n<p><strong>Todo se repite<\/strong><\/p>\n\n\n\n<p>\u201cCansancio\u201d pone en escena la imagen de un hijo que espera todos los d\u00edas que llegue su padre a casa despu\u00e9s del trabajo. Hablan poco y se intentan comunicar como pueden, cuando pueden, con lo que tienen. Una tensa atm\u00f3sfera los atraviesa y un peso diario los hace vivir una y otra vez el mismo silencio. Una escena de todo tiempo que aparece insistentemente, a la manera de bucle, para decirnos que nada ha cambiado, que todo sigue ah\u00ed.<\/p>\n\n\n\n<p>En la citada Trilog\u00eda, espacio an\u00e9 se interesa en desplegar pr\u00e1cticas que centran su atenci\u00f3n en tensar la posibilidades temporales en la escena, en esa l\u00ednea Danilo Llanos, director de Cansancio reflexiona sobre esa premisa y el cuento de Fernando Mena:&nbsp; \u201c<em>Cuando le\u00ed por primera vez el cuento de Fernando, me pareci\u00f3 un texto terrible porque pertenec\u00eda a todo tiempo, porque era una escena repetida. Me atraves\u00f3 el pensamiento de que ese cuento era una imagen que se hab\u00eda dado tres generaciones para atr\u00e1s y se seguir\u00e1 dando tres generaciones para adelante. Eso me aterr\u00f3 y me pareci\u00f3 altamente fascinante la posibilidad de poner en escena esa tensi\u00f3n temporal. &nbsp; No solo me interes\u00f3 la imagen del cuento, sino que me movilizaron los tiempos que la atravesaban\u201d. <\/em>El elenco est\u00e1 compuesto por el actor Quillotano Ivo Herrera (La Negra Ester, El Pueblo del Mal Amor, Todo es Cancha) y Felipe Carvajal (FEROZ). Para Ivo este&nbsp; proceso<em> \u201cha sido un reencuentro muy hermoso con la din\u00e1mica de la creaci\u00f3n teatral, entendiendo que el formato del proyecto es bastante diferente a lo que yo he hecho en mi carrera lo cual me motiva a estar descubriendo los c\u00f3digos que a Danilo en particular le interesan como director. Hay una motivaci\u00f3n emocional e intelectual\u201d.&nbsp; <\/em>Por otra parte, Felipe quien reci\u00e9n comienza su camino teatral luego de girar por chile y parte de Europa con la exitosa FEROZ de Teatro La Peste, se refiere espec\u00edficamente a la propuesta esc\u00e9nica que plantea la obra abor\u00e1ndola como \u201c<em>un desaf\u00edo corporal para sostener una especie de rutina imparable\u201d<\/em><\/p>\n\n\n\n<p><strong>COORDENADAS<\/strong><\/p>\n\n\n\n<p>-Sala de Arte Esc\u00e9nico del Centro Comunitario de Rodelillo. \/ Av. Rodelillo 2277, paradero 14.<\/p>\n\n\n\n<p>-Estreno: 1 de Diciembre ( Entrada Liberada para vecinxs, previa inscripci\u00f3n)<\/p>\n\n\n\n<p>-Funciones:&nbsp; 2 &#8211; 3 de Diciembre<\/p>\n\n\n\n<p>-Modalidad paga lo que puedas: &nbsp; $5.000, $7.000 o $10.000 (Paga lo que puedas). Opci\u00f3n 2&#215;1 vecinos del sector<\/p>\n\n\n\n<p>(Todas las funciones son a las 20.00 hrs).&nbsp;<\/p>\n\n\n\n<p>-Cupos Limitados<\/p>\n\n\n\n<p>-Reservas: cooperativateatralvalparaiso@gmail.com<\/p>\n\n\n\n<p>-Colaboran: Cooperativa Teatral\u00a0 @cooperativateatral \/ Centro Comunitario Rodelillo @cecorodelillo<\/p>\n\n\n\n<figure class=\"wp-block-image size-full\"><img decoding=\"async\" width=\"629\" height=\"629\" src=\"https:\/\/www.valparaisocreativo.cl\/wp-content\/uploads\/2023\/11\/Captura-de-Pantalla-2023-11-27-a-las-18.24.53.png\" alt=\"\" class=\"wp-image-17856\" srcset=\"https:\/\/dev.antudigital.cl\/sites\/vc\/wp-content\/uploads\/2023\/11\/Captura-de-Pantalla-2023-11-27-a-las-18.24.53.png 629w, https:\/\/dev.antudigital.cl\/sites\/vc\/wp-content\/uploads\/2023\/11\/Captura-de-Pantalla-2023-11-27-a-las-18.24.53-300x300.png 300w, https:\/\/dev.antudigital.cl\/sites\/vc\/wp-content\/uploads\/2023\/11\/Captura-de-Pantalla-2023-11-27-a-las-18.24.53-150x150.png 150w, https:\/\/dev.antudigital.cl\/sites\/vc\/wp-content\/uploads\/2023\/11\/Captura-de-Pantalla-2023-11-27-a-las-18.24.53-480x480.png 480w, https:\/\/dev.antudigital.cl\/sites\/vc\/wp-content\/uploads\/2023\/11\/Captura-de-Pantalla-2023-11-27-a-las-18.24.53-24x24.png 24w, https:\/\/dev.antudigital.cl\/sites\/vc\/wp-content\/uploads\/2023\/11\/Captura-de-Pantalla-2023-11-27-a-las-18.24.53-36x36.png 36w, https:\/\/dev.antudigital.cl\/sites\/vc\/wp-content\/uploads\/2023\/11\/Captura-de-Pantalla-2023-11-27-a-las-18.24.53-48x48.png 48w\" sizes=\"(max-width: 629px) 100vw, 629px\" \/><\/figure>\n","protected":false},"excerpt":{"rendered":"<p>Teatro, danza y comunidad. El Centro Comunitario de Rodelillo y la Cooperativa Teatral de Valpara\u00edso se unen para levantar la 1ra Sala de Artes Esc\u00e9nicas de Rodelillo con una cartelera para toda la familia y en la que se ESTRENAR\u00c1 \u201cCansancio\u201d el trabajo m\u00e1s reciente de Espacio An\u00e9 (Esto es un Teatro). Este fin de [&hellip;]<\/p>\n","protected":false},"author":1,"featured_media":17855,"comment_status":"closed","ping_status":"closed","sticky":false,"template":"","format":"standard","meta":{"_acf_changed":false,"footnotes":""},"categories":[1],"tags":[],"class_list":["post-17853","post","type-post","status-publish","format-standard","has-post-thumbnail","hentry","category-uncategorized"],"acf":[],"yoast_head":"<!-- This site is optimized with the Yoast SEO plugin v27.1.1 - https:\/\/yoast.com\/product\/yoast-seo-wordpress\/ -->\n<title>\u201cCANSANCIO\u201d Nuevo Montaje de Espacio An\u00e9 se ESTRENA en la sala de Artes Esc\u00e9nicas de Rodelillo - Valpara\u00ed\u00adso Creativo<\/title>\n<meta name=\"robots\" content=\"index, follow, max-snippet:-1, max-image-preview:large, max-video-preview:-1\" \/>\n<link rel=\"canonical\" href=\"https:\/\/dev.antudigital.cl\/sites\/vc\/cansancio-nuevo-montaje-de-espacio-ane-se-estrena-en-la-sala-de-artes-escenicas-de-rodelillo\/\" \/>\n<meta property=\"og:locale\" content=\"es_ES\" \/>\n<meta property=\"og:type\" content=\"article\" \/>\n<meta property=\"og:title\" content=\"\u201cCANSANCIO\u201d Nuevo Montaje de Espacio An\u00e9 se ESTRENA en la sala de Artes Esc\u00e9nicas de Rodelillo - Valpara\u00ed\u00adso Creativo\" \/>\n<meta property=\"og:description\" content=\"Teatro, danza y comunidad. El Centro Comunitario de Rodelillo y la Cooperativa Teatral de Valpara\u00edso se unen para levantar la 1ra Sala de Artes Esc\u00e9nicas de Rodelillo con una cartelera para toda la familia y en la que se ESTRENAR\u00c1 \u201cCansancio\u201d el trabajo m\u00e1s reciente de Espacio An\u00e9 (Esto es un Teatro). Este fin de [&hellip;]\" \/>\n<meta property=\"og:url\" content=\"https:\/\/dev.antudigital.cl\/sites\/vc\/cansancio-nuevo-montaje-de-espacio-ane-se-estrena-en-la-sala-de-artes-escenicas-de-rodelillo\/\" \/>\n<meta property=\"og:site_name\" content=\"Valpara\u00ed\u00adso Creativo\" \/>\n<meta property=\"article:published_time\" content=\"2023-11-27T21:26:53+00:00\" \/>\n<meta property=\"article:modified_time\" content=\"2023-11-27T21:27:01+00:00\" \/>\n<meta property=\"og:image\" content=\"https:\/\/dev.antudigital.cl\/sites\/vc\/wp-content\/uploads\/2023\/11\/IMG_9486.jpg\" \/>\n\t<meta property=\"og:image:width\" content=\"2048\" \/>\n\t<meta property=\"og:image:height\" content=\"1365\" \/>\n\t<meta property=\"og:image:type\" content=\"image\/jpeg\" \/>\n<meta name=\"author\" content=\"Valpara\u00edso Creativo\" \/>\n<meta name=\"twitter:card\" content=\"summary_large_image\" \/>\n<meta name=\"twitter:label1\" content=\"Escrito por\" \/>\n\t<meta name=\"twitter:data1\" content=\"Valpara\u00edso Creativo\" \/>\n\t<meta name=\"twitter:label2\" content=\"Tiempo de lectura\" \/>\n\t<meta name=\"twitter:data2\" content=\"4 minutos\" \/>\n<script type=\"application\/ld+json\" class=\"yoast-schema-graph\">{\"@context\":\"https:\/\/schema.org\",\"@graph\":[{\"@type\":\"Article\",\"@id\":\"https:\/\/dev.antudigital.cl\/sites\/vc\/cansancio-nuevo-montaje-de-espacio-ane-se-estrena-en-la-sala-de-artes-escenicas-de-rodelillo\/#article\",\"isPartOf\":{\"@id\":\"https:\/\/dev.antudigital.cl\/sites\/vc\/cansancio-nuevo-montaje-de-espacio-ane-se-estrena-en-la-sala-de-artes-escenicas-de-rodelillo\/\"},\"author\":{\"name\":\"Valpara\u00edso Creativo\",\"@id\":\"https:\/\/dev.antudigital.cl\/sites\/vc\/#\/schema\/person\/c2b9da8dd545e27166fc5ab232837318\"},\"headline\":\"\u201cCANSANCIO\u201d Nuevo Montaje de Espacio An\u00e9 se ESTRENA en la sala de Artes Esc\u00e9nicas de Rodelillo\",\"datePublished\":\"2023-11-27T21:26:53+00:00\",\"dateModified\":\"2023-11-27T21:27:01+00:00\",\"mainEntityOfPage\":{\"@id\":\"https:\/\/dev.antudigital.cl\/sites\/vc\/cansancio-nuevo-montaje-de-espacio-ane-se-estrena-en-la-sala-de-artes-escenicas-de-rodelillo\/\"},\"wordCount\":759,\"image\":{\"@id\":\"https:\/\/dev.antudigital.cl\/sites\/vc\/cansancio-nuevo-montaje-de-espacio-ane-se-estrena-en-la-sala-de-artes-escenicas-de-rodelillo\/#primaryimage\"},\"thumbnailUrl\":\"https:\/\/dev.antudigital.cl\/sites\/vc\/wp-content\/uploads\/2023\/11\/IMG_9486.jpg\",\"articleSection\":[\"Uncategorized\"],\"inLanguage\":\"es\"},{\"@type\":\"WebPage\",\"@id\":\"https:\/\/dev.antudigital.cl\/sites\/vc\/cansancio-nuevo-montaje-de-espacio-ane-se-estrena-en-la-sala-de-artes-escenicas-de-rodelillo\/\",\"url\":\"https:\/\/dev.antudigital.cl\/sites\/vc\/cansancio-nuevo-montaje-de-espacio-ane-se-estrena-en-la-sala-de-artes-escenicas-de-rodelillo\/\",\"name\":\"\u201cCANSANCIO\u201d Nuevo Montaje de Espacio An\u00e9 se ESTRENA en la sala de Artes Esc\u00e9nicas de Rodelillo - Valpara\u00ed\u00adso Creativo\",\"isPartOf\":{\"@id\":\"https:\/\/dev.antudigital.cl\/sites\/vc\/#website\"},\"primaryImageOfPage\":{\"@id\":\"https:\/\/dev.antudigital.cl\/sites\/vc\/cansancio-nuevo-montaje-de-espacio-ane-se-estrena-en-la-sala-de-artes-escenicas-de-rodelillo\/#primaryimage\"},\"image\":{\"@id\":\"https:\/\/dev.antudigital.cl\/sites\/vc\/cansancio-nuevo-montaje-de-espacio-ane-se-estrena-en-la-sala-de-artes-escenicas-de-rodelillo\/#primaryimage\"},\"thumbnailUrl\":\"https:\/\/dev.antudigital.cl\/sites\/vc\/wp-content\/uploads\/2023\/11\/IMG_9486.jpg\",\"datePublished\":\"2023-11-27T21:26:53+00:00\",\"dateModified\":\"2023-11-27T21:27:01+00:00\",\"author\":{\"@id\":\"https:\/\/dev.antudigital.cl\/sites\/vc\/#\/schema\/person\/c2b9da8dd545e27166fc5ab232837318\"},\"breadcrumb\":{\"@id\":\"https:\/\/dev.antudigital.cl\/sites\/vc\/cansancio-nuevo-montaje-de-espacio-ane-se-estrena-en-la-sala-de-artes-escenicas-de-rodelillo\/#breadcrumb\"},\"inLanguage\":\"es\",\"potentialAction\":[{\"@type\":\"ReadAction\",\"target\":[\"https:\/\/dev.antudigital.cl\/sites\/vc\/cansancio-nuevo-montaje-de-espacio-ane-se-estrena-en-la-sala-de-artes-escenicas-de-rodelillo\/\"]}]},{\"@type\":\"ImageObject\",\"inLanguage\":\"es\",\"@id\":\"https:\/\/dev.antudigital.cl\/sites\/vc\/cansancio-nuevo-montaje-de-espacio-ane-se-estrena-en-la-sala-de-artes-escenicas-de-rodelillo\/#primaryimage\",\"url\":\"https:\/\/dev.antudigital.cl\/sites\/vc\/wp-content\/uploads\/2023\/11\/IMG_9486.jpg\",\"contentUrl\":\"https:\/\/dev.antudigital.cl\/sites\/vc\/wp-content\/uploads\/2023\/11\/IMG_9486.jpg\",\"width\":2048,\"height\":1365},{\"@type\":\"BreadcrumbList\",\"@id\":\"https:\/\/dev.antudigital.cl\/sites\/vc\/cansancio-nuevo-montaje-de-espacio-ane-se-estrena-en-la-sala-de-artes-escenicas-de-rodelillo\/#breadcrumb\",\"itemListElement\":[{\"@type\":\"ListItem\",\"position\":1,\"name\":\"Home\",\"item\":\"https:\/\/dev.antudigital.cl\/sites\/vc\/\"},{\"@type\":\"ListItem\",\"position\":2,\"name\":\"\u201cCANSANCIO\u201d Nuevo Montaje de Espacio An\u00e9 se ESTRENA en la sala de Artes Esc\u00e9nicas de Rodelillo\"}]},{\"@type\":\"WebSite\",\"@id\":\"https:\/\/dev.antudigital.cl\/sites\/vc\/#website\",\"url\":\"https:\/\/dev.antudigital.cl\/sites\/vc\/\",\"name\":\"Valpara\u00ed\u00adso Creativo\",\"description\":\"\",\"potentialAction\":[{\"@type\":\"SearchAction\",\"target\":{\"@type\":\"EntryPoint\",\"urlTemplate\":\"https:\/\/dev.antudigital.cl\/sites\/vc\/?s={search_term_string}\"},\"query-input\":{\"@type\":\"PropertyValueSpecification\",\"valueRequired\":true,\"valueName\":\"search_term_string\"}}],\"inLanguage\":\"es\"},{\"@type\":\"Person\",\"@id\":\"https:\/\/dev.antudigital.cl\/sites\/vc\/#\/schema\/person\/c2b9da8dd545e27166fc5ab232837318\",\"name\":\"Valpara\u00edso Creativo\",\"description\":\"Periodista de cultura en la Regi\u00f3n de Valpara\u00edso.\",\"url\":\"https:\/\/dev.antudigital.cl\/sites\/vc\/author\/valpoadmin\/\"}]}<\/script>\n<!-- \/ Yoast SEO plugin. -->","yoast_head_json":{"title":"\u201cCANSANCIO\u201d Nuevo Montaje de Espacio An\u00e9 se ESTRENA en la sala de Artes Esc\u00e9nicas de Rodelillo - Valpara\u00ed\u00adso Creativo","robots":{"index":"index","follow":"follow","max-snippet":"max-snippet:-1","max-image-preview":"max-image-preview:large","max-video-preview":"max-video-preview:-1"},"canonical":"https:\/\/dev.antudigital.cl\/sites\/vc\/cansancio-nuevo-montaje-de-espacio-ane-se-estrena-en-la-sala-de-artes-escenicas-de-rodelillo\/","og_locale":"es_ES","og_type":"article","og_title":"\u201cCANSANCIO\u201d Nuevo Montaje de Espacio An\u00e9 se ESTRENA en la sala de Artes Esc\u00e9nicas de Rodelillo - Valpara\u00ed\u00adso Creativo","og_description":"Teatro, danza y comunidad. El Centro Comunitario de Rodelillo y la Cooperativa Teatral de Valpara\u00edso se unen para levantar la 1ra Sala de Artes Esc\u00e9nicas de Rodelillo con una cartelera para toda la familia y en la que se ESTRENAR\u00c1 \u201cCansancio\u201d el trabajo m\u00e1s reciente de Espacio An\u00e9 (Esto es un Teatro). Este fin de [&hellip;]","og_url":"https:\/\/dev.antudigital.cl\/sites\/vc\/cansancio-nuevo-montaje-de-espacio-ane-se-estrena-en-la-sala-de-artes-escenicas-de-rodelillo\/","og_site_name":"Valpara\u00ed\u00adso Creativo","article_published_time":"2023-11-27T21:26:53+00:00","article_modified_time":"2023-11-27T21:27:01+00:00","og_image":[{"width":2048,"height":1365,"url":"https:\/\/dev.antudigital.cl\/sites\/vc\/wp-content\/uploads\/2023\/11\/IMG_9486.jpg","type":"image\/jpeg"}],"author":"Valpara\u00edso Creativo","twitter_card":"summary_large_image","twitter_misc":{"Escrito por":"Valpara\u00edso Creativo","Tiempo de lectura":"4 minutos"},"schema":{"@context":"https:\/\/schema.org","@graph":[{"@type":"Article","@id":"https:\/\/dev.antudigital.cl\/sites\/vc\/cansancio-nuevo-montaje-de-espacio-ane-se-estrena-en-la-sala-de-artes-escenicas-de-rodelillo\/#article","isPartOf":{"@id":"https:\/\/dev.antudigital.cl\/sites\/vc\/cansancio-nuevo-montaje-de-espacio-ane-se-estrena-en-la-sala-de-artes-escenicas-de-rodelillo\/"},"author":{"name":"Valpara\u00edso Creativo","@id":"https:\/\/dev.antudigital.cl\/sites\/vc\/#\/schema\/person\/c2b9da8dd545e27166fc5ab232837318"},"headline":"\u201cCANSANCIO\u201d Nuevo Montaje de Espacio An\u00e9 se ESTRENA en la sala de Artes Esc\u00e9nicas de Rodelillo","datePublished":"2023-11-27T21:26:53+00:00","dateModified":"2023-11-27T21:27:01+00:00","mainEntityOfPage":{"@id":"https:\/\/dev.antudigital.cl\/sites\/vc\/cansancio-nuevo-montaje-de-espacio-ane-se-estrena-en-la-sala-de-artes-escenicas-de-rodelillo\/"},"wordCount":759,"image":{"@id":"https:\/\/dev.antudigital.cl\/sites\/vc\/cansancio-nuevo-montaje-de-espacio-ane-se-estrena-en-la-sala-de-artes-escenicas-de-rodelillo\/#primaryimage"},"thumbnailUrl":"https:\/\/dev.antudigital.cl\/sites\/vc\/wp-content\/uploads\/2023\/11\/IMG_9486.jpg","articleSection":["Uncategorized"],"inLanguage":"es"},{"@type":"WebPage","@id":"https:\/\/dev.antudigital.cl\/sites\/vc\/cansancio-nuevo-montaje-de-espacio-ane-se-estrena-en-la-sala-de-artes-escenicas-de-rodelillo\/","url":"https:\/\/dev.antudigital.cl\/sites\/vc\/cansancio-nuevo-montaje-de-espacio-ane-se-estrena-en-la-sala-de-artes-escenicas-de-rodelillo\/","name":"\u201cCANSANCIO\u201d Nuevo Montaje de Espacio An\u00e9 se ESTRENA en la sala de Artes Esc\u00e9nicas de Rodelillo - Valpara\u00ed\u00adso Creativo","isPartOf":{"@id":"https:\/\/dev.antudigital.cl\/sites\/vc\/#website"},"primaryImageOfPage":{"@id":"https:\/\/dev.antudigital.cl\/sites\/vc\/cansancio-nuevo-montaje-de-espacio-ane-se-estrena-en-la-sala-de-artes-escenicas-de-rodelillo\/#primaryimage"},"image":{"@id":"https:\/\/dev.antudigital.cl\/sites\/vc\/cansancio-nuevo-montaje-de-espacio-ane-se-estrena-en-la-sala-de-artes-escenicas-de-rodelillo\/#primaryimage"},"thumbnailUrl":"https:\/\/dev.antudigital.cl\/sites\/vc\/wp-content\/uploads\/2023\/11\/IMG_9486.jpg","datePublished":"2023-11-27T21:26:53+00:00","dateModified":"2023-11-27T21:27:01+00:00","author":{"@id":"https:\/\/dev.antudigital.cl\/sites\/vc\/#\/schema\/person\/c2b9da8dd545e27166fc5ab232837318"},"breadcrumb":{"@id":"https:\/\/dev.antudigital.cl\/sites\/vc\/cansancio-nuevo-montaje-de-espacio-ane-se-estrena-en-la-sala-de-artes-escenicas-de-rodelillo\/#breadcrumb"},"inLanguage":"es","potentialAction":[{"@type":"ReadAction","target":["https:\/\/dev.antudigital.cl\/sites\/vc\/cansancio-nuevo-montaje-de-espacio-ane-se-estrena-en-la-sala-de-artes-escenicas-de-rodelillo\/"]}]},{"@type":"ImageObject","inLanguage":"es","@id":"https:\/\/dev.antudigital.cl\/sites\/vc\/cansancio-nuevo-montaje-de-espacio-ane-se-estrena-en-la-sala-de-artes-escenicas-de-rodelillo\/#primaryimage","url":"https:\/\/dev.antudigital.cl\/sites\/vc\/wp-content\/uploads\/2023\/11\/IMG_9486.jpg","contentUrl":"https:\/\/dev.antudigital.cl\/sites\/vc\/wp-content\/uploads\/2023\/11\/IMG_9486.jpg","width":2048,"height":1365},{"@type":"BreadcrumbList","@id":"https:\/\/dev.antudigital.cl\/sites\/vc\/cansancio-nuevo-montaje-de-espacio-ane-se-estrena-en-la-sala-de-artes-escenicas-de-rodelillo\/#breadcrumb","itemListElement":[{"@type":"ListItem","position":1,"name":"Home","item":"https:\/\/dev.antudigital.cl\/sites\/vc\/"},{"@type":"ListItem","position":2,"name":"\u201cCANSANCIO\u201d Nuevo Montaje de Espacio An\u00e9 se ESTRENA en la sala de Artes Esc\u00e9nicas de Rodelillo"}]},{"@type":"WebSite","@id":"https:\/\/dev.antudigital.cl\/sites\/vc\/#website","url":"https:\/\/dev.antudigital.cl\/sites\/vc\/","name":"Valpara\u00ed\u00adso Creativo","description":"","potentialAction":[{"@type":"SearchAction","target":{"@type":"EntryPoint","urlTemplate":"https:\/\/dev.antudigital.cl\/sites\/vc\/?s={search_term_string}"},"query-input":{"@type":"PropertyValueSpecification","valueRequired":true,"valueName":"search_term_string"}}],"inLanguage":"es"},{"@type":"Person","@id":"https:\/\/dev.antudigital.cl\/sites\/vc\/#\/schema\/person\/c2b9da8dd545e27166fc5ab232837318","name":"Valpara\u00edso Creativo","description":"Periodista de cultura en la Regi\u00f3n de Valpara\u00edso.","url":"https:\/\/dev.antudigital.cl\/sites\/vc\/author\/valpoadmin\/"}]}},"_links":{"self":[{"href":"https:\/\/dev.antudigital.cl\/sites\/vc\/wp-json\/wp\/v2\/posts\/17853","targetHints":{"allow":["GET"]}}],"collection":[{"href":"https:\/\/dev.antudigital.cl\/sites\/vc\/wp-json\/wp\/v2\/posts"}],"about":[{"href":"https:\/\/dev.antudigital.cl\/sites\/vc\/wp-json\/wp\/v2\/types\/post"}],"author":[{"embeddable":true,"href":"https:\/\/dev.antudigital.cl\/sites\/vc\/wp-json\/wp\/v2\/users\/1"}],"replies":[{"embeddable":true,"href":"https:\/\/dev.antudigital.cl\/sites\/vc\/wp-json\/wp\/v2\/comments?post=17853"}],"version-history":[{"count":1,"href":"https:\/\/dev.antudigital.cl\/sites\/vc\/wp-json\/wp\/v2\/posts\/17853\/revisions"}],"predecessor-version":[{"id":17857,"href":"https:\/\/dev.antudigital.cl\/sites\/vc\/wp-json\/wp\/v2\/posts\/17853\/revisions\/17857"}],"wp:featuredmedia":[{"embeddable":true,"href":"https:\/\/dev.antudigital.cl\/sites\/vc\/wp-json\/wp\/v2\/media\/17855"}],"wp:attachment":[{"href":"https:\/\/dev.antudigital.cl\/sites\/vc\/wp-json\/wp\/v2\/media?parent=17853"}],"wp:term":[{"taxonomy":"category","embeddable":true,"href":"https:\/\/dev.antudigital.cl\/sites\/vc\/wp-json\/wp\/v2\/categories?post=17853"},{"taxonomy":"post_tag","embeddable":true,"href":"https:\/\/dev.antudigital.cl\/sites\/vc\/wp-json\/wp\/v2\/tags?post=17853"}],"curies":[{"name":"wp","href":"https:\/\/api.w.org\/{rel}","templated":true}]}}