{"id":17858,"date":"2023-11-27T21:39:35","date_gmt":"2023-11-27T21:39:35","guid":{"rendered":"https:\/\/www.valparaisocreativo.cl\/?p=17858"},"modified":"2023-11-27T21:39:43","modified_gmt":"2023-11-27T21:39:43","slug":"convocatoria-fondo-de-inversion-audiovisual-2024-2","status":"publish","type":"post","link":"https:\/\/dev.antudigital.cl\/sites\/vc\/convocatoria-fondo-de-inversion-audiovisual-2024-2\/","title":{"rendered":"Convocatoria Fondo de Inversi\u00f3n Audiovisual 2024"},"content":{"rendered":"\n<p>Esta convocatoria tiene por objetivo fomentar la inversi\u00f3n internacional en producciones audiovisuales de car\u00e1cter asociativo, a trav\u00e9s de la asignaci\u00f3n de recurso parciales para etapas de preproducci\u00f3n, producci\u00f3n y\/o post producci\u00f3n en Chile, con inicio de actividades en 2024, a fin de impulsar la reactivaci\u00f3n del sector.<\/p>\n\n\n\n<p>Para este efecto, financiaremos hasta el 35% del total del costo de los servicios de preproducci\u00f3n, producci\u00f3n y\/o postproducci\u00f3n que se ejecutar\u00e1n en Chile. El resto del financiamiento debe estar comprendido por una productora extranjera. Solo se financiar\u00e1n proyectos cuyos formatos y g\u00e9neros correspondan a:<\/p>\n\n\n\n<ul class=\"wp-block-list\">\n<li>Largometrajes: Ficci\u00f3n, Documental, Experimental y Animaci\u00f3n.<\/li>\n\n\n\n<li>Cortometrajes: Ficci\u00f3n, Documental , Experimentaly Animaci\u00f3n.<\/li>\n\n\n\n<li>Videojuegos.<\/li>\n\n\n\n<li>Mini Series, Series y Webseries.<\/li>\n<\/ul>\n\n\n\n<p>Se excluyen expresamente proyectos publicitarios.<\/p>\n\n\n\n<p><strong>Plazo:<\/strong>\u00a0lunes 11 de diciembre de 2023, 17:00 hrs.<\/p>\n\n\n\n<p><a href=\"https:\/\/www.fondosdecultura.cl\/convocatoria-fondo-de-inversion-audiovisual-2024\/\"><strong>Encuentra todos los detalles y bases en el siguiente enlace.<\/strong><\/a><\/p>\n","protected":false},"excerpt":{"rendered":"<p>Esta convocatoria tiene por objetivo fomentar la inversi\u00f3n internacional en producciones audiovisuales de car\u00e1cter asociativo, a trav\u00e9s de la asignaci\u00f3n de recurso parciales para etapas de preproducci\u00f3n, producci\u00f3n y\/o post producci\u00f3n en Chile, con inicio de actividades en 2024, a fin de impulsar la reactivaci\u00f3n del sector. Para este efecto, financiaremos hasta el 35% del [&hellip;]<\/p>\n","protected":false},"author":1,"featured_media":17794,"comment_status":"closed","ping_status":"closed","sticky":false,"template":"","format":"standard","meta":{"_acf_changed":false,"footnotes":""},"categories":[1],"tags":[],"class_list":["post-17858","post","type-post","status-publish","format-standard","has-post-thumbnail","hentry","category-uncategorized"],"acf":[],"yoast_head":"<!-- This site is optimized with the Yoast SEO plugin v27.1.1 - https:\/\/yoast.com\/product\/yoast-seo-wordpress\/ -->\n<title>Convocatoria Fondo de Inversi\u00f3n Audiovisual 2024 - Valpara\u00ed\u00adso Creativo<\/title>\n<meta name=\"robots\" content=\"index, follow, max-snippet:-1, max-image-preview:large, max-video-preview:-1\" \/>\n<link rel=\"canonical\" href=\"https:\/\/dev.antudigital.cl\/sites\/vc\/convocatoria-fondo-de-inversion-audiovisual-2024-2\/\" \/>\n<meta property=\"og:locale\" content=\"es_ES\" \/>\n<meta property=\"og:type\" content=\"article\" \/>\n<meta property=\"og:title\" content=\"Convocatoria Fondo de Inversi\u00f3n Audiovisual 2024 - Valpara\u00ed\u00adso Creativo\" \/>\n<meta property=\"og:description\" content=\"Esta convocatoria tiene por objetivo fomentar la inversi\u00f3n internacional en producciones audiovisuales de car\u00e1cter asociativo, a trav\u00e9s de la asignaci\u00f3n de recurso parciales para etapas de preproducci\u00f3n, producci\u00f3n y\/o post producci\u00f3n en Chile, con inicio de actividades en 2024, a fin de impulsar la reactivaci\u00f3n del sector. Para este efecto, financiaremos hasta el 35% del [&hellip;]\" \/>\n<meta property=\"og:url\" content=\"https:\/\/dev.antudigital.cl\/sites\/vc\/convocatoria-fondo-de-inversion-audiovisual-2024-2\/\" \/>\n<meta property=\"og:site_name\" content=\"Valpara\u00ed\u00adso Creativo\" \/>\n<meta property=\"article:published_time\" content=\"2023-11-27T21:39:35+00:00\" \/>\n<meta property=\"article:modified_time\" content=\"2023-11-27T21:39:43+00:00\" \/>\n<meta property=\"og:image\" content=\"https:\/\/dev.antudigital.cl\/sites\/vc\/wp-content\/uploads\/2023\/11\/Captura-de-Pantalla-2023-11-20-a-las-19.23.57.png\" \/>\n\t<meta property=\"og:image:width\" content=\"752\" \/>\n\t<meta property=\"og:image:height\" content=\"190\" \/>\n\t<meta property=\"og:image:type\" content=\"image\/png\" \/>\n<meta name=\"author\" content=\"Valpara\u00edso Creativo\" \/>\n<meta name=\"twitter:card\" content=\"summary_large_image\" \/>\n<meta name=\"twitter:label1\" content=\"Escrito por\" \/>\n\t<meta name=\"twitter:data1\" content=\"Valpara\u00edso Creativo\" \/>\n\t<meta name=\"twitter:label2\" content=\"Tiempo de lectura\" \/>\n\t<meta name=\"twitter:data2\" content=\"1 minuto\" \/>\n<script type=\"application\/ld+json\" class=\"yoast-schema-graph\">{\"@context\":\"https:\/\/schema.org\",\"@graph\":[{\"@type\":\"Article\",\"@id\":\"https:\/\/dev.antudigital.cl\/sites\/vc\/convocatoria-fondo-de-inversion-audiovisual-2024-2\/#article\",\"isPartOf\":{\"@id\":\"https:\/\/dev.antudigital.cl\/sites\/vc\/convocatoria-fondo-de-inversion-audiovisual-2024-2\/\"},\"author\":{\"name\":\"Valpara\u00edso Creativo\",\"@id\":\"https:\/\/dev.antudigital.cl\/sites\/vc\/#\/schema\/person\/c2b9da8dd545e27166fc5ab232837318\"},\"headline\":\"Convocatoria Fondo de Inversi\u00f3n Audiovisual 2024\",\"datePublished\":\"2023-11-27T21:39:35+00:00\",\"dateModified\":\"2023-11-27T21:39:43+00:00\",\"mainEntityOfPage\":{\"@id\":\"https:\/\/dev.antudigital.cl\/sites\/vc\/convocatoria-fondo-de-inversion-audiovisual-2024-2\/\"},\"wordCount\":154,\"image\":{\"@id\":\"https:\/\/dev.antudigital.cl\/sites\/vc\/convocatoria-fondo-de-inversion-audiovisual-2024-2\/#primaryimage\"},\"thumbnailUrl\":\"https:\/\/dev.antudigital.cl\/sites\/vc\/wp-content\/uploads\/2023\/11\/Captura-de-Pantalla-2023-11-20-a-las-19.23.57.png\",\"articleSection\":[\"Uncategorized\"],\"inLanguage\":\"es\"},{\"@type\":\"WebPage\",\"@id\":\"https:\/\/dev.antudigital.cl\/sites\/vc\/convocatoria-fondo-de-inversion-audiovisual-2024-2\/\",\"url\":\"https:\/\/dev.antudigital.cl\/sites\/vc\/convocatoria-fondo-de-inversion-audiovisual-2024-2\/\",\"name\":\"Convocatoria Fondo de Inversi\u00f3n Audiovisual 2024 - Valpara\u00ed\u00adso Creativo\",\"isPartOf\":{\"@id\":\"https:\/\/dev.antudigital.cl\/sites\/vc\/#website\"},\"primaryImageOfPage\":{\"@id\":\"https:\/\/dev.antudigital.cl\/sites\/vc\/convocatoria-fondo-de-inversion-audiovisual-2024-2\/#primaryimage\"},\"image\":{\"@id\":\"https:\/\/dev.antudigital.cl\/sites\/vc\/convocatoria-fondo-de-inversion-audiovisual-2024-2\/#primaryimage\"},\"thumbnailUrl\":\"https:\/\/dev.antudigital.cl\/sites\/vc\/wp-content\/uploads\/2023\/11\/Captura-de-Pantalla-2023-11-20-a-las-19.23.57.png\",\"datePublished\":\"2023-11-27T21:39:35+00:00\",\"dateModified\":\"2023-11-27T21:39:43+00:00\",\"author\":{\"@id\":\"https:\/\/dev.antudigital.cl\/sites\/vc\/#\/schema\/person\/c2b9da8dd545e27166fc5ab232837318\"},\"breadcrumb\":{\"@id\":\"https:\/\/dev.antudigital.cl\/sites\/vc\/convocatoria-fondo-de-inversion-audiovisual-2024-2\/#breadcrumb\"},\"inLanguage\":\"es\",\"potentialAction\":[{\"@type\":\"ReadAction\",\"target\":[\"https:\/\/dev.antudigital.cl\/sites\/vc\/convocatoria-fondo-de-inversion-audiovisual-2024-2\/\"]}]},{\"@type\":\"ImageObject\",\"inLanguage\":\"es\",\"@id\":\"https:\/\/dev.antudigital.cl\/sites\/vc\/convocatoria-fondo-de-inversion-audiovisual-2024-2\/#primaryimage\",\"url\":\"https:\/\/dev.antudigital.cl\/sites\/vc\/wp-content\/uploads\/2023\/11\/Captura-de-Pantalla-2023-11-20-a-las-19.23.57.png\",\"contentUrl\":\"https:\/\/dev.antudigital.cl\/sites\/vc\/wp-content\/uploads\/2023\/11\/Captura-de-Pantalla-2023-11-20-a-las-19.23.57.png\",\"width\":752,\"height\":190},{\"@type\":\"BreadcrumbList\",\"@id\":\"https:\/\/dev.antudigital.cl\/sites\/vc\/convocatoria-fondo-de-inversion-audiovisual-2024-2\/#breadcrumb\",\"itemListElement\":[{\"@type\":\"ListItem\",\"position\":1,\"name\":\"Home\",\"item\":\"https:\/\/dev.antudigital.cl\/sites\/vc\/\"},{\"@type\":\"ListItem\",\"position\":2,\"name\":\"Convocatoria Fondo de Inversi\u00f3n Audiovisual 2024\"}]},{\"@type\":\"WebSite\",\"@id\":\"https:\/\/dev.antudigital.cl\/sites\/vc\/#website\",\"url\":\"https:\/\/dev.antudigital.cl\/sites\/vc\/\",\"name\":\"Valpara\u00ed\u00adso Creativo\",\"description\":\"\",\"potentialAction\":[{\"@type\":\"SearchAction\",\"target\":{\"@type\":\"EntryPoint\",\"urlTemplate\":\"https:\/\/dev.antudigital.cl\/sites\/vc\/?s={search_term_string}\"},\"query-input\":{\"@type\":\"PropertyValueSpecification\",\"valueRequired\":true,\"valueName\":\"search_term_string\"}}],\"inLanguage\":\"es\"},{\"@type\":\"Person\",\"@id\":\"https:\/\/dev.antudigital.cl\/sites\/vc\/#\/schema\/person\/c2b9da8dd545e27166fc5ab232837318\",\"name\":\"Valpara\u00edso Creativo\",\"description\":\"Periodista de cultura en la Regi\u00f3n de Valpara\u00edso.\",\"url\":\"https:\/\/dev.antudigital.cl\/sites\/vc\/author\/valpoadmin\/\"}]}<\/script>\n<!-- \/ Yoast SEO plugin. -->","yoast_head_json":{"title":"Convocatoria Fondo de Inversi\u00f3n Audiovisual 2024 - Valpara\u00ed\u00adso Creativo","robots":{"index":"index","follow":"follow","max-snippet":"max-snippet:-1","max-image-preview":"max-image-preview:large","max-video-preview":"max-video-preview:-1"},"canonical":"https:\/\/dev.antudigital.cl\/sites\/vc\/convocatoria-fondo-de-inversion-audiovisual-2024-2\/","og_locale":"es_ES","og_type":"article","og_title":"Convocatoria Fondo de Inversi\u00f3n Audiovisual 2024 - Valpara\u00ed\u00adso Creativo","og_description":"Esta convocatoria tiene por objetivo fomentar la inversi\u00f3n internacional en producciones audiovisuales de car\u00e1cter asociativo, a trav\u00e9s de la asignaci\u00f3n de recurso parciales para etapas de preproducci\u00f3n, producci\u00f3n y\/o post producci\u00f3n en Chile, con inicio de actividades en 2024, a fin de impulsar la reactivaci\u00f3n del sector. Para este efecto, financiaremos hasta el 35% del [&hellip;]","og_url":"https:\/\/dev.antudigital.cl\/sites\/vc\/convocatoria-fondo-de-inversion-audiovisual-2024-2\/","og_site_name":"Valpara\u00ed\u00adso Creativo","article_published_time":"2023-11-27T21:39:35+00:00","article_modified_time":"2023-11-27T21:39:43+00:00","og_image":[{"width":752,"height":190,"url":"https:\/\/dev.antudigital.cl\/sites\/vc\/wp-content\/uploads\/2023\/11\/Captura-de-Pantalla-2023-11-20-a-las-19.23.57.png","type":"image\/png"}],"author":"Valpara\u00edso Creativo","twitter_card":"summary_large_image","twitter_misc":{"Escrito por":"Valpara\u00edso Creativo","Tiempo de lectura":"1 minuto"},"schema":{"@context":"https:\/\/schema.org","@graph":[{"@type":"Article","@id":"https:\/\/dev.antudigital.cl\/sites\/vc\/convocatoria-fondo-de-inversion-audiovisual-2024-2\/#article","isPartOf":{"@id":"https:\/\/dev.antudigital.cl\/sites\/vc\/convocatoria-fondo-de-inversion-audiovisual-2024-2\/"},"author":{"name":"Valpara\u00edso Creativo","@id":"https:\/\/dev.antudigital.cl\/sites\/vc\/#\/schema\/person\/c2b9da8dd545e27166fc5ab232837318"},"headline":"Convocatoria Fondo de Inversi\u00f3n Audiovisual 2024","datePublished":"2023-11-27T21:39:35+00:00","dateModified":"2023-11-27T21:39:43+00:00","mainEntityOfPage":{"@id":"https:\/\/dev.antudigital.cl\/sites\/vc\/convocatoria-fondo-de-inversion-audiovisual-2024-2\/"},"wordCount":154,"image":{"@id":"https:\/\/dev.antudigital.cl\/sites\/vc\/convocatoria-fondo-de-inversion-audiovisual-2024-2\/#primaryimage"},"thumbnailUrl":"https:\/\/dev.antudigital.cl\/sites\/vc\/wp-content\/uploads\/2023\/11\/Captura-de-Pantalla-2023-11-20-a-las-19.23.57.png","articleSection":["Uncategorized"],"inLanguage":"es"},{"@type":"WebPage","@id":"https:\/\/dev.antudigital.cl\/sites\/vc\/convocatoria-fondo-de-inversion-audiovisual-2024-2\/","url":"https:\/\/dev.antudigital.cl\/sites\/vc\/convocatoria-fondo-de-inversion-audiovisual-2024-2\/","name":"Convocatoria Fondo de Inversi\u00f3n Audiovisual 2024 - Valpara\u00ed\u00adso Creativo","isPartOf":{"@id":"https:\/\/dev.antudigital.cl\/sites\/vc\/#website"},"primaryImageOfPage":{"@id":"https:\/\/dev.antudigital.cl\/sites\/vc\/convocatoria-fondo-de-inversion-audiovisual-2024-2\/#primaryimage"},"image":{"@id":"https:\/\/dev.antudigital.cl\/sites\/vc\/convocatoria-fondo-de-inversion-audiovisual-2024-2\/#primaryimage"},"thumbnailUrl":"https:\/\/dev.antudigital.cl\/sites\/vc\/wp-content\/uploads\/2023\/11\/Captura-de-Pantalla-2023-11-20-a-las-19.23.57.png","datePublished":"2023-11-27T21:39:35+00:00","dateModified":"2023-11-27T21:39:43+00:00","author":{"@id":"https:\/\/dev.antudigital.cl\/sites\/vc\/#\/schema\/person\/c2b9da8dd545e27166fc5ab232837318"},"breadcrumb":{"@id":"https:\/\/dev.antudigital.cl\/sites\/vc\/convocatoria-fondo-de-inversion-audiovisual-2024-2\/#breadcrumb"},"inLanguage":"es","potentialAction":[{"@type":"ReadAction","target":["https:\/\/dev.antudigital.cl\/sites\/vc\/convocatoria-fondo-de-inversion-audiovisual-2024-2\/"]}]},{"@type":"ImageObject","inLanguage":"es","@id":"https:\/\/dev.antudigital.cl\/sites\/vc\/convocatoria-fondo-de-inversion-audiovisual-2024-2\/#primaryimage","url":"https:\/\/dev.antudigital.cl\/sites\/vc\/wp-content\/uploads\/2023\/11\/Captura-de-Pantalla-2023-11-20-a-las-19.23.57.png","contentUrl":"https:\/\/dev.antudigital.cl\/sites\/vc\/wp-content\/uploads\/2023\/11\/Captura-de-Pantalla-2023-11-20-a-las-19.23.57.png","width":752,"height":190},{"@type":"BreadcrumbList","@id":"https:\/\/dev.antudigital.cl\/sites\/vc\/convocatoria-fondo-de-inversion-audiovisual-2024-2\/#breadcrumb","itemListElement":[{"@type":"ListItem","position":1,"name":"Home","item":"https:\/\/dev.antudigital.cl\/sites\/vc\/"},{"@type":"ListItem","position":2,"name":"Convocatoria Fondo de Inversi\u00f3n Audiovisual 2024"}]},{"@type":"WebSite","@id":"https:\/\/dev.antudigital.cl\/sites\/vc\/#website","url":"https:\/\/dev.antudigital.cl\/sites\/vc\/","name":"Valpara\u00ed\u00adso Creativo","description":"","potentialAction":[{"@type":"SearchAction","target":{"@type":"EntryPoint","urlTemplate":"https:\/\/dev.antudigital.cl\/sites\/vc\/?s={search_term_string}"},"query-input":{"@type":"PropertyValueSpecification","valueRequired":true,"valueName":"search_term_string"}}],"inLanguage":"es"},{"@type":"Person","@id":"https:\/\/dev.antudigital.cl\/sites\/vc\/#\/schema\/person\/c2b9da8dd545e27166fc5ab232837318","name":"Valpara\u00edso Creativo","description":"Periodista de cultura en la Regi\u00f3n de Valpara\u00edso.","url":"https:\/\/dev.antudigital.cl\/sites\/vc\/author\/valpoadmin\/"}]}},"_links":{"self":[{"href":"https:\/\/dev.antudigital.cl\/sites\/vc\/wp-json\/wp\/v2\/posts\/17858","targetHints":{"allow":["GET"]}}],"collection":[{"href":"https:\/\/dev.antudigital.cl\/sites\/vc\/wp-json\/wp\/v2\/posts"}],"about":[{"href":"https:\/\/dev.antudigital.cl\/sites\/vc\/wp-json\/wp\/v2\/types\/post"}],"author":[{"embeddable":true,"href":"https:\/\/dev.antudigital.cl\/sites\/vc\/wp-json\/wp\/v2\/users\/1"}],"replies":[{"embeddable":true,"href":"https:\/\/dev.antudigital.cl\/sites\/vc\/wp-json\/wp\/v2\/comments?post=17858"}],"version-history":[{"count":1,"href":"https:\/\/dev.antudigital.cl\/sites\/vc\/wp-json\/wp\/v2\/posts\/17858\/revisions"}],"predecessor-version":[{"id":17859,"href":"https:\/\/dev.antudigital.cl\/sites\/vc\/wp-json\/wp\/v2\/posts\/17858\/revisions\/17859"}],"wp:featuredmedia":[{"embeddable":true,"href":"https:\/\/dev.antudigital.cl\/sites\/vc\/wp-json\/wp\/v2\/media\/17794"}],"wp:attachment":[{"href":"https:\/\/dev.antudigital.cl\/sites\/vc\/wp-json\/wp\/v2\/media?parent=17858"}],"wp:term":[{"taxonomy":"category","embeddable":true,"href":"https:\/\/dev.antudigital.cl\/sites\/vc\/wp-json\/wp\/v2\/categories?post=17858"},{"taxonomy":"post_tag","embeddable":true,"href":"https:\/\/dev.antudigital.cl\/sites\/vc\/wp-json\/wp\/v2\/tags?post=17858"}],"curies":[{"name":"wp","href":"https:\/\/api.w.org\/{rel}","templated":true}]}}