{"id":17861,"date":"2023-11-27T22:13:51","date_gmt":"2023-11-27T22:13:51","guid":{"rendered":"https:\/\/www.valparaisocreativo.cl\/?p=17861"},"modified":"2023-11-27T22:13:58","modified_gmt":"2023-11-27T22:13:58","slug":"esta-semana-se-lleva-a-cabo-tsonami-arte-sonoro-conoce-los-detalles-de-su-nueva-version","status":"publish","type":"post","link":"https:\/\/dev.antudigital.cl\/sites\/vc\/esta-semana-se-lleva-a-cabo-tsonami-arte-sonoro-conoce-los-detalles-de-su-nueva-version\/","title":{"rendered":"Esta semana se lleva a cabo Tsonami Arte Sonoro: conoce los detalles de su nueva versi\u00f3n"},"content":{"rendered":"\n<p>Desde el s\u00e1bado 25 se est\u00e1 realizando una nueva edici\u00f3n del Festival de Arte Sonoro Tsonami, con programaci\u00f3n presencial y radial disponible hasta el 1 de diciembre, en su d\u00e9cimo s\u00e9ptima versi\u00f3n.\u00a0Siempre dedic\u00e1ndose a acercar el arte sonoro en sus diversas expresiones a las audiencias locales.<\/p>\n\n\n\n<p>Hablamos con su director, Fernando Godoy, acerca de los distintos aspectos de realizar este evento de proyecci\u00f3n internacional, de c\u00f3mo se relaciona con el sonido y qu\u00e9 papel juega hoy la Radio Tsonami m\u00e1s all\u00e1 del marco del Festival.\u00a0<\/p>\n\n\n\n<figure class=\"wp-block-image size-large\"><img fetchpriority=\"high\" decoding=\"async\" width=\"768\" height=\"1024\" src=\"https:\/\/www.valparaisocreativo.cl\/wp-content\/uploads\/2023\/11\/WhatsApp-Image-2023-11-23-at-17.38.15-768x1024.jpeg\" alt=\"\" class=\"wp-image-17866\" srcset=\"https:\/\/dev.antudigital.cl\/sites\/vc\/wp-content\/uploads\/2023\/11\/WhatsApp-Image-2023-11-23-at-17.38.15-768x1024.jpeg 768w, https:\/\/dev.antudigital.cl\/sites\/vc\/wp-content\/uploads\/2023\/11\/WhatsApp-Image-2023-11-23-at-17.38.15-225x300.jpeg 225w, https:\/\/dev.antudigital.cl\/sites\/vc\/wp-content\/uploads\/2023\/11\/WhatsApp-Image-2023-11-23-at-17.38.15-1152x1536.jpeg 1152w, https:\/\/dev.antudigital.cl\/sites\/vc\/wp-content\/uploads\/2023\/11\/WhatsApp-Image-2023-11-23-at-17.38.15-1080x1440.jpeg 1080w, https:\/\/dev.antudigital.cl\/sites\/vc\/wp-content\/uploads\/2023\/11\/WhatsApp-Image-2023-11-23-at-17.38.15-980x1307.jpeg 980w, https:\/\/dev.antudigital.cl\/sites\/vc\/wp-content\/uploads\/2023\/11\/WhatsApp-Image-2023-11-23-at-17.38.15-480x640.jpeg 480w, https:\/\/dev.antudigital.cl\/sites\/vc\/wp-content\/uploads\/2023\/11\/WhatsApp-Image-2023-11-23-at-17.38.15-18x24.jpeg 18w, https:\/\/dev.antudigital.cl\/sites\/vc\/wp-content\/uploads\/2023\/11\/WhatsApp-Image-2023-11-23-at-17.38.15-27x36.jpeg 27w, https:\/\/dev.antudigital.cl\/sites\/vc\/wp-content\/uploads\/2023\/11\/WhatsApp-Image-2023-11-23-at-17.38.15-36x48.jpeg 36w, https:\/\/dev.antudigital.cl\/sites\/vc\/wp-content\/uploads\/2023\/11\/WhatsApp-Image-2023-11-23-at-17.38.15.jpeg 1200w\" sizes=\"(max-width: 768px) 100vw, 768px\" \/><\/figure>\n\n\n\n<p><strong>\u00bfC\u00f3mo se ha desarrollado este persistir y desarrollar el trabajo colectivo? Le\u00eda que han insistido en esto durante los \u00faltimos a\u00f1os y ha ido ganando fuerza la colectividad en la programaci\u00f3n.<\/strong><\/p>\n\n\n\n<p>-El trabajo enfocado en colectivos art\u00edsticos, surge despu\u00e9s de las ediciones 2019-2020, post estallido y pandemia. Esos dos momentos nos hicieron replantear las formas y estrategias del festival, ya que dej\u00f3 de hacernos sentido repetir las estructuras de las \u00faltimas ediciones. Fue, en ese contexto, que sentimos que era momento de enfocarnos en lo colectivo por sobre lo individual, y esa estrategia la asumimos por primera vez el 2021. Desde entonces, la hemos ido desarrollando, lo que ha implicado cambios profundos en las formas de organizar todos los aspectos del festival, desde la producci\u00f3n y log\u00edstica, pasando por la forma de articular y estructurar la programaci\u00f3n, hasta la vinculaci\u00f3n con los p\u00fablicos.&nbsp;<\/p>\n\n\n\n<p>Hoy, el programa tiene una dimensi\u00f3n dual \u2013radial\/online y presencial\u2013 muy intensa, de 24 hrs continuas de transmisiones, al mismo tiempo que actividades presenciales, principalmente de los colectivos que vienen un mes a Valpara\u00edso a desarrollar proyectos de vinculaci\u00f3n con el contexto. Esta nueva estrategia, ha significado un poco de renuncia respecto de los p\u00fablicos, ya que el festival tiene menos de festival y de evento, para centrarse m\u00e1s en procesos art\u00edsticos en la ciudad.<\/p>\n\n\n\n<figure class=\"wp-block-image size-full\"><img decoding=\"async\" width=\"450\" height=\"156\" src=\"https:\/\/www.valparaisocreativo.cl\/wp-content\/uploads\/2023\/11\/logotsonami2023_test5.png\" alt=\"\" class=\"wp-image-17863\" srcset=\"https:\/\/dev.antudigital.cl\/sites\/vc\/wp-content\/uploads\/2023\/11\/logotsonami2023_test5.png 450w, https:\/\/dev.antudigital.cl\/sites\/vc\/wp-content\/uploads\/2023\/11\/logotsonami2023_test5-300x104.png 300w, https:\/\/dev.antudigital.cl\/sites\/vc\/wp-content\/uploads\/2023\/11\/logotsonami2023_test5-24x8.png 24w, https:\/\/dev.antudigital.cl\/sites\/vc\/wp-content\/uploads\/2023\/11\/logotsonami2023_test5-36x12.png 36w, https:\/\/dev.antudigital.cl\/sites\/vc\/wp-content\/uploads\/2023\/11\/logotsonami2023_test5-48x17.png 48w\" sizes=\"(max-width: 450px) 100vw, 450px\" \/><\/figure>\n\n\n\n<p><strong>Tambi\u00e9n, \u00bfen qu\u00e9 momento est\u00e1n con la radio? Hoy es una rama muy presente y aut\u00f3noma de Tsonami, \u00bfc\u00f3mo lo ves t\u00fa?<\/strong><\/p>\n\n\n\n<p>-La radio fue un proyecto que qued\u00f3 de la pandemia, fue ah\u00ed cuando se dieron las condiciones para potenciarla. Fue una oportunidad para desarrollar la transmisi\u00f3n y lo radiof\u00f3nico como material de producci\u00f3n art\u00edstica, lo cual pr\u00e1cticamente no exist\u00eda en el pa\u00eds en ese momento. La radio nos fascina, como posibilidad de experimentaci\u00f3n y como fen\u00f3meno de transmisi\u00f3n es alucinante, y buscamos transmitir eso a artistas locales y nacionales para fomentar su uso y experimentaci\u00f3n, sobre todo considerando que el rol de la radio en el pa\u00eds ha sido extremadamente limitado, salvo excepciones, y dejado en manos del mercado. En este sentido, <a href=\"http:\/\/radiotsonami.org\/\">radiotsonami.org<\/a> ya tiene plena autonom\u00eda, funciona todo el a\u00f1o, pero es durante el festival que cobra mayor presencia.&nbsp;<\/p>\n\n\n\n<p>Personalmente, veo la radio y la transmisi\u00f3n como un universo donde hay mucho por explorar, con un potencial muy rico para la producci\u00f3n art\u00edstica y la creaci\u00f3n de alternativas a los usos tradicionales.<\/p>\n\n\n\n<p><strong>\u00bfC\u00f3mo crees que las personas nos relacionamos con el sonido? En un sentido amplio.<\/strong><\/p>\n\n\n\n<p>-El sonido es parte de nosotros, de nuestra experiencia cotidiana, de nuestra forma de habitar el contexto, de navegar la ciudad, de vincularnos con el entorno. El sonido tiene un rol ecol\u00f3gico, m\u00e1s all\u00e1 de nosotros, es una expresi\u00f3n de los entornos, y es una forma de relacionarnos con ese entorno. Sea de forma m\u00e1s o menos consciente toda persona -que no tenga problemas auditivos- tiene una relaci\u00f3n profunda con el sonido. Basta pensar que los o\u00eddos no tienen p\u00e1rpados, que estamos las 24hrs, incluso cuando dormimos, escuchando, pero nuestro cerebro es un poderoso filtro que nos permite sobrevivir esa avalancha de informaci\u00f3n para enfocarnos.&nbsp;<\/p>\n\n\n\n<p>El sonido tambi\u00e9n nos ayuda a crear una imagen del espacio, nos sit\u00faa donde sea que estemos. Adem\u00e1s, el sonido es temporalidad pura, nos permite conectar con el lugar que habitamos. En este sentido, puede ser vivido como experiencia est\u00e9tica y contemplativa. Creo que a esto \u00faltimo se refer\u00eda John Cage cuando dec\u00eda que era tan musical lo que pasaba dentro de una escuela de m\u00fasica como el sonido de la calle que entraba por su ventana. Si comenzamos a poner atenci\u00f3n, sin dudas que podemos comenzar a disfrutar esa parte de nuestra experiencia perceptiva, al mismo tiempo de hacernos m\u00e1s sensibles a c\u00f3mo el sonido nos relaciona con el ambiente y es signo de su vitalidad.<\/p>\n\n\n\n<figure class=\"wp-block-image size-full\"><img decoding=\"async\" width=\"550\" height=\"377\" src=\"https:\/\/www.valparaisocreativo.cl\/wp-content\/uploads\/2023\/11\/XVI_Festival_de_Arte_Sonoro_Tsonami_hipermedula_3_al_10_diciembre_2022.jpeg\" alt=\"\" class=\"wp-image-17865\" srcset=\"https:\/\/dev.antudigital.cl\/sites\/vc\/wp-content\/uploads\/2023\/11\/XVI_Festival_de_Arte_Sonoro_Tsonami_hipermedula_3_al_10_diciembre_2022.jpeg 550w, https:\/\/dev.antudigital.cl\/sites\/vc\/wp-content\/uploads\/2023\/11\/XVI_Festival_de_Arte_Sonoro_Tsonami_hipermedula_3_al_10_diciembre_2022-300x206.jpeg 300w, https:\/\/dev.antudigital.cl\/sites\/vc\/wp-content\/uploads\/2023\/11\/XVI_Festival_de_Arte_Sonoro_Tsonami_hipermedula_3_al_10_diciembre_2022-480x329.jpeg 480w, https:\/\/dev.antudigital.cl\/sites\/vc\/wp-content\/uploads\/2023\/11\/XVI_Festival_de_Arte_Sonoro_Tsonami_hipermedula_3_al_10_diciembre_2022-24x16.jpeg 24w, https:\/\/dev.antudigital.cl\/sites\/vc\/wp-content\/uploads\/2023\/11\/XVI_Festival_de_Arte_Sonoro_Tsonami_hipermedula_3_al_10_diciembre_2022-36x25.jpeg 36w, https:\/\/dev.antudigital.cl\/sites\/vc\/wp-content\/uploads\/2023\/11\/XVI_Festival_de_Arte_Sonoro_Tsonami_hipermedula_3_al_10_diciembre_2022-48x33.jpeg 48w\" sizes=\"(max-width: 550px) 100vw, 550px\" \/><\/figure>\n\n\n\n<p><strong>\u00bfC\u00f3mo te relacionas t\u00fa espec\u00edficamente con el ruido y la sonoridad?<\/strong><\/p>\n\n\n\n<p>-Para m\u00ed, la palabra ruido no tiene una connotaci\u00f3n necesariamente negativa, pero esto no significa que las ciudad no tengan problemas, muchas veces severos, de ruidos que afectan la salud de los seres que las habitan y su entorno. Pienso que el sonido no ha sido lo suficientemente pensado en el pasado cuando los espacios urbanos fueron creciendo y desarroll\u00e1ndose, lo que ahora genera efectos indeseables y muy dif\u00edciles de revertir.&nbsp;<\/p>\n\n\n\n<p>En lo personal, mi relaci\u00f3n con el sonido intento que sea lo m\u00e1s consciente posible, siempre mi o\u00eddo est\u00e1 disponible para escuchar y en general reparar cuando algo aparece en el horizonte. No obstante me gustar\u00eda tener m\u00e1s tiempo para poder entregarme a la escucha y disfrutar m\u00e1s del entorno sonoro, pero me considero un feliz escuchador.<\/p>\n\n\n\n<p><strong>\u00bfC\u00f3mo es el mantener un evento durante tanto tiempo y de qu\u00e9 manera logran reinventarse?<\/strong><\/p>\n\n\n\n<p>-Creo que est\u00e1 en el origen del festival su vocaci\u00f3n por no repetirse a s\u00ed mismo; su esp\u00edritu experimental, en el sentido de ir probando, explorando, sin miedo al fracaso, sin la intenci\u00f3n de encontrar una f\u00f3rmula exitosa para cristalizarla y repetirla hasta el infinito. Sin ese riesgo, no existir\u00eda Tsonami y ser\u00eda otra cosa que no me interesa.&nbsp;<\/p>\n\n\n\n<p>Si lo miramos retrospectivamente, en 17 a\u00f1os, el festival al menos se ha reinventado 5 o 6 veces, de forma org\u00e1nica. Eso significa que intuitivamente se va adaptando y cambiando. Pensarse as\u00ed, es tambi\u00e9n una especie de renuncia permanente, pero no tememos, al rev\u00e9s, sentimos que el proyecto Tsonami tiene la gran virtud de la libertad, de ser lo queremos que sea de forma honesta y no responder a presiones de ning\u00fan tipo, ni comerciales ni pol\u00edticas.<\/p>\n\n\n\n<p><strong>Sigue su programaci\u00f3n en <a href=\"https:\/\/www.instagram.com\/tsonamiartesonoro\/?hl=es\">@tsonamiartesonoro<\/a><\/strong><\/p>\n","protected":false},"excerpt":{"rendered":"<p>Desde el s\u00e1bado 25 se est\u00e1 realizando una nueva edici\u00f3n del Festival de Arte Sonoro Tsonami, con programaci\u00f3n presencial y radial disponible hasta el 1 de diciembre, en su d\u00e9cimo s\u00e9ptima versi\u00f3n.\u00a0Siempre dedic\u00e1ndose a acercar el arte sonoro en sus diversas expresiones a las audiencias locales. Hablamos con su director, Fernando Godoy, acerca de los [&hellip;]<\/p>\n","protected":false},"author":1,"featured_media":17864,"comment_status":"closed","ping_status":"closed","sticky":false,"template":"","format":"standard","meta":{"_acf_changed":false,"footnotes":""},"categories":[218],"tags":[],"class_list":["post-17861","post","type-post","status-publish","format-standard","has-post-thumbnail","hentry","category-blog"],"acf":[],"yoast_head":"<!-- This site is optimized with the Yoast SEO plugin v27.1.1 - https:\/\/yoast.com\/product\/yoast-seo-wordpress\/ -->\n<title>Esta semana se lleva a cabo Tsonami Arte Sonoro: conoce los detalles de su nueva versi\u00f3n - Valpara\u00ed\u00adso Creativo<\/title>\n<meta name=\"robots\" content=\"index, follow, max-snippet:-1, max-image-preview:large, max-video-preview:-1\" \/>\n<link rel=\"canonical\" href=\"https:\/\/dev.antudigital.cl\/sites\/vc\/esta-semana-se-lleva-a-cabo-tsonami-arte-sonoro-conoce-los-detalles-de-su-nueva-version\/\" \/>\n<meta property=\"og:locale\" content=\"es_ES\" \/>\n<meta property=\"og:type\" content=\"article\" \/>\n<meta property=\"og:title\" content=\"Esta semana se lleva a cabo Tsonami Arte Sonoro: conoce los detalles de su nueva versi\u00f3n - Valpara\u00ed\u00adso Creativo\" \/>\n<meta property=\"og:description\" content=\"Desde el s\u00e1bado 25 se est\u00e1 realizando una nueva edici\u00f3n del Festival de Arte Sonoro Tsonami, con programaci\u00f3n presencial y radial disponible hasta el 1 de diciembre, en su d\u00e9cimo s\u00e9ptima versi\u00f3n.\u00a0Siempre dedic\u00e1ndose a acercar el arte sonoro en sus diversas expresiones a las audiencias locales. Hablamos con su director, Fernando Godoy, acerca de los [&hellip;]\" \/>\n<meta property=\"og:url\" content=\"https:\/\/dev.antudigital.cl\/sites\/vc\/esta-semana-se-lleva-a-cabo-tsonami-arte-sonoro-conoce-los-detalles-de-su-nueva-version\/\" \/>\n<meta property=\"og:site_name\" content=\"Valpara\u00ed\u00adso Creativo\" \/>\n<meta property=\"article:published_time\" content=\"2023-11-27T22:13:51+00:00\" \/>\n<meta property=\"article:modified_time\" content=\"2023-11-27T22:13:58+00:00\" \/>\n<meta property=\"og:image\" content=\"https:\/\/dev.antudigital.cl\/sites\/vc\/wp-content\/uploads\/2023\/11\/tsonami_cp03.jpeg\" \/>\n\t<meta property=\"og:image:width\" content=\"1000\" \/>\n\t<meta property=\"og:image:height\" content=\"667\" \/>\n\t<meta property=\"og:image:type\" content=\"image\/jpeg\" \/>\n<meta name=\"author\" content=\"Valpara\u00edso Creativo\" \/>\n<meta name=\"twitter:card\" content=\"summary_large_image\" \/>\n<meta name=\"twitter:label1\" content=\"Escrito por\" \/>\n\t<meta name=\"twitter:data1\" content=\"Valpara\u00edso Creativo\" \/>\n\t<meta name=\"twitter:label2\" content=\"Tiempo de lectura\" \/>\n\t<meta name=\"twitter:data2\" content=\"6 minutos\" \/>\n<script type=\"application\/ld+json\" class=\"yoast-schema-graph\">{\"@context\":\"https:\/\/schema.org\",\"@graph\":[{\"@type\":\"Article\",\"@id\":\"https:\/\/dev.antudigital.cl\/sites\/vc\/esta-semana-se-lleva-a-cabo-tsonami-arte-sonoro-conoce-los-detalles-de-su-nueva-version\/#article\",\"isPartOf\":{\"@id\":\"https:\/\/dev.antudigital.cl\/sites\/vc\/esta-semana-se-lleva-a-cabo-tsonami-arte-sonoro-conoce-los-detalles-de-su-nueva-version\/\"},\"author\":{\"name\":\"Valpara\u00edso Creativo\",\"@id\":\"https:\/\/dev.antudigital.cl\/sites\/vc\/#\/schema\/person\/c2b9da8dd545e27166fc5ab232837318\"},\"headline\":\"Esta semana se lleva a cabo Tsonami Arte Sonoro: conoce los detalles de su nueva versi\u00f3n\",\"datePublished\":\"2023-11-27T22:13:51+00:00\",\"dateModified\":\"2023-11-27T22:13:58+00:00\",\"mainEntityOfPage\":{\"@id\":\"https:\/\/dev.antudigital.cl\/sites\/vc\/esta-semana-se-lleva-a-cabo-tsonami-arte-sonoro-conoce-los-detalles-de-su-nueva-version\/\"},\"wordCount\":1120,\"image\":{\"@id\":\"https:\/\/dev.antudigital.cl\/sites\/vc\/esta-semana-se-lleva-a-cabo-tsonami-arte-sonoro-conoce-los-detalles-de-su-nueva-version\/#primaryimage\"},\"thumbnailUrl\":\"https:\/\/dev.antudigital.cl\/sites\/vc\/wp-content\/uploads\/2023\/11\/tsonami_cp03.jpeg\",\"articleSection\":[\"Blog\"],\"inLanguage\":\"es\"},{\"@type\":\"WebPage\",\"@id\":\"https:\/\/dev.antudigital.cl\/sites\/vc\/esta-semana-se-lleva-a-cabo-tsonami-arte-sonoro-conoce-los-detalles-de-su-nueva-version\/\",\"url\":\"https:\/\/dev.antudigital.cl\/sites\/vc\/esta-semana-se-lleva-a-cabo-tsonami-arte-sonoro-conoce-los-detalles-de-su-nueva-version\/\",\"name\":\"Esta semana se lleva a cabo Tsonami Arte Sonoro: conoce los detalles de su nueva versi\u00f3n - Valpara\u00ed\u00adso Creativo\",\"isPartOf\":{\"@id\":\"https:\/\/dev.antudigital.cl\/sites\/vc\/#website\"},\"primaryImageOfPage\":{\"@id\":\"https:\/\/dev.antudigital.cl\/sites\/vc\/esta-semana-se-lleva-a-cabo-tsonami-arte-sonoro-conoce-los-detalles-de-su-nueva-version\/#primaryimage\"},\"image\":{\"@id\":\"https:\/\/dev.antudigital.cl\/sites\/vc\/esta-semana-se-lleva-a-cabo-tsonami-arte-sonoro-conoce-los-detalles-de-su-nueva-version\/#primaryimage\"},\"thumbnailUrl\":\"https:\/\/dev.antudigital.cl\/sites\/vc\/wp-content\/uploads\/2023\/11\/tsonami_cp03.jpeg\",\"datePublished\":\"2023-11-27T22:13:51+00:00\",\"dateModified\":\"2023-11-27T22:13:58+00:00\",\"author\":{\"@id\":\"https:\/\/dev.antudigital.cl\/sites\/vc\/#\/schema\/person\/c2b9da8dd545e27166fc5ab232837318\"},\"breadcrumb\":{\"@id\":\"https:\/\/dev.antudigital.cl\/sites\/vc\/esta-semana-se-lleva-a-cabo-tsonami-arte-sonoro-conoce-los-detalles-de-su-nueva-version\/#breadcrumb\"},\"inLanguage\":\"es\",\"potentialAction\":[{\"@type\":\"ReadAction\",\"target\":[\"https:\/\/dev.antudigital.cl\/sites\/vc\/esta-semana-se-lleva-a-cabo-tsonami-arte-sonoro-conoce-los-detalles-de-su-nueva-version\/\"]}]},{\"@type\":\"ImageObject\",\"inLanguage\":\"es\",\"@id\":\"https:\/\/dev.antudigital.cl\/sites\/vc\/esta-semana-se-lleva-a-cabo-tsonami-arte-sonoro-conoce-los-detalles-de-su-nueva-version\/#primaryimage\",\"url\":\"https:\/\/dev.antudigital.cl\/sites\/vc\/wp-content\/uploads\/2023\/11\/tsonami_cp03.jpeg\",\"contentUrl\":\"https:\/\/dev.antudigital.cl\/sites\/vc\/wp-content\/uploads\/2023\/11\/tsonami_cp03.jpeg\",\"width\":1000,\"height\":667},{\"@type\":\"BreadcrumbList\",\"@id\":\"https:\/\/dev.antudigital.cl\/sites\/vc\/esta-semana-se-lleva-a-cabo-tsonami-arte-sonoro-conoce-los-detalles-de-su-nueva-version\/#breadcrumb\",\"itemListElement\":[{\"@type\":\"ListItem\",\"position\":1,\"name\":\"Home\",\"item\":\"https:\/\/dev.antudigital.cl\/sites\/vc\/\"},{\"@type\":\"ListItem\",\"position\":2,\"name\":\"Esta semana se lleva a cabo Tsonami Arte Sonoro: conoce los detalles de su nueva versi\u00f3n\"}]},{\"@type\":\"WebSite\",\"@id\":\"https:\/\/dev.antudigital.cl\/sites\/vc\/#website\",\"url\":\"https:\/\/dev.antudigital.cl\/sites\/vc\/\",\"name\":\"Valpara\u00ed\u00adso Creativo\",\"description\":\"\",\"potentialAction\":[{\"@type\":\"SearchAction\",\"target\":{\"@type\":\"EntryPoint\",\"urlTemplate\":\"https:\/\/dev.antudigital.cl\/sites\/vc\/?s={search_term_string}\"},\"query-input\":{\"@type\":\"PropertyValueSpecification\",\"valueRequired\":true,\"valueName\":\"search_term_string\"}}],\"inLanguage\":\"es\"},{\"@type\":\"Person\",\"@id\":\"https:\/\/dev.antudigital.cl\/sites\/vc\/#\/schema\/person\/c2b9da8dd545e27166fc5ab232837318\",\"name\":\"Valpara\u00edso Creativo\",\"description\":\"Periodista de cultura en la Regi\u00f3n de Valpara\u00edso.\",\"url\":\"https:\/\/dev.antudigital.cl\/sites\/vc\/author\/valpoadmin\/\"}]}<\/script>\n<!-- \/ Yoast SEO plugin. -->","yoast_head_json":{"title":"Esta semana se lleva a cabo Tsonami Arte Sonoro: conoce los detalles de su nueva versi\u00f3n - Valpara\u00ed\u00adso Creativo","robots":{"index":"index","follow":"follow","max-snippet":"max-snippet:-1","max-image-preview":"max-image-preview:large","max-video-preview":"max-video-preview:-1"},"canonical":"https:\/\/dev.antudigital.cl\/sites\/vc\/esta-semana-se-lleva-a-cabo-tsonami-arte-sonoro-conoce-los-detalles-de-su-nueva-version\/","og_locale":"es_ES","og_type":"article","og_title":"Esta semana se lleva a cabo Tsonami Arte Sonoro: conoce los detalles de su nueva versi\u00f3n - Valpara\u00ed\u00adso Creativo","og_description":"Desde el s\u00e1bado 25 se est\u00e1 realizando una nueva edici\u00f3n del Festival de Arte Sonoro Tsonami, con programaci\u00f3n presencial y radial disponible hasta el 1 de diciembre, en su d\u00e9cimo s\u00e9ptima versi\u00f3n.\u00a0Siempre dedic\u00e1ndose a acercar el arte sonoro en sus diversas expresiones a las audiencias locales. Hablamos con su director, Fernando Godoy, acerca de los [&hellip;]","og_url":"https:\/\/dev.antudigital.cl\/sites\/vc\/esta-semana-se-lleva-a-cabo-tsonami-arte-sonoro-conoce-los-detalles-de-su-nueva-version\/","og_site_name":"Valpara\u00ed\u00adso Creativo","article_published_time":"2023-11-27T22:13:51+00:00","article_modified_time":"2023-11-27T22:13:58+00:00","og_image":[{"width":1000,"height":667,"url":"https:\/\/dev.antudigital.cl\/sites\/vc\/wp-content\/uploads\/2023\/11\/tsonami_cp03.jpeg","type":"image\/jpeg"}],"author":"Valpara\u00edso Creativo","twitter_card":"summary_large_image","twitter_misc":{"Escrito por":"Valpara\u00edso Creativo","Tiempo de lectura":"6 minutos"},"schema":{"@context":"https:\/\/schema.org","@graph":[{"@type":"Article","@id":"https:\/\/dev.antudigital.cl\/sites\/vc\/esta-semana-se-lleva-a-cabo-tsonami-arte-sonoro-conoce-los-detalles-de-su-nueva-version\/#article","isPartOf":{"@id":"https:\/\/dev.antudigital.cl\/sites\/vc\/esta-semana-se-lleva-a-cabo-tsonami-arte-sonoro-conoce-los-detalles-de-su-nueva-version\/"},"author":{"name":"Valpara\u00edso Creativo","@id":"https:\/\/dev.antudigital.cl\/sites\/vc\/#\/schema\/person\/c2b9da8dd545e27166fc5ab232837318"},"headline":"Esta semana se lleva a cabo Tsonami Arte Sonoro: conoce los detalles de su nueva versi\u00f3n","datePublished":"2023-11-27T22:13:51+00:00","dateModified":"2023-11-27T22:13:58+00:00","mainEntityOfPage":{"@id":"https:\/\/dev.antudigital.cl\/sites\/vc\/esta-semana-se-lleva-a-cabo-tsonami-arte-sonoro-conoce-los-detalles-de-su-nueva-version\/"},"wordCount":1120,"image":{"@id":"https:\/\/dev.antudigital.cl\/sites\/vc\/esta-semana-se-lleva-a-cabo-tsonami-arte-sonoro-conoce-los-detalles-de-su-nueva-version\/#primaryimage"},"thumbnailUrl":"https:\/\/dev.antudigital.cl\/sites\/vc\/wp-content\/uploads\/2023\/11\/tsonami_cp03.jpeg","articleSection":["Blog"],"inLanguage":"es"},{"@type":"WebPage","@id":"https:\/\/dev.antudigital.cl\/sites\/vc\/esta-semana-se-lleva-a-cabo-tsonami-arte-sonoro-conoce-los-detalles-de-su-nueva-version\/","url":"https:\/\/dev.antudigital.cl\/sites\/vc\/esta-semana-se-lleva-a-cabo-tsonami-arte-sonoro-conoce-los-detalles-de-su-nueva-version\/","name":"Esta semana se lleva a cabo Tsonami Arte Sonoro: conoce los detalles de su nueva versi\u00f3n - Valpara\u00ed\u00adso Creativo","isPartOf":{"@id":"https:\/\/dev.antudigital.cl\/sites\/vc\/#website"},"primaryImageOfPage":{"@id":"https:\/\/dev.antudigital.cl\/sites\/vc\/esta-semana-se-lleva-a-cabo-tsonami-arte-sonoro-conoce-los-detalles-de-su-nueva-version\/#primaryimage"},"image":{"@id":"https:\/\/dev.antudigital.cl\/sites\/vc\/esta-semana-se-lleva-a-cabo-tsonami-arte-sonoro-conoce-los-detalles-de-su-nueva-version\/#primaryimage"},"thumbnailUrl":"https:\/\/dev.antudigital.cl\/sites\/vc\/wp-content\/uploads\/2023\/11\/tsonami_cp03.jpeg","datePublished":"2023-11-27T22:13:51+00:00","dateModified":"2023-11-27T22:13:58+00:00","author":{"@id":"https:\/\/dev.antudigital.cl\/sites\/vc\/#\/schema\/person\/c2b9da8dd545e27166fc5ab232837318"},"breadcrumb":{"@id":"https:\/\/dev.antudigital.cl\/sites\/vc\/esta-semana-se-lleva-a-cabo-tsonami-arte-sonoro-conoce-los-detalles-de-su-nueva-version\/#breadcrumb"},"inLanguage":"es","potentialAction":[{"@type":"ReadAction","target":["https:\/\/dev.antudigital.cl\/sites\/vc\/esta-semana-se-lleva-a-cabo-tsonami-arte-sonoro-conoce-los-detalles-de-su-nueva-version\/"]}]},{"@type":"ImageObject","inLanguage":"es","@id":"https:\/\/dev.antudigital.cl\/sites\/vc\/esta-semana-se-lleva-a-cabo-tsonami-arte-sonoro-conoce-los-detalles-de-su-nueva-version\/#primaryimage","url":"https:\/\/dev.antudigital.cl\/sites\/vc\/wp-content\/uploads\/2023\/11\/tsonami_cp03.jpeg","contentUrl":"https:\/\/dev.antudigital.cl\/sites\/vc\/wp-content\/uploads\/2023\/11\/tsonami_cp03.jpeg","width":1000,"height":667},{"@type":"BreadcrumbList","@id":"https:\/\/dev.antudigital.cl\/sites\/vc\/esta-semana-se-lleva-a-cabo-tsonami-arte-sonoro-conoce-los-detalles-de-su-nueva-version\/#breadcrumb","itemListElement":[{"@type":"ListItem","position":1,"name":"Home","item":"https:\/\/dev.antudigital.cl\/sites\/vc\/"},{"@type":"ListItem","position":2,"name":"Esta semana se lleva a cabo Tsonami Arte Sonoro: conoce los detalles de su nueva versi\u00f3n"}]},{"@type":"WebSite","@id":"https:\/\/dev.antudigital.cl\/sites\/vc\/#website","url":"https:\/\/dev.antudigital.cl\/sites\/vc\/","name":"Valpara\u00ed\u00adso Creativo","description":"","potentialAction":[{"@type":"SearchAction","target":{"@type":"EntryPoint","urlTemplate":"https:\/\/dev.antudigital.cl\/sites\/vc\/?s={search_term_string}"},"query-input":{"@type":"PropertyValueSpecification","valueRequired":true,"valueName":"search_term_string"}}],"inLanguage":"es"},{"@type":"Person","@id":"https:\/\/dev.antudigital.cl\/sites\/vc\/#\/schema\/person\/c2b9da8dd545e27166fc5ab232837318","name":"Valpara\u00edso Creativo","description":"Periodista de cultura en la Regi\u00f3n de Valpara\u00edso.","url":"https:\/\/dev.antudigital.cl\/sites\/vc\/author\/valpoadmin\/"}]}},"_links":{"self":[{"href":"https:\/\/dev.antudigital.cl\/sites\/vc\/wp-json\/wp\/v2\/posts\/17861","targetHints":{"allow":["GET"]}}],"collection":[{"href":"https:\/\/dev.antudigital.cl\/sites\/vc\/wp-json\/wp\/v2\/posts"}],"about":[{"href":"https:\/\/dev.antudigital.cl\/sites\/vc\/wp-json\/wp\/v2\/types\/post"}],"author":[{"embeddable":true,"href":"https:\/\/dev.antudigital.cl\/sites\/vc\/wp-json\/wp\/v2\/users\/1"}],"replies":[{"embeddable":true,"href":"https:\/\/dev.antudigital.cl\/sites\/vc\/wp-json\/wp\/v2\/comments?post=17861"}],"version-history":[{"count":1,"href":"https:\/\/dev.antudigital.cl\/sites\/vc\/wp-json\/wp\/v2\/posts\/17861\/revisions"}],"predecessor-version":[{"id":17867,"href":"https:\/\/dev.antudigital.cl\/sites\/vc\/wp-json\/wp\/v2\/posts\/17861\/revisions\/17867"}],"wp:featuredmedia":[{"embeddable":true,"href":"https:\/\/dev.antudigital.cl\/sites\/vc\/wp-json\/wp\/v2\/media\/17864"}],"wp:attachment":[{"href":"https:\/\/dev.antudigital.cl\/sites\/vc\/wp-json\/wp\/v2\/media?parent=17861"}],"wp:term":[{"taxonomy":"category","embeddable":true,"href":"https:\/\/dev.antudigital.cl\/sites\/vc\/wp-json\/wp\/v2\/categories?post=17861"},{"taxonomy":"post_tag","embeddable":true,"href":"https:\/\/dev.antudigital.cl\/sites\/vc\/wp-json\/wp\/v2\/tags?post=17861"}],"curies":[{"name":"wp","href":"https:\/\/api.w.org\/{rel}","templated":true}]}}