{"id":17881,"date":"2023-12-04T12:19:48","date_gmt":"2023-12-04T12:19:48","guid":{"rendered":"https:\/\/www.valparaisocreativo.cl\/?p=17881"},"modified":"2023-12-04T12:19:54","modified_gmt":"2023-12-04T12:19:54","slug":"centro-cultural-ipa-cierra-su-cartelera-paocc-2023-con-estreno-gratuito-en-mercado-puerto","status":"publish","type":"post","link":"https:\/\/dev.antudigital.cl\/sites\/vc\/centro-cultural-ipa-cierra-su-cartelera-paocc-2023-con-estreno-gratuito-en-mercado-puerto\/","title":{"rendered":"Centro Cultural IPA cierra su cartelera PAOCC 2023 con estreno gratuito en Mercado Puerto"},"content":{"rendered":"\n<p>El &nbsp;<strong>s\u00e1bado 9 de diciembre a las 19:00 horas<\/strong>&nbsp;la Compa\u00f1\u00eda Teatro IluCi\u00f3n estrenar\u00e1 la obra \u201cEl registro\u201d en el Mercado Puerto, de esta manera el Centro Cultural IPA cierra la cartelera financiada por el Ministerio de las Culturas, las Artes y el Patrimonio a trav\u00e9s de su Programa de Apoyo a Organizaciones Culturales Colaboradoras, convocatoria 2022.<\/p>\n\n\n\n<p>La funci\u00f3n es con&nbsp;<strong>entrada liberada<\/strong>&nbsp;y&nbsp;<strong>cupos limitados<\/strong>. El v\u00ednculo entre distintos espacios culturales de Valpara\u00edso potencia las redes culturales en la ciudad, facilitando el encuentro en torno a las artes esc\u00e9nicas.&nbsp;Las reservas se deben realizar en el siguiente link&nbsp;<a href=\"https:\/\/forms.gle\/ybNKZRntFSTFuzq4A\" target=\"_blank\" rel=\"noreferrer noopener\">https:\/\/forms.gle\/ybNKZRntFSTFuzq4A<\/a>&nbsp;o escribiendo al correo&nbsp;<a href=\"mailto:reservas.teatro.ipa@gmail.com\" target=\"_blank\" rel=\"noreferrer noopener\">reservas.teatro.ipa@gmail.com<\/a>.<\/p>\n\n\n\n<p><strong>El registro<\/strong><\/p>\n\n\n\n<p>La dramaturgia de \u201cEl registro\u201d fue creada en base al cuento hom\u00f3nimo de Baldomero Lillo en el libro Subterra, y llevada a escena por la Compa\u00f1\u00eda de Teatro IluCi\u00f3n. La m\u00fasica en vivo y la escenograf\u00eda generan el ambiente de la \u00e9poca y los espacios por donde transita la obra.<\/p>\n\n\n\n<p>Andr\u00e9s P\u00e9rez, actor, detalla: \u201cEl registro cuenta la historia de una abuela que vive en las estancias carbon\u00edferas del pueblo de Lota. Ella decide ir a comprar hierba mate afuera del pueblo, aunque en aquellos a\u00f1os estaba prohibido comprar en lugares externos sin permiso del patr\u00f3n. La montamos porque nos parece importante ver c\u00f3mo las problem\u00e1ticas sociales en Chile se siguen reflejando en la actualidad. Rompemos un poco la estructura tradicional del teatro, esta no es una obra frontal, se puede ver desde distintas perspectivas como espectador\u201d.<\/p>\n\n\n\n<figure class=\"wp-block-image size-large\"><img fetchpriority=\"high\" decoding=\"async\" width=\"1024\" height=\"768\" src=\"https:\/\/www.valparaisocreativo.cl\/wp-content\/uploads\/2023\/12\/EL-REGISTRO-1-1024x768.jpg\" alt=\"\" class=\"wp-image-17882\" srcset=\"https:\/\/dev.antudigital.cl\/sites\/vc\/wp-content\/uploads\/2023\/12\/EL-REGISTRO-1-1024x768.jpg 1024w, https:\/\/dev.antudigital.cl\/sites\/vc\/wp-content\/uploads\/2023\/12\/EL-REGISTRO-1-300x225.jpg 300w, https:\/\/dev.antudigital.cl\/sites\/vc\/wp-content\/uploads\/2023\/12\/EL-REGISTRO-1-768x576.jpg 768w, https:\/\/dev.antudigital.cl\/sites\/vc\/wp-content\/uploads\/2023\/12\/EL-REGISTRO-1-510x382.jpg 510w, https:\/\/dev.antudigital.cl\/sites\/vc\/wp-content\/uploads\/2023\/12\/EL-REGISTRO-1-1080x810.jpg 1080w, https:\/\/dev.antudigital.cl\/sites\/vc\/wp-content\/uploads\/2023\/12\/EL-REGISTRO-1-980x735.jpg 980w, https:\/\/dev.antudigital.cl\/sites\/vc\/wp-content\/uploads\/2023\/12\/EL-REGISTRO-1-480x360.jpg 480w, https:\/\/dev.antudigital.cl\/sites\/vc\/wp-content\/uploads\/2023\/12\/EL-REGISTRO-1-24x18.jpg 24w, https:\/\/dev.antudigital.cl\/sites\/vc\/wp-content\/uploads\/2023\/12\/EL-REGISTRO-1-36x27.jpg 36w, https:\/\/dev.antudigital.cl\/sites\/vc\/wp-content\/uploads\/2023\/12\/EL-REGISTRO-1-48x36.jpg 48w, https:\/\/dev.antudigital.cl\/sites\/vc\/wp-content\/uploads\/2023\/12\/EL-REGISTRO-1.jpg 1134w\" sizes=\"(max-width: 1024px) 100vw, 1024px\" \/><\/figure>\n\n\n\n<p>Jos\u00e9 \u2018Pepe\u2019 Salinas, realizador escenogr\u00e1fico y musical, comenta: \u201cEn cuanto a la realizaci\u00f3n escenogr\u00e1fica construimos dos estructuras que componen este espacio no convencional, derribando de alguna manera la cuarta pared. Cada espectador podr\u00e1 visualizar cosas distintas desde los costados, pudiendo observar lo que sucede tanto arriba como debajo de la estructura que simboliza la casa de la abuela y la mina de carb\u00f3n. En la realizaci\u00f3n musical Marco Neg\u00fce y yo acompa\u00f1amos la escena con una guitarra y una bater\u00eda, generando una mixtura acorde entre el texto, la interpretaci\u00f3n y el universo sonoro\u201d.<\/p>\n\n\n\n<p><a><\/a>El proyecto \u201cFortalecimiento de la gesti\u00f3n y programaci\u00f3n del Centro Cultural IPA: Rumbo a los 100 a\u00f1os de acci\u00f3n cultural local\u201d forma parte del Programa de Apoyo a Organizaciones Culturales Colaboradoras del Ministerio de las Culturas, las Artes y el Patrimonio, que busca fortalecer y dar continuidad a instituciones y organizaciones culturales de derecho privado y sin fines de lucro. Este programa adem\u00e1s es parte del Sistema de Financiamiento a Organizaciones e Infraestructura Cultural del Ministerio de las Culturas, las Artes y el Patrimonio que integra, articula y coordina de forma transversal los planes, programas y fondos orientados al fomento y apoyo de las organizaciones, de la infraestructura cultural, y de la mediaci\u00f3n art\u00edstica. Todo esto con una vocaci\u00f3n descentralizada, mecanismos participativos, y la promoci\u00f3n de la creaci\u00f3n de redes y asociaciones.<a><\/a><\/p>\n\n\n\n<p><strong>COORDENADAS<\/strong><\/p>\n\n\n\n<p>\u201cEl registro\u201d de la Compa\u00f1\u00eda de Teatro IluCi\u00f3n<\/p>\n\n\n\n<p>S\u00e1bado 9 de diciembre a las 19:00 horas<\/p>\n\n\n\n<p>Sala de Teatro IPA, Condell #1349<\/p>\n\n\n\n<p>Entrada liberada. Cupos limitados<\/p>\n\n\n\n<p>Reservas en&nbsp;<a href=\"mailto:reservas.teatro.ipa@gmail.com\" target=\"_blank\" rel=\"noreferrer noopener\">reservas.teatro.ipa@gmail.com<\/a>&nbsp;o en @salateatroipa<\/p>\n\n\n\n<p><strong>FICHA ART\u00cdSTICA<\/strong><\/p>\n\n\n\n<p>Direcci\u00f3n y dramaturgia: Claudio Vidal Albornoz<\/p>\n\n\n\n<p>Int\u00e9rpretes: Marcela Molina, Rodrigo Reyes, Manuel Reyes y Andr\u00e9s P\u00e9rez<\/p>\n\n\n\n<p>Musicalizaci\u00f3n: Marco Neg\u00fce y Jos\u00e9 Pepe Salinas<\/p>\n\n\n\n<p>Dise\u00f1o y realizaci\u00f3n escenogr\u00e1fica: Marco Neg\u00fce, Jos\u00e9 Pepe Salinas y Andr\u00e9s P\u00e9rez<\/p>\n\n\n\n<p>Sonido: Robert Cavieres<\/p>\n\n\n\n<p>Produce y colabora: Teatro, Arte y Educaci\u00f3n Ltda.<\/p>\n\n\n\n<figure class=\"wp-block-image size-large\"><img decoding=\"async\" width=\"1024\" height=\"1024\" src=\"https:\/\/www.valparaisocreativo.cl\/wp-content\/uploads\/2023\/12\/GRAFICA-EL-REGISTRO-1024x1024.jpg\" alt=\"\" class=\"wp-image-17884\" srcset=\"https:\/\/dev.antudigital.cl\/sites\/vc\/wp-content\/uploads\/2023\/12\/GRAFICA-EL-REGISTRO-1024x1024.jpg 1024w, https:\/\/dev.antudigital.cl\/sites\/vc\/wp-content\/uploads\/2023\/12\/GRAFICA-EL-REGISTRO-300x300.jpg 300w, https:\/\/dev.antudigital.cl\/sites\/vc\/wp-content\/uploads\/2023\/12\/GRAFICA-EL-REGISTRO-150x150.jpg 150w, https:\/\/dev.antudigital.cl\/sites\/vc\/wp-content\/uploads\/2023\/12\/GRAFICA-EL-REGISTRO-768x768.jpg 768w, https:\/\/dev.antudigital.cl\/sites\/vc\/wp-content\/uploads\/2023\/12\/GRAFICA-EL-REGISTRO-1536x1536.jpg 1536w, https:\/\/dev.antudigital.cl\/sites\/vc\/wp-content\/uploads\/2023\/12\/GRAFICA-EL-REGISTRO-2048x2048.jpg 2048w, https:\/\/dev.antudigital.cl\/sites\/vc\/wp-content\/uploads\/2023\/12\/GRAFICA-EL-REGISTRO-1080x1080.jpg 1080w, https:\/\/dev.antudigital.cl\/sites\/vc\/wp-content\/uploads\/2023\/12\/GRAFICA-EL-REGISTRO-1280x1280.jpg 1280w, https:\/\/dev.antudigital.cl\/sites\/vc\/wp-content\/uploads\/2023\/12\/GRAFICA-EL-REGISTRO-980x980.jpg 980w, https:\/\/dev.antudigital.cl\/sites\/vc\/wp-content\/uploads\/2023\/12\/GRAFICA-EL-REGISTRO-480x480.jpg 480w, https:\/\/dev.antudigital.cl\/sites\/vc\/wp-content\/uploads\/2023\/12\/GRAFICA-EL-REGISTRO-24x24.jpg 24w, https:\/\/dev.antudigital.cl\/sites\/vc\/wp-content\/uploads\/2023\/12\/GRAFICA-EL-REGISTRO-36x36.jpg 36w, https:\/\/dev.antudigital.cl\/sites\/vc\/wp-content\/uploads\/2023\/12\/GRAFICA-EL-REGISTRO-48x48.jpg 48w\" sizes=\"(max-width: 1024px) 100vw, 1024px\" \/><\/figure>\n","protected":false},"excerpt":{"rendered":"<p>El &nbsp;s\u00e1bado 9 de diciembre a las 19:00 horas&nbsp;la Compa\u00f1\u00eda Teatro IluCi\u00f3n estrenar\u00e1 la obra \u201cEl registro\u201d en el Mercado Puerto, de esta manera el Centro Cultural IPA cierra la cartelera financiada por el Ministerio de las Culturas, las Artes y el Patrimonio a trav\u00e9s de su Programa de Apoyo a Organizaciones Culturales Colaboradoras, convocatoria [&hellip;]<\/p>\n","protected":false},"author":1,"featured_media":17883,"comment_status":"closed","ping_status":"closed","sticky":false,"template":"","format":"standard","meta":{"_acf_changed":false,"footnotes":""},"categories":[1],"tags":[],"class_list":["post-17881","post","type-post","status-publish","format-standard","has-post-thumbnail","hentry","category-uncategorized"],"acf":[],"yoast_head":"<!-- This site is optimized with the Yoast SEO plugin v27.1.1 - https:\/\/yoast.com\/product\/yoast-seo-wordpress\/ -->\n<title>Centro Cultural IPA cierra su cartelera PAOCC 2023 con estreno gratuito en Mercado Puerto - Valpara\u00ed\u00adso Creativo<\/title>\n<meta name=\"robots\" content=\"index, follow, max-snippet:-1, max-image-preview:large, max-video-preview:-1\" \/>\n<link rel=\"canonical\" href=\"https:\/\/dev.antudigital.cl\/sites\/vc\/centro-cultural-ipa-cierra-su-cartelera-paocc-2023-con-estreno-gratuito-en-mercado-puerto\/\" \/>\n<meta property=\"og:locale\" content=\"es_ES\" \/>\n<meta property=\"og:type\" content=\"article\" \/>\n<meta property=\"og:title\" content=\"Centro Cultural IPA cierra su cartelera PAOCC 2023 con estreno gratuito en Mercado Puerto - Valpara\u00ed\u00adso Creativo\" \/>\n<meta property=\"og:description\" content=\"El &nbsp;s\u00e1bado 9 de diciembre a las 19:00 horas&nbsp;la Compa\u00f1\u00eda Teatro IluCi\u00f3n estrenar\u00e1 la obra \u201cEl registro\u201d en el Mercado Puerto, de esta manera el Centro Cultural IPA cierra la cartelera financiada por el Ministerio de las Culturas, las Artes y el Patrimonio a trav\u00e9s de su Programa de Apoyo a Organizaciones Culturales Colaboradoras, convocatoria [&hellip;]\" \/>\n<meta property=\"og:url\" content=\"https:\/\/dev.antudigital.cl\/sites\/vc\/centro-cultural-ipa-cierra-su-cartelera-paocc-2023-con-estreno-gratuito-en-mercado-puerto\/\" \/>\n<meta property=\"og:site_name\" content=\"Valpara\u00ed\u00adso Creativo\" \/>\n<meta property=\"article:published_time\" content=\"2023-12-04T12:19:48+00:00\" \/>\n<meta property=\"article:modified_time\" content=\"2023-12-04T12:19:54+00:00\" \/>\n<meta property=\"og:image\" content=\"https:\/\/dev.antudigital.cl\/sites\/vc\/wp-content\/uploads\/2023\/12\/EL-REGISTRO-2.jpg\" \/>\n\t<meta property=\"og:image:width\" content=\"1134\" \/>\n\t<meta property=\"og:image:height\" content=\"850\" \/>\n\t<meta property=\"og:image:type\" content=\"image\/jpeg\" \/>\n<meta name=\"author\" content=\"Valpara\u00edso Creativo\" \/>\n<meta name=\"twitter:card\" content=\"summary_large_image\" \/>\n<meta name=\"twitter:label1\" content=\"Escrito por\" \/>\n\t<meta name=\"twitter:data1\" content=\"Valpara\u00edso Creativo\" \/>\n\t<meta name=\"twitter:label2\" content=\"Tiempo de lectura\" \/>\n\t<meta name=\"twitter:data2\" content=\"3 minutos\" \/>\n<script type=\"application\/ld+json\" class=\"yoast-schema-graph\">{\"@context\":\"https:\/\/schema.org\",\"@graph\":[{\"@type\":\"Article\",\"@id\":\"https:\/\/dev.antudigital.cl\/sites\/vc\/centro-cultural-ipa-cierra-su-cartelera-paocc-2023-con-estreno-gratuito-en-mercado-puerto\/#article\",\"isPartOf\":{\"@id\":\"https:\/\/dev.antudigital.cl\/sites\/vc\/centro-cultural-ipa-cierra-su-cartelera-paocc-2023-con-estreno-gratuito-en-mercado-puerto\/\"},\"author\":{\"name\":\"Valpara\u00edso Creativo\",\"@id\":\"https:\/\/dev.antudigital.cl\/sites\/vc\/#\/schema\/person\/c2b9da8dd545e27166fc5ab232837318\"},\"headline\":\"Centro Cultural IPA cierra su cartelera PAOCC 2023 con estreno gratuito en Mercado Puerto\",\"datePublished\":\"2023-12-04T12:19:48+00:00\",\"dateModified\":\"2023-12-04T12:19:54+00:00\",\"mainEntityOfPage\":{\"@id\":\"https:\/\/dev.antudigital.cl\/sites\/vc\/centro-cultural-ipa-cierra-su-cartelera-paocc-2023-con-estreno-gratuito-en-mercado-puerto\/\"},\"wordCount\":635,\"image\":{\"@id\":\"https:\/\/dev.antudigital.cl\/sites\/vc\/centro-cultural-ipa-cierra-su-cartelera-paocc-2023-con-estreno-gratuito-en-mercado-puerto\/#primaryimage\"},\"thumbnailUrl\":\"https:\/\/dev.antudigital.cl\/sites\/vc\/wp-content\/uploads\/2023\/12\/EL-REGISTRO-2.jpg\",\"articleSection\":[\"Uncategorized\"],\"inLanguage\":\"es\"},{\"@type\":\"WebPage\",\"@id\":\"https:\/\/dev.antudigital.cl\/sites\/vc\/centro-cultural-ipa-cierra-su-cartelera-paocc-2023-con-estreno-gratuito-en-mercado-puerto\/\",\"url\":\"https:\/\/dev.antudigital.cl\/sites\/vc\/centro-cultural-ipa-cierra-su-cartelera-paocc-2023-con-estreno-gratuito-en-mercado-puerto\/\",\"name\":\"Centro Cultural IPA cierra su cartelera PAOCC 2023 con estreno gratuito en Mercado Puerto - Valpara\u00ed\u00adso Creativo\",\"isPartOf\":{\"@id\":\"https:\/\/dev.antudigital.cl\/sites\/vc\/#website\"},\"primaryImageOfPage\":{\"@id\":\"https:\/\/dev.antudigital.cl\/sites\/vc\/centro-cultural-ipa-cierra-su-cartelera-paocc-2023-con-estreno-gratuito-en-mercado-puerto\/#primaryimage\"},\"image\":{\"@id\":\"https:\/\/dev.antudigital.cl\/sites\/vc\/centro-cultural-ipa-cierra-su-cartelera-paocc-2023-con-estreno-gratuito-en-mercado-puerto\/#primaryimage\"},\"thumbnailUrl\":\"https:\/\/dev.antudigital.cl\/sites\/vc\/wp-content\/uploads\/2023\/12\/EL-REGISTRO-2.jpg\",\"datePublished\":\"2023-12-04T12:19:48+00:00\",\"dateModified\":\"2023-12-04T12:19:54+00:00\",\"author\":{\"@id\":\"https:\/\/dev.antudigital.cl\/sites\/vc\/#\/schema\/person\/c2b9da8dd545e27166fc5ab232837318\"},\"breadcrumb\":{\"@id\":\"https:\/\/dev.antudigital.cl\/sites\/vc\/centro-cultural-ipa-cierra-su-cartelera-paocc-2023-con-estreno-gratuito-en-mercado-puerto\/#breadcrumb\"},\"inLanguage\":\"es\",\"potentialAction\":[{\"@type\":\"ReadAction\",\"target\":[\"https:\/\/dev.antudigital.cl\/sites\/vc\/centro-cultural-ipa-cierra-su-cartelera-paocc-2023-con-estreno-gratuito-en-mercado-puerto\/\"]}]},{\"@type\":\"ImageObject\",\"inLanguage\":\"es\",\"@id\":\"https:\/\/dev.antudigital.cl\/sites\/vc\/centro-cultural-ipa-cierra-su-cartelera-paocc-2023-con-estreno-gratuito-en-mercado-puerto\/#primaryimage\",\"url\":\"https:\/\/dev.antudigital.cl\/sites\/vc\/wp-content\/uploads\/2023\/12\/EL-REGISTRO-2.jpg\",\"contentUrl\":\"https:\/\/dev.antudigital.cl\/sites\/vc\/wp-content\/uploads\/2023\/12\/EL-REGISTRO-2.jpg\",\"width\":1134,\"height\":850},{\"@type\":\"BreadcrumbList\",\"@id\":\"https:\/\/dev.antudigital.cl\/sites\/vc\/centro-cultural-ipa-cierra-su-cartelera-paocc-2023-con-estreno-gratuito-en-mercado-puerto\/#breadcrumb\",\"itemListElement\":[{\"@type\":\"ListItem\",\"position\":1,\"name\":\"Home\",\"item\":\"https:\/\/dev.antudigital.cl\/sites\/vc\/\"},{\"@type\":\"ListItem\",\"position\":2,\"name\":\"Centro Cultural IPA cierra su cartelera PAOCC 2023 con estreno gratuito en Mercado Puerto\"}]},{\"@type\":\"WebSite\",\"@id\":\"https:\/\/dev.antudigital.cl\/sites\/vc\/#website\",\"url\":\"https:\/\/dev.antudigital.cl\/sites\/vc\/\",\"name\":\"Valpara\u00ed\u00adso Creativo\",\"description\":\"\",\"potentialAction\":[{\"@type\":\"SearchAction\",\"target\":{\"@type\":\"EntryPoint\",\"urlTemplate\":\"https:\/\/dev.antudigital.cl\/sites\/vc\/?s={search_term_string}\"},\"query-input\":{\"@type\":\"PropertyValueSpecification\",\"valueRequired\":true,\"valueName\":\"search_term_string\"}}],\"inLanguage\":\"es\"},{\"@type\":\"Person\",\"@id\":\"https:\/\/dev.antudigital.cl\/sites\/vc\/#\/schema\/person\/c2b9da8dd545e27166fc5ab232837318\",\"name\":\"Valpara\u00edso Creativo\",\"description\":\"Periodista de cultura en la Regi\u00f3n de Valpara\u00edso.\",\"url\":\"https:\/\/dev.antudigital.cl\/sites\/vc\/author\/valpoadmin\/\"}]}<\/script>\n<!-- \/ Yoast SEO plugin. -->","yoast_head_json":{"title":"Centro Cultural IPA cierra su cartelera PAOCC 2023 con estreno gratuito en Mercado Puerto - Valpara\u00ed\u00adso Creativo","robots":{"index":"index","follow":"follow","max-snippet":"max-snippet:-1","max-image-preview":"max-image-preview:large","max-video-preview":"max-video-preview:-1"},"canonical":"https:\/\/dev.antudigital.cl\/sites\/vc\/centro-cultural-ipa-cierra-su-cartelera-paocc-2023-con-estreno-gratuito-en-mercado-puerto\/","og_locale":"es_ES","og_type":"article","og_title":"Centro Cultural IPA cierra su cartelera PAOCC 2023 con estreno gratuito en Mercado Puerto - Valpara\u00ed\u00adso Creativo","og_description":"El &nbsp;s\u00e1bado 9 de diciembre a las 19:00 horas&nbsp;la Compa\u00f1\u00eda Teatro IluCi\u00f3n estrenar\u00e1 la obra \u201cEl registro\u201d en el Mercado Puerto, de esta manera el Centro Cultural IPA cierra la cartelera financiada por el Ministerio de las Culturas, las Artes y el Patrimonio a trav\u00e9s de su Programa de Apoyo a Organizaciones Culturales Colaboradoras, convocatoria [&hellip;]","og_url":"https:\/\/dev.antudigital.cl\/sites\/vc\/centro-cultural-ipa-cierra-su-cartelera-paocc-2023-con-estreno-gratuito-en-mercado-puerto\/","og_site_name":"Valpara\u00ed\u00adso Creativo","article_published_time":"2023-12-04T12:19:48+00:00","article_modified_time":"2023-12-04T12:19:54+00:00","og_image":[{"width":1134,"height":850,"url":"https:\/\/dev.antudigital.cl\/sites\/vc\/wp-content\/uploads\/2023\/12\/EL-REGISTRO-2.jpg","type":"image\/jpeg"}],"author":"Valpara\u00edso Creativo","twitter_card":"summary_large_image","twitter_misc":{"Escrito por":"Valpara\u00edso Creativo","Tiempo de lectura":"3 minutos"},"schema":{"@context":"https:\/\/schema.org","@graph":[{"@type":"Article","@id":"https:\/\/dev.antudigital.cl\/sites\/vc\/centro-cultural-ipa-cierra-su-cartelera-paocc-2023-con-estreno-gratuito-en-mercado-puerto\/#article","isPartOf":{"@id":"https:\/\/dev.antudigital.cl\/sites\/vc\/centro-cultural-ipa-cierra-su-cartelera-paocc-2023-con-estreno-gratuito-en-mercado-puerto\/"},"author":{"name":"Valpara\u00edso Creativo","@id":"https:\/\/dev.antudigital.cl\/sites\/vc\/#\/schema\/person\/c2b9da8dd545e27166fc5ab232837318"},"headline":"Centro Cultural IPA cierra su cartelera PAOCC 2023 con estreno gratuito en Mercado Puerto","datePublished":"2023-12-04T12:19:48+00:00","dateModified":"2023-12-04T12:19:54+00:00","mainEntityOfPage":{"@id":"https:\/\/dev.antudigital.cl\/sites\/vc\/centro-cultural-ipa-cierra-su-cartelera-paocc-2023-con-estreno-gratuito-en-mercado-puerto\/"},"wordCount":635,"image":{"@id":"https:\/\/dev.antudigital.cl\/sites\/vc\/centro-cultural-ipa-cierra-su-cartelera-paocc-2023-con-estreno-gratuito-en-mercado-puerto\/#primaryimage"},"thumbnailUrl":"https:\/\/dev.antudigital.cl\/sites\/vc\/wp-content\/uploads\/2023\/12\/EL-REGISTRO-2.jpg","articleSection":["Uncategorized"],"inLanguage":"es"},{"@type":"WebPage","@id":"https:\/\/dev.antudigital.cl\/sites\/vc\/centro-cultural-ipa-cierra-su-cartelera-paocc-2023-con-estreno-gratuito-en-mercado-puerto\/","url":"https:\/\/dev.antudigital.cl\/sites\/vc\/centro-cultural-ipa-cierra-su-cartelera-paocc-2023-con-estreno-gratuito-en-mercado-puerto\/","name":"Centro Cultural IPA cierra su cartelera PAOCC 2023 con estreno gratuito en Mercado Puerto - Valpara\u00ed\u00adso Creativo","isPartOf":{"@id":"https:\/\/dev.antudigital.cl\/sites\/vc\/#website"},"primaryImageOfPage":{"@id":"https:\/\/dev.antudigital.cl\/sites\/vc\/centro-cultural-ipa-cierra-su-cartelera-paocc-2023-con-estreno-gratuito-en-mercado-puerto\/#primaryimage"},"image":{"@id":"https:\/\/dev.antudigital.cl\/sites\/vc\/centro-cultural-ipa-cierra-su-cartelera-paocc-2023-con-estreno-gratuito-en-mercado-puerto\/#primaryimage"},"thumbnailUrl":"https:\/\/dev.antudigital.cl\/sites\/vc\/wp-content\/uploads\/2023\/12\/EL-REGISTRO-2.jpg","datePublished":"2023-12-04T12:19:48+00:00","dateModified":"2023-12-04T12:19:54+00:00","author":{"@id":"https:\/\/dev.antudigital.cl\/sites\/vc\/#\/schema\/person\/c2b9da8dd545e27166fc5ab232837318"},"breadcrumb":{"@id":"https:\/\/dev.antudigital.cl\/sites\/vc\/centro-cultural-ipa-cierra-su-cartelera-paocc-2023-con-estreno-gratuito-en-mercado-puerto\/#breadcrumb"},"inLanguage":"es","potentialAction":[{"@type":"ReadAction","target":["https:\/\/dev.antudigital.cl\/sites\/vc\/centro-cultural-ipa-cierra-su-cartelera-paocc-2023-con-estreno-gratuito-en-mercado-puerto\/"]}]},{"@type":"ImageObject","inLanguage":"es","@id":"https:\/\/dev.antudigital.cl\/sites\/vc\/centro-cultural-ipa-cierra-su-cartelera-paocc-2023-con-estreno-gratuito-en-mercado-puerto\/#primaryimage","url":"https:\/\/dev.antudigital.cl\/sites\/vc\/wp-content\/uploads\/2023\/12\/EL-REGISTRO-2.jpg","contentUrl":"https:\/\/dev.antudigital.cl\/sites\/vc\/wp-content\/uploads\/2023\/12\/EL-REGISTRO-2.jpg","width":1134,"height":850},{"@type":"BreadcrumbList","@id":"https:\/\/dev.antudigital.cl\/sites\/vc\/centro-cultural-ipa-cierra-su-cartelera-paocc-2023-con-estreno-gratuito-en-mercado-puerto\/#breadcrumb","itemListElement":[{"@type":"ListItem","position":1,"name":"Home","item":"https:\/\/dev.antudigital.cl\/sites\/vc\/"},{"@type":"ListItem","position":2,"name":"Centro Cultural IPA cierra su cartelera PAOCC 2023 con estreno gratuito en Mercado Puerto"}]},{"@type":"WebSite","@id":"https:\/\/dev.antudigital.cl\/sites\/vc\/#website","url":"https:\/\/dev.antudigital.cl\/sites\/vc\/","name":"Valpara\u00ed\u00adso Creativo","description":"","potentialAction":[{"@type":"SearchAction","target":{"@type":"EntryPoint","urlTemplate":"https:\/\/dev.antudigital.cl\/sites\/vc\/?s={search_term_string}"},"query-input":{"@type":"PropertyValueSpecification","valueRequired":true,"valueName":"search_term_string"}}],"inLanguage":"es"},{"@type":"Person","@id":"https:\/\/dev.antudigital.cl\/sites\/vc\/#\/schema\/person\/c2b9da8dd545e27166fc5ab232837318","name":"Valpara\u00edso Creativo","description":"Periodista de cultura en la Regi\u00f3n de Valpara\u00edso.","url":"https:\/\/dev.antudigital.cl\/sites\/vc\/author\/valpoadmin\/"}]}},"_links":{"self":[{"href":"https:\/\/dev.antudigital.cl\/sites\/vc\/wp-json\/wp\/v2\/posts\/17881","targetHints":{"allow":["GET"]}}],"collection":[{"href":"https:\/\/dev.antudigital.cl\/sites\/vc\/wp-json\/wp\/v2\/posts"}],"about":[{"href":"https:\/\/dev.antudigital.cl\/sites\/vc\/wp-json\/wp\/v2\/types\/post"}],"author":[{"embeddable":true,"href":"https:\/\/dev.antudigital.cl\/sites\/vc\/wp-json\/wp\/v2\/users\/1"}],"replies":[{"embeddable":true,"href":"https:\/\/dev.antudigital.cl\/sites\/vc\/wp-json\/wp\/v2\/comments?post=17881"}],"version-history":[{"count":1,"href":"https:\/\/dev.antudigital.cl\/sites\/vc\/wp-json\/wp\/v2\/posts\/17881\/revisions"}],"predecessor-version":[{"id":17885,"href":"https:\/\/dev.antudigital.cl\/sites\/vc\/wp-json\/wp\/v2\/posts\/17881\/revisions\/17885"}],"wp:featuredmedia":[{"embeddable":true,"href":"https:\/\/dev.antudigital.cl\/sites\/vc\/wp-json\/wp\/v2\/media\/17883"}],"wp:attachment":[{"href":"https:\/\/dev.antudigital.cl\/sites\/vc\/wp-json\/wp\/v2\/media?parent=17881"}],"wp:term":[{"taxonomy":"category","embeddable":true,"href":"https:\/\/dev.antudigital.cl\/sites\/vc\/wp-json\/wp\/v2\/categories?post=17881"},{"taxonomy":"post_tag","embeddable":true,"href":"https:\/\/dev.antudigital.cl\/sites\/vc\/wp-json\/wp\/v2\/tags?post=17881"}],"curies":[{"name":"wp","href":"https:\/\/api.w.org\/{rel}","templated":true}]}}