{"id":17889,"date":"2023-12-04T12:35:27","date_gmt":"2023-12-04T12:35:27","guid":{"rendered":"https:\/\/www.valparaisocreativo.cl\/?p=17889"},"modified":"2023-12-04T12:35:34","modified_gmt":"2023-12-04T12:35:34","slug":"tana-gilbert-directora-de-malqueridas-en-un-contexto-de-violencia-y-marginalizacion-institucional-sus-imagenes-se-convierten-en-un-archivo-de-resistencia","status":"publish","type":"post","link":"https:\/\/dev.antudigital.cl\/sites\/vc\/tana-gilbert-directora-de-malqueridas-en-un-contexto-de-violencia-y-marginalizacion-institucional-sus-imagenes-se-convierten-en-un-archivo-de-resistencia\/","title":{"rendered":"Tana Gilbert directora de Malqueridas: \u201cEn un contexto de violencia y marginalizaci\u00f3n institucional, sus im\u00e1genes se convierten en un archivo de resistencia\u201d"},"content":{"rendered":"\n<p>En Insomnia Teatro Condell de Valpara\u00edso se celebr\u00f3 la ceremonia de clausura y entrega de reconocimientos del III Festival de Cine de Mujeres y Diversidades, FESTMYD 2023, que desde octubre ha tenido importante presencia en las regiones de Coquimbo y Valpara\u00edso.<\/p>\n\n\n\n<p>Con la participaci\u00f3n de las\/les juradas\/es, destacadas mujeres y diversidades del mundo audiovisual, y representantes de diversas comunidades y territorios donde el Festival tuvo paso, el proyecto financiado por el Fondo&nbsp;de Fomento Audiovisual, convocatoria 2023, del Ministerio de las Culturas, las Artes y el Patrimonio;&nbsp;reconoci\u00f3 a los largometrajes y cortometrajes que participaron en la competencia.<\/p>\n\n\n\n<p>Las pel\u00edculas \u201cMalqueridas\u201d de Tana Gilbert y \u201cTransitar la libertad\u201d de Luna Angel, Daniela Carrasco y Lissette Leiva; se llevaron los reconocimientos de Largometraje Destacado y Mejor Cortometraje Regional FESTMYD 2023 respectivamente.<\/p>\n\n\n\n<p>Al respecto,&nbsp;<strong>Violeta Banda, directora ejecutiva de FESTMYD<\/strong>, destac\u00f3 que las pel\u00edculas tienen propuestas distintas y experimentales, pero con perspectiva pol\u00edtica cr\u00edtica: \u201c<em>Es maravilloso c\u00f3mo se reconocen pel\u00edculas que tienen propuestas distintas, propuestas desde lo experimental en su formato, pero que narrativamente tienen una perspectiva pol\u00edtica cr\u00edtica de la sociedad. Malqueridas tiene una propuesta audiovisual que me parece s\u00faper rupturista y que, adem\u00e1s, va en el lineamiento pol\u00edtico de lo que quiere decir, como narrar vivencias que son tan sectorizadas como es la vida carcelaria o hablar de la maternidad m\u00e1s precarizada que puede existir en nuestro pa\u00eds, a trav\u00e9s de un dispositivo y evidenciando esa clandestinidad, esa precarizaci\u00f3n<\/em>\u201d.<\/p>\n\n\n\n<p>En ese mismo sentido,\u00a0<strong>Carolina Astudillo, co directora y productora del Festival<\/strong>, valor\u00f3 estos reconocimientos porque \u201c<em>dan visibilidad a las obras y a sus realizadoras y realizadores, les abren nuevos caminos, pero para que esto ocurra intentamos generar espacios donde confluyen\u00a0 estudiantes, docentes, t\u00e9cnicas\/os y profesionales del medio cinematogr\u00e1fico con diversas experiencias, donde todos se sientan iguales, generando un espacio de aprendizaje colectivo, que es muy importante para las\/les realizadoras\/es, sobre todo para quienes reci\u00e9n parten, porque les otorga confianza en sus talentos para poder seguir realizando. Los espacios universitarios y los festivales de cine, en general, suelen ser muy poco amables, sobrevalorando el tecnicismo y la intelectualidad, dando poco espacio a la sensibilidad. Uno de los objetivos del festival es generar otros espacios m\u00e1s virtuosos y colaborativos de aprendizajes, que creo son, finalmente, el sentido que deber\u00edan tener los festivales, ser un espacio de encuentro, donde se celebre la diversidad y no la competencia<\/em>\u201d.<\/p>\n\n\n\n<figure class=\"wp-block-image size-large\"><img fetchpriority=\"high\" decoding=\"async\" width=\"1024\" height=\"683\" src=\"https:\/\/www.valparaisocreativo.cl\/wp-content\/uploads\/2023\/12\/Juradas-Cortometrajes-Festmyd-1024x683.jpg\" alt=\"\" class=\"wp-image-17891\" srcset=\"https:\/\/dev.antudigital.cl\/sites\/vc\/wp-content\/uploads\/2023\/12\/Juradas-Cortometrajes-Festmyd-1024x683.jpg 1024w, https:\/\/dev.antudigital.cl\/sites\/vc\/wp-content\/uploads\/2023\/12\/Juradas-Cortometrajes-Festmyd-300x200.jpg 300w, https:\/\/dev.antudigital.cl\/sites\/vc\/wp-content\/uploads\/2023\/12\/Juradas-Cortometrajes-Festmyd-768x512.jpg 768w, https:\/\/dev.antudigital.cl\/sites\/vc\/wp-content\/uploads\/2023\/12\/Juradas-Cortometrajes-Festmyd-980x653.jpg 980w, https:\/\/dev.antudigital.cl\/sites\/vc\/wp-content\/uploads\/2023\/12\/Juradas-Cortometrajes-Festmyd-480x320.jpg 480w, https:\/\/dev.antudigital.cl\/sites\/vc\/wp-content\/uploads\/2023\/12\/Juradas-Cortometrajes-Festmyd-24x16.jpg 24w, https:\/\/dev.antudigital.cl\/sites\/vc\/wp-content\/uploads\/2023\/12\/Juradas-Cortometrajes-Festmyd-36x24.jpg 36w, https:\/\/dev.antudigital.cl\/sites\/vc\/wp-content\/uploads\/2023\/12\/Juradas-Cortometrajes-Festmyd-48x32.jpg 48w, https:\/\/dev.antudigital.cl\/sites\/vc\/wp-content\/uploads\/2023\/12\/Juradas-Cortometrajes-Festmyd.jpg 1080w\" sizes=\"(max-width: 1024px) 100vw, 1024px\" \/><\/figure>\n\n\n\n<p><strong>Largometraje Destacado y Mejor Cortometraje Regional FESMTYD 2023&nbsp;<\/strong><\/p>\n\n\n\n<p>En la Competencia de Largometrajes, destacadas mujeres y diversidades del mundo audiovisual y el cine participaron como juradas, ellas son Carmen Brito, Mar\u00eda Jos\u00e9 Bello, Kamila V\u00e9liz y Rosario Espinosa, quienes evaluaron las pel\u00edculas bas\u00e1ndose en la coherencia est\u00e9tica-narraci\u00f3n, el impacto visual de la obra, la perspectiva de g\u00e9nero, el uso de otros lenguajes y el valor t\u00e9cnico.<\/p>\n\n\n\n<p>El aplaudido documental<strong>&nbsp;\u201cMalqueridas\u201d,<\/strong>&nbsp;dirigido por la chilena&nbsp;<strong>Tana Gilbert&nbsp;<\/strong>y con<strong>&nbsp;Paola Castillo<\/strong>&nbsp;en la producci\u00f3n, que llev\u00f3 las historias de madres privadas de libertad a la Semana de la Cr\u00edtica de la 80\u00aa edici\u00f3n del Festival Internacional de Cine de Venecia, fue reconocido como Largometraje Destacado de la l\u00ednea de competencia de Largometrajes Latinoamericanos y del Caribe&nbsp; FESTMYD 2023, por ser \u201cuna pel\u00edcula que pone el ojo en un relato desvalorizado e invisible y levanta las voces de sus propias protagonistas: mujeres privadas de libertad en Chile a trav\u00e9s de un dispositivo f\u00edlmico innovador\u201d.<\/p>\n\n\n\n<p>Adem\u00e1s, \u201cMalqueridas\u201d fue reconocida en la Menci\u00f3n Montaje, por \u201cla construcci\u00f3n de un relato que, a partir de la valorizaci\u00f3n del auto registro de mujeres privadas de libertad, se transforma en una pel\u00edcula inmensamente sensible, necesaria y de impacto\u201d.<\/p>\n\n\n\n<p>La directora del documental, agradeci\u00f3 los reconocimientos y valor\u00f3 el espacio del Festival:<\/p>\n\n\n\n<p>\u201c<em>Estamos muy emocionadas por todo el inter\u00e9s que gener\u00f3 la pel\u00edcula y creemos que en Chile necesitamos dialogar sobre nuestros temas, pensarlos y cruzarlos. Creo en el poder expresivo y est\u00e9tico del documental, como dijo hace tiempo la directora italiana Cecilia Mangini, el documental es la forma m\u00e1s libre de hacer cine. Y en esa libertad de representaci\u00f3n me pregunto constantemente por la responsabilidad \u00e9tica que tenemos como cineastas. Por eso creo profundamente en las posibilidades que tiene el cine documental para crear nuevos imaginarios sobre los problemas que nos rodean<\/em>\u201d.<\/p>\n\n\n\n<p>\u201c<em>Gracias a nuestras compa\u00f1eras por darnos la posibilidad de acompa\u00f1arlas durante estos a\u00f1os, entrar en sus vidas y permitirnos pensar juntas c\u00f3mo poder contar esta pel\u00edcula. En un contexto de violencia y marginalizaci\u00f3n institucional como el que atravesaron, sus im\u00e1genes se convierten en un archivo de resistencia. Por \u00faltimo, y no por eso menos importante:&nbsp;<\/em><strong><em>no podemos subestimar el poder colectivo de quienes no tienen acceso al poder<\/em><\/strong>\u201d, agreg\u00f3 Tana Gilbert.<\/p>\n\n\n\n<p>En el caso de Mejor Cortometraje Regional FESTMYD 2023, el reconocimiento fue para&nbsp;<strong>\u201cTransitar la libertad\u201d<\/strong>&nbsp;de las directoras&nbsp;<strong>Luna Angel, Daniela Carrasco y Lissette Leiva<\/strong>; ya que, seg\u00fan la evaluaci\u00f3n de las juradas se enfoca en \u201ctem\u00e1ticas contingentes y silenciadas de nuestra sociedad, desde una perspectiva de g\u00e9nero, resiliente, significativa y sin revictimizar a la protagonista. Posee elementos t\u00e9cnicos bien abordados, tratados de forma armoniosa y equilibrada\u201d.<\/p>\n\n\n\n<p>Para una de sus directoras, la periodista\u00a0<strong>Lissete Leiva<\/strong>, \u201c<em>ha sido una instancia s\u00faper agradable, de mucha ense\u00f1anza y retroalimentaci\u00f3n audiovisual junto a mis compa\u00f1eras. Con mi equipo nos tomamos esto como impulso para seguir ahondando m\u00e1s en lo audiovisual, tal vez seguir explorando la tem\u00e1tica, que es la reinserci\u00f3n social femenina y el tema carcelario femenino y tambi\u00e9n ahondar en otras tem\u00e1ticas territoriales<\/em>\u201d.<\/p>\n\n\n\n<figure class=\"wp-block-image size-large\"><img decoding=\"async\" width=\"1024\" height=\"682\" src=\"https:\/\/www.valparaisocreativo.cl\/wp-content\/uploads\/2023\/12\/Tana-Gilbert-y-Pajarx-entre-puas-1024x682.jpg\" alt=\"\" class=\"wp-image-17892\" srcset=\"https:\/\/dev.antudigital.cl\/sites\/vc\/wp-content\/uploads\/2023\/12\/Tana-Gilbert-y-Pajarx-entre-puas-1024x682.jpg 1024w, https:\/\/dev.antudigital.cl\/sites\/vc\/wp-content\/uploads\/2023\/12\/Tana-Gilbert-y-Pajarx-entre-puas-300x200.jpg 300w, https:\/\/dev.antudigital.cl\/sites\/vc\/wp-content\/uploads\/2023\/12\/Tana-Gilbert-y-Pajarx-entre-puas-768x511.jpg 768w, https:\/\/dev.antudigital.cl\/sites\/vc\/wp-content\/uploads\/2023\/12\/Tana-Gilbert-y-Pajarx-entre-puas-980x652.jpg 980w, https:\/\/dev.antudigital.cl\/sites\/vc\/wp-content\/uploads\/2023\/12\/Tana-Gilbert-y-Pajarx-entre-puas-480x320.jpg 480w, https:\/\/dev.antudigital.cl\/sites\/vc\/wp-content\/uploads\/2023\/12\/Tana-Gilbert-y-Pajarx-entre-puas-24x16.jpg 24w, https:\/\/dev.antudigital.cl\/sites\/vc\/wp-content\/uploads\/2023\/12\/Tana-Gilbert-y-Pajarx-entre-puas-36x24.jpg 36w, https:\/\/dev.antudigital.cl\/sites\/vc\/wp-content\/uploads\/2023\/12\/Tana-Gilbert-y-Pajarx-entre-puas-48x32.jpg 48w, https:\/\/dev.antudigital.cl\/sites\/vc\/wp-content\/uploads\/2023\/12\/Tana-Gilbert-y-Pajarx-entre-puas.jpg 1080w\" sizes=\"(max-width: 1024px) 100vw, 1024px\" \/><\/figure>\n\n\n\n<p><strong>Otros reconocimientos<\/strong><\/p>\n\n\n\n<p>En el caso de la competencia de Largometrajes Latinoamericanos y del Caribe, otros reconocimientos los recibi\u00f3&nbsp;<strong>\u201cLas Dem\u00e1s\u201d,<\/strong>&nbsp;\u00f3pera prima de la directora Alexandra Hyland, pel\u00edcula que tuvo su estreno mundial en el Festival Internacional de Cine de Rotterdam y en el Festival de Gij\u00f3n, Espa\u00f1a. La comedia, que reivindica el derecho al aborto, fue reconocida con las menciones Direcci\u00f3n y Direcci\u00f3n de Arte y Banda Sonora, adem\u00e1s de una Menci\u00f3n especial del jurado para Nicole Sazo y Alicia Luz Rodr\u00edguez \u201cpor su interpretaci\u00f3n entra\u00f1able\u201d.<\/p>\n\n\n\n<p>Otra pel\u00edcula destacada con las menciones en Gui\u00f3n, Producci\u00f3n y Menci\u00f3n especial del jurado fue&nbsp;<strong>\u201cLa ilusi\u00f3n de la abundancia\u201d<\/strong>, dirigida por dirigida por la colombiana Erika Gonz\u00e1lez y el belga Matthieu Lietaert. Mientras que&nbsp;<strong>\u201cEl silencio de los hombres<\/strong>\u201d de la argentina Luc\u00eda Lubarsky, se llev\u00f3 el reconocimiento por su Direcci\u00f3n de Fotograf\u00eda.<\/p>\n\n\n\n<p>Respecto a la decisi\u00f3n de las juradas,&nbsp;<strong>Violeta Banda<\/strong>&nbsp;tambi\u00e9n destac\u00f3 a \u201cLas Dem\u00e1s\u201d como \u201c<em>una pel\u00edcula que apela desde una nueva generaci\u00f3n, una nueva forma de ver las cosas. Me parece interesante que haya sido elegida como mejor direcci\u00f3n porque enfrenta el tema de la ilegalidad del aborto en Chile, a trav\u00e9s de una comedia negra y posiciona la sororidad como la herramienta de lucha que tenemos en contra del sistema patriarcal, me parece un relato s\u00faper inteligente, una pel\u00edcula necesaria. Por otro lado, destacar los reconocimientos a \u201cEl silencio de los hombres\u201d y a \u201cLa ilusi\u00f3n de la abundancia\u201d, porque me parecen pel\u00edculas que t\u00e9cnicamente son maravillosas y que su tratamiento apoya, evidentemente, lo que quieren expresar. Y con respecto a cortometrajes, tambi\u00e9n siento que el lineamiento de las juradas, de poder posicionar tem\u00e1ticas que son cr\u00edticas pol\u00edticamente, tiene todo el sentido<\/em>\u201d.<\/p>\n\n\n\n<p>Por otro lado, en el caso de la competencia de Cortometrajes Regionales, la pel\u00edcula&nbsp;<strong>\u201cSepulcro\u201d<\/strong>&nbsp;de la directora Josefa Berenguela fue premiada con las menciones Banda Sonora, Direcci\u00f3n de Arte y una menci\u00f3n especial de las juradas \u201cpor su creatividad, la utilizaci\u00f3n de otros lenguajes para expresar lo sensible del universo \u00edntimo\u201d.<\/p>\n\n\n\n<p>\u201c<em>Es un honor muy grande, se ha reconocido el trabajo y estoy muy orgullosa tambi\u00e9n de haber competido con mis compa\u00f1eras. Siento mucho agradecimiento, es muy bonito y gratificante y me motiva a seguir haciendo proyectos y haciendo cine. Estos reconocimientos me motivan a seguir por esta l\u00ednea de la animaci\u00f3n y lo experimental, que descubr\u00ed que es lo que me gusta dentro del cine<\/em>\u201d, se\u00f1al\u00f3 la directora Josefa Berenguela.<\/p>\n\n\n\n<p>As\u00ed mismo, \u201c<strong>En el ba\u00f1o mueren las polillas<\/strong>\u201d, dirigida por Natalia Mej\u00edas y Fernanda Lagomarsino, fue reconocida en las menciones Mejor Fotograf\u00eda, Gui\u00f3n y Direcci\u00f3n, \u201cpor tratar la tem\u00e1tica de g\u00e9nero y el duelo desde un punto de vista que nos acerca al mundo interno de las infancias\u201d. Finalmente, el cortometraje<strong>&nbsp;\u201cD\u00eda Uno\u201d<\/strong>&nbsp;de la directora Constanza Lobos, fue reconocida con la Menci\u00f3n Montaje, por hacer confluir \u201cdos tipos de formatos de manera r\u00edtmica y armoniosa que hacen de un corto muy fluido\u201d.<\/p>\n\n\n\n<p>Cabe destacar que en esta tercera versi\u00f3n, FESTMYD reconoci\u00f3 el trabajo de mujeres y diversidades del mundo audiovisual, generando di\u00e1logos entre distintas generaciones, haciendo v\u00ednculos con organizaciones territoriales y llevando cine con perspectiva de g\u00e9nero a establecimientos educacionales, espacios p\u00fablicos, salas de cine, teatros y centros culturales de manera totalmente gratuita.<\/p>\n","protected":false},"excerpt":{"rendered":"<p>En Insomnia Teatro Condell de Valpara\u00edso se celebr\u00f3 la ceremonia de clausura y entrega de reconocimientos del III Festival de Cine de Mujeres y Diversidades, FESTMYD 2023, que desde octubre ha tenido importante presencia en las regiones de Coquimbo y Valpara\u00edso. Con la participaci\u00f3n de las\/les juradas\/es, destacadas mujeres y diversidades del mundo audiovisual, y [&hellip;]<\/p>\n","protected":false},"author":1,"featured_media":17890,"comment_status":"closed","ping_status":"closed","sticky":false,"template":"","format":"standard","meta":{"_acf_changed":false,"footnotes":""},"categories":[1],"tags":[],"class_list":["post-17889","post","type-post","status-publish","format-standard","has-post-thumbnail","hentry","category-uncategorized"],"acf":[],"yoast_head":"<!-- This site is optimized with the Yoast SEO plugin v27.1.1 - https:\/\/yoast.com\/product\/yoast-seo-wordpress\/ -->\n<title>Tana Gilbert directora de Malqueridas: \u201cEn un contexto de violencia y marginalizaci\u00f3n institucional, sus im\u00e1genes se convierten en un archivo de resistencia\u201d - Valpara\u00ed\u00adso Creativo<\/title>\n<meta name=\"robots\" content=\"index, follow, max-snippet:-1, max-image-preview:large, max-video-preview:-1\" \/>\n<link rel=\"canonical\" href=\"https:\/\/dev.antudigital.cl\/sites\/vc\/tana-gilbert-directora-de-malqueridas-en-un-contexto-de-violencia-y-marginalizacion-institucional-sus-imagenes-se-convierten-en-un-archivo-de-resistencia\/\" \/>\n<meta property=\"og:locale\" content=\"es_ES\" \/>\n<meta property=\"og:type\" content=\"article\" \/>\n<meta property=\"og:title\" content=\"Tana Gilbert directora de Malqueridas: \u201cEn un contexto de violencia y marginalizaci\u00f3n institucional, sus im\u00e1genes se convierten en un archivo de resistencia\u201d - Valpara\u00ed\u00adso Creativo\" \/>\n<meta property=\"og:description\" content=\"En Insomnia Teatro Condell de Valpara\u00edso se celebr\u00f3 la ceremonia de clausura y entrega de reconocimientos del III Festival de Cine de Mujeres y Diversidades, FESTMYD 2023, que desde octubre ha tenido importante presencia en las regiones de Coquimbo y Valpara\u00edso. Con la participaci\u00f3n de las\/les juradas\/es, destacadas mujeres y diversidades del mundo audiovisual, y [&hellip;]\" \/>\n<meta property=\"og:url\" content=\"https:\/\/dev.antudigital.cl\/sites\/vc\/tana-gilbert-directora-de-malqueridas-en-un-contexto-de-violencia-y-marginalizacion-institucional-sus-imagenes-se-convierten-en-un-archivo-de-resistencia\/\" \/>\n<meta property=\"og:site_name\" content=\"Valpara\u00ed\u00adso Creativo\" \/>\n<meta property=\"article:published_time\" content=\"2023-12-04T12:35:27+00:00\" \/>\n<meta property=\"article:modified_time\" content=\"2023-12-04T12:35:34+00:00\" \/>\n<meta property=\"og:image\" content=\"https:\/\/dev.antudigital.cl\/sites\/vc\/wp-content\/uploads\/2023\/12\/Clausura-Festmyd-2023-scaled.jpg\" \/>\n\t<meta property=\"og:image:width\" content=\"2560\" \/>\n\t<meta property=\"og:image:height\" content=\"1707\" \/>\n\t<meta property=\"og:image:type\" content=\"image\/jpeg\" \/>\n<meta name=\"author\" content=\"Valpara\u00edso Creativo\" \/>\n<meta name=\"twitter:card\" content=\"summary_large_image\" \/>\n<meta name=\"twitter:label1\" content=\"Escrito por\" \/>\n\t<meta name=\"twitter:data1\" content=\"Valpara\u00edso Creativo\" \/>\n\t<meta name=\"twitter:label2\" content=\"Tiempo de lectura\" \/>\n\t<meta name=\"twitter:data2\" content=\"8 minutos\" \/>\n<script type=\"application\/ld+json\" class=\"yoast-schema-graph\">{\"@context\":\"https:\/\/schema.org\",\"@graph\":[{\"@type\":\"Article\",\"@id\":\"https:\/\/dev.antudigital.cl\/sites\/vc\/tana-gilbert-directora-de-malqueridas-en-un-contexto-de-violencia-y-marginalizacion-institucional-sus-imagenes-se-convierten-en-un-archivo-de-resistencia\/#article\",\"isPartOf\":{\"@id\":\"https:\/\/dev.antudigital.cl\/sites\/vc\/tana-gilbert-directora-de-malqueridas-en-un-contexto-de-violencia-y-marginalizacion-institucional-sus-imagenes-se-convierten-en-un-archivo-de-resistencia\/\"},\"author\":{\"name\":\"Valpara\u00edso Creativo\",\"@id\":\"https:\/\/dev.antudigital.cl\/sites\/vc\/#\/schema\/person\/c2b9da8dd545e27166fc5ab232837318\"},\"headline\":\"Tana Gilbert directora de Malqueridas: \u201cEn un contexto de violencia y marginalizaci\u00f3n institucional, sus im\u00e1genes se convierten en un archivo de resistencia\u201d\",\"datePublished\":\"2023-12-04T12:35:27+00:00\",\"dateModified\":\"2023-12-04T12:35:34+00:00\",\"mainEntityOfPage\":{\"@id\":\"https:\/\/dev.antudigital.cl\/sites\/vc\/tana-gilbert-directora-de-malqueridas-en-un-contexto-de-violencia-y-marginalizacion-institucional-sus-imagenes-se-convierten-en-un-archivo-de-resistencia\/\"},\"wordCount\":1619,\"image\":{\"@id\":\"https:\/\/dev.antudigital.cl\/sites\/vc\/tana-gilbert-directora-de-malqueridas-en-un-contexto-de-violencia-y-marginalizacion-institucional-sus-imagenes-se-convierten-en-un-archivo-de-resistencia\/#primaryimage\"},\"thumbnailUrl\":\"https:\/\/dev.antudigital.cl\/sites\/vc\/wp-content\/uploads\/2023\/12\/Clausura-Festmyd-2023-scaled.jpg\",\"articleSection\":[\"Uncategorized\"],\"inLanguage\":\"es\"},{\"@type\":\"WebPage\",\"@id\":\"https:\/\/dev.antudigital.cl\/sites\/vc\/tana-gilbert-directora-de-malqueridas-en-un-contexto-de-violencia-y-marginalizacion-institucional-sus-imagenes-se-convierten-en-un-archivo-de-resistencia\/\",\"url\":\"https:\/\/dev.antudigital.cl\/sites\/vc\/tana-gilbert-directora-de-malqueridas-en-un-contexto-de-violencia-y-marginalizacion-institucional-sus-imagenes-se-convierten-en-un-archivo-de-resistencia\/\",\"name\":\"Tana Gilbert directora de Malqueridas: \u201cEn un contexto de violencia y marginalizaci\u00f3n institucional, sus im\u00e1genes se convierten en un archivo de resistencia\u201d - Valpara\u00ed\u00adso Creativo\",\"isPartOf\":{\"@id\":\"https:\/\/dev.antudigital.cl\/sites\/vc\/#website\"},\"primaryImageOfPage\":{\"@id\":\"https:\/\/dev.antudigital.cl\/sites\/vc\/tana-gilbert-directora-de-malqueridas-en-un-contexto-de-violencia-y-marginalizacion-institucional-sus-imagenes-se-convierten-en-un-archivo-de-resistencia\/#primaryimage\"},\"image\":{\"@id\":\"https:\/\/dev.antudigital.cl\/sites\/vc\/tana-gilbert-directora-de-malqueridas-en-un-contexto-de-violencia-y-marginalizacion-institucional-sus-imagenes-se-convierten-en-un-archivo-de-resistencia\/#primaryimage\"},\"thumbnailUrl\":\"https:\/\/dev.antudigital.cl\/sites\/vc\/wp-content\/uploads\/2023\/12\/Clausura-Festmyd-2023-scaled.jpg\",\"datePublished\":\"2023-12-04T12:35:27+00:00\",\"dateModified\":\"2023-12-04T12:35:34+00:00\",\"author\":{\"@id\":\"https:\/\/dev.antudigital.cl\/sites\/vc\/#\/schema\/person\/c2b9da8dd545e27166fc5ab232837318\"},\"breadcrumb\":{\"@id\":\"https:\/\/dev.antudigital.cl\/sites\/vc\/tana-gilbert-directora-de-malqueridas-en-un-contexto-de-violencia-y-marginalizacion-institucional-sus-imagenes-se-convierten-en-un-archivo-de-resistencia\/#breadcrumb\"},\"inLanguage\":\"es\",\"potentialAction\":[{\"@type\":\"ReadAction\",\"target\":[\"https:\/\/dev.antudigital.cl\/sites\/vc\/tana-gilbert-directora-de-malqueridas-en-un-contexto-de-violencia-y-marginalizacion-institucional-sus-imagenes-se-convierten-en-un-archivo-de-resistencia\/\"]}]},{\"@type\":\"ImageObject\",\"inLanguage\":\"es\",\"@id\":\"https:\/\/dev.antudigital.cl\/sites\/vc\/tana-gilbert-directora-de-malqueridas-en-un-contexto-de-violencia-y-marginalizacion-institucional-sus-imagenes-se-convierten-en-un-archivo-de-resistencia\/#primaryimage\",\"url\":\"https:\/\/dev.antudigital.cl\/sites\/vc\/wp-content\/uploads\/2023\/12\/Clausura-Festmyd-2023-scaled.jpg\",\"contentUrl\":\"https:\/\/dev.antudigital.cl\/sites\/vc\/wp-content\/uploads\/2023\/12\/Clausura-Festmyd-2023-scaled.jpg\",\"width\":2560,\"height\":1707},{\"@type\":\"BreadcrumbList\",\"@id\":\"https:\/\/dev.antudigital.cl\/sites\/vc\/tana-gilbert-directora-de-malqueridas-en-un-contexto-de-violencia-y-marginalizacion-institucional-sus-imagenes-se-convierten-en-un-archivo-de-resistencia\/#breadcrumb\",\"itemListElement\":[{\"@type\":\"ListItem\",\"position\":1,\"name\":\"Home\",\"item\":\"https:\/\/dev.antudigital.cl\/sites\/vc\/\"},{\"@type\":\"ListItem\",\"position\":2,\"name\":\"Tana Gilbert directora de Malqueridas: \u201cEn un contexto de violencia y marginalizaci\u00f3n institucional, sus im\u00e1genes se convierten en un archivo de resistencia\u201d\"}]},{\"@type\":\"WebSite\",\"@id\":\"https:\/\/dev.antudigital.cl\/sites\/vc\/#website\",\"url\":\"https:\/\/dev.antudigital.cl\/sites\/vc\/\",\"name\":\"Valpara\u00ed\u00adso Creativo\",\"description\":\"\",\"potentialAction\":[{\"@type\":\"SearchAction\",\"target\":{\"@type\":\"EntryPoint\",\"urlTemplate\":\"https:\/\/dev.antudigital.cl\/sites\/vc\/?s={search_term_string}\"},\"query-input\":{\"@type\":\"PropertyValueSpecification\",\"valueRequired\":true,\"valueName\":\"search_term_string\"}}],\"inLanguage\":\"es\"},{\"@type\":\"Person\",\"@id\":\"https:\/\/dev.antudigital.cl\/sites\/vc\/#\/schema\/person\/c2b9da8dd545e27166fc5ab232837318\",\"name\":\"Valpara\u00edso Creativo\",\"description\":\"Periodista de cultura en la Regi\u00f3n de Valpara\u00edso.\",\"url\":\"https:\/\/dev.antudigital.cl\/sites\/vc\/author\/valpoadmin\/\"}]}<\/script>\n<!-- \/ Yoast SEO plugin. -->","yoast_head_json":{"title":"Tana Gilbert directora de Malqueridas: \u201cEn un contexto de violencia y marginalizaci\u00f3n institucional, sus im\u00e1genes se convierten en un archivo de resistencia\u201d - Valpara\u00ed\u00adso Creativo","robots":{"index":"index","follow":"follow","max-snippet":"max-snippet:-1","max-image-preview":"max-image-preview:large","max-video-preview":"max-video-preview:-1"},"canonical":"https:\/\/dev.antudigital.cl\/sites\/vc\/tana-gilbert-directora-de-malqueridas-en-un-contexto-de-violencia-y-marginalizacion-institucional-sus-imagenes-se-convierten-en-un-archivo-de-resistencia\/","og_locale":"es_ES","og_type":"article","og_title":"Tana Gilbert directora de Malqueridas: \u201cEn un contexto de violencia y marginalizaci\u00f3n institucional, sus im\u00e1genes se convierten en un archivo de resistencia\u201d - Valpara\u00ed\u00adso Creativo","og_description":"En Insomnia Teatro Condell de Valpara\u00edso se celebr\u00f3 la ceremonia de clausura y entrega de reconocimientos del III Festival de Cine de Mujeres y Diversidades, FESTMYD 2023, que desde octubre ha tenido importante presencia en las regiones de Coquimbo y Valpara\u00edso. Con la participaci\u00f3n de las\/les juradas\/es, destacadas mujeres y diversidades del mundo audiovisual, y [&hellip;]","og_url":"https:\/\/dev.antudigital.cl\/sites\/vc\/tana-gilbert-directora-de-malqueridas-en-un-contexto-de-violencia-y-marginalizacion-institucional-sus-imagenes-se-convierten-en-un-archivo-de-resistencia\/","og_site_name":"Valpara\u00ed\u00adso Creativo","article_published_time":"2023-12-04T12:35:27+00:00","article_modified_time":"2023-12-04T12:35:34+00:00","og_image":[{"width":2560,"height":1707,"url":"https:\/\/dev.antudigital.cl\/sites\/vc\/wp-content\/uploads\/2023\/12\/Clausura-Festmyd-2023-scaled.jpg","type":"image\/jpeg"}],"author":"Valpara\u00edso Creativo","twitter_card":"summary_large_image","twitter_misc":{"Escrito por":"Valpara\u00edso Creativo","Tiempo de lectura":"8 minutos"},"schema":{"@context":"https:\/\/schema.org","@graph":[{"@type":"Article","@id":"https:\/\/dev.antudigital.cl\/sites\/vc\/tana-gilbert-directora-de-malqueridas-en-un-contexto-de-violencia-y-marginalizacion-institucional-sus-imagenes-se-convierten-en-un-archivo-de-resistencia\/#article","isPartOf":{"@id":"https:\/\/dev.antudigital.cl\/sites\/vc\/tana-gilbert-directora-de-malqueridas-en-un-contexto-de-violencia-y-marginalizacion-institucional-sus-imagenes-se-convierten-en-un-archivo-de-resistencia\/"},"author":{"name":"Valpara\u00edso Creativo","@id":"https:\/\/dev.antudigital.cl\/sites\/vc\/#\/schema\/person\/c2b9da8dd545e27166fc5ab232837318"},"headline":"Tana Gilbert directora de Malqueridas: \u201cEn un contexto de violencia y marginalizaci\u00f3n institucional, sus im\u00e1genes se convierten en un archivo de resistencia\u201d","datePublished":"2023-12-04T12:35:27+00:00","dateModified":"2023-12-04T12:35:34+00:00","mainEntityOfPage":{"@id":"https:\/\/dev.antudigital.cl\/sites\/vc\/tana-gilbert-directora-de-malqueridas-en-un-contexto-de-violencia-y-marginalizacion-institucional-sus-imagenes-se-convierten-en-un-archivo-de-resistencia\/"},"wordCount":1619,"image":{"@id":"https:\/\/dev.antudigital.cl\/sites\/vc\/tana-gilbert-directora-de-malqueridas-en-un-contexto-de-violencia-y-marginalizacion-institucional-sus-imagenes-se-convierten-en-un-archivo-de-resistencia\/#primaryimage"},"thumbnailUrl":"https:\/\/dev.antudigital.cl\/sites\/vc\/wp-content\/uploads\/2023\/12\/Clausura-Festmyd-2023-scaled.jpg","articleSection":["Uncategorized"],"inLanguage":"es"},{"@type":"WebPage","@id":"https:\/\/dev.antudigital.cl\/sites\/vc\/tana-gilbert-directora-de-malqueridas-en-un-contexto-de-violencia-y-marginalizacion-institucional-sus-imagenes-se-convierten-en-un-archivo-de-resistencia\/","url":"https:\/\/dev.antudigital.cl\/sites\/vc\/tana-gilbert-directora-de-malqueridas-en-un-contexto-de-violencia-y-marginalizacion-institucional-sus-imagenes-se-convierten-en-un-archivo-de-resistencia\/","name":"Tana Gilbert directora de Malqueridas: \u201cEn un contexto de violencia y marginalizaci\u00f3n institucional, sus im\u00e1genes se convierten en un archivo de resistencia\u201d - Valpara\u00ed\u00adso Creativo","isPartOf":{"@id":"https:\/\/dev.antudigital.cl\/sites\/vc\/#website"},"primaryImageOfPage":{"@id":"https:\/\/dev.antudigital.cl\/sites\/vc\/tana-gilbert-directora-de-malqueridas-en-un-contexto-de-violencia-y-marginalizacion-institucional-sus-imagenes-se-convierten-en-un-archivo-de-resistencia\/#primaryimage"},"image":{"@id":"https:\/\/dev.antudigital.cl\/sites\/vc\/tana-gilbert-directora-de-malqueridas-en-un-contexto-de-violencia-y-marginalizacion-institucional-sus-imagenes-se-convierten-en-un-archivo-de-resistencia\/#primaryimage"},"thumbnailUrl":"https:\/\/dev.antudigital.cl\/sites\/vc\/wp-content\/uploads\/2023\/12\/Clausura-Festmyd-2023-scaled.jpg","datePublished":"2023-12-04T12:35:27+00:00","dateModified":"2023-12-04T12:35:34+00:00","author":{"@id":"https:\/\/dev.antudigital.cl\/sites\/vc\/#\/schema\/person\/c2b9da8dd545e27166fc5ab232837318"},"breadcrumb":{"@id":"https:\/\/dev.antudigital.cl\/sites\/vc\/tana-gilbert-directora-de-malqueridas-en-un-contexto-de-violencia-y-marginalizacion-institucional-sus-imagenes-se-convierten-en-un-archivo-de-resistencia\/#breadcrumb"},"inLanguage":"es","potentialAction":[{"@type":"ReadAction","target":["https:\/\/dev.antudigital.cl\/sites\/vc\/tana-gilbert-directora-de-malqueridas-en-un-contexto-de-violencia-y-marginalizacion-institucional-sus-imagenes-se-convierten-en-un-archivo-de-resistencia\/"]}]},{"@type":"ImageObject","inLanguage":"es","@id":"https:\/\/dev.antudigital.cl\/sites\/vc\/tana-gilbert-directora-de-malqueridas-en-un-contexto-de-violencia-y-marginalizacion-institucional-sus-imagenes-se-convierten-en-un-archivo-de-resistencia\/#primaryimage","url":"https:\/\/dev.antudigital.cl\/sites\/vc\/wp-content\/uploads\/2023\/12\/Clausura-Festmyd-2023-scaled.jpg","contentUrl":"https:\/\/dev.antudigital.cl\/sites\/vc\/wp-content\/uploads\/2023\/12\/Clausura-Festmyd-2023-scaled.jpg","width":2560,"height":1707},{"@type":"BreadcrumbList","@id":"https:\/\/dev.antudigital.cl\/sites\/vc\/tana-gilbert-directora-de-malqueridas-en-un-contexto-de-violencia-y-marginalizacion-institucional-sus-imagenes-se-convierten-en-un-archivo-de-resistencia\/#breadcrumb","itemListElement":[{"@type":"ListItem","position":1,"name":"Home","item":"https:\/\/dev.antudigital.cl\/sites\/vc\/"},{"@type":"ListItem","position":2,"name":"Tana Gilbert directora de Malqueridas: \u201cEn un contexto de violencia y marginalizaci\u00f3n institucional, sus im\u00e1genes se convierten en un archivo de resistencia\u201d"}]},{"@type":"WebSite","@id":"https:\/\/dev.antudigital.cl\/sites\/vc\/#website","url":"https:\/\/dev.antudigital.cl\/sites\/vc\/","name":"Valpara\u00ed\u00adso Creativo","description":"","potentialAction":[{"@type":"SearchAction","target":{"@type":"EntryPoint","urlTemplate":"https:\/\/dev.antudigital.cl\/sites\/vc\/?s={search_term_string}"},"query-input":{"@type":"PropertyValueSpecification","valueRequired":true,"valueName":"search_term_string"}}],"inLanguage":"es"},{"@type":"Person","@id":"https:\/\/dev.antudigital.cl\/sites\/vc\/#\/schema\/person\/c2b9da8dd545e27166fc5ab232837318","name":"Valpara\u00edso Creativo","description":"Periodista de cultura en la Regi\u00f3n de Valpara\u00edso.","url":"https:\/\/dev.antudigital.cl\/sites\/vc\/author\/valpoadmin\/"}]}},"_links":{"self":[{"href":"https:\/\/dev.antudigital.cl\/sites\/vc\/wp-json\/wp\/v2\/posts\/17889","targetHints":{"allow":["GET"]}}],"collection":[{"href":"https:\/\/dev.antudigital.cl\/sites\/vc\/wp-json\/wp\/v2\/posts"}],"about":[{"href":"https:\/\/dev.antudigital.cl\/sites\/vc\/wp-json\/wp\/v2\/types\/post"}],"author":[{"embeddable":true,"href":"https:\/\/dev.antudigital.cl\/sites\/vc\/wp-json\/wp\/v2\/users\/1"}],"replies":[{"embeddable":true,"href":"https:\/\/dev.antudigital.cl\/sites\/vc\/wp-json\/wp\/v2\/comments?post=17889"}],"version-history":[{"count":1,"href":"https:\/\/dev.antudigital.cl\/sites\/vc\/wp-json\/wp\/v2\/posts\/17889\/revisions"}],"predecessor-version":[{"id":17893,"href":"https:\/\/dev.antudigital.cl\/sites\/vc\/wp-json\/wp\/v2\/posts\/17889\/revisions\/17893"}],"wp:featuredmedia":[{"embeddable":true,"href":"https:\/\/dev.antudigital.cl\/sites\/vc\/wp-json\/wp\/v2\/media\/17890"}],"wp:attachment":[{"href":"https:\/\/dev.antudigital.cl\/sites\/vc\/wp-json\/wp\/v2\/media?parent=17889"}],"wp:term":[{"taxonomy":"category","embeddable":true,"href":"https:\/\/dev.antudigital.cl\/sites\/vc\/wp-json\/wp\/v2\/categories?post=17889"},{"taxonomy":"post_tag","embeddable":true,"href":"https:\/\/dev.antudigital.cl\/sites\/vc\/wp-json\/wp\/v2\/tags?post=17889"}],"curies":[{"name":"wp","href":"https:\/\/api.w.org\/{rel}","templated":true}]}}