{"id":17895,"date":"2023-12-04T21:35:35","date_gmt":"2023-12-04T21:35:35","guid":{"rendered":"https:\/\/www.valparaisocreativo.cl\/?p=17895"},"modified":"2023-12-04T21:35:42","modified_gmt":"2023-12-04T21:35:42","slug":"centex-exhibira-documental-victor-jara-2547-junto-a-su-protagonista-hector-herrera","status":"publish","type":"post","link":"https:\/\/dev.antudigital.cl\/sites\/vc\/centex-exhibira-documental-victor-jara-2547-junto-a-su-protagonista-hector-herrera\/","title":{"rendered":"Centex exhibir\u00e1 documental \u201cV\u00edctor Jara 2547\u201d junto a su protagonista H\u00e9ctor Herrera"},"content":{"rendered":"\n<p>A los cuatro d\u00edas del 11 de septiembre de 1973, H\u00e9ctor Herrera fue ordenado a subir a un bus y enviado a la morgue, donde eventualmente reconocer\u00eda los restos de V\u00edctor Jara. \u00c9l, ex funcionario del Registro Civil, fue quien sac\u00f3 sus huellas y dio con el cuerpo del cantautor. \u201cV\u00edctor Jara 2547\u201d retrata los d\u00edas que vivi\u00f3 H\u00e9ctor en un documental que denuncia una cruda verdad.<\/p>\n\n\n\n<p>Esta historia ha trascendido a trav\u00e9s de los a\u00f1os, siendo H\u00e9ctor una pieza fundamental del rescate de la memoria del artista, al punto de ser condecorado este a\u00f1o con el Premio Joan Jara entregado por la Fundaci\u00f3n V\u00edctor Jara. El resultado de una lucha y compa\u00f1\u00eda f\u00e9rrea durante 50 a\u00f1os en los que tanto Joan como H\u00e9ctor batallaron por la memoria. Ambos fueron amigos y compa\u00f1eros de luchas legales hasta recientemente: \u201cSon 50 a\u00f1os de buscar tener justicia, con una energ\u00eda enorme y perseverancia de parte de Joan\u201d, relata Herrera.<\/p>\n\n\n\n<p>Los pormenores de este episodio de la historia de Chile son relatados en el documental \u00abV\u00edctor Jara 2547\u00bb (2013), pieza audiovisual bajo la direcci\u00f3n de Elvira D\u00edaz que transita con H\u00e9ctor en este suceso que cambi\u00f3 para siempre su vida.<\/p>\n\n\n\n<p>El documental se exhibir\u00e1 este martes 5 de diciembre a las 18:00hrs. de manera gratuita en Centex, Centro de Extensi\u00f3n del Ministerio de las Culturas, las Artes y el Patrimonio, ubicado en Sotomayor 233, Valpara\u00edso.<\/p>\n\n\n\n<p>Esta ser\u00e1 una de las \u00faltimas ocasiones en las que el documental se exhibir\u00e1 fuera del Museo de la Memoria y los DDHH, siendo un momento \u00fanico para conversar con H\u00e9ctor y establecer un di\u00e1logo acerca de sus vivencias y el archivo vivo que es \u00e9l, quien estableci\u00f3 que ser\u00eda una de sus \u00faltimas apariciones en p\u00fablico junto al documental.<\/p>\n\n\n\n<p>Una invitaci\u00f3n a revisitar parte clave de nuestra historia cultural y de memoria, necesario en el contexto de los 50 a\u00f1os del golpe militar.<\/p>\n\n\n\n<p><strong>Martes 5 de diciembre | 18:00hrs.<\/strong><\/p>\n\n\n\n<p><strong>Entrada liberada<\/strong><\/p>\n\n\n\n<figure class=\"wp-block-image size-full\"><img decoding=\"async\" src=\"https:\/\/www.valparaisocreativo.cl\/wp-content\/uploads\/2023\/12\/victor.jpg\" alt=\"\" class=\"wp-image-17897\"\/><\/figure>\n","protected":false},"excerpt":{"rendered":"<p>A los cuatro d\u00edas del 11 de septiembre de 1973, H\u00e9ctor Herrera fue ordenado a subir a un bus y enviado a la morgue, donde eventualmente reconocer\u00eda los restos de V\u00edctor Jara. \u00c9l, ex funcionario del Registro Civil, fue quien sac\u00f3 sus huellas y dio con el cuerpo del cantautor. \u201cV\u00edctor Jara 2547\u201d retrata los [&hellip;]<\/p>\n","protected":false},"author":1,"featured_media":17896,"comment_status":"closed","ping_status":"closed","sticky":false,"template":"","format":"standard","meta":{"_acf_changed":false,"footnotes":""},"categories":[1],"tags":[],"class_list":["post-17895","post","type-post","status-publish","format-standard","has-post-thumbnail","hentry","category-uncategorized"],"acf":[],"yoast_head":"<!-- This site is optimized with the Yoast SEO plugin v27.1.1 - https:\/\/yoast.com\/product\/yoast-seo-wordpress\/ -->\n<title>Centex exhibir\u00e1 documental \u201cV\u00edctor Jara 2547\u201d junto a su protagonista H\u00e9ctor Herrera - Valpara\u00ed\u00adso Creativo<\/title>\n<meta name=\"robots\" content=\"index, follow, max-snippet:-1, max-image-preview:large, max-video-preview:-1\" \/>\n<link rel=\"canonical\" href=\"https:\/\/dev.antudigital.cl\/sites\/vc\/centex-exhibira-documental-victor-jara-2547-junto-a-su-protagonista-hector-herrera\/\" \/>\n<meta property=\"og:locale\" content=\"es_ES\" \/>\n<meta property=\"og:type\" content=\"article\" \/>\n<meta property=\"og:title\" content=\"Centex exhibir\u00e1 documental \u201cV\u00edctor Jara 2547\u201d junto a su protagonista H\u00e9ctor Herrera - Valpara\u00ed\u00adso Creativo\" \/>\n<meta property=\"og:description\" content=\"A los cuatro d\u00edas del 11 de septiembre de 1973, H\u00e9ctor Herrera fue ordenado a subir a un bus y enviado a la morgue, donde eventualmente reconocer\u00eda los restos de V\u00edctor Jara. \u00c9l, ex funcionario del Registro Civil, fue quien sac\u00f3 sus huellas y dio con el cuerpo del cantautor. \u201cV\u00edctor Jara 2547\u201d retrata los [&hellip;]\" \/>\n<meta property=\"og:url\" content=\"https:\/\/dev.antudigital.cl\/sites\/vc\/centex-exhibira-documental-victor-jara-2547-junto-a-su-protagonista-hector-herrera\/\" \/>\n<meta property=\"og:site_name\" content=\"Valpara\u00ed\u00adso Creativo\" \/>\n<meta property=\"article:published_time\" content=\"2023-12-04T21:35:35+00:00\" \/>\n<meta property=\"article:modified_time\" content=\"2023-12-04T21:35:42+00:00\" \/>\n<meta property=\"og:image\" content=\"https:\/\/dev.antudigital.cl\/sites\/vc\/wp-content\/uploads\/2023\/12\/VICTOR-JARA.jpeg\" \/>\n\t<meta property=\"og:image:width\" content=\"1200\" \/>\n\t<meta property=\"og:image:height\" content=\"685\" \/>\n\t<meta property=\"og:image:type\" content=\"image\/jpeg\" \/>\n<meta name=\"author\" content=\"Valpara\u00edso Creativo\" \/>\n<meta name=\"twitter:card\" content=\"summary_large_image\" \/>\n<meta name=\"twitter:label1\" content=\"Escrito por\" \/>\n\t<meta name=\"twitter:data1\" content=\"Valpara\u00edso Creativo\" \/>\n\t<meta name=\"twitter:label2\" content=\"Tiempo de lectura\" \/>\n\t<meta name=\"twitter:data2\" content=\"2 minutos\" \/>\n<script type=\"application\/ld+json\" class=\"yoast-schema-graph\">{\"@context\":\"https:\/\/schema.org\",\"@graph\":[{\"@type\":\"Article\",\"@id\":\"https:\/\/dev.antudigital.cl\/sites\/vc\/centex-exhibira-documental-victor-jara-2547-junto-a-su-protagonista-hector-herrera\/#article\",\"isPartOf\":{\"@id\":\"https:\/\/dev.antudigital.cl\/sites\/vc\/centex-exhibira-documental-victor-jara-2547-junto-a-su-protagonista-hector-herrera\/\"},\"author\":{\"name\":\"Valpara\u00edso Creativo\",\"@id\":\"https:\/\/dev.antudigital.cl\/sites\/vc\/#\/schema\/person\/c2b9da8dd545e27166fc5ab232837318\"},\"headline\":\"Centex exhibir\u00e1 documental \u201cV\u00edctor Jara 2547\u201d junto a su protagonista H\u00e9ctor Herrera\",\"datePublished\":\"2023-12-04T21:35:35+00:00\",\"dateModified\":\"2023-12-04T21:35:42+00:00\",\"mainEntityOfPage\":{\"@id\":\"https:\/\/dev.antudigital.cl\/sites\/vc\/centex-exhibira-documental-victor-jara-2547-junto-a-su-protagonista-hector-herrera\/\"},\"wordCount\":357,\"image\":{\"@id\":\"https:\/\/dev.antudigital.cl\/sites\/vc\/centex-exhibira-documental-victor-jara-2547-junto-a-su-protagonista-hector-herrera\/#primaryimage\"},\"thumbnailUrl\":\"https:\/\/dev.antudigital.cl\/sites\/vc\/wp-content\/uploads\/2023\/12\/VICTOR-JARA.jpeg\",\"articleSection\":[\"Uncategorized\"],\"inLanguage\":\"es\"},{\"@type\":\"WebPage\",\"@id\":\"https:\/\/dev.antudigital.cl\/sites\/vc\/centex-exhibira-documental-victor-jara-2547-junto-a-su-protagonista-hector-herrera\/\",\"url\":\"https:\/\/dev.antudigital.cl\/sites\/vc\/centex-exhibira-documental-victor-jara-2547-junto-a-su-protagonista-hector-herrera\/\",\"name\":\"Centex exhibir\u00e1 documental \u201cV\u00edctor Jara 2547\u201d junto a su protagonista H\u00e9ctor Herrera - Valpara\u00ed\u00adso Creativo\",\"isPartOf\":{\"@id\":\"https:\/\/dev.antudigital.cl\/sites\/vc\/#website\"},\"primaryImageOfPage\":{\"@id\":\"https:\/\/dev.antudigital.cl\/sites\/vc\/centex-exhibira-documental-victor-jara-2547-junto-a-su-protagonista-hector-herrera\/#primaryimage\"},\"image\":{\"@id\":\"https:\/\/dev.antudigital.cl\/sites\/vc\/centex-exhibira-documental-victor-jara-2547-junto-a-su-protagonista-hector-herrera\/#primaryimage\"},\"thumbnailUrl\":\"https:\/\/dev.antudigital.cl\/sites\/vc\/wp-content\/uploads\/2023\/12\/VICTOR-JARA.jpeg\",\"datePublished\":\"2023-12-04T21:35:35+00:00\",\"dateModified\":\"2023-12-04T21:35:42+00:00\",\"author\":{\"@id\":\"https:\/\/dev.antudigital.cl\/sites\/vc\/#\/schema\/person\/c2b9da8dd545e27166fc5ab232837318\"},\"breadcrumb\":{\"@id\":\"https:\/\/dev.antudigital.cl\/sites\/vc\/centex-exhibira-documental-victor-jara-2547-junto-a-su-protagonista-hector-herrera\/#breadcrumb\"},\"inLanguage\":\"es\",\"potentialAction\":[{\"@type\":\"ReadAction\",\"target\":[\"https:\/\/dev.antudigital.cl\/sites\/vc\/centex-exhibira-documental-victor-jara-2547-junto-a-su-protagonista-hector-herrera\/\"]}]},{\"@type\":\"ImageObject\",\"inLanguage\":\"es\",\"@id\":\"https:\/\/dev.antudigital.cl\/sites\/vc\/centex-exhibira-documental-victor-jara-2547-junto-a-su-protagonista-hector-herrera\/#primaryimage\",\"url\":\"https:\/\/dev.antudigital.cl\/sites\/vc\/wp-content\/uploads\/2023\/12\/VICTOR-JARA.jpeg\",\"contentUrl\":\"https:\/\/dev.antudigital.cl\/sites\/vc\/wp-content\/uploads\/2023\/12\/VICTOR-JARA.jpeg\",\"width\":1200,\"height\":685},{\"@type\":\"BreadcrumbList\",\"@id\":\"https:\/\/dev.antudigital.cl\/sites\/vc\/centex-exhibira-documental-victor-jara-2547-junto-a-su-protagonista-hector-herrera\/#breadcrumb\",\"itemListElement\":[{\"@type\":\"ListItem\",\"position\":1,\"name\":\"Home\",\"item\":\"https:\/\/dev.antudigital.cl\/sites\/vc\/\"},{\"@type\":\"ListItem\",\"position\":2,\"name\":\"Centex exhibir\u00e1 documental \u201cV\u00edctor Jara 2547\u201d junto a su protagonista H\u00e9ctor Herrera\"}]},{\"@type\":\"WebSite\",\"@id\":\"https:\/\/dev.antudigital.cl\/sites\/vc\/#website\",\"url\":\"https:\/\/dev.antudigital.cl\/sites\/vc\/\",\"name\":\"Valpara\u00ed\u00adso Creativo\",\"description\":\"\",\"potentialAction\":[{\"@type\":\"SearchAction\",\"target\":{\"@type\":\"EntryPoint\",\"urlTemplate\":\"https:\/\/dev.antudigital.cl\/sites\/vc\/?s={search_term_string}\"},\"query-input\":{\"@type\":\"PropertyValueSpecification\",\"valueRequired\":true,\"valueName\":\"search_term_string\"}}],\"inLanguage\":\"es\"},{\"@type\":\"Person\",\"@id\":\"https:\/\/dev.antudigital.cl\/sites\/vc\/#\/schema\/person\/c2b9da8dd545e27166fc5ab232837318\",\"name\":\"Valpara\u00edso Creativo\",\"description\":\"Periodista de cultura en la Regi\u00f3n de Valpara\u00edso.\",\"url\":\"https:\/\/dev.antudigital.cl\/sites\/vc\/author\/valpoadmin\/\"}]}<\/script>\n<!-- \/ Yoast SEO plugin. -->","yoast_head_json":{"title":"Centex exhibir\u00e1 documental \u201cV\u00edctor Jara 2547\u201d junto a su protagonista H\u00e9ctor Herrera - Valpara\u00ed\u00adso Creativo","robots":{"index":"index","follow":"follow","max-snippet":"max-snippet:-1","max-image-preview":"max-image-preview:large","max-video-preview":"max-video-preview:-1"},"canonical":"https:\/\/dev.antudigital.cl\/sites\/vc\/centex-exhibira-documental-victor-jara-2547-junto-a-su-protagonista-hector-herrera\/","og_locale":"es_ES","og_type":"article","og_title":"Centex exhibir\u00e1 documental \u201cV\u00edctor Jara 2547\u201d junto a su protagonista H\u00e9ctor Herrera - Valpara\u00ed\u00adso Creativo","og_description":"A los cuatro d\u00edas del 11 de septiembre de 1973, H\u00e9ctor Herrera fue ordenado a subir a un bus y enviado a la morgue, donde eventualmente reconocer\u00eda los restos de V\u00edctor Jara. \u00c9l, ex funcionario del Registro Civil, fue quien sac\u00f3 sus huellas y dio con el cuerpo del cantautor. \u201cV\u00edctor Jara 2547\u201d retrata los [&hellip;]","og_url":"https:\/\/dev.antudigital.cl\/sites\/vc\/centex-exhibira-documental-victor-jara-2547-junto-a-su-protagonista-hector-herrera\/","og_site_name":"Valpara\u00ed\u00adso Creativo","article_published_time":"2023-12-04T21:35:35+00:00","article_modified_time":"2023-12-04T21:35:42+00:00","og_image":[{"width":1200,"height":685,"url":"https:\/\/dev.antudigital.cl\/sites\/vc\/wp-content\/uploads\/2023\/12\/VICTOR-JARA.jpeg","type":"image\/jpeg"}],"author":"Valpara\u00edso Creativo","twitter_card":"summary_large_image","twitter_misc":{"Escrito por":"Valpara\u00edso Creativo","Tiempo de lectura":"2 minutos"},"schema":{"@context":"https:\/\/schema.org","@graph":[{"@type":"Article","@id":"https:\/\/dev.antudigital.cl\/sites\/vc\/centex-exhibira-documental-victor-jara-2547-junto-a-su-protagonista-hector-herrera\/#article","isPartOf":{"@id":"https:\/\/dev.antudigital.cl\/sites\/vc\/centex-exhibira-documental-victor-jara-2547-junto-a-su-protagonista-hector-herrera\/"},"author":{"name":"Valpara\u00edso Creativo","@id":"https:\/\/dev.antudigital.cl\/sites\/vc\/#\/schema\/person\/c2b9da8dd545e27166fc5ab232837318"},"headline":"Centex exhibir\u00e1 documental \u201cV\u00edctor Jara 2547\u201d junto a su protagonista H\u00e9ctor Herrera","datePublished":"2023-12-04T21:35:35+00:00","dateModified":"2023-12-04T21:35:42+00:00","mainEntityOfPage":{"@id":"https:\/\/dev.antudigital.cl\/sites\/vc\/centex-exhibira-documental-victor-jara-2547-junto-a-su-protagonista-hector-herrera\/"},"wordCount":357,"image":{"@id":"https:\/\/dev.antudigital.cl\/sites\/vc\/centex-exhibira-documental-victor-jara-2547-junto-a-su-protagonista-hector-herrera\/#primaryimage"},"thumbnailUrl":"https:\/\/dev.antudigital.cl\/sites\/vc\/wp-content\/uploads\/2023\/12\/VICTOR-JARA.jpeg","articleSection":["Uncategorized"],"inLanguage":"es"},{"@type":"WebPage","@id":"https:\/\/dev.antudigital.cl\/sites\/vc\/centex-exhibira-documental-victor-jara-2547-junto-a-su-protagonista-hector-herrera\/","url":"https:\/\/dev.antudigital.cl\/sites\/vc\/centex-exhibira-documental-victor-jara-2547-junto-a-su-protagonista-hector-herrera\/","name":"Centex exhibir\u00e1 documental \u201cV\u00edctor Jara 2547\u201d junto a su protagonista H\u00e9ctor Herrera - Valpara\u00ed\u00adso Creativo","isPartOf":{"@id":"https:\/\/dev.antudigital.cl\/sites\/vc\/#website"},"primaryImageOfPage":{"@id":"https:\/\/dev.antudigital.cl\/sites\/vc\/centex-exhibira-documental-victor-jara-2547-junto-a-su-protagonista-hector-herrera\/#primaryimage"},"image":{"@id":"https:\/\/dev.antudigital.cl\/sites\/vc\/centex-exhibira-documental-victor-jara-2547-junto-a-su-protagonista-hector-herrera\/#primaryimage"},"thumbnailUrl":"https:\/\/dev.antudigital.cl\/sites\/vc\/wp-content\/uploads\/2023\/12\/VICTOR-JARA.jpeg","datePublished":"2023-12-04T21:35:35+00:00","dateModified":"2023-12-04T21:35:42+00:00","author":{"@id":"https:\/\/dev.antudigital.cl\/sites\/vc\/#\/schema\/person\/c2b9da8dd545e27166fc5ab232837318"},"breadcrumb":{"@id":"https:\/\/dev.antudigital.cl\/sites\/vc\/centex-exhibira-documental-victor-jara-2547-junto-a-su-protagonista-hector-herrera\/#breadcrumb"},"inLanguage":"es","potentialAction":[{"@type":"ReadAction","target":["https:\/\/dev.antudigital.cl\/sites\/vc\/centex-exhibira-documental-victor-jara-2547-junto-a-su-protagonista-hector-herrera\/"]}]},{"@type":"ImageObject","inLanguage":"es","@id":"https:\/\/dev.antudigital.cl\/sites\/vc\/centex-exhibira-documental-victor-jara-2547-junto-a-su-protagonista-hector-herrera\/#primaryimage","url":"https:\/\/dev.antudigital.cl\/sites\/vc\/wp-content\/uploads\/2023\/12\/VICTOR-JARA.jpeg","contentUrl":"https:\/\/dev.antudigital.cl\/sites\/vc\/wp-content\/uploads\/2023\/12\/VICTOR-JARA.jpeg","width":1200,"height":685},{"@type":"BreadcrumbList","@id":"https:\/\/dev.antudigital.cl\/sites\/vc\/centex-exhibira-documental-victor-jara-2547-junto-a-su-protagonista-hector-herrera\/#breadcrumb","itemListElement":[{"@type":"ListItem","position":1,"name":"Home","item":"https:\/\/dev.antudigital.cl\/sites\/vc\/"},{"@type":"ListItem","position":2,"name":"Centex exhibir\u00e1 documental \u201cV\u00edctor Jara 2547\u201d junto a su protagonista H\u00e9ctor Herrera"}]},{"@type":"WebSite","@id":"https:\/\/dev.antudigital.cl\/sites\/vc\/#website","url":"https:\/\/dev.antudigital.cl\/sites\/vc\/","name":"Valpara\u00ed\u00adso Creativo","description":"","potentialAction":[{"@type":"SearchAction","target":{"@type":"EntryPoint","urlTemplate":"https:\/\/dev.antudigital.cl\/sites\/vc\/?s={search_term_string}"},"query-input":{"@type":"PropertyValueSpecification","valueRequired":true,"valueName":"search_term_string"}}],"inLanguage":"es"},{"@type":"Person","@id":"https:\/\/dev.antudigital.cl\/sites\/vc\/#\/schema\/person\/c2b9da8dd545e27166fc5ab232837318","name":"Valpara\u00edso Creativo","description":"Periodista de cultura en la Regi\u00f3n de Valpara\u00edso.","url":"https:\/\/dev.antudigital.cl\/sites\/vc\/author\/valpoadmin\/"}]}},"_links":{"self":[{"href":"https:\/\/dev.antudigital.cl\/sites\/vc\/wp-json\/wp\/v2\/posts\/17895","targetHints":{"allow":["GET"]}}],"collection":[{"href":"https:\/\/dev.antudigital.cl\/sites\/vc\/wp-json\/wp\/v2\/posts"}],"about":[{"href":"https:\/\/dev.antudigital.cl\/sites\/vc\/wp-json\/wp\/v2\/types\/post"}],"author":[{"embeddable":true,"href":"https:\/\/dev.antudigital.cl\/sites\/vc\/wp-json\/wp\/v2\/users\/1"}],"replies":[{"embeddable":true,"href":"https:\/\/dev.antudigital.cl\/sites\/vc\/wp-json\/wp\/v2\/comments?post=17895"}],"version-history":[{"count":1,"href":"https:\/\/dev.antudigital.cl\/sites\/vc\/wp-json\/wp\/v2\/posts\/17895\/revisions"}],"predecessor-version":[{"id":17898,"href":"https:\/\/dev.antudigital.cl\/sites\/vc\/wp-json\/wp\/v2\/posts\/17895\/revisions\/17898"}],"wp:featuredmedia":[{"embeddable":true,"href":"https:\/\/dev.antudigital.cl\/sites\/vc\/wp-json\/wp\/v2\/media\/17896"}],"wp:attachment":[{"href":"https:\/\/dev.antudigital.cl\/sites\/vc\/wp-json\/wp\/v2\/media?parent=17895"}],"wp:term":[{"taxonomy":"category","embeddable":true,"href":"https:\/\/dev.antudigital.cl\/sites\/vc\/wp-json\/wp\/v2\/categories?post=17895"},{"taxonomy":"post_tag","embeddable":true,"href":"https:\/\/dev.antudigital.cl\/sites\/vc\/wp-json\/wp\/v2\/tags?post=17895"}],"curies":[{"name":"wp","href":"https:\/\/api.w.org\/{rel}","templated":true}]}}