{"id":17899,"date":"2023-12-04T21:46:23","date_gmt":"2023-12-04T21:46:23","guid":{"rendered":"https:\/\/www.valparaisocreativo.cl\/?p=17899"},"modified":"2023-12-04T21:46:31","modified_gmt":"2023-12-04T21:46:31","slug":"de-rodelillo-a-la-loma-ojo-de-pescado-comunidad-promueve-la-participacion-de-las-nineces-portenas-a-traves-del-cine","status":"publish","type":"post","link":"https:\/\/dev.antudigital.cl\/sites\/vc\/de-rodelillo-a-la-loma-ojo-de-pescado-comunidad-promueve-la-participacion-de-las-nineces-portenas-a-traves-del-cine\/","title":{"rendered":"De Rodelillo a La Loma: Ojo de Pescado Comunidad promueve la participaci\u00f3n de las ni\u00f1eces porte\u00f1as a trav\u00e9s del cine"},"content":{"rendered":"\n<p><em>Por medio de talleres y funciones de cine en distintos territorios de Valpara\u00edso, Ojo de Pescado Comunidad \u2014proyecto que cuenta con el financiamiento del Ministerio de las Culturas, las Artes y el Patrimonio a trav\u00e9s de su Programa de Apoyo a Organizaciones Culturales Colaboradoras\u2014, sigue estrechando sus lazos con las comunidades y motivando la participaci\u00f3n y el derecho a la ciudadan\u00eda de ni\u00f1os y ni\u00f1as.<\/em><\/p>\n\n\n\n<p>Promover el cuidado de los animales dentro de su propio barrio, esa fue la tem\u00e1tica que decidieron desarrollar, espont\u00e1neamente, los ni\u00f1os y ni\u00f1as que participaron en el taller de cine que <strong>Ojo de Pescado Comunidad<\/strong> <strong>realiz\u00f3 en la poblaci\u00f3n<\/strong> <strong>La B\u00e1sica en el Cerro Rodelillo<\/strong> de Valpara\u00edso.&nbsp;<\/p>\n\n\n\n<p>Por primera vez, Ojo de Pescado \u2014proyecto que cuenta con el financiamiento del Ministerio de las Culturas, las Artes y el Patrimonio a trav\u00e9s de su Programa de Apoyo a Organizaciones Culturales Colaboradoras\u2014, lleg\u00f3 hasta este territorio para motivar la participaci\u00f3n de las ni\u00f1eces a trav\u00e9s de talleres y funciones de cine.<\/p>\n\n\n\n<p>Una iniciativa que la Corporaci\u00f3n Cultural Ojo de Pescado ha desarrollado desde sus inicios en distintas partes de Chile, pero que, desde este a\u00f1o, se ha potenciado a trav\u00e9s de esta nueva l\u00ednea que, bajo el nombre de <strong>Ojo de Pescado Comunidad<\/strong>, busca estrechar a\u00fan m\u00e1s los lazos con los territorios y reforzar lo que se ven\u00eda realizando.&nbsp;<\/p>\n\n\n\n<p>\u201cDesde un inicio esta instancia en La B\u00e1sica fue pensada como un taller de cine documental donde las y los participantes pudieran contar una historia propia del lugar en el que habitan y con personajes cercanos a ellos\u201d, <strong>explica la realizadora audiovisual y facilitadora del taller Pamela Barrios<\/strong>.<\/p>\n\n\n\n<p>De este modo, en plenas vacaciones de invierno, las ni\u00f1eces del territorio llegaron hasta la <strong>Parroquia El Perpetuo Socorro en poblaci\u00f3n La B\u00e1sica<\/strong> para liberar su creatividad y aprender sobre cine durante seis sesiones. All\u00ed, no tuvieron miedo de levantar la mano, opinar y dejar en claro que el cuidado animal es un tema que los preocupa y motiva.&nbsp;<\/p>\n\n\n\n<p>\u201cEl proceso creativo fue colectivo, todos pudieron aportar sus ideas. Muchos de los ni\u00f1os y ni\u00f1as participantes ten\u00edan gatos y perros, algunos incluso criaban chanchos, gallinas o caballos. Entonces, decidieron abordar esta oposici\u00f3n entre cuidado y abandono animal, enfoc\u00e1ndose en su poblaci\u00f3n\u201d, <strong>agrega la realizadora audiovisual y tallerista Susana Castillo.<\/strong><\/p>\n\n\n\n<figure class=\"wp-block-image size-large\"><img fetchpriority=\"high\" decoding=\"async\" width=\"1024\" height=\"768\" src=\"https:\/\/www.valparaisocreativo.cl\/wp-content\/uploads\/2023\/12\/La-Loma-1-1024x768.jpg\" alt=\"\" class=\"wp-image-17902\" srcset=\"https:\/\/dev.antudigital.cl\/sites\/vc\/wp-content\/uploads\/2023\/12\/La-Loma-1-1024x768.jpg 1024w, https:\/\/dev.antudigital.cl\/sites\/vc\/wp-content\/uploads\/2023\/12\/La-Loma-1-300x225.jpg 300w, https:\/\/dev.antudigital.cl\/sites\/vc\/wp-content\/uploads\/2023\/12\/La-Loma-1-768x576.jpg 768w, https:\/\/dev.antudigital.cl\/sites\/vc\/wp-content\/uploads\/2023\/12\/La-Loma-1-1536x1152.jpg 1536w, https:\/\/dev.antudigital.cl\/sites\/vc\/wp-content\/uploads\/2023\/12\/La-Loma-1-510x382.jpg 510w, https:\/\/dev.antudigital.cl\/sites\/vc\/wp-content\/uploads\/2023\/12\/La-Loma-1-1080x810.jpg 1080w, https:\/\/dev.antudigital.cl\/sites\/vc\/wp-content\/uploads\/2023\/12\/La-Loma-1-1280x960.jpg 1280w, https:\/\/dev.antudigital.cl\/sites\/vc\/wp-content\/uploads\/2023\/12\/La-Loma-1-980x735.jpg 980w, https:\/\/dev.antudigital.cl\/sites\/vc\/wp-content\/uploads\/2023\/12\/La-Loma-1-480x360.jpg 480w, https:\/\/dev.antudigital.cl\/sites\/vc\/wp-content\/uploads\/2023\/12\/La-Loma-1-24x18.jpg 24w, https:\/\/dev.antudigital.cl\/sites\/vc\/wp-content\/uploads\/2023\/12\/La-Loma-1-36x27.jpg 36w, https:\/\/dev.antudigital.cl\/sites\/vc\/wp-content\/uploads\/2023\/12\/La-Loma-1-48x36.jpg 48w, https:\/\/dev.antudigital.cl\/sites\/vc\/wp-content\/uploads\/2023\/12\/La-Loma-1.jpg 1600w\" sizes=\"(max-width: 1024px) 100vw, 1024px\" \/><\/figure>\n\n\n\n<p>Una nueva experiencia que se suma a trav\u00e9s de <strong>una nueva l\u00ednea metodol\u00f3gica<\/strong>, donde el resultado no es lo m\u00e1s importante, sino m\u00e1s bien el camino que los ni\u00f1os y ni\u00f1as recorren para reforzar sus habilidades creativas y de participaci\u00f3n.&nbsp;<\/p>\n\n\n\n<p>Para ello, recortan revistas y diarios reciclados, dibujan personajes, escriben historias, conocen sobre animaci\u00f3n stop motion y aprenden a utilizar c\u00e1maras profesionales. \u201cCada ni\u00f1o y ni\u00f1a decide qu\u00e9 quiere hacer y los roles van rotando para que todos puedan vivir las diferentes experiencias. Para crear el guion, hicimos el ejercicio de dibujar un personaje y un lugar, con el objetivo de identificar elementos en com\u00fan\u201d, agrega Pamela.&nbsp;<\/p>\n\n\n\n<p>As\u00ed naci\u00f3 el cortometraje <strong>\u201cEl cuidado animal de mi barrio\u201d,<\/strong> una obra que fusiona animaci\u00f3n stop motion y cine documental, mientras sigue los pasos de un ni\u00f1o que recorre la Poblaci\u00f3n La B\u00e1sica en b\u00fasqueda de perros y gatos, al tiempo que conversa y entrevista a vecinos y expertos en la tem\u00e1tica.<\/p>\n\n\n\n<p>\u201cLos ni\u00f1os tuvieron mucho entusiasmo por aprender y participar en cada din\u00e1mica. Afrontaron el miedo y sacaron a flote su personalidad. Se not\u00f3 que todo el tiempo quisieron hacer las cosas bien y mostrar la mejor versi\u00f3n de ellos como creadores\u201d, explica Susana Castillo.&nbsp;<\/p>\n\n\n\n<p>Luego de aprendizajes y juegos, el cortometraje fue estrenado junto a la comunidad de Poblaci\u00f3n La B\u00e1sica, en una actividad comunitaria, a la que llegaron los ni\u00f1os y ni\u00f1as acompa\u00f1ados de sus amigos, vecinos y familias.<\/p>\n\n\n\n<p>Durante esta funci\u00f3n, los participantes pudieron apreciar, entre aplausos, risas y v\u00edtores, el resultado de su trabajo y revisar el tras bambalinas a trav\u00e9s de un video making-of, que les permiti\u00f3 apreciar todo el potencial de su gran talento y creatividad.\u00a0<\/p>\n\n\n\n<figure class=\"wp-block-image size-large\"><img decoding=\"async\" width=\"768\" height=\"1024\" src=\"https:\/\/www.valparaisocreativo.cl\/wp-content\/uploads\/2023\/12\/La-Loma-768x1024.jpg\" alt=\"\" class=\"wp-image-17903\" srcset=\"https:\/\/dev.antudigital.cl\/sites\/vc\/wp-content\/uploads\/2023\/12\/La-Loma-768x1024.jpg 768w, https:\/\/dev.antudigital.cl\/sites\/vc\/wp-content\/uploads\/2023\/12\/La-Loma-225x300.jpg 225w, https:\/\/dev.antudigital.cl\/sites\/vc\/wp-content\/uploads\/2023\/12\/La-Loma-1152x1536.jpg 1152w, https:\/\/dev.antudigital.cl\/sites\/vc\/wp-content\/uploads\/2023\/12\/La-Loma-1536x2048.jpg 1536w, https:\/\/dev.antudigital.cl\/sites\/vc\/wp-content\/uploads\/2023\/12\/La-Loma-1080x1440.jpg 1080w, https:\/\/dev.antudigital.cl\/sites\/vc\/wp-content\/uploads\/2023\/12\/La-Loma-1280x1707.jpg 1280w, https:\/\/dev.antudigital.cl\/sites\/vc\/wp-content\/uploads\/2023\/12\/La-Loma-980x1307.jpg 980w, https:\/\/dev.antudigital.cl\/sites\/vc\/wp-content\/uploads\/2023\/12\/La-Loma-480x640.jpg 480w, https:\/\/dev.antudigital.cl\/sites\/vc\/wp-content\/uploads\/2023\/12\/La-Loma-18x24.jpg 18w, https:\/\/dev.antudigital.cl\/sites\/vc\/wp-content\/uploads\/2023\/12\/La-Loma-27x36.jpg 27w, https:\/\/dev.antudigital.cl\/sites\/vc\/wp-content\/uploads\/2023\/12\/La-Loma-36x48.jpg 36w, https:\/\/dev.antudigital.cl\/sites\/vc\/wp-content\/uploads\/2023\/12\/La-Loma-scaled.jpg 1920w\" sizes=\"(max-width: 768px) 100vw, 768px\" \/><\/figure>\n\n\n\n<p><strong>Estrella Roja<\/strong><\/p>\n\n\n\n<p>Hasta otro extremo de Valpara\u00edso, pero con el mismo entusiasmo, llegaron los ni\u00f1os y ni\u00f1as del <strong>Cerro La Loma<\/strong> para participar, por segundo a\u00f1o consecutivo, de un taller de cine documental dirigido por <strong>Ojo de Pescado Comunidad en la Escuela Municipal de Bellas Artes.&nbsp;<\/strong><\/p>\n\n\n\n<p>Si bien la din\u00e1mica fue similar, el resultado vari\u00f3 bastante, dada la diversidad de personalidades y caracter\u00edsticas de las ni\u00f1eces y sus comunidades. Esta pluralidad se tradujo en una experiencia completamente enriquecedora debido a la gran participaci\u00f3n de las infancias, que sin titubear tomaron c\u00e1maras y claquetas para crear sus propias historias.<\/p>\n\n\n\n<p>\u201cFue muy lindo el reencuentro con este territorio, especialmente porque ya hab\u00eda ciertos lazos de confianza entre ellos mismos y tambi\u00e9n con nosotros. Adem\u00e1s, basados en esta nueva metodolog\u00eda, no solo trabajamos en un cortometraje, sino que hicimos variados ejercicios para poder disfrutar el paso a paso\u201d, explica <strong>el tallerista de Ojo de Pescado Comunidad y realizador audiovisual, Arturo Carrillo<\/strong>.<\/p>\n\n\n\n<p>Durante las sesiones, los ni\u00f1os y ni\u00f1as bosquejaron y pintaron personajes: desde sus mascotas, hasta sus hermanos, t\u00edas y abuelos. Tambi\u00e9n aprendieron a animar con la t\u00e9cnica del stop motion, jugaron y crearon din\u00e1micas propias para redescubrir su entorno.&nbsp;<\/p>\n\n\n\n<p>\u201cLo que m\u00e1s me gust\u00f3 fue poder hacer entrevistas, pasamos casa por casa conversando con los vecinos y haci\u00e9ndoles preguntas. Tambi\u00e9n hicimos dibujos, presentamos nuestras ideas mientras nos filmaban, ordenamos las grabaciones y aprendimos a hacer escaletas\u201d, comparte <strong>Augusto Santillana (12),<\/strong> uno de los ni\u00f1os que particip\u00f3 de todas las sesiones del taller.<\/p>\n\n\n\n<p>A medida que avanzaron las jornadas, un grupo de ni\u00f1os y ni\u00f1as propusieron crear un cortometraje documental sobre el club de f\u00fatbol que identifica a su territorio, escuadra que representa la perseverancia y el trabajo en equipo dentro de la comunidad del Cerro La Loma.&nbsp;<\/p>\n\n\n\n<p>\u201cPara potenciar la autonom\u00eda, entregamos diez c\u00e1maras a los ni\u00f1os del taller y con este material \u00edntegramente generado por ellos creamos historias y ejercicios que dieron vida a dos piezas audiovisuales: un cortometraje sobre el club de f\u00fatbol del cerro y un making-off que evidenci\u00f3 todo el proceso de creaci\u00f3n\u201d, <strong>explica la tallerista y realizadora Daniela Sep\u00falveda.<\/strong>&nbsp;<\/p>\n\n\n\n<p>A trav\u00e9s de entrevistas, recorridos por el cerro y escenas filmadas directamente en la cancha durante un partido de f\u00fatbol, surgi\u00f3 <strong>\u201cEstrella roja: el coraz\u00f3n de Cerro La Loma\u201d,<\/strong> un cortometraje de tipo documental que, meses despu\u00e9s y como es tradici\u00f3n, tambi\u00e9n fue estrenado en la Escuela Municipal de Bellas Artes de Valpara\u00edso junto a la animada presencia de vecinos y familiares, quienes observaron emocionados c\u00f3mo las ni\u00f1eces del territorio traspasaron a la pantalla la pasi\u00f3n por la escuadra local.\u00a0<\/p>\n\n\n\n<figure class=\"wp-block-image size-large\"><img decoding=\"async\" width=\"1024\" height=\"768\" src=\"https:\/\/www.valparaisocreativo.cl\/wp-content\/uploads\/2023\/12\/La-Basica-1024x768.jpeg\" alt=\"\" class=\"wp-image-17901\" srcset=\"https:\/\/dev.antudigital.cl\/sites\/vc\/wp-content\/uploads\/2023\/12\/La-Basica-1024x768.jpeg 1024w, https:\/\/dev.antudigital.cl\/sites\/vc\/wp-content\/uploads\/2023\/12\/La-Basica-300x225.jpeg 300w, https:\/\/dev.antudigital.cl\/sites\/vc\/wp-content\/uploads\/2023\/12\/La-Basica-768x576.jpeg 768w, https:\/\/dev.antudigital.cl\/sites\/vc\/wp-content\/uploads\/2023\/12\/La-Basica-1536x1152.jpeg 1536w, https:\/\/dev.antudigital.cl\/sites\/vc\/wp-content\/uploads\/2023\/12\/La-Basica-510x382.jpeg 510w, https:\/\/dev.antudigital.cl\/sites\/vc\/wp-content\/uploads\/2023\/12\/La-Basica-1080x810.jpeg 1080w, https:\/\/dev.antudigital.cl\/sites\/vc\/wp-content\/uploads\/2023\/12\/La-Basica-1280x960.jpeg 1280w, https:\/\/dev.antudigital.cl\/sites\/vc\/wp-content\/uploads\/2023\/12\/La-Basica-980x735.jpeg 980w, https:\/\/dev.antudigital.cl\/sites\/vc\/wp-content\/uploads\/2023\/12\/La-Basica-480x360.jpeg 480w, https:\/\/dev.antudigital.cl\/sites\/vc\/wp-content\/uploads\/2023\/12\/La-Basica-24x18.jpeg 24w, https:\/\/dev.antudigital.cl\/sites\/vc\/wp-content\/uploads\/2023\/12\/La-Basica-36x27.jpeg 36w, https:\/\/dev.antudigital.cl\/sites\/vc\/wp-content\/uploads\/2023\/12\/La-Basica-48x36.jpeg 48w, https:\/\/dev.antudigital.cl\/sites\/vc\/wp-content\/uploads\/2023\/12\/La-Basica.jpeg 1600w\" sizes=\"(max-width: 1024px) 100vw, 1024px\" \/><\/figure>\n\n\n\n<p>Entre sorprendidos y orgullosos de su propio talento, los ni\u00f1os y ni\u00f1as creadores comprobaron c\u00f3mo el trabajo en equipo reforz\u00f3 su confianza y los estimul\u00f3 a expresar sus ideas y opiniones.&nbsp;<\/p>\n\n\n\n<p>\u201cGracias a estos talleres, se cumple el objetivo principal de Ojo de Pescado Comunidad, que es activar la participaci\u00f3n colectiva de ni\u00f1os, ni\u00f1as y sus familias a trav\u00e9s de la creaci\u00f3n audiovisual. As\u00ed, de manera conjunta con su comunidad y territorio, pueden conocer una experiencia art\u00edstica y participar de procesos creativos\u201d, concluye la <strong>productora general de Ojo de Pescado, Carolina \u201cPiru\u201d Fuentes.<\/strong><\/p>\n\n\n\n<p>Cabe mencionar, que Ojo de Pescado Comunidad ha realizado, durante este a\u00f1o, <strong>seis talleres de cine en variados territorios:<\/strong> desde La B\u00e1sica y La Loma, hasta Porvenir Bajo en Playa Ancha, Placilla y el macroterritorio del Cerro Yungay Alto en Valpara\u00edso.&nbsp;<\/p>\n\n\n\n<p>Ya sea a pie de cerro o en un campamento comunitario en la parte alta de la ciudad, el esfuerzo que ni\u00f1os y ni\u00f1as ponen durante el proceso de aprendizaje potencia su autonom\u00eda y, clase a clase, descubren que ellos tambi\u00e9n pueden dar ideas, opinar y expresarse libremente a trav\u00e9s del cine.&nbsp;<\/p>\n\n\n\n<p><em>La Corporaci\u00f3n Cultural Ojo de Pescado forma parte del Programa de Apoyo a Organizaciones Culturales Colaboradoras del Ministerio de las Culturas, las Artes y el Patrimonio, que busca fortalecer y dar continuidad a instituciones y organizaciones culturales de derecho privado y sin fines de lucro. Este programa adem\u00e1s es parte del Sistema de Financiamiento a Organizaciones e Infraestructura Cultural del Ministerio de las Culturas, las Artes y el Patrimonio que integra, articula y coordina de forma transversal los planes, programas y fondos orientados al fomento y apoyo de las organizaciones, de la infraestructura cultural, y de la mediaci\u00f3n art\u00edstica. Todo esto con una vocaci\u00f3n descentralizada, mecanismos participativos, y la promoci\u00f3n de la creaci\u00f3n de redes y asociaciones.<\/em><\/p>\n","protected":false},"excerpt":{"rendered":"<p>Por medio de talleres y funciones de cine en distintos territorios de Valpara\u00edso, Ojo de Pescado Comunidad \u2014proyecto que cuenta con el financiamiento del Ministerio de las Culturas, las Artes y el Patrimonio a trav\u00e9s de su Programa de Apoyo a Organizaciones Culturales Colaboradoras\u2014, sigue estrechando sus lazos con las comunidades y motivando la participaci\u00f3n [&hellip;]<\/p>\n","protected":false},"author":1,"featured_media":17900,"comment_status":"closed","ping_status":"closed","sticky":false,"template":"","format":"standard","meta":{"_acf_changed":false,"footnotes":""},"categories":[1],"tags":[],"class_list":["post-17899","post","type-post","status-publish","format-standard","has-post-thumbnail","hentry","category-uncategorized"],"acf":[],"yoast_head":"<!-- This site is optimized with the Yoast SEO plugin v27.1.1 - https:\/\/yoast.com\/product\/yoast-seo-wordpress\/ -->\n<title>De Rodelillo a La Loma: Ojo de Pescado Comunidad promueve la participaci\u00f3n de las ni\u00f1eces porte\u00f1as a trav\u00e9s del cine - Valpara\u00ed\u00adso Creativo<\/title>\n<meta name=\"robots\" content=\"index, follow, max-snippet:-1, max-image-preview:large, max-video-preview:-1\" \/>\n<link rel=\"canonical\" href=\"https:\/\/dev.antudigital.cl\/sites\/vc\/de-rodelillo-a-la-loma-ojo-de-pescado-comunidad-promueve-la-participacion-de-las-nineces-portenas-a-traves-del-cine\/\" \/>\n<meta property=\"og:locale\" content=\"es_ES\" \/>\n<meta property=\"og:type\" content=\"article\" \/>\n<meta property=\"og:title\" content=\"De Rodelillo a La Loma: Ojo de Pescado Comunidad promueve la participaci\u00f3n de las ni\u00f1eces porte\u00f1as a trav\u00e9s del cine - Valpara\u00ed\u00adso Creativo\" \/>\n<meta property=\"og:description\" content=\"Por medio de talleres y funciones de cine en distintos territorios de Valpara\u00edso, Ojo de Pescado Comunidad \u2014proyecto que cuenta con el financiamiento del Ministerio de las Culturas, las Artes y el Patrimonio a trav\u00e9s de su Programa de Apoyo a Organizaciones Culturales Colaboradoras\u2014, sigue estrechando sus lazos con las comunidades y motivando la participaci\u00f3n [&hellip;]\" \/>\n<meta property=\"og:url\" content=\"https:\/\/dev.antudigital.cl\/sites\/vc\/de-rodelillo-a-la-loma-ojo-de-pescado-comunidad-promueve-la-participacion-de-las-nineces-portenas-a-traves-del-cine\/\" \/>\n<meta property=\"og:site_name\" content=\"Valpara\u00ed\u00adso Creativo\" \/>\n<meta property=\"article:published_time\" content=\"2023-12-04T21:46:23+00:00\" \/>\n<meta property=\"article:modified_time\" content=\"2023-12-04T21:46:31+00:00\" \/>\n<meta property=\"og:image\" content=\"https:\/\/dev.antudigital.cl\/sites\/vc\/wp-content\/uploads\/2023\/12\/La-Basica-1.jpeg\" \/>\n\t<meta property=\"og:image:width\" content=\"1280\" \/>\n\t<meta property=\"og:image:height\" content=\"960\" \/>\n\t<meta property=\"og:image:type\" content=\"image\/jpeg\" \/>\n<meta name=\"author\" content=\"Valpara\u00edso Creativo\" \/>\n<meta name=\"twitter:card\" content=\"summary_large_image\" \/>\n<meta name=\"twitter:label1\" content=\"Escrito por\" \/>\n\t<meta name=\"twitter:data1\" content=\"Valpara\u00edso Creativo\" \/>\n\t<meta name=\"twitter:label2\" content=\"Tiempo de lectura\" \/>\n\t<meta name=\"twitter:data2\" content=\"7 minutos\" \/>\n<script type=\"application\/ld+json\" class=\"yoast-schema-graph\">{\"@context\":\"https:\/\/schema.org\",\"@graph\":[{\"@type\":\"Article\",\"@id\":\"https:\/\/dev.antudigital.cl\/sites\/vc\/de-rodelillo-a-la-loma-ojo-de-pescado-comunidad-promueve-la-participacion-de-las-nineces-portenas-a-traves-del-cine\/#article\",\"isPartOf\":{\"@id\":\"https:\/\/dev.antudigital.cl\/sites\/vc\/de-rodelillo-a-la-loma-ojo-de-pescado-comunidad-promueve-la-participacion-de-las-nineces-portenas-a-traves-del-cine\/\"},\"author\":{\"name\":\"Valpara\u00edso Creativo\",\"@id\":\"https:\/\/dev.antudigital.cl\/sites\/vc\/#\/schema\/person\/c2b9da8dd545e27166fc5ab232837318\"},\"headline\":\"De Rodelillo a La Loma: Ojo de Pescado Comunidad promueve la participaci\u00f3n de las ni\u00f1eces porte\u00f1as a trav\u00e9s del cine\",\"datePublished\":\"2023-12-04T21:46:23+00:00\",\"dateModified\":\"2023-12-04T21:46:31+00:00\",\"mainEntityOfPage\":{\"@id\":\"https:\/\/dev.antudigital.cl\/sites\/vc\/de-rodelillo-a-la-loma-ojo-de-pescado-comunidad-promueve-la-participacion-de-las-nineces-portenas-a-traves-del-cine\/\"},\"wordCount\":1560,\"image\":{\"@id\":\"https:\/\/dev.antudigital.cl\/sites\/vc\/de-rodelillo-a-la-loma-ojo-de-pescado-comunidad-promueve-la-participacion-de-las-nineces-portenas-a-traves-del-cine\/#primaryimage\"},\"thumbnailUrl\":\"https:\/\/dev.antudigital.cl\/sites\/vc\/wp-content\/uploads\/2023\/12\/La-Basica-1.jpeg\",\"articleSection\":[\"Uncategorized\"],\"inLanguage\":\"es\"},{\"@type\":\"WebPage\",\"@id\":\"https:\/\/dev.antudigital.cl\/sites\/vc\/de-rodelillo-a-la-loma-ojo-de-pescado-comunidad-promueve-la-participacion-de-las-nineces-portenas-a-traves-del-cine\/\",\"url\":\"https:\/\/dev.antudigital.cl\/sites\/vc\/de-rodelillo-a-la-loma-ojo-de-pescado-comunidad-promueve-la-participacion-de-las-nineces-portenas-a-traves-del-cine\/\",\"name\":\"De Rodelillo a La Loma: Ojo de Pescado Comunidad promueve la participaci\u00f3n de las ni\u00f1eces porte\u00f1as a trav\u00e9s del cine - Valpara\u00ed\u00adso Creativo\",\"isPartOf\":{\"@id\":\"https:\/\/dev.antudigital.cl\/sites\/vc\/#website\"},\"primaryImageOfPage\":{\"@id\":\"https:\/\/dev.antudigital.cl\/sites\/vc\/de-rodelillo-a-la-loma-ojo-de-pescado-comunidad-promueve-la-participacion-de-las-nineces-portenas-a-traves-del-cine\/#primaryimage\"},\"image\":{\"@id\":\"https:\/\/dev.antudigital.cl\/sites\/vc\/de-rodelillo-a-la-loma-ojo-de-pescado-comunidad-promueve-la-participacion-de-las-nineces-portenas-a-traves-del-cine\/#primaryimage\"},\"thumbnailUrl\":\"https:\/\/dev.antudigital.cl\/sites\/vc\/wp-content\/uploads\/2023\/12\/La-Basica-1.jpeg\",\"datePublished\":\"2023-12-04T21:46:23+00:00\",\"dateModified\":\"2023-12-04T21:46:31+00:00\",\"author\":{\"@id\":\"https:\/\/dev.antudigital.cl\/sites\/vc\/#\/schema\/person\/c2b9da8dd545e27166fc5ab232837318\"},\"breadcrumb\":{\"@id\":\"https:\/\/dev.antudigital.cl\/sites\/vc\/de-rodelillo-a-la-loma-ojo-de-pescado-comunidad-promueve-la-participacion-de-las-nineces-portenas-a-traves-del-cine\/#breadcrumb\"},\"inLanguage\":\"es\",\"potentialAction\":[{\"@type\":\"ReadAction\",\"target\":[\"https:\/\/dev.antudigital.cl\/sites\/vc\/de-rodelillo-a-la-loma-ojo-de-pescado-comunidad-promueve-la-participacion-de-las-nineces-portenas-a-traves-del-cine\/\"]}]},{\"@type\":\"ImageObject\",\"inLanguage\":\"es\",\"@id\":\"https:\/\/dev.antudigital.cl\/sites\/vc\/de-rodelillo-a-la-loma-ojo-de-pescado-comunidad-promueve-la-participacion-de-las-nineces-portenas-a-traves-del-cine\/#primaryimage\",\"url\":\"https:\/\/dev.antudigital.cl\/sites\/vc\/wp-content\/uploads\/2023\/12\/La-Basica-1.jpeg\",\"contentUrl\":\"https:\/\/dev.antudigital.cl\/sites\/vc\/wp-content\/uploads\/2023\/12\/La-Basica-1.jpeg\",\"width\":1280,\"height\":960},{\"@type\":\"BreadcrumbList\",\"@id\":\"https:\/\/dev.antudigital.cl\/sites\/vc\/de-rodelillo-a-la-loma-ojo-de-pescado-comunidad-promueve-la-participacion-de-las-nineces-portenas-a-traves-del-cine\/#breadcrumb\",\"itemListElement\":[{\"@type\":\"ListItem\",\"position\":1,\"name\":\"Home\",\"item\":\"https:\/\/dev.antudigital.cl\/sites\/vc\/\"},{\"@type\":\"ListItem\",\"position\":2,\"name\":\"De Rodelillo a La Loma: Ojo de Pescado Comunidad promueve la participaci\u00f3n de las ni\u00f1eces porte\u00f1as a trav\u00e9s del cine\"}]},{\"@type\":\"WebSite\",\"@id\":\"https:\/\/dev.antudigital.cl\/sites\/vc\/#website\",\"url\":\"https:\/\/dev.antudigital.cl\/sites\/vc\/\",\"name\":\"Valpara\u00ed\u00adso Creativo\",\"description\":\"\",\"potentialAction\":[{\"@type\":\"SearchAction\",\"target\":{\"@type\":\"EntryPoint\",\"urlTemplate\":\"https:\/\/dev.antudigital.cl\/sites\/vc\/?s={search_term_string}\"},\"query-input\":{\"@type\":\"PropertyValueSpecification\",\"valueRequired\":true,\"valueName\":\"search_term_string\"}}],\"inLanguage\":\"es\"},{\"@type\":\"Person\",\"@id\":\"https:\/\/dev.antudigital.cl\/sites\/vc\/#\/schema\/person\/c2b9da8dd545e27166fc5ab232837318\",\"name\":\"Valpara\u00edso Creativo\",\"description\":\"Periodista de cultura en la Regi\u00f3n de Valpara\u00edso.\",\"url\":\"https:\/\/dev.antudigital.cl\/sites\/vc\/author\/valpoadmin\/\"}]}<\/script>\n<!-- \/ Yoast SEO plugin. -->","yoast_head_json":{"title":"De Rodelillo a La Loma: Ojo de Pescado Comunidad promueve la participaci\u00f3n de las ni\u00f1eces porte\u00f1as a trav\u00e9s del cine - Valpara\u00ed\u00adso Creativo","robots":{"index":"index","follow":"follow","max-snippet":"max-snippet:-1","max-image-preview":"max-image-preview:large","max-video-preview":"max-video-preview:-1"},"canonical":"https:\/\/dev.antudigital.cl\/sites\/vc\/de-rodelillo-a-la-loma-ojo-de-pescado-comunidad-promueve-la-participacion-de-las-nineces-portenas-a-traves-del-cine\/","og_locale":"es_ES","og_type":"article","og_title":"De Rodelillo a La Loma: Ojo de Pescado Comunidad promueve la participaci\u00f3n de las ni\u00f1eces porte\u00f1as a trav\u00e9s del cine - Valpara\u00ed\u00adso Creativo","og_description":"Por medio de talleres y funciones de cine en distintos territorios de Valpara\u00edso, Ojo de Pescado Comunidad \u2014proyecto que cuenta con el financiamiento del Ministerio de las Culturas, las Artes y el Patrimonio a trav\u00e9s de su Programa de Apoyo a Organizaciones Culturales Colaboradoras\u2014, sigue estrechando sus lazos con las comunidades y motivando la participaci\u00f3n [&hellip;]","og_url":"https:\/\/dev.antudigital.cl\/sites\/vc\/de-rodelillo-a-la-loma-ojo-de-pescado-comunidad-promueve-la-participacion-de-las-nineces-portenas-a-traves-del-cine\/","og_site_name":"Valpara\u00ed\u00adso Creativo","article_published_time":"2023-12-04T21:46:23+00:00","article_modified_time":"2023-12-04T21:46:31+00:00","og_image":[{"width":1280,"height":960,"url":"https:\/\/dev.antudigital.cl\/sites\/vc\/wp-content\/uploads\/2023\/12\/La-Basica-1.jpeg","type":"image\/jpeg"}],"author":"Valpara\u00edso Creativo","twitter_card":"summary_large_image","twitter_misc":{"Escrito por":"Valpara\u00edso Creativo","Tiempo de lectura":"7 minutos"},"schema":{"@context":"https:\/\/schema.org","@graph":[{"@type":"Article","@id":"https:\/\/dev.antudigital.cl\/sites\/vc\/de-rodelillo-a-la-loma-ojo-de-pescado-comunidad-promueve-la-participacion-de-las-nineces-portenas-a-traves-del-cine\/#article","isPartOf":{"@id":"https:\/\/dev.antudigital.cl\/sites\/vc\/de-rodelillo-a-la-loma-ojo-de-pescado-comunidad-promueve-la-participacion-de-las-nineces-portenas-a-traves-del-cine\/"},"author":{"name":"Valpara\u00edso Creativo","@id":"https:\/\/dev.antudigital.cl\/sites\/vc\/#\/schema\/person\/c2b9da8dd545e27166fc5ab232837318"},"headline":"De Rodelillo a La Loma: Ojo de Pescado Comunidad promueve la participaci\u00f3n de las ni\u00f1eces porte\u00f1as a trav\u00e9s del cine","datePublished":"2023-12-04T21:46:23+00:00","dateModified":"2023-12-04T21:46:31+00:00","mainEntityOfPage":{"@id":"https:\/\/dev.antudigital.cl\/sites\/vc\/de-rodelillo-a-la-loma-ojo-de-pescado-comunidad-promueve-la-participacion-de-las-nineces-portenas-a-traves-del-cine\/"},"wordCount":1560,"image":{"@id":"https:\/\/dev.antudigital.cl\/sites\/vc\/de-rodelillo-a-la-loma-ojo-de-pescado-comunidad-promueve-la-participacion-de-las-nineces-portenas-a-traves-del-cine\/#primaryimage"},"thumbnailUrl":"https:\/\/dev.antudigital.cl\/sites\/vc\/wp-content\/uploads\/2023\/12\/La-Basica-1.jpeg","articleSection":["Uncategorized"],"inLanguage":"es"},{"@type":"WebPage","@id":"https:\/\/dev.antudigital.cl\/sites\/vc\/de-rodelillo-a-la-loma-ojo-de-pescado-comunidad-promueve-la-participacion-de-las-nineces-portenas-a-traves-del-cine\/","url":"https:\/\/dev.antudigital.cl\/sites\/vc\/de-rodelillo-a-la-loma-ojo-de-pescado-comunidad-promueve-la-participacion-de-las-nineces-portenas-a-traves-del-cine\/","name":"De Rodelillo a La Loma: Ojo de Pescado Comunidad promueve la participaci\u00f3n de las ni\u00f1eces porte\u00f1as a trav\u00e9s del cine - Valpara\u00ed\u00adso Creativo","isPartOf":{"@id":"https:\/\/dev.antudigital.cl\/sites\/vc\/#website"},"primaryImageOfPage":{"@id":"https:\/\/dev.antudigital.cl\/sites\/vc\/de-rodelillo-a-la-loma-ojo-de-pescado-comunidad-promueve-la-participacion-de-las-nineces-portenas-a-traves-del-cine\/#primaryimage"},"image":{"@id":"https:\/\/dev.antudigital.cl\/sites\/vc\/de-rodelillo-a-la-loma-ojo-de-pescado-comunidad-promueve-la-participacion-de-las-nineces-portenas-a-traves-del-cine\/#primaryimage"},"thumbnailUrl":"https:\/\/dev.antudigital.cl\/sites\/vc\/wp-content\/uploads\/2023\/12\/La-Basica-1.jpeg","datePublished":"2023-12-04T21:46:23+00:00","dateModified":"2023-12-04T21:46:31+00:00","author":{"@id":"https:\/\/dev.antudigital.cl\/sites\/vc\/#\/schema\/person\/c2b9da8dd545e27166fc5ab232837318"},"breadcrumb":{"@id":"https:\/\/dev.antudigital.cl\/sites\/vc\/de-rodelillo-a-la-loma-ojo-de-pescado-comunidad-promueve-la-participacion-de-las-nineces-portenas-a-traves-del-cine\/#breadcrumb"},"inLanguage":"es","potentialAction":[{"@type":"ReadAction","target":["https:\/\/dev.antudigital.cl\/sites\/vc\/de-rodelillo-a-la-loma-ojo-de-pescado-comunidad-promueve-la-participacion-de-las-nineces-portenas-a-traves-del-cine\/"]}]},{"@type":"ImageObject","inLanguage":"es","@id":"https:\/\/dev.antudigital.cl\/sites\/vc\/de-rodelillo-a-la-loma-ojo-de-pescado-comunidad-promueve-la-participacion-de-las-nineces-portenas-a-traves-del-cine\/#primaryimage","url":"https:\/\/dev.antudigital.cl\/sites\/vc\/wp-content\/uploads\/2023\/12\/La-Basica-1.jpeg","contentUrl":"https:\/\/dev.antudigital.cl\/sites\/vc\/wp-content\/uploads\/2023\/12\/La-Basica-1.jpeg","width":1280,"height":960},{"@type":"BreadcrumbList","@id":"https:\/\/dev.antudigital.cl\/sites\/vc\/de-rodelillo-a-la-loma-ojo-de-pescado-comunidad-promueve-la-participacion-de-las-nineces-portenas-a-traves-del-cine\/#breadcrumb","itemListElement":[{"@type":"ListItem","position":1,"name":"Home","item":"https:\/\/dev.antudigital.cl\/sites\/vc\/"},{"@type":"ListItem","position":2,"name":"De Rodelillo a La Loma: Ojo de Pescado Comunidad promueve la participaci\u00f3n de las ni\u00f1eces porte\u00f1as a trav\u00e9s del cine"}]},{"@type":"WebSite","@id":"https:\/\/dev.antudigital.cl\/sites\/vc\/#website","url":"https:\/\/dev.antudigital.cl\/sites\/vc\/","name":"Valpara\u00ed\u00adso Creativo","description":"","potentialAction":[{"@type":"SearchAction","target":{"@type":"EntryPoint","urlTemplate":"https:\/\/dev.antudigital.cl\/sites\/vc\/?s={search_term_string}"},"query-input":{"@type":"PropertyValueSpecification","valueRequired":true,"valueName":"search_term_string"}}],"inLanguage":"es"},{"@type":"Person","@id":"https:\/\/dev.antudigital.cl\/sites\/vc\/#\/schema\/person\/c2b9da8dd545e27166fc5ab232837318","name":"Valpara\u00edso Creativo","description":"Periodista de cultura en la Regi\u00f3n de Valpara\u00edso.","url":"https:\/\/dev.antudigital.cl\/sites\/vc\/author\/valpoadmin\/"}]}},"_links":{"self":[{"href":"https:\/\/dev.antudigital.cl\/sites\/vc\/wp-json\/wp\/v2\/posts\/17899","targetHints":{"allow":["GET"]}}],"collection":[{"href":"https:\/\/dev.antudigital.cl\/sites\/vc\/wp-json\/wp\/v2\/posts"}],"about":[{"href":"https:\/\/dev.antudigital.cl\/sites\/vc\/wp-json\/wp\/v2\/types\/post"}],"author":[{"embeddable":true,"href":"https:\/\/dev.antudigital.cl\/sites\/vc\/wp-json\/wp\/v2\/users\/1"}],"replies":[{"embeddable":true,"href":"https:\/\/dev.antudigital.cl\/sites\/vc\/wp-json\/wp\/v2\/comments?post=17899"}],"version-history":[{"count":1,"href":"https:\/\/dev.antudigital.cl\/sites\/vc\/wp-json\/wp\/v2\/posts\/17899\/revisions"}],"predecessor-version":[{"id":17904,"href":"https:\/\/dev.antudigital.cl\/sites\/vc\/wp-json\/wp\/v2\/posts\/17899\/revisions\/17904"}],"wp:featuredmedia":[{"embeddable":true,"href":"https:\/\/dev.antudigital.cl\/sites\/vc\/wp-json\/wp\/v2\/media\/17900"}],"wp:attachment":[{"href":"https:\/\/dev.antudigital.cl\/sites\/vc\/wp-json\/wp\/v2\/media?parent=17899"}],"wp:term":[{"taxonomy":"category","embeddable":true,"href":"https:\/\/dev.antudigital.cl\/sites\/vc\/wp-json\/wp\/v2\/categories?post=17899"},{"taxonomy":"post_tag","embeddable":true,"href":"https:\/\/dev.antudigital.cl\/sites\/vc\/wp-json\/wp\/v2\/tags?post=17899"}],"curies":[{"name":"wp","href":"https:\/\/api.w.org\/{rel}","templated":true}]}}