{"id":17905,"date":"2023-12-04T21:53:38","date_gmt":"2023-12-04T21:53:38","guid":{"rendered":"https:\/\/www.valparaisocreativo.cl\/?p=17905"},"modified":"2023-12-04T21:53:44","modified_gmt":"2023-12-04T21:53:44","slug":"escuela-de-gestion-cultural-impulsa-proyectos-en-la-region","status":"publish","type":"post","link":"https:\/\/dev.antudigital.cl\/sites\/vc\/escuela-de-gestion-cultural-impulsa-proyectos-en-la-region\/","title":{"rendered":"Escuela de Gesti\u00f3n Cultural impulsa proyectos en la regi\u00f3n"},"content":{"rendered":"\n<p>Con un evento presencial en el Parque Cultural de Valpara\u00edso, la Fundaci\u00f3n Nacer Futuro finaliz\u00f3 con \u00e9xito la segunda versi\u00f3n de su Escuela de Gesti\u00f3n Cultural 2023, que destac\u00f3 por su amplia representaci\u00f3n femenina, con un 75% de participantes mujeres, y un enfoque en la inclusi\u00f3n de artistas y gestores culturales de comunas distantes del Gran Valpara\u00edso. Esta edici\u00f3n ha contado con el respaldo del Fondo Nacional de Desarrollo de la Cultura y las Artes 2023 \u00c1mbito regional, del Ministerio de las Culturas, las Artes y el Patrimonio, y 9 municipios asociados.<\/p>\n\n\n\n<p>Nacer Futuro es una organizaci\u00f3n independiente sin fines de lucro dedicada a promover el desarrollo cultural y la integraci\u00f3n digital, que sustenta sus programas y proyectos gracias al apoyo de peque\u00f1os aportes de un comprometido grupo de amigas y amigos, junto con la postulaci\u00f3n permanente a fondos concursables.<\/p>\n\n\n\n<figure class=\"wp-block-image size-large\"><img fetchpriority=\"high\" decoding=\"async\" width=\"1024\" height=\"576\" src=\"https:\/\/www.valparaisocreativo.cl\/wp-content\/uploads\/2023\/12\/5p-1024x576.png\" alt=\"\" class=\"wp-image-17907\" srcset=\"https:\/\/dev.antudigital.cl\/sites\/vc\/wp-content\/uploads\/2023\/12\/5p-1024x576.png 1024w, https:\/\/dev.antudigital.cl\/sites\/vc\/wp-content\/uploads\/2023\/12\/5p-300x169.png 300w, https:\/\/dev.antudigital.cl\/sites\/vc\/wp-content\/uploads\/2023\/12\/5p-768x432.png 768w, https:\/\/dev.antudigital.cl\/sites\/vc\/wp-content\/uploads\/2023\/12\/5p-1536x864.png 1536w, https:\/\/dev.antudigital.cl\/sites\/vc\/wp-content\/uploads\/2023\/12\/5p-2048x1152.png 2048w, https:\/\/dev.antudigital.cl\/sites\/vc\/wp-content\/uploads\/2023\/12\/5p-1080x608.png 1080w, https:\/\/dev.antudigital.cl\/sites\/vc\/wp-content\/uploads\/2023\/12\/5p-1280x720.png 1280w, https:\/\/dev.antudigital.cl\/sites\/vc\/wp-content\/uploads\/2023\/12\/5p-980x551.png 980w, https:\/\/dev.antudigital.cl\/sites\/vc\/wp-content\/uploads\/2023\/12\/5p-480x270.png 480w, https:\/\/dev.antudigital.cl\/sites\/vc\/wp-content\/uploads\/2023\/12\/5p-24x14.png 24w, https:\/\/dev.antudigital.cl\/sites\/vc\/wp-content\/uploads\/2023\/12\/5p-36x20.png 36w, https:\/\/dev.antudigital.cl\/sites\/vc\/wp-content\/uploads\/2023\/12\/5p-48x27.png 48w\" sizes=\"(max-width: 1024px) 100vw, 1024px\" \/><\/figure>\n\n\n\n<p>Esta segunda versi\u00f3n de la Escuela tuvo un alcance significativo: 44 artistas y gestores culturales recibieron su certificado de aprobaci\u00f3n del curso. El 70% de las personas inscritas no hab\u00edan recibido capacitaci\u00f3n en gesti\u00f3n cultural previamente, el 60% de los participantes son de organizaciones sociales o culturales, y el 96% proviene de comunas como San Felipe, Los Andes, Santa Mar\u00eda, Calle Larga, Algarrobo, Cartagena, La Ligua, El Quisco, El Tabo y Quillota.<\/p>\n\n\n\n<figure class=\"wp-block-image size-large\"><img decoding=\"async\" width=\"1024\" height=\"540\" src=\"https:\/\/www.valparaisocreativo.cl\/wp-content\/uploads\/2023\/12\/1p-1024x540.png\" alt=\"\" class=\"wp-image-17906\" srcset=\"https:\/\/dev.antudigital.cl\/sites\/vc\/wp-content\/uploads\/2023\/12\/1p-1024x540.png 1024w, https:\/\/dev.antudigital.cl\/sites\/vc\/wp-content\/uploads\/2023\/12\/1p-300x158.png 300w, https:\/\/dev.antudigital.cl\/sites\/vc\/wp-content\/uploads\/2023\/12\/1p-768x405.png 768w, https:\/\/dev.antudigital.cl\/sites\/vc\/wp-content\/uploads\/2023\/12\/1p-1536x810.png 1536w, https:\/\/dev.antudigital.cl\/sites\/vc\/wp-content\/uploads\/2023\/12\/1p-1080x570.png 1080w, https:\/\/dev.antudigital.cl\/sites\/vc\/wp-content\/uploads\/2023\/12\/1p-1280x675.png 1280w, https:\/\/dev.antudigital.cl\/sites\/vc\/wp-content\/uploads\/2023\/12\/1p-980x517.png 980w, https:\/\/dev.antudigital.cl\/sites\/vc\/wp-content\/uploads\/2023\/12\/1p-480x253.png 480w, https:\/\/dev.antudigital.cl\/sites\/vc\/wp-content\/uploads\/2023\/12\/1p-24x13.png 24w, https:\/\/dev.antudigital.cl\/sites\/vc\/wp-content\/uploads\/2023\/12\/1p-36x19.png 36w, https:\/\/dev.antudigital.cl\/sites\/vc\/wp-content\/uploads\/2023\/12\/1p-48x25.png 48w, https:\/\/dev.antudigital.cl\/sites\/vc\/wp-content\/uploads\/2023\/12\/1p.png 1638w\" sizes=\"(max-width: 1024px) 100vw, 1024px\" \/><\/figure>\n\n\n\n<p>Liderada por la ingeniera y gestora cultural Marcela Bastias, directora ejecutiva de la Fundaci\u00f3n Nacer Futuro y vicepresidenta del directorio del Parque Cultural de Valpara\u00edso, la escuela se ha enfocado en fortalecer iniciativas y proyectos art\u00edstico-culturales y descentralizar la formaci\u00f3n en gesti\u00f3n cultural. \u00abEn este sector, que ha enfrentado dificultades y carencias, pero que tambi\u00e9n tiene oportunidades de crecimiento, buscamos capacitar y acompa\u00f1ar especialmente a quienes est\u00e1n en sus primeros a\u00f1os de trabajo cultural\u00bb, afirma Bast\u00edas, quien adem\u00e1s destaca la importancia de la modalidad online: \u201cNos permite democratizar el acceso al conocimiento y fortalecer las redes culturales en gran parte de la regi\u00f3n\u00bb.<\/p>\n\n\n\n<p>Este 2024 la Escuela de Gesti\u00f3n Cultural se ampliar\u00e1 a otras regiones del pa\u00eds, y seguir\u00e1 asesorando a quienes han participado en las 2 versiones anteriores. Si quieres sumarte a esta iniciativa o recibir m\u00e1s informaci\u00f3n, escribe a <a href=\"mailto:contacto@nacerfuturo.cl\">contacto@nacerfuturo.cl<\/a><\/p>\n","protected":false},"excerpt":{"rendered":"<p>Con un evento presencial en el Parque Cultural de Valpara\u00edso, la Fundaci\u00f3n Nacer Futuro finaliz\u00f3 con \u00e9xito la segunda versi\u00f3n de su Escuela de Gesti\u00f3n Cultural 2023, que destac\u00f3 por su amplia representaci\u00f3n femenina, con un 75% de participantes mujeres, y un enfoque en la inclusi\u00f3n de artistas y gestores culturales de comunas distantes del [&hellip;]<\/p>\n","protected":false},"author":1,"featured_media":17909,"comment_status":"closed","ping_status":"closed","sticky":false,"template":"","format":"standard","meta":{"_acf_changed":false,"footnotes":""},"categories":[1],"tags":[],"class_list":["post-17905","post","type-post","status-publish","format-standard","has-post-thumbnail","hentry","category-uncategorized"],"acf":[],"yoast_head":"<!-- This site is optimized with the Yoast SEO plugin v27.1.1 - https:\/\/yoast.com\/product\/yoast-seo-wordpress\/ -->\n<title>Escuela de Gesti\u00f3n Cultural impulsa proyectos en la regi\u00f3n - Valpara\u00ed\u00adso Creativo<\/title>\n<meta name=\"robots\" content=\"index, follow, max-snippet:-1, max-image-preview:large, max-video-preview:-1\" \/>\n<link rel=\"canonical\" href=\"https:\/\/dev.antudigital.cl\/sites\/vc\/escuela-de-gestion-cultural-impulsa-proyectos-en-la-region\/\" \/>\n<meta property=\"og:locale\" content=\"es_ES\" \/>\n<meta property=\"og:type\" content=\"article\" \/>\n<meta property=\"og:title\" content=\"Escuela de Gesti\u00f3n Cultural impulsa proyectos en la regi\u00f3n - Valpara\u00ed\u00adso Creativo\" \/>\n<meta property=\"og:description\" content=\"Con un evento presencial en el Parque Cultural de Valpara\u00edso, la Fundaci\u00f3n Nacer Futuro finaliz\u00f3 con \u00e9xito la segunda versi\u00f3n de su Escuela de Gesti\u00f3n Cultural 2023, que destac\u00f3 por su amplia representaci\u00f3n femenina, con un 75% de participantes mujeres, y un enfoque en la inclusi\u00f3n de artistas y gestores culturales de comunas distantes del [&hellip;]\" \/>\n<meta property=\"og:url\" content=\"https:\/\/dev.antudigital.cl\/sites\/vc\/escuela-de-gestion-cultural-impulsa-proyectos-en-la-region\/\" \/>\n<meta property=\"og:site_name\" content=\"Valpara\u00ed\u00adso Creativo\" \/>\n<meta property=\"article:published_time\" content=\"2023-12-04T21:53:38+00:00\" \/>\n<meta property=\"article:modified_time\" content=\"2023-12-04T21:53:44+00:00\" \/>\n<meta property=\"og:image\" content=\"https:\/\/dev.antudigital.cl\/sites\/vc\/wp-content\/uploads\/2023\/12\/8p.png\" \/>\n\t<meta property=\"og:image:width\" content=\"1200\" \/>\n\t<meta property=\"og:image:height\" content=\"675\" \/>\n\t<meta property=\"og:image:type\" content=\"image\/png\" \/>\n<meta name=\"author\" content=\"Valpara\u00edso Creativo\" \/>\n<meta name=\"twitter:card\" content=\"summary_large_image\" \/>\n<meta name=\"twitter:label1\" content=\"Escrito por\" \/>\n\t<meta name=\"twitter:data1\" content=\"Valpara\u00edso Creativo\" \/>\n\t<meta name=\"twitter:label2\" content=\"Tiempo de lectura\" \/>\n\t<meta name=\"twitter:data2\" content=\"3 minutos\" \/>\n<script type=\"application\/ld+json\" class=\"yoast-schema-graph\">{\"@context\":\"https:\/\/schema.org\",\"@graph\":[{\"@type\":\"Article\",\"@id\":\"https:\/\/dev.antudigital.cl\/sites\/vc\/escuela-de-gestion-cultural-impulsa-proyectos-en-la-region\/#article\",\"isPartOf\":{\"@id\":\"https:\/\/dev.antudigital.cl\/sites\/vc\/escuela-de-gestion-cultural-impulsa-proyectos-en-la-region\/\"},\"author\":{\"name\":\"Valpara\u00edso Creativo\",\"@id\":\"https:\/\/dev.antudigital.cl\/sites\/vc\/#\/schema\/person\/c2b9da8dd545e27166fc5ab232837318\"},\"headline\":\"Escuela de Gesti\u00f3n Cultural impulsa proyectos en la regi\u00f3n\",\"datePublished\":\"2023-12-04T21:53:38+00:00\",\"dateModified\":\"2023-12-04T21:53:44+00:00\",\"mainEntityOfPage\":{\"@id\":\"https:\/\/dev.antudigital.cl\/sites\/vc\/escuela-de-gestion-cultural-impulsa-proyectos-en-la-region\/\"},\"wordCount\":391,\"image\":{\"@id\":\"https:\/\/dev.antudigital.cl\/sites\/vc\/escuela-de-gestion-cultural-impulsa-proyectos-en-la-region\/#primaryimage\"},\"thumbnailUrl\":\"https:\/\/dev.antudigital.cl\/sites\/vc\/wp-content\/uploads\/2023\/12\/8p.png\",\"articleSection\":[\"Uncategorized\"],\"inLanguage\":\"es\"},{\"@type\":\"WebPage\",\"@id\":\"https:\/\/dev.antudigital.cl\/sites\/vc\/escuela-de-gestion-cultural-impulsa-proyectos-en-la-region\/\",\"url\":\"https:\/\/dev.antudigital.cl\/sites\/vc\/escuela-de-gestion-cultural-impulsa-proyectos-en-la-region\/\",\"name\":\"Escuela de Gesti\u00f3n Cultural impulsa proyectos en la regi\u00f3n - Valpara\u00ed\u00adso Creativo\",\"isPartOf\":{\"@id\":\"https:\/\/dev.antudigital.cl\/sites\/vc\/#website\"},\"primaryImageOfPage\":{\"@id\":\"https:\/\/dev.antudigital.cl\/sites\/vc\/escuela-de-gestion-cultural-impulsa-proyectos-en-la-region\/#primaryimage\"},\"image\":{\"@id\":\"https:\/\/dev.antudigital.cl\/sites\/vc\/escuela-de-gestion-cultural-impulsa-proyectos-en-la-region\/#primaryimage\"},\"thumbnailUrl\":\"https:\/\/dev.antudigital.cl\/sites\/vc\/wp-content\/uploads\/2023\/12\/8p.png\",\"datePublished\":\"2023-12-04T21:53:38+00:00\",\"dateModified\":\"2023-12-04T21:53:44+00:00\",\"author\":{\"@id\":\"https:\/\/dev.antudigital.cl\/sites\/vc\/#\/schema\/person\/c2b9da8dd545e27166fc5ab232837318\"},\"breadcrumb\":{\"@id\":\"https:\/\/dev.antudigital.cl\/sites\/vc\/escuela-de-gestion-cultural-impulsa-proyectos-en-la-region\/#breadcrumb\"},\"inLanguage\":\"es\",\"potentialAction\":[{\"@type\":\"ReadAction\",\"target\":[\"https:\/\/dev.antudigital.cl\/sites\/vc\/escuela-de-gestion-cultural-impulsa-proyectos-en-la-region\/\"]}]},{\"@type\":\"ImageObject\",\"inLanguage\":\"es\",\"@id\":\"https:\/\/dev.antudigital.cl\/sites\/vc\/escuela-de-gestion-cultural-impulsa-proyectos-en-la-region\/#primaryimage\",\"url\":\"https:\/\/dev.antudigital.cl\/sites\/vc\/wp-content\/uploads\/2023\/12\/8p.png\",\"contentUrl\":\"https:\/\/dev.antudigital.cl\/sites\/vc\/wp-content\/uploads\/2023\/12\/8p.png\",\"width\":1200,\"height\":675},{\"@type\":\"BreadcrumbList\",\"@id\":\"https:\/\/dev.antudigital.cl\/sites\/vc\/escuela-de-gestion-cultural-impulsa-proyectos-en-la-region\/#breadcrumb\",\"itemListElement\":[{\"@type\":\"ListItem\",\"position\":1,\"name\":\"Home\",\"item\":\"https:\/\/dev.antudigital.cl\/sites\/vc\/\"},{\"@type\":\"ListItem\",\"position\":2,\"name\":\"Escuela de Gesti\u00f3n Cultural impulsa proyectos en la regi\u00f3n\"}]},{\"@type\":\"WebSite\",\"@id\":\"https:\/\/dev.antudigital.cl\/sites\/vc\/#website\",\"url\":\"https:\/\/dev.antudigital.cl\/sites\/vc\/\",\"name\":\"Valpara\u00ed\u00adso Creativo\",\"description\":\"\",\"potentialAction\":[{\"@type\":\"SearchAction\",\"target\":{\"@type\":\"EntryPoint\",\"urlTemplate\":\"https:\/\/dev.antudigital.cl\/sites\/vc\/?s={search_term_string}\"},\"query-input\":{\"@type\":\"PropertyValueSpecification\",\"valueRequired\":true,\"valueName\":\"search_term_string\"}}],\"inLanguage\":\"es\"},{\"@type\":\"Person\",\"@id\":\"https:\/\/dev.antudigital.cl\/sites\/vc\/#\/schema\/person\/c2b9da8dd545e27166fc5ab232837318\",\"name\":\"Valpara\u00edso Creativo\",\"description\":\"Periodista de cultura en la Regi\u00f3n de Valpara\u00edso.\",\"url\":\"https:\/\/dev.antudigital.cl\/sites\/vc\/author\/valpoadmin\/\"}]}<\/script>\n<!-- \/ Yoast SEO plugin. -->","yoast_head_json":{"title":"Escuela de Gesti\u00f3n Cultural impulsa proyectos en la regi\u00f3n - Valpara\u00ed\u00adso Creativo","robots":{"index":"index","follow":"follow","max-snippet":"max-snippet:-1","max-image-preview":"max-image-preview:large","max-video-preview":"max-video-preview:-1"},"canonical":"https:\/\/dev.antudigital.cl\/sites\/vc\/escuela-de-gestion-cultural-impulsa-proyectos-en-la-region\/","og_locale":"es_ES","og_type":"article","og_title":"Escuela de Gesti\u00f3n Cultural impulsa proyectos en la regi\u00f3n - Valpara\u00ed\u00adso Creativo","og_description":"Con un evento presencial en el Parque Cultural de Valpara\u00edso, la Fundaci\u00f3n Nacer Futuro finaliz\u00f3 con \u00e9xito la segunda versi\u00f3n de su Escuela de Gesti\u00f3n Cultural 2023, que destac\u00f3 por su amplia representaci\u00f3n femenina, con un 75% de participantes mujeres, y un enfoque en la inclusi\u00f3n de artistas y gestores culturales de comunas distantes del [&hellip;]","og_url":"https:\/\/dev.antudigital.cl\/sites\/vc\/escuela-de-gestion-cultural-impulsa-proyectos-en-la-region\/","og_site_name":"Valpara\u00ed\u00adso Creativo","article_published_time":"2023-12-04T21:53:38+00:00","article_modified_time":"2023-12-04T21:53:44+00:00","og_image":[{"width":1200,"height":675,"url":"https:\/\/dev.antudigital.cl\/sites\/vc\/wp-content\/uploads\/2023\/12\/8p.png","type":"image\/png"}],"author":"Valpara\u00edso Creativo","twitter_card":"summary_large_image","twitter_misc":{"Escrito por":"Valpara\u00edso Creativo","Tiempo de lectura":"3 minutos"},"schema":{"@context":"https:\/\/schema.org","@graph":[{"@type":"Article","@id":"https:\/\/dev.antudigital.cl\/sites\/vc\/escuela-de-gestion-cultural-impulsa-proyectos-en-la-region\/#article","isPartOf":{"@id":"https:\/\/dev.antudigital.cl\/sites\/vc\/escuela-de-gestion-cultural-impulsa-proyectos-en-la-region\/"},"author":{"name":"Valpara\u00edso Creativo","@id":"https:\/\/dev.antudigital.cl\/sites\/vc\/#\/schema\/person\/c2b9da8dd545e27166fc5ab232837318"},"headline":"Escuela de Gesti\u00f3n Cultural impulsa proyectos en la regi\u00f3n","datePublished":"2023-12-04T21:53:38+00:00","dateModified":"2023-12-04T21:53:44+00:00","mainEntityOfPage":{"@id":"https:\/\/dev.antudigital.cl\/sites\/vc\/escuela-de-gestion-cultural-impulsa-proyectos-en-la-region\/"},"wordCount":391,"image":{"@id":"https:\/\/dev.antudigital.cl\/sites\/vc\/escuela-de-gestion-cultural-impulsa-proyectos-en-la-region\/#primaryimage"},"thumbnailUrl":"https:\/\/dev.antudigital.cl\/sites\/vc\/wp-content\/uploads\/2023\/12\/8p.png","articleSection":["Uncategorized"],"inLanguage":"es"},{"@type":"WebPage","@id":"https:\/\/dev.antudigital.cl\/sites\/vc\/escuela-de-gestion-cultural-impulsa-proyectos-en-la-region\/","url":"https:\/\/dev.antudigital.cl\/sites\/vc\/escuela-de-gestion-cultural-impulsa-proyectos-en-la-region\/","name":"Escuela de Gesti\u00f3n Cultural impulsa proyectos en la regi\u00f3n - Valpara\u00ed\u00adso Creativo","isPartOf":{"@id":"https:\/\/dev.antudigital.cl\/sites\/vc\/#website"},"primaryImageOfPage":{"@id":"https:\/\/dev.antudigital.cl\/sites\/vc\/escuela-de-gestion-cultural-impulsa-proyectos-en-la-region\/#primaryimage"},"image":{"@id":"https:\/\/dev.antudigital.cl\/sites\/vc\/escuela-de-gestion-cultural-impulsa-proyectos-en-la-region\/#primaryimage"},"thumbnailUrl":"https:\/\/dev.antudigital.cl\/sites\/vc\/wp-content\/uploads\/2023\/12\/8p.png","datePublished":"2023-12-04T21:53:38+00:00","dateModified":"2023-12-04T21:53:44+00:00","author":{"@id":"https:\/\/dev.antudigital.cl\/sites\/vc\/#\/schema\/person\/c2b9da8dd545e27166fc5ab232837318"},"breadcrumb":{"@id":"https:\/\/dev.antudigital.cl\/sites\/vc\/escuela-de-gestion-cultural-impulsa-proyectos-en-la-region\/#breadcrumb"},"inLanguage":"es","potentialAction":[{"@type":"ReadAction","target":["https:\/\/dev.antudigital.cl\/sites\/vc\/escuela-de-gestion-cultural-impulsa-proyectos-en-la-region\/"]}]},{"@type":"ImageObject","inLanguage":"es","@id":"https:\/\/dev.antudigital.cl\/sites\/vc\/escuela-de-gestion-cultural-impulsa-proyectos-en-la-region\/#primaryimage","url":"https:\/\/dev.antudigital.cl\/sites\/vc\/wp-content\/uploads\/2023\/12\/8p.png","contentUrl":"https:\/\/dev.antudigital.cl\/sites\/vc\/wp-content\/uploads\/2023\/12\/8p.png","width":1200,"height":675},{"@type":"BreadcrumbList","@id":"https:\/\/dev.antudigital.cl\/sites\/vc\/escuela-de-gestion-cultural-impulsa-proyectos-en-la-region\/#breadcrumb","itemListElement":[{"@type":"ListItem","position":1,"name":"Home","item":"https:\/\/dev.antudigital.cl\/sites\/vc\/"},{"@type":"ListItem","position":2,"name":"Escuela de Gesti\u00f3n Cultural impulsa proyectos en la regi\u00f3n"}]},{"@type":"WebSite","@id":"https:\/\/dev.antudigital.cl\/sites\/vc\/#website","url":"https:\/\/dev.antudigital.cl\/sites\/vc\/","name":"Valpara\u00ed\u00adso Creativo","description":"","potentialAction":[{"@type":"SearchAction","target":{"@type":"EntryPoint","urlTemplate":"https:\/\/dev.antudigital.cl\/sites\/vc\/?s={search_term_string}"},"query-input":{"@type":"PropertyValueSpecification","valueRequired":true,"valueName":"search_term_string"}}],"inLanguage":"es"},{"@type":"Person","@id":"https:\/\/dev.antudigital.cl\/sites\/vc\/#\/schema\/person\/c2b9da8dd545e27166fc5ab232837318","name":"Valpara\u00edso Creativo","description":"Periodista de cultura en la Regi\u00f3n de Valpara\u00edso.","url":"https:\/\/dev.antudigital.cl\/sites\/vc\/author\/valpoadmin\/"}]}},"_links":{"self":[{"href":"https:\/\/dev.antudigital.cl\/sites\/vc\/wp-json\/wp\/v2\/posts\/17905","targetHints":{"allow":["GET"]}}],"collection":[{"href":"https:\/\/dev.antudigital.cl\/sites\/vc\/wp-json\/wp\/v2\/posts"}],"about":[{"href":"https:\/\/dev.antudigital.cl\/sites\/vc\/wp-json\/wp\/v2\/types\/post"}],"author":[{"embeddable":true,"href":"https:\/\/dev.antudigital.cl\/sites\/vc\/wp-json\/wp\/v2\/users\/1"}],"replies":[{"embeddable":true,"href":"https:\/\/dev.antudigital.cl\/sites\/vc\/wp-json\/wp\/v2\/comments?post=17905"}],"version-history":[{"count":1,"href":"https:\/\/dev.antudigital.cl\/sites\/vc\/wp-json\/wp\/v2\/posts\/17905\/revisions"}],"predecessor-version":[{"id":17910,"href":"https:\/\/dev.antudigital.cl\/sites\/vc\/wp-json\/wp\/v2\/posts\/17905\/revisions\/17910"}],"wp:featuredmedia":[{"embeddable":true,"href":"https:\/\/dev.antudigital.cl\/sites\/vc\/wp-json\/wp\/v2\/media\/17909"}],"wp:attachment":[{"href":"https:\/\/dev.antudigital.cl\/sites\/vc\/wp-json\/wp\/v2\/media?parent=17905"}],"wp:term":[{"taxonomy":"category","embeddable":true,"href":"https:\/\/dev.antudigital.cl\/sites\/vc\/wp-json\/wp\/v2\/categories?post=17905"},{"taxonomy":"post_tag","embeddable":true,"href":"https:\/\/dev.antudigital.cl\/sites\/vc\/wp-json\/wp\/v2\/tags?post=17905"}],"curies":[{"name":"wp","href":"https:\/\/api.w.org\/{rel}","templated":true}]}}