{"id":17911,"date":"2023-12-04T21:58:38","date_gmt":"2023-12-04T21:58:38","guid":{"rendered":"https:\/\/www.valparaisocreativo.cl\/?p=17911"},"modified":"2024-01-15T22:34:09","modified_gmt":"2024-01-15T22:34:09","slug":"ases-falsos-se-va-a-descanso-indefinido-tocando-completo-juventud-americana-y-mostrando-su-pelicula-bremen","status":"publish","type":"post","link":"https:\/\/dev.antudigital.cl\/sites\/vc\/ases-falsos-se-va-a-descanso-indefinido-tocando-completo-juventud-americana-y-mostrando-su-pelicula-bremen\/","title":{"rendered":"Ases Falsos se va a descanso indefinido tocando completo \u201cJuventud Americana\u201d y mostrando su pel\u00edcula \u201cBremen\u201d"},"content":{"rendered":"\n<p><em>A los shows ya confirmados en Santiago y Vapara\u00edso se suma una gira por Chile en enero que adem\u00e1s tendr\u00e1 funci\u00f3n exclusiva de su primera cinta.<\/em><\/p>\n\n\n\n<p>Despu\u00e9s de 12 a\u00f1os de actividad, seis discos de estudio y giras por toda Latinoam\u00e9rica, Ases Falsos se tomar\u00e1 un descanso indefinido.<\/p>\n\n\n\n<p>El \u201chasta luego\u201d con sus fans estar\u00e1 cargado de emoci\u00f3n, con una gira agendada por distintas ciudades de Chile, en un recorrido que comienza el s\u00e1bado 02 de diciembre en el teatro Caupolic\u00e1n, luego el s\u00e1bado 09 en el Teatro Municipal de Valpara\u00edso, y luego en enero con conciertos en Talca, Concepci\u00f3n, Temuco, Valdivia, Antofagasta y La Serena.<\/p>\n\n\n\n<p>\u201cSer\u00e1n sin duda una serie de conciertos muy emocionantes. Es una bonita forma de revisar uno de nuestros trabajos m\u00e1s significativos al mismo tiempo de estar despidi\u00e9ndonos de los escenarios como Ases Falsos. La pel\u00edcula, que adem\u00e1s est\u00e1 compuesta por in\u00e9ditos n\u00fameros musicales de la banda, ser\u00e1 el broche de oro para nuestros fans. Esperamos que disfruten vi\u00e9ndola como nosotros gozamos al realizarla. Sin duda que une nuestras grandes pasiones como conjunto: el amor por el cine y la m\u00fasica\u201d, agrega Sim\u00f3n S\u00e1nchez.<\/p>\n\n\n\n<p>Las entradas para el show de Ases Falsos en Valpara\u00edso est\u00e1n disponibles en&nbsp;<a href=\"http:\/\/passline.com\/\" target=\"_blank\" rel=\"noreferrer noopener\">Passline.com<\/a><\/p>\n\n\n\n<p><strong>ASES FALSOS \u2013 PRESENTANDO SU DISCO \u201cJUVENTUD AMERICANA\u201d<\/strong><\/p>\n\n\n\n<p>Jueves 18 de enero 20:00 hrs.\u00a0<\/p>\n\n\n\n<p>Teatro Municipal, Valpara\u00edso<\/p>\n\n\n\n<p><a href=\"https:\/\/www.passline.com\/eventos-plano\/ases-falsos-valparaiso\">https:\/\/www.passline.com\/eventos-plano\/ases-falsos-valparaiso<\/a><\/p>\n\n\n\n<h2 class=\"wp-block-heading\"><strong>ASES FALSOS en Valpara\u00edso.<br>*Obt\u00e9n un 20% descuento ingresando el c\u00f3digo VALPARAISOCREATIVO<\/strong><\/h2>\n\n\n\n<figure class=\"wp-block-image size-large\"><img fetchpriority=\"high\" decoding=\"async\" width=\"1024\" height=\"1024\" src=\"https:\/\/www.valparaisocreativo.cl\/wp-content\/uploads\/2023\/12\/descuento-VALPARAISOCREATIVO-1024x1024.png\" alt=\"\" class=\"wp-image-17912\" srcset=\"https:\/\/dev.antudigital.cl\/sites\/vc\/wp-content\/uploads\/2023\/12\/descuento-VALPARAISOCREATIVO-1024x1024.png 1024w, https:\/\/dev.antudigital.cl\/sites\/vc\/wp-content\/uploads\/2023\/12\/descuento-VALPARAISOCREATIVO-300x300.png 300w, https:\/\/dev.antudigital.cl\/sites\/vc\/wp-content\/uploads\/2023\/12\/descuento-VALPARAISOCREATIVO-150x150.png 150w, https:\/\/dev.antudigital.cl\/sites\/vc\/wp-content\/uploads\/2023\/12\/descuento-VALPARAISOCREATIVO-768x768.png 768w, https:\/\/dev.antudigital.cl\/sites\/vc\/wp-content\/uploads\/2023\/12\/descuento-VALPARAISOCREATIVO-980x980.png 980w, https:\/\/dev.antudigital.cl\/sites\/vc\/wp-content\/uploads\/2023\/12\/descuento-VALPARAISOCREATIVO-480x480.png 480w, https:\/\/dev.antudigital.cl\/sites\/vc\/wp-content\/uploads\/2023\/12\/descuento-VALPARAISOCREATIVO-24x24.png 24w, https:\/\/dev.antudigital.cl\/sites\/vc\/wp-content\/uploads\/2023\/12\/descuento-VALPARAISOCREATIVO-36x36.png 36w, https:\/\/dev.antudigital.cl\/sites\/vc\/wp-content\/uploads\/2023\/12\/descuento-VALPARAISOCREATIVO-48x48.png 48w, https:\/\/dev.antudigital.cl\/sites\/vc\/wp-content\/uploads\/2023\/12\/descuento-VALPARAISOCREATIVO.png 1080w\" sizes=\"(max-width: 1024px) 100vw, 1024px\" \/><\/figure>\n","protected":false},"excerpt":{"rendered":"<p>A los shows ya confirmados en Santiago y Vapara\u00edso se suma una gira por Chile en enero que adem\u00e1s tendr\u00e1 funci\u00f3n exclusiva de su primera cinta. Despu\u00e9s de 12 a\u00f1os de actividad, seis discos de estudio y giras por toda Latinoam\u00e9rica, Ases Falsos se tomar\u00e1 un descanso indefinido. El \u201chasta luego\u201d con sus fans estar\u00e1 [&hellip;]<\/p>\n","protected":false},"author":1,"featured_media":17913,"comment_status":"closed","ping_status":"closed","sticky":false,"template":"","format":"standard","meta":{"_acf_changed":false,"footnotes":""},"categories":[1],"tags":[],"class_list":["post-17911","post","type-post","status-publish","format-standard","has-post-thumbnail","hentry","category-uncategorized"],"acf":[],"yoast_head":"<!-- This site is optimized with the Yoast SEO plugin v27.1.1 - https:\/\/yoast.com\/product\/yoast-seo-wordpress\/ -->\n<title>Ases Falsos se va a descanso indefinido tocando completo \u201cJuventud Americana\u201d y mostrando su pel\u00edcula \u201cBremen\u201d - Valpara\u00ed\u00adso Creativo<\/title>\n<meta name=\"robots\" content=\"index, follow, max-snippet:-1, max-image-preview:large, max-video-preview:-1\" \/>\n<link rel=\"canonical\" href=\"https:\/\/dev.antudigital.cl\/sites\/vc\/ases-falsos-se-va-a-descanso-indefinido-tocando-completo-juventud-americana-y-mostrando-su-pelicula-bremen\/\" \/>\n<meta property=\"og:locale\" content=\"es_ES\" \/>\n<meta property=\"og:type\" content=\"article\" \/>\n<meta property=\"og:title\" content=\"Ases Falsos se va a descanso indefinido tocando completo \u201cJuventud Americana\u201d y mostrando su pel\u00edcula \u201cBremen\u201d - Valpara\u00ed\u00adso Creativo\" \/>\n<meta property=\"og:description\" content=\"A los shows ya confirmados en Santiago y Vapara\u00edso se suma una gira por Chile en enero que adem\u00e1s tendr\u00e1 funci\u00f3n exclusiva de su primera cinta. Despu\u00e9s de 12 a\u00f1os de actividad, seis discos de estudio y giras por toda Latinoam\u00e9rica, Ases Falsos se tomar\u00e1 un descanso indefinido. El \u201chasta luego\u201d con sus fans estar\u00e1 [&hellip;]\" \/>\n<meta property=\"og:url\" content=\"https:\/\/dev.antudigital.cl\/sites\/vc\/ases-falsos-se-va-a-descanso-indefinido-tocando-completo-juventud-americana-y-mostrando-su-pelicula-bremen\/\" \/>\n<meta property=\"og:site_name\" content=\"Valpara\u00ed\u00adso Creativo\" \/>\n<meta property=\"article:published_time\" content=\"2023-12-04T21:58:38+00:00\" \/>\n<meta property=\"article:modified_time\" content=\"2024-01-15T22:34:09+00:00\" \/>\n<meta property=\"og:image\" content=\"https:\/\/dev.antudigital.cl\/sites\/vc\/wp-content\/uploads\/2023\/12\/ases-falsos.jpeg\" \/>\n\t<meta property=\"og:image:width\" content=\"1200\" \/>\n\t<meta property=\"og:image:height\" content=\"800\" \/>\n\t<meta property=\"og:image:type\" content=\"image\/jpeg\" \/>\n<meta name=\"author\" content=\"Valpara\u00edso Creativo\" \/>\n<meta name=\"twitter:card\" content=\"summary_large_image\" \/>\n<meta name=\"twitter:label1\" content=\"Escrito por\" \/>\n\t<meta name=\"twitter:data1\" content=\"Valpara\u00edso Creativo\" \/>\n\t<meta name=\"twitter:label2\" content=\"Tiempo de lectura\" \/>\n\t<meta name=\"twitter:data2\" content=\"2 minutos\" \/>\n<script type=\"application\/ld+json\" class=\"yoast-schema-graph\">{\"@context\":\"https:\/\/schema.org\",\"@graph\":[{\"@type\":\"Article\",\"@id\":\"https:\/\/dev.antudigital.cl\/sites\/vc\/ases-falsos-se-va-a-descanso-indefinido-tocando-completo-juventud-americana-y-mostrando-su-pelicula-bremen\/#article\",\"isPartOf\":{\"@id\":\"https:\/\/dev.antudigital.cl\/sites\/vc\/ases-falsos-se-va-a-descanso-indefinido-tocando-completo-juventud-americana-y-mostrando-su-pelicula-bremen\/\"},\"author\":{\"name\":\"Valpara\u00edso Creativo\",\"@id\":\"https:\/\/dev.antudigital.cl\/sites\/vc\/#\/schema\/person\/c2b9da8dd545e27166fc5ab232837318\"},\"headline\":\"Ases Falsos se va a descanso indefinido tocando completo \u201cJuventud Americana\u201d y mostrando su pel\u00edcula \u201cBremen\u201d\",\"datePublished\":\"2023-12-04T21:58:38+00:00\",\"dateModified\":\"2024-01-15T22:34:09+00:00\",\"mainEntityOfPage\":{\"@id\":\"https:\/\/dev.antudigital.cl\/sites\/vc\/ases-falsos-se-va-a-descanso-indefinido-tocando-completo-juventud-americana-y-mostrando-su-pelicula-bremen\/\"},\"wordCount\":279,\"image\":{\"@id\":\"https:\/\/dev.antudigital.cl\/sites\/vc\/ases-falsos-se-va-a-descanso-indefinido-tocando-completo-juventud-americana-y-mostrando-su-pelicula-bremen\/#primaryimage\"},\"thumbnailUrl\":\"https:\/\/dev.antudigital.cl\/sites\/vc\/wp-content\/uploads\/2023\/12\/ases-falsos.jpeg\",\"articleSection\":[\"Uncategorized\"],\"inLanguage\":\"es\"},{\"@type\":\"WebPage\",\"@id\":\"https:\/\/dev.antudigital.cl\/sites\/vc\/ases-falsos-se-va-a-descanso-indefinido-tocando-completo-juventud-americana-y-mostrando-su-pelicula-bremen\/\",\"url\":\"https:\/\/dev.antudigital.cl\/sites\/vc\/ases-falsos-se-va-a-descanso-indefinido-tocando-completo-juventud-americana-y-mostrando-su-pelicula-bremen\/\",\"name\":\"Ases Falsos se va a descanso indefinido tocando completo \u201cJuventud Americana\u201d y mostrando su pel\u00edcula \u201cBremen\u201d - Valpara\u00ed\u00adso Creativo\",\"isPartOf\":{\"@id\":\"https:\/\/dev.antudigital.cl\/sites\/vc\/#website\"},\"primaryImageOfPage\":{\"@id\":\"https:\/\/dev.antudigital.cl\/sites\/vc\/ases-falsos-se-va-a-descanso-indefinido-tocando-completo-juventud-americana-y-mostrando-su-pelicula-bremen\/#primaryimage\"},\"image\":{\"@id\":\"https:\/\/dev.antudigital.cl\/sites\/vc\/ases-falsos-se-va-a-descanso-indefinido-tocando-completo-juventud-americana-y-mostrando-su-pelicula-bremen\/#primaryimage\"},\"thumbnailUrl\":\"https:\/\/dev.antudigital.cl\/sites\/vc\/wp-content\/uploads\/2023\/12\/ases-falsos.jpeg\",\"datePublished\":\"2023-12-04T21:58:38+00:00\",\"dateModified\":\"2024-01-15T22:34:09+00:00\",\"author\":{\"@id\":\"https:\/\/dev.antudigital.cl\/sites\/vc\/#\/schema\/person\/c2b9da8dd545e27166fc5ab232837318\"},\"breadcrumb\":{\"@id\":\"https:\/\/dev.antudigital.cl\/sites\/vc\/ases-falsos-se-va-a-descanso-indefinido-tocando-completo-juventud-americana-y-mostrando-su-pelicula-bremen\/#breadcrumb\"},\"inLanguage\":\"es\",\"potentialAction\":[{\"@type\":\"ReadAction\",\"target\":[\"https:\/\/dev.antudigital.cl\/sites\/vc\/ases-falsos-se-va-a-descanso-indefinido-tocando-completo-juventud-americana-y-mostrando-su-pelicula-bremen\/\"]}]},{\"@type\":\"ImageObject\",\"inLanguage\":\"es\",\"@id\":\"https:\/\/dev.antudigital.cl\/sites\/vc\/ases-falsos-se-va-a-descanso-indefinido-tocando-completo-juventud-americana-y-mostrando-su-pelicula-bremen\/#primaryimage\",\"url\":\"https:\/\/dev.antudigital.cl\/sites\/vc\/wp-content\/uploads\/2023\/12\/ases-falsos.jpeg\",\"contentUrl\":\"https:\/\/dev.antudigital.cl\/sites\/vc\/wp-content\/uploads\/2023\/12\/ases-falsos.jpeg\",\"width\":1200,\"height\":800},{\"@type\":\"BreadcrumbList\",\"@id\":\"https:\/\/dev.antudigital.cl\/sites\/vc\/ases-falsos-se-va-a-descanso-indefinido-tocando-completo-juventud-americana-y-mostrando-su-pelicula-bremen\/#breadcrumb\",\"itemListElement\":[{\"@type\":\"ListItem\",\"position\":1,\"name\":\"Home\",\"item\":\"https:\/\/dev.antudigital.cl\/sites\/vc\/\"},{\"@type\":\"ListItem\",\"position\":2,\"name\":\"Ases Falsos se va a descanso indefinido tocando completo \u201cJuventud Americana\u201d y mostrando su pel\u00edcula \u201cBremen\u201d\"}]},{\"@type\":\"WebSite\",\"@id\":\"https:\/\/dev.antudigital.cl\/sites\/vc\/#website\",\"url\":\"https:\/\/dev.antudigital.cl\/sites\/vc\/\",\"name\":\"Valpara\u00ed\u00adso Creativo\",\"description\":\"\",\"potentialAction\":[{\"@type\":\"SearchAction\",\"target\":{\"@type\":\"EntryPoint\",\"urlTemplate\":\"https:\/\/dev.antudigital.cl\/sites\/vc\/?s={search_term_string}\"},\"query-input\":{\"@type\":\"PropertyValueSpecification\",\"valueRequired\":true,\"valueName\":\"search_term_string\"}}],\"inLanguage\":\"es\"},{\"@type\":\"Person\",\"@id\":\"https:\/\/dev.antudigital.cl\/sites\/vc\/#\/schema\/person\/c2b9da8dd545e27166fc5ab232837318\",\"name\":\"Valpara\u00edso Creativo\",\"description\":\"Periodista de cultura en la Regi\u00f3n de Valpara\u00edso.\",\"url\":\"https:\/\/dev.antudigital.cl\/sites\/vc\/author\/valpoadmin\/\"}]}<\/script>\n<!-- \/ Yoast SEO plugin. -->","yoast_head_json":{"title":"Ases Falsos se va a descanso indefinido tocando completo \u201cJuventud Americana\u201d y mostrando su pel\u00edcula \u201cBremen\u201d - Valpara\u00ed\u00adso Creativo","robots":{"index":"index","follow":"follow","max-snippet":"max-snippet:-1","max-image-preview":"max-image-preview:large","max-video-preview":"max-video-preview:-1"},"canonical":"https:\/\/dev.antudigital.cl\/sites\/vc\/ases-falsos-se-va-a-descanso-indefinido-tocando-completo-juventud-americana-y-mostrando-su-pelicula-bremen\/","og_locale":"es_ES","og_type":"article","og_title":"Ases Falsos se va a descanso indefinido tocando completo \u201cJuventud Americana\u201d y mostrando su pel\u00edcula \u201cBremen\u201d - Valpara\u00ed\u00adso Creativo","og_description":"A los shows ya confirmados en Santiago y Vapara\u00edso se suma una gira por Chile en enero que adem\u00e1s tendr\u00e1 funci\u00f3n exclusiva de su primera cinta. Despu\u00e9s de 12 a\u00f1os de actividad, seis discos de estudio y giras por toda Latinoam\u00e9rica, Ases Falsos se tomar\u00e1 un descanso indefinido. El \u201chasta luego\u201d con sus fans estar\u00e1 [&hellip;]","og_url":"https:\/\/dev.antudigital.cl\/sites\/vc\/ases-falsos-se-va-a-descanso-indefinido-tocando-completo-juventud-americana-y-mostrando-su-pelicula-bremen\/","og_site_name":"Valpara\u00ed\u00adso Creativo","article_published_time":"2023-12-04T21:58:38+00:00","article_modified_time":"2024-01-15T22:34:09+00:00","og_image":[{"width":1200,"height":800,"url":"https:\/\/dev.antudigital.cl\/sites\/vc\/wp-content\/uploads\/2023\/12\/ases-falsos.jpeg","type":"image\/jpeg"}],"author":"Valpara\u00edso Creativo","twitter_card":"summary_large_image","twitter_misc":{"Escrito por":"Valpara\u00edso Creativo","Tiempo de lectura":"2 minutos"},"schema":{"@context":"https:\/\/schema.org","@graph":[{"@type":"Article","@id":"https:\/\/dev.antudigital.cl\/sites\/vc\/ases-falsos-se-va-a-descanso-indefinido-tocando-completo-juventud-americana-y-mostrando-su-pelicula-bremen\/#article","isPartOf":{"@id":"https:\/\/dev.antudigital.cl\/sites\/vc\/ases-falsos-se-va-a-descanso-indefinido-tocando-completo-juventud-americana-y-mostrando-su-pelicula-bremen\/"},"author":{"name":"Valpara\u00edso Creativo","@id":"https:\/\/dev.antudigital.cl\/sites\/vc\/#\/schema\/person\/c2b9da8dd545e27166fc5ab232837318"},"headline":"Ases Falsos se va a descanso indefinido tocando completo \u201cJuventud Americana\u201d y mostrando su pel\u00edcula \u201cBremen\u201d","datePublished":"2023-12-04T21:58:38+00:00","dateModified":"2024-01-15T22:34:09+00:00","mainEntityOfPage":{"@id":"https:\/\/dev.antudigital.cl\/sites\/vc\/ases-falsos-se-va-a-descanso-indefinido-tocando-completo-juventud-americana-y-mostrando-su-pelicula-bremen\/"},"wordCount":279,"image":{"@id":"https:\/\/dev.antudigital.cl\/sites\/vc\/ases-falsos-se-va-a-descanso-indefinido-tocando-completo-juventud-americana-y-mostrando-su-pelicula-bremen\/#primaryimage"},"thumbnailUrl":"https:\/\/dev.antudigital.cl\/sites\/vc\/wp-content\/uploads\/2023\/12\/ases-falsos.jpeg","articleSection":["Uncategorized"],"inLanguage":"es"},{"@type":"WebPage","@id":"https:\/\/dev.antudigital.cl\/sites\/vc\/ases-falsos-se-va-a-descanso-indefinido-tocando-completo-juventud-americana-y-mostrando-su-pelicula-bremen\/","url":"https:\/\/dev.antudigital.cl\/sites\/vc\/ases-falsos-se-va-a-descanso-indefinido-tocando-completo-juventud-americana-y-mostrando-su-pelicula-bremen\/","name":"Ases Falsos se va a descanso indefinido tocando completo \u201cJuventud Americana\u201d y mostrando su pel\u00edcula \u201cBremen\u201d - Valpara\u00ed\u00adso Creativo","isPartOf":{"@id":"https:\/\/dev.antudigital.cl\/sites\/vc\/#website"},"primaryImageOfPage":{"@id":"https:\/\/dev.antudigital.cl\/sites\/vc\/ases-falsos-se-va-a-descanso-indefinido-tocando-completo-juventud-americana-y-mostrando-su-pelicula-bremen\/#primaryimage"},"image":{"@id":"https:\/\/dev.antudigital.cl\/sites\/vc\/ases-falsos-se-va-a-descanso-indefinido-tocando-completo-juventud-americana-y-mostrando-su-pelicula-bremen\/#primaryimage"},"thumbnailUrl":"https:\/\/dev.antudigital.cl\/sites\/vc\/wp-content\/uploads\/2023\/12\/ases-falsos.jpeg","datePublished":"2023-12-04T21:58:38+00:00","dateModified":"2024-01-15T22:34:09+00:00","author":{"@id":"https:\/\/dev.antudigital.cl\/sites\/vc\/#\/schema\/person\/c2b9da8dd545e27166fc5ab232837318"},"breadcrumb":{"@id":"https:\/\/dev.antudigital.cl\/sites\/vc\/ases-falsos-se-va-a-descanso-indefinido-tocando-completo-juventud-americana-y-mostrando-su-pelicula-bremen\/#breadcrumb"},"inLanguage":"es","potentialAction":[{"@type":"ReadAction","target":["https:\/\/dev.antudigital.cl\/sites\/vc\/ases-falsos-se-va-a-descanso-indefinido-tocando-completo-juventud-americana-y-mostrando-su-pelicula-bremen\/"]}]},{"@type":"ImageObject","inLanguage":"es","@id":"https:\/\/dev.antudigital.cl\/sites\/vc\/ases-falsos-se-va-a-descanso-indefinido-tocando-completo-juventud-americana-y-mostrando-su-pelicula-bremen\/#primaryimage","url":"https:\/\/dev.antudigital.cl\/sites\/vc\/wp-content\/uploads\/2023\/12\/ases-falsos.jpeg","contentUrl":"https:\/\/dev.antudigital.cl\/sites\/vc\/wp-content\/uploads\/2023\/12\/ases-falsos.jpeg","width":1200,"height":800},{"@type":"BreadcrumbList","@id":"https:\/\/dev.antudigital.cl\/sites\/vc\/ases-falsos-se-va-a-descanso-indefinido-tocando-completo-juventud-americana-y-mostrando-su-pelicula-bremen\/#breadcrumb","itemListElement":[{"@type":"ListItem","position":1,"name":"Home","item":"https:\/\/dev.antudigital.cl\/sites\/vc\/"},{"@type":"ListItem","position":2,"name":"Ases Falsos se va a descanso indefinido tocando completo \u201cJuventud Americana\u201d y mostrando su pel\u00edcula \u201cBremen\u201d"}]},{"@type":"WebSite","@id":"https:\/\/dev.antudigital.cl\/sites\/vc\/#website","url":"https:\/\/dev.antudigital.cl\/sites\/vc\/","name":"Valpara\u00ed\u00adso Creativo","description":"","potentialAction":[{"@type":"SearchAction","target":{"@type":"EntryPoint","urlTemplate":"https:\/\/dev.antudigital.cl\/sites\/vc\/?s={search_term_string}"},"query-input":{"@type":"PropertyValueSpecification","valueRequired":true,"valueName":"search_term_string"}}],"inLanguage":"es"},{"@type":"Person","@id":"https:\/\/dev.antudigital.cl\/sites\/vc\/#\/schema\/person\/c2b9da8dd545e27166fc5ab232837318","name":"Valpara\u00edso Creativo","description":"Periodista de cultura en la Regi\u00f3n de Valpara\u00edso.","url":"https:\/\/dev.antudigital.cl\/sites\/vc\/author\/valpoadmin\/"}]}},"_links":{"self":[{"href":"https:\/\/dev.antudigital.cl\/sites\/vc\/wp-json\/wp\/v2\/posts\/17911","targetHints":{"allow":["GET"]}}],"collection":[{"href":"https:\/\/dev.antudigital.cl\/sites\/vc\/wp-json\/wp\/v2\/posts"}],"about":[{"href":"https:\/\/dev.antudigital.cl\/sites\/vc\/wp-json\/wp\/v2\/types\/post"}],"author":[{"embeddable":true,"href":"https:\/\/dev.antudigital.cl\/sites\/vc\/wp-json\/wp\/v2\/users\/1"}],"replies":[{"embeddable":true,"href":"https:\/\/dev.antudigital.cl\/sites\/vc\/wp-json\/wp\/v2\/comments?post=17911"}],"version-history":[{"count":2,"href":"https:\/\/dev.antudigital.cl\/sites\/vc\/wp-json\/wp\/v2\/posts\/17911\/revisions"}],"predecessor-version":[{"id":18168,"href":"https:\/\/dev.antudigital.cl\/sites\/vc\/wp-json\/wp\/v2\/posts\/17911\/revisions\/18168"}],"wp:featuredmedia":[{"embeddable":true,"href":"https:\/\/dev.antudigital.cl\/sites\/vc\/wp-json\/wp\/v2\/media\/17913"}],"wp:attachment":[{"href":"https:\/\/dev.antudigital.cl\/sites\/vc\/wp-json\/wp\/v2\/media?parent=17911"}],"wp:term":[{"taxonomy":"category","embeddable":true,"href":"https:\/\/dev.antudigital.cl\/sites\/vc\/wp-json\/wp\/v2\/categories?post=17911"},{"taxonomy":"post_tag","embeddable":true,"href":"https:\/\/dev.antudigital.cl\/sites\/vc\/wp-json\/wp\/v2\/tags?post=17911"}],"curies":[{"name":"wp","href":"https:\/\/api.w.org\/{rel}","templated":true}]}}