{"id":17919,"date":"2023-12-04T22:06:51","date_gmt":"2023-12-04T22:06:51","guid":{"rendered":"https:\/\/www.valparaisocreativo.cl\/?p=17919"},"modified":"2023-12-04T22:06:58","modified_gmt":"2023-12-04T22:06:58","slug":"eco-poesia-encuentro-de-musica-libros-obras-originales-y-arte-impreso","status":"publish","type":"post","link":"https:\/\/dev.antudigital.cl\/sites\/vc\/eco-poesia-encuentro-de-musica-libros-obras-originales-y-arte-impreso\/","title":{"rendered":"Eco Poes\u00eda &#8211; Encuentro de M\u00fasica, Libros, Obras Originales y Arte Impreso"},"content":{"rendered":"\n<p>16 de diciembre 2023, Taller Perro Sur, Valpara\u00edso<\/p>\n\n\n\n<p>La poes\u00eda, la m\u00fasica y las artes gr\u00e1ficas se dar\u00e1n cita en un evento pre navide\u00f1o en Taller Perro Sur, en Cerro Bellavista. Lxs artistas porte\u00f1xs Pamela Espinoza, Ximena B\u00f3rquez, Laura Zahr, Paulina Rodr\u00edguez, Claudia Barbera, Tonina e Ignacio Tobar har\u00e1n una venta de taller el d\u00eda s\u00e1bado 16 de diciembre desde las 10 horas, donde se podr\u00e1 encontrar obras originales, encuadernaci\u00f3n, arte impreso en serigraf\u00eda, grabado y t\u00e9cnicas gr\u00e1ficas. Adem\u00e1s, este evento contempla el lanzamiento de la Antolog\u00eda Eco po\u00e9tica \u201cDesde el mar a la monta\u00f1a\u201d de Editorial ilustraverde que re\u00fane 16 reconocidos poetas del pa\u00eds.<\/p>\n\n\n\n<p>La presentaci\u00f3n<strong> ser\u00e1 a las 16:00 hrs <\/strong>y contar\u00e1 con lecturas po\u00e9ticas, firma y venta de libros. La m\u00fasica y la experimentaci\u00f3n tambi\u00e9n se tomar\u00e1n el taller Perro Sur, este segmento estar\u00e1 a cargo del m\u00fasico electr\u00f3nico Turista beat y del artista sonoro Miguel Hern\u00e1ndez.<\/p>\n\n\n\n<p><strong>La entrada al evento es gratuita a partir de las 12 hrs.<\/strong> y se anima a todas y a todos a sumergirse en la riqueza del arte gr\u00e1fico porte\u00f1o y a apoyar artistas independientes.<\/p>\n\n\n\n<figure class=\"wp-block-image size-large\"><img fetchpriority=\"high\" decoding=\"async\" width=\"1024\" height=\"1024\" src=\"https:\/\/www.valparaisocreativo.cl\/wp-content\/uploads\/2023\/12\/IMG-20231127-WA0016-1024x1024.jpg\" alt=\"\" class=\"wp-image-17920\" srcset=\"https:\/\/dev.antudigital.cl\/sites\/vc\/wp-content\/uploads\/2023\/12\/IMG-20231127-WA0016-1024x1024.jpg 1024w, https:\/\/dev.antudigital.cl\/sites\/vc\/wp-content\/uploads\/2023\/12\/IMG-20231127-WA0016-300x300.jpg 300w, https:\/\/dev.antudigital.cl\/sites\/vc\/wp-content\/uploads\/2023\/12\/IMG-20231127-WA0016-150x150.jpg 150w, https:\/\/dev.antudigital.cl\/sites\/vc\/wp-content\/uploads\/2023\/12\/IMG-20231127-WA0016-768x768.jpg 768w, https:\/\/dev.antudigital.cl\/sites\/vc\/wp-content\/uploads\/2023\/12\/IMG-20231127-WA0016-1536x1536.jpg 1536w, https:\/\/dev.antudigital.cl\/sites\/vc\/wp-content\/uploads\/2023\/12\/IMG-20231127-WA0016-1080x1081.jpg 1080w, https:\/\/dev.antudigital.cl\/sites\/vc\/wp-content\/uploads\/2023\/12\/IMG-20231127-WA0016-1280x1281.jpg 1280w, https:\/\/dev.antudigital.cl\/sites\/vc\/wp-content\/uploads\/2023\/12\/IMG-20231127-WA0016-980x981.jpg 980w, https:\/\/dev.antudigital.cl\/sites\/vc\/wp-content\/uploads\/2023\/12\/IMG-20231127-WA0016-480x480.jpg 480w, https:\/\/dev.antudigital.cl\/sites\/vc\/wp-content\/uploads\/2023\/12\/IMG-20231127-WA0016-24x24.jpg 24w, https:\/\/dev.antudigital.cl\/sites\/vc\/wp-content\/uploads\/2023\/12\/IMG-20231127-WA0016-36x36.jpg 36w, https:\/\/dev.antudigital.cl\/sites\/vc\/wp-content\/uploads\/2023\/12\/IMG-20231127-WA0016-48x48.jpg 48w, https:\/\/dev.antudigital.cl\/sites\/vc\/wp-content\/uploads\/2023\/12\/IMG-20231127-WA0016.jpg 1599w\" sizes=\"(max-width: 1024px) 100vw, 1024px\" \/><\/figure>\n","protected":false},"excerpt":{"rendered":"<p>16 de diciembre 2023, Taller Perro Sur, Valpara\u00edso La poes\u00eda, la m\u00fasica y las artes gr\u00e1ficas se dar\u00e1n cita en un evento pre navide\u00f1o en Taller Perro Sur, en Cerro Bellavista. Lxs artistas porte\u00f1xs Pamela Espinoza, Ximena B\u00f3rquez, Laura Zahr, Paulina Rodr\u00edguez, Claudia Barbera, Tonina e Ignacio Tobar har\u00e1n una venta de taller el d\u00eda [&hellip;]<\/p>\n","protected":false},"author":1,"featured_media":17922,"comment_status":"closed","ping_status":"closed","sticky":false,"template":"","format":"standard","meta":{"_acf_changed":false,"footnotes":""},"categories":[1],"tags":[],"class_list":["post-17919","post","type-post","status-publish","format-standard","has-post-thumbnail","hentry","category-uncategorized"],"acf":[],"yoast_head":"<!-- This site is optimized with the Yoast SEO plugin v27.1.1 - https:\/\/yoast.com\/product\/yoast-seo-wordpress\/ -->\n<title>Eco Poes\u00eda - Encuentro de M\u00fasica, Libros, Obras Originales y Arte Impreso - Valpara\u00ed\u00adso Creativo<\/title>\n<meta name=\"robots\" content=\"index, follow, max-snippet:-1, max-image-preview:large, max-video-preview:-1\" \/>\n<link rel=\"canonical\" href=\"https:\/\/dev.antudigital.cl\/sites\/vc\/eco-poesia-encuentro-de-musica-libros-obras-originales-y-arte-impreso\/\" \/>\n<meta property=\"og:locale\" content=\"es_ES\" \/>\n<meta property=\"og:type\" content=\"article\" \/>\n<meta property=\"og:title\" content=\"Eco Poes\u00eda - Encuentro de M\u00fasica, Libros, Obras Originales y Arte Impreso - Valpara\u00ed\u00adso Creativo\" \/>\n<meta property=\"og:description\" content=\"16 de diciembre 2023, Taller Perro Sur, Valpara\u00edso La poes\u00eda, la m\u00fasica y las artes gr\u00e1ficas se dar\u00e1n cita en un evento pre navide\u00f1o en Taller Perro Sur, en Cerro Bellavista. Lxs artistas porte\u00f1xs Pamela Espinoza, Ximena B\u00f3rquez, Laura Zahr, Paulina Rodr\u00edguez, Claudia Barbera, Tonina e Ignacio Tobar har\u00e1n una venta de taller el d\u00eda [&hellip;]\" \/>\n<meta property=\"og:url\" content=\"https:\/\/dev.antudigital.cl\/sites\/vc\/eco-poesia-encuentro-de-musica-libros-obras-originales-y-arte-impreso\/\" \/>\n<meta property=\"og:site_name\" content=\"Valpara\u00ed\u00adso Creativo\" \/>\n<meta property=\"article:published_time\" content=\"2023-12-04T22:06:51+00:00\" \/>\n<meta property=\"article:modified_time\" content=\"2023-12-04T22:06:58+00:00\" \/>\n<meta property=\"og:image\" content=\"https:\/\/dev.antudigital.cl\/sites\/vc\/wp-content\/uploads\/2023\/12\/Captura-de-Pantalla-2023-12-04-a-las-19.05.38.png\" \/>\n\t<meta property=\"og:image:width\" content=\"691\" \/>\n\t<meta property=\"og:image:height\" content=\"357\" \/>\n\t<meta property=\"og:image:type\" content=\"image\/png\" \/>\n<meta name=\"author\" content=\"Valpara\u00edso Creativo\" \/>\n<meta name=\"twitter:card\" content=\"summary_large_image\" \/>\n<meta name=\"twitter:label1\" content=\"Escrito por\" \/>\n\t<meta name=\"twitter:data1\" content=\"Valpara\u00edso Creativo\" \/>\n\t<meta name=\"twitter:label2\" content=\"Tiempo de lectura\" \/>\n\t<meta name=\"twitter:data2\" content=\"2 minutos\" \/>\n<script type=\"application\/ld+json\" class=\"yoast-schema-graph\">{\"@context\":\"https:\/\/schema.org\",\"@graph\":[{\"@type\":\"Article\",\"@id\":\"https:\/\/dev.antudigital.cl\/sites\/vc\/eco-poesia-encuentro-de-musica-libros-obras-originales-y-arte-impreso\/#article\",\"isPartOf\":{\"@id\":\"https:\/\/dev.antudigital.cl\/sites\/vc\/eco-poesia-encuentro-de-musica-libros-obras-originales-y-arte-impreso\/\"},\"author\":{\"name\":\"Valpara\u00edso Creativo\",\"@id\":\"https:\/\/dev.antudigital.cl\/sites\/vc\/#\/schema\/person\/c2b9da8dd545e27166fc5ab232837318\"},\"headline\":\"Eco Poes\u00eda &#8211; Encuentro de M\u00fasica, Libros, Obras Originales y Arte Impreso\",\"datePublished\":\"2023-12-04T22:06:51+00:00\",\"dateModified\":\"2023-12-04T22:06:58+00:00\",\"mainEntityOfPage\":{\"@id\":\"https:\/\/dev.antudigital.cl\/sites\/vc\/eco-poesia-encuentro-de-musica-libros-obras-originales-y-arte-impreso\/\"},\"wordCount\":224,\"image\":{\"@id\":\"https:\/\/dev.antudigital.cl\/sites\/vc\/eco-poesia-encuentro-de-musica-libros-obras-originales-y-arte-impreso\/#primaryimage\"},\"thumbnailUrl\":\"https:\/\/dev.antudigital.cl\/sites\/vc\/wp-content\/uploads\/2023\/12\/Captura-de-Pantalla-2023-12-04-a-las-19.05.38.png\",\"articleSection\":[\"Uncategorized\"],\"inLanguage\":\"es\"},{\"@type\":\"WebPage\",\"@id\":\"https:\/\/dev.antudigital.cl\/sites\/vc\/eco-poesia-encuentro-de-musica-libros-obras-originales-y-arte-impreso\/\",\"url\":\"https:\/\/dev.antudigital.cl\/sites\/vc\/eco-poesia-encuentro-de-musica-libros-obras-originales-y-arte-impreso\/\",\"name\":\"Eco Poes\u00eda - Encuentro de M\u00fasica, Libros, Obras Originales y Arte Impreso - Valpara\u00ed\u00adso Creativo\",\"isPartOf\":{\"@id\":\"https:\/\/dev.antudigital.cl\/sites\/vc\/#website\"},\"primaryImageOfPage\":{\"@id\":\"https:\/\/dev.antudigital.cl\/sites\/vc\/eco-poesia-encuentro-de-musica-libros-obras-originales-y-arte-impreso\/#primaryimage\"},\"image\":{\"@id\":\"https:\/\/dev.antudigital.cl\/sites\/vc\/eco-poesia-encuentro-de-musica-libros-obras-originales-y-arte-impreso\/#primaryimage\"},\"thumbnailUrl\":\"https:\/\/dev.antudigital.cl\/sites\/vc\/wp-content\/uploads\/2023\/12\/Captura-de-Pantalla-2023-12-04-a-las-19.05.38.png\",\"datePublished\":\"2023-12-04T22:06:51+00:00\",\"dateModified\":\"2023-12-04T22:06:58+00:00\",\"author\":{\"@id\":\"https:\/\/dev.antudigital.cl\/sites\/vc\/#\/schema\/person\/c2b9da8dd545e27166fc5ab232837318\"},\"breadcrumb\":{\"@id\":\"https:\/\/dev.antudigital.cl\/sites\/vc\/eco-poesia-encuentro-de-musica-libros-obras-originales-y-arte-impreso\/#breadcrumb\"},\"inLanguage\":\"es\",\"potentialAction\":[{\"@type\":\"ReadAction\",\"target\":[\"https:\/\/dev.antudigital.cl\/sites\/vc\/eco-poesia-encuentro-de-musica-libros-obras-originales-y-arte-impreso\/\"]}]},{\"@type\":\"ImageObject\",\"inLanguage\":\"es\",\"@id\":\"https:\/\/dev.antudigital.cl\/sites\/vc\/eco-poesia-encuentro-de-musica-libros-obras-originales-y-arte-impreso\/#primaryimage\",\"url\":\"https:\/\/dev.antudigital.cl\/sites\/vc\/wp-content\/uploads\/2023\/12\/Captura-de-Pantalla-2023-12-04-a-las-19.05.38.png\",\"contentUrl\":\"https:\/\/dev.antudigital.cl\/sites\/vc\/wp-content\/uploads\/2023\/12\/Captura-de-Pantalla-2023-12-04-a-las-19.05.38.png\",\"width\":691,\"height\":357},{\"@type\":\"BreadcrumbList\",\"@id\":\"https:\/\/dev.antudigital.cl\/sites\/vc\/eco-poesia-encuentro-de-musica-libros-obras-originales-y-arte-impreso\/#breadcrumb\",\"itemListElement\":[{\"@type\":\"ListItem\",\"position\":1,\"name\":\"Home\",\"item\":\"https:\/\/dev.antudigital.cl\/sites\/vc\/\"},{\"@type\":\"ListItem\",\"position\":2,\"name\":\"Eco Poes\u00eda &#8211; Encuentro de M\u00fasica, Libros, Obras Originales y Arte Impreso\"}]},{\"@type\":\"WebSite\",\"@id\":\"https:\/\/dev.antudigital.cl\/sites\/vc\/#website\",\"url\":\"https:\/\/dev.antudigital.cl\/sites\/vc\/\",\"name\":\"Valpara\u00ed\u00adso Creativo\",\"description\":\"\",\"potentialAction\":[{\"@type\":\"SearchAction\",\"target\":{\"@type\":\"EntryPoint\",\"urlTemplate\":\"https:\/\/dev.antudigital.cl\/sites\/vc\/?s={search_term_string}\"},\"query-input\":{\"@type\":\"PropertyValueSpecification\",\"valueRequired\":true,\"valueName\":\"search_term_string\"}}],\"inLanguage\":\"es\"},{\"@type\":\"Person\",\"@id\":\"https:\/\/dev.antudigital.cl\/sites\/vc\/#\/schema\/person\/c2b9da8dd545e27166fc5ab232837318\",\"name\":\"Valpara\u00edso Creativo\",\"description\":\"Periodista de cultura en la Regi\u00f3n de Valpara\u00edso.\",\"url\":\"https:\/\/dev.antudigital.cl\/sites\/vc\/author\/valpoadmin\/\"}]}<\/script>\n<!-- \/ Yoast SEO plugin. -->","yoast_head_json":{"title":"Eco Poes\u00eda - Encuentro de M\u00fasica, Libros, Obras Originales y Arte Impreso - Valpara\u00ed\u00adso Creativo","robots":{"index":"index","follow":"follow","max-snippet":"max-snippet:-1","max-image-preview":"max-image-preview:large","max-video-preview":"max-video-preview:-1"},"canonical":"https:\/\/dev.antudigital.cl\/sites\/vc\/eco-poesia-encuentro-de-musica-libros-obras-originales-y-arte-impreso\/","og_locale":"es_ES","og_type":"article","og_title":"Eco Poes\u00eda - Encuentro de M\u00fasica, Libros, Obras Originales y Arte Impreso - Valpara\u00ed\u00adso Creativo","og_description":"16 de diciembre 2023, Taller Perro Sur, Valpara\u00edso La poes\u00eda, la m\u00fasica y las artes gr\u00e1ficas se dar\u00e1n cita en un evento pre navide\u00f1o en Taller Perro Sur, en Cerro Bellavista. Lxs artistas porte\u00f1xs Pamela Espinoza, Ximena B\u00f3rquez, Laura Zahr, Paulina Rodr\u00edguez, Claudia Barbera, Tonina e Ignacio Tobar har\u00e1n una venta de taller el d\u00eda [&hellip;]","og_url":"https:\/\/dev.antudigital.cl\/sites\/vc\/eco-poesia-encuentro-de-musica-libros-obras-originales-y-arte-impreso\/","og_site_name":"Valpara\u00ed\u00adso Creativo","article_published_time":"2023-12-04T22:06:51+00:00","article_modified_time":"2023-12-04T22:06:58+00:00","og_image":[{"width":691,"height":357,"url":"https:\/\/dev.antudigital.cl\/sites\/vc\/wp-content\/uploads\/2023\/12\/Captura-de-Pantalla-2023-12-04-a-las-19.05.38.png","type":"image\/png"}],"author":"Valpara\u00edso Creativo","twitter_card":"summary_large_image","twitter_misc":{"Escrito por":"Valpara\u00edso Creativo","Tiempo de lectura":"2 minutos"},"schema":{"@context":"https:\/\/schema.org","@graph":[{"@type":"Article","@id":"https:\/\/dev.antudigital.cl\/sites\/vc\/eco-poesia-encuentro-de-musica-libros-obras-originales-y-arte-impreso\/#article","isPartOf":{"@id":"https:\/\/dev.antudigital.cl\/sites\/vc\/eco-poesia-encuentro-de-musica-libros-obras-originales-y-arte-impreso\/"},"author":{"name":"Valpara\u00edso Creativo","@id":"https:\/\/dev.antudigital.cl\/sites\/vc\/#\/schema\/person\/c2b9da8dd545e27166fc5ab232837318"},"headline":"Eco Poes\u00eda &#8211; Encuentro de M\u00fasica, Libros, Obras Originales y Arte Impreso","datePublished":"2023-12-04T22:06:51+00:00","dateModified":"2023-12-04T22:06:58+00:00","mainEntityOfPage":{"@id":"https:\/\/dev.antudigital.cl\/sites\/vc\/eco-poesia-encuentro-de-musica-libros-obras-originales-y-arte-impreso\/"},"wordCount":224,"image":{"@id":"https:\/\/dev.antudigital.cl\/sites\/vc\/eco-poesia-encuentro-de-musica-libros-obras-originales-y-arte-impreso\/#primaryimage"},"thumbnailUrl":"https:\/\/dev.antudigital.cl\/sites\/vc\/wp-content\/uploads\/2023\/12\/Captura-de-Pantalla-2023-12-04-a-las-19.05.38.png","articleSection":["Uncategorized"],"inLanguage":"es"},{"@type":"WebPage","@id":"https:\/\/dev.antudigital.cl\/sites\/vc\/eco-poesia-encuentro-de-musica-libros-obras-originales-y-arte-impreso\/","url":"https:\/\/dev.antudigital.cl\/sites\/vc\/eco-poesia-encuentro-de-musica-libros-obras-originales-y-arte-impreso\/","name":"Eco Poes\u00eda - Encuentro de M\u00fasica, Libros, Obras Originales y Arte Impreso - Valpara\u00ed\u00adso Creativo","isPartOf":{"@id":"https:\/\/dev.antudigital.cl\/sites\/vc\/#website"},"primaryImageOfPage":{"@id":"https:\/\/dev.antudigital.cl\/sites\/vc\/eco-poesia-encuentro-de-musica-libros-obras-originales-y-arte-impreso\/#primaryimage"},"image":{"@id":"https:\/\/dev.antudigital.cl\/sites\/vc\/eco-poesia-encuentro-de-musica-libros-obras-originales-y-arte-impreso\/#primaryimage"},"thumbnailUrl":"https:\/\/dev.antudigital.cl\/sites\/vc\/wp-content\/uploads\/2023\/12\/Captura-de-Pantalla-2023-12-04-a-las-19.05.38.png","datePublished":"2023-12-04T22:06:51+00:00","dateModified":"2023-12-04T22:06:58+00:00","author":{"@id":"https:\/\/dev.antudigital.cl\/sites\/vc\/#\/schema\/person\/c2b9da8dd545e27166fc5ab232837318"},"breadcrumb":{"@id":"https:\/\/dev.antudigital.cl\/sites\/vc\/eco-poesia-encuentro-de-musica-libros-obras-originales-y-arte-impreso\/#breadcrumb"},"inLanguage":"es","potentialAction":[{"@type":"ReadAction","target":["https:\/\/dev.antudigital.cl\/sites\/vc\/eco-poesia-encuentro-de-musica-libros-obras-originales-y-arte-impreso\/"]}]},{"@type":"ImageObject","inLanguage":"es","@id":"https:\/\/dev.antudigital.cl\/sites\/vc\/eco-poesia-encuentro-de-musica-libros-obras-originales-y-arte-impreso\/#primaryimage","url":"https:\/\/dev.antudigital.cl\/sites\/vc\/wp-content\/uploads\/2023\/12\/Captura-de-Pantalla-2023-12-04-a-las-19.05.38.png","contentUrl":"https:\/\/dev.antudigital.cl\/sites\/vc\/wp-content\/uploads\/2023\/12\/Captura-de-Pantalla-2023-12-04-a-las-19.05.38.png","width":691,"height":357},{"@type":"BreadcrumbList","@id":"https:\/\/dev.antudigital.cl\/sites\/vc\/eco-poesia-encuentro-de-musica-libros-obras-originales-y-arte-impreso\/#breadcrumb","itemListElement":[{"@type":"ListItem","position":1,"name":"Home","item":"https:\/\/dev.antudigital.cl\/sites\/vc\/"},{"@type":"ListItem","position":2,"name":"Eco Poes\u00eda &#8211; Encuentro de M\u00fasica, Libros, Obras Originales y Arte Impreso"}]},{"@type":"WebSite","@id":"https:\/\/dev.antudigital.cl\/sites\/vc\/#website","url":"https:\/\/dev.antudigital.cl\/sites\/vc\/","name":"Valpara\u00ed\u00adso Creativo","description":"","potentialAction":[{"@type":"SearchAction","target":{"@type":"EntryPoint","urlTemplate":"https:\/\/dev.antudigital.cl\/sites\/vc\/?s={search_term_string}"},"query-input":{"@type":"PropertyValueSpecification","valueRequired":true,"valueName":"search_term_string"}}],"inLanguage":"es"},{"@type":"Person","@id":"https:\/\/dev.antudigital.cl\/sites\/vc\/#\/schema\/person\/c2b9da8dd545e27166fc5ab232837318","name":"Valpara\u00edso Creativo","description":"Periodista de cultura en la Regi\u00f3n de Valpara\u00edso.","url":"https:\/\/dev.antudigital.cl\/sites\/vc\/author\/valpoadmin\/"}]}},"_links":{"self":[{"href":"https:\/\/dev.antudigital.cl\/sites\/vc\/wp-json\/wp\/v2\/posts\/17919","targetHints":{"allow":["GET"]}}],"collection":[{"href":"https:\/\/dev.antudigital.cl\/sites\/vc\/wp-json\/wp\/v2\/posts"}],"about":[{"href":"https:\/\/dev.antudigital.cl\/sites\/vc\/wp-json\/wp\/v2\/types\/post"}],"author":[{"embeddable":true,"href":"https:\/\/dev.antudigital.cl\/sites\/vc\/wp-json\/wp\/v2\/users\/1"}],"replies":[{"embeddable":true,"href":"https:\/\/dev.antudigital.cl\/sites\/vc\/wp-json\/wp\/v2\/comments?post=17919"}],"version-history":[{"count":1,"href":"https:\/\/dev.antudigital.cl\/sites\/vc\/wp-json\/wp\/v2\/posts\/17919\/revisions"}],"predecessor-version":[{"id":17923,"href":"https:\/\/dev.antudigital.cl\/sites\/vc\/wp-json\/wp\/v2\/posts\/17919\/revisions\/17923"}],"wp:featuredmedia":[{"embeddable":true,"href":"https:\/\/dev.antudigital.cl\/sites\/vc\/wp-json\/wp\/v2\/media\/17922"}],"wp:attachment":[{"href":"https:\/\/dev.antudigital.cl\/sites\/vc\/wp-json\/wp\/v2\/media?parent=17919"}],"wp:term":[{"taxonomy":"category","embeddable":true,"href":"https:\/\/dev.antudigital.cl\/sites\/vc\/wp-json\/wp\/v2\/categories?post=17919"},{"taxonomy":"post_tag","embeddable":true,"href":"https:\/\/dev.antudigital.cl\/sites\/vc\/wp-json\/wp\/v2\/tags?post=17919"}],"curies":[{"name":"wp","href":"https:\/\/api.w.org\/{rel}","templated":true}]}}