{"id":17924,"date":"2023-12-04T22:13:15","date_gmt":"2023-12-04T22:13:15","guid":{"rendered":"https:\/\/www.valparaisocreativo.cl\/?p=17924"},"modified":"2023-12-04T22:13:22","modified_gmt":"2023-12-04T22:13:22","slug":"el-regreso-de-estereo-marga-marga-el-programa-que-celebra-la-musica-y-la-cultura-de-la-provincia-de-marga-marga","status":"publish","type":"post","link":"https:\/\/dev.antudigital.cl\/sites\/vc\/el-regreso-de-estereo-marga-marga-el-programa-que-celebra-la-musica-y-la-cultura-de-la-provincia-de-marga-marga\/","title":{"rendered":"El regreso de \u201cEst\u00e9reo Marga Marga\u201d, el programa que celebra la m\u00fasica y la cultura de la Provincia de Marga Marga"},"content":{"rendered":"\n<p>Luego de dos a\u00f1os desde su estreno en 2021, el Jueves 02 de&nbsp; noviembre regreso&nbsp; a las redes sociales Est\u00e9reo Marga Marga (@estereomargamarga), la serie que a trav\u00e9s de ciclos de seis episodios conmemora la m\u00fasica, arte y cultura de la provincia del Marga Marga, entrevistando a destacados m\u00fasicos locales en sesiones de conversaci\u00f3n y conciertos en formato intimo&nbsp; para dar a conocer su trabajo.&nbsp;<\/p>\n\n\n\n<p>Esta es la tercera temporada del espacio conducido por Marcos Cesped Sandoval desde la Librer\u00eda Fuegia de Quilpu\u00e9, espacio simb\u00f3lico por su historia y aporte cultural en la regi\u00f3n. El recinto ha sido desde 1929 una cuna art\u00edstica, transform\u00e1ndose en el sitio ideal para la realizaci\u00f3n del programa, que al igual que sus dos temporadas anteriores busca dar visibilizaci\u00f3n a bandas y solistas de la provincia de Marga Marga.&nbsp;<\/p>\n\n\n\n<p>Para cumplir este objetivo es que este nuevo ciclo de entrevistas y conciertos tendr\u00e1 a seis invitados, siendo estos \u201cVer\u00f3\u201d, \u201cDe tu Cuna a tu Tumba\u201d, \u201cJani V\u201d, \u201cBanda de Gonz\u00e1lez\u201d, \u201cBanda Casha\u00f1a\u201d e \u201cImpostores\u201d, los cuales estar\u00e1n en cap\u00edtulos de 50 minutos cada d\u00eda jueves a trav\u00e9s del&nbsp; canal de YouTube llamado Est\u00e9reo Marga Marga.&nbsp;<\/p>\n\n\n\n<p>El conductor Marcos Cesped comenta que \u201cla realizaci\u00f3n de este tipo de espacios orientados a celebrar la cultura, especialmente la m\u00fasica de un sector tan reconocido por su arte y bohemia como lo es la provincia de Marga Marga, se pudo gestar gracias a los Fondos de Cultura promovidos por el Ministerio de las Culturas, las Artes y el Patrimonio y a la necesidad de visibilizar y cooperar en la reactivaci\u00f3n de un movimiento musical independiente dentro de la provincia\u201d.&nbsp;<\/p>\n\n\n\n<figure class=\"wp-block-image size-large\"><img fetchpriority=\"high\" decoding=\"async\" width=\"1024\" height=\"1024\" src=\"https:\/\/www.valparaisocreativo.cl\/wp-content\/uploads\/2023\/12\/GENERAL-FECHAS-1-1024x1024.jpg\" alt=\"\" class=\"wp-image-17925\" srcset=\"https:\/\/dev.antudigital.cl\/sites\/vc\/wp-content\/uploads\/2023\/12\/GENERAL-FECHAS-1-1024x1024.jpg 1024w, https:\/\/dev.antudigital.cl\/sites\/vc\/wp-content\/uploads\/2023\/12\/GENERAL-FECHAS-1-300x300.jpg 300w, https:\/\/dev.antudigital.cl\/sites\/vc\/wp-content\/uploads\/2023\/12\/GENERAL-FECHAS-1-150x150.jpg 150w, https:\/\/dev.antudigital.cl\/sites\/vc\/wp-content\/uploads\/2023\/12\/GENERAL-FECHAS-1-768x768.jpg 768w, https:\/\/dev.antudigital.cl\/sites\/vc\/wp-content\/uploads\/2023\/12\/GENERAL-FECHAS-1-980x980.jpg 980w, https:\/\/dev.antudigital.cl\/sites\/vc\/wp-content\/uploads\/2023\/12\/GENERAL-FECHAS-1-480x480.jpg 480w, https:\/\/dev.antudigital.cl\/sites\/vc\/wp-content\/uploads\/2023\/12\/GENERAL-FECHAS-1-24x24.jpg 24w, https:\/\/dev.antudigital.cl\/sites\/vc\/wp-content\/uploads\/2023\/12\/GENERAL-FECHAS-1-36x36.jpg 36w, https:\/\/dev.antudigital.cl\/sites\/vc\/wp-content\/uploads\/2023\/12\/GENERAL-FECHAS-1-48x48.jpg 48w, https:\/\/dev.antudigital.cl\/sites\/vc\/wp-content\/uploads\/2023\/12\/GENERAL-FECHAS-1.jpg 1080w\" sizes=\"(max-width: 1024px) 100vw, 1024px\" \/><\/figure>\n\n\n\n<p><br>Por su parte Christian Gonz\u00e1lez Hurtado, productor de Est\u00e9reo Marga Marga, agrega que \u201ces una oportunidad para promocionar las propuestas musicales de agrupaciones pertenecientes a un lugar determinado, quienes comparten no solo un territorio sino tambi\u00e9n una forma de habitar y sentir la m\u00fasica desde el interior. Con sus vivencias y particularidades creemos se concreta un sonido personal conocido como m\u00fasica o rock margamargue\u00f1o\u201d.<\/p>\n\n\n\n<p>En cada episodio de Est\u00e9reo Marga Marga los artistas no s\u00f3lo hablaran de su m\u00fasica, sino tambi\u00e9n de los aspectos sociales e hist\u00f3ricos de la provincia y c\u00f3mo estos han influenciado su trabajo, el cual tambi\u00e9n ser\u00e1 expuesto mediante un mini concierto en el mismo cap\u00edtulo.<\/p>\n\n\n\n<p>Finalmente quienes deseen disfrutar de cada uno de los episodios de Est\u00e9reo Marga Marga lo podr\u00e1n hacer a trav\u00e9s de YouTube.<\/p>\n\n\n\n<p>&nbsp;Revisa la lista de episodios a continuaci\u00f3n:&nbsp;<\/p>\n\n\n\n<ul class=\"wp-block-list\">\n<li>Cap\u00edtulo 1&nbsp; 02 de Noviembre&nbsp; &#8211; \u201cImpostores\u201d<\/li>\n\n\n\n<li>Cap\u00edtulo 2&nbsp; 09 de Noviembre&nbsp; &#8211;&nbsp; \u201cVer\u00f3\u201d<\/li>\n\n\n\n<li>Cap\u00edtulo 3&nbsp; 16 de Noviembre &#8211;&nbsp; \u201cDe tu cuna a tu tumba\u201d<\/li>\n\n\n\n<li>Cap\u00edtulo 4&nbsp; 23 de Noviembre &#8211;&nbsp; \u201cJani V\u201d<\/li>\n\n\n\n<li>Cap\u00edtulo 5&nbsp; 30 de Noviembre &#8211;&nbsp; \u201cBanda de Gonz\u00e1lez\u201d<\/li>\n\n\n\n<li>Cap\u00edtulo 6\u00a0 07 de Diciembre\u00a0 &#8211;\u00a0 \u201cBanda Casha\u00f1a \u201d<\/li>\n<\/ul>\n\n\n\n<h2 class=\"wp-block-heading\"><a href=\"https:\/\/www.youtube.com\/@estereomargamarga7504\" target=\"_blank\" rel=\"noreferrer noopener\">https:\/\/www.youtube.com\/@estereomargamarga7504<\/a><\/h2>\n","protected":false},"excerpt":{"rendered":"<p>Luego de dos a\u00f1os desde su estreno en 2021, el Jueves 02 de&nbsp; noviembre regreso&nbsp; a las redes sociales Est\u00e9reo Marga Marga (@estereomargamarga), la serie que a trav\u00e9s de ciclos de seis episodios conmemora la m\u00fasica, arte y cultura de la provincia del Marga Marga, entrevistando a destacados m\u00fasicos locales en sesiones de conversaci\u00f3n y [&hellip;]<\/p>\n","protected":false},"author":1,"featured_media":17926,"comment_status":"closed","ping_status":"closed","sticky":false,"template":"","format":"standard","meta":{"_acf_changed":false,"footnotes":""},"categories":[1],"tags":[],"class_list":["post-17924","post","type-post","status-publish","format-standard","has-post-thumbnail","hentry","category-uncategorized"],"acf":[],"yoast_head":"<!-- This site is optimized with the Yoast SEO plugin v27.1.1 - https:\/\/yoast.com\/product\/yoast-seo-wordpress\/ -->\n<title>El regreso de \u201cEst\u00e9reo Marga Marga\u201d, el programa que celebra la m\u00fasica y la cultura de la Provincia de Marga Marga - Valpara\u00ed\u00adso Creativo<\/title>\n<meta name=\"robots\" content=\"index, follow, max-snippet:-1, max-image-preview:large, max-video-preview:-1\" \/>\n<link rel=\"canonical\" href=\"https:\/\/dev.antudigital.cl\/sites\/vc\/el-regreso-de-estereo-marga-marga-el-programa-que-celebra-la-musica-y-la-cultura-de-la-provincia-de-marga-marga\/\" \/>\n<meta property=\"og:locale\" content=\"es_ES\" \/>\n<meta property=\"og:type\" content=\"article\" \/>\n<meta property=\"og:title\" content=\"El regreso de \u201cEst\u00e9reo Marga Marga\u201d, el programa que celebra la m\u00fasica y la cultura de la Provincia de Marga Marga - Valpara\u00ed\u00adso Creativo\" \/>\n<meta property=\"og:description\" content=\"Luego de dos a\u00f1os desde su estreno en 2021, el Jueves 02 de&nbsp; noviembre regreso&nbsp; a las redes sociales Est\u00e9reo Marga Marga (@estereomargamarga), la serie que a trav\u00e9s de ciclos de seis episodios conmemora la m\u00fasica, arte y cultura de la provincia del Marga Marga, entrevistando a destacados m\u00fasicos locales en sesiones de conversaci\u00f3n y [&hellip;]\" \/>\n<meta property=\"og:url\" content=\"https:\/\/dev.antudigital.cl\/sites\/vc\/el-regreso-de-estereo-marga-marga-el-programa-que-celebra-la-musica-y-la-cultura-de-la-provincia-de-marga-marga\/\" \/>\n<meta property=\"og:site_name\" content=\"Valpara\u00ed\u00adso Creativo\" \/>\n<meta property=\"article:published_time\" content=\"2023-12-04T22:13:15+00:00\" \/>\n<meta property=\"article:modified_time\" content=\"2023-12-04T22:13:22+00:00\" \/>\n<meta property=\"og:image\" content=\"https:\/\/dev.antudigital.cl\/sites\/vc\/wp-content\/uploads\/2023\/12\/Captura-de-Pantalla-2023-12-04-a-las-19.12.50.png\" \/>\n\t<meta property=\"og:image:width\" content=\"718\" \/>\n\t<meta property=\"og:image:height\" content=\"168\" \/>\n\t<meta property=\"og:image:type\" content=\"image\/png\" \/>\n<meta name=\"author\" content=\"Valpara\u00edso Creativo\" \/>\n<meta name=\"twitter:card\" content=\"summary_large_image\" \/>\n<meta name=\"twitter:label1\" content=\"Escrito por\" \/>\n\t<meta name=\"twitter:data1\" content=\"Valpara\u00edso Creativo\" \/>\n\t<meta name=\"twitter:label2\" content=\"Tiempo de lectura\" \/>\n\t<meta name=\"twitter:data2\" content=\"3 minutos\" \/>\n<script type=\"application\/ld+json\" class=\"yoast-schema-graph\">{\"@context\":\"https:\/\/schema.org\",\"@graph\":[{\"@type\":\"Article\",\"@id\":\"https:\/\/dev.antudigital.cl\/sites\/vc\/el-regreso-de-estereo-marga-marga-el-programa-que-celebra-la-musica-y-la-cultura-de-la-provincia-de-marga-marga\/#article\",\"isPartOf\":{\"@id\":\"https:\/\/dev.antudigital.cl\/sites\/vc\/el-regreso-de-estereo-marga-marga-el-programa-que-celebra-la-musica-y-la-cultura-de-la-provincia-de-marga-marga\/\"},\"author\":{\"name\":\"Valpara\u00edso Creativo\",\"@id\":\"https:\/\/dev.antudigital.cl\/sites\/vc\/#\/schema\/person\/c2b9da8dd545e27166fc5ab232837318\"},\"headline\":\"El regreso de \u201cEst\u00e9reo Marga Marga\u201d, el programa que celebra la m\u00fasica y la cultura de la Provincia de Marga Marga\",\"datePublished\":\"2023-12-04T22:13:15+00:00\",\"dateModified\":\"2023-12-04T22:13:22+00:00\",\"mainEntityOfPage\":{\"@id\":\"https:\/\/dev.antudigital.cl\/sites\/vc\/el-regreso-de-estereo-marga-marga-el-programa-que-celebra-la-musica-y-la-cultura-de-la-provincia-de-marga-marga\/\"},\"wordCount\":541,\"image\":{\"@id\":\"https:\/\/dev.antudigital.cl\/sites\/vc\/el-regreso-de-estereo-marga-marga-el-programa-que-celebra-la-musica-y-la-cultura-de-la-provincia-de-marga-marga\/#primaryimage\"},\"thumbnailUrl\":\"https:\/\/dev.antudigital.cl\/sites\/vc\/wp-content\/uploads\/2023\/12\/Captura-de-Pantalla-2023-12-04-a-las-19.12.50.png\",\"articleSection\":[\"Uncategorized\"],\"inLanguage\":\"es\"},{\"@type\":\"WebPage\",\"@id\":\"https:\/\/dev.antudigital.cl\/sites\/vc\/el-regreso-de-estereo-marga-marga-el-programa-que-celebra-la-musica-y-la-cultura-de-la-provincia-de-marga-marga\/\",\"url\":\"https:\/\/dev.antudigital.cl\/sites\/vc\/el-regreso-de-estereo-marga-marga-el-programa-que-celebra-la-musica-y-la-cultura-de-la-provincia-de-marga-marga\/\",\"name\":\"El regreso de \u201cEst\u00e9reo Marga Marga\u201d, el programa que celebra la m\u00fasica y la cultura de la Provincia de Marga Marga - Valpara\u00ed\u00adso Creativo\",\"isPartOf\":{\"@id\":\"https:\/\/dev.antudigital.cl\/sites\/vc\/#website\"},\"primaryImageOfPage\":{\"@id\":\"https:\/\/dev.antudigital.cl\/sites\/vc\/el-regreso-de-estereo-marga-marga-el-programa-que-celebra-la-musica-y-la-cultura-de-la-provincia-de-marga-marga\/#primaryimage\"},\"image\":{\"@id\":\"https:\/\/dev.antudigital.cl\/sites\/vc\/el-regreso-de-estereo-marga-marga-el-programa-que-celebra-la-musica-y-la-cultura-de-la-provincia-de-marga-marga\/#primaryimage\"},\"thumbnailUrl\":\"https:\/\/dev.antudigital.cl\/sites\/vc\/wp-content\/uploads\/2023\/12\/Captura-de-Pantalla-2023-12-04-a-las-19.12.50.png\",\"datePublished\":\"2023-12-04T22:13:15+00:00\",\"dateModified\":\"2023-12-04T22:13:22+00:00\",\"author\":{\"@id\":\"https:\/\/dev.antudigital.cl\/sites\/vc\/#\/schema\/person\/c2b9da8dd545e27166fc5ab232837318\"},\"breadcrumb\":{\"@id\":\"https:\/\/dev.antudigital.cl\/sites\/vc\/el-regreso-de-estereo-marga-marga-el-programa-que-celebra-la-musica-y-la-cultura-de-la-provincia-de-marga-marga\/#breadcrumb\"},\"inLanguage\":\"es\",\"potentialAction\":[{\"@type\":\"ReadAction\",\"target\":[\"https:\/\/dev.antudigital.cl\/sites\/vc\/el-regreso-de-estereo-marga-marga-el-programa-que-celebra-la-musica-y-la-cultura-de-la-provincia-de-marga-marga\/\"]}]},{\"@type\":\"ImageObject\",\"inLanguage\":\"es\",\"@id\":\"https:\/\/dev.antudigital.cl\/sites\/vc\/el-regreso-de-estereo-marga-marga-el-programa-que-celebra-la-musica-y-la-cultura-de-la-provincia-de-marga-marga\/#primaryimage\",\"url\":\"https:\/\/dev.antudigital.cl\/sites\/vc\/wp-content\/uploads\/2023\/12\/Captura-de-Pantalla-2023-12-04-a-las-19.12.50.png\",\"contentUrl\":\"https:\/\/dev.antudigital.cl\/sites\/vc\/wp-content\/uploads\/2023\/12\/Captura-de-Pantalla-2023-12-04-a-las-19.12.50.png\",\"width\":718,\"height\":168},{\"@type\":\"BreadcrumbList\",\"@id\":\"https:\/\/dev.antudigital.cl\/sites\/vc\/el-regreso-de-estereo-marga-marga-el-programa-que-celebra-la-musica-y-la-cultura-de-la-provincia-de-marga-marga\/#breadcrumb\",\"itemListElement\":[{\"@type\":\"ListItem\",\"position\":1,\"name\":\"Home\",\"item\":\"https:\/\/dev.antudigital.cl\/sites\/vc\/\"},{\"@type\":\"ListItem\",\"position\":2,\"name\":\"El regreso de \u201cEst\u00e9reo Marga Marga\u201d, el programa que celebra la m\u00fasica y la cultura de la Provincia de Marga Marga\"}]},{\"@type\":\"WebSite\",\"@id\":\"https:\/\/dev.antudigital.cl\/sites\/vc\/#website\",\"url\":\"https:\/\/dev.antudigital.cl\/sites\/vc\/\",\"name\":\"Valpara\u00ed\u00adso Creativo\",\"description\":\"\",\"potentialAction\":[{\"@type\":\"SearchAction\",\"target\":{\"@type\":\"EntryPoint\",\"urlTemplate\":\"https:\/\/dev.antudigital.cl\/sites\/vc\/?s={search_term_string}\"},\"query-input\":{\"@type\":\"PropertyValueSpecification\",\"valueRequired\":true,\"valueName\":\"search_term_string\"}}],\"inLanguage\":\"es\"},{\"@type\":\"Person\",\"@id\":\"https:\/\/dev.antudigital.cl\/sites\/vc\/#\/schema\/person\/c2b9da8dd545e27166fc5ab232837318\",\"name\":\"Valpara\u00edso Creativo\",\"description\":\"Periodista de cultura en la Regi\u00f3n de Valpara\u00edso.\",\"url\":\"https:\/\/dev.antudigital.cl\/sites\/vc\/author\/valpoadmin\/\"}]}<\/script>\n<!-- \/ Yoast SEO plugin. -->","yoast_head_json":{"title":"El regreso de \u201cEst\u00e9reo Marga Marga\u201d, el programa que celebra la m\u00fasica y la cultura de la Provincia de Marga Marga - Valpara\u00ed\u00adso Creativo","robots":{"index":"index","follow":"follow","max-snippet":"max-snippet:-1","max-image-preview":"max-image-preview:large","max-video-preview":"max-video-preview:-1"},"canonical":"https:\/\/dev.antudigital.cl\/sites\/vc\/el-regreso-de-estereo-marga-marga-el-programa-que-celebra-la-musica-y-la-cultura-de-la-provincia-de-marga-marga\/","og_locale":"es_ES","og_type":"article","og_title":"El regreso de \u201cEst\u00e9reo Marga Marga\u201d, el programa que celebra la m\u00fasica y la cultura de la Provincia de Marga Marga - Valpara\u00ed\u00adso Creativo","og_description":"Luego de dos a\u00f1os desde su estreno en 2021, el Jueves 02 de&nbsp; noviembre regreso&nbsp; a las redes sociales Est\u00e9reo Marga Marga (@estereomargamarga), la serie que a trav\u00e9s de ciclos de seis episodios conmemora la m\u00fasica, arte y cultura de la provincia del Marga Marga, entrevistando a destacados m\u00fasicos locales en sesiones de conversaci\u00f3n y [&hellip;]","og_url":"https:\/\/dev.antudigital.cl\/sites\/vc\/el-regreso-de-estereo-marga-marga-el-programa-que-celebra-la-musica-y-la-cultura-de-la-provincia-de-marga-marga\/","og_site_name":"Valpara\u00ed\u00adso Creativo","article_published_time":"2023-12-04T22:13:15+00:00","article_modified_time":"2023-12-04T22:13:22+00:00","og_image":[{"width":718,"height":168,"url":"https:\/\/dev.antudigital.cl\/sites\/vc\/wp-content\/uploads\/2023\/12\/Captura-de-Pantalla-2023-12-04-a-las-19.12.50.png","type":"image\/png"}],"author":"Valpara\u00edso Creativo","twitter_card":"summary_large_image","twitter_misc":{"Escrito por":"Valpara\u00edso Creativo","Tiempo de lectura":"3 minutos"},"schema":{"@context":"https:\/\/schema.org","@graph":[{"@type":"Article","@id":"https:\/\/dev.antudigital.cl\/sites\/vc\/el-regreso-de-estereo-marga-marga-el-programa-que-celebra-la-musica-y-la-cultura-de-la-provincia-de-marga-marga\/#article","isPartOf":{"@id":"https:\/\/dev.antudigital.cl\/sites\/vc\/el-regreso-de-estereo-marga-marga-el-programa-que-celebra-la-musica-y-la-cultura-de-la-provincia-de-marga-marga\/"},"author":{"name":"Valpara\u00edso Creativo","@id":"https:\/\/dev.antudigital.cl\/sites\/vc\/#\/schema\/person\/c2b9da8dd545e27166fc5ab232837318"},"headline":"El regreso de \u201cEst\u00e9reo Marga Marga\u201d, el programa que celebra la m\u00fasica y la cultura de la Provincia de Marga Marga","datePublished":"2023-12-04T22:13:15+00:00","dateModified":"2023-12-04T22:13:22+00:00","mainEntityOfPage":{"@id":"https:\/\/dev.antudigital.cl\/sites\/vc\/el-regreso-de-estereo-marga-marga-el-programa-que-celebra-la-musica-y-la-cultura-de-la-provincia-de-marga-marga\/"},"wordCount":541,"image":{"@id":"https:\/\/dev.antudigital.cl\/sites\/vc\/el-regreso-de-estereo-marga-marga-el-programa-que-celebra-la-musica-y-la-cultura-de-la-provincia-de-marga-marga\/#primaryimage"},"thumbnailUrl":"https:\/\/dev.antudigital.cl\/sites\/vc\/wp-content\/uploads\/2023\/12\/Captura-de-Pantalla-2023-12-04-a-las-19.12.50.png","articleSection":["Uncategorized"],"inLanguage":"es"},{"@type":"WebPage","@id":"https:\/\/dev.antudigital.cl\/sites\/vc\/el-regreso-de-estereo-marga-marga-el-programa-que-celebra-la-musica-y-la-cultura-de-la-provincia-de-marga-marga\/","url":"https:\/\/dev.antudigital.cl\/sites\/vc\/el-regreso-de-estereo-marga-marga-el-programa-que-celebra-la-musica-y-la-cultura-de-la-provincia-de-marga-marga\/","name":"El regreso de \u201cEst\u00e9reo Marga Marga\u201d, el programa que celebra la m\u00fasica y la cultura de la Provincia de Marga Marga - Valpara\u00ed\u00adso Creativo","isPartOf":{"@id":"https:\/\/dev.antudigital.cl\/sites\/vc\/#website"},"primaryImageOfPage":{"@id":"https:\/\/dev.antudigital.cl\/sites\/vc\/el-regreso-de-estereo-marga-marga-el-programa-que-celebra-la-musica-y-la-cultura-de-la-provincia-de-marga-marga\/#primaryimage"},"image":{"@id":"https:\/\/dev.antudigital.cl\/sites\/vc\/el-regreso-de-estereo-marga-marga-el-programa-que-celebra-la-musica-y-la-cultura-de-la-provincia-de-marga-marga\/#primaryimage"},"thumbnailUrl":"https:\/\/dev.antudigital.cl\/sites\/vc\/wp-content\/uploads\/2023\/12\/Captura-de-Pantalla-2023-12-04-a-las-19.12.50.png","datePublished":"2023-12-04T22:13:15+00:00","dateModified":"2023-12-04T22:13:22+00:00","author":{"@id":"https:\/\/dev.antudigital.cl\/sites\/vc\/#\/schema\/person\/c2b9da8dd545e27166fc5ab232837318"},"breadcrumb":{"@id":"https:\/\/dev.antudigital.cl\/sites\/vc\/el-regreso-de-estereo-marga-marga-el-programa-que-celebra-la-musica-y-la-cultura-de-la-provincia-de-marga-marga\/#breadcrumb"},"inLanguage":"es","potentialAction":[{"@type":"ReadAction","target":["https:\/\/dev.antudigital.cl\/sites\/vc\/el-regreso-de-estereo-marga-marga-el-programa-que-celebra-la-musica-y-la-cultura-de-la-provincia-de-marga-marga\/"]}]},{"@type":"ImageObject","inLanguage":"es","@id":"https:\/\/dev.antudigital.cl\/sites\/vc\/el-regreso-de-estereo-marga-marga-el-programa-que-celebra-la-musica-y-la-cultura-de-la-provincia-de-marga-marga\/#primaryimage","url":"https:\/\/dev.antudigital.cl\/sites\/vc\/wp-content\/uploads\/2023\/12\/Captura-de-Pantalla-2023-12-04-a-las-19.12.50.png","contentUrl":"https:\/\/dev.antudigital.cl\/sites\/vc\/wp-content\/uploads\/2023\/12\/Captura-de-Pantalla-2023-12-04-a-las-19.12.50.png","width":718,"height":168},{"@type":"BreadcrumbList","@id":"https:\/\/dev.antudigital.cl\/sites\/vc\/el-regreso-de-estereo-marga-marga-el-programa-que-celebra-la-musica-y-la-cultura-de-la-provincia-de-marga-marga\/#breadcrumb","itemListElement":[{"@type":"ListItem","position":1,"name":"Home","item":"https:\/\/dev.antudigital.cl\/sites\/vc\/"},{"@type":"ListItem","position":2,"name":"El regreso de \u201cEst\u00e9reo Marga Marga\u201d, el programa que celebra la m\u00fasica y la cultura de la Provincia de Marga Marga"}]},{"@type":"WebSite","@id":"https:\/\/dev.antudigital.cl\/sites\/vc\/#website","url":"https:\/\/dev.antudigital.cl\/sites\/vc\/","name":"Valpara\u00ed\u00adso Creativo","description":"","potentialAction":[{"@type":"SearchAction","target":{"@type":"EntryPoint","urlTemplate":"https:\/\/dev.antudigital.cl\/sites\/vc\/?s={search_term_string}"},"query-input":{"@type":"PropertyValueSpecification","valueRequired":true,"valueName":"search_term_string"}}],"inLanguage":"es"},{"@type":"Person","@id":"https:\/\/dev.antudigital.cl\/sites\/vc\/#\/schema\/person\/c2b9da8dd545e27166fc5ab232837318","name":"Valpara\u00edso Creativo","description":"Periodista de cultura en la Regi\u00f3n de Valpara\u00edso.","url":"https:\/\/dev.antudigital.cl\/sites\/vc\/author\/valpoadmin\/"}]}},"_links":{"self":[{"href":"https:\/\/dev.antudigital.cl\/sites\/vc\/wp-json\/wp\/v2\/posts\/17924","targetHints":{"allow":["GET"]}}],"collection":[{"href":"https:\/\/dev.antudigital.cl\/sites\/vc\/wp-json\/wp\/v2\/posts"}],"about":[{"href":"https:\/\/dev.antudigital.cl\/sites\/vc\/wp-json\/wp\/v2\/types\/post"}],"author":[{"embeddable":true,"href":"https:\/\/dev.antudigital.cl\/sites\/vc\/wp-json\/wp\/v2\/users\/1"}],"replies":[{"embeddable":true,"href":"https:\/\/dev.antudigital.cl\/sites\/vc\/wp-json\/wp\/v2\/comments?post=17924"}],"version-history":[{"count":1,"href":"https:\/\/dev.antudigital.cl\/sites\/vc\/wp-json\/wp\/v2\/posts\/17924\/revisions"}],"predecessor-version":[{"id":17927,"href":"https:\/\/dev.antudigital.cl\/sites\/vc\/wp-json\/wp\/v2\/posts\/17924\/revisions\/17927"}],"wp:featuredmedia":[{"embeddable":true,"href":"https:\/\/dev.antudigital.cl\/sites\/vc\/wp-json\/wp\/v2\/media\/17926"}],"wp:attachment":[{"href":"https:\/\/dev.antudigital.cl\/sites\/vc\/wp-json\/wp\/v2\/media?parent=17924"}],"wp:term":[{"taxonomy":"category","embeddable":true,"href":"https:\/\/dev.antudigital.cl\/sites\/vc\/wp-json\/wp\/v2\/categories?post=17924"},{"taxonomy":"post_tag","embeddable":true,"href":"https:\/\/dev.antudigital.cl\/sites\/vc\/wp-json\/wp\/v2\/tags?post=17924"}],"curies":[{"name":"wp","href":"https:\/\/api.w.org\/{rel}","templated":true}]}}