{"id":17933,"date":"2023-12-04T22:31:45","date_gmt":"2023-12-04T22:31:45","guid":{"rendered":"https:\/\/www.valparaisocreativo.cl\/?p=17933"},"modified":"2023-12-04T22:31:54","modified_gmt":"2023-12-04T22:31:54","slug":"fabi-se-une-a-mora-lucay-para-presentar-el-single-super-au","status":"publish","type":"post","link":"https:\/\/dev.antudigital.cl\/sites\/vc\/fabi-se-une-a-mora-lucay-para-presentar-el-single-super-au\/","title":{"rendered":"FABI se une a Mora Lucay para presentar el single \u00abS\u00faper A\u00da!\u00bb"},"content":{"rendered":"\n<p>El m\u00fasico y cantante <a href=\"https:\/\/www.instagram.com\/musicafabi\">Fabi<\/a> <strong>estren\u00f3 este 24 de noviembre el single \u201cS\u00faper AU!\u201d junto a la cantautora porte\u00f1a Mora Lucay<\/strong>. Una canci\u00f3n movida y pegajosa que trata acerca de superar las relaciones amorosas y el proceso que esto significa. Una invitaci\u00f3n a bailar, cantar y dejar ir.<\/p>\n\n\n\n<p>\u201cS\u00faper AU!\u201d es un juego de palabras que quiere decir \u00absuperado\u00bb, como establece <a href=\"https:\/\/www.instagram.com\/musicafabi\">Fabi<\/a>; \u201cTrata del t\u00e9rmino de una relaci\u00f3n, cuando pasa el tiempo y te vuelves a reunir con aquella persona, entendiendo que las heridas y lo que sucedi\u00f3 ya pas\u00f3, y cuando finalmente decides soltar, pero se mantiene el cari\u00f1o, la buena onda. Esto es necesario para emprender nuevos rumbos\u201d.<\/p>\n\n\n\n<figure class=\"wp-block-image size-large\"><img fetchpriority=\"high\" decoding=\"async\" width=\"1024\" height=\"1024\" src=\"https:\/\/www.valparaisocreativo.cl\/wp-content\/uploads\/2023\/12\/Fabi-_-Mora-clip-1024x1024.jpg\" alt=\"\" class=\"wp-image-17934\" srcset=\"https:\/\/dev.antudigital.cl\/sites\/vc\/wp-content\/uploads\/2023\/12\/Fabi-_-Mora-clip-1024x1024.jpg 1024w, https:\/\/dev.antudigital.cl\/sites\/vc\/wp-content\/uploads\/2023\/12\/Fabi-_-Mora-clip-300x300.jpg 300w, https:\/\/dev.antudigital.cl\/sites\/vc\/wp-content\/uploads\/2023\/12\/Fabi-_-Mora-clip-150x150.jpg 150w, https:\/\/dev.antudigital.cl\/sites\/vc\/wp-content\/uploads\/2023\/12\/Fabi-_-Mora-clip-768x768.jpg 768w, https:\/\/dev.antudigital.cl\/sites\/vc\/wp-content\/uploads\/2023\/12\/Fabi-_-Mora-clip-1536x1536.jpg 1536w, https:\/\/dev.antudigital.cl\/sites\/vc\/wp-content\/uploads\/2023\/12\/Fabi-_-Mora-clip-2048x2048.jpg 2048w, https:\/\/dev.antudigital.cl\/sites\/vc\/wp-content\/uploads\/2023\/12\/Fabi-_-Mora-clip-1080x1080.jpg 1080w, https:\/\/dev.antudigital.cl\/sites\/vc\/wp-content\/uploads\/2023\/12\/Fabi-_-Mora-clip-1280x1280.jpg 1280w, https:\/\/dev.antudigital.cl\/sites\/vc\/wp-content\/uploads\/2023\/12\/Fabi-_-Mora-clip-980x980.jpg 980w, https:\/\/dev.antudigital.cl\/sites\/vc\/wp-content\/uploads\/2023\/12\/Fabi-_-Mora-clip-480x480.jpg 480w, https:\/\/dev.antudigital.cl\/sites\/vc\/wp-content\/uploads\/2023\/12\/Fabi-_-Mora-clip-24x24.jpg 24w, https:\/\/dev.antudigital.cl\/sites\/vc\/wp-content\/uploads\/2023\/12\/Fabi-_-Mora-clip-36x36.jpg 36w, https:\/\/dev.antudigital.cl\/sites\/vc\/wp-content\/uploads\/2023\/12\/Fabi-_-Mora-clip-48x48.jpg 48w\" sizes=\"(max-width: 1024px) 100vw, 1024px\" \/><\/figure>\n\n\n\n<p>El single invita al baile y al movimiento, con melod\u00edas energ\u00e9ticas que inspiran a FABI y que se relacionan con el sonido que tambi\u00e9n propone Mora Lucay.&nbsp;<\/p>\n\n\n\n<p>Fabi lanz\u00f3 dos discos durante el pasado 2022, pero este 2023 ha ido m\u00e1s all\u00e1, saliendo de los sonidos que usualmente propone y buscando nuevos ritmos a trav\u00e9s de colaboraciones con artistas nacionales. Esto demuestra su versatilidad, que esta vez lo lleva a un lado a\u00fan m\u00e1s pop y l\u00fadico.<\/p>\n\n\n\n<figure class=\"wp-block-embed is-type-video is-provider-youtube wp-block-embed-youtube wp-embed-aspect-16-9 wp-has-aspect-ratio\"><div class=\"wp-block-embed__wrapper\">\n<iframe title=\"FABI ft. Mora Lucay - S\u00faper AU! (Videoclip Oficial)\" width=\"800\" height=\"450\" src=\"https:\/\/www.youtube.com\/embed\/lvxQpnEFj1M?feature=oembed\" frameborder=\"0\" allow=\"accelerometer; autoplay; clipboard-write; encrypted-media; gyroscope; picture-in-picture; web-share\" referrerpolicy=\"strict-origin-when-cross-origin\" allowfullscreen><\/iframe>\n<\/div><\/figure>\n\n\n\n<p>Por su parte, Mora Lucay comenta que el trabajo const\u00f3 de varias etapas, en las que ambos tuvieron incidencia creativa. Los dos artistas se involucraron en la producci\u00f3n de la canci\u00f3n que tiene como fecha de estreno el 24 de noviembre a trav\u00e9s de las diferentes plataformas de streaming digital (Spotify, Apple Music, Deezer, Amazon Music y Tidal), adem\u00e1s de un pr\u00f3ximo videoclip que grabaron en conjunto.<\/p>\n\n\n\n<p>\u201cCuando Fabi me mostr\u00f3 la canci\u00f3n, me llam\u00f3 la atenci\u00f3n su propuesta, muy energ\u00e9tica y viva, donde fuimos trabajando la letra y profundizando en lo que plantea. Creo que lo bonito de la canci\u00f3n es que tiene dos caras, ya que por un lado est\u00e1 superando su proceso amoroso, mientras que hay otra voz que resulta m\u00e1s da\u00f1ada. Estas dos posturas me parecieron atractivas. Siento que Fabi est\u00e1 haciendo cosas nuevas vocalmente, algo innovador, y eso me parece genial\u201d, agrega sobre el tema Mora Lucay.<\/p>\n\n\n\n<figure class=\"wp-block-image size-large\"><img decoding=\"async\" width=\"1024\" height=\"540\" src=\"https:\/\/www.valparaisocreativo.cl\/wp-content\/uploads\/2023\/12\/Fabi-clip-1024x540.jpg\" alt=\"\" class=\"wp-image-17936\" srcset=\"https:\/\/dev.antudigital.cl\/sites\/vc\/wp-content\/uploads\/2023\/12\/Fabi-clip-1024x540.jpg 1024w, https:\/\/dev.antudigital.cl\/sites\/vc\/wp-content\/uploads\/2023\/12\/Fabi-clip-300x158.jpg 300w, https:\/\/dev.antudigital.cl\/sites\/vc\/wp-content\/uploads\/2023\/12\/Fabi-clip-768x405.jpg 768w, https:\/\/dev.antudigital.cl\/sites\/vc\/wp-content\/uploads\/2023\/12\/Fabi-clip-1536x810.jpg 1536w, https:\/\/dev.antudigital.cl\/sites\/vc\/wp-content\/uploads\/2023\/12\/Fabi-clip-2048x1080.jpg 2048w, https:\/\/dev.antudigital.cl\/sites\/vc\/wp-content\/uploads\/2023\/12\/Fabi-clip-1080x570.jpg 1080w, https:\/\/dev.antudigital.cl\/sites\/vc\/wp-content\/uploads\/2023\/12\/Fabi-clip-1280x675.jpg 1280w, https:\/\/dev.antudigital.cl\/sites\/vc\/wp-content\/uploads\/2023\/12\/Fabi-clip-980x517.jpg 980w, https:\/\/dev.antudigital.cl\/sites\/vc\/wp-content\/uploads\/2023\/12\/Fabi-clip-480x253.jpg 480w, https:\/\/dev.antudigital.cl\/sites\/vc\/wp-content\/uploads\/2023\/12\/Fabi-clip-24x13.jpg 24w, https:\/\/dev.antudigital.cl\/sites\/vc\/wp-content\/uploads\/2023\/12\/Fabi-clip-36x19.jpg 36w, https:\/\/dev.antudigital.cl\/sites\/vc\/wp-content\/uploads\/2023\/12\/Fabi-clip-48x25.jpg 48w\" sizes=\"(max-width: 1024px) 100vw, 1024px\" \/><\/figure>\n\n\n\n<p><strong>\u201cS\u00faper AU!\u201d<\/strong> habla de liberarse y entregarse a lo nuevo luego de salir de una etapa, atravesando hacia otra. Todo esto se resume en un video que produjeron junto al realizador audiovisual Guillermo Ribbeck, quien plasma la energ\u00eda del single en un atractivo formato audiovisual. Se trata de un plano secuencial largo que recorre un trayecto con los protagonistas, destinados a reencontrarse y enfrentarse a esta nueva etapa. Todo grabado en Valpara\u00edso, de donde son tanto Fabi como Mora Lucay.<\/p>\n\n\n\n<figure class=\"wp-block-embed is-type-rich is-provider-spotify wp-block-embed-spotify wp-embed-aspect-21-9 wp-has-aspect-ratio\"><div class=\"wp-block-embed__wrapper\">\n<iframe title=\"Spotify Embed: S\u00faper Au!\" style=\"border-radius: 12px\" width=\"100%\" height=\"152\" frameborder=\"0\" allowfullscreen allow=\"autoplay; clipboard-write; encrypted-media; fullscreen; picture-in-picture\" loading=\"lazy\" src=\"https:\/\/open.spotify.com\/embed\/track\/6jbiOQ2OUnFLuAetpuVDDZ?si=3d003e5b4bda40a8&#038;utm_source=oembed\"><\/iframe>\n<\/div><\/figure>\n","protected":false},"excerpt":{"rendered":"<p>El m\u00fasico y cantante Fabi estren\u00f3 este 24 de noviembre el single \u201cS\u00faper AU!\u201d junto a la cantautora porte\u00f1a Mora Lucay. Una canci\u00f3n movida y pegajosa que trata acerca de superar las relaciones amorosas y el proceso que esto significa. Una invitaci\u00f3n a bailar, cantar y dejar ir. \u201cS\u00faper AU!\u201d es un juego de palabras [&hellip;]<\/p>\n","protected":false},"author":1,"featured_media":17935,"comment_status":"closed","ping_status":"closed","sticky":false,"template":"","format":"standard","meta":{"_acf_changed":false,"footnotes":""},"categories":[1],"tags":[],"class_list":["post-17933","post","type-post","status-publish","format-standard","has-post-thumbnail","hentry","category-uncategorized"],"acf":[],"yoast_head":"<!-- This site is optimized with the Yoast SEO plugin v27.1.1 - https:\/\/yoast.com\/product\/yoast-seo-wordpress\/ -->\n<title>FABI se une a Mora Lucay para presentar el single &quot;S\u00faper A\u00da!&quot; - Valpara\u00ed\u00adso Creativo<\/title>\n<meta name=\"robots\" content=\"index, follow, max-snippet:-1, max-image-preview:large, max-video-preview:-1\" \/>\n<link rel=\"canonical\" href=\"https:\/\/dev.antudigital.cl\/sites\/vc\/fabi-se-une-a-mora-lucay-para-presentar-el-single-super-au\/\" \/>\n<meta property=\"og:locale\" content=\"es_ES\" \/>\n<meta property=\"og:type\" content=\"article\" \/>\n<meta property=\"og:title\" content=\"FABI se une a Mora Lucay para presentar el single &quot;S\u00faper A\u00da!&quot; - Valpara\u00ed\u00adso Creativo\" \/>\n<meta property=\"og:description\" content=\"El m\u00fasico y cantante Fabi estren\u00f3 este 24 de noviembre el single \u201cS\u00faper AU!\u201d junto a la cantautora porte\u00f1a Mora Lucay. Una canci\u00f3n movida y pegajosa que trata acerca de superar las relaciones amorosas y el proceso que esto significa. Una invitaci\u00f3n a bailar, cantar y dejar ir. \u201cS\u00faper AU!\u201d es un juego de palabras [&hellip;]\" \/>\n<meta property=\"og:url\" content=\"https:\/\/dev.antudigital.cl\/sites\/vc\/fabi-se-une-a-mora-lucay-para-presentar-el-single-super-au\/\" \/>\n<meta property=\"og:site_name\" content=\"Valpara\u00ed\u00adso Creativo\" \/>\n<meta property=\"article:published_time\" content=\"2023-12-04T22:31:45+00:00\" \/>\n<meta property=\"article:modified_time\" content=\"2023-12-04T22:31:54+00:00\" \/>\n<meta property=\"og:image\" content=\"https:\/\/dev.antudigital.cl\/sites\/vc\/wp-content\/uploads\/2023\/12\/Fabi-clip-2-scaled.jpg\" \/>\n\t<meta property=\"og:image:width\" content=\"2560\" \/>\n\t<meta property=\"og:image:height\" content=\"1350\" \/>\n\t<meta property=\"og:image:type\" content=\"image\/jpeg\" \/>\n<meta name=\"author\" content=\"Valpara\u00edso Creativo\" \/>\n<meta name=\"twitter:card\" content=\"summary_large_image\" \/>\n<meta name=\"twitter:label1\" content=\"Escrito por\" \/>\n\t<meta name=\"twitter:data1\" content=\"Valpara\u00edso Creativo\" \/>\n\t<meta name=\"twitter:label2\" content=\"Tiempo de lectura\" \/>\n\t<meta name=\"twitter:data2\" content=\"3 minutos\" \/>\n<script type=\"application\/ld+json\" class=\"yoast-schema-graph\">{\"@context\":\"https:\/\/schema.org\",\"@graph\":[{\"@type\":\"Article\",\"@id\":\"https:\/\/dev.antudigital.cl\/sites\/vc\/fabi-se-une-a-mora-lucay-para-presentar-el-single-super-au\/#article\",\"isPartOf\":{\"@id\":\"https:\/\/dev.antudigital.cl\/sites\/vc\/fabi-se-une-a-mora-lucay-para-presentar-el-single-super-au\/\"},\"author\":{\"name\":\"Valpara\u00edso Creativo\",\"@id\":\"https:\/\/dev.antudigital.cl\/sites\/vc\/#\/schema\/person\/c2b9da8dd545e27166fc5ab232837318\"},\"headline\":\"FABI se une a Mora Lucay para presentar el single \u00abS\u00faper A\u00da!\u00bb\",\"datePublished\":\"2023-12-04T22:31:45+00:00\",\"dateModified\":\"2023-12-04T22:31:54+00:00\",\"mainEntityOfPage\":{\"@id\":\"https:\/\/dev.antudigital.cl\/sites\/vc\/fabi-se-une-a-mora-lucay-para-presentar-el-single-super-au\/\"},\"wordCount\":484,\"image\":{\"@id\":\"https:\/\/dev.antudigital.cl\/sites\/vc\/fabi-se-une-a-mora-lucay-para-presentar-el-single-super-au\/#primaryimage\"},\"thumbnailUrl\":\"https:\/\/dev.antudigital.cl\/sites\/vc\/wp-content\/uploads\/2023\/12\/Fabi-clip-2-scaled.jpg\",\"articleSection\":[\"Uncategorized\"],\"inLanguage\":\"es\"},{\"@type\":\"WebPage\",\"@id\":\"https:\/\/dev.antudigital.cl\/sites\/vc\/fabi-se-une-a-mora-lucay-para-presentar-el-single-super-au\/\",\"url\":\"https:\/\/dev.antudigital.cl\/sites\/vc\/fabi-se-une-a-mora-lucay-para-presentar-el-single-super-au\/\",\"name\":\"FABI se une a Mora Lucay para presentar el single \\\"S\u00faper A\u00da!\\\" - Valpara\u00ed\u00adso Creativo\",\"isPartOf\":{\"@id\":\"https:\/\/dev.antudigital.cl\/sites\/vc\/#website\"},\"primaryImageOfPage\":{\"@id\":\"https:\/\/dev.antudigital.cl\/sites\/vc\/fabi-se-une-a-mora-lucay-para-presentar-el-single-super-au\/#primaryimage\"},\"image\":{\"@id\":\"https:\/\/dev.antudigital.cl\/sites\/vc\/fabi-se-une-a-mora-lucay-para-presentar-el-single-super-au\/#primaryimage\"},\"thumbnailUrl\":\"https:\/\/dev.antudigital.cl\/sites\/vc\/wp-content\/uploads\/2023\/12\/Fabi-clip-2-scaled.jpg\",\"datePublished\":\"2023-12-04T22:31:45+00:00\",\"dateModified\":\"2023-12-04T22:31:54+00:00\",\"author\":{\"@id\":\"https:\/\/dev.antudigital.cl\/sites\/vc\/#\/schema\/person\/c2b9da8dd545e27166fc5ab232837318\"},\"breadcrumb\":{\"@id\":\"https:\/\/dev.antudigital.cl\/sites\/vc\/fabi-se-une-a-mora-lucay-para-presentar-el-single-super-au\/#breadcrumb\"},\"inLanguage\":\"es\",\"potentialAction\":[{\"@type\":\"ReadAction\",\"target\":[\"https:\/\/dev.antudigital.cl\/sites\/vc\/fabi-se-une-a-mora-lucay-para-presentar-el-single-super-au\/\"]}]},{\"@type\":\"ImageObject\",\"inLanguage\":\"es\",\"@id\":\"https:\/\/dev.antudigital.cl\/sites\/vc\/fabi-se-une-a-mora-lucay-para-presentar-el-single-super-au\/#primaryimage\",\"url\":\"https:\/\/dev.antudigital.cl\/sites\/vc\/wp-content\/uploads\/2023\/12\/Fabi-clip-2-scaled.jpg\",\"contentUrl\":\"https:\/\/dev.antudigital.cl\/sites\/vc\/wp-content\/uploads\/2023\/12\/Fabi-clip-2-scaled.jpg\",\"width\":2560,\"height\":1350},{\"@type\":\"BreadcrumbList\",\"@id\":\"https:\/\/dev.antudigital.cl\/sites\/vc\/fabi-se-une-a-mora-lucay-para-presentar-el-single-super-au\/#breadcrumb\",\"itemListElement\":[{\"@type\":\"ListItem\",\"position\":1,\"name\":\"Home\",\"item\":\"https:\/\/dev.antudigital.cl\/sites\/vc\/\"},{\"@type\":\"ListItem\",\"position\":2,\"name\":\"FABI se une a Mora Lucay para presentar el single \u00abS\u00faper A\u00da!\u00bb\"}]},{\"@type\":\"WebSite\",\"@id\":\"https:\/\/dev.antudigital.cl\/sites\/vc\/#website\",\"url\":\"https:\/\/dev.antudigital.cl\/sites\/vc\/\",\"name\":\"Valpara\u00ed\u00adso Creativo\",\"description\":\"\",\"potentialAction\":[{\"@type\":\"SearchAction\",\"target\":{\"@type\":\"EntryPoint\",\"urlTemplate\":\"https:\/\/dev.antudigital.cl\/sites\/vc\/?s={search_term_string}\"},\"query-input\":{\"@type\":\"PropertyValueSpecification\",\"valueRequired\":true,\"valueName\":\"search_term_string\"}}],\"inLanguage\":\"es\"},{\"@type\":\"Person\",\"@id\":\"https:\/\/dev.antudigital.cl\/sites\/vc\/#\/schema\/person\/c2b9da8dd545e27166fc5ab232837318\",\"name\":\"Valpara\u00edso Creativo\",\"description\":\"Periodista de cultura en la Regi\u00f3n de Valpara\u00edso.\",\"url\":\"https:\/\/dev.antudigital.cl\/sites\/vc\/author\/valpoadmin\/\"}]}<\/script>\n<!-- \/ Yoast SEO plugin. -->","yoast_head_json":{"title":"FABI se une a Mora Lucay para presentar el single \"S\u00faper A\u00da!\" - Valpara\u00ed\u00adso Creativo","robots":{"index":"index","follow":"follow","max-snippet":"max-snippet:-1","max-image-preview":"max-image-preview:large","max-video-preview":"max-video-preview:-1"},"canonical":"https:\/\/dev.antudigital.cl\/sites\/vc\/fabi-se-une-a-mora-lucay-para-presentar-el-single-super-au\/","og_locale":"es_ES","og_type":"article","og_title":"FABI se une a Mora Lucay para presentar el single \"S\u00faper A\u00da!\" - Valpara\u00ed\u00adso Creativo","og_description":"El m\u00fasico y cantante Fabi estren\u00f3 este 24 de noviembre el single \u201cS\u00faper AU!\u201d junto a la cantautora porte\u00f1a Mora Lucay. Una canci\u00f3n movida y pegajosa que trata acerca de superar las relaciones amorosas y el proceso que esto significa. Una invitaci\u00f3n a bailar, cantar y dejar ir. \u201cS\u00faper AU!\u201d es un juego de palabras [&hellip;]","og_url":"https:\/\/dev.antudigital.cl\/sites\/vc\/fabi-se-une-a-mora-lucay-para-presentar-el-single-super-au\/","og_site_name":"Valpara\u00ed\u00adso Creativo","article_published_time":"2023-12-04T22:31:45+00:00","article_modified_time":"2023-12-04T22:31:54+00:00","og_image":[{"width":2560,"height":1350,"url":"https:\/\/dev.antudigital.cl\/sites\/vc\/wp-content\/uploads\/2023\/12\/Fabi-clip-2-scaled.jpg","type":"image\/jpeg"}],"author":"Valpara\u00edso Creativo","twitter_card":"summary_large_image","twitter_misc":{"Escrito por":"Valpara\u00edso Creativo","Tiempo de lectura":"3 minutos"},"schema":{"@context":"https:\/\/schema.org","@graph":[{"@type":"Article","@id":"https:\/\/dev.antudigital.cl\/sites\/vc\/fabi-se-une-a-mora-lucay-para-presentar-el-single-super-au\/#article","isPartOf":{"@id":"https:\/\/dev.antudigital.cl\/sites\/vc\/fabi-se-une-a-mora-lucay-para-presentar-el-single-super-au\/"},"author":{"name":"Valpara\u00edso Creativo","@id":"https:\/\/dev.antudigital.cl\/sites\/vc\/#\/schema\/person\/c2b9da8dd545e27166fc5ab232837318"},"headline":"FABI se une a Mora Lucay para presentar el single \u00abS\u00faper A\u00da!\u00bb","datePublished":"2023-12-04T22:31:45+00:00","dateModified":"2023-12-04T22:31:54+00:00","mainEntityOfPage":{"@id":"https:\/\/dev.antudigital.cl\/sites\/vc\/fabi-se-une-a-mora-lucay-para-presentar-el-single-super-au\/"},"wordCount":484,"image":{"@id":"https:\/\/dev.antudigital.cl\/sites\/vc\/fabi-se-une-a-mora-lucay-para-presentar-el-single-super-au\/#primaryimage"},"thumbnailUrl":"https:\/\/dev.antudigital.cl\/sites\/vc\/wp-content\/uploads\/2023\/12\/Fabi-clip-2-scaled.jpg","articleSection":["Uncategorized"],"inLanguage":"es"},{"@type":"WebPage","@id":"https:\/\/dev.antudigital.cl\/sites\/vc\/fabi-se-une-a-mora-lucay-para-presentar-el-single-super-au\/","url":"https:\/\/dev.antudigital.cl\/sites\/vc\/fabi-se-une-a-mora-lucay-para-presentar-el-single-super-au\/","name":"FABI se une a Mora Lucay para presentar el single \"S\u00faper A\u00da!\" - Valpara\u00ed\u00adso Creativo","isPartOf":{"@id":"https:\/\/dev.antudigital.cl\/sites\/vc\/#website"},"primaryImageOfPage":{"@id":"https:\/\/dev.antudigital.cl\/sites\/vc\/fabi-se-une-a-mora-lucay-para-presentar-el-single-super-au\/#primaryimage"},"image":{"@id":"https:\/\/dev.antudigital.cl\/sites\/vc\/fabi-se-une-a-mora-lucay-para-presentar-el-single-super-au\/#primaryimage"},"thumbnailUrl":"https:\/\/dev.antudigital.cl\/sites\/vc\/wp-content\/uploads\/2023\/12\/Fabi-clip-2-scaled.jpg","datePublished":"2023-12-04T22:31:45+00:00","dateModified":"2023-12-04T22:31:54+00:00","author":{"@id":"https:\/\/dev.antudigital.cl\/sites\/vc\/#\/schema\/person\/c2b9da8dd545e27166fc5ab232837318"},"breadcrumb":{"@id":"https:\/\/dev.antudigital.cl\/sites\/vc\/fabi-se-une-a-mora-lucay-para-presentar-el-single-super-au\/#breadcrumb"},"inLanguage":"es","potentialAction":[{"@type":"ReadAction","target":["https:\/\/dev.antudigital.cl\/sites\/vc\/fabi-se-une-a-mora-lucay-para-presentar-el-single-super-au\/"]}]},{"@type":"ImageObject","inLanguage":"es","@id":"https:\/\/dev.antudigital.cl\/sites\/vc\/fabi-se-une-a-mora-lucay-para-presentar-el-single-super-au\/#primaryimage","url":"https:\/\/dev.antudigital.cl\/sites\/vc\/wp-content\/uploads\/2023\/12\/Fabi-clip-2-scaled.jpg","contentUrl":"https:\/\/dev.antudigital.cl\/sites\/vc\/wp-content\/uploads\/2023\/12\/Fabi-clip-2-scaled.jpg","width":2560,"height":1350},{"@type":"BreadcrumbList","@id":"https:\/\/dev.antudigital.cl\/sites\/vc\/fabi-se-une-a-mora-lucay-para-presentar-el-single-super-au\/#breadcrumb","itemListElement":[{"@type":"ListItem","position":1,"name":"Home","item":"https:\/\/dev.antudigital.cl\/sites\/vc\/"},{"@type":"ListItem","position":2,"name":"FABI se une a Mora Lucay para presentar el single \u00abS\u00faper A\u00da!\u00bb"}]},{"@type":"WebSite","@id":"https:\/\/dev.antudigital.cl\/sites\/vc\/#website","url":"https:\/\/dev.antudigital.cl\/sites\/vc\/","name":"Valpara\u00ed\u00adso Creativo","description":"","potentialAction":[{"@type":"SearchAction","target":{"@type":"EntryPoint","urlTemplate":"https:\/\/dev.antudigital.cl\/sites\/vc\/?s={search_term_string}"},"query-input":{"@type":"PropertyValueSpecification","valueRequired":true,"valueName":"search_term_string"}}],"inLanguage":"es"},{"@type":"Person","@id":"https:\/\/dev.antudigital.cl\/sites\/vc\/#\/schema\/person\/c2b9da8dd545e27166fc5ab232837318","name":"Valpara\u00edso Creativo","description":"Periodista de cultura en la Regi\u00f3n de Valpara\u00edso.","url":"https:\/\/dev.antudigital.cl\/sites\/vc\/author\/valpoadmin\/"}]}},"_links":{"self":[{"href":"https:\/\/dev.antudigital.cl\/sites\/vc\/wp-json\/wp\/v2\/posts\/17933","targetHints":{"allow":["GET"]}}],"collection":[{"href":"https:\/\/dev.antudigital.cl\/sites\/vc\/wp-json\/wp\/v2\/posts"}],"about":[{"href":"https:\/\/dev.antudigital.cl\/sites\/vc\/wp-json\/wp\/v2\/types\/post"}],"author":[{"embeddable":true,"href":"https:\/\/dev.antudigital.cl\/sites\/vc\/wp-json\/wp\/v2\/users\/1"}],"replies":[{"embeddable":true,"href":"https:\/\/dev.antudigital.cl\/sites\/vc\/wp-json\/wp\/v2\/comments?post=17933"}],"version-history":[{"count":1,"href":"https:\/\/dev.antudigital.cl\/sites\/vc\/wp-json\/wp\/v2\/posts\/17933\/revisions"}],"predecessor-version":[{"id":17939,"href":"https:\/\/dev.antudigital.cl\/sites\/vc\/wp-json\/wp\/v2\/posts\/17933\/revisions\/17939"}],"wp:featuredmedia":[{"embeddable":true,"href":"https:\/\/dev.antudigital.cl\/sites\/vc\/wp-json\/wp\/v2\/media\/17935"}],"wp:attachment":[{"href":"https:\/\/dev.antudigital.cl\/sites\/vc\/wp-json\/wp\/v2\/media?parent=17933"}],"wp:term":[{"taxonomy":"category","embeddable":true,"href":"https:\/\/dev.antudigital.cl\/sites\/vc\/wp-json\/wp\/v2\/categories?post=17933"},{"taxonomy":"post_tag","embeddable":true,"href":"https:\/\/dev.antudigital.cl\/sites\/vc\/wp-json\/wp\/v2\/tags?post=17933"}],"curies":[{"name":"wp","href":"https:\/\/api.w.org\/{rel}","templated":true}]}}