{"id":17940,"date":"2023-12-04T23:48:02","date_gmt":"2023-12-04T23:48:02","guid":{"rendered":"https:\/\/www.valparaisocreativo.cl\/?p=17940"},"modified":"2023-12-11T21:04:22","modified_gmt":"2023-12-11T21:04:22","slug":"desde-bolivia-la-experiencia-de-su-obando-y-grito-rock","status":"publish","type":"post","link":"https:\/\/dev.antudigital.cl\/sites\/vc\/desde-bolivia-la-experiencia-de-su-obando-y-grito-rock\/","title":{"rendered":"Desde Bolivia: la experiencia de Susana Obando Morales y \u00abGrito Rock\u00bb"},"content":{"rendered":"\n<p>Susana \u201cSu\u201d Obando Morales fue una de las expertas internacionales invitadas como parte de la curator\u00eda de programaci\u00f3n de Rock\u00f3dromo con una banda invitada de Bolivia, tambi\u00e9n particip\u00f3 en su \u00e1rea de Industria. Tuvimos la oportunidad de conversar en profundidad con ella, quien es CEO <a href=\"https:\/\/www.instagram.com\/gritorockbolivia\/?hl=es\">Grito Rock<\/a> y <a href=\"https:\/\/www.instagram.com\/suobandom\/\">EMV Music<\/a>.<\/p>\n\n\n\n<p>Su experiencia la ha llevado por diversas instancias promoviendo la paridad en las pr\u00e1cticas musicales, lo que tambi\u00e9n es parte de su quehacer.<\/p>\n\n\n\n<p><strong>\u00bfC\u00f3mo ha sido el camino de tus luchas, por ejemplo por lograr paridad y cupos de g\u00e9nero en instancias musicales? <\/strong><\/p>\n\n\n\n<p>-M\u00e1s que complicado el cupo de las mujeres en la Industria Musical, el tema tiene que ver con que haya un posicionamiento de la inclusi\u00f3n de g\u00e9nero, donde s\u00ed nos enfrentamos a un machismo muy torpe que tiene que ver con el ritmo de trabajo. Hay que dialogar con todas las capas de producci\u00f3n y eso es un desaf\u00edo, pues cada capa tiene sus c\u00f3digos, desde los artistas hasta el que ve los cables\u2026 todos tienen otra manera de pensar y l\u00f3gicas que hay que deconstruir. Nosotras desde Grito Rock, como productoras, hemos entrado a hacer esta tarea, de deconstrucci\u00f3n de pr\u00e1cticas y entender que todos somos un equipo, generando una narrativa de g\u00e9nero que es la que hay que posicionar. Hay que partir por eso: en tomar decisiones y eso es una posici\u00f3n de privilegio, lo s\u00e9, hay mujeres que no pueden hacerlo por diversas condiciones. Nosotras en Grito hemos posicionado esto y que todos y todas son parte de un equipo con roles y una cultura de g\u00e9nero que va con la producci\u00f3n del festival.<\/p>\n\n\n\n<p><strong>\u00bfDe qu\u00e9 manera crees que hay que avanzar en este sentido? \u00bfQu\u00e9 otro trabajo crees que hay que hacer desde el posicionamiento?<\/strong><\/p>\n\n\n\n<p>&#8211; Como mujeres nos falta \u201cempoderarnos\u201d y formarnos y generar un intercambio de informaci\u00f3n. He podido liderar mesas de trabajo y producciones y eso es un privilegio como dec\u00eda, pero a\u00fan estoy en un proceso de deconstrucci\u00f3n yo tambi\u00e9n. Siento que ah\u00ed hay mujeres que no tienen estas posibilidades, por lo que hay que hablar. Contar lo que hacemos y lo que nos pasa en los medios o trabajo. Intercambiar informaci\u00f3n permite acceder a instancias y formaci\u00f3n, lo que tiene que ver con este empoderamiento que hablaba: tener espacios que permitan crecer desde el compartir experiencias. Y hay que revisarnos como constante ejercicio, hombres y mujeres, intercambiar saberes y ser parte de redes que te permitan esto.<\/p>\n\n\n\n<p><strong>\u00bfC\u00f3mo ayuda ser parte de estas redes? \u00bfCrees que es necesario asociarse, vincularse?<\/strong><\/p>\n\n\n\n<p>-Es clave. Me destaco como la hija de las redes. Mi formaci\u00f3n tiene que ver con el lograr ser parte de diversos grupos en los que fui trabajando en equipo, lo que me permite apostar desde otra l\u00f3gica de trabajo, desde la inteligencia colectiva. Es importante pensar desde lo colectivo y consultar sobre las ideas y decisiones que una va formando. Las plataformas son fortalecimiento de conexiones afectivas, con quienes compartes informaci\u00f3n. Hay que tener mucha paciencia porque es un proceso largo, de tejer las redes, es permanente. En esa diversidad tambi\u00e9n est\u00e1 la riqueza y eso toma trabajo e impulso para mantenerlos, con protocolos de cuidado y contenci\u00f3n, donde la clave es comunicarse para ser parte de la comunidad.<\/p>\n\n\n\n<figure class=\"wp-block-image size-large\"><img fetchpriority=\"high\" decoding=\"async\" width=\"1024\" height=\"1024\" src=\"https:\/\/www.valparaisocreativo.cl\/wp-content\/uploads\/2023\/12\/WhatsApp-Image-2023-12-04-at-19.41.16-1024x1024.jpeg\" alt=\"\" class=\"wp-image-17944\" srcset=\"https:\/\/dev.antudigital.cl\/sites\/vc\/wp-content\/uploads\/2023\/12\/WhatsApp-Image-2023-12-04-at-19.41.16-1024x1024.jpeg 1024w, https:\/\/dev.antudigital.cl\/sites\/vc\/wp-content\/uploads\/2023\/12\/WhatsApp-Image-2023-12-04-at-19.41.16-300x300.jpeg 300w, https:\/\/dev.antudigital.cl\/sites\/vc\/wp-content\/uploads\/2023\/12\/WhatsApp-Image-2023-12-04-at-19.41.16-150x150.jpeg 150w, https:\/\/dev.antudigital.cl\/sites\/vc\/wp-content\/uploads\/2023\/12\/WhatsApp-Image-2023-12-04-at-19.41.16-768x768.jpeg 768w, https:\/\/dev.antudigital.cl\/sites\/vc\/wp-content\/uploads\/2023\/12\/WhatsApp-Image-2023-12-04-at-19.41.16-980x980.jpeg 980w, https:\/\/dev.antudigital.cl\/sites\/vc\/wp-content\/uploads\/2023\/12\/WhatsApp-Image-2023-12-04-at-19.41.16-480x480.jpeg 480w, https:\/\/dev.antudigital.cl\/sites\/vc\/wp-content\/uploads\/2023\/12\/WhatsApp-Image-2023-12-04-at-19.41.16-24x24.jpeg 24w, https:\/\/dev.antudigital.cl\/sites\/vc\/wp-content\/uploads\/2023\/12\/WhatsApp-Image-2023-12-04-at-19.41.16-36x36.jpeg 36w, https:\/\/dev.antudigital.cl\/sites\/vc\/wp-content\/uploads\/2023\/12\/WhatsApp-Image-2023-12-04-at-19.41.16-48x48.jpeg 48w, https:\/\/dev.antudigital.cl\/sites\/vc\/wp-content\/uploads\/2023\/12\/WhatsApp-Image-2023-12-04-at-19.41.16.jpeg 1080w\" sizes=\"(max-width: 1024px) 100vw, 1024px\" \/><\/figure>\n\n\n\n<p><strong>En otro tema, \u00bfc\u00f3mo ves la m\u00fasica en latinoam\u00e9rica? \u00bfQu\u00e9 es lo que has podido observar?<\/strong><\/p>\n\n\n\n<p>&#8211; Este a\u00f1o es lo que m\u00e1s nos hemos cuestionado con un grupo de productores en Grito Rock, donde hay gente de Colombia, Bolivia, Panam\u00e1 y Chile. Es dif\u00edcil seleccionar propuestas porque hay mucha diversidad. En el rock sobre todo, hay mucha transformaci\u00f3n. Se est\u00e1 dando que se abre el mundo a las colaboraciones, que es algo f\u00e1cil de entender para los artistas urbanos, pero no tanto en otros estilos, donde hay c\u00f3digos y estructura que les lleva a cierta est\u00e9tica m\u00e1s exigente, por as\u00ed decirlo. En este caso, siento que la m\u00fasica ha ido transform\u00e1ndose porque hay unas fusiones, m\u00e1s propuestas experimentales.\u00a0<\/p>\n\n\n\n<p>En Bolivia nos ha llamado la atenci\u00f3n la combinaci\u00f3n de estilos nuevos. Usar el sonido del agua, por ejemplo, o fusionar una parte chica de lo que es otro instrumento, y en Latinoam\u00e9rica se est\u00e1 dando esto que deriva en nuevos g\u00e9neros, que no caben en categor\u00edas, creo que ah\u00ed hay cosas interesantes.<\/p>\n\n\n\n<p>Otro ejemplo es que en Bolivia lleg\u00f3 una banda llamada Gavilla Changoreta, de Colombia, con un rock caribe\u00f1o impresionante que nos dej\u00f3 alucinados. Est\u00e1 lejos de lo tradicional. Nos demuestra que la salsa y el rock se pueden combinar y esto se est\u00e1 dando bastante en la regi\u00f3n. Sale algo interesante, fuera de la zona de confort y es que el p\u00fablico quiere ver cosas novedosas y combinaci\u00f3n de estilo. Creo que es una transformaci\u00f3n para bien en la m\u00fasica, engancha a nuevas generaciones tambi\u00e9n, pienso que va por ah\u00ed tambi\u00e9n: este ya no es el mundo de los 90, o de los 2000, es de una civilizaci\u00f3n mucho m\u00e1s compleja y la m\u00fasica debe representar eso. En Europa ya sucede, dialogan estilos que crean nuevas composiciones abiertas y diversas, libres.&nbsp;<\/p>\n\n\n\n<p><strong>\u00bfEs primera vez que vienes a Rock\u00f3dromo?<\/strong><\/p>\n\n\n\n<p>&#8211; S\u00ed, pero hab\u00eda conocido Valpara\u00edso.&nbsp;<\/p>\n\n\n\n<p><strong>\u00bfAc\u00e1 cu\u00e1l ha sido tu rol y cu\u00e1les son tus expectativas de la visita?<\/strong><\/p>\n\n\n\n<p>-Estoy bien agradecida, pues se ha intentado vincular y queremos celebrar esta alianza con Grito Rock, donde la idea es ahora llevar una banda de las Escuelas de Rock con su curadur\u00eda, as\u00ed es como yo vine a cerrar y fortalecer esa alianza a trav\u00e9s de acuerdos. A la vez, estoy ac\u00e1 como programadora y productora para intercambiar las pr\u00e1cticas y estoy acompa\u00f1ando a la banda<strong> La Poncho<\/strong> que estuvo en Rock\u00f3dromo, ya que representamos a la banda y les guiamos tambi\u00e9n en la actividad. Tambi\u00e9n es importante marcar presencia femenina en los encuentros, as\u00ed que ese es otro rol que vengo a compartir.<\/p>\n\n\n\n<p><strong>\u00bfC\u00f3mo es la escena musical en Bolivia?<\/strong><\/p>\n\n\n\n<p>-S\u00ed, es algo que existe como Industria pero m\u00e1s guiado a lo tropical y al folklore. El folklore boliviano es exquisito, rico y muy poderoso y con mucho impacto en cuanto a audiencias. Hay una buena calidad en relaci\u00f3n a composici\u00f3n musical y producci\u00f3n musical, hay bandas muy sobresalientes en diversos estilos, como <strong>La Poncho<\/strong>, que sabe mezclar g\u00e9neros diferentes, te interpela. Tambi\u00e9n tenemos <strong>La Luz Mandarina, <\/strong>que tiene una propuesta interesant\u00edsima, que est\u00e1n funcionando en su calidad, composici\u00f3n y la puesta en escena. Cada vez veo m\u00e1s escenarios conceptuales, con una exigencia mayor para el publico que logra generar comunidades fans, por ejemplo. <strong>Luzmila Carpio<\/strong> es otra maestra de la m\u00fasica boliviana, ella hace folklore y ha colaborado hasta con rock metal. Ella hace m\u00fasica bien l\u00edrica desde lo tradicional y los sonidos que se hacen en los pueblos ind\u00edgenas, es de una voz exquisita y que es \u00fanica. Tenemos mucha identidad e interculturalidad en cuesti\u00f3n de m\u00fasica.<\/p>\n\n\n\n<p><\/p>\n\n\n\n<p><strong>Conoce m\u00e1s de <a href=\"https:\/\/www.instagram.com\/suobandom\/\">Su en sus redes sociales.<\/a><\/strong><\/p>\n","protected":false},"excerpt":{"rendered":"<p>Susana \u201cSu\u201d Obando Morales fue una de las expertas internacionales invitadas como parte de la curator\u00eda de programaci\u00f3n de Rock\u00f3dromo con una banda invitada de Bolivia, tambi\u00e9n particip\u00f3 en su \u00e1rea de Industria. Tuvimos la oportunidad de conversar en profundidad con ella, quien es CEO Grito Rock y EMV Music. Su experiencia la ha llevado [&hellip;]<\/p>\n","protected":false},"author":1,"featured_media":17945,"comment_status":"closed","ping_status":"closed","sticky":false,"template":"","format":"standard","meta":{"_acf_changed":false,"footnotes":""},"categories":[218],"tags":[],"class_list":["post-17940","post","type-post","status-publish","format-standard","has-post-thumbnail","hentry","category-blog"],"acf":[],"yoast_head":"<!-- This site is optimized with the Yoast SEO plugin v27.1.1 - https:\/\/yoast.com\/product\/yoast-seo-wordpress\/ -->\n<title>Desde Bolivia: la experiencia de Susana Obando Morales y &quot;Grito Rock&quot; - Valpara\u00ed\u00adso Creativo<\/title>\n<meta name=\"robots\" content=\"index, follow, max-snippet:-1, max-image-preview:large, max-video-preview:-1\" \/>\n<link rel=\"canonical\" href=\"https:\/\/dev.antudigital.cl\/sites\/vc\/desde-bolivia-la-experiencia-de-su-obando-y-grito-rock\/\" \/>\n<meta property=\"og:locale\" content=\"es_ES\" \/>\n<meta property=\"og:type\" content=\"article\" \/>\n<meta property=\"og:title\" content=\"Desde Bolivia: la experiencia de Susana Obando Morales y &quot;Grito Rock&quot; - Valpara\u00ed\u00adso Creativo\" \/>\n<meta property=\"og:description\" content=\"Susana \u201cSu\u201d Obando Morales fue una de las expertas internacionales invitadas como parte de la curator\u00eda de programaci\u00f3n de Rock\u00f3dromo con una banda invitada de Bolivia, tambi\u00e9n particip\u00f3 en su \u00e1rea de Industria. Tuvimos la oportunidad de conversar en profundidad con ella, quien es CEO Grito Rock y EMV Music. Su experiencia la ha llevado [&hellip;]\" \/>\n<meta property=\"og:url\" content=\"https:\/\/dev.antudigital.cl\/sites\/vc\/desde-bolivia-la-experiencia-de-su-obando-y-grito-rock\/\" \/>\n<meta property=\"og:site_name\" content=\"Valpara\u00ed\u00adso Creativo\" \/>\n<meta property=\"article:published_time\" content=\"2023-12-04T23:48:02+00:00\" \/>\n<meta property=\"article:modified_time\" content=\"2023-12-11T21:04:22+00:00\" \/>\n<meta property=\"og:image\" content=\"https:\/\/dev.antudigital.cl\/sites\/vc\/wp-content\/uploads\/2023\/12\/WhatsApp-Image-2023-12-04-at-19.41.16-1.jpeg\" \/>\n\t<meta property=\"og:image:width\" content=\"800\" \/>\n\t<meta property=\"og:image:height\" content=\"569\" \/>\n\t<meta property=\"og:image:type\" content=\"image\/jpeg\" \/>\n<meta name=\"author\" content=\"Valpara\u00edso Creativo\" \/>\n<meta name=\"twitter:card\" content=\"summary_large_image\" \/>\n<meta name=\"twitter:label1\" content=\"Escrito por\" \/>\n\t<meta name=\"twitter:data1\" content=\"Valpara\u00edso Creativo\" \/>\n\t<meta name=\"twitter:label2\" content=\"Tiempo de lectura\" \/>\n\t<meta name=\"twitter:data2\" content=\"6 minutos\" \/>\n<script type=\"application\/ld+json\" class=\"yoast-schema-graph\">{\"@context\":\"https:\/\/schema.org\",\"@graph\":[{\"@type\":\"Article\",\"@id\":\"https:\/\/dev.antudigital.cl\/sites\/vc\/desde-bolivia-la-experiencia-de-su-obando-y-grito-rock\/#article\",\"isPartOf\":{\"@id\":\"https:\/\/dev.antudigital.cl\/sites\/vc\/desde-bolivia-la-experiencia-de-su-obando-y-grito-rock\/\"},\"author\":{\"name\":\"Valpara\u00edso Creativo\",\"@id\":\"https:\/\/dev.antudigital.cl\/sites\/vc\/#\/schema\/person\/c2b9da8dd545e27166fc5ab232837318\"},\"headline\":\"Desde Bolivia: la experiencia de Susana Obando Morales y \u00abGrito Rock\u00bb\",\"datePublished\":\"2023-12-04T23:48:02+00:00\",\"dateModified\":\"2023-12-11T21:04:22+00:00\",\"mainEntityOfPage\":{\"@id\":\"https:\/\/dev.antudigital.cl\/sites\/vc\/desde-bolivia-la-experiencia-de-su-obando-y-grito-rock\/\"},\"wordCount\":1255,\"image\":{\"@id\":\"https:\/\/dev.antudigital.cl\/sites\/vc\/desde-bolivia-la-experiencia-de-su-obando-y-grito-rock\/#primaryimage\"},\"thumbnailUrl\":\"https:\/\/dev.antudigital.cl\/sites\/vc\/wp-content\/uploads\/2023\/12\/WhatsApp-Image-2023-12-04-at-19.41.16-1.jpeg\",\"articleSection\":[\"Blog\"],\"inLanguage\":\"es\"},{\"@type\":\"WebPage\",\"@id\":\"https:\/\/dev.antudigital.cl\/sites\/vc\/desde-bolivia-la-experiencia-de-su-obando-y-grito-rock\/\",\"url\":\"https:\/\/dev.antudigital.cl\/sites\/vc\/desde-bolivia-la-experiencia-de-su-obando-y-grito-rock\/\",\"name\":\"Desde Bolivia: la experiencia de Susana Obando Morales y \\\"Grito Rock\\\" - Valpara\u00ed\u00adso Creativo\",\"isPartOf\":{\"@id\":\"https:\/\/dev.antudigital.cl\/sites\/vc\/#website\"},\"primaryImageOfPage\":{\"@id\":\"https:\/\/dev.antudigital.cl\/sites\/vc\/desde-bolivia-la-experiencia-de-su-obando-y-grito-rock\/#primaryimage\"},\"image\":{\"@id\":\"https:\/\/dev.antudigital.cl\/sites\/vc\/desde-bolivia-la-experiencia-de-su-obando-y-grito-rock\/#primaryimage\"},\"thumbnailUrl\":\"https:\/\/dev.antudigital.cl\/sites\/vc\/wp-content\/uploads\/2023\/12\/WhatsApp-Image-2023-12-04-at-19.41.16-1.jpeg\",\"datePublished\":\"2023-12-04T23:48:02+00:00\",\"dateModified\":\"2023-12-11T21:04:22+00:00\",\"author\":{\"@id\":\"https:\/\/dev.antudigital.cl\/sites\/vc\/#\/schema\/person\/c2b9da8dd545e27166fc5ab232837318\"},\"breadcrumb\":{\"@id\":\"https:\/\/dev.antudigital.cl\/sites\/vc\/desde-bolivia-la-experiencia-de-su-obando-y-grito-rock\/#breadcrumb\"},\"inLanguage\":\"es\",\"potentialAction\":[{\"@type\":\"ReadAction\",\"target\":[\"https:\/\/dev.antudigital.cl\/sites\/vc\/desde-bolivia-la-experiencia-de-su-obando-y-grito-rock\/\"]}]},{\"@type\":\"ImageObject\",\"inLanguage\":\"es\",\"@id\":\"https:\/\/dev.antudigital.cl\/sites\/vc\/desde-bolivia-la-experiencia-de-su-obando-y-grito-rock\/#primaryimage\",\"url\":\"https:\/\/dev.antudigital.cl\/sites\/vc\/wp-content\/uploads\/2023\/12\/WhatsApp-Image-2023-12-04-at-19.41.16-1.jpeg\",\"contentUrl\":\"https:\/\/dev.antudigital.cl\/sites\/vc\/wp-content\/uploads\/2023\/12\/WhatsApp-Image-2023-12-04-at-19.41.16-1.jpeg\",\"width\":800,\"height\":569},{\"@type\":\"BreadcrumbList\",\"@id\":\"https:\/\/dev.antudigital.cl\/sites\/vc\/desde-bolivia-la-experiencia-de-su-obando-y-grito-rock\/#breadcrumb\",\"itemListElement\":[{\"@type\":\"ListItem\",\"position\":1,\"name\":\"Home\",\"item\":\"https:\/\/dev.antudigital.cl\/sites\/vc\/\"},{\"@type\":\"ListItem\",\"position\":2,\"name\":\"Desde Bolivia: la experiencia de Susana Obando Morales y \u00abGrito Rock\u00bb\"}]},{\"@type\":\"WebSite\",\"@id\":\"https:\/\/dev.antudigital.cl\/sites\/vc\/#website\",\"url\":\"https:\/\/dev.antudigital.cl\/sites\/vc\/\",\"name\":\"Valpara\u00ed\u00adso Creativo\",\"description\":\"\",\"potentialAction\":[{\"@type\":\"SearchAction\",\"target\":{\"@type\":\"EntryPoint\",\"urlTemplate\":\"https:\/\/dev.antudigital.cl\/sites\/vc\/?s={search_term_string}\"},\"query-input\":{\"@type\":\"PropertyValueSpecification\",\"valueRequired\":true,\"valueName\":\"search_term_string\"}}],\"inLanguage\":\"es\"},{\"@type\":\"Person\",\"@id\":\"https:\/\/dev.antudigital.cl\/sites\/vc\/#\/schema\/person\/c2b9da8dd545e27166fc5ab232837318\",\"name\":\"Valpara\u00edso Creativo\",\"description\":\"Periodista de cultura en la Regi\u00f3n de Valpara\u00edso.\",\"url\":\"https:\/\/dev.antudigital.cl\/sites\/vc\/author\/valpoadmin\/\"}]}<\/script>\n<!-- \/ Yoast SEO plugin. -->","yoast_head_json":{"title":"Desde Bolivia: la experiencia de Susana Obando Morales y \"Grito Rock\" - Valpara\u00ed\u00adso Creativo","robots":{"index":"index","follow":"follow","max-snippet":"max-snippet:-1","max-image-preview":"max-image-preview:large","max-video-preview":"max-video-preview:-1"},"canonical":"https:\/\/dev.antudigital.cl\/sites\/vc\/desde-bolivia-la-experiencia-de-su-obando-y-grito-rock\/","og_locale":"es_ES","og_type":"article","og_title":"Desde Bolivia: la experiencia de Susana Obando Morales y \"Grito Rock\" - Valpara\u00ed\u00adso Creativo","og_description":"Susana \u201cSu\u201d Obando Morales fue una de las expertas internacionales invitadas como parte de la curator\u00eda de programaci\u00f3n de Rock\u00f3dromo con una banda invitada de Bolivia, tambi\u00e9n particip\u00f3 en su \u00e1rea de Industria. Tuvimos la oportunidad de conversar en profundidad con ella, quien es CEO Grito Rock y EMV Music. Su experiencia la ha llevado [&hellip;]","og_url":"https:\/\/dev.antudigital.cl\/sites\/vc\/desde-bolivia-la-experiencia-de-su-obando-y-grito-rock\/","og_site_name":"Valpara\u00ed\u00adso Creativo","article_published_time":"2023-12-04T23:48:02+00:00","article_modified_time":"2023-12-11T21:04:22+00:00","og_image":[{"width":800,"height":569,"url":"https:\/\/dev.antudigital.cl\/sites\/vc\/wp-content\/uploads\/2023\/12\/WhatsApp-Image-2023-12-04-at-19.41.16-1.jpeg","type":"image\/jpeg"}],"author":"Valpara\u00edso Creativo","twitter_card":"summary_large_image","twitter_misc":{"Escrito por":"Valpara\u00edso Creativo","Tiempo de lectura":"6 minutos"},"schema":{"@context":"https:\/\/schema.org","@graph":[{"@type":"Article","@id":"https:\/\/dev.antudigital.cl\/sites\/vc\/desde-bolivia-la-experiencia-de-su-obando-y-grito-rock\/#article","isPartOf":{"@id":"https:\/\/dev.antudigital.cl\/sites\/vc\/desde-bolivia-la-experiencia-de-su-obando-y-grito-rock\/"},"author":{"name":"Valpara\u00edso Creativo","@id":"https:\/\/dev.antudigital.cl\/sites\/vc\/#\/schema\/person\/c2b9da8dd545e27166fc5ab232837318"},"headline":"Desde Bolivia: la experiencia de Susana Obando Morales y \u00abGrito Rock\u00bb","datePublished":"2023-12-04T23:48:02+00:00","dateModified":"2023-12-11T21:04:22+00:00","mainEntityOfPage":{"@id":"https:\/\/dev.antudigital.cl\/sites\/vc\/desde-bolivia-la-experiencia-de-su-obando-y-grito-rock\/"},"wordCount":1255,"image":{"@id":"https:\/\/dev.antudigital.cl\/sites\/vc\/desde-bolivia-la-experiencia-de-su-obando-y-grito-rock\/#primaryimage"},"thumbnailUrl":"https:\/\/dev.antudigital.cl\/sites\/vc\/wp-content\/uploads\/2023\/12\/WhatsApp-Image-2023-12-04-at-19.41.16-1.jpeg","articleSection":["Blog"],"inLanguage":"es"},{"@type":"WebPage","@id":"https:\/\/dev.antudigital.cl\/sites\/vc\/desde-bolivia-la-experiencia-de-su-obando-y-grito-rock\/","url":"https:\/\/dev.antudigital.cl\/sites\/vc\/desde-bolivia-la-experiencia-de-su-obando-y-grito-rock\/","name":"Desde Bolivia: la experiencia de Susana Obando Morales y \"Grito Rock\" - Valpara\u00ed\u00adso Creativo","isPartOf":{"@id":"https:\/\/dev.antudigital.cl\/sites\/vc\/#website"},"primaryImageOfPage":{"@id":"https:\/\/dev.antudigital.cl\/sites\/vc\/desde-bolivia-la-experiencia-de-su-obando-y-grito-rock\/#primaryimage"},"image":{"@id":"https:\/\/dev.antudigital.cl\/sites\/vc\/desde-bolivia-la-experiencia-de-su-obando-y-grito-rock\/#primaryimage"},"thumbnailUrl":"https:\/\/dev.antudigital.cl\/sites\/vc\/wp-content\/uploads\/2023\/12\/WhatsApp-Image-2023-12-04-at-19.41.16-1.jpeg","datePublished":"2023-12-04T23:48:02+00:00","dateModified":"2023-12-11T21:04:22+00:00","author":{"@id":"https:\/\/dev.antudigital.cl\/sites\/vc\/#\/schema\/person\/c2b9da8dd545e27166fc5ab232837318"},"breadcrumb":{"@id":"https:\/\/dev.antudigital.cl\/sites\/vc\/desde-bolivia-la-experiencia-de-su-obando-y-grito-rock\/#breadcrumb"},"inLanguage":"es","potentialAction":[{"@type":"ReadAction","target":["https:\/\/dev.antudigital.cl\/sites\/vc\/desde-bolivia-la-experiencia-de-su-obando-y-grito-rock\/"]}]},{"@type":"ImageObject","inLanguage":"es","@id":"https:\/\/dev.antudigital.cl\/sites\/vc\/desde-bolivia-la-experiencia-de-su-obando-y-grito-rock\/#primaryimage","url":"https:\/\/dev.antudigital.cl\/sites\/vc\/wp-content\/uploads\/2023\/12\/WhatsApp-Image-2023-12-04-at-19.41.16-1.jpeg","contentUrl":"https:\/\/dev.antudigital.cl\/sites\/vc\/wp-content\/uploads\/2023\/12\/WhatsApp-Image-2023-12-04-at-19.41.16-1.jpeg","width":800,"height":569},{"@type":"BreadcrumbList","@id":"https:\/\/dev.antudigital.cl\/sites\/vc\/desde-bolivia-la-experiencia-de-su-obando-y-grito-rock\/#breadcrumb","itemListElement":[{"@type":"ListItem","position":1,"name":"Home","item":"https:\/\/dev.antudigital.cl\/sites\/vc\/"},{"@type":"ListItem","position":2,"name":"Desde Bolivia: la experiencia de Susana Obando Morales y \u00abGrito Rock\u00bb"}]},{"@type":"WebSite","@id":"https:\/\/dev.antudigital.cl\/sites\/vc\/#website","url":"https:\/\/dev.antudigital.cl\/sites\/vc\/","name":"Valpara\u00ed\u00adso Creativo","description":"","potentialAction":[{"@type":"SearchAction","target":{"@type":"EntryPoint","urlTemplate":"https:\/\/dev.antudigital.cl\/sites\/vc\/?s={search_term_string}"},"query-input":{"@type":"PropertyValueSpecification","valueRequired":true,"valueName":"search_term_string"}}],"inLanguage":"es"},{"@type":"Person","@id":"https:\/\/dev.antudigital.cl\/sites\/vc\/#\/schema\/person\/c2b9da8dd545e27166fc5ab232837318","name":"Valpara\u00edso Creativo","description":"Periodista de cultura en la Regi\u00f3n de Valpara\u00edso.","url":"https:\/\/dev.antudigital.cl\/sites\/vc\/author\/valpoadmin\/"}]}},"_links":{"self":[{"href":"https:\/\/dev.antudigital.cl\/sites\/vc\/wp-json\/wp\/v2\/posts\/17940","targetHints":{"allow":["GET"]}}],"collection":[{"href":"https:\/\/dev.antudigital.cl\/sites\/vc\/wp-json\/wp\/v2\/posts"}],"about":[{"href":"https:\/\/dev.antudigital.cl\/sites\/vc\/wp-json\/wp\/v2\/types\/post"}],"author":[{"embeddable":true,"href":"https:\/\/dev.antudigital.cl\/sites\/vc\/wp-json\/wp\/v2\/users\/1"}],"replies":[{"embeddable":true,"href":"https:\/\/dev.antudigital.cl\/sites\/vc\/wp-json\/wp\/v2\/comments?post=17940"}],"version-history":[{"count":4,"href":"https:\/\/dev.antudigital.cl\/sites\/vc\/wp-json\/wp\/v2\/posts\/17940\/revisions"}],"predecessor-version":[{"id":17955,"href":"https:\/\/dev.antudigital.cl\/sites\/vc\/wp-json\/wp\/v2\/posts\/17940\/revisions\/17955"}],"wp:featuredmedia":[{"embeddable":true,"href":"https:\/\/dev.antudigital.cl\/sites\/vc\/wp-json\/wp\/v2\/media\/17945"}],"wp:attachment":[{"href":"https:\/\/dev.antudigital.cl\/sites\/vc\/wp-json\/wp\/v2\/media?parent=17940"}],"wp:term":[{"taxonomy":"category","embeddable":true,"href":"https:\/\/dev.antudigital.cl\/sites\/vc\/wp-json\/wp\/v2\/categories?post=17940"},{"taxonomy":"post_tag","embeddable":true,"href":"https:\/\/dev.antudigital.cl\/sites\/vc\/wp-json\/wp\/v2\/tags?post=17940"}],"curies":[{"name":"wp","href":"https:\/\/api.w.org\/{rel}","templated":true}]}}