{"id":17961,"date":"2023-12-11T21:25:47","date_gmt":"2023-12-11T21:25:47","guid":{"rendered":"https:\/\/www.valparaisocreativo.cl\/?p=17961"},"modified":"2023-12-11T21:25:55","modified_gmt":"2023-12-11T21:25:55","slug":"artistas-de-territorios-creativos-se-reunen-en-una-nueva-edicion-de-pecha-kucha-valparaiso","status":"publish","type":"post","link":"https:\/\/dev.antudigital.cl\/sites\/vc\/artistas-de-territorios-creativos-se-reunen-en-una-nueva-edicion-de-pecha-kucha-valparaiso\/","title":{"rendered":"Artistas de Territorios Creativos se re\u00fanen en una nueva edici\u00f3n de Pecha Kucha Valpara\u00edso"},"content":{"rendered":"\n<p><em>Nota por: Constanza C\u00e1rdenas<\/em><\/p>\n\n\n\n<p><em>Fotograf\u00eda por: Tania L\u00f3pez<\/em><\/p>\n\n\n\n<p>Danza, fotograf\u00eda, muralismo, teatro y otras disciplinas se encontraron en la edici\u00f3n N\u00b019 de Pecha Kucha Valpara\u00edso, un espacio que pone en valor la cultura a trav\u00e9s de un novedoso formato en el que cada persona expone 20 im\u00e1genes con una duraci\u00f3n de 20 segundos cada una para dar a conocer su proyecto.<\/p>\n\n\n\n<p>El evento organizado por <a href=\"https:\/\/www.valparaisocreativo.cl\/\">Valpara\u00edso Creativo<\/a> y el <a href=\"https:\/\/hubmusical.cl\/\">Hub Musical<\/a> fue auspiciado por <a href=\"https:\/\/www.google.com\/search?q=cerveza+anfiteatro&amp;rlz=1C1CHBD_esCL1054CL1054&amp;oq=cerveza+anfiteatro&amp;gs_lcrp=EgZjaHJvbWUqCggAEAAY4wIYgAQyCggAEAAY4wIYgAQyDQgBEC4YrwEYxwEYgATSAQgzNDIxajBqOagCALACAA&amp;sourceid=chrome&amp;ie=UTF-8\">Cerveza Anfiteatro <\/a>y brind\u00f3 la posibilidad de conocer artistas y gestores que tienen una conexi\u00f3n directa con los territorios y comunidades. En esta oportunidad, se presentaron las experiencias de profesionales que, desde distintos \u00e1ngulos, se vinculan con los territorios a trav\u00e9s de su trabajo creativo.<\/p>\n\n\n\n<p>Abri\u00f3 la jornada Rodrigo G\u00f3mez Rovira, quien ha trabajado por a\u00f1os en el Festival Internacional de Fotograf\u00eda de Valpara\u00edso y la sigui\u00f3 Roc\u00edo Rivera Marchevsky, en representaci\u00f3n de Mundomoebio, una compa\u00f1\u00eda de danza fundada que hoy se conforma como un n\u00facleo creativo colectivo y transdisciplinar en permanente metamorf\u00f3sis.<\/p>\n\n\n\n<p>Estefan\u00eda Trujillo, actriz, docente y productora, tom\u00f3 la palabra para contar la experiencia del grupo de personas que trabajan de forma voluntaria desde 2016 para recobrar el Teatro Ode\u00f3n de Playa Ancha desde dos dimensiones: por una parte anhelan comprar y rehabilitar el espacio para recuperar la vida cultural de barrio y, a su vez, organizan actividades y brindan apoyo a quienes necesiten el espacio para iniciativas vinculadas al arte y la cultura.<\/p>\n\n\n\n<p>Sobre estos dos aspectos la actriz comenta: \u201cHicimos una encuesta en los colegios de Playa Ancha y logramos identificar diferentes necesidades insatisfechas: por un lado hay deseos de participar de manifestaciones culturales y, por otro, de ser espectador\/a\u201d.<\/p>\n\n\n\n<p>La noche sigui\u00f3 con la exposici\u00f3n de Horacio Silva Duarte para conocer la ONG En Colores, que a trav\u00e9s de la contribuci\u00f3n pict\u00f3rica monumental y el desarrollo de los sectores a trav\u00e9s del aporte de \u00e1reas verdes busca fomentar la organizaci\u00f3n de los vecinos en distintos barrios de la regi\u00f3n.<\/p>\n\n\n\n<p>Finaliz\u00f3 la ronda de presentaciones Allan Halley, dise\u00f1ador gr\u00e1fico y pintor que desde 2018 lleva su arte a diversos pa\u00edses de Latinoam\u00e9rica y Europa entre los que se encuentra Bolivia, Per\u00fa, Espa\u00f1a y Portugal, entre otros.<\/p>\n\n\n\n<p>En relaci\u00f3n a la oportunidad de compartir su proceso creativo con el p\u00fablico el muralista coment\u00f3: \u201cLa carrera de artista suele ser bastante solitaria, excepto cuando estoy pintando en la calle: en esos momentos la gente me saluda, me felicita y me da su opini\u00f3n, pero gran parte del tiempo estoy yo con la obra. Estas instancias te permiten sociabilizar y visibilizar su trasfondo, algo que como artistas no hacemos tanto porque nos cuestan m\u00e1s las palabras y nos salen mejor las im\u00e1genes\u201d.<\/p>\n","protected":false},"excerpt":{"rendered":"<p>Nota por: Constanza C\u00e1rdenas Fotograf\u00eda por: Tania L\u00f3pez Danza, fotograf\u00eda, muralismo, teatro y otras disciplinas se encontraron en la edici\u00f3n N\u00b019 de Pecha Kucha Valpara\u00edso, un espacio que pone en valor la cultura a trav\u00e9s de un novedoso formato en el que cada persona expone 20 im\u00e1genes con una duraci\u00f3n de 20 segundos cada una [&hellip;]<\/p>\n","protected":false},"author":1,"featured_media":17962,"comment_status":"closed","ping_status":"closed","sticky":false,"template":"","format":"standard","meta":{"_acf_changed":false,"footnotes":""},"categories":[218],"tags":[],"class_list":["post-17961","post","type-post","status-publish","format-standard","has-post-thumbnail","hentry","category-blog"],"acf":[],"yoast_head":"<!-- This site is optimized with the Yoast SEO plugin v27.1.1 - https:\/\/yoast.com\/product\/yoast-seo-wordpress\/ -->\n<title>Artistas de Territorios Creativos se re\u00fanen en una nueva edici\u00f3n de Pecha Kucha Valpara\u00edso - Valpara\u00ed\u00adso Creativo<\/title>\n<meta name=\"robots\" content=\"index, follow, max-snippet:-1, max-image-preview:large, max-video-preview:-1\" \/>\n<link rel=\"canonical\" href=\"https:\/\/dev.antudigital.cl\/sites\/vc\/artistas-de-territorios-creativos-se-reunen-en-una-nueva-edicion-de-pecha-kucha-valparaiso\/\" \/>\n<meta property=\"og:locale\" content=\"es_ES\" \/>\n<meta property=\"og:type\" content=\"article\" \/>\n<meta property=\"og:title\" content=\"Artistas de Territorios Creativos se re\u00fanen en una nueva edici\u00f3n de Pecha Kucha Valpara\u00edso - Valpara\u00ed\u00adso Creativo\" \/>\n<meta property=\"og:description\" content=\"Nota por: Constanza C\u00e1rdenas Fotograf\u00eda por: Tania L\u00f3pez Danza, fotograf\u00eda, muralismo, teatro y otras disciplinas se encontraron en la edici\u00f3n N\u00b019 de Pecha Kucha Valpara\u00edso, un espacio que pone en valor la cultura a trav\u00e9s de un novedoso formato en el que cada persona expone 20 im\u00e1genes con una duraci\u00f3n de 20 segundos cada una [&hellip;]\" \/>\n<meta property=\"og:url\" content=\"https:\/\/dev.antudigital.cl\/sites\/vc\/artistas-de-territorios-creativos-se-reunen-en-una-nueva-edicion-de-pecha-kucha-valparaiso\/\" \/>\n<meta property=\"og:site_name\" content=\"Valpara\u00ed\u00adso Creativo\" \/>\n<meta property=\"article:published_time\" content=\"2023-12-11T21:25:47+00:00\" \/>\n<meta property=\"article:modified_time\" content=\"2023-12-11T21:25:55+00:00\" \/>\n<meta property=\"og:image\" content=\"https:\/\/dev.antudigital.cl\/sites\/vc\/wp-content\/uploads\/2023\/12\/WhatsApp-Image-2023-12-11-at-14.28.49.jpeg\" \/>\n\t<meta property=\"og:image:width\" content=\"1600\" \/>\n\t<meta property=\"og:image:height\" content=\"1068\" \/>\n\t<meta property=\"og:image:type\" content=\"image\/jpeg\" \/>\n<meta name=\"author\" content=\"Valpara\u00edso Creativo\" \/>\n<meta name=\"twitter:card\" content=\"summary_large_image\" \/>\n<meta name=\"twitter:label1\" content=\"Escrito por\" \/>\n\t<meta name=\"twitter:data1\" content=\"Valpara\u00edso Creativo\" \/>\n\t<meta name=\"twitter:label2\" content=\"Tiempo de lectura\" \/>\n\t<meta name=\"twitter:data2\" content=\"3 minutos\" \/>\n<script type=\"application\/ld+json\" class=\"yoast-schema-graph\">{\"@context\":\"https:\/\/schema.org\",\"@graph\":[{\"@type\":\"Article\",\"@id\":\"https:\/\/dev.antudigital.cl\/sites\/vc\/artistas-de-territorios-creativos-se-reunen-en-una-nueva-edicion-de-pecha-kucha-valparaiso\/#article\",\"isPartOf\":{\"@id\":\"https:\/\/dev.antudigital.cl\/sites\/vc\/artistas-de-territorios-creativos-se-reunen-en-una-nueva-edicion-de-pecha-kucha-valparaiso\/\"},\"author\":{\"name\":\"Valpara\u00edso Creativo\",\"@id\":\"https:\/\/dev.antudigital.cl\/sites\/vc\/#\/schema\/person\/c2b9da8dd545e27166fc5ab232837318\"},\"headline\":\"Artistas de Territorios Creativos se re\u00fanen en una nueva edici\u00f3n de Pecha Kucha Valpara\u00edso\",\"datePublished\":\"2023-12-11T21:25:47+00:00\",\"dateModified\":\"2023-12-11T21:25:55+00:00\",\"mainEntityOfPage\":{\"@id\":\"https:\/\/dev.antudigital.cl\/sites\/vc\/artistas-de-territorios-creativos-se-reunen-en-una-nueva-edicion-de-pecha-kucha-valparaiso\/\"},\"wordCount\":501,\"image\":{\"@id\":\"https:\/\/dev.antudigital.cl\/sites\/vc\/artistas-de-territorios-creativos-se-reunen-en-una-nueva-edicion-de-pecha-kucha-valparaiso\/#primaryimage\"},\"thumbnailUrl\":\"https:\/\/dev.antudigital.cl\/sites\/vc\/wp-content\/uploads\/2023\/12\/WhatsApp-Image-2023-12-11-at-14.28.49.jpeg\",\"articleSection\":[\"Blog\"],\"inLanguage\":\"es\"},{\"@type\":\"WebPage\",\"@id\":\"https:\/\/dev.antudigital.cl\/sites\/vc\/artistas-de-territorios-creativos-se-reunen-en-una-nueva-edicion-de-pecha-kucha-valparaiso\/\",\"url\":\"https:\/\/dev.antudigital.cl\/sites\/vc\/artistas-de-territorios-creativos-se-reunen-en-una-nueva-edicion-de-pecha-kucha-valparaiso\/\",\"name\":\"Artistas de Territorios Creativos se re\u00fanen en una nueva edici\u00f3n de Pecha Kucha Valpara\u00edso - Valpara\u00ed\u00adso Creativo\",\"isPartOf\":{\"@id\":\"https:\/\/dev.antudigital.cl\/sites\/vc\/#website\"},\"primaryImageOfPage\":{\"@id\":\"https:\/\/dev.antudigital.cl\/sites\/vc\/artistas-de-territorios-creativos-se-reunen-en-una-nueva-edicion-de-pecha-kucha-valparaiso\/#primaryimage\"},\"image\":{\"@id\":\"https:\/\/dev.antudigital.cl\/sites\/vc\/artistas-de-territorios-creativos-se-reunen-en-una-nueva-edicion-de-pecha-kucha-valparaiso\/#primaryimage\"},\"thumbnailUrl\":\"https:\/\/dev.antudigital.cl\/sites\/vc\/wp-content\/uploads\/2023\/12\/WhatsApp-Image-2023-12-11-at-14.28.49.jpeg\",\"datePublished\":\"2023-12-11T21:25:47+00:00\",\"dateModified\":\"2023-12-11T21:25:55+00:00\",\"author\":{\"@id\":\"https:\/\/dev.antudigital.cl\/sites\/vc\/#\/schema\/person\/c2b9da8dd545e27166fc5ab232837318\"},\"breadcrumb\":{\"@id\":\"https:\/\/dev.antudigital.cl\/sites\/vc\/artistas-de-territorios-creativos-se-reunen-en-una-nueva-edicion-de-pecha-kucha-valparaiso\/#breadcrumb\"},\"inLanguage\":\"es\",\"potentialAction\":[{\"@type\":\"ReadAction\",\"target\":[\"https:\/\/dev.antudigital.cl\/sites\/vc\/artistas-de-territorios-creativos-se-reunen-en-una-nueva-edicion-de-pecha-kucha-valparaiso\/\"]}]},{\"@type\":\"ImageObject\",\"inLanguage\":\"es\",\"@id\":\"https:\/\/dev.antudigital.cl\/sites\/vc\/artistas-de-territorios-creativos-se-reunen-en-una-nueva-edicion-de-pecha-kucha-valparaiso\/#primaryimage\",\"url\":\"https:\/\/dev.antudigital.cl\/sites\/vc\/wp-content\/uploads\/2023\/12\/WhatsApp-Image-2023-12-11-at-14.28.49.jpeg\",\"contentUrl\":\"https:\/\/dev.antudigital.cl\/sites\/vc\/wp-content\/uploads\/2023\/12\/WhatsApp-Image-2023-12-11-at-14.28.49.jpeg\",\"width\":1600,\"height\":1068},{\"@type\":\"BreadcrumbList\",\"@id\":\"https:\/\/dev.antudigital.cl\/sites\/vc\/artistas-de-territorios-creativos-se-reunen-en-una-nueva-edicion-de-pecha-kucha-valparaiso\/#breadcrumb\",\"itemListElement\":[{\"@type\":\"ListItem\",\"position\":1,\"name\":\"Home\",\"item\":\"https:\/\/dev.antudigital.cl\/sites\/vc\/\"},{\"@type\":\"ListItem\",\"position\":2,\"name\":\"Artistas de Territorios Creativos se re\u00fanen en una nueva edici\u00f3n de Pecha Kucha Valpara\u00edso\"}]},{\"@type\":\"WebSite\",\"@id\":\"https:\/\/dev.antudigital.cl\/sites\/vc\/#website\",\"url\":\"https:\/\/dev.antudigital.cl\/sites\/vc\/\",\"name\":\"Valpara\u00ed\u00adso Creativo\",\"description\":\"\",\"potentialAction\":[{\"@type\":\"SearchAction\",\"target\":{\"@type\":\"EntryPoint\",\"urlTemplate\":\"https:\/\/dev.antudigital.cl\/sites\/vc\/?s={search_term_string}\"},\"query-input\":{\"@type\":\"PropertyValueSpecification\",\"valueRequired\":true,\"valueName\":\"search_term_string\"}}],\"inLanguage\":\"es\"},{\"@type\":\"Person\",\"@id\":\"https:\/\/dev.antudigital.cl\/sites\/vc\/#\/schema\/person\/c2b9da8dd545e27166fc5ab232837318\",\"name\":\"Valpara\u00edso Creativo\",\"description\":\"Periodista de cultura en la Regi\u00f3n de Valpara\u00edso.\",\"url\":\"https:\/\/dev.antudigital.cl\/sites\/vc\/author\/valpoadmin\/\"}]}<\/script>\n<!-- \/ Yoast SEO plugin. -->","yoast_head_json":{"title":"Artistas de Territorios Creativos se re\u00fanen en una nueva edici\u00f3n de Pecha Kucha Valpara\u00edso - Valpara\u00ed\u00adso Creativo","robots":{"index":"index","follow":"follow","max-snippet":"max-snippet:-1","max-image-preview":"max-image-preview:large","max-video-preview":"max-video-preview:-1"},"canonical":"https:\/\/dev.antudigital.cl\/sites\/vc\/artistas-de-territorios-creativos-se-reunen-en-una-nueva-edicion-de-pecha-kucha-valparaiso\/","og_locale":"es_ES","og_type":"article","og_title":"Artistas de Territorios Creativos se re\u00fanen en una nueva edici\u00f3n de Pecha Kucha Valpara\u00edso - Valpara\u00ed\u00adso Creativo","og_description":"Nota por: Constanza C\u00e1rdenas Fotograf\u00eda por: Tania L\u00f3pez Danza, fotograf\u00eda, muralismo, teatro y otras disciplinas se encontraron en la edici\u00f3n N\u00b019 de Pecha Kucha Valpara\u00edso, un espacio que pone en valor la cultura a trav\u00e9s de un novedoso formato en el que cada persona expone 20 im\u00e1genes con una duraci\u00f3n de 20 segundos cada una [&hellip;]","og_url":"https:\/\/dev.antudigital.cl\/sites\/vc\/artistas-de-territorios-creativos-se-reunen-en-una-nueva-edicion-de-pecha-kucha-valparaiso\/","og_site_name":"Valpara\u00ed\u00adso Creativo","article_published_time":"2023-12-11T21:25:47+00:00","article_modified_time":"2023-12-11T21:25:55+00:00","og_image":[{"width":1600,"height":1068,"url":"https:\/\/dev.antudigital.cl\/sites\/vc\/wp-content\/uploads\/2023\/12\/WhatsApp-Image-2023-12-11-at-14.28.49.jpeg","type":"image\/jpeg"}],"author":"Valpara\u00edso Creativo","twitter_card":"summary_large_image","twitter_misc":{"Escrito por":"Valpara\u00edso Creativo","Tiempo de lectura":"3 minutos"},"schema":{"@context":"https:\/\/schema.org","@graph":[{"@type":"Article","@id":"https:\/\/dev.antudigital.cl\/sites\/vc\/artistas-de-territorios-creativos-se-reunen-en-una-nueva-edicion-de-pecha-kucha-valparaiso\/#article","isPartOf":{"@id":"https:\/\/dev.antudigital.cl\/sites\/vc\/artistas-de-territorios-creativos-se-reunen-en-una-nueva-edicion-de-pecha-kucha-valparaiso\/"},"author":{"name":"Valpara\u00edso Creativo","@id":"https:\/\/dev.antudigital.cl\/sites\/vc\/#\/schema\/person\/c2b9da8dd545e27166fc5ab232837318"},"headline":"Artistas de Territorios Creativos se re\u00fanen en una nueva edici\u00f3n de Pecha Kucha Valpara\u00edso","datePublished":"2023-12-11T21:25:47+00:00","dateModified":"2023-12-11T21:25:55+00:00","mainEntityOfPage":{"@id":"https:\/\/dev.antudigital.cl\/sites\/vc\/artistas-de-territorios-creativos-se-reunen-en-una-nueva-edicion-de-pecha-kucha-valparaiso\/"},"wordCount":501,"image":{"@id":"https:\/\/dev.antudigital.cl\/sites\/vc\/artistas-de-territorios-creativos-se-reunen-en-una-nueva-edicion-de-pecha-kucha-valparaiso\/#primaryimage"},"thumbnailUrl":"https:\/\/dev.antudigital.cl\/sites\/vc\/wp-content\/uploads\/2023\/12\/WhatsApp-Image-2023-12-11-at-14.28.49.jpeg","articleSection":["Blog"],"inLanguage":"es"},{"@type":"WebPage","@id":"https:\/\/dev.antudigital.cl\/sites\/vc\/artistas-de-territorios-creativos-se-reunen-en-una-nueva-edicion-de-pecha-kucha-valparaiso\/","url":"https:\/\/dev.antudigital.cl\/sites\/vc\/artistas-de-territorios-creativos-se-reunen-en-una-nueva-edicion-de-pecha-kucha-valparaiso\/","name":"Artistas de Territorios Creativos se re\u00fanen en una nueva edici\u00f3n de Pecha Kucha Valpara\u00edso - Valpara\u00ed\u00adso Creativo","isPartOf":{"@id":"https:\/\/dev.antudigital.cl\/sites\/vc\/#website"},"primaryImageOfPage":{"@id":"https:\/\/dev.antudigital.cl\/sites\/vc\/artistas-de-territorios-creativos-se-reunen-en-una-nueva-edicion-de-pecha-kucha-valparaiso\/#primaryimage"},"image":{"@id":"https:\/\/dev.antudigital.cl\/sites\/vc\/artistas-de-territorios-creativos-se-reunen-en-una-nueva-edicion-de-pecha-kucha-valparaiso\/#primaryimage"},"thumbnailUrl":"https:\/\/dev.antudigital.cl\/sites\/vc\/wp-content\/uploads\/2023\/12\/WhatsApp-Image-2023-12-11-at-14.28.49.jpeg","datePublished":"2023-12-11T21:25:47+00:00","dateModified":"2023-12-11T21:25:55+00:00","author":{"@id":"https:\/\/dev.antudigital.cl\/sites\/vc\/#\/schema\/person\/c2b9da8dd545e27166fc5ab232837318"},"breadcrumb":{"@id":"https:\/\/dev.antudigital.cl\/sites\/vc\/artistas-de-territorios-creativos-se-reunen-en-una-nueva-edicion-de-pecha-kucha-valparaiso\/#breadcrumb"},"inLanguage":"es","potentialAction":[{"@type":"ReadAction","target":["https:\/\/dev.antudigital.cl\/sites\/vc\/artistas-de-territorios-creativos-se-reunen-en-una-nueva-edicion-de-pecha-kucha-valparaiso\/"]}]},{"@type":"ImageObject","inLanguage":"es","@id":"https:\/\/dev.antudigital.cl\/sites\/vc\/artistas-de-territorios-creativos-se-reunen-en-una-nueva-edicion-de-pecha-kucha-valparaiso\/#primaryimage","url":"https:\/\/dev.antudigital.cl\/sites\/vc\/wp-content\/uploads\/2023\/12\/WhatsApp-Image-2023-12-11-at-14.28.49.jpeg","contentUrl":"https:\/\/dev.antudigital.cl\/sites\/vc\/wp-content\/uploads\/2023\/12\/WhatsApp-Image-2023-12-11-at-14.28.49.jpeg","width":1600,"height":1068},{"@type":"BreadcrumbList","@id":"https:\/\/dev.antudigital.cl\/sites\/vc\/artistas-de-territorios-creativos-se-reunen-en-una-nueva-edicion-de-pecha-kucha-valparaiso\/#breadcrumb","itemListElement":[{"@type":"ListItem","position":1,"name":"Home","item":"https:\/\/dev.antudigital.cl\/sites\/vc\/"},{"@type":"ListItem","position":2,"name":"Artistas de Territorios Creativos se re\u00fanen en una nueva edici\u00f3n de Pecha Kucha Valpara\u00edso"}]},{"@type":"WebSite","@id":"https:\/\/dev.antudigital.cl\/sites\/vc\/#website","url":"https:\/\/dev.antudigital.cl\/sites\/vc\/","name":"Valpara\u00ed\u00adso Creativo","description":"","potentialAction":[{"@type":"SearchAction","target":{"@type":"EntryPoint","urlTemplate":"https:\/\/dev.antudigital.cl\/sites\/vc\/?s={search_term_string}"},"query-input":{"@type":"PropertyValueSpecification","valueRequired":true,"valueName":"search_term_string"}}],"inLanguage":"es"},{"@type":"Person","@id":"https:\/\/dev.antudigital.cl\/sites\/vc\/#\/schema\/person\/c2b9da8dd545e27166fc5ab232837318","name":"Valpara\u00edso Creativo","description":"Periodista de cultura en la Regi\u00f3n de Valpara\u00edso.","url":"https:\/\/dev.antudigital.cl\/sites\/vc\/author\/valpoadmin\/"}]}},"_links":{"self":[{"href":"https:\/\/dev.antudigital.cl\/sites\/vc\/wp-json\/wp\/v2\/posts\/17961","targetHints":{"allow":["GET"]}}],"collection":[{"href":"https:\/\/dev.antudigital.cl\/sites\/vc\/wp-json\/wp\/v2\/posts"}],"about":[{"href":"https:\/\/dev.antudigital.cl\/sites\/vc\/wp-json\/wp\/v2\/types\/post"}],"author":[{"embeddable":true,"href":"https:\/\/dev.antudigital.cl\/sites\/vc\/wp-json\/wp\/v2\/users\/1"}],"replies":[{"embeddable":true,"href":"https:\/\/dev.antudigital.cl\/sites\/vc\/wp-json\/wp\/v2\/comments?post=17961"}],"version-history":[{"count":1,"href":"https:\/\/dev.antudigital.cl\/sites\/vc\/wp-json\/wp\/v2\/posts\/17961\/revisions"}],"predecessor-version":[{"id":17963,"href":"https:\/\/dev.antudigital.cl\/sites\/vc\/wp-json\/wp\/v2\/posts\/17961\/revisions\/17963"}],"wp:featuredmedia":[{"embeddable":true,"href":"https:\/\/dev.antudigital.cl\/sites\/vc\/wp-json\/wp\/v2\/media\/17962"}],"wp:attachment":[{"href":"https:\/\/dev.antudigital.cl\/sites\/vc\/wp-json\/wp\/v2\/media?parent=17961"}],"wp:term":[{"taxonomy":"category","embeddable":true,"href":"https:\/\/dev.antudigital.cl\/sites\/vc\/wp-json\/wp\/v2\/categories?post=17961"},{"taxonomy":"post_tag","embeddable":true,"href":"https:\/\/dev.antudigital.cl\/sites\/vc\/wp-json\/wp\/v2\/tags?post=17961"}],"curies":[{"name":"wp","href":"https:\/\/api.w.org\/{rel}","templated":true}]}}