{"id":17964,"date":"2023-12-11T21:37:31","date_gmt":"2023-12-11T21:37:31","guid":{"rendered":"https:\/\/www.valparaisocreativo.cl\/?p=17964"},"modified":"2023-12-11T21:37:39","modified_gmt":"2023-12-11T21:37:39","slug":"escuela-de-teatro-uv-presenta-funciones-gratuitas-en-el-paseo-yugoslavo","status":"publish","type":"post","link":"https:\/\/dev.antudigital.cl\/sites\/vc\/escuela-de-teatro-uv-presenta-funciones-gratuitas-en-el-paseo-yugoslavo\/","title":{"rendered":"Escuela de Teatro UV presenta funciones gratuitas en el Paseo Yugoslavo"},"content":{"rendered":"\n<p>El martes 12 y mi\u00e9rcoles 13 de diciembre a las 18:00 horas se presenta \u201cUn paisaje roto\u201d en la plaza del Paseo Yugoslavo. La obra, inspirada en \u201cAscenso y ca\u00edda de la ciudad de Mahagonny\u201d de Bertolt Brecht, surge como resultado del Taller de Puesta en Escena II, guiado por el docente y actor Rodrigo Aro en la Escuela de Teatro de la Universidad de Valpara\u00edso.<\/p>\n\n\n\n<p>El montaje establece un intrigante paralelo entre la ficticia ciudad de Mahagonny, donde todas las normas parecen desvanecerse en pos de la riqueza, y la realidad tangible de la ciudad de Valpara\u00edso. La trama se desenvuelve en un escenario que invita a reflexionar sobre la naturaleza de la sociedad contempor\u00e1nea.&nbsp;<\/p>\n\n\n\n<p>La ciudad portuaria se convierte en un tel\u00f3n de fondo relevante, proporcionando un contexto concreto para la cr\u00edtica social que se despliega en escena. A trav\u00e9s de la presentaci\u00f3n de este trabajo se plantea una desafiante interrogante sobre los l\u00edmites del capitalismo y sus repercusiones en la moralidad y la \u00e9tica.<\/p>\n\n\n\n<p><strong>Equipo<\/strong><\/p>\n\n\n\n<p>La obra est\u00e1 dirigida por Rodrigo Aro con la asistencia de direcci\u00f3n de Stella Z\u00fa\u00f1iga. El elenco est\u00e1 compuesto por 17 int\u00e9rpretes, Cristian Alarc\u00f3n, Carla Amaranta, Maricarmen Borda, Pez Cort\u00e9s, Amanda Ferreira, Basti\u00e1n Guerrero, Vai&#8217; Tiare Ika, Tom\u00e1s Lin, Valentina Montecinos, Lirayen Portilla, Catalina Rodr\u00edguez, Martina Ruiz, Catalina Tello, Juanjo Ubal, Josefa Venegas, Anahis Verdejo y Fernanda Vicencio, adem\u00e1s de dos m\u00fasicos en escena, Ricardo Torres y Benjam\u00edn Higueras.<\/p>\n\n\n\n<p>Rodrigo Aro, director, comenta sobre la experiencia: \u201cEl espacio p\u00fablico o no convencional permite fomentar el desarrollo de las habilidades expresivas de les estudiantes, enfrent\u00e1ndoles a la experiencia de un escenario altamente exigente en t\u00e9rminos f\u00edsicos y vocales.&nbsp; La obra tiene m\u00fasica en vivo, canciones, coreograf\u00edas y mucho trabajo colectivo, maximizando las posibilidades expresivas en un juego esc\u00e9nico que establece conexiones significativas con la ciudad y el territorio, de manera que el trabajo tenga un significado profundo para quienes lo observen\u201d.<\/p>\n\n\n\n<p>Fernanda Vicencio, int\u00e9rprete, comparte: \u201cEn este ramo se integran actuaci\u00f3n, movimiento y voz. Es un desaf\u00edo el dejar la psicolog\u00eda de lado para no pensar \u2018qu\u00e9 har\u00eda yo si fuese este personaje\u2019 o \u2018qu\u00e9 har\u00eda el personaje en esta situaci\u00f3n\u2019 y pasar al \u2018c\u00f3mo he visto yo que act\u00faa la gente que tiene estas caracter\u00edsticas\u2019. En este trabajo lo coral va m\u00e1s all\u00e1 del canto, hay acciones y textos corales donde los 17 debemos coordinarnos, escucharnos, desarrollar un ritmo y sostenerlo\u201d.&nbsp;<\/p>\n\n\n\n<p>Amanda Ferreira, int\u00e9rprete, destaca: \u201cEscogimos presentarnos en el Paseo Yugoslavo porque es un lugar tur\u00edstico y nuestra obra hace referencia a c\u00f3mo una ciudad se construye con la llegada personas que pertenecen a otros lugares. Aplicamos un tono actoral extracotidiano por la energ\u00eda desbordada que requiere el teatro callejero, aplicando el distanciamiento del que habla Brecht para defender ideas pol\u00edticas\u201d.&nbsp;<\/p>\n\n\n\n<p>Ricardo Torres, m\u00fasico, se\u00f1ala: \u201cLa relaci\u00f3n entre la m\u00fasica y el despliegue esc\u00e9nico en \u2018Un paisaje roto\u2019 es fundamental para crear una experiencia integral y emocional para el p\u00fablico. La m\u00fasica contribuye a establecer el tono emocional y el ambiente de las escenas, puede intensificar la tensi\u00f3n, resaltar momentos emotivos o crear la atm\u00f3sfera adecuada para la narrativa. En este trabajo me parece fundamental la conexi\u00f3n que se genera con los p\u00fablicos, existiendo una proximidad f\u00edsica interesante que se busca potenciar en t\u00e9rminos musicales\u201d.<\/p>\n\n\n\n<p>Para m\u00e1s informaci\u00f3n seguir a @escuelateatrouv en Facebook e Instagram.<\/p>\n\n\n\n<figure class=\"wp-block-image size-full\"><img fetchpriority=\"high\" decoding=\"async\" width=\"595\" height=\"592\" src=\"https:\/\/www.valparaisocreativo.cl\/wp-content\/uploads\/2023\/12\/Captura-de-Pantalla-2023-12-11-a-las-18.36.00.png\" alt=\"\" class=\"wp-image-17965\" srcset=\"https:\/\/dev.antudigital.cl\/sites\/vc\/wp-content\/uploads\/2023\/12\/Captura-de-Pantalla-2023-12-11-a-las-18.36.00.png 595w, https:\/\/dev.antudigital.cl\/sites\/vc\/wp-content\/uploads\/2023\/12\/Captura-de-Pantalla-2023-12-11-a-las-18.36.00-300x298.png 300w, https:\/\/dev.antudigital.cl\/sites\/vc\/wp-content\/uploads\/2023\/12\/Captura-de-Pantalla-2023-12-11-a-las-18.36.00-150x150.png 150w, https:\/\/dev.antudigital.cl\/sites\/vc\/wp-content\/uploads\/2023\/12\/Captura-de-Pantalla-2023-12-11-a-las-18.36.00-480x478.png 480w, https:\/\/dev.antudigital.cl\/sites\/vc\/wp-content\/uploads\/2023\/12\/Captura-de-Pantalla-2023-12-11-a-las-18.36.00-24x24.png 24w, https:\/\/dev.antudigital.cl\/sites\/vc\/wp-content\/uploads\/2023\/12\/Captura-de-Pantalla-2023-12-11-a-las-18.36.00-36x36.png 36w, https:\/\/dev.antudigital.cl\/sites\/vc\/wp-content\/uploads\/2023\/12\/Captura-de-Pantalla-2023-12-11-a-las-18.36.00-48x48.png 48w\" sizes=\"(max-width: 595px) 100vw, 595px\" \/><\/figure>\n\n\n\n<p><strong>COORDENADAS<\/strong><\/p>\n\n\n\n<p>\u201cUn paisaje roto\u201d inspirada en \u201cAscenso y ca\u00edda de la ciudad de Mahagonny\u201d de Bertolt Brecht.<\/p>\n\n\n\n<p>12 y 13 de diciembre 18:00 horas.<\/p>\n\n\n\n<p>Paseo Yugoslavo, Valpara\u00edso.<\/p>\n\n\n\n<p><strong>FICHA ART\u00cdSTICA<\/strong><\/p>\n\n\n\n<p>Direcci\u00f3n: Rodrigo Aro<\/p>\n\n\n\n<p>Asistencia de direcci\u00f3n: Stella Zu\u00f1iga&nbsp;<\/p>\n\n\n\n<p>Elenco: Cristian Alarc\u00f3n, Carla Amaranta, Maricarmen Borda, Pez Cort\u00e9s, Amanda Ferreira, Basti\u00e1n Guerrero, Vai&#8217; Tiare Ika, Tom\u00e1s Lin, Valentina Montecinos, Lirayen Portilla, Catalina Rodr\u00edguez, Martina Ruiz, Catalina Tello, Juanjo Ubal, Josefa Venegas, Anahis Verdejo y Fernanda Vicencio&nbsp;&nbsp;<\/p>\n\n\n\n<p>M\u00fasicos: Ricardo Torres y Benjam\u00edn Higueras&nbsp;<\/p>\n\n\n\n<p>Agradecimientos: David Gajardo \u2013 Alejandro Tapia \u2013 Loreto Araya Abdala \u2013 Gerald Havliczek<\/p>\n","protected":false},"excerpt":{"rendered":"<p>El martes 12 y mi\u00e9rcoles 13 de diciembre a las 18:00 horas se presenta \u201cUn paisaje roto\u201d en la plaza del Paseo Yugoslavo. La obra, inspirada en \u201cAscenso y ca\u00edda de la ciudad de Mahagonny\u201d de Bertolt Brecht, surge como resultado del Taller de Puesta en Escena II, guiado por el docente y actor Rodrigo [&hellip;]<\/p>\n","protected":false},"author":1,"featured_media":17966,"comment_status":"closed","ping_status":"closed","sticky":false,"template":"","format":"standard","meta":{"_acf_changed":false,"footnotes":""},"categories":[1],"tags":[],"class_list":["post-17964","post","type-post","status-publish","format-standard","has-post-thumbnail","hentry","category-uncategorized"],"acf":[],"yoast_head":"<!-- This site is optimized with the Yoast SEO plugin v27.1.1 - https:\/\/yoast.com\/product\/yoast-seo-wordpress\/ -->\n<title>Escuela de Teatro UV presenta funciones gratuitas en el Paseo Yugoslavo - Valpara\u00ed\u00adso Creativo<\/title>\n<meta name=\"robots\" content=\"index, follow, max-snippet:-1, max-image-preview:large, max-video-preview:-1\" \/>\n<link rel=\"canonical\" href=\"https:\/\/dev.antudigital.cl\/sites\/vc\/escuela-de-teatro-uv-presenta-funciones-gratuitas-en-el-paseo-yugoslavo\/\" \/>\n<meta property=\"og:locale\" content=\"es_ES\" \/>\n<meta property=\"og:type\" content=\"article\" \/>\n<meta property=\"og:title\" content=\"Escuela de Teatro UV presenta funciones gratuitas en el Paseo Yugoslavo - Valpara\u00ed\u00adso Creativo\" \/>\n<meta property=\"og:description\" content=\"El martes 12 y mi\u00e9rcoles 13 de diciembre a las 18:00 horas se presenta \u201cUn paisaje roto\u201d en la plaza del Paseo Yugoslavo. La obra, inspirada en \u201cAscenso y ca\u00edda de la ciudad de Mahagonny\u201d de Bertolt Brecht, surge como resultado del Taller de Puesta en Escena II, guiado por el docente y actor Rodrigo [&hellip;]\" \/>\n<meta property=\"og:url\" content=\"https:\/\/dev.antudigital.cl\/sites\/vc\/escuela-de-teatro-uv-presenta-funciones-gratuitas-en-el-paseo-yugoslavo\/\" \/>\n<meta property=\"og:site_name\" content=\"Valpara\u00ed\u00adso Creativo\" \/>\n<meta property=\"article:published_time\" content=\"2023-12-11T21:37:31+00:00\" \/>\n<meta property=\"article:modified_time\" content=\"2023-12-11T21:37:39+00:00\" \/>\n<meta property=\"og:image\" content=\"https:\/\/dev.antudigital.cl\/sites\/vc\/wp-content\/uploads\/2023\/12\/unpaisajeroto.jpg\" \/>\n\t<meta property=\"og:image:width\" content=\"1134\" \/>\n\t<meta property=\"og:image:height\" content=\"937\" \/>\n\t<meta property=\"og:image:type\" content=\"image\/jpeg\" \/>\n<meta name=\"author\" content=\"Valpara\u00edso Creativo\" \/>\n<meta name=\"twitter:card\" content=\"summary_large_image\" \/>\n<meta name=\"twitter:label1\" content=\"Escrito por\" \/>\n\t<meta name=\"twitter:data1\" content=\"Valpara\u00edso Creativo\" \/>\n\t<meta name=\"twitter:label2\" content=\"Tiempo de lectura\" \/>\n\t<meta name=\"twitter:data2\" content=\"4 minutos\" \/>\n<script type=\"application\/ld+json\" class=\"yoast-schema-graph\">{\"@context\":\"https:\/\/schema.org\",\"@graph\":[{\"@type\":\"Article\",\"@id\":\"https:\/\/dev.antudigital.cl\/sites\/vc\/escuela-de-teatro-uv-presenta-funciones-gratuitas-en-el-paseo-yugoslavo\/#article\",\"isPartOf\":{\"@id\":\"https:\/\/dev.antudigital.cl\/sites\/vc\/escuela-de-teatro-uv-presenta-funciones-gratuitas-en-el-paseo-yugoslavo\/\"},\"author\":{\"name\":\"Valpara\u00edso Creativo\",\"@id\":\"https:\/\/dev.antudigital.cl\/sites\/vc\/#\/schema\/person\/c2b9da8dd545e27166fc5ab232837318\"},\"headline\":\"Escuela de Teatro UV presenta funciones gratuitas en el Paseo Yugoslavo\",\"datePublished\":\"2023-12-11T21:37:31+00:00\",\"dateModified\":\"2023-12-11T21:37:39+00:00\",\"mainEntityOfPage\":{\"@id\":\"https:\/\/dev.antudigital.cl\/sites\/vc\/escuela-de-teatro-uv-presenta-funciones-gratuitas-en-el-paseo-yugoslavo\/\"},\"wordCount\":726,\"image\":{\"@id\":\"https:\/\/dev.antudigital.cl\/sites\/vc\/escuela-de-teatro-uv-presenta-funciones-gratuitas-en-el-paseo-yugoslavo\/#primaryimage\"},\"thumbnailUrl\":\"https:\/\/dev.antudigital.cl\/sites\/vc\/wp-content\/uploads\/2023\/12\/unpaisajeroto.jpg\",\"articleSection\":[\"Uncategorized\"],\"inLanguage\":\"es\"},{\"@type\":\"WebPage\",\"@id\":\"https:\/\/dev.antudigital.cl\/sites\/vc\/escuela-de-teatro-uv-presenta-funciones-gratuitas-en-el-paseo-yugoslavo\/\",\"url\":\"https:\/\/dev.antudigital.cl\/sites\/vc\/escuela-de-teatro-uv-presenta-funciones-gratuitas-en-el-paseo-yugoslavo\/\",\"name\":\"Escuela de Teatro UV presenta funciones gratuitas en el Paseo Yugoslavo - Valpara\u00ed\u00adso Creativo\",\"isPartOf\":{\"@id\":\"https:\/\/dev.antudigital.cl\/sites\/vc\/#website\"},\"primaryImageOfPage\":{\"@id\":\"https:\/\/dev.antudigital.cl\/sites\/vc\/escuela-de-teatro-uv-presenta-funciones-gratuitas-en-el-paseo-yugoslavo\/#primaryimage\"},\"image\":{\"@id\":\"https:\/\/dev.antudigital.cl\/sites\/vc\/escuela-de-teatro-uv-presenta-funciones-gratuitas-en-el-paseo-yugoslavo\/#primaryimage\"},\"thumbnailUrl\":\"https:\/\/dev.antudigital.cl\/sites\/vc\/wp-content\/uploads\/2023\/12\/unpaisajeroto.jpg\",\"datePublished\":\"2023-12-11T21:37:31+00:00\",\"dateModified\":\"2023-12-11T21:37:39+00:00\",\"author\":{\"@id\":\"https:\/\/dev.antudigital.cl\/sites\/vc\/#\/schema\/person\/c2b9da8dd545e27166fc5ab232837318\"},\"breadcrumb\":{\"@id\":\"https:\/\/dev.antudigital.cl\/sites\/vc\/escuela-de-teatro-uv-presenta-funciones-gratuitas-en-el-paseo-yugoslavo\/#breadcrumb\"},\"inLanguage\":\"es\",\"potentialAction\":[{\"@type\":\"ReadAction\",\"target\":[\"https:\/\/dev.antudigital.cl\/sites\/vc\/escuela-de-teatro-uv-presenta-funciones-gratuitas-en-el-paseo-yugoslavo\/\"]}]},{\"@type\":\"ImageObject\",\"inLanguage\":\"es\",\"@id\":\"https:\/\/dev.antudigital.cl\/sites\/vc\/escuela-de-teatro-uv-presenta-funciones-gratuitas-en-el-paseo-yugoslavo\/#primaryimage\",\"url\":\"https:\/\/dev.antudigital.cl\/sites\/vc\/wp-content\/uploads\/2023\/12\/unpaisajeroto.jpg\",\"contentUrl\":\"https:\/\/dev.antudigital.cl\/sites\/vc\/wp-content\/uploads\/2023\/12\/unpaisajeroto.jpg\",\"width\":1134,\"height\":937},{\"@type\":\"BreadcrumbList\",\"@id\":\"https:\/\/dev.antudigital.cl\/sites\/vc\/escuela-de-teatro-uv-presenta-funciones-gratuitas-en-el-paseo-yugoslavo\/#breadcrumb\",\"itemListElement\":[{\"@type\":\"ListItem\",\"position\":1,\"name\":\"Home\",\"item\":\"https:\/\/dev.antudigital.cl\/sites\/vc\/\"},{\"@type\":\"ListItem\",\"position\":2,\"name\":\"Escuela de Teatro UV presenta funciones gratuitas en el Paseo Yugoslavo\"}]},{\"@type\":\"WebSite\",\"@id\":\"https:\/\/dev.antudigital.cl\/sites\/vc\/#website\",\"url\":\"https:\/\/dev.antudigital.cl\/sites\/vc\/\",\"name\":\"Valpara\u00ed\u00adso Creativo\",\"description\":\"\",\"potentialAction\":[{\"@type\":\"SearchAction\",\"target\":{\"@type\":\"EntryPoint\",\"urlTemplate\":\"https:\/\/dev.antudigital.cl\/sites\/vc\/?s={search_term_string}\"},\"query-input\":{\"@type\":\"PropertyValueSpecification\",\"valueRequired\":true,\"valueName\":\"search_term_string\"}}],\"inLanguage\":\"es\"},{\"@type\":\"Person\",\"@id\":\"https:\/\/dev.antudigital.cl\/sites\/vc\/#\/schema\/person\/c2b9da8dd545e27166fc5ab232837318\",\"name\":\"Valpara\u00edso Creativo\",\"description\":\"Periodista de cultura en la Regi\u00f3n de Valpara\u00edso.\",\"url\":\"https:\/\/dev.antudigital.cl\/sites\/vc\/author\/valpoadmin\/\"}]}<\/script>\n<!-- \/ Yoast SEO plugin. -->","yoast_head_json":{"title":"Escuela de Teatro UV presenta funciones gratuitas en el Paseo Yugoslavo - Valpara\u00ed\u00adso Creativo","robots":{"index":"index","follow":"follow","max-snippet":"max-snippet:-1","max-image-preview":"max-image-preview:large","max-video-preview":"max-video-preview:-1"},"canonical":"https:\/\/dev.antudigital.cl\/sites\/vc\/escuela-de-teatro-uv-presenta-funciones-gratuitas-en-el-paseo-yugoslavo\/","og_locale":"es_ES","og_type":"article","og_title":"Escuela de Teatro UV presenta funciones gratuitas en el Paseo Yugoslavo - Valpara\u00ed\u00adso Creativo","og_description":"El martes 12 y mi\u00e9rcoles 13 de diciembre a las 18:00 horas se presenta \u201cUn paisaje roto\u201d en la plaza del Paseo Yugoslavo. La obra, inspirada en \u201cAscenso y ca\u00edda de la ciudad de Mahagonny\u201d de Bertolt Brecht, surge como resultado del Taller de Puesta en Escena II, guiado por el docente y actor Rodrigo [&hellip;]","og_url":"https:\/\/dev.antudigital.cl\/sites\/vc\/escuela-de-teatro-uv-presenta-funciones-gratuitas-en-el-paseo-yugoslavo\/","og_site_name":"Valpara\u00ed\u00adso Creativo","article_published_time":"2023-12-11T21:37:31+00:00","article_modified_time":"2023-12-11T21:37:39+00:00","og_image":[{"width":1134,"height":937,"url":"https:\/\/dev.antudigital.cl\/sites\/vc\/wp-content\/uploads\/2023\/12\/unpaisajeroto.jpg","type":"image\/jpeg"}],"author":"Valpara\u00edso Creativo","twitter_card":"summary_large_image","twitter_misc":{"Escrito por":"Valpara\u00edso Creativo","Tiempo de lectura":"4 minutos"},"schema":{"@context":"https:\/\/schema.org","@graph":[{"@type":"Article","@id":"https:\/\/dev.antudigital.cl\/sites\/vc\/escuela-de-teatro-uv-presenta-funciones-gratuitas-en-el-paseo-yugoslavo\/#article","isPartOf":{"@id":"https:\/\/dev.antudigital.cl\/sites\/vc\/escuela-de-teatro-uv-presenta-funciones-gratuitas-en-el-paseo-yugoslavo\/"},"author":{"name":"Valpara\u00edso Creativo","@id":"https:\/\/dev.antudigital.cl\/sites\/vc\/#\/schema\/person\/c2b9da8dd545e27166fc5ab232837318"},"headline":"Escuela de Teatro UV presenta funciones gratuitas en el Paseo Yugoslavo","datePublished":"2023-12-11T21:37:31+00:00","dateModified":"2023-12-11T21:37:39+00:00","mainEntityOfPage":{"@id":"https:\/\/dev.antudigital.cl\/sites\/vc\/escuela-de-teatro-uv-presenta-funciones-gratuitas-en-el-paseo-yugoslavo\/"},"wordCount":726,"image":{"@id":"https:\/\/dev.antudigital.cl\/sites\/vc\/escuela-de-teatro-uv-presenta-funciones-gratuitas-en-el-paseo-yugoslavo\/#primaryimage"},"thumbnailUrl":"https:\/\/dev.antudigital.cl\/sites\/vc\/wp-content\/uploads\/2023\/12\/unpaisajeroto.jpg","articleSection":["Uncategorized"],"inLanguage":"es"},{"@type":"WebPage","@id":"https:\/\/dev.antudigital.cl\/sites\/vc\/escuela-de-teatro-uv-presenta-funciones-gratuitas-en-el-paseo-yugoslavo\/","url":"https:\/\/dev.antudigital.cl\/sites\/vc\/escuela-de-teatro-uv-presenta-funciones-gratuitas-en-el-paseo-yugoslavo\/","name":"Escuela de Teatro UV presenta funciones gratuitas en el Paseo Yugoslavo - Valpara\u00ed\u00adso Creativo","isPartOf":{"@id":"https:\/\/dev.antudigital.cl\/sites\/vc\/#website"},"primaryImageOfPage":{"@id":"https:\/\/dev.antudigital.cl\/sites\/vc\/escuela-de-teatro-uv-presenta-funciones-gratuitas-en-el-paseo-yugoslavo\/#primaryimage"},"image":{"@id":"https:\/\/dev.antudigital.cl\/sites\/vc\/escuela-de-teatro-uv-presenta-funciones-gratuitas-en-el-paseo-yugoslavo\/#primaryimage"},"thumbnailUrl":"https:\/\/dev.antudigital.cl\/sites\/vc\/wp-content\/uploads\/2023\/12\/unpaisajeroto.jpg","datePublished":"2023-12-11T21:37:31+00:00","dateModified":"2023-12-11T21:37:39+00:00","author":{"@id":"https:\/\/dev.antudigital.cl\/sites\/vc\/#\/schema\/person\/c2b9da8dd545e27166fc5ab232837318"},"breadcrumb":{"@id":"https:\/\/dev.antudigital.cl\/sites\/vc\/escuela-de-teatro-uv-presenta-funciones-gratuitas-en-el-paseo-yugoslavo\/#breadcrumb"},"inLanguage":"es","potentialAction":[{"@type":"ReadAction","target":["https:\/\/dev.antudigital.cl\/sites\/vc\/escuela-de-teatro-uv-presenta-funciones-gratuitas-en-el-paseo-yugoslavo\/"]}]},{"@type":"ImageObject","inLanguage":"es","@id":"https:\/\/dev.antudigital.cl\/sites\/vc\/escuela-de-teatro-uv-presenta-funciones-gratuitas-en-el-paseo-yugoslavo\/#primaryimage","url":"https:\/\/dev.antudigital.cl\/sites\/vc\/wp-content\/uploads\/2023\/12\/unpaisajeroto.jpg","contentUrl":"https:\/\/dev.antudigital.cl\/sites\/vc\/wp-content\/uploads\/2023\/12\/unpaisajeroto.jpg","width":1134,"height":937},{"@type":"BreadcrumbList","@id":"https:\/\/dev.antudigital.cl\/sites\/vc\/escuela-de-teatro-uv-presenta-funciones-gratuitas-en-el-paseo-yugoslavo\/#breadcrumb","itemListElement":[{"@type":"ListItem","position":1,"name":"Home","item":"https:\/\/dev.antudigital.cl\/sites\/vc\/"},{"@type":"ListItem","position":2,"name":"Escuela de Teatro UV presenta funciones gratuitas en el Paseo Yugoslavo"}]},{"@type":"WebSite","@id":"https:\/\/dev.antudigital.cl\/sites\/vc\/#website","url":"https:\/\/dev.antudigital.cl\/sites\/vc\/","name":"Valpara\u00ed\u00adso Creativo","description":"","potentialAction":[{"@type":"SearchAction","target":{"@type":"EntryPoint","urlTemplate":"https:\/\/dev.antudigital.cl\/sites\/vc\/?s={search_term_string}"},"query-input":{"@type":"PropertyValueSpecification","valueRequired":true,"valueName":"search_term_string"}}],"inLanguage":"es"},{"@type":"Person","@id":"https:\/\/dev.antudigital.cl\/sites\/vc\/#\/schema\/person\/c2b9da8dd545e27166fc5ab232837318","name":"Valpara\u00edso Creativo","description":"Periodista de cultura en la Regi\u00f3n de Valpara\u00edso.","url":"https:\/\/dev.antudigital.cl\/sites\/vc\/author\/valpoadmin\/"}]}},"_links":{"self":[{"href":"https:\/\/dev.antudigital.cl\/sites\/vc\/wp-json\/wp\/v2\/posts\/17964","targetHints":{"allow":["GET"]}}],"collection":[{"href":"https:\/\/dev.antudigital.cl\/sites\/vc\/wp-json\/wp\/v2\/posts"}],"about":[{"href":"https:\/\/dev.antudigital.cl\/sites\/vc\/wp-json\/wp\/v2\/types\/post"}],"author":[{"embeddable":true,"href":"https:\/\/dev.antudigital.cl\/sites\/vc\/wp-json\/wp\/v2\/users\/1"}],"replies":[{"embeddable":true,"href":"https:\/\/dev.antudigital.cl\/sites\/vc\/wp-json\/wp\/v2\/comments?post=17964"}],"version-history":[{"count":1,"href":"https:\/\/dev.antudigital.cl\/sites\/vc\/wp-json\/wp\/v2\/posts\/17964\/revisions"}],"predecessor-version":[{"id":17967,"href":"https:\/\/dev.antudigital.cl\/sites\/vc\/wp-json\/wp\/v2\/posts\/17964\/revisions\/17967"}],"wp:featuredmedia":[{"embeddable":true,"href":"https:\/\/dev.antudigital.cl\/sites\/vc\/wp-json\/wp\/v2\/media\/17966"}],"wp:attachment":[{"href":"https:\/\/dev.antudigital.cl\/sites\/vc\/wp-json\/wp\/v2\/media?parent=17964"}],"wp:term":[{"taxonomy":"category","embeddable":true,"href":"https:\/\/dev.antudigital.cl\/sites\/vc\/wp-json\/wp\/v2\/categories?post=17964"},{"taxonomy":"post_tag","embeddable":true,"href":"https:\/\/dev.antudigital.cl\/sites\/vc\/wp-json\/wp\/v2\/tags?post=17964"}],"curies":[{"name":"wp","href":"https:\/\/api.w.org\/{rel}","templated":true}]}}