{"id":17971,"date":"2023-12-11T23:46:48","date_gmt":"2023-12-11T23:46:48","guid":{"rendered":"https:\/\/www.valparaisocreativo.cl\/?p=17971"},"modified":"2023-12-11T23:46:55","modified_gmt":"2023-12-11T23:46:55","slug":"rescate-de-memoria-en-torno-a-pisagua-propone-nueva-exposicion-de-centex","status":"publish","type":"post","link":"https:\/\/dev.antudigital.cl\/sites\/vc\/rescate-de-memoria-en-torno-a-pisagua-propone-nueva-exposicion-de-centex\/","title":{"rendered":"Rescate de memoria en torno a Pisagua propone nueva exposici\u00f3n de Centex"},"content":{"rendered":"\n<p>El jueves 14 de diciembre a las 19:00 horas se realizar\u00e1 la inauguraci\u00f3n de la exposici\u00f3n \u201cEl reloj fosforescente rumbo a &nbsp;Pisagua: 12 obras de Vladimir Morales\u201d, en la Galer\u00eda Nacional de Centex (Sotomayor 233, Valpara\u00edso).<\/p>\n\n\n\n<p>La nueva muestra compuesta por 12 piezas invita a un recorrido por el imaginario de Vladimir Morales, quien mediante sus recuerdos, reconstruye las memorias del lugar en que estuvo preso a trav\u00e9s de su pintura.&nbsp;<\/p>\n\n\n\n<p>\u201cEsta exposici\u00f3n es un compromiso conmigo mismo y con el pa\u00eds. Es plasmar los hechos horribles que sucedieron en este pa\u00eds, como otros, pero de esto hay poco material gr\u00e1fico y evidencia. Mi compromiso est\u00e1 en estas 12 telas. Yo era un muchacho joven de 26 a\u00f1os que vi los horrores que sucedieron ah\u00ed. Es un gesto para que no suceda nunca m\u00e1s\u201d, comenta el autor, Vladimir Morales.<\/p>\n\n\n\n<p>El Campamento de Prisioneros Pisagua fue usado en diversos momentos de la historia como campo de prisi\u00f3n, como fue en el Gobierno de Gonz\u00e1lez Videla y su ley maldita, y el Gobierno de Carlos Ib\u00e1\u00f1ez. En la dictadura civil-militar fue ocupado para la tortura y exterminio, siendo sus primeros prisioneros pol\u00edticos llevados por mar desde Valpara\u00edso. Ah\u00ed tambi\u00e9n habit\u00f3 como ex preso pol\u00edtico Vladimir. Es a trav\u00e9s de estas im\u00e1genes que transporta a ese pasado.<\/p>\n\n\n\n<p>El pintor agrega que: \u201cLlegar a tocar este tema no me fue f\u00e1cil. Me demor\u00e9 50 a\u00f1os en poder hablarlo, no pod\u00eda dejar pasar esta oportunidad de transmitir y mostrar esto, que la gente vea y pueda reflexionar sobre lo que fue un campo de concentraci\u00f3n sangriento de la dictadura\u201d.<\/p>\n\n\n\n<p>En palabras de Manuel Guerra, coordinador de Centex, \u201cEsta exposici\u00f3n es un acto asociado a la memoria de los 50 a\u00f1os del golpe, la historia de un joven arquitecto porte\u00f1o que es llevado en un barco de la armada hasta Pisagua y que sufre ah\u00ed los mayores horrores de la dictadura. A trav\u00e9s de 12 pinturas Vladimir Morales cuenta este relato que inauguramos este 14 de diciembre\u201d.<\/p>\n\n\n\n<p>Una parte dolorosa de la historia que rememoramos por medio de la mirada de Morales, quien plasma su pasado y vivencias en la tela.<\/p>\n\n\n\n<p>Acompa\u00f1a a Centex en este viaje pict\u00f3rico a trav\u00e9s de la memoria, con la presencia especial del consagrado m\u00fasico nacional, Tata Barahona, en una presentaci\u00f3n para la inauguraci\u00f3n, donde compartir\u00e1 parte de su repetorio de a\u00f1os.<\/p>\n\n\n\n<p><strong>14 de diciembre | 19:00hrs.<\/strong><\/p>\n\n\n\n<p><strong>Entrada liberada sin inscripci\u00f3n.<\/strong><\/p>\n\n\n\n<figure class=\"wp-block-image size-large\"><img fetchpriority=\"high\" decoding=\"async\" width=\"1024\" height=\"908\" src=\"https:\/\/www.valparaisocreativo.cl\/wp-content\/uploads\/2023\/12\/digital-01-1024x908.jpg\" alt=\"\" class=\"wp-image-17973\" srcset=\"https:\/\/dev.antudigital.cl\/sites\/vc\/wp-content\/uploads\/2023\/12\/digital-01-1024x908.jpg 1024w, https:\/\/dev.antudigital.cl\/sites\/vc\/wp-content\/uploads\/2023\/12\/digital-01-300x266.jpg 300w, https:\/\/dev.antudigital.cl\/sites\/vc\/wp-content\/uploads\/2023\/12\/digital-01-768x681.jpg 768w, https:\/\/dev.antudigital.cl\/sites\/vc\/wp-content\/uploads\/2023\/12\/digital-01-1080x958.jpg 1080w, https:\/\/dev.antudigital.cl\/sites\/vc\/wp-content\/uploads\/2023\/12\/digital-01-980x869.jpg 980w, https:\/\/dev.antudigital.cl\/sites\/vc\/wp-content\/uploads\/2023\/12\/digital-01-480x426.jpg 480w, https:\/\/dev.antudigital.cl\/sites\/vc\/wp-content\/uploads\/2023\/12\/digital-01-24x21.jpg 24w, https:\/\/dev.antudigital.cl\/sites\/vc\/wp-content\/uploads\/2023\/12\/digital-01-36x32.jpg 36w, https:\/\/dev.antudigital.cl\/sites\/vc\/wp-content\/uploads\/2023\/12\/digital-01-48x43.jpg 48w, https:\/\/dev.antudigital.cl\/sites\/vc\/wp-content\/uploads\/2023\/12\/digital-01.jpg 1229w\" sizes=\"(max-width: 1024px) 100vw, 1024px\" \/><\/figure>\n","protected":false},"excerpt":{"rendered":"<p>El jueves 14 de diciembre a las 19:00 horas se realizar\u00e1 la inauguraci\u00f3n de la exposici\u00f3n \u201cEl reloj fosforescente rumbo a &nbsp;Pisagua: 12 obras de Vladimir Morales\u201d, en la Galer\u00eda Nacional de Centex (Sotomayor 233, Valpara\u00edso). La nueva muestra compuesta por 12 piezas invita a un recorrido por el imaginario de Vladimir Morales, quien mediante [&hellip;]<\/p>\n","protected":false},"author":1,"featured_media":17972,"comment_status":"closed","ping_status":"closed","sticky":false,"template":"","format":"standard","meta":{"_acf_changed":false,"footnotes":""},"categories":[1],"tags":[],"class_list":["post-17971","post","type-post","status-publish","format-standard","has-post-thumbnail","hentry","category-uncategorized"],"acf":[],"yoast_head":"<!-- This site is optimized with the Yoast SEO plugin v27.1.1 - https:\/\/yoast.com\/product\/yoast-seo-wordpress\/ -->\n<title>Rescate de memoria en torno a Pisagua propone nueva exposici\u00f3n de Centex - Valpara\u00ed\u00adso Creativo<\/title>\n<meta name=\"robots\" content=\"index, follow, max-snippet:-1, max-image-preview:large, max-video-preview:-1\" \/>\n<link rel=\"canonical\" href=\"https:\/\/dev.antudigital.cl\/sites\/vc\/rescate-de-memoria-en-torno-a-pisagua-propone-nueva-exposicion-de-centex\/\" \/>\n<meta property=\"og:locale\" content=\"es_ES\" \/>\n<meta property=\"og:type\" content=\"article\" \/>\n<meta property=\"og:title\" content=\"Rescate de memoria en torno a Pisagua propone nueva exposici\u00f3n de Centex - Valpara\u00ed\u00adso Creativo\" \/>\n<meta property=\"og:description\" content=\"El jueves 14 de diciembre a las 19:00 horas se realizar\u00e1 la inauguraci\u00f3n de la exposici\u00f3n \u201cEl reloj fosforescente rumbo a &nbsp;Pisagua: 12 obras de Vladimir Morales\u201d, en la Galer\u00eda Nacional de Centex (Sotomayor 233, Valpara\u00edso). La nueva muestra compuesta por 12 piezas invita a un recorrido por el imaginario de Vladimir Morales, quien mediante [&hellip;]\" \/>\n<meta property=\"og:url\" content=\"https:\/\/dev.antudigital.cl\/sites\/vc\/rescate-de-memoria-en-torno-a-pisagua-propone-nueva-exposicion-de-centex\/\" \/>\n<meta property=\"og:site_name\" content=\"Valpara\u00ed\u00adso Creativo\" \/>\n<meta property=\"article:published_time\" content=\"2023-12-11T23:46:48+00:00\" \/>\n<meta property=\"article:modified_time\" content=\"2023-12-11T23:46:55+00:00\" \/>\n<meta property=\"og:image\" content=\"https:\/\/dev.antudigital.cl\/sites\/vc\/wp-content\/uploads\/2023\/12\/Captura-de-Pantalla-2023-12-11-a-las-19.58.38.png\" \/>\n\t<meta property=\"og:image:width\" content=\"788\" \/>\n\t<meta property=\"og:image:height\" content=\"392\" \/>\n\t<meta property=\"og:image:type\" content=\"image\/png\" \/>\n<meta name=\"author\" content=\"Valpara\u00edso Creativo\" \/>\n<meta name=\"twitter:card\" content=\"summary_large_image\" \/>\n<meta name=\"twitter:label1\" content=\"Escrito por\" \/>\n\t<meta name=\"twitter:data1\" content=\"Valpara\u00edso Creativo\" \/>\n\t<meta name=\"twitter:label2\" content=\"Tiempo de lectura\" \/>\n\t<meta name=\"twitter:data2\" content=\"3 minutos\" \/>\n<script type=\"application\/ld+json\" class=\"yoast-schema-graph\">{\"@context\":\"https:\/\/schema.org\",\"@graph\":[{\"@type\":\"Article\",\"@id\":\"https:\/\/dev.antudigital.cl\/sites\/vc\/rescate-de-memoria-en-torno-a-pisagua-propone-nueva-exposicion-de-centex\/#article\",\"isPartOf\":{\"@id\":\"https:\/\/dev.antudigital.cl\/sites\/vc\/rescate-de-memoria-en-torno-a-pisagua-propone-nueva-exposicion-de-centex\/\"},\"author\":{\"name\":\"Valpara\u00edso Creativo\",\"@id\":\"https:\/\/dev.antudigital.cl\/sites\/vc\/#\/schema\/person\/c2b9da8dd545e27166fc5ab232837318\"},\"headline\":\"Rescate de memoria en torno a Pisagua propone nueva exposici\u00f3n de Centex\",\"datePublished\":\"2023-12-11T23:46:48+00:00\",\"dateModified\":\"2023-12-11T23:46:55+00:00\",\"mainEntityOfPage\":{\"@id\":\"https:\/\/dev.antudigital.cl\/sites\/vc\/rescate-de-memoria-en-torno-a-pisagua-propone-nueva-exposicion-de-centex\/\"},\"wordCount\":438,\"image\":{\"@id\":\"https:\/\/dev.antudigital.cl\/sites\/vc\/rescate-de-memoria-en-torno-a-pisagua-propone-nueva-exposicion-de-centex\/#primaryimage\"},\"thumbnailUrl\":\"https:\/\/dev.antudigital.cl\/sites\/vc\/wp-content\/uploads\/2023\/12\/Captura-de-Pantalla-2023-12-11-a-las-19.58.38.png\",\"articleSection\":[\"Uncategorized\"],\"inLanguage\":\"es\"},{\"@type\":\"WebPage\",\"@id\":\"https:\/\/dev.antudigital.cl\/sites\/vc\/rescate-de-memoria-en-torno-a-pisagua-propone-nueva-exposicion-de-centex\/\",\"url\":\"https:\/\/dev.antudigital.cl\/sites\/vc\/rescate-de-memoria-en-torno-a-pisagua-propone-nueva-exposicion-de-centex\/\",\"name\":\"Rescate de memoria en torno a Pisagua propone nueva exposici\u00f3n de Centex - Valpara\u00ed\u00adso Creativo\",\"isPartOf\":{\"@id\":\"https:\/\/dev.antudigital.cl\/sites\/vc\/#website\"},\"primaryImageOfPage\":{\"@id\":\"https:\/\/dev.antudigital.cl\/sites\/vc\/rescate-de-memoria-en-torno-a-pisagua-propone-nueva-exposicion-de-centex\/#primaryimage\"},\"image\":{\"@id\":\"https:\/\/dev.antudigital.cl\/sites\/vc\/rescate-de-memoria-en-torno-a-pisagua-propone-nueva-exposicion-de-centex\/#primaryimage\"},\"thumbnailUrl\":\"https:\/\/dev.antudigital.cl\/sites\/vc\/wp-content\/uploads\/2023\/12\/Captura-de-Pantalla-2023-12-11-a-las-19.58.38.png\",\"datePublished\":\"2023-12-11T23:46:48+00:00\",\"dateModified\":\"2023-12-11T23:46:55+00:00\",\"author\":{\"@id\":\"https:\/\/dev.antudigital.cl\/sites\/vc\/#\/schema\/person\/c2b9da8dd545e27166fc5ab232837318\"},\"breadcrumb\":{\"@id\":\"https:\/\/dev.antudigital.cl\/sites\/vc\/rescate-de-memoria-en-torno-a-pisagua-propone-nueva-exposicion-de-centex\/#breadcrumb\"},\"inLanguage\":\"es\",\"potentialAction\":[{\"@type\":\"ReadAction\",\"target\":[\"https:\/\/dev.antudigital.cl\/sites\/vc\/rescate-de-memoria-en-torno-a-pisagua-propone-nueva-exposicion-de-centex\/\"]}]},{\"@type\":\"ImageObject\",\"inLanguage\":\"es\",\"@id\":\"https:\/\/dev.antudigital.cl\/sites\/vc\/rescate-de-memoria-en-torno-a-pisagua-propone-nueva-exposicion-de-centex\/#primaryimage\",\"url\":\"https:\/\/dev.antudigital.cl\/sites\/vc\/wp-content\/uploads\/2023\/12\/Captura-de-Pantalla-2023-12-11-a-las-19.58.38.png\",\"contentUrl\":\"https:\/\/dev.antudigital.cl\/sites\/vc\/wp-content\/uploads\/2023\/12\/Captura-de-Pantalla-2023-12-11-a-las-19.58.38.png\",\"width\":788,\"height\":392},{\"@type\":\"BreadcrumbList\",\"@id\":\"https:\/\/dev.antudigital.cl\/sites\/vc\/rescate-de-memoria-en-torno-a-pisagua-propone-nueva-exposicion-de-centex\/#breadcrumb\",\"itemListElement\":[{\"@type\":\"ListItem\",\"position\":1,\"name\":\"Home\",\"item\":\"https:\/\/dev.antudigital.cl\/sites\/vc\/\"},{\"@type\":\"ListItem\",\"position\":2,\"name\":\"Rescate de memoria en torno a Pisagua propone nueva exposici\u00f3n de Centex\"}]},{\"@type\":\"WebSite\",\"@id\":\"https:\/\/dev.antudigital.cl\/sites\/vc\/#website\",\"url\":\"https:\/\/dev.antudigital.cl\/sites\/vc\/\",\"name\":\"Valpara\u00ed\u00adso Creativo\",\"description\":\"\",\"potentialAction\":[{\"@type\":\"SearchAction\",\"target\":{\"@type\":\"EntryPoint\",\"urlTemplate\":\"https:\/\/dev.antudigital.cl\/sites\/vc\/?s={search_term_string}\"},\"query-input\":{\"@type\":\"PropertyValueSpecification\",\"valueRequired\":true,\"valueName\":\"search_term_string\"}}],\"inLanguage\":\"es\"},{\"@type\":\"Person\",\"@id\":\"https:\/\/dev.antudigital.cl\/sites\/vc\/#\/schema\/person\/c2b9da8dd545e27166fc5ab232837318\",\"name\":\"Valpara\u00edso Creativo\",\"description\":\"Periodista de cultura en la Regi\u00f3n de Valpara\u00edso.\",\"url\":\"https:\/\/dev.antudigital.cl\/sites\/vc\/author\/valpoadmin\/\"}]}<\/script>\n<!-- \/ Yoast SEO plugin. -->","yoast_head_json":{"title":"Rescate de memoria en torno a Pisagua propone nueva exposici\u00f3n de Centex - Valpara\u00ed\u00adso Creativo","robots":{"index":"index","follow":"follow","max-snippet":"max-snippet:-1","max-image-preview":"max-image-preview:large","max-video-preview":"max-video-preview:-1"},"canonical":"https:\/\/dev.antudigital.cl\/sites\/vc\/rescate-de-memoria-en-torno-a-pisagua-propone-nueva-exposicion-de-centex\/","og_locale":"es_ES","og_type":"article","og_title":"Rescate de memoria en torno a Pisagua propone nueva exposici\u00f3n de Centex - Valpara\u00ed\u00adso Creativo","og_description":"El jueves 14 de diciembre a las 19:00 horas se realizar\u00e1 la inauguraci\u00f3n de la exposici\u00f3n \u201cEl reloj fosforescente rumbo a &nbsp;Pisagua: 12 obras de Vladimir Morales\u201d, en la Galer\u00eda Nacional de Centex (Sotomayor 233, Valpara\u00edso). La nueva muestra compuesta por 12 piezas invita a un recorrido por el imaginario de Vladimir Morales, quien mediante [&hellip;]","og_url":"https:\/\/dev.antudigital.cl\/sites\/vc\/rescate-de-memoria-en-torno-a-pisagua-propone-nueva-exposicion-de-centex\/","og_site_name":"Valpara\u00ed\u00adso Creativo","article_published_time":"2023-12-11T23:46:48+00:00","article_modified_time":"2023-12-11T23:46:55+00:00","og_image":[{"width":788,"height":392,"url":"https:\/\/dev.antudigital.cl\/sites\/vc\/wp-content\/uploads\/2023\/12\/Captura-de-Pantalla-2023-12-11-a-las-19.58.38.png","type":"image\/png"}],"author":"Valpara\u00edso Creativo","twitter_card":"summary_large_image","twitter_misc":{"Escrito por":"Valpara\u00edso Creativo","Tiempo de lectura":"3 minutos"},"schema":{"@context":"https:\/\/schema.org","@graph":[{"@type":"Article","@id":"https:\/\/dev.antudigital.cl\/sites\/vc\/rescate-de-memoria-en-torno-a-pisagua-propone-nueva-exposicion-de-centex\/#article","isPartOf":{"@id":"https:\/\/dev.antudigital.cl\/sites\/vc\/rescate-de-memoria-en-torno-a-pisagua-propone-nueva-exposicion-de-centex\/"},"author":{"name":"Valpara\u00edso Creativo","@id":"https:\/\/dev.antudigital.cl\/sites\/vc\/#\/schema\/person\/c2b9da8dd545e27166fc5ab232837318"},"headline":"Rescate de memoria en torno a Pisagua propone nueva exposici\u00f3n de Centex","datePublished":"2023-12-11T23:46:48+00:00","dateModified":"2023-12-11T23:46:55+00:00","mainEntityOfPage":{"@id":"https:\/\/dev.antudigital.cl\/sites\/vc\/rescate-de-memoria-en-torno-a-pisagua-propone-nueva-exposicion-de-centex\/"},"wordCount":438,"image":{"@id":"https:\/\/dev.antudigital.cl\/sites\/vc\/rescate-de-memoria-en-torno-a-pisagua-propone-nueva-exposicion-de-centex\/#primaryimage"},"thumbnailUrl":"https:\/\/dev.antudigital.cl\/sites\/vc\/wp-content\/uploads\/2023\/12\/Captura-de-Pantalla-2023-12-11-a-las-19.58.38.png","articleSection":["Uncategorized"],"inLanguage":"es"},{"@type":"WebPage","@id":"https:\/\/dev.antudigital.cl\/sites\/vc\/rescate-de-memoria-en-torno-a-pisagua-propone-nueva-exposicion-de-centex\/","url":"https:\/\/dev.antudigital.cl\/sites\/vc\/rescate-de-memoria-en-torno-a-pisagua-propone-nueva-exposicion-de-centex\/","name":"Rescate de memoria en torno a Pisagua propone nueva exposici\u00f3n de Centex - Valpara\u00ed\u00adso Creativo","isPartOf":{"@id":"https:\/\/dev.antudigital.cl\/sites\/vc\/#website"},"primaryImageOfPage":{"@id":"https:\/\/dev.antudigital.cl\/sites\/vc\/rescate-de-memoria-en-torno-a-pisagua-propone-nueva-exposicion-de-centex\/#primaryimage"},"image":{"@id":"https:\/\/dev.antudigital.cl\/sites\/vc\/rescate-de-memoria-en-torno-a-pisagua-propone-nueva-exposicion-de-centex\/#primaryimage"},"thumbnailUrl":"https:\/\/dev.antudigital.cl\/sites\/vc\/wp-content\/uploads\/2023\/12\/Captura-de-Pantalla-2023-12-11-a-las-19.58.38.png","datePublished":"2023-12-11T23:46:48+00:00","dateModified":"2023-12-11T23:46:55+00:00","author":{"@id":"https:\/\/dev.antudigital.cl\/sites\/vc\/#\/schema\/person\/c2b9da8dd545e27166fc5ab232837318"},"breadcrumb":{"@id":"https:\/\/dev.antudigital.cl\/sites\/vc\/rescate-de-memoria-en-torno-a-pisagua-propone-nueva-exposicion-de-centex\/#breadcrumb"},"inLanguage":"es","potentialAction":[{"@type":"ReadAction","target":["https:\/\/dev.antudigital.cl\/sites\/vc\/rescate-de-memoria-en-torno-a-pisagua-propone-nueva-exposicion-de-centex\/"]}]},{"@type":"ImageObject","inLanguage":"es","@id":"https:\/\/dev.antudigital.cl\/sites\/vc\/rescate-de-memoria-en-torno-a-pisagua-propone-nueva-exposicion-de-centex\/#primaryimage","url":"https:\/\/dev.antudigital.cl\/sites\/vc\/wp-content\/uploads\/2023\/12\/Captura-de-Pantalla-2023-12-11-a-las-19.58.38.png","contentUrl":"https:\/\/dev.antudigital.cl\/sites\/vc\/wp-content\/uploads\/2023\/12\/Captura-de-Pantalla-2023-12-11-a-las-19.58.38.png","width":788,"height":392},{"@type":"BreadcrumbList","@id":"https:\/\/dev.antudigital.cl\/sites\/vc\/rescate-de-memoria-en-torno-a-pisagua-propone-nueva-exposicion-de-centex\/#breadcrumb","itemListElement":[{"@type":"ListItem","position":1,"name":"Home","item":"https:\/\/dev.antudigital.cl\/sites\/vc\/"},{"@type":"ListItem","position":2,"name":"Rescate de memoria en torno a Pisagua propone nueva exposici\u00f3n de Centex"}]},{"@type":"WebSite","@id":"https:\/\/dev.antudigital.cl\/sites\/vc\/#website","url":"https:\/\/dev.antudigital.cl\/sites\/vc\/","name":"Valpara\u00ed\u00adso Creativo","description":"","potentialAction":[{"@type":"SearchAction","target":{"@type":"EntryPoint","urlTemplate":"https:\/\/dev.antudigital.cl\/sites\/vc\/?s={search_term_string}"},"query-input":{"@type":"PropertyValueSpecification","valueRequired":true,"valueName":"search_term_string"}}],"inLanguage":"es"},{"@type":"Person","@id":"https:\/\/dev.antudigital.cl\/sites\/vc\/#\/schema\/person\/c2b9da8dd545e27166fc5ab232837318","name":"Valpara\u00edso Creativo","description":"Periodista de cultura en la Regi\u00f3n de Valpara\u00edso.","url":"https:\/\/dev.antudigital.cl\/sites\/vc\/author\/valpoadmin\/"}]}},"_links":{"self":[{"href":"https:\/\/dev.antudigital.cl\/sites\/vc\/wp-json\/wp\/v2\/posts\/17971","targetHints":{"allow":["GET"]}}],"collection":[{"href":"https:\/\/dev.antudigital.cl\/sites\/vc\/wp-json\/wp\/v2\/posts"}],"about":[{"href":"https:\/\/dev.antudigital.cl\/sites\/vc\/wp-json\/wp\/v2\/types\/post"}],"author":[{"embeddable":true,"href":"https:\/\/dev.antudigital.cl\/sites\/vc\/wp-json\/wp\/v2\/users\/1"}],"replies":[{"embeddable":true,"href":"https:\/\/dev.antudigital.cl\/sites\/vc\/wp-json\/wp\/v2\/comments?post=17971"}],"version-history":[{"count":1,"href":"https:\/\/dev.antudigital.cl\/sites\/vc\/wp-json\/wp\/v2\/posts\/17971\/revisions"}],"predecessor-version":[{"id":17974,"href":"https:\/\/dev.antudigital.cl\/sites\/vc\/wp-json\/wp\/v2\/posts\/17971\/revisions\/17974"}],"wp:featuredmedia":[{"embeddable":true,"href":"https:\/\/dev.antudigital.cl\/sites\/vc\/wp-json\/wp\/v2\/media\/17972"}],"wp:attachment":[{"href":"https:\/\/dev.antudigital.cl\/sites\/vc\/wp-json\/wp\/v2\/media?parent=17971"}],"wp:term":[{"taxonomy":"category","embeddable":true,"href":"https:\/\/dev.antudigital.cl\/sites\/vc\/wp-json\/wp\/v2\/categories?post=17971"},{"taxonomy":"post_tag","embeddable":true,"href":"https:\/\/dev.antudigital.cl\/sites\/vc\/wp-json\/wp\/v2\/tags?post=17971"}],"curies":[{"name":"wp","href":"https:\/\/api.w.org\/{rel}","templated":true}]}}