{"id":17980,"date":"2023-12-12T02:13:08","date_gmt":"2023-12-12T02:13:08","guid":{"rendered":"https:\/\/www.valparaisocreativo.cl\/?p=17980"},"modified":"2023-12-18T17:48:08","modified_gmt":"2023-12-18T17:48:08","slug":"republica-760-una-ventana-mas-de-casa-espacio-buenos-aires-824","status":"publish","type":"post","link":"https:\/\/dev.antudigital.cl\/sites\/vc\/republica-760-una-ventana-mas-de-casa-espacio-buenos-aires-824\/","title":{"rendered":"Rep\u00fablica 760: una ventana m\u00e1s de Casa Espacio Buenos Aires 824"},"content":{"rendered":"\n<p>Hace 6 a\u00f1os que existe <strong>Rep\u00fablica 760<\/strong>, que se encuentra en la zona anitigua de la calle Rep\u00fablica en Limache Viejo. En esta calle principal, se gesta un espacio que avanza a <strong>\u201cun ritmo propio\u201d<\/strong> en este punto de la Regi\u00f3n. Anamar\u00eda Briede es quien gestiona este Taller- Espacio. Ella forma parte del equipo de Casa Espacio Buenos Aires 824, en Valpara\u00edso, parte del Festival Internacional de Fotograf\u00eda de Valpara\u00edso, y esta a cargo del proyecto Imagen Salvaje que es el programa de formaci\u00f3n y mediaci\u00f3n de la organizaci\u00f3n.<\/p>\n\n\n\n<p>En cuanto a Rep\u00fablica, \u201cCuando conoc\u00ed la casa que arrendaba en ese entonces Nicol\u00e1s Wormull, fot\u00f3grafo amigo, vi su potencial lum\u00ednico y espacial como taller. Se lo propuse y fue de esa manera que comenzamos a instalarnos en la casa, abrimos las piezas para otros artistas y el espacio com\u00fan lo destinamos como espacio de laboratorio de exposici\u00f3n. Y Nico finalmente se va a vivir a Quillota, luego Suecia y quedo yo a cargo de activarlo\u201d.<\/p>\n\n\n\n<figure class=\"wp-block-image size-large\"><img fetchpriority=\"high\" decoding=\"async\" width=\"1024\" height=\"768\" src=\"https:\/\/www.valparaisocreativo.cl\/wp-content\/uploads\/2023\/12\/IMG_8287-1024x768.jpg\" alt=\"\" class=\"wp-image-17986\" srcset=\"https:\/\/dev.antudigital.cl\/sites\/vc\/wp-content\/uploads\/2023\/12\/IMG_8287-1024x768.jpg 1024w, https:\/\/dev.antudigital.cl\/sites\/vc\/wp-content\/uploads\/2023\/12\/IMG_8287-300x225.jpg 300w, https:\/\/dev.antudigital.cl\/sites\/vc\/wp-content\/uploads\/2023\/12\/IMG_8287-768x576.jpg 768w, https:\/\/dev.antudigital.cl\/sites\/vc\/wp-content\/uploads\/2023\/12\/IMG_8287-1536x1152.jpg 1536w, https:\/\/dev.antudigital.cl\/sites\/vc\/wp-content\/uploads\/2023\/12\/IMG_8287-2048x1536.jpg 2048w, https:\/\/dev.antudigital.cl\/sites\/vc\/wp-content\/uploads\/2023\/12\/IMG_8287-510x382.jpg 510w, https:\/\/dev.antudigital.cl\/sites\/vc\/wp-content\/uploads\/2023\/12\/IMG_8287-1080x810.jpg 1080w, https:\/\/dev.antudigital.cl\/sites\/vc\/wp-content\/uploads\/2023\/12\/IMG_8287-1280x960.jpg 1280w, https:\/\/dev.antudigital.cl\/sites\/vc\/wp-content\/uploads\/2023\/12\/IMG_8287-980x735.jpg 980w, https:\/\/dev.antudigital.cl\/sites\/vc\/wp-content\/uploads\/2023\/12\/IMG_8287-480x360.jpg 480w, https:\/\/dev.antudigital.cl\/sites\/vc\/wp-content\/uploads\/2023\/12\/IMG_8287-24x18.jpg 24w, https:\/\/dev.antudigital.cl\/sites\/vc\/wp-content\/uploads\/2023\/12\/IMG_8287-36x27.jpg 36w, https:\/\/dev.antudigital.cl\/sites\/vc\/wp-content\/uploads\/2023\/12\/IMG_8287-48x36.jpg 48w\" sizes=\"(max-width: 1024px) 100vw, 1024px\" \/><\/figure>\n\n\n\n<p>En Rep\u00fablica 760 han surgido varias acciones residencia de artistas, ejercicios de instalaci\u00f3n \u2013 experimentaci\u00f3n, exposiciones con ejercicios de mediaci\u00f3n, fue un periodo largo de uso del espacio para explorar nuevos lenguajes art\u00edsticos colectivos. Han pasado por este lugar: Ejercicios Impermanentes, Elisa Assler, Manuela Tromben, acciones y encuentros con el FDE Foro de Escritores, Tom\u00e1s Browne, Kurt Folch &amp; Alejandra Meza, Martin Gubbins, Felipe Cussen, Marcela Labra\u00f1a, Megumi Andrade (equipo Oficina de la Nada\/Stgo). Almuerzos de cierre dentro del marco de la exposici\u00f3n #Alteraciones de Chile de M. Gubbins para compartir, desplegar ideas y ejercicios notables junto a Elvira Ballcels, Walter Bee (Galer\u00eda Isabel Rosas Contemporary), Prem Saryo, Francisco Brugnoli, Mar\u00eda Pequina, Elvira Hern\u00e1ndez, Carlos Coci\u00f1a, Catalina de la Cruz, Samuel Salgado, Rodrigo Gomez Rovira y Fernando P\u00e9rez.&nbsp;&nbsp;<\/p>\n\n\n\n<p>Y la relevante e importante colaboraci\u00f3n con CASA ESPACIO FIFV. A partir del a\u00f1o 2021 Rep\u00fablica 760&nbsp; fue el&nbsp; espacio independiente que acogi\u00f3 los procesos y resultados del FIFV 2020 \u00bfAmor y pol\u00edtica como vivir juntos? (fueron los a\u00f1os de pandemia) Y hasta la fecha hemos mantenido este di\u00e1logo de extensi\u00f3n territorial. Actualmente estamos exponiendo COLECCI\u00d3N VALPARA\u00cdSO 14 a\u00f1os de ejercicio editorial &#8211; FIFV EDICIONES que se inaugur\u00f3 dentro del contexto del FIFV 2023 \u00bfCu\u00e1l es el borde de tu mirada? con el lanzamiento del libro QUERIDA MAR\u00cdA (Colecci\u00f3n Valpara\u00edso) de las 4 destacadas fot\u00f3grafas mujeres Catalina Mart\u00edn Chico, Gisela Vol\u00e1, Maya Goded y Maria Santoyo.<\/p>\n\n\n\n<p><strong>\u00bfQu\u00e9 es Rep\u00fablica 760?<\/strong><\/p>\n\n\n\n<p>&#8211; Es un Taller \u2013 Espacio en el segundo piso de una casona antigua que tiene 5 piezas (talleres) y un espacio com\u00fan grande (laboratorio de exposiciones). Las 4 piezas son talleres de artistas, 1 pieza es Oficina de Arquitecto&amp;Ingeniero.&nbsp;<\/p>\n\n\n\n<figure class=\"wp-block-image size-large\"><img decoding=\"async\" width=\"1024\" height=\"768\" src=\"https:\/\/www.valparaisocreativo.cl\/wp-content\/uploads\/2023\/12\/IMG_8297-1024x768.jpg\" alt=\"\" class=\"wp-image-17985\" srcset=\"https:\/\/dev.antudigital.cl\/sites\/vc\/wp-content\/uploads\/2023\/12\/IMG_8297-1024x768.jpg 1024w, https:\/\/dev.antudigital.cl\/sites\/vc\/wp-content\/uploads\/2023\/12\/IMG_8297-300x225.jpg 300w, https:\/\/dev.antudigital.cl\/sites\/vc\/wp-content\/uploads\/2023\/12\/IMG_8297-768x576.jpg 768w, https:\/\/dev.antudigital.cl\/sites\/vc\/wp-content\/uploads\/2023\/12\/IMG_8297-1536x1152.jpg 1536w, https:\/\/dev.antudigital.cl\/sites\/vc\/wp-content\/uploads\/2023\/12\/IMG_8297-2048x1536.jpg 2048w, https:\/\/dev.antudigital.cl\/sites\/vc\/wp-content\/uploads\/2023\/12\/IMG_8297-510x382.jpg 510w, https:\/\/dev.antudigital.cl\/sites\/vc\/wp-content\/uploads\/2023\/12\/IMG_8297-1080x810.jpg 1080w, https:\/\/dev.antudigital.cl\/sites\/vc\/wp-content\/uploads\/2023\/12\/IMG_8297-1280x960.jpg 1280w, https:\/\/dev.antudigital.cl\/sites\/vc\/wp-content\/uploads\/2023\/12\/IMG_8297-980x735.jpg 980w, https:\/\/dev.antudigital.cl\/sites\/vc\/wp-content\/uploads\/2023\/12\/IMG_8297-480x360.jpg 480w, https:\/\/dev.antudigital.cl\/sites\/vc\/wp-content\/uploads\/2023\/12\/IMG_8297-24x18.jpg 24w, https:\/\/dev.antudigital.cl\/sites\/vc\/wp-content\/uploads\/2023\/12\/IMG_8297-36x27.jpg 36w, https:\/\/dev.antudigital.cl\/sites\/vc\/wp-content\/uploads\/2023\/12\/IMG_8297-48x36.jpg 48w\" sizes=\"(max-width: 1024px) 100vw, 1024px\" \/><\/figure>\n\n\n\n<p>Este a\u00f1o 2023 retomo las riendas y deseo volver activar el espacio com\u00fan, con la invitaci\u00f3n que le hago a una gran amiga y artista visual Nancy Gew\u00f6lb (con ella trabaj\u00e9 en la Universidad de Playa Ancha por varios a\u00f1os \/ primer trabajo en una Instituci\u00f3n Estatal ). La invito a exponer sus secretos guardados de su casa \u2013 taller en el Paseo Atkinson &#8211; ESCONDRIJO DE LOS NOMBRES la llam\u00f3 donde despleg\u00f3 7 trabajos gr\u00e1ficos en los muros de Rep\u00fablica 760. Fue un ejercicio est\u00e9tico esc\u00e9nico exquisito en su proceso de&nbsp; acompa\u00f1amiento mutuo afectivo creativo, fue muy activador y removedor. Activamos adem\u00e1s la invitaci\u00f3n de tres voces femeninas importantes en la escena art\u00edstica chilena, Mane Adaro Gallardo, Mar\u00eda Jos\u00e9 Riveros, Marla Freire Smith. Junto a Sebasti\u00e1n Pinto quien lidera la editorial independiente TALLER CARTA&nbsp; lo invito a provocar(nos) el ejercicio de traducir esta muestra en&nbsp; un libro objeto. As\u00ed es como nace Colecci\u00f3n 760 &amp; Taller Carta. Tenemos 2 libros objetos impresos :&nbsp; Escondrijo de los Nombres de N.Gew\u00f6lb y&nbsp; Banal del artista visual fot\u00f3grafo Carlos Silva Troncoso. # Rep\u00fablica760.&nbsp; Deseamos lanzar muy pronto ambos libros.<\/p>\n\n\n\n<p><strong>\u00bfQu\u00e9 es lo que a ti personalmente te interesa? \u00bfQu\u00e9 te mueve art\u00edsticamente?<\/strong><\/p>\n\n\n\n<p>&#8211; Hace a\u00f1os que me sumerjo en <strong>un fuera de cuadro<\/strong> con respecto a mi trabajo personal. Eso no significa que no siga provocando creaci\u00f3n desde la articulaci\u00f3n con otros. Eso me estimula&nbsp; mucho, me gusta generar tejidos y enlaces desde formatos afectivos de aprendizaje. Levantar <strong><em>creaci\u00f3n po\u00e9tica<\/em><\/strong> a partir de procesos de acompa\u00f1amiento, detonar ejercicios de traducci\u00f3n, ejercicios de colaboraci\u00f3n, ejercicios de mediaci\u00f3n y tanto m\u00e1s desde un HACER PENSAR SENTIR sincero y sencillo, es como un <strong><em>semillar sencillo<\/em><\/strong>, con la pretensi\u00f3n y convicci\u00f3n de que hacerlo es importante hacerlo. La&nbsp; poes\u00eda para m\u00ed es un misterio, es el elemento vinculador hacia lo creativo. En ese misterio creo que lo profundo humano est\u00e1 ah\u00ed resguardado \u2013&nbsp; acurrucado \u2013 <strong><em>lo deseo ir a buscar<\/em><\/strong>.<\/p>\n\n\n\n<figure class=\"wp-block-image size-large\"><img decoding=\"async\" width=\"1024\" height=\"768\" src=\"https:\/\/www.valparaisocreativo.cl\/wp-content\/uploads\/2023\/12\/IMG_8292-1024x768.jpg\" alt=\"\" class=\"wp-image-17990\" srcset=\"https:\/\/dev.antudigital.cl\/sites\/vc\/wp-content\/uploads\/2023\/12\/IMG_8292-1024x768.jpg 1024w, https:\/\/dev.antudigital.cl\/sites\/vc\/wp-content\/uploads\/2023\/12\/IMG_8292-300x225.jpg 300w, https:\/\/dev.antudigital.cl\/sites\/vc\/wp-content\/uploads\/2023\/12\/IMG_8292-768x576.jpg 768w, https:\/\/dev.antudigital.cl\/sites\/vc\/wp-content\/uploads\/2023\/12\/IMG_8292-1536x1152.jpg 1536w, https:\/\/dev.antudigital.cl\/sites\/vc\/wp-content\/uploads\/2023\/12\/IMG_8292-2048x1536.jpg 2048w, https:\/\/dev.antudigital.cl\/sites\/vc\/wp-content\/uploads\/2023\/12\/IMG_8292-510x382.jpg 510w, https:\/\/dev.antudigital.cl\/sites\/vc\/wp-content\/uploads\/2023\/12\/IMG_8292-1080x810.jpg 1080w, https:\/\/dev.antudigital.cl\/sites\/vc\/wp-content\/uploads\/2023\/12\/IMG_8292-1280x960.jpg 1280w, https:\/\/dev.antudigital.cl\/sites\/vc\/wp-content\/uploads\/2023\/12\/IMG_8292-980x735.jpg 980w, https:\/\/dev.antudigital.cl\/sites\/vc\/wp-content\/uploads\/2023\/12\/IMG_8292-480x360.jpg 480w, https:\/\/dev.antudigital.cl\/sites\/vc\/wp-content\/uploads\/2023\/12\/IMG_8292-24x18.jpg 24w, https:\/\/dev.antudigital.cl\/sites\/vc\/wp-content\/uploads\/2023\/12\/IMG_8292-36x27.jpg 36w, https:\/\/dev.antudigital.cl\/sites\/vc\/wp-content\/uploads\/2023\/12\/IMG_8292-48x36.jpg 48w\" sizes=\"(max-width: 1024px) 100vw, 1024px\" \/><\/figure>\n\n\n\n<p><strong>Tocando para que pase algo<\/strong><\/p>\n\n\n\n<p>&#8211; S\u00ed, animar. Claro detonar \u2013 provocar \u2013 creaci\u00f3n para activar y hacer circular lo que somos y hacemos. El c\u00f3mo, con qui\u00e9n y cu\u00e1ndo hacer circular lo que somos y hacemos es un tema que requiere de una atenci\u00f3n, dedicaci\u00f3n, tiempo y cuidado especial. Estos son los temas de aprendizaje pendientes en esta (mi) Rep\u00fablica independiente.&nbsp;<\/p>\n\n\n\n<p><strong>\u00bfQu\u00e9 te interesa mostrar en tu obra personal?<\/strong><\/p>\n\n\n\n<p>&#8211; Como te dec\u00eda mi trabajo personal est\u00e1 desenmarcado. Sigo trabajando de forma muy silenciosa, pero fuera del cuadro.<\/p>\n\n\n\n<p><strong>Quer\u00eda saber, durante tu vida, \u00bfc\u00f3mo has experimentado el vivir como trabajadora del arte?<\/strong><\/p>\n\n\n\n<p>Como trabajadora del arte? tremenda pregunta&nbsp; (\u00bfobrero del arte? \u2013 \u00bftrabajador del arte?).<\/p>\n\n\n\n<p>Desde la docencia acad\u00e9mica (a\u00f1os atr\u00e1s) y ahora desde la activaci\u00f3n, provocaci\u00f3n de procesos creativos que gestiono a partir de Imagen Salvaje &#8211; Casa Espacio \u2013 FIFV.\u00a0 Tenemos la responsabilidad de\u00a0 obrar &#8211; trabajar para generar m\u00ednimamente alg\u00fan movimiento de transformaci\u00f3n de conciencia-motriz-socio-afectiva entre nosotros y nuestros fieles colaboradores. Se podr\u00eda decir que desde ah\u00ed me vinculo con este \u00bfqu\u00e9 hacer art\u00edstico? Pronombre \u2013 verbo \u2013 adjetivo en una pregunta. Es una responsabilidad de resolver d\u00eda a d\u00eda esta ecuaci\u00f3n gramatical. Es finalmente determinar el c\u00f3mo accionar la creaci\u00f3n con otros y ser respetuosamente coherente en esa traducci\u00f3n.<\/p>\n\n\n\n<figure class=\"wp-block-image size-large\"><img loading=\"lazy\" decoding=\"async\" width=\"1024\" height=\"768\" src=\"https:\/\/www.valparaisocreativo.cl\/wp-content\/uploads\/2023\/12\/WhatsApp-Image-2023-12-18-at-14.42.43-1024x768.jpeg\" alt=\"\" class=\"wp-image-18009\" srcset=\"https:\/\/dev.antudigital.cl\/sites\/vc\/wp-content\/uploads\/2023\/12\/WhatsApp-Image-2023-12-18-at-14.42.43-1024x768.jpeg 1024w, https:\/\/dev.antudigital.cl\/sites\/vc\/wp-content\/uploads\/2023\/12\/WhatsApp-Image-2023-12-18-at-14.42.43-300x225.jpeg 300w, https:\/\/dev.antudigital.cl\/sites\/vc\/wp-content\/uploads\/2023\/12\/WhatsApp-Image-2023-12-18-at-14.42.43-768x576.jpeg 768w, https:\/\/dev.antudigital.cl\/sites\/vc\/wp-content\/uploads\/2023\/12\/WhatsApp-Image-2023-12-18-at-14.42.43-1536x1152.jpeg 1536w, https:\/\/dev.antudigital.cl\/sites\/vc\/wp-content\/uploads\/2023\/12\/WhatsApp-Image-2023-12-18-at-14.42.43-510x382.jpeg 510w, https:\/\/dev.antudigital.cl\/sites\/vc\/wp-content\/uploads\/2023\/12\/WhatsApp-Image-2023-12-18-at-14.42.43-1080x810.jpeg 1080w, https:\/\/dev.antudigital.cl\/sites\/vc\/wp-content\/uploads\/2023\/12\/WhatsApp-Image-2023-12-18-at-14.42.43-1280x960.jpeg 1280w, https:\/\/dev.antudigital.cl\/sites\/vc\/wp-content\/uploads\/2023\/12\/WhatsApp-Image-2023-12-18-at-14.42.43-980x735.jpeg 980w, https:\/\/dev.antudigital.cl\/sites\/vc\/wp-content\/uploads\/2023\/12\/WhatsApp-Image-2023-12-18-at-14.42.43-480x360.jpeg 480w, https:\/\/dev.antudigital.cl\/sites\/vc\/wp-content\/uploads\/2023\/12\/WhatsApp-Image-2023-12-18-at-14.42.43-24x18.jpeg 24w, https:\/\/dev.antudigital.cl\/sites\/vc\/wp-content\/uploads\/2023\/12\/WhatsApp-Image-2023-12-18-at-14.42.43-36x27.jpeg 36w, https:\/\/dev.antudigital.cl\/sites\/vc\/wp-content\/uploads\/2023\/12\/WhatsApp-Image-2023-12-18-at-14.42.43-48x36.jpeg 48w, https:\/\/dev.antudigital.cl\/sites\/vc\/wp-content\/uploads\/2023\/12\/WhatsApp-Image-2023-12-18-at-14.42.43.jpeg 1600w\" sizes=\"(max-width: 1024px) 100vw, 1024px\" \/><\/figure>\n\n\n\n<p><strong>Para Imagen Salvaje trabajas con colegios, instituciones y otros artistas<\/strong><\/p>\n\n\n\n<p>&#8211; S\u00ed, es un tejido diverso de personas notables que han perdurado a lo largo de estos 6 a\u00f1os de trabajo colaborativo. Hemos mantenido una comunidad de aprendizaje fija (colegios p\u00fablicos, universidades, institutos, talleres de artista, escuelas y editoriales independientes,) en la regi\u00f3n de Valpara\u00edso y en pa\u00edses latinoamericanos (Per\u00fa, M\u00e9xico, Argentina, Colombia, Rep\u00fablica Dominicana). Es un llamado salvaje a compartir procesos de investigaci\u00f3n, b\u00fasqueda y experimentaci\u00f3n en torno a la imagen fotogr\u00e1fica, como herramienta de expresi\u00f3n art\u00edstica. Es necesario activar(se) en lo colectivo.<\/p>\n\n\n\n<p><strong>\u00bfC\u00f3mo puedes explicar la importancia de la imagen en tu vida?<\/strong><\/p>\n\n\n\n<p>&#8211; Hay un cruce una yuxtaposici\u00f3n una transparencia de ambas que coexisten siempre. Dif\u00edcil separarlas. Est\u00e1n continuamente circulando juntas, se rozan, a veces chocan, se quiebran, se abrazan, se contraen. Se conjugan continuamente en mi vida.\u00bfSin palabra no hay imagen&nbsp; y&nbsp; sin imagen no hay palabra ? Es esencial el binomio.&nbsp;<\/p>\n\n\n\n<p><strong>En todo el trabajo que has hecho, \u00bfc\u00f3mo explicas lo que ves? \u00bfQu\u00e9 pasa cuando la gente se vincula a la imagen?<\/strong><\/p>\n\n\n\n<p>&#8211;<strong>\u00bfQUE NOS SUCEDE AL MIRAR?<\/strong>&nbsp;<\/p>\n\n\n\n<p>Preguntas que nos hacemos y compartimos para acercarnos a comprender el uso que le damos a la imagen &#8211; fotogr\u00e1fica. Cuando alguien se acerca a una imagen de archivo, de alg\u00fan \u00e1lbum familiar o una imagen propia siempre se amarra a una narrativa afectiva que la nutre y acompa\u00f1a, es sorprendente como una imagen fotogr\u00e1fica despliega tantas historias emocionales guardadas en las personas. Puede ser un detonador muy grande. Un disparador un liberador de narrativas visuales en potencia.<\/p>\n\n\n\n<figure class=\"wp-block-image size-large\"><img loading=\"lazy\" decoding=\"async\" width=\"768\" height=\"1024\" src=\"https:\/\/www.valparaisocreativo.cl\/wp-content\/uploads\/2023\/12\/IMG_8291-768x1024.jpg\" alt=\"\" class=\"wp-image-17989\" srcset=\"https:\/\/dev.antudigital.cl\/sites\/vc\/wp-content\/uploads\/2023\/12\/IMG_8291-768x1024.jpg 768w, https:\/\/dev.antudigital.cl\/sites\/vc\/wp-content\/uploads\/2023\/12\/IMG_8291-225x300.jpg 225w, https:\/\/dev.antudigital.cl\/sites\/vc\/wp-content\/uploads\/2023\/12\/IMG_8291-1152x1536.jpg 1152w, https:\/\/dev.antudigital.cl\/sites\/vc\/wp-content\/uploads\/2023\/12\/IMG_8291-1536x2048.jpg 1536w, https:\/\/dev.antudigital.cl\/sites\/vc\/wp-content\/uploads\/2023\/12\/IMG_8291-1080x1440.jpg 1080w, https:\/\/dev.antudigital.cl\/sites\/vc\/wp-content\/uploads\/2023\/12\/IMG_8291-1280x1707.jpg 1280w, https:\/\/dev.antudigital.cl\/sites\/vc\/wp-content\/uploads\/2023\/12\/IMG_8291-980x1307.jpg 980w, https:\/\/dev.antudigital.cl\/sites\/vc\/wp-content\/uploads\/2023\/12\/IMG_8291-480x640.jpg 480w, https:\/\/dev.antudigital.cl\/sites\/vc\/wp-content\/uploads\/2023\/12\/IMG_8291-18x24.jpg 18w, https:\/\/dev.antudigital.cl\/sites\/vc\/wp-content\/uploads\/2023\/12\/IMG_8291-27x36.jpg 27w, https:\/\/dev.antudigital.cl\/sites\/vc\/wp-content\/uploads\/2023\/12\/IMG_8291-36x48.jpg 36w, https:\/\/dev.antudigital.cl\/sites\/vc\/wp-content\/uploads\/2023\/12\/IMG_8291-scaled.jpg 1920w\" sizes=\"(max-width: 768px) 100vw, 768px\" \/><\/figure>\n\n\n\n<p>Puedes conocer m\u00e1s en las redes sociales de <a href=\"https:\/\/www.instagram.com\/anamaria_briede_republica760\/\">Anamar\u00eda Briede.<\/a><\/p>\n","protected":false},"excerpt":{"rendered":"<p>Hace 6 a\u00f1os que existe Rep\u00fablica 760, que se encuentra en la zona anitigua de la calle Rep\u00fablica en Limache Viejo. En esta calle principal, se gesta un espacio que avanza a \u201cun ritmo propio\u201d en este punto de la Regi\u00f3n. Anamar\u00eda Briede es quien gestiona este Taller- Espacio. Ella forma parte del equipo de [&hellip;]<\/p>\n","protected":false},"author":1,"featured_media":17984,"comment_status":"closed","ping_status":"closed","sticky":false,"template":"","format":"standard","meta":{"_acf_changed":false,"footnotes":""},"categories":[218],"tags":[],"class_list":["post-17980","post","type-post","status-publish","format-standard","has-post-thumbnail","hentry","category-blog"],"acf":[],"yoast_head":"<!-- This site is optimized with the Yoast SEO plugin v27.1.1 - https:\/\/yoast.com\/product\/yoast-seo-wordpress\/ -->\n<title>Rep\u00fablica 760: una ventana m\u00e1s de Casa Espacio Buenos Aires 824 - Valpara\u00ed\u00adso Creativo<\/title>\n<meta name=\"robots\" content=\"index, follow, max-snippet:-1, max-image-preview:large, max-video-preview:-1\" \/>\n<link rel=\"canonical\" href=\"https:\/\/dev.antudigital.cl\/sites\/vc\/republica-760-una-ventana-mas-de-casa-espacio-buenos-aires-824\/\" \/>\n<meta property=\"og:locale\" content=\"es_ES\" \/>\n<meta property=\"og:type\" content=\"article\" \/>\n<meta property=\"og:title\" content=\"Rep\u00fablica 760: una ventana m\u00e1s de Casa Espacio Buenos Aires 824 - Valpara\u00ed\u00adso Creativo\" \/>\n<meta property=\"og:description\" content=\"Hace 6 a\u00f1os que existe Rep\u00fablica 760, que se encuentra en la zona anitigua de la calle Rep\u00fablica en Limache Viejo. En esta calle principal, se gesta un espacio que avanza a \u201cun ritmo propio\u201d en este punto de la Regi\u00f3n. Anamar\u00eda Briede es quien gestiona este Taller- Espacio. Ella forma parte del equipo de [&hellip;]\" \/>\n<meta property=\"og:url\" content=\"https:\/\/dev.antudigital.cl\/sites\/vc\/republica-760-una-ventana-mas-de-casa-espacio-buenos-aires-824\/\" \/>\n<meta property=\"og:site_name\" content=\"Valpara\u00ed\u00adso Creativo\" \/>\n<meta property=\"article:published_time\" content=\"2023-12-12T02:13:08+00:00\" \/>\n<meta property=\"article:modified_time\" content=\"2023-12-18T17:48:08+00:00\" \/>\n<meta property=\"og:image\" content=\"https:\/\/dev.antudigital.cl\/sites\/vc\/wp-content\/uploads\/2023\/12\/IMG_8298-1-scaled.jpg\" \/>\n\t<meta property=\"og:image:width\" content=\"2560\" \/>\n\t<meta property=\"og:image:height\" content=\"1920\" \/>\n\t<meta property=\"og:image:type\" content=\"image\/jpeg\" \/>\n<meta name=\"author\" content=\"Valpara\u00edso Creativo\" \/>\n<meta name=\"twitter:card\" content=\"summary_large_image\" \/>\n<meta name=\"twitter:label1\" content=\"Escrito por\" \/>\n\t<meta name=\"twitter:data1\" content=\"Valpara\u00edso Creativo\" \/>\n\t<meta name=\"twitter:label2\" content=\"Tiempo de lectura\" \/>\n\t<meta name=\"twitter:data2\" content=\"7 minutos\" \/>\n<script type=\"application\/ld+json\" class=\"yoast-schema-graph\">{\"@context\":\"https:\/\/schema.org\",\"@graph\":[{\"@type\":\"Article\",\"@id\":\"https:\/\/dev.antudigital.cl\/sites\/vc\/republica-760-una-ventana-mas-de-casa-espacio-buenos-aires-824\/#article\",\"isPartOf\":{\"@id\":\"https:\/\/dev.antudigital.cl\/sites\/vc\/republica-760-una-ventana-mas-de-casa-espacio-buenos-aires-824\/\"},\"author\":{\"name\":\"Valpara\u00edso Creativo\",\"@id\":\"https:\/\/dev.antudigital.cl\/sites\/vc\/#\/schema\/person\/c2b9da8dd545e27166fc5ab232837318\"},\"headline\":\"Rep\u00fablica 760: una ventana m\u00e1s de Casa Espacio Buenos Aires 824\",\"datePublished\":\"2023-12-12T02:13:08+00:00\",\"dateModified\":\"2023-12-18T17:48:08+00:00\",\"mainEntityOfPage\":{\"@id\":\"https:\/\/dev.antudigital.cl\/sites\/vc\/republica-760-una-ventana-mas-de-casa-espacio-buenos-aires-824\/\"},\"wordCount\":1387,\"image\":{\"@id\":\"https:\/\/dev.antudigital.cl\/sites\/vc\/republica-760-una-ventana-mas-de-casa-espacio-buenos-aires-824\/#primaryimage\"},\"thumbnailUrl\":\"https:\/\/dev.antudigital.cl\/sites\/vc\/wp-content\/uploads\/2023\/12\/IMG_8298-1-scaled.jpg\",\"articleSection\":[\"Blog\"],\"inLanguage\":\"es\"},{\"@type\":\"WebPage\",\"@id\":\"https:\/\/dev.antudigital.cl\/sites\/vc\/republica-760-una-ventana-mas-de-casa-espacio-buenos-aires-824\/\",\"url\":\"https:\/\/dev.antudigital.cl\/sites\/vc\/republica-760-una-ventana-mas-de-casa-espacio-buenos-aires-824\/\",\"name\":\"Rep\u00fablica 760: una ventana m\u00e1s de Casa Espacio Buenos Aires 824 - Valpara\u00ed\u00adso Creativo\",\"isPartOf\":{\"@id\":\"https:\/\/dev.antudigital.cl\/sites\/vc\/#website\"},\"primaryImageOfPage\":{\"@id\":\"https:\/\/dev.antudigital.cl\/sites\/vc\/republica-760-una-ventana-mas-de-casa-espacio-buenos-aires-824\/#primaryimage\"},\"image\":{\"@id\":\"https:\/\/dev.antudigital.cl\/sites\/vc\/republica-760-una-ventana-mas-de-casa-espacio-buenos-aires-824\/#primaryimage\"},\"thumbnailUrl\":\"https:\/\/dev.antudigital.cl\/sites\/vc\/wp-content\/uploads\/2023\/12\/IMG_8298-1-scaled.jpg\",\"datePublished\":\"2023-12-12T02:13:08+00:00\",\"dateModified\":\"2023-12-18T17:48:08+00:00\",\"author\":{\"@id\":\"https:\/\/dev.antudigital.cl\/sites\/vc\/#\/schema\/person\/c2b9da8dd545e27166fc5ab232837318\"},\"breadcrumb\":{\"@id\":\"https:\/\/dev.antudigital.cl\/sites\/vc\/republica-760-una-ventana-mas-de-casa-espacio-buenos-aires-824\/#breadcrumb\"},\"inLanguage\":\"es\",\"potentialAction\":[{\"@type\":\"ReadAction\",\"target\":[\"https:\/\/dev.antudigital.cl\/sites\/vc\/republica-760-una-ventana-mas-de-casa-espacio-buenos-aires-824\/\"]}]},{\"@type\":\"ImageObject\",\"inLanguage\":\"es\",\"@id\":\"https:\/\/dev.antudigital.cl\/sites\/vc\/republica-760-una-ventana-mas-de-casa-espacio-buenos-aires-824\/#primaryimage\",\"url\":\"https:\/\/dev.antudigital.cl\/sites\/vc\/wp-content\/uploads\/2023\/12\/IMG_8298-1-scaled.jpg\",\"contentUrl\":\"https:\/\/dev.antudigital.cl\/sites\/vc\/wp-content\/uploads\/2023\/12\/IMG_8298-1-scaled.jpg\",\"width\":2560,\"height\":1920},{\"@type\":\"BreadcrumbList\",\"@id\":\"https:\/\/dev.antudigital.cl\/sites\/vc\/republica-760-una-ventana-mas-de-casa-espacio-buenos-aires-824\/#breadcrumb\",\"itemListElement\":[{\"@type\":\"ListItem\",\"position\":1,\"name\":\"Home\",\"item\":\"https:\/\/dev.antudigital.cl\/sites\/vc\/\"},{\"@type\":\"ListItem\",\"position\":2,\"name\":\"Rep\u00fablica 760: una ventana m\u00e1s de Casa Espacio Buenos Aires 824\"}]},{\"@type\":\"WebSite\",\"@id\":\"https:\/\/dev.antudigital.cl\/sites\/vc\/#website\",\"url\":\"https:\/\/dev.antudigital.cl\/sites\/vc\/\",\"name\":\"Valpara\u00ed\u00adso Creativo\",\"description\":\"\",\"potentialAction\":[{\"@type\":\"SearchAction\",\"target\":{\"@type\":\"EntryPoint\",\"urlTemplate\":\"https:\/\/dev.antudigital.cl\/sites\/vc\/?s={search_term_string}\"},\"query-input\":{\"@type\":\"PropertyValueSpecification\",\"valueRequired\":true,\"valueName\":\"search_term_string\"}}],\"inLanguage\":\"es\"},{\"@type\":\"Person\",\"@id\":\"https:\/\/dev.antudigital.cl\/sites\/vc\/#\/schema\/person\/c2b9da8dd545e27166fc5ab232837318\",\"name\":\"Valpara\u00edso Creativo\",\"description\":\"Periodista de cultura en la Regi\u00f3n de Valpara\u00edso.\",\"url\":\"https:\/\/dev.antudigital.cl\/sites\/vc\/author\/valpoadmin\/\"}]}<\/script>\n<!-- \/ Yoast SEO plugin. -->","yoast_head_json":{"title":"Rep\u00fablica 760: una ventana m\u00e1s de Casa Espacio Buenos Aires 824 - Valpara\u00ed\u00adso Creativo","robots":{"index":"index","follow":"follow","max-snippet":"max-snippet:-1","max-image-preview":"max-image-preview:large","max-video-preview":"max-video-preview:-1"},"canonical":"https:\/\/dev.antudigital.cl\/sites\/vc\/republica-760-una-ventana-mas-de-casa-espacio-buenos-aires-824\/","og_locale":"es_ES","og_type":"article","og_title":"Rep\u00fablica 760: una ventana m\u00e1s de Casa Espacio Buenos Aires 824 - Valpara\u00ed\u00adso Creativo","og_description":"Hace 6 a\u00f1os que existe Rep\u00fablica 760, que se encuentra en la zona anitigua de la calle Rep\u00fablica en Limache Viejo. En esta calle principal, se gesta un espacio que avanza a \u201cun ritmo propio\u201d en este punto de la Regi\u00f3n. Anamar\u00eda Briede es quien gestiona este Taller- Espacio. Ella forma parte del equipo de [&hellip;]","og_url":"https:\/\/dev.antudigital.cl\/sites\/vc\/republica-760-una-ventana-mas-de-casa-espacio-buenos-aires-824\/","og_site_name":"Valpara\u00ed\u00adso Creativo","article_published_time":"2023-12-12T02:13:08+00:00","article_modified_time":"2023-12-18T17:48:08+00:00","og_image":[{"width":2560,"height":1920,"url":"https:\/\/dev.antudigital.cl\/sites\/vc\/wp-content\/uploads\/2023\/12\/IMG_8298-1-scaled.jpg","type":"image\/jpeg"}],"author":"Valpara\u00edso Creativo","twitter_card":"summary_large_image","twitter_misc":{"Escrito por":"Valpara\u00edso Creativo","Tiempo de lectura":"7 minutos"},"schema":{"@context":"https:\/\/schema.org","@graph":[{"@type":"Article","@id":"https:\/\/dev.antudigital.cl\/sites\/vc\/republica-760-una-ventana-mas-de-casa-espacio-buenos-aires-824\/#article","isPartOf":{"@id":"https:\/\/dev.antudigital.cl\/sites\/vc\/republica-760-una-ventana-mas-de-casa-espacio-buenos-aires-824\/"},"author":{"name":"Valpara\u00edso Creativo","@id":"https:\/\/dev.antudigital.cl\/sites\/vc\/#\/schema\/person\/c2b9da8dd545e27166fc5ab232837318"},"headline":"Rep\u00fablica 760: una ventana m\u00e1s de Casa Espacio Buenos Aires 824","datePublished":"2023-12-12T02:13:08+00:00","dateModified":"2023-12-18T17:48:08+00:00","mainEntityOfPage":{"@id":"https:\/\/dev.antudigital.cl\/sites\/vc\/republica-760-una-ventana-mas-de-casa-espacio-buenos-aires-824\/"},"wordCount":1387,"image":{"@id":"https:\/\/dev.antudigital.cl\/sites\/vc\/republica-760-una-ventana-mas-de-casa-espacio-buenos-aires-824\/#primaryimage"},"thumbnailUrl":"https:\/\/dev.antudigital.cl\/sites\/vc\/wp-content\/uploads\/2023\/12\/IMG_8298-1-scaled.jpg","articleSection":["Blog"],"inLanguage":"es"},{"@type":"WebPage","@id":"https:\/\/dev.antudigital.cl\/sites\/vc\/republica-760-una-ventana-mas-de-casa-espacio-buenos-aires-824\/","url":"https:\/\/dev.antudigital.cl\/sites\/vc\/republica-760-una-ventana-mas-de-casa-espacio-buenos-aires-824\/","name":"Rep\u00fablica 760: una ventana m\u00e1s de Casa Espacio Buenos Aires 824 - Valpara\u00ed\u00adso Creativo","isPartOf":{"@id":"https:\/\/dev.antudigital.cl\/sites\/vc\/#website"},"primaryImageOfPage":{"@id":"https:\/\/dev.antudigital.cl\/sites\/vc\/republica-760-una-ventana-mas-de-casa-espacio-buenos-aires-824\/#primaryimage"},"image":{"@id":"https:\/\/dev.antudigital.cl\/sites\/vc\/republica-760-una-ventana-mas-de-casa-espacio-buenos-aires-824\/#primaryimage"},"thumbnailUrl":"https:\/\/dev.antudigital.cl\/sites\/vc\/wp-content\/uploads\/2023\/12\/IMG_8298-1-scaled.jpg","datePublished":"2023-12-12T02:13:08+00:00","dateModified":"2023-12-18T17:48:08+00:00","author":{"@id":"https:\/\/dev.antudigital.cl\/sites\/vc\/#\/schema\/person\/c2b9da8dd545e27166fc5ab232837318"},"breadcrumb":{"@id":"https:\/\/dev.antudigital.cl\/sites\/vc\/republica-760-una-ventana-mas-de-casa-espacio-buenos-aires-824\/#breadcrumb"},"inLanguage":"es","potentialAction":[{"@type":"ReadAction","target":["https:\/\/dev.antudigital.cl\/sites\/vc\/republica-760-una-ventana-mas-de-casa-espacio-buenos-aires-824\/"]}]},{"@type":"ImageObject","inLanguage":"es","@id":"https:\/\/dev.antudigital.cl\/sites\/vc\/republica-760-una-ventana-mas-de-casa-espacio-buenos-aires-824\/#primaryimage","url":"https:\/\/dev.antudigital.cl\/sites\/vc\/wp-content\/uploads\/2023\/12\/IMG_8298-1-scaled.jpg","contentUrl":"https:\/\/dev.antudigital.cl\/sites\/vc\/wp-content\/uploads\/2023\/12\/IMG_8298-1-scaled.jpg","width":2560,"height":1920},{"@type":"BreadcrumbList","@id":"https:\/\/dev.antudigital.cl\/sites\/vc\/republica-760-una-ventana-mas-de-casa-espacio-buenos-aires-824\/#breadcrumb","itemListElement":[{"@type":"ListItem","position":1,"name":"Home","item":"https:\/\/dev.antudigital.cl\/sites\/vc\/"},{"@type":"ListItem","position":2,"name":"Rep\u00fablica 760: una ventana m\u00e1s de Casa Espacio Buenos Aires 824"}]},{"@type":"WebSite","@id":"https:\/\/dev.antudigital.cl\/sites\/vc\/#website","url":"https:\/\/dev.antudigital.cl\/sites\/vc\/","name":"Valpara\u00ed\u00adso Creativo","description":"","potentialAction":[{"@type":"SearchAction","target":{"@type":"EntryPoint","urlTemplate":"https:\/\/dev.antudigital.cl\/sites\/vc\/?s={search_term_string}"},"query-input":{"@type":"PropertyValueSpecification","valueRequired":true,"valueName":"search_term_string"}}],"inLanguage":"es"},{"@type":"Person","@id":"https:\/\/dev.antudigital.cl\/sites\/vc\/#\/schema\/person\/c2b9da8dd545e27166fc5ab232837318","name":"Valpara\u00edso Creativo","description":"Periodista de cultura en la Regi\u00f3n de Valpara\u00edso.","url":"https:\/\/dev.antudigital.cl\/sites\/vc\/author\/valpoadmin\/"}]}},"_links":{"self":[{"href":"https:\/\/dev.antudigital.cl\/sites\/vc\/wp-json\/wp\/v2\/posts\/17980","targetHints":{"allow":["GET"]}}],"collection":[{"href":"https:\/\/dev.antudigital.cl\/sites\/vc\/wp-json\/wp\/v2\/posts"}],"about":[{"href":"https:\/\/dev.antudigital.cl\/sites\/vc\/wp-json\/wp\/v2\/types\/post"}],"author":[{"embeddable":true,"href":"https:\/\/dev.antudigital.cl\/sites\/vc\/wp-json\/wp\/v2\/users\/1"}],"replies":[{"embeddable":true,"href":"https:\/\/dev.antudigital.cl\/sites\/vc\/wp-json\/wp\/v2\/comments?post=17980"}],"version-history":[{"count":5,"href":"https:\/\/dev.antudigital.cl\/sites\/vc\/wp-json\/wp\/v2\/posts\/17980\/revisions"}],"predecessor-version":[{"id":18010,"href":"https:\/\/dev.antudigital.cl\/sites\/vc\/wp-json\/wp\/v2\/posts\/17980\/revisions\/18010"}],"wp:featuredmedia":[{"embeddable":true,"href":"https:\/\/dev.antudigital.cl\/sites\/vc\/wp-json\/wp\/v2\/media\/17984"}],"wp:attachment":[{"href":"https:\/\/dev.antudigital.cl\/sites\/vc\/wp-json\/wp\/v2\/media?parent=17980"}],"wp:term":[{"taxonomy":"category","embeddable":true,"href":"https:\/\/dev.antudigital.cl\/sites\/vc\/wp-json\/wp\/v2\/categories?post=17980"},{"taxonomy":"post_tag","embeddable":true,"href":"https:\/\/dev.antudigital.cl\/sites\/vc\/wp-json\/wp\/v2\/tags?post=17980"}],"curies":[{"name":"wp","href":"https:\/\/api.w.org\/{rel}","templated":true}]}}