{"id":18095,"date":"2024-01-08T21:37:06","date_gmt":"2024-01-08T21:37:06","guid":{"rendered":"https:\/\/www.valparaisocreativo.cl\/?p=18095"},"modified":"2024-01-08T21:37:11","modified_gmt":"2024-01-08T21:37:11","slug":"convocatoria-avanzada-sur","status":"publish","type":"post","link":"https:\/\/dev.antudigital.cl\/sites\/vc\/convocatoria-avanzada-sur\/","title":{"rendered":"Convocatoria Avanzada Sur"},"content":{"rendered":"\n<p>Como&nbsp;Fundaci\u00f3n Cuerpo SUR nos alegra invitarles a postular a la Segunda versi\u00f3n de Avanzada Sur, programa de acompa\u00f1amiento y direcci\u00f3n en Artes Vivas, dirigido a creadores de Latinoam\u00e9rica.<\/p>\n\n\n\n<p>Se trata de una propuesta de residencia para el desarrollo de un proyecto autoral. Su car\u00e1cter&nbsp;es pr\u00e1ctico y centrado en la promoci\u00f3n de di\u00e1logos&nbsp;interdisciplinares, a partir de saberes y pr\u00e1cticas del Sur Global. Avanzada Sur 2024 se llevar\u00e1 a cabo en Chilo\u00e9 y Valpara\u00edso (Chile). Y est\u00e1 dirigido a:<\/p>\n\n\n\n<p>-Artistas latinoamericanxs que trabajan en las Artes Vivas.<\/p>\n\n\n\n<p>-Deben ser artistas que residan y desarrollen su proyecto dentro de Latinoam\u00e9rica.<\/p>\n\n\n\n<p>-Lxs postulantes deben ser menores de 35 a\u00f1os y contar&nbsp; -como m\u00ednimo- con 1 trabajo profesional exhibido y 3 como m\u00e1ximo.<\/p>\n\n\n\n<ul class=\"wp-block-list\">\n<li>Ejes curatoriales 2024:<\/li>\n<\/ul>\n\n\n\n<p>-Decolonidad&nbsp;y saberes ancestrales<\/p>\n\n\n\n<p>-Ecolog\u00eda y relaci\u00f3n con el mundo vegetal<\/p>\n\n\n\n<ul class=\"wp-block-list\">\n<li>Enfoques \/ Metodolog\u00edas:<\/li>\n<\/ul>\n\n\n\n<p>-Pr\u00e1cticas y perspectivas feministas<\/p>\n\n\n\n<p>-Pr\u00e1cticas colaborativas, vinculaci\u00f3n entre arte y territorio<\/p>\n\n\n\n<p>-Pr\u00e1cticas que vinculan arte, ciencia y tecnolog\u00eda<\/p>\n\n\n\n<ul class=\"wp-block-list\">\n<li>Cierre de postulaciones: 22 de enero 2024<\/li>\n\n\n\n<li>Preguntas:&nbsp;<a href=\"mailto:contacto@cuerposur.com\" target=\"_blank\" rel=\"noreferrer noopener\">contacto@cuerposur.com<\/a><\/li>\n<\/ul>\n\n\n\n<p>M\u00e1s informaci\u00f3n y formulario de postulaci\u00f3n en&nbsp;<a href=\"https:\/\/www.cuerposur.com\/avanzadasur\" target=\"_blank\" rel=\"noreferrer noopener\">https:\/\/www.cuerposur.com\/avanzadasur<\/a><\/p>\n\n\n\n<ul class=\"wp-block-list\">\n<li>Codirecci\u00f3n:&nbsp;@ebanagarin y&nbsp;<a>@luis_guenel<\/a><\/li>\n\n\n\n<li>Producci\u00f3n:&nbsp;<a>@lapatriateatro<\/a><\/li>\n\n\n\n<li>Dise\u00f1o:&nbsp;@foch&nbsp;&nbsp;<a>@ornamentastudio<\/a><\/li>\n\n\n\n<li>Comunicaciones: @lorenalvarezch<\/li>\n\n\n\n<li>Este programa cuenta con el apoyo de:&nbsp;<a>@stichtingdoen<\/a><\/li>\n<\/ul>\n\n\n\n<p>Colaboradores:<\/p>\n\n\n\n<p>@cecrea_castro&nbsp;&nbsp;@culturas_cl&nbsp;&nbsp;@universidaddeloslagos&nbsp;&nbsp;@estacionmapocho&nbsp;@liquenlab_magallanes&nbsp;&nbsp;@comarca_contuy&nbsp;&nbsp;@paisaje_publico&nbsp;&nbsp;@goetheinstitut_chile&nbsp;&nbsp;@balmaceda_artejoven&nbsp;&nbsp;<\/p>\n\n\n\n<p><a>@fundacionsantiagooff<\/a><\/p>\n\n\n\n<p>#artesvivas #teatrochilenocontemporaneo&nbsp; #performance&nbsp; #sur&nbsp; #residenciaartistica<\/p>\n\n\n\n<figure class=\"wp-block-image size-large\"><img fetchpriority=\"high\" decoding=\"async\" width=\"1024\" height=\"1024\" src=\"https:\/\/www.valparaisocreativo.cl\/wp-content\/uploads\/2024\/01\/PHOTO-2023-12-12-14-46-52-1024x1024.jpg\" alt=\"\" class=\"wp-image-18096\" srcset=\"https:\/\/dev.antudigital.cl\/sites\/vc\/wp-content\/uploads\/2024\/01\/PHOTO-2023-12-12-14-46-52-1024x1024.jpg 1024w, https:\/\/dev.antudigital.cl\/sites\/vc\/wp-content\/uploads\/2024\/01\/PHOTO-2023-12-12-14-46-52-300x300.jpg 300w, https:\/\/dev.antudigital.cl\/sites\/vc\/wp-content\/uploads\/2024\/01\/PHOTO-2023-12-12-14-46-52-150x150.jpg 150w, https:\/\/dev.antudigital.cl\/sites\/vc\/wp-content\/uploads\/2024\/01\/PHOTO-2023-12-12-14-46-52-768x768.jpg 768w, https:\/\/dev.antudigital.cl\/sites\/vc\/wp-content\/uploads\/2024\/01\/PHOTO-2023-12-12-14-46-52-980x980.jpg 980w, https:\/\/dev.antudigital.cl\/sites\/vc\/wp-content\/uploads\/2024\/01\/PHOTO-2023-12-12-14-46-52-480x480.jpg 480w, https:\/\/dev.antudigital.cl\/sites\/vc\/wp-content\/uploads\/2024\/01\/PHOTO-2023-12-12-14-46-52-24x24.jpg 24w, https:\/\/dev.antudigital.cl\/sites\/vc\/wp-content\/uploads\/2024\/01\/PHOTO-2023-12-12-14-46-52-36x36.jpg 36w, https:\/\/dev.antudigital.cl\/sites\/vc\/wp-content\/uploads\/2024\/01\/PHOTO-2023-12-12-14-46-52-48x48.jpg 48w, https:\/\/dev.antudigital.cl\/sites\/vc\/wp-content\/uploads\/2024\/01\/PHOTO-2023-12-12-14-46-52.jpg 1080w\" sizes=\"(max-width: 1024px) 100vw, 1024px\" \/><\/figure>\n","protected":false},"excerpt":{"rendered":"<p>Como&nbsp;Fundaci\u00f3n Cuerpo SUR nos alegra invitarles a postular a la Segunda versi\u00f3n de Avanzada Sur, programa de acompa\u00f1amiento y direcci\u00f3n en Artes Vivas, dirigido a creadores de Latinoam\u00e9rica. Se trata de una propuesta de residencia para el desarrollo de un proyecto autoral. Su car\u00e1cter&nbsp;es pr\u00e1ctico y centrado en la promoci\u00f3n de di\u00e1logos&nbsp;interdisciplinares, a partir de [&hellip;]<\/p>\n","protected":false},"author":1,"featured_media":18097,"comment_status":"closed","ping_status":"closed","sticky":false,"template":"","format":"standard","meta":{"_acf_changed":false,"footnotes":""},"categories":[1],"tags":[],"class_list":["post-18095","post","type-post","status-publish","format-standard","has-post-thumbnail","hentry","category-uncategorized"],"acf":[],"yoast_head":"<!-- This site is optimized with the Yoast SEO plugin v27.1.1 - https:\/\/yoast.com\/product\/yoast-seo-wordpress\/ -->\n<title>Convocatoria Avanzada Sur - Valpara\u00ed\u00adso Creativo<\/title>\n<meta name=\"robots\" content=\"index, follow, max-snippet:-1, max-image-preview:large, max-video-preview:-1\" \/>\n<link rel=\"canonical\" href=\"https:\/\/dev.antudigital.cl\/sites\/vc\/convocatoria-avanzada-sur\/\" \/>\n<meta property=\"og:locale\" content=\"es_ES\" \/>\n<meta property=\"og:type\" content=\"article\" \/>\n<meta property=\"og:title\" content=\"Convocatoria Avanzada Sur - Valpara\u00ed\u00adso Creativo\" \/>\n<meta property=\"og:description\" content=\"Como&nbsp;Fundaci\u00f3n Cuerpo SUR nos alegra invitarles a postular a la Segunda versi\u00f3n de Avanzada Sur, programa de acompa\u00f1amiento y direcci\u00f3n en Artes Vivas, dirigido a creadores de Latinoam\u00e9rica. Se trata de una propuesta de residencia para el desarrollo de un proyecto autoral. Su car\u00e1cter&nbsp;es pr\u00e1ctico y centrado en la promoci\u00f3n de di\u00e1logos&nbsp;interdisciplinares, a partir de [&hellip;]\" \/>\n<meta property=\"og:url\" content=\"https:\/\/dev.antudigital.cl\/sites\/vc\/convocatoria-avanzada-sur\/\" \/>\n<meta property=\"og:site_name\" content=\"Valpara\u00ed\u00adso Creativo\" \/>\n<meta property=\"article:published_time\" content=\"2024-01-08T21:37:06+00:00\" \/>\n<meta property=\"article:modified_time\" content=\"2024-01-08T21:37:11+00:00\" \/>\n<meta property=\"og:image\" content=\"https:\/\/dev.antudigital.cl\/sites\/vc\/wp-content\/uploads\/2024\/01\/Captura-de-Pantalla-2024-01-08-a-las-18.36.29.png\" \/>\n\t<meta property=\"og:image:width\" content=\"812\" \/>\n\t<meta property=\"og:image:height\" content=\"489\" \/>\n\t<meta property=\"og:image:type\" content=\"image\/png\" \/>\n<meta name=\"author\" content=\"Valpara\u00edso Creativo\" \/>\n<meta name=\"twitter:card\" content=\"summary_large_image\" \/>\n<meta name=\"twitter:label1\" content=\"Escrito por\" \/>\n\t<meta name=\"twitter:data1\" content=\"Valpara\u00edso Creativo\" \/>\n\t<meta name=\"twitter:label2\" content=\"Tiempo de lectura\" \/>\n\t<meta name=\"twitter:data2\" content=\"2 minutos\" \/>\n<script type=\"application\/ld+json\" class=\"yoast-schema-graph\">{\"@context\":\"https:\/\/schema.org\",\"@graph\":[{\"@type\":\"Article\",\"@id\":\"https:\/\/dev.antudigital.cl\/sites\/vc\/convocatoria-avanzada-sur\/#article\",\"isPartOf\":{\"@id\":\"https:\/\/dev.antudigital.cl\/sites\/vc\/convocatoria-avanzada-sur\/\"},\"author\":{\"name\":\"Valpara\u00edso Creativo\",\"@id\":\"https:\/\/dev.antudigital.cl\/sites\/vc\/#\/schema\/person\/c2b9da8dd545e27166fc5ab232837318\"},\"headline\":\"Convocatoria Avanzada Sur\",\"datePublished\":\"2024-01-08T21:37:06+00:00\",\"dateModified\":\"2024-01-08T21:37:11+00:00\",\"mainEntityOfPage\":{\"@id\":\"https:\/\/dev.antudigital.cl\/sites\/vc\/convocatoria-avanzada-sur\/\"},\"wordCount\":280,\"image\":{\"@id\":\"https:\/\/dev.antudigital.cl\/sites\/vc\/convocatoria-avanzada-sur\/#primaryimage\"},\"thumbnailUrl\":\"https:\/\/dev.antudigital.cl\/sites\/vc\/wp-content\/uploads\/2024\/01\/Captura-de-Pantalla-2024-01-08-a-las-18.36.29.png\",\"articleSection\":[\"Uncategorized\"],\"inLanguage\":\"es\"},{\"@type\":\"WebPage\",\"@id\":\"https:\/\/dev.antudigital.cl\/sites\/vc\/convocatoria-avanzada-sur\/\",\"url\":\"https:\/\/dev.antudigital.cl\/sites\/vc\/convocatoria-avanzada-sur\/\",\"name\":\"Convocatoria Avanzada Sur - Valpara\u00ed\u00adso Creativo\",\"isPartOf\":{\"@id\":\"https:\/\/dev.antudigital.cl\/sites\/vc\/#website\"},\"primaryImageOfPage\":{\"@id\":\"https:\/\/dev.antudigital.cl\/sites\/vc\/convocatoria-avanzada-sur\/#primaryimage\"},\"image\":{\"@id\":\"https:\/\/dev.antudigital.cl\/sites\/vc\/convocatoria-avanzada-sur\/#primaryimage\"},\"thumbnailUrl\":\"https:\/\/dev.antudigital.cl\/sites\/vc\/wp-content\/uploads\/2024\/01\/Captura-de-Pantalla-2024-01-08-a-las-18.36.29.png\",\"datePublished\":\"2024-01-08T21:37:06+00:00\",\"dateModified\":\"2024-01-08T21:37:11+00:00\",\"author\":{\"@id\":\"https:\/\/dev.antudigital.cl\/sites\/vc\/#\/schema\/person\/c2b9da8dd545e27166fc5ab232837318\"},\"breadcrumb\":{\"@id\":\"https:\/\/dev.antudigital.cl\/sites\/vc\/convocatoria-avanzada-sur\/#breadcrumb\"},\"inLanguage\":\"es\",\"potentialAction\":[{\"@type\":\"ReadAction\",\"target\":[\"https:\/\/dev.antudigital.cl\/sites\/vc\/convocatoria-avanzada-sur\/\"]}]},{\"@type\":\"ImageObject\",\"inLanguage\":\"es\",\"@id\":\"https:\/\/dev.antudigital.cl\/sites\/vc\/convocatoria-avanzada-sur\/#primaryimage\",\"url\":\"https:\/\/dev.antudigital.cl\/sites\/vc\/wp-content\/uploads\/2024\/01\/Captura-de-Pantalla-2024-01-08-a-las-18.36.29.png\",\"contentUrl\":\"https:\/\/dev.antudigital.cl\/sites\/vc\/wp-content\/uploads\/2024\/01\/Captura-de-Pantalla-2024-01-08-a-las-18.36.29.png\",\"width\":812,\"height\":489},{\"@type\":\"BreadcrumbList\",\"@id\":\"https:\/\/dev.antudigital.cl\/sites\/vc\/convocatoria-avanzada-sur\/#breadcrumb\",\"itemListElement\":[{\"@type\":\"ListItem\",\"position\":1,\"name\":\"Home\",\"item\":\"https:\/\/dev.antudigital.cl\/sites\/vc\/\"},{\"@type\":\"ListItem\",\"position\":2,\"name\":\"Convocatoria Avanzada Sur\"}]},{\"@type\":\"WebSite\",\"@id\":\"https:\/\/dev.antudigital.cl\/sites\/vc\/#website\",\"url\":\"https:\/\/dev.antudigital.cl\/sites\/vc\/\",\"name\":\"Valpara\u00ed\u00adso Creativo\",\"description\":\"\",\"potentialAction\":[{\"@type\":\"SearchAction\",\"target\":{\"@type\":\"EntryPoint\",\"urlTemplate\":\"https:\/\/dev.antudigital.cl\/sites\/vc\/?s={search_term_string}\"},\"query-input\":{\"@type\":\"PropertyValueSpecification\",\"valueRequired\":true,\"valueName\":\"search_term_string\"}}],\"inLanguage\":\"es\"},{\"@type\":\"Person\",\"@id\":\"https:\/\/dev.antudigital.cl\/sites\/vc\/#\/schema\/person\/c2b9da8dd545e27166fc5ab232837318\",\"name\":\"Valpara\u00edso Creativo\",\"description\":\"Periodista de cultura en la Regi\u00f3n de Valpara\u00edso.\",\"url\":\"https:\/\/dev.antudigital.cl\/sites\/vc\/author\/valpoadmin\/\"}]}<\/script>\n<!-- \/ Yoast SEO plugin. -->","yoast_head_json":{"title":"Convocatoria Avanzada Sur - Valpara\u00ed\u00adso Creativo","robots":{"index":"index","follow":"follow","max-snippet":"max-snippet:-1","max-image-preview":"max-image-preview:large","max-video-preview":"max-video-preview:-1"},"canonical":"https:\/\/dev.antudigital.cl\/sites\/vc\/convocatoria-avanzada-sur\/","og_locale":"es_ES","og_type":"article","og_title":"Convocatoria Avanzada Sur - Valpara\u00ed\u00adso Creativo","og_description":"Como&nbsp;Fundaci\u00f3n Cuerpo SUR nos alegra invitarles a postular a la Segunda versi\u00f3n de Avanzada Sur, programa de acompa\u00f1amiento y direcci\u00f3n en Artes Vivas, dirigido a creadores de Latinoam\u00e9rica. Se trata de una propuesta de residencia para el desarrollo de un proyecto autoral. Su car\u00e1cter&nbsp;es pr\u00e1ctico y centrado en la promoci\u00f3n de di\u00e1logos&nbsp;interdisciplinares, a partir de [&hellip;]","og_url":"https:\/\/dev.antudigital.cl\/sites\/vc\/convocatoria-avanzada-sur\/","og_site_name":"Valpara\u00ed\u00adso Creativo","article_published_time":"2024-01-08T21:37:06+00:00","article_modified_time":"2024-01-08T21:37:11+00:00","og_image":[{"width":812,"height":489,"url":"https:\/\/dev.antudigital.cl\/sites\/vc\/wp-content\/uploads\/2024\/01\/Captura-de-Pantalla-2024-01-08-a-las-18.36.29.png","type":"image\/png"}],"author":"Valpara\u00edso Creativo","twitter_card":"summary_large_image","twitter_misc":{"Escrito por":"Valpara\u00edso Creativo","Tiempo de lectura":"2 minutos"},"schema":{"@context":"https:\/\/schema.org","@graph":[{"@type":"Article","@id":"https:\/\/dev.antudigital.cl\/sites\/vc\/convocatoria-avanzada-sur\/#article","isPartOf":{"@id":"https:\/\/dev.antudigital.cl\/sites\/vc\/convocatoria-avanzada-sur\/"},"author":{"name":"Valpara\u00edso Creativo","@id":"https:\/\/dev.antudigital.cl\/sites\/vc\/#\/schema\/person\/c2b9da8dd545e27166fc5ab232837318"},"headline":"Convocatoria Avanzada Sur","datePublished":"2024-01-08T21:37:06+00:00","dateModified":"2024-01-08T21:37:11+00:00","mainEntityOfPage":{"@id":"https:\/\/dev.antudigital.cl\/sites\/vc\/convocatoria-avanzada-sur\/"},"wordCount":280,"image":{"@id":"https:\/\/dev.antudigital.cl\/sites\/vc\/convocatoria-avanzada-sur\/#primaryimage"},"thumbnailUrl":"https:\/\/dev.antudigital.cl\/sites\/vc\/wp-content\/uploads\/2024\/01\/Captura-de-Pantalla-2024-01-08-a-las-18.36.29.png","articleSection":["Uncategorized"],"inLanguage":"es"},{"@type":"WebPage","@id":"https:\/\/dev.antudigital.cl\/sites\/vc\/convocatoria-avanzada-sur\/","url":"https:\/\/dev.antudigital.cl\/sites\/vc\/convocatoria-avanzada-sur\/","name":"Convocatoria Avanzada Sur - Valpara\u00ed\u00adso Creativo","isPartOf":{"@id":"https:\/\/dev.antudigital.cl\/sites\/vc\/#website"},"primaryImageOfPage":{"@id":"https:\/\/dev.antudigital.cl\/sites\/vc\/convocatoria-avanzada-sur\/#primaryimage"},"image":{"@id":"https:\/\/dev.antudigital.cl\/sites\/vc\/convocatoria-avanzada-sur\/#primaryimage"},"thumbnailUrl":"https:\/\/dev.antudigital.cl\/sites\/vc\/wp-content\/uploads\/2024\/01\/Captura-de-Pantalla-2024-01-08-a-las-18.36.29.png","datePublished":"2024-01-08T21:37:06+00:00","dateModified":"2024-01-08T21:37:11+00:00","author":{"@id":"https:\/\/dev.antudigital.cl\/sites\/vc\/#\/schema\/person\/c2b9da8dd545e27166fc5ab232837318"},"breadcrumb":{"@id":"https:\/\/dev.antudigital.cl\/sites\/vc\/convocatoria-avanzada-sur\/#breadcrumb"},"inLanguage":"es","potentialAction":[{"@type":"ReadAction","target":["https:\/\/dev.antudigital.cl\/sites\/vc\/convocatoria-avanzada-sur\/"]}]},{"@type":"ImageObject","inLanguage":"es","@id":"https:\/\/dev.antudigital.cl\/sites\/vc\/convocatoria-avanzada-sur\/#primaryimage","url":"https:\/\/dev.antudigital.cl\/sites\/vc\/wp-content\/uploads\/2024\/01\/Captura-de-Pantalla-2024-01-08-a-las-18.36.29.png","contentUrl":"https:\/\/dev.antudigital.cl\/sites\/vc\/wp-content\/uploads\/2024\/01\/Captura-de-Pantalla-2024-01-08-a-las-18.36.29.png","width":812,"height":489},{"@type":"BreadcrumbList","@id":"https:\/\/dev.antudigital.cl\/sites\/vc\/convocatoria-avanzada-sur\/#breadcrumb","itemListElement":[{"@type":"ListItem","position":1,"name":"Home","item":"https:\/\/dev.antudigital.cl\/sites\/vc\/"},{"@type":"ListItem","position":2,"name":"Convocatoria Avanzada Sur"}]},{"@type":"WebSite","@id":"https:\/\/dev.antudigital.cl\/sites\/vc\/#website","url":"https:\/\/dev.antudigital.cl\/sites\/vc\/","name":"Valpara\u00ed\u00adso Creativo","description":"","potentialAction":[{"@type":"SearchAction","target":{"@type":"EntryPoint","urlTemplate":"https:\/\/dev.antudigital.cl\/sites\/vc\/?s={search_term_string}"},"query-input":{"@type":"PropertyValueSpecification","valueRequired":true,"valueName":"search_term_string"}}],"inLanguage":"es"},{"@type":"Person","@id":"https:\/\/dev.antudigital.cl\/sites\/vc\/#\/schema\/person\/c2b9da8dd545e27166fc5ab232837318","name":"Valpara\u00edso Creativo","description":"Periodista de cultura en la Regi\u00f3n de Valpara\u00edso.","url":"https:\/\/dev.antudigital.cl\/sites\/vc\/author\/valpoadmin\/"}]}},"_links":{"self":[{"href":"https:\/\/dev.antudigital.cl\/sites\/vc\/wp-json\/wp\/v2\/posts\/18095","targetHints":{"allow":["GET"]}}],"collection":[{"href":"https:\/\/dev.antudigital.cl\/sites\/vc\/wp-json\/wp\/v2\/posts"}],"about":[{"href":"https:\/\/dev.antudigital.cl\/sites\/vc\/wp-json\/wp\/v2\/types\/post"}],"author":[{"embeddable":true,"href":"https:\/\/dev.antudigital.cl\/sites\/vc\/wp-json\/wp\/v2\/users\/1"}],"replies":[{"embeddable":true,"href":"https:\/\/dev.antudigital.cl\/sites\/vc\/wp-json\/wp\/v2\/comments?post=18095"}],"version-history":[{"count":1,"href":"https:\/\/dev.antudigital.cl\/sites\/vc\/wp-json\/wp\/v2\/posts\/18095\/revisions"}],"predecessor-version":[{"id":18098,"href":"https:\/\/dev.antudigital.cl\/sites\/vc\/wp-json\/wp\/v2\/posts\/18095\/revisions\/18098"}],"wp:featuredmedia":[{"embeddable":true,"href":"https:\/\/dev.antudigital.cl\/sites\/vc\/wp-json\/wp\/v2\/media\/18097"}],"wp:attachment":[{"href":"https:\/\/dev.antudigital.cl\/sites\/vc\/wp-json\/wp\/v2\/media?parent=18095"}],"wp:term":[{"taxonomy":"category","embeddable":true,"href":"https:\/\/dev.antudigital.cl\/sites\/vc\/wp-json\/wp\/v2\/categories?post=18095"},{"taxonomy":"post_tag","embeddable":true,"href":"https:\/\/dev.antudigital.cl\/sites\/vc\/wp-json\/wp\/v2\/tags?post=18095"}],"curies":[{"name":"wp","href":"https:\/\/api.w.org\/{rel}","templated":true}]}}