{"id":18099,"date":"2024-01-08T21:43:05","date_gmt":"2024-01-08T21:43:05","guid":{"rendered":"https:\/\/www.valparaisocreativo.cl\/?p=18099"},"modified":"2024-01-08T21:43:10","modified_gmt":"2024-01-08T21:43:10","slug":"desde-las-cenizas-martes-9-de-enero-se-realiza-jornada-para-recaudar-fondos-para-sala-pascal-79","status":"publish","type":"post","link":"https:\/\/dev.antudigital.cl\/sites\/vc\/desde-las-cenizas-martes-9-de-enero-se-realiza-jornada-para-recaudar-fondos-para-sala-pascal-79\/","title":{"rendered":"DESDE LAS CENIZAS: Martes 9 de Enero se realiza jornada para recaudar fondos para Sala Pascal 79\u00a0"},"content":{"rendered":"\n<p>Luego del incendio que afect\u00f3 a Sala Pascal 79 y a vecinos de Barrio Puerto la madrugada del 24 de Octubre de 2023, el pr\u00f3ximo Martes 9 de Enero se realizar\u00e1 un concierto a beneficio de este emblem\u00e1tico espacio. Todo lo recaudado ser\u00e1 para continuar con el trabajo que la Sala realiza en Valpara\u00edso y el Barrio Puerto desde hace 30 a\u00f1os.&nbsp;<\/p>\n\n\n\n<p>Sala Pascal 79 invita a sumarte desde las 18 hrs a una tarde de m\u00fasica, baile y visuales en el Teatro del Parque Cultural de Valpara\u00edso.&nbsp;<\/p>\n\n\n\n<p>Abren esta jornada a las 18 hrs <strong>La Sal de Fruta<\/strong>, d\u00fao que nace en el 2014 y que ha rondado por los distintos recovecos del puerto con su sonido que fusiona distintos g\u00e9neros que van desde el hip hop, funk, pop, cumbia, drum&amp;bass entre otros. Concentrados en el formato en vivo, lanzan su primer EP \u00abNosotros Somos\u00bb el a\u00f1o 2019, y luego sus sencillos \u00abEsclavo\u00bb (2020) y \u00abG\u00e9nica\u00bb (2021). Actualmente se encuentran preparando su segundo EP, todav\u00eda sin nombre y esperan lanzarlo este 2024.&nbsp;<\/p>\n\n\n\n<p>A las 19 hrs se presentar\u00e1, <strong>Ge\u00f3fita<\/strong>, proyecto musical que, hasta el momento, ha abordado su proceso creativo desde la creaci\u00f3n, producci\u00f3n y postproducci\u00f3n de su primer EP titulado \u201cge\u00f3fita\u201d, que sostiene registros sensibles de sus integrantes en relaci\u00f3n con el territorio que habitan en forma de canciones. Adem\u00e1s, parte de su desarrollo se encuentra en la composici\u00f3n musical colectiva para las artes esc\u00e9nicas.&nbsp;<\/p>\n\n\n\n<p>A las 20 hrs, para cerrar la tarde, <strong>Mestizo <\/strong>con un ensamble de variados ritmos latinoamericanos como el son cubano, la rumba, la bachata, el bolero, el merengue, entre otros, es que se genera el sello de la banda.&nbsp;<\/p>\n\n\n\n<p>En la actualidad, Mestizo cuenta con tres canciones de estudio tituladas Sabe de calle, Ilumina el caminar y sentirnos mejor, posicion\u00e1ndose como una agrupaci\u00f3n emergente que viene a enriquecer la escena local a partir de un repertorio completamente original.&nbsp;<\/p>\n\n\n\n<p>Las visuales estar\u00e1n a cargo de <strong>Keka Tauc\u00e1n (VJ) <\/strong>Artista Transmedia, de Valpara\u00edso, ofreciendo una experiencia \u00fanica que complementar\u00e1 la fusi\u00f3n de ritmos y estilos.&nbsp;<\/p>\n\n\n\n<p>\u201cComo equipx entendemos Sala Pascal 79 m\u00e1s all\u00e1 de un sala de teatro, sino m\u00e1s bien como un proyecto que media entre creadores, vecinxs y espectadores, desde una perspectiva barrial y colaborativa. En ese sentido, el incendio vino a removerlo todo, pero tambi\u00e9n a fortalecer las redes que sostienen nuestro quehacer, agradecemos al parque, a su gente y tambi\u00e9n a todxs los otros espacios, teatristas y colaboradores que se han articulado para que Sala Pascal 79 transite este momento. Les esperamos el martes\u201d Se\u00f1ala Mari Laterra, gestora y programadora de Sala Pascal 79.<\/p>\n\n\n\n<p>Detalles del Evento:&nbsp;<\/p>\n\n\n\n<p>Fecha: Martes, 9 de enero de 2024&nbsp;<\/p>\n\n\n\n<p>Hora: De 18:00 a 21:00 hrs&nbsp;<\/p>\n\n\n\n<p>Lugar: Teatro del Parque Cultural de Valpara\u00edso Aporte: Paga lo que puedas $3.000 &#8211; $5.000 &#8211; $7.000<\/p>\n\n\n\n<figure class=\"wp-block-image size-large\"><img fetchpriority=\"high\" decoding=\"async\" width=\"819\" height=\"1024\" src=\"https:\/\/www.valparaisocreativo.cl\/wp-content\/uploads\/2024\/01\/Feed-1-819x1024.png\" alt=\"\" class=\"wp-image-18100\" srcset=\"https:\/\/dev.antudigital.cl\/sites\/vc\/wp-content\/uploads\/2024\/01\/Feed-1-819x1024.png 819w, https:\/\/dev.antudigital.cl\/sites\/vc\/wp-content\/uploads\/2024\/01\/Feed-1-240x300.png 240w, https:\/\/dev.antudigital.cl\/sites\/vc\/wp-content\/uploads\/2024\/01\/Feed-1-768x960.png 768w, https:\/\/dev.antudigital.cl\/sites\/vc\/wp-content\/uploads\/2024\/01\/Feed-1-980x1225.png 980w, https:\/\/dev.antudigital.cl\/sites\/vc\/wp-content\/uploads\/2024\/01\/Feed-1-480x600.png 480w, https:\/\/dev.antudigital.cl\/sites\/vc\/wp-content\/uploads\/2024\/01\/Feed-1-19x24.png 19w, https:\/\/dev.antudigital.cl\/sites\/vc\/wp-content\/uploads\/2024\/01\/Feed-1-29x36.png 29w, https:\/\/dev.antudigital.cl\/sites\/vc\/wp-content\/uploads\/2024\/01\/Feed-1-38x48.png 38w, https:\/\/dev.antudigital.cl\/sites\/vc\/wp-content\/uploads\/2024\/01\/Feed-1.png 1080w\" sizes=\"(max-width: 819px) 100vw, 819px\" \/><\/figure>\n","protected":false},"excerpt":{"rendered":"<p>Luego del incendio que afect\u00f3 a Sala Pascal 79 y a vecinos de Barrio Puerto la madrugada del 24 de Octubre de 2023, el pr\u00f3ximo Martes 9 de Enero se realizar\u00e1 un concierto a beneficio de este emblem\u00e1tico espacio. Todo lo recaudado ser\u00e1 para continuar con el trabajo que la Sala realiza en Valpara\u00edso y [&hellip;]<\/p>\n","protected":false},"author":1,"featured_media":18101,"comment_status":"closed","ping_status":"closed","sticky":false,"template":"","format":"standard","meta":{"_acf_changed":false,"footnotes":""},"categories":[1],"tags":[],"class_list":["post-18099","post","type-post","status-publish","format-standard","has-post-thumbnail","hentry","category-uncategorized"],"acf":[],"yoast_head":"<!-- This site is optimized with the Yoast SEO plugin v27.1.1 - https:\/\/yoast.com\/product\/yoast-seo-wordpress\/ -->\n<title>DESDE LAS CENIZAS: Martes 9 de Enero se realiza jornada para recaudar fondos para Sala Pascal 79\u00a0 - Valpara\u00ed\u00adso Creativo<\/title>\n<meta name=\"robots\" content=\"index, follow, max-snippet:-1, max-image-preview:large, max-video-preview:-1\" \/>\n<link rel=\"canonical\" href=\"https:\/\/dev.antudigital.cl\/sites\/vc\/desde-las-cenizas-martes-9-de-enero-se-realiza-jornada-para-recaudar-fondos-para-sala-pascal-79\/\" \/>\n<meta property=\"og:locale\" content=\"es_ES\" \/>\n<meta property=\"og:type\" content=\"article\" \/>\n<meta property=\"og:title\" content=\"DESDE LAS CENIZAS: Martes 9 de Enero se realiza jornada para recaudar fondos para Sala Pascal 79\u00a0 - Valpara\u00ed\u00adso Creativo\" \/>\n<meta property=\"og:description\" content=\"Luego del incendio que afect\u00f3 a Sala Pascal 79 y a vecinos de Barrio Puerto la madrugada del 24 de Octubre de 2023, el pr\u00f3ximo Martes 9 de Enero se realizar\u00e1 un concierto a beneficio de este emblem\u00e1tico espacio. Todo lo recaudado ser\u00e1 para continuar con el trabajo que la Sala realiza en Valpara\u00edso y [&hellip;]\" \/>\n<meta property=\"og:url\" content=\"https:\/\/dev.antudigital.cl\/sites\/vc\/desde-las-cenizas-martes-9-de-enero-se-realiza-jornada-para-recaudar-fondos-para-sala-pascal-79\/\" \/>\n<meta property=\"og:site_name\" content=\"Valpara\u00ed\u00adso Creativo\" \/>\n<meta property=\"article:published_time\" content=\"2024-01-08T21:43:05+00:00\" \/>\n<meta property=\"article:modified_time\" content=\"2024-01-08T21:43:10+00:00\" \/>\n<meta property=\"og:image\" content=\"https:\/\/dev.antudigital.cl\/sites\/vc\/wp-content\/uploads\/2024\/01\/Captura-de-Pantalla-2024-01-08-a-las-18.42.34.png\" \/>\n\t<meta property=\"og:image:width\" content=\"819\" \/>\n\t<meta property=\"og:image:height\" content=\"429\" \/>\n\t<meta property=\"og:image:type\" content=\"image\/png\" \/>\n<meta name=\"author\" content=\"Valpara\u00edso Creativo\" \/>\n<meta name=\"twitter:card\" content=\"summary_large_image\" \/>\n<meta name=\"twitter:label1\" content=\"Escrito por\" \/>\n\t<meta name=\"twitter:data1\" content=\"Valpara\u00edso Creativo\" \/>\n\t<meta name=\"twitter:label2\" content=\"Tiempo de lectura\" \/>\n\t<meta name=\"twitter:data2\" content=\"3 minutos\" \/>\n<script type=\"application\/ld+json\" class=\"yoast-schema-graph\">{\"@context\":\"https:\/\/schema.org\",\"@graph\":[{\"@type\":\"Article\",\"@id\":\"https:\/\/dev.antudigital.cl\/sites\/vc\/desde-las-cenizas-martes-9-de-enero-se-realiza-jornada-para-recaudar-fondos-para-sala-pascal-79\/#article\",\"isPartOf\":{\"@id\":\"https:\/\/dev.antudigital.cl\/sites\/vc\/desde-las-cenizas-martes-9-de-enero-se-realiza-jornada-para-recaudar-fondos-para-sala-pascal-79\/\"},\"author\":{\"name\":\"Valpara\u00edso Creativo\",\"@id\":\"https:\/\/dev.antudigital.cl\/sites\/vc\/#\/schema\/person\/c2b9da8dd545e27166fc5ab232837318\"},\"headline\":\"DESDE LAS CENIZAS: Martes 9 de Enero se realiza jornada para recaudar fondos para Sala Pascal 79\u00a0\",\"datePublished\":\"2024-01-08T21:43:05+00:00\",\"dateModified\":\"2024-01-08T21:43:10+00:00\",\"mainEntityOfPage\":{\"@id\":\"https:\/\/dev.antudigital.cl\/sites\/vc\/desde-las-cenizas-martes-9-de-enero-se-realiza-jornada-para-recaudar-fondos-para-sala-pascal-79\/\"},\"wordCount\":500,\"image\":{\"@id\":\"https:\/\/dev.antudigital.cl\/sites\/vc\/desde-las-cenizas-martes-9-de-enero-se-realiza-jornada-para-recaudar-fondos-para-sala-pascal-79\/#primaryimage\"},\"thumbnailUrl\":\"https:\/\/dev.antudigital.cl\/sites\/vc\/wp-content\/uploads\/2024\/01\/Captura-de-Pantalla-2024-01-08-a-las-18.42.34.png\",\"articleSection\":[\"Uncategorized\"],\"inLanguage\":\"es\"},{\"@type\":\"WebPage\",\"@id\":\"https:\/\/dev.antudigital.cl\/sites\/vc\/desde-las-cenizas-martes-9-de-enero-se-realiza-jornada-para-recaudar-fondos-para-sala-pascal-79\/\",\"url\":\"https:\/\/dev.antudigital.cl\/sites\/vc\/desde-las-cenizas-martes-9-de-enero-se-realiza-jornada-para-recaudar-fondos-para-sala-pascal-79\/\",\"name\":\"DESDE LAS CENIZAS: Martes 9 de Enero se realiza jornada para recaudar fondos para Sala Pascal 79\u00a0 - Valpara\u00ed\u00adso Creativo\",\"isPartOf\":{\"@id\":\"https:\/\/dev.antudigital.cl\/sites\/vc\/#website\"},\"primaryImageOfPage\":{\"@id\":\"https:\/\/dev.antudigital.cl\/sites\/vc\/desde-las-cenizas-martes-9-de-enero-se-realiza-jornada-para-recaudar-fondos-para-sala-pascal-79\/#primaryimage\"},\"image\":{\"@id\":\"https:\/\/dev.antudigital.cl\/sites\/vc\/desde-las-cenizas-martes-9-de-enero-se-realiza-jornada-para-recaudar-fondos-para-sala-pascal-79\/#primaryimage\"},\"thumbnailUrl\":\"https:\/\/dev.antudigital.cl\/sites\/vc\/wp-content\/uploads\/2024\/01\/Captura-de-Pantalla-2024-01-08-a-las-18.42.34.png\",\"datePublished\":\"2024-01-08T21:43:05+00:00\",\"dateModified\":\"2024-01-08T21:43:10+00:00\",\"author\":{\"@id\":\"https:\/\/dev.antudigital.cl\/sites\/vc\/#\/schema\/person\/c2b9da8dd545e27166fc5ab232837318\"},\"breadcrumb\":{\"@id\":\"https:\/\/dev.antudigital.cl\/sites\/vc\/desde-las-cenizas-martes-9-de-enero-se-realiza-jornada-para-recaudar-fondos-para-sala-pascal-79\/#breadcrumb\"},\"inLanguage\":\"es\",\"potentialAction\":[{\"@type\":\"ReadAction\",\"target\":[\"https:\/\/dev.antudigital.cl\/sites\/vc\/desde-las-cenizas-martes-9-de-enero-se-realiza-jornada-para-recaudar-fondos-para-sala-pascal-79\/\"]}]},{\"@type\":\"ImageObject\",\"inLanguage\":\"es\",\"@id\":\"https:\/\/dev.antudigital.cl\/sites\/vc\/desde-las-cenizas-martes-9-de-enero-se-realiza-jornada-para-recaudar-fondos-para-sala-pascal-79\/#primaryimage\",\"url\":\"https:\/\/dev.antudigital.cl\/sites\/vc\/wp-content\/uploads\/2024\/01\/Captura-de-Pantalla-2024-01-08-a-las-18.42.34.png\",\"contentUrl\":\"https:\/\/dev.antudigital.cl\/sites\/vc\/wp-content\/uploads\/2024\/01\/Captura-de-Pantalla-2024-01-08-a-las-18.42.34.png\",\"width\":819,\"height\":429},{\"@type\":\"BreadcrumbList\",\"@id\":\"https:\/\/dev.antudigital.cl\/sites\/vc\/desde-las-cenizas-martes-9-de-enero-se-realiza-jornada-para-recaudar-fondos-para-sala-pascal-79\/#breadcrumb\",\"itemListElement\":[{\"@type\":\"ListItem\",\"position\":1,\"name\":\"Home\",\"item\":\"https:\/\/dev.antudigital.cl\/sites\/vc\/\"},{\"@type\":\"ListItem\",\"position\":2,\"name\":\"DESDE LAS CENIZAS: Martes 9 de Enero se realiza jornada para recaudar fondos para Sala Pascal 79\u00a0\"}]},{\"@type\":\"WebSite\",\"@id\":\"https:\/\/dev.antudigital.cl\/sites\/vc\/#website\",\"url\":\"https:\/\/dev.antudigital.cl\/sites\/vc\/\",\"name\":\"Valpara\u00ed\u00adso Creativo\",\"description\":\"\",\"potentialAction\":[{\"@type\":\"SearchAction\",\"target\":{\"@type\":\"EntryPoint\",\"urlTemplate\":\"https:\/\/dev.antudigital.cl\/sites\/vc\/?s={search_term_string}\"},\"query-input\":{\"@type\":\"PropertyValueSpecification\",\"valueRequired\":true,\"valueName\":\"search_term_string\"}}],\"inLanguage\":\"es\"},{\"@type\":\"Person\",\"@id\":\"https:\/\/dev.antudigital.cl\/sites\/vc\/#\/schema\/person\/c2b9da8dd545e27166fc5ab232837318\",\"name\":\"Valpara\u00edso Creativo\",\"description\":\"Periodista de cultura en la Regi\u00f3n de Valpara\u00edso.\",\"url\":\"https:\/\/dev.antudigital.cl\/sites\/vc\/author\/valpoadmin\/\"}]}<\/script>\n<!-- \/ Yoast SEO plugin. -->","yoast_head_json":{"title":"DESDE LAS CENIZAS: Martes 9 de Enero se realiza jornada para recaudar fondos para Sala Pascal 79\u00a0 - Valpara\u00ed\u00adso Creativo","robots":{"index":"index","follow":"follow","max-snippet":"max-snippet:-1","max-image-preview":"max-image-preview:large","max-video-preview":"max-video-preview:-1"},"canonical":"https:\/\/dev.antudigital.cl\/sites\/vc\/desde-las-cenizas-martes-9-de-enero-se-realiza-jornada-para-recaudar-fondos-para-sala-pascal-79\/","og_locale":"es_ES","og_type":"article","og_title":"DESDE LAS CENIZAS: Martes 9 de Enero se realiza jornada para recaudar fondos para Sala Pascal 79\u00a0 - Valpara\u00ed\u00adso Creativo","og_description":"Luego del incendio que afect\u00f3 a Sala Pascal 79 y a vecinos de Barrio Puerto la madrugada del 24 de Octubre de 2023, el pr\u00f3ximo Martes 9 de Enero se realizar\u00e1 un concierto a beneficio de este emblem\u00e1tico espacio. Todo lo recaudado ser\u00e1 para continuar con el trabajo que la Sala realiza en Valpara\u00edso y [&hellip;]","og_url":"https:\/\/dev.antudigital.cl\/sites\/vc\/desde-las-cenizas-martes-9-de-enero-se-realiza-jornada-para-recaudar-fondos-para-sala-pascal-79\/","og_site_name":"Valpara\u00ed\u00adso Creativo","article_published_time":"2024-01-08T21:43:05+00:00","article_modified_time":"2024-01-08T21:43:10+00:00","og_image":[{"width":819,"height":429,"url":"https:\/\/dev.antudigital.cl\/sites\/vc\/wp-content\/uploads\/2024\/01\/Captura-de-Pantalla-2024-01-08-a-las-18.42.34.png","type":"image\/png"}],"author":"Valpara\u00edso Creativo","twitter_card":"summary_large_image","twitter_misc":{"Escrito por":"Valpara\u00edso Creativo","Tiempo de lectura":"3 minutos"},"schema":{"@context":"https:\/\/schema.org","@graph":[{"@type":"Article","@id":"https:\/\/dev.antudigital.cl\/sites\/vc\/desde-las-cenizas-martes-9-de-enero-se-realiza-jornada-para-recaudar-fondos-para-sala-pascal-79\/#article","isPartOf":{"@id":"https:\/\/dev.antudigital.cl\/sites\/vc\/desde-las-cenizas-martes-9-de-enero-se-realiza-jornada-para-recaudar-fondos-para-sala-pascal-79\/"},"author":{"name":"Valpara\u00edso Creativo","@id":"https:\/\/dev.antudigital.cl\/sites\/vc\/#\/schema\/person\/c2b9da8dd545e27166fc5ab232837318"},"headline":"DESDE LAS CENIZAS: Martes 9 de Enero se realiza jornada para recaudar fondos para Sala Pascal 79\u00a0","datePublished":"2024-01-08T21:43:05+00:00","dateModified":"2024-01-08T21:43:10+00:00","mainEntityOfPage":{"@id":"https:\/\/dev.antudigital.cl\/sites\/vc\/desde-las-cenizas-martes-9-de-enero-se-realiza-jornada-para-recaudar-fondos-para-sala-pascal-79\/"},"wordCount":500,"image":{"@id":"https:\/\/dev.antudigital.cl\/sites\/vc\/desde-las-cenizas-martes-9-de-enero-se-realiza-jornada-para-recaudar-fondos-para-sala-pascal-79\/#primaryimage"},"thumbnailUrl":"https:\/\/dev.antudigital.cl\/sites\/vc\/wp-content\/uploads\/2024\/01\/Captura-de-Pantalla-2024-01-08-a-las-18.42.34.png","articleSection":["Uncategorized"],"inLanguage":"es"},{"@type":"WebPage","@id":"https:\/\/dev.antudigital.cl\/sites\/vc\/desde-las-cenizas-martes-9-de-enero-se-realiza-jornada-para-recaudar-fondos-para-sala-pascal-79\/","url":"https:\/\/dev.antudigital.cl\/sites\/vc\/desde-las-cenizas-martes-9-de-enero-se-realiza-jornada-para-recaudar-fondos-para-sala-pascal-79\/","name":"DESDE LAS CENIZAS: Martes 9 de Enero se realiza jornada para recaudar fondos para Sala Pascal 79\u00a0 - Valpara\u00ed\u00adso Creativo","isPartOf":{"@id":"https:\/\/dev.antudigital.cl\/sites\/vc\/#website"},"primaryImageOfPage":{"@id":"https:\/\/dev.antudigital.cl\/sites\/vc\/desde-las-cenizas-martes-9-de-enero-se-realiza-jornada-para-recaudar-fondos-para-sala-pascal-79\/#primaryimage"},"image":{"@id":"https:\/\/dev.antudigital.cl\/sites\/vc\/desde-las-cenizas-martes-9-de-enero-se-realiza-jornada-para-recaudar-fondos-para-sala-pascal-79\/#primaryimage"},"thumbnailUrl":"https:\/\/dev.antudigital.cl\/sites\/vc\/wp-content\/uploads\/2024\/01\/Captura-de-Pantalla-2024-01-08-a-las-18.42.34.png","datePublished":"2024-01-08T21:43:05+00:00","dateModified":"2024-01-08T21:43:10+00:00","author":{"@id":"https:\/\/dev.antudigital.cl\/sites\/vc\/#\/schema\/person\/c2b9da8dd545e27166fc5ab232837318"},"breadcrumb":{"@id":"https:\/\/dev.antudigital.cl\/sites\/vc\/desde-las-cenizas-martes-9-de-enero-se-realiza-jornada-para-recaudar-fondos-para-sala-pascal-79\/#breadcrumb"},"inLanguage":"es","potentialAction":[{"@type":"ReadAction","target":["https:\/\/dev.antudigital.cl\/sites\/vc\/desde-las-cenizas-martes-9-de-enero-se-realiza-jornada-para-recaudar-fondos-para-sala-pascal-79\/"]}]},{"@type":"ImageObject","inLanguage":"es","@id":"https:\/\/dev.antudigital.cl\/sites\/vc\/desde-las-cenizas-martes-9-de-enero-se-realiza-jornada-para-recaudar-fondos-para-sala-pascal-79\/#primaryimage","url":"https:\/\/dev.antudigital.cl\/sites\/vc\/wp-content\/uploads\/2024\/01\/Captura-de-Pantalla-2024-01-08-a-las-18.42.34.png","contentUrl":"https:\/\/dev.antudigital.cl\/sites\/vc\/wp-content\/uploads\/2024\/01\/Captura-de-Pantalla-2024-01-08-a-las-18.42.34.png","width":819,"height":429},{"@type":"BreadcrumbList","@id":"https:\/\/dev.antudigital.cl\/sites\/vc\/desde-las-cenizas-martes-9-de-enero-se-realiza-jornada-para-recaudar-fondos-para-sala-pascal-79\/#breadcrumb","itemListElement":[{"@type":"ListItem","position":1,"name":"Home","item":"https:\/\/dev.antudigital.cl\/sites\/vc\/"},{"@type":"ListItem","position":2,"name":"DESDE LAS CENIZAS: Martes 9 de Enero se realiza jornada para recaudar fondos para Sala Pascal 79\u00a0"}]},{"@type":"WebSite","@id":"https:\/\/dev.antudigital.cl\/sites\/vc\/#website","url":"https:\/\/dev.antudigital.cl\/sites\/vc\/","name":"Valpara\u00ed\u00adso Creativo","description":"","potentialAction":[{"@type":"SearchAction","target":{"@type":"EntryPoint","urlTemplate":"https:\/\/dev.antudigital.cl\/sites\/vc\/?s={search_term_string}"},"query-input":{"@type":"PropertyValueSpecification","valueRequired":true,"valueName":"search_term_string"}}],"inLanguage":"es"},{"@type":"Person","@id":"https:\/\/dev.antudigital.cl\/sites\/vc\/#\/schema\/person\/c2b9da8dd545e27166fc5ab232837318","name":"Valpara\u00edso Creativo","description":"Periodista de cultura en la Regi\u00f3n de Valpara\u00edso.","url":"https:\/\/dev.antudigital.cl\/sites\/vc\/author\/valpoadmin\/"}]}},"_links":{"self":[{"href":"https:\/\/dev.antudigital.cl\/sites\/vc\/wp-json\/wp\/v2\/posts\/18099","targetHints":{"allow":["GET"]}}],"collection":[{"href":"https:\/\/dev.antudigital.cl\/sites\/vc\/wp-json\/wp\/v2\/posts"}],"about":[{"href":"https:\/\/dev.antudigital.cl\/sites\/vc\/wp-json\/wp\/v2\/types\/post"}],"author":[{"embeddable":true,"href":"https:\/\/dev.antudigital.cl\/sites\/vc\/wp-json\/wp\/v2\/users\/1"}],"replies":[{"embeddable":true,"href":"https:\/\/dev.antudigital.cl\/sites\/vc\/wp-json\/wp\/v2\/comments?post=18099"}],"version-history":[{"count":1,"href":"https:\/\/dev.antudigital.cl\/sites\/vc\/wp-json\/wp\/v2\/posts\/18099\/revisions"}],"predecessor-version":[{"id":18102,"href":"https:\/\/dev.antudigital.cl\/sites\/vc\/wp-json\/wp\/v2\/posts\/18099\/revisions\/18102"}],"wp:featuredmedia":[{"embeddable":true,"href":"https:\/\/dev.antudigital.cl\/sites\/vc\/wp-json\/wp\/v2\/media\/18101"}],"wp:attachment":[{"href":"https:\/\/dev.antudigital.cl\/sites\/vc\/wp-json\/wp\/v2\/media?parent=18099"}],"wp:term":[{"taxonomy":"category","embeddable":true,"href":"https:\/\/dev.antudigital.cl\/sites\/vc\/wp-json\/wp\/v2\/categories?post=18099"},{"taxonomy":"post_tag","embeddable":true,"href":"https:\/\/dev.antudigital.cl\/sites\/vc\/wp-json\/wp\/v2\/tags?post=18099"}],"curies":[{"name":"wp","href":"https:\/\/api.w.org\/{rel}","templated":true}]}}