{"id":18103,"date":"2024-01-08T21:50:13","date_gmt":"2024-01-08T21:50:13","guid":{"rendered":"https:\/\/www.valparaisocreativo.cl\/?p=18103"},"modified":"2024-01-08T21:50:19","modified_gmt":"2024-01-08T21:50:19","slug":"la-exitosa-obra-de-teatro-basada-en-un-pasaje-de-la-vida-de-edith-piaf-sera-encargada-de-dar-cierre-a-la-noche-final-del-18-festival-de-teatro-verano-festeve-2024","status":"publish","type":"post","link":"https:\/\/dev.antudigital.cl\/sites\/vc\/la-exitosa-obra-de-teatro-basada-en-un-pasaje-de-la-vida-de-edith-piaf-sera-encargada-de-dar-cierre-a-la-noche-final-del-18-festival-de-teatro-verano-festeve-2024\/","title":{"rendered":"La exitosa obra de teatro basada en un pasaje de la vida de Edith\u00a0Piaf, ser\u00e1 encargada de dar cierre a la noche final del 18\u00b0 Festival de Teatro Verano FESTEVE 2024."},"content":{"rendered":"\n<p><strong>\u201cPiaf\u00a0en Rose, Edith\u00a0Piaf\u00a0y Marcel Cerd\u00e1n en un himno al amor\u201d<\/strong>\u00a0montaje escrito y dirigido por Claudio Vidal, y que cuenta con la interpretaci\u00f3n de este \u00faltimo y la actriz Alejandra Jim\u00e9nez Cid, quien magistralmente interpreta a la icono cantante francesa Edith\u00a0Piaf, es la obra encargada de dar cierre a la noche final del<strong>\u00a018\u00b0 Festival de Teatro Verano FESTEVE 2024<\/strong>, este\u00a0<strong>jueves\u00a011 de enero 2024 a las 19:00 Horas en la Sala Teatro IPA de Valpara\u00edso<\/strong>\u00a0y con\u00a0<strong>Aporte Voluntario\u00a0<\/strong>de parte del p\u00fablico asistente.<\/p>\n\n\n\n<figure class=\"wp-block-image size-large\"><img fetchpriority=\"high\" decoding=\"async\" width=\"1024\" height=\"576\" src=\"https:\/\/www.valparaisocreativo.cl\/wp-content\/uploads\/2024\/01\/48392124_10218387599621631_3171331141865046016_o-1024x576.jpg\" alt=\"\" class=\"wp-image-18107\" srcset=\"https:\/\/dev.antudigital.cl\/sites\/vc\/wp-content\/uploads\/2024\/01\/48392124_10218387599621631_3171331141865046016_o-1024x576.jpg 1024w, https:\/\/dev.antudigital.cl\/sites\/vc\/wp-content\/uploads\/2024\/01\/48392124_10218387599621631_3171331141865046016_o-300x169.jpg 300w, https:\/\/dev.antudigital.cl\/sites\/vc\/wp-content\/uploads\/2024\/01\/48392124_10218387599621631_3171331141865046016_o-768x432.jpg 768w, https:\/\/dev.antudigital.cl\/sites\/vc\/wp-content\/uploads\/2024\/01\/48392124_10218387599621631_3171331141865046016_o-1536x864.jpg 1536w, https:\/\/dev.antudigital.cl\/sites\/vc\/wp-content\/uploads\/2024\/01\/48392124_10218387599621631_3171331141865046016_o-1080x608.jpg 1080w, https:\/\/dev.antudigital.cl\/sites\/vc\/wp-content\/uploads\/2024\/01\/48392124_10218387599621631_3171331141865046016_o-1280x720.jpg 1280w, https:\/\/dev.antudigital.cl\/sites\/vc\/wp-content\/uploads\/2024\/01\/48392124_10218387599621631_3171331141865046016_o-980x551.jpg 980w, https:\/\/dev.antudigital.cl\/sites\/vc\/wp-content\/uploads\/2024\/01\/48392124_10218387599621631_3171331141865046016_o-480x270.jpg 480w, https:\/\/dev.antudigital.cl\/sites\/vc\/wp-content\/uploads\/2024\/01\/48392124_10218387599621631_3171331141865046016_o-24x14.jpg 24w, https:\/\/dev.antudigital.cl\/sites\/vc\/wp-content\/uploads\/2024\/01\/48392124_10218387599621631_3171331141865046016_o-36x20.jpg 36w, https:\/\/dev.antudigital.cl\/sites\/vc\/wp-content\/uploads\/2024\/01\/48392124_10218387599621631_3171331141865046016_o-48x27.jpg 48w, https:\/\/dev.antudigital.cl\/sites\/vc\/wp-content\/uploads\/2024\/01\/48392124_10218387599621631_3171331141865046016_o.jpg 1728w\" sizes=\"(max-width: 1024px) 100vw, 1024px\" \/><\/figure>\n\n\n\n<p>Corr\u00eda el a\u00f1o 1946 y Edith&nbsp;Piaf&nbsp;viaja a Nueva York donde &nbsp;conoce al gran amor de su vida, el boxeador Marcel Cerd\u00e1n, un hombre casado que vive con su esposa y sus tres hijos, sin embargo la relaci\u00f3n de&nbsp;Piaf&nbsp;y Cerd\u00e1n se mantiene&nbsp;en&nbsp;el m\u00e1s estricto secreto, teniendo&nbsp;en&nbsp;sus paralelas carreras misteriosos encuentros&nbsp;en&nbsp;hoteles entre Par\u00eds y Nueva York,&nbsp;en&nbsp;unos de estos encuentros Cerd\u00e1n viaja a su gran pelea por el t\u00edtulo mundial, adelant\u00f3 su viaje por insistencia de&nbsp;Piaf&nbsp;y el avi\u00f3n se estrella y no llega al esperado encuentro, producto de este fuerte golpe Edith&nbsp;Piaf&nbsp; le provoc\u00f3 d\u00edas oscuros encerr\u00e1ndose&nbsp;en&nbsp;su cuarto por meses, se hace adicta a la morfina y acent\u00faa su alcoholismo, de este suceso nace el conocido tema \u201cHimno al Amor\u201d (Hymne \u00e1 l\u2019 amour), que ella le dedica.<\/p>\n\n\n\n<p>La obra de teatro se basa\u00a0en\u00a0este pasaje importante\u00a0en\u00a0la vida de Edith, donde las alusiones de\u00a0Piaf\u00a0hacen que se haga presente\u00a0en\u00a0su cuarto el mismo Marcel Cerd\u00e1n, quien a su\u00a0vez\u00a0se convierte\u00a0en\u00a0su conciencia. Es una puesta\u00a0en\u00a0escena sutil, rom\u00e1ntica, fina y llena de del m\u00e1s puro amor. Podremos apreciar dos Edith una\u00a0en\u00a0su m\u00e1ximo esplendor como artista, y la otra\u00a0en\u00a0su intimidad, como mujer y cada uno de los recuerdos que la torturan. La obra cuenta con\u00a0 una actriz quien interpreta textos\u00a0en\u00a0franc\u00e9s,\u00a0canta\u00a0en vivo e interpreta a la cantante\u00a0en\u00a0los detalles de sus gestos y modo de interpretaci\u00f3n que la hizo una grande de la m\u00fasica.<\/p>\n\n\n\n<figure class=\"wp-block-image size-large\"><img decoding=\"async\" width=\"1024\" height=\"682\" src=\"https:\/\/www.valparaisocreativo.cl\/wp-content\/uploads\/2024\/01\/25532271_10215490909126179_3474148223873639839_o-1024x682.jpg\" alt=\"\" class=\"wp-image-18106\" srcset=\"https:\/\/dev.antudigital.cl\/sites\/vc\/wp-content\/uploads\/2024\/01\/25532271_10215490909126179_3474148223873639839_o-1024x682.jpg 1024w, https:\/\/dev.antudigital.cl\/sites\/vc\/wp-content\/uploads\/2024\/01\/25532271_10215490909126179_3474148223873639839_o-300x200.jpg 300w, https:\/\/dev.antudigital.cl\/sites\/vc\/wp-content\/uploads\/2024\/01\/25532271_10215490909126179_3474148223873639839_o-768x511.jpg 768w, https:\/\/dev.antudigital.cl\/sites\/vc\/wp-content\/uploads\/2024\/01\/25532271_10215490909126179_3474148223873639839_o-1536x1022.jpg 1536w, https:\/\/dev.antudigital.cl\/sites\/vc\/wp-content\/uploads\/2024\/01\/25532271_10215490909126179_3474148223873639839_o-1080x719.jpg 1080w, https:\/\/dev.antudigital.cl\/sites\/vc\/wp-content\/uploads\/2024\/01\/25532271_10215490909126179_3474148223873639839_o-1280x852.jpg 1280w, https:\/\/dev.antudigital.cl\/sites\/vc\/wp-content\/uploads\/2024\/01\/25532271_10215490909126179_3474148223873639839_o-980x652.jpg 980w, https:\/\/dev.antudigital.cl\/sites\/vc\/wp-content\/uploads\/2024\/01\/25532271_10215490909126179_3474148223873639839_o-480x319.jpg 480w, https:\/\/dev.antudigital.cl\/sites\/vc\/wp-content\/uploads\/2024\/01\/25532271_10215490909126179_3474148223873639839_o-24x16.jpg 24w, https:\/\/dev.antudigital.cl\/sites\/vc\/wp-content\/uploads\/2024\/01\/25532271_10215490909126179_3474148223873639839_o-36x24.jpg 36w, https:\/\/dev.antudigital.cl\/sites\/vc\/wp-content\/uploads\/2024\/01\/25532271_10215490909126179_3474148223873639839_o-48x32.jpg 48w, https:\/\/dev.antudigital.cl\/sites\/vc\/wp-content\/uploads\/2024\/01\/25532271_10215490909126179_3474148223873639839_o.jpg 2048w\" sizes=\"(max-width: 1024px) 100vw, 1024px\" \/><\/figure>\n\n\n\n<p>El montaje cada vez que est\u00e1 en una sala de teatro se repleta, quedando muchos asistentes &nbsp;fuera de la sala, es por eso que la Organizaci\u00f3n del Festival decidi\u00f3 coronar el cierre con este maravilloso trabajo teatral, adem\u00e1s hace el llamado que el p\u00fablico&nbsp; haga sus reservas previamente al mail:&nbsp;<a href=\"mailto:reservas.teatro.ipa@gmail.com\" target=\"_blank\" rel=\"noreferrer noopener\">reservas.teatro.ipa@gmail.com<\/a>&nbsp;y que est\u00e9&nbsp;15 minutos antes de la funci\u00f3n para hacer m\u00e1s expedito el ingreso.<\/p>\n\n\n\n<p>Edith&nbsp;Piaf&nbsp;ya no est\u00e1 con nosotros, pero su recuerdo, su m\u00fasica sigue viva, y esta obra teatral pretende volvernos a tener su imagen presente.<\/p>\n\n\n\n<ul class=\"wp-block-list\">\n<li><strong>Sala Teatro IPA de calle&nbsp;<\/strong><strong>Condell # 1349 Valpara\u00edso.<\/strong><\/li>\n\n\n\n<li><strong>19:00 Horas<\/strong><\/li>\n\n\n\n<li><strong>Adhesi\u00f3n con Aporte Voluntario.<\/strong><\/li>\n\n\n\n<li><strong>Reservas al correo electr\u00f3nico:&nbsp;<a href=\"mailto:reservas.teatro.ipa@gmail.com\" target=\"_blank\" rel=\"noreferrer noopener\">reservas.teatro.ipa@gmail.com<\/a>&nbsp;<\/strong><\/li>\n<\/ul>\n","protected":false},"excerpt":{"rendered":"<p>\u201cPiaf\u00a0en Rose, Edith\u00a0Piaf\u00a0y Marcel Cerd\u00e1n en un himno al amor\u201d\u00a0montaje escrito y dirigido por Claudio Vidal, y que cuenta con la interpretaci\u00f3n de este \u00faltimo y la actriz Alejandra Jim\u00e9nez Cid, quien magistralmente interpreta a la icono cantante francesa Edith\u00a0Piaf, es la obra encargada de dar cierre a la noche final del\u00a018\u00b0 Festival de Teatro [&hellip;]<\/p>\n","protected":false},"author":1,"featured_media":18105,"comment_status":"closed","ping_status":"closed","sticky":false,"template":"","format":"standard","meta":{"_acf_changed":false,"footnotes":""},"categories":[8],"tags":[],"class_list":["post-18103","post","type-post","status-publish","format-standard","has-post-thumbnail","hentry","category-noticia"],"acf":[],"yoast_head":"<!-- This site is optimized with the Yoast SEO plugin v27.1.1 - https:\/\/yoast.com\/product\/yoast-seo-wordpress\/ -->\n<title>La exitosa obra de teatro basada en un pasaje de la vida de Edith\u00a0Piaf, ser\u00e1 encargada de dar cierre a la noche final del 18\u00b0 Festival de Teatro Verano FESTEVE 2024. - Valpara\u00ed\u00adso Creativo<\/title>\n<meta name=\"robots\" content=\"index, follow, max-snippet:-1, max-image-preview:large, max-video-preview:-1\" \/>\n<link rel=\"canonical\" href=\"https:\/\/dev.antudigital.cl\/sites\/vc\/la-exitosa-obra-de-teatro-basada-en-un-pasaje-de-la-vida-de-edith-piaf-sera-encargada-de-dar-cierre-a-la-noche-final-del-18-festival-de-teatro-verano-festeve-2024\/\" \/>\n<meta property=\"og:locale\" content=\"es_ES\" \/>\n<meta property=\"og:type\" content=\"article\" \/>\n<meta property=\"og:title\" content=\"La exitosa obra de teatro basada en un pasaje de la vida de Edith\u00a0Piaf, ser\u00e1 encargada de dar cierre a la noche final del 18\u00b0 Festival de Teatro Verano FESTEVE 2024. - Valpara\u00ed\u00adso Creativo\" \/>\n<meta property=\"og:description\" content=\"\u201cPiaf\u00a0en Rose, Edith\u00a0Piaf\u00a0y Marcel Cerd\u00e1n en un himno al amor\u201d\u00a0montaje escrito y dirigido por Claudio Vidal, y que cuenta con la interpretaci\u00f3n de este \u00faltimo y la actriz Alejandra Jim\u00e9nez Cid, quien magistralmente interpreta a la icono cantante francesa Edith\u00a0Piaf, es la obra encargada de dar cierre a la noche final del\u00a018\u00b0 Festival de Teatro [&hellip;]\" \/>\n<meta property=\"og:url\" content=\"https:\/\/dev.antudigital.cl\/sites\/vc\/la-exitosa-obra-de-teatro-basada-en-un-pasaje-de-la-vida-de-edith-piaf-sera-encargada-de-dar-cierre-a-la-noche-final-del-18-festival-de-teatro-verano-festeve-2024\/\" \/>\n<meta property=\"og:site_name\" content=\"Valpara\u00ed\u00adso Creativo\" \/>\n<meta property=\"article:published_time\" content=\"2024-01-08T21:50:13+00:00\" \/>\n<meta property=\"article:modified_time\" content=\"2024-01-08T21:50:19+00:00\" \/>\n<meta property=\"og:image\" content=\"https:\/\/dev.antudigital.cl\/sites\/vc\/wp-content\/uploads\/2024\/01\/14380064_10211200434386992_6316357989929248861_o.jpg\" \/>\n\t<meta property=\"og:image:width\" content=\"2048\" \/>\n\t<meta property=\"og:image:height\" content=\"1152\" \/>\n\t<meta property=\"og:image:type\" content=\"image\/jpeg\" \/>\n<meta name=\"author\" content=\"Valpara\u00edso Creativo\" \/>\n<meta name=\"twitter:card\" content=\"summary_large_image\" \/>\n<meta name=\"twitter:label1\" content=\"Escrito por\" \/>\n\t<meta name=\"twitter:data1\" content=\"Valpara\u00edso Creativo\" \/>\n\t<meta name=\"twitter:label2\" content=\"Tiempo de lectura\" \/>\n\t<meta name=\"twitter:data2\" content=\"3 minutos\" \/>\n<script type=\"application\/ld+json\" class=\"yoast-schema-graph\">{\"@context\":\"https:\/\/schema.org\",\"@graph\":[{\"@type\":\"Article\",\"@id\":\"https:\/\/dev.antudigital.cl\/sites\/vc\/la-exitosa-obra-de-teatro-basada-en-un-pasaje-de-la-vida-de-edith-piaf-sera-encargada-de-dar-cierre-a-la-noche-final-del-18-festival-de-teatro-verano-festeve-2024\/#article\",\"isPartOf\":{\"@id\":\"https:\/\/dev.antudigital.cl\/sites\/vc\/la-exitosa-obra-de-teatro-basada-en-un-pasaje-de-la-vida-de-edith-piaf-sera-encargada-de-dar-cierre-a-la-noche-final-del-18-festival-de-teatro-verano-festeve-2024\/\"},\"author\":{\"name\":\"Valpara\u00edso Creativo\",\"@id\":\"https:\/\/dev.antudigital.cl\/sites\/vc\/#\/schema\/person\/c2b9da8dd545e27166fc5ab232837318\"},\"headline\":\"La exitosa obra de teatro basada en un pasaje de la vida de Edith\u00a0Piaf, ser\u00e1 encargada de dar cierre a la noche final del 18\u00b0 Festival de Teatro Verano FESTEVE 2024.\",\"datePublished\":\"2024-01-08T21:50:13+00:00\",\"dateModified\":\"2024-01-08T21:50:19+00:00\",\"mainEntityOfPage\":{\"@id\":\"https:\/\/dev.antudigital.cl\/sites\/vc\/la-exitosa-obra-de-teatro-basada-en-un-pasaje-de-la-vida-de-edith-piaf-sera-encargada-de-dar-cierre-a-la-noche-final-del-18-festival-de-teatro-verano-festeve-2024\/\"},\"wordCount\":554,\"image\":{\"@id\":\"https:\/\/dev.antudigital.cl\/sites\/vc\/la-exitosa-obra-de-teatro-basada-en-un-pasaje-de-la-vida-de-edith-piaf-sera-encargada-de-dar-cierre-a-la-noche-final-del-18-festival-de-teatro-verano-festeve-2024\/#primaryimage\"},\"thumbnailUrl\":\"https:\/\/dev.antudigital.cl\/sites\/vc\/wp-content\/uploads\/2024\/01\/14380064_10211200434386992_6316357989929248861_o.jpg\",\"articleSection\":[\"Noticia\"],\"inLanguage\":\"es\"},{\"@type\":\"WebPage\",\"@id\":\"https:\/\/dev.antudigital.cl\/sites\/vc\/la-exitosa-obra-de-teatro-basada-en-un-pasaje-de-la-vida-de-edith-piaf-sera-encargada-de-dar-cierre-a-la-noche-final-del-18-festival-de-teatro-verano-festeve-2024\/\",\"url\":\"https:\/\/dev.antudigital.cl\/sites\/vc\/la-exitosa-obra-de-teatro-basada-en-un-pasaje-de-la-vida-de-edith-piaf-sera-encargada-de-dar-cierre-a-la-noche-final-del-18-festival-de-teatro-verano-festeve-2024\/\",\"name\":\"La exitosa obra de teatro basada en un pasaje de la vida de Edith\u00a0Piaf, ser\u00e1 encargada de dar cierre a la noche final del 18\u00b0 Festival de Teatro Verano FESTEVE 2024. - Valpara\u00ed\u00adso Creativo\",\"isPartOf\":{\"@id\":\"https:\/\/dev.antudigital.cl\/sites\/vc\/#website\"},\"primaryImageOfPage\":{\"@id\":\"https:\/\/dev.antudigital.cl\/sites\/vc\/la-exitosa-obra-de-teatro-basada-en-un-pasaje-de-la-vida-de-edith-piaf-sera-encargada-de-dar-cierre-a-la-noche-final-del-18-festival-de-teatro-verano-festeve-2024\/#primaryimage\"},\"image\":{\"@id\":\"https:\/\/dev.antudigital.cl\/sites\/vc\/la-exitosa-obra-de-teatro-basada-en-un-pasaje-de-la-vida-de-edith-piaf-sera-encargada-de-dar-cierre-a-la-noche-final-del-18-festival-de-teatro-verano-festeve-2024\/#primaryimage\"},\"thumbnailUrl\":\"https:\/\/dev.antudigital.cl\/sites\/vc\/wp-content\/uploads\/2024\/01\/14380064_10211200434386992_6316357989929248861_o.jpg\",\"datePublished\":\"2024-01-08T21:50:13+00:00\",\"dateModified\":\"2024-01-08T21:50:19+00:00\",\"author\":{\"@id\":\"https:\/\/dev.antudigital.cl\/sites\/vc\/#\/schema\/person\/c2b9da8dd545e27166fc5ab232837318\"},\"breadcrumb\":{\"@id\":\"https:\/\/dev.antudigital.cl\/sites\/vc\/la-exitosa-obra-de-teatro-basada-en-un-pasaje-de-la-vida-de-edith-piaf-sera-encargada-de-dar-cierre-a-la-noche-final-del-18-festival-de-teatro-verano-festeve-2024\/#breadcrumb\"},\"inLanguage\":\"es\",\"potentialAction\":[{\"@type\":\"ReadAction\",\"target\":[\"https:\/\/dev.antudigital.cl\/sites\/vc\/la-exitosa-obra-de-teatro-basada-en-un-pasaje-de-la-vida-de-edith-piaf-sera-encargada-de-dar-cierre-a-la-noche-final-del-18-festival-de-teatro-verano-festeve-2024\/\"]}]},{\"@type\":\"ImageObject\",\"inLanguage\":\"es\",\"@id\":\"https:\/\/dev.antudigital.cl\/sites\/vc\/la-exitosa-obra-de-teatro-basada-en-un-pasaje-de-la-vida-de-edith-piaf-sera-encargada-de-dar-cierre-a-la-noche-final-del-18-festival-de-teatro-verano-festeve-2024\/#primaryimage\",\"url\":\"https:\/\/dev.antudigital.cl\/sites\/vc\/wp-content\/uploads\/2024\/01\/14380064_10211200434386992_6316357989929248861_o.jpg\",\"contentUrl\":\"https:\/\/dev.antudigital.cl\/sites\/vc\/wp-content\/uploads\/2024\/01\/14380064_10211200434386992_6316357989929248861_o.jpg\",\"width\":2048,\"height\":1152},{\"@type\":\"BreadcrumbList\",\"@id\":\"https:\/\/dev.antudigital.cl\/sites\/vc\/la-exitosa-obra-de-teatro-basada-en-un-pasaje-de-la-vida-de-edith-piaf-sera-encargada-de-dar-cierre-a-la-noche-final-del-18-festival-de-teatro-verano-festeve-2024\/#breadcrumb\",\"itemListElement\":[{\"@type\":\"ListItem\",\"position\":1,\"name\":\"Home\",\"item\":\"https:\/\/dev.antudigital.cl\/sites\/vc\/\"},{\"@type\":\"ListItem\",\"position\":2,\"name\":\"La exitosa obra de teatro basada en un pasaje de la vida de Edith\u00a0Piaf, ser\u00e1 encargada de dar cierre a la noche final del 18\u00b0 Festival de Teatro Verano FESTEVE 2024.\"}]},{\"@type\":\"WebSite\",\"@id\":\"https:\/\/dev.antudigital.cl\/sites\/vc\/#website\",\"url\":\"https:\/\/dev.antudigital.cl\/sites\/vc\/\",\"name\":\"Valpara\u00ed\u00adso Creativo\",\"description\":\"\",\"potentialAction\":[{\"@type\":\"SearchAction\",\"target\":{\"@type\":\"EntryPoint\",\"urlTemplate\":\"https:\/\/dev.antudigital.cl\/sites\/vc\/?s={search_term_string}\"},\"query-input\":{\"@type\":\"PropertyValueSpecification\",\"valueRequired\":true,\"valueName\":\"search_term_string\"}}],\"inLanguage\":\"es\"},{\"@type\":\"Person\",\"@id\":\"https:\/\/dev.antudigital.cl\/sites\/vc\/#\/schema\/person\/c2b9da8dd545e27166fc5ab232837318\",\"name\":\"Valpara\u00edso Creativo\",\"description\":\"Periodista de cultura en la Regi\u00f3n de Valpara\u00edso.\",\"url\":\"https:\/\/dev.antudigital.cl\/sites\/vc\/author\/valpoadmin\/\"}]}<\/script>\n<!-- \/ Yoast SEO plugin. -->","yoast_head_json":{"title":"La exitosa obra de teatro basada en un pasaje de la vida de Edith\u00a0Piaf, ser\u00e1 encargada de dar cierre a la noche final del 18\u00b0 Festival de Teatro Verano FESTEVE 2024. - Valpara\u00ed\u00adso Creativo","robots":{"index":"index","follow":"follow","max-snippet":"max-snippet:-1","max-image-preview":"max-image-preview:large","max-video-preview":"max-video-preview:-1"},"canonical":"https:\/\/dev.antudigital.cl\/sites\/vc\/la-exitosa-obra-de-teatro-basada-en-un-pasaje-de-la-vida-de-edith-piaf-sera-encargada-de-dar-cierre-a-la-noche-final-del-18-festival-de-teatro-verano-festeve-2024\/","og_locale":"es_ES","og_type":"article","og_title":"La exitosa obra de teatro basada en un pasaje de la vida de Edith\u00a0Piaf, ser\u00e1 encargada de dar cierre a la noche final del 18\u00b0 Festival de Teatro Verano FESTEVE 2024. - Valpara\u00ed\u00adso Creativo","og_description":"\u201cPiaf\u00a0en Rose, Edith\u00a0Piaf\u00a0y Marcel Cerd\u00e1n en un himno al amor\u201d\u00a0montaje escrito y dirigido por Claudio Vidal, y que cuenta con la interpretaci\u00f3n de este \u00faltimo y la actriz Alejandra Jim\u00e9nez Cid, quien magistralmente interpreta a la icono cantante francesa Edith\u00a0Piaf, es la obra encargada de dar cierre a la noche final del\u00a018\u00b0 Festival de Teatro [&hellip;]","og_url":"https:\/\/dev.antudigital.cl\/sites\/vc\/la-exitosa-obra-de-teatro-basada-en-un-pasaje-de-la-vida-de-edith-piaf-sera-encargada-de-dar-cierre-a-la-noche-final-del-18-festival-de-teatro-verano-festeve-2024\/","og_site_name":"Valpara\u00ed\u00adso Creativo","article_published_time":"2024-01-08T21:50:13+00:00","article_modified_time":"2024-01-08T21:50:19+00:00","og_image":[{"width":2048,"height":1152,"url":"https:\/\/dev.antudigital.cl\/sites\/vc\/wp-content\/uploads\/2024\/01\/14380064_10211200434386992_6316357989929248861_o.jpg","type":"image\/jpeg"}],"author":"Valpara\u00edso Creativo","twitter_card":"summary_large_image","twitter_misc":{"Escrito por":"Valpara\u00edso Creativo","Tiempo de lectura":"3 minutos"},"schema":{"@context":"https:\/\/schema.org","@graph":[{"@type":"Article","@id":"https:\/\/dev.antudigital.cl\/sites\/vc\/la-exitosa-obra-de-teatro-basada-en-un-pasaje-de-la-vida-de-edith-piaf-sera-encargada-de-dar-cierre-a-la-noche-final-del-18-festival-de-teatro-verano-festeve-2024\/#article","isPartOf":{"@id":"https:\/\/dev.antudigital.cl\/sites\/vc\/la-exitosa-obra-de-teatro-basada-en-un-pasaje-de-la-vida-de-edith-piaf-sera-encargada-de-dar-cierre-a-la-noche-final-del-18-festival-de-teatro-verano-festeve-2024\/"},"author":{"name":"Valpara\u00edso Creativo","@id":"https:\/\/dev.antudigital.cl\/sites\/vc\/#\/schema\/person\/c2b9da8dd545e27166fc5ab232837318"},"headline":"La exitosa obra de teatro basada en un pasaje de la vida de Edith\u00a0Piaf, ser\u00e1 encargada de dar cierre a la noche final del 18\u00b0 Festival de Teatro Verano FESTEVE 2024.","datePublished":"2024-01-08T21:50:13+00:00","dateModified":"2024-01-08T21:50:19+00:00","mainEntityOfPage":{"@id":"https:\/\/dev.antudigital.cl\/sites\/vc\/la-exitosa-obra-de-teatro-basada-en-un-pasaje-de-la-vida-de-edith-piaf-sera-encargada-de-dar-cierre-a-la-noche-final-del-18-festival-de-teatro-verano-festeve-2024\/"},"wordCount":554,"image":{"@id":"https:\/\/dev.antudigital.cl\/sites\/vc\/la-exitosa-obra-de-teatro-basada-en-un-pasaje-de-la-vida-de-edith-piaf-sera-encargada-de-dar-cierre-a-la-noche-final-del-18-festival-de-teatro-verano-festeve-2024\/#primaryimage"},"thumbnailUrl":"https:\/\/dev.antudigital.cl\/sites\/vc\/wp-content\/uploads\/2024\/01\/14380064_10211200434386992_6316357989929248861_o.jpg","articleSection":["Noticia"],"inLanguage":"es"},{"@type":"WebPage","@id":"https:\/\/dev.antudigital.cl\/sites\/vc\/la-exitosa-obra-de-teatro-basada-en-un-pasaje-de-la-vida-de-edith-piaf-sera-encargada-de-dar-cierre-a-la-noche-final-del-18-festival-de-teatro-verano-festeve-2024\/","url":"https:\/\/dev.antudigital.cl\/sites\/vc\/la-exitosa-obra-de-teatro-basada-en-un-pasaje-de-la-vida-de-edith-piaf-sera-encargada-de-dar-cierre-a-la-noche-final-del-18-festival-de-teatro-verano-festeve-2024\/","name":"La exitosa obra de teatro basada en un pasaje de la vida de Edith\u00a0Piaf, ser\u00e1 encargada de dar cierre a la noche final del 18\u00b0 Festival de Teatro Verano FESTEVE 2024. - Valpara\u00ed\u00adso Creativo","isPartOf":{"@id":"https:\/\/dev.antudigital.cl\/sites\/vc\/#website"},"primaryImageOfPage":{"@id":"https:\/\/dev.antudigital.cl\/sites\/vc\/la-exitosa-obra-de-teatro-basada-en-un-pasaje-de-la-vida-de-edith-piaf-sera-encargada-de-dar-cierre-a-la-noche-final-del-18-festival-de-teatro-verano-festeve-2024\/#primaryimage"},"image":{"@id":"https:\/\/dev.antudigital.cl\/sites\/vc\/la-exitosa-obra-de-teatro-basada-en-un-pasaje-de-la-vida-de-edith-piaf-sera-encargada-de-dar-cierre-a-la-noche-final-del-18-festival-de-teatro-verano-festeve-2024\/#primaryimage"},"thumbnailUrl":"https:\/\/dev.antudigital.cl\/sites\/vc\/wp-content\/uploads\/2024\/01\/14380064_10211200434386992_6316357989929248861_o.jpg","datePublished":"2024-01-08T21:50:13+00:00","dateModified":"2024-01-08T21:50:19+00:00","author":{"@id":"https:\/\/dev.antudigital.cl\/sites\/vc\/#\/schema\/person\/c2b9da8dd545e27166fc5ab232837318"},"breadcrumb":{"@id":"https:\/\/dev.antudigital.cl\/sites\/vc\/la-exitosa-obra-de-teatro-basada-en-un-pasaje-de-la-vida-de-edith-piaf-sera-encargada-de-dar-cierre-a-la-noche-final-del-18-festival-de-teatro-verano-festeve-2024\/#breadcrumb"},"inLanguage":"es","potentialAction":[{"@type":"ReadAction","target":["https:\/\/dev.antudigital.cl\/sites\/vc\/la-exitosa-obra-de-teatro-basada-en-un-pasaje-de-la-vida-de-edith-piaf-sera-encargada-de-dar-cierre-a-la-noche-final-del-18-festival-de-teatro-verano-festeve-2024\/"]}]},{"@type":"ImageObject","inLanguage":"es","@id":"https:\/\/dev.antudigital.cl\/sites\/vc\/la-exitosa-obra-de-teatro-basada-en-un-pasaje-de-la-vida-de-edith-piaf-sera-encargada-de-dar-cierre-a-la-noche-final-del-18-festival-de-teatro-verano-festeve-2024\/#primaryimage","url":"https:\/\/dev.antudigital.cl\/sites\/vc\/wp-content\/uploads\/2024\/01\/14380064_10211200434386992_6316357989929248861_o.jpg","contentUrl":"https:\/\/dev.antudigital.cl\/sites\/vc\/wp-content\/uploads\/2024\/01\/14380064_10211200434386992_6316357989929248861_o.jpg","width":2048,"height":1152},{"@type":"BreadcrumbList","@id":"https:\/\/dev.antudigital.cl\/sites\/vc\/la-exitosa-obra-de-teatro-basada-en-un-pasaje-de-la-vida-de-edith-piaf-sera-encargada-de-dar-cierre-a-la-noche-final-del-18-festival-de-teatro-verano-festeve-2024\/#breadcrumb","itemListElement":[{"@type":"ListItem","position":1,"name":"Home","item":"https:\/\/dev.antudigital.cl\/sites\/vc\/"},{"@type":"ListItem","position":2,"name":"La exitosa obra de teatro basada en un pasaje de la vida de Edith\u00a0Piaf, ser\u00e1 encargada de dar cierre a la noche final del 18\u00b0 Festival de Teatro Verano FESTEVE 2024."}]},{"@type":"WebSite","@id":"https:\/\/dev.antudigital.cl\/sites\/vc\/#website","url":"https:\/\/dev.antudigital.cl\/sites\/vc\/","name":"Valpara\u00ed\u00adso Creativo","description":"","potentialAction":[{"@type":"SearchAction","target":{"@type":"EntryPoint","urlTemplate":"https:\/\/dev.antudigital.cl\/sites\/vc\/?s={search_term_string}"},"query-input":{"@type":"PropertyValueSpecification","valueRequired":true,"valueName":"search_term_string"}}],"inLanguage":"es"},{"@type":"Person","@id":"https:\/\/dev.antudigital.cl\/sites\/vc\/#\/schema\/person\/c2b9da8dd545e27166fc5ab232837318","name":"Valpara\u00edso Creativo","description":"Periodista de cultura en la Regi\u00f3n de Valpara\u00edso.","url":"https:\/\/dev.antudigital.cl\/sites\/vc\/author\/valpoadmin\/"}]}},"_links":{"self":[{"href":"https:\/\/dev.antudigital.cl\/sites\/vc\/wp-json\/wp\/v2\/posts\/18103","targetHints":{"allow":["GET"]}}],"collection":[{"href":"https:\/\/dev.antudigital.cl\/sites\/vc\/wp-json\/wp\/v2\/posts"}],"about":[{"href":"https:\/\/dev.antudigital.cl\/sites\/vc\/wp-json\/wp\/v2\/types\/post"}],"author":[{"embeddable":true,"href":"https:\/\/dev.antudigital.cl\/sites\/vc\/wp-json\/wp\/v2\/users\/1"}],"replies":[{"embeddable":true,"href":"https:\/\/dev.antudigital.cl\/sites\/vc\/wp-json\/wp\/v2\/comments?post=18103"}],"version-history":[{"count":2,"href":"https:\/\/dev.antudigital.cl\/sites\/vc\/wp-json\/wp\/v2\/posts\/18103\/revisions"}],"predecessor-version":[{"id":18108,"href":"https:\/\/dev.antudigital.cl\/sites\/vc\/wp-json\/wp\/v2\/posts\/18103\/revisions\/18108"}],"wp:featuredmedia":[{"embeddable":true,"href":"https:\/\/dev.antudigital.cl\/sites\/vc\/wp-json\/wp\/v2\/media\/18105"}],"wp:attachment":[{"href":"https:\/\/dev.antudigital.cl\/sites\/vc\/wp-json\/wp\/v2\/media?parent=18103"}],"wp:term":[{"taxonomy":"category","embeddable":true,"href":"https:\/\/dev.antudigital.cl\/sites\/vc\/wp-json\/wp\/v2\/categories?post=18103"},{"taxonomy":"post_tag","embeddable":true,"href":"https:\/\/dev.antudigital.cl\/sites\/vc\/wp-json\/wp\/v2\/tags?post=18103"}],"curies":[{"name":"wp","href":"https:\/\/api.w.org\/{rel}","templated":true}]}}