{"id":18109,"date":"2024-01-08T21:57:43","date_gmt":"2024-01-08T21:57:43","guid":{"rendered":"https:\/\/www.valparaisocreativo.cl\/?p=18109"},"modified":"2024-01-08T21:57:49","modified_gmt":"2024-01-08T21:57:49","slug":"compania-la-punto-cruz-realizara-itinerancia-teatral-en-vina-del-mar-valparaiso-y-quilpue-con-su-montaje-junta-de-vecinas-n91","status":"publish","type":"post","link":"https:\/\/dev.antudigital.cl\/sites\/vc\/compania-la-punto-cruz-realizara-itinerancia-teatral-en-vina-del-mar-valparaiso-y-quilpue-con-su-montaje-junta-de-vecinas-n91\/","title":{"rendered":"Compa\u00f1\u00eda La Punto Cruz realizar\u00e1 itinerancia teatral en Vi\u00f1a del Mar, Valpara\u00edso y Quilpu\u00e9 con su montaje \u201cJunta de Vecinas N\u00b091\u201d"},"content":{"rendered":"\n<p><em>La obra es un viaje a la memoria, donde las mujeres de organizaciones territoriales son las protagonistas.<\/em><\/p>\n\n\n\n<p>Este <strong>martes 9 de enero<\/strong> comienza en el sector de G\u00f3mez Carre\u00f1o la <strong>itinerancia teatral<\/strong> de la obra<strong> \u201cJunta de Vecinas N\u00b091\u201d<\/strong> de la <strong>compa\u00f1\u00eda porte\u00f1a La Punto Cruz<\/strong>, que estar\u00e1 presentando el montaje en diversos espacios vecinales y culturales de Vi\u00f1a del Mar, Valpara\u00edso y Quilpu\u00e9.&nbsp;&nbsp;&nbsp;&nbsp;<\/p>\n\n\n\n<p>El proyecto es financiado por el Gobierno Regional FNDR 8% 2023 y cuenta con el apoyo de SENAMA, Gero Zoom, el Parque Cultural de Valpara\u00edso y el Teatro Municipal Juan Bustos Ramirez de Quilpu\u00e9, adem\u00e1s de las Juntas Vecinales y CESFAM.<\/p>\n\n\n\n<p><strong>La obra<\/strong> <strong>relata la vida de Chela, Nenita, Lucy y Myriam, cuatro mujeres residentes del Cerro Monjas de Valpara\u00edso<\/strong>, que bajo la efervescencia de una noche de verano de 1991, van creando lazos inquebrantables y amistades verdaderas; develando entre copas y cantos festivaleros, grandes secretos de familia te\u00f1idos de amor y tristeza.&nbsp;<\/p>\n\n\n\n<p>Al respecto, el actor y gestor cultural <strong>Daniel Silva<\/strong> afirma: <em>\u00abEste montaje\u00a0 convoca a la comunidad a participar a re\u00edr e identificarse con las historias presentes en la obra. La puesta en escena\u00a0 vincula nuestro pasado y\u00a0 la vida de barrio, por ende\u00a0 exhibir en espacios comunitarios y de afluencia p\u00fablica genera\u00a0 cercan\u00eda,\u00a0 identificaci\u00f3n\u00a0 y nostalgia desde la dramaturgia como la est\u00e9tica , creando una instancia inmersiva, participativa y sobre todo que rescata la identidad barrial\u00bb.\u00a0<\/em><\/p>\n\n\n\n<figure class=\"wp-block-image size-full\"><img fetchpriority=\"high\" decoding=\"async\" width=\"843\" height=\"562\" src=\"https:\/\/www.valparaisocreativo.cl\/wp-content\/uploads\/2024\/01\/Captura-de-Pantalla-2024-01-08-a-las-18.56.27.png\" alt=\"\" class=\"wp-image-18111\" srcset=\"https:\/\/dev.antudigital.cl\/sites\/vc\/wp-content\/uploads\/2024\/01\/Captura-de-Pantalla-2024-01-08-a-las-18.56.27.png 843w, https:\/\/dev.antudigital.cl\/sites\/vc\/wp-content\/uploads\/2024\/01\/Captura-de-Pantalla-2024-01-08-a-las-18.56.27-300x200.png 300w, https:\/\/dev.antudigital.cl\/sites\/vc\/wp-content\/uploads\/2024\/01\/Captura-de-Pantalla-2024-01-08-a-las-18.56.27-768x512.png 768w, https:\/\/dev.antudigital.cl\/sites\/vc\/wp-content\/uploads\/2024\/01\/Captura-de-Pantalla-2024-01-08-a-las-18.56.27-480x320.png 480w, https:\/\/dev.antudigital.cl\/sites\/vc\/wp-content\/uploads\/2024\/01\/Captura-de-Pantalla-2024-01-08-a-las-18.56.27-24x16.png 24w, https:\/\/dev.antudigital.cl\/sites\/vc\/wp-content\/uploads\/2024\/01\/Captura-de-Pantalla-2024-01-08-a-las-18.56.27-36x24.png 36w, https:\/\/dev.antudigital.cl\/sites\/vc\/wp-content\/uploads\/2024\/01\/Captura-de-Pantalla-2024-01-08-a-las-18.56.27-48x32.png 48w\" sizes=\"(max-width: 843px) 100vw, 843px\" \/><\/figure>\n\n\n\n<p>Por otro lado, para la actriz y pedagoga teatral, <strong>Camila Martinez <\/strong>esta es una oportunidad para llegar a aquellos p\u00fablicos que no van a las salas de teatro: <em>\u00abEn esta nueva itinerancia tambi\u00e9n es importante para nosotras como equipo exhibir en distintos espacios de la Regi\u00f3n de Valpara\u00edso, no s\u00f3lo en salas de teatro. Por ello contamos con diversos colaboradores como JJVV, ONG, CESFAM de distintos sectores de Vi\u00f1a del Mar (Villa Dulce, G\u00f3mez Carre\u00f1o y El Olivar), as\u00ed como alianzas con organizaciones relacionadas a personas mayores p\u00fablicas y privadas. Nos interesa seguir recorriendo espacios fuera del centro de la ciudad, con el fin de llegar a p\u00fablicos que no est\u00e1n acostumbrados o no han tenido la posibilidad de ver teatro\u00bb.<\/em><\/p>\n\n\n\n<p><strong>Programaci\u00f3n itinerancia<\/strong><\/p>\n\n\n\n<p>Todas las funciones consideran entrada liberada y est\u00e1n abiertas para todo p\u00fablico para disfrutar en familia:<\/p>\n\n\n\n<ul class=\"wp-block-list\">\n<li>Martes 9 de enero: ONG Vivir con Sentido G\u00f3mez Carre\u00f1o, Vi\u00f1a del Mar, 18:00 horas.<\/li>\n\n\n\n<li>Jueves 11 de enero: Casa Encuentro SENAMA, Vi\u00f1a del Mar, 16:00 horas.<\/li>\n\n\n\n<li>Viernes 12 de enero: Teatro PCdV, 15:30 horas (ingreso p\u00fablico desde las 15:00 horas).<\/li>\n\n\n\n<li>Martes 16 de enero: JJVV Villa Dulce Norte 74, Vi\u00f1a del Mar, 18:00 horas.<\/li>\n\n\n\n<li>Viernes 19 de enero: CESFAM El Olivar, Vi\u00f1a del Mar 14:00 horas.&nbsp;<\/li>\n\n\n\n<li>Jueves 21 de marzo: Teatro Municipal Juan Bustos Ram\u00edrez, Quilpu\u00e9, 19:00 horas.<\/li>\n<\/ul>\n\n\n\n<figure class=\"wp-block-image size-large\"><img decoding=\"async\" width=\"819\" height=\"1024\" src=\"https:\/\/www.valparaisocreativo.cl\/wp-content\/uploads\/2024\/01\/RRSS-1-Junta-de-Vecinas-N91-enero-y-marzo-2024-819x1024.jpg\" alt=\"\" class=\"wp-image-18112\" srcset=\"https:\/\/dev.antudigital.cl\/sites\/vc\/wp-content\/uploads\/2024\/01\/RRSS-1-Junta-de-Vecinas-N91-enero-y-marzo-2024-819x1024.jpg 819w, https:\/\/dev.antudigital.cl\/sites\/vc\/wp-content\/uploads\/2024\/01\/RRSS-1-Junta-de-Vecinas-N91-enero-y-marzo-2024-240x300.jpg 240w, https:\/\/dev.antudigital.cl\/sites\/vc\/wp-content\/uploads\/2024\/01\/RRSS-1-Junta-de-Vecinas-N91-enero-y-marzo-2024-768x960.jpg 768w, https:\/\/dev.antudigital.cl\/sites\/vc\/wp-content\/uploads\/2024\/01\/RRSS-1-Junta-de-Vecinas-N91-enero-y-marzo-2024-980x1225.jpg 980w, https:\/\/dev.antudigital.cl\/sites\/vc\/wp-content\/uploads\/2024\/01\/RRSS-1-Junta-de-Vecinas-N91-enero-y-marzo-2024-480x600.jpg 480w, https:\/\/dev.antudigital.cl\/sites\/vc\/wp-content\/uploads\/2024\/01\/RRSS-1-Junta-de-Vecinas-N91-enero-y-marzo-2024-19x24.jpg 19w, https:\/\/dev.antudigital.cl\/sites\/vc\/wp-content\/uploads\/2024\/01\/RRSS-1-Junta-de-Vecinas-N91-enero-y-marzo-2024-29x36.jpg 29w, https:\/\/dev.antudigital.cl\/sites\/vc\/wp-content\/uploads\/2024\/01\/RRSS-1-Junta-de-Vecinas-N91-enero-y-marzo-2024-38x48.jpg 38w, https:\/\/dev.antudigital.cl\/sites\/vc\/wp-content\/uploads\/2024\/01\/RRSS-1-Junta-de-Vecinas-N91-enero-y-marzo-2024.jpg 1080w\" sizes=\"(max-width: 819px) 100vw, 819px\" \/><\/figure>\n\n\n\n<p><strong>Sobre la compa\u00f1\u00eda<\/strong><\/p>\n\n\n\n<p><strong>La Compa\u00f1\u00eda Teatral La Punto Cruz<\/strong> est\u00e1 compuesta principalmente por int\u00e9rpretes de la Regi\u00f3n de Valpara\u00edso, Chile. <strong>Desde el a\u00f1o 2012<\/strong> han realizado <strong>trabajos formativos, art\u00edsticos y sociales en juntas de vecinas, organizaciones funcionales y territoriales.<\/strong> Esta acci\u00f3n ha permitido observar el funcionamiento de las agrupaciones, comprender problem\u00e1ticas barriales y solucionar inquietudes desde una mirada cultural y art\u00edstica.<\/p>\n\n\n\n<p>La observaci\u00f3n social y la sensibilidad que proporcionan las agrupaciones territoriales dieron vida al proyecto <strong>\u201cJunta de Vecinas N\u00b091\u201d<\/strong> el cual identifica el origen de las organizaciones barriales post dictadura c\u00edvico militar, por medio de un montaje de realismo chileno. En \u00e9l se devela la vida de una agrupaci\u00f3n compuesta por cuatro mujeres residentes del Cerro Monjas, siendo el a\u00f1o 1991 el g\u00e9nesis de esta ficci\u00f3n esc\u00e9nica, creaci\u00f3n basada en relatos e historias sobre la vida de barrio.<\/p>\n\n\n\n<p><strong>Red Social<\/strong><\/p>\n\n\n\n<p><strong>Instagram: <\/strong>@cialapuntocruz<\/p>\n\n\n\n<p><strong>Link de inscripci\u00f3n<\/strong>: https:\/\/forms.gle\/8PDjVE2d8ff1F48X7<\/p>\n","protected":false},"excerpt":{"rendered":"<p>La obra es un viaje a la memoria, donde las mujeres de organizaciones territoriales son las protagonistas. Este martes 9 de enero comienza en el sector de G\u00f3mez Carre\u00f1o la itinerancia teatral de la obra \u201cJunta de Vecinas N\u00b091\u201d de la compa\u00f1\u00eda porte\u00f1a La Punto Cruz, que estar\u00e1 presentando el montaje en diversos espacios vecinales [&hellip;]<\/p>\n","protected":false},"author":1,"featured_media":18110,"comment_status":"closed","ping_status":"closed","sticky":false,"template":"","format":"standard","meta":{"_acf_changed":false,"footnotes":""},"categories":[1],"tags":[],"class_list":["post-18109","post","type-post","status-publish","format-standard","has-post-thumbnail","hentry","category-uncategorized"],"acf":[],"yoast_head":"<!-- This site is optimized with the Yoast SEO plugin v27.1.1 - https:\/\/yoast.com\/product\/yoast-seo-wordpress\/ -->\n<title>Compa\u00f1\u00eda La Punto Cruz realizar\u00e1 itinerancia teatral en Vi\u00f1a del Mar, Valpara\u00edso y Quilpu\u00e9 con su montaje \u201cJunta de Vecinas N\u00b091\u201d - Valpara\u00ed\u00adso Creativo<\/title>\n<meta name=\"robots\" content=\"index, follow, max-snippet:-1, max-image-preview:large, max-video-preview:-1\" \/>\n<link rel=\"canonical\" href=\"https:\/\/dev.antudigital.cl\/sites\/vc\/compania-la-punto-cruz-realizara-itinerancia-teatral-en-vina-del-mar-valparaiso-y-quilpue-con-su-montaje-junta-de-vecinas-n91\/\" \/>\n<meta property=\"og:locale\" content=\"es_ES\" \/>\n<meta property=\"og:type\" content=\"article\" \/>\n<meta property=\"og:title\" content=\"Compa\u00f1\u00eda La Punto Cruz realizar\u00e1 itinerancia teatral en Vi\u00f1a del Mar, Valpara\u00edso y Quilpu\u00e9 con su montaje \u201cJunta de Vecinas N\u00b091\u201d - Valpara\u00ed\u00adso Creativo\" \/>\n<meta property=\"og:description\" content=\"La obra es un viaje a la memoria, donde las mujeres de organizaciones territoriales son las protagonistas. Este martes 9 de enero comienza en el sector de G\u00f3mez Carre\u00f1o la itinerancia teatral de la obra \u201cJunta de Vecinas N\u00b091\u201d de la compa\u00f1\u00eda porte\u00f1a La Punto Cruz, que estar\u00e1 presentando el montaje en diversos espacios vecinales [&hellip;]\" \/>\n<meta property=\"og:url\" content=\"https:\/\/dev.antudigital.cl\/sites\/vc\/compania-la-punto-cruz-realizara-itinerancia-teatral-en-vina-del-mar-valparaiso-y-quilpue-con-su-montaje-junta-de-vecinas-n91\/\" \/>\n<meta property=\"og:site_name\" content=\"Valpara\u00ed\u00adso Creativo\" \/>\n<meta property=\"article:published_time\" content=\"2024-01-08T21:57:43+00:00\" \/>\n<meta property=\"article:modified_time\" content=\"2024-01-08T21:57:49+00:00\" \/>\n<meta property=\"og:image\" content=\"https:\/\/dev.antudigital.cl\/sites\/vc\/wp-content\/uploads\/2024\/01\/Captura-de-Pantalla-2024-01-08-a-las-18.56.33.png\" \/>\n\t<meta property=\"og:image:width\" content=\"842\" \/>\n\t<meta property=\"og:image:height\" content=\"560\" \/>\n\t<meta property=\"og:image:type\" content=\"image\/png\" \/>\n<meta name=\"author\" content=\"Valpara\u00edso Creativo\" \/>\n<meta name=\"twitter:card\" content=\"summary_large_image\" \/>\n<meta name=\"twitter:label1\" content=\"Escrito por\" \/>\n\t<meta name=\"twitter:data1\" content=\"Valpara\u00edso Creativo\" \/>\n\t<meta name=\"twitter:label2\" content=\"Tiempo de lectura\" \/>\n\t<meta name=\"twitter:data2\" content=\"4 minutos\" \/>\n<script type=\"application\/ld+json\" class=\"yoast-schema-graph\">{\"@context\":\"https:\/\/schema.org\",\"@graph\":[{\"@type\":\"Article\",\"@id\":\"https:\/\/dev.antudigital.cl\/sites\/vc\/compania-la-punto-cruz-realizara-itinerancia-teatral-en-vina-del-mar-valparaiso-y-quilpue-con-su-montaje-junta-de-vecinas-n91\/#article\",\"isPartOf\":{\"@id\":\"https:\/\/dev.antudigital.cl\/sites\/vc\/compania-la-punto-cruz-realizara-itinerancia-teatral-en-vina-del-mar-valparaiso-y-quilpue-con-su-montaje-junta-de-vecinas-n91\/\"},\"author\":{\"name\":\"Valpara\u00edso Creativo\",\"@id\":\"https:\/\/dev.antudigital.cl\/sites\/vc\/#\/schema\/person\/c2b9da8dd545e27166fc5ab232837318\"},\"headline\":\"Compa\u00f1\u00eda La Punto Cruz realizar\u00e1 itinerancia teatral en Vi\u00f1a del Mar, Valpara\u00edso y Quilpu\u00e9 con su montaje \u201cJunta de Vecinas N\u00b091\u201d\",\"datePublished\":\"2024-01-08T21:57:43+00:00\",\"dateModified\":\"2024-01-08T21:57:49+00:00\",\"mainEntityOfPage\":{\"@id\":\"https:\/\/dev.antudigital.cl\/sites\/vc\/compania-la-punto-cruz-realizara-itinerancia-teatral-en-vina-del-mar-valparaiso-y-quilpue-con-su-montaje-junta-de-vecinas-n91\/\"},\"wordCount\":670,\"image\":{\"@id\":\"https:\/\/dev.antudigital.cl\/sites\/vc\/compania-la-punto-cruz-realizara-itinerancia-teatral-en-vina-del-mar-valparaiso-y-quilpue-con-su-montaje-junta-de-vecinas-n91\/#primaryimage\"},\"thumbnailUrl\":\"https:\/\/dev.antudigital.cl\/sites\/vc\/wp-content\/uploads\/2024\/01\/Captura-de-Pantalla-2024-01-08-a-las-18.56.33.png\",\"articleSection\":[\"Uncategorized\"],\"inLanguage\":\"es\"},{\"@type\":\"WebPage\",\"@id\":\"https:\/\/dev.antudigital.cl\/sites\/vc\/compania-la-punto-cruz-realizara-itinerancia-teatral-en-vina-del-mar-valparaiso-y-quilpue-con-su-montaje-junta-de-vecinas-n91\/\",\"url\":\"https:\/\/dev.antudigital.cl\/sites\/vc\/compania-la-punto-cruz-realizara-itinerancia-teatral-en-vina-del-mar-valparaiso-y-quilpue-con-su-montaje-junta-de-vecinas-n91\/\",\"name\":\"Compa\u00f1\u00eda La Punto Cruz realizar\u00e1 itinerancia teatral en Vi\u00f1a del Mar, Valpara\u00edso y Quilpu\u00e9 con su montaje \u201cJunta de Vecinas N\u00b091\u201d - Valpara\u00ed\u00adso Creativo\",\"isPartOf\":{\"@id\":\"https:\/\/dev.antudigital.cl\/sites\/vc\/#website\"},\"primaryImageOfPage\":{\"@id\":\"https:\/\/dev.antudigital.cl\/sites\/vc\/compania-la-punto-cruz-realizara-itinerancia-teatral-en-vina-del-mar-valparaiso-y-quilpue-con-su-montaje-junta-de-vecinas-n91\/#primaryimage\"},\"image\":{\"@id\":\"https:\/\/dev.antudigital.cl\/sites\/vc\/compania-la-punto-cruz-realizara-itinerancia-teatral-en-vina-del-mar-valparaiso-y-quilpue-con-su-montaje-junta-de-vecinas-n91\/#primaryimage\"},\"thumbnailUrl\":\"https:\/\/dev.antudigital.cl\/sites\/vc\/wp-content\/uploads\/2024\/01\/Captura-de-Pantalla-2024-01-08-a-las-18.56.33.png\",\"datePublished\":\"2024-01-08T21:57:43+00:00\",\"dateModified\":\"2024-01-08T21:57:49+00:00\",\"author\":{\"@id\":\"https:\/\/dev.antudigital.cl\/sites\/vc\/#\/schema\/person\/c2b9da8dd545e27166fc5ab232837318\"},\"breadcrumb\":{\"@id\":\"https:\/\/dev.antudigital.cl\/sites\/vc\/compania-la-punto-cruz-realizara-itinerancia-teatral-en-vina-del-mar-valparaiso-y-quilpue-con-su-montaje-junta-de-vecinas-n91\/#breadcrumb\"},\"inLanguage\":\"es\",\"potentialAction\":[{\"@type\":\"ReadAction\",\"target\":[\"https:\/\/dev.antudigital.cl\/sites\/vc\/compania-la-punto-cruz-realizara-itinerancia-teatral-en-vina-del-mar-valparaiso-y-quilpue-con-su-montaje-junta-de-vecinas-n91\/\"]}]},{\"@type\":\"ImageObject\",\"inLanguage\":\"es\",\"@id\":\"https:\/\/dev.antudigital.cl\/sites\/vc\/compania-la-punto-cruz-realizara-itinerancia-teatral-en-vina-del-mar-valparaiso-y-quilpue-con-su-montaje-junta-de-vecinas-n91\/#primaryimage\",\"url\":\"https:\/\/dev.antudigital.cl\/sites\/vc\/wp-content\/uploads\/2024\/01\/Captura-de-Pantalla-2024-01-08-a-las-18.56.33.png\",\"contentUrl\":\"https:\/\/dev.antudigital.cl\/sites\/vc\/wp-content\/uploads\/2024\/01\/Captura-de-Pantalla-2024-01-08-a-las-18.56.33.png\",\"width\":842,\"height\":560},{\"@type\":\"BreadcrumbList\",\"@id\":\"https:\/\/dev.antudigital.cl\/sites\/vc\/compania-la-punto-cruz-realizara-itinerancia-teatral-en-vina-del-mar-valparaiso-y-quilpue-con-su-montaje-junta-de-vecinas-n91\/#breadcrumb\",\"itemListElement\":[{\"@type\":\"ListItem\",\"position\":1,\"name\":\"Home\",\"item\":\"https:\/\/dev.antudigital.cl\/sites\/vc\/\"},{\"@type\":\"ListItem\",\"position\":2,\"name\":\"Compa\u00f1\u00eda La Punto Cruz realizar\u00e1 itinerancia teatral en Vi\u00f1a del Mar, Valpara\u00edso y Quilpu\u00e9 con su montaje \u201cJunta de Vecinas N\u00b091\u201d\"}]},{\"@type\":\"WebSite\",\"@id\":\"https:\/\/dev.antudigital.cl\/sites\/vc\/#website\",\"url\":\"https:\/\/dev.antudigital.cl\/sites\/vc\/\",\"name\":\"Valpara\u00ed\u00adso Creativo\",\"description\":\"\",\"potentialAction\":[{\"@type\":\"SearchAction\",\"target\":{\"@type\":\"EntryPoint\",\"urlTemplate\":\"https:\/\/dev.antudigital.cl\/sites\/vc\/?s={search_term_string}\"},\"query-input\":{\"@type\":\"PropertyValueSpecification\",\"valueRequired\":true,\"valueName\":\"search_term_string\"}}],\"inLanguage\":\"es\"},{\"@type\":\"Person\",\"@id\":\"https:\/\/dev.antudigital.cl\/sites\/vc\/#\/schema\/person\/c2b9da8dd545e27166fc5ab232837318\",\"name\":\"Valpara\u00edso Creativo\",\"description\":\"Periodista de cultura en la Regi\u00f3n de Valpara\u00edso.\",\"url\":\"https:\/\/dev.antudigital.cl\/sites\/vc\/author\/valpoadmin\/\"}]}<\/script>\n<!-- \/ Yoast SEO plugin. -->","yoast_head_json":{"title":"Compa\u00f1\u00eda La Punto Cruz realizar\u00e1 itinerancia teatral en Vi\u00f1a del Mar, Valpara\u00edso y Quilpu\u00e9 con su montaje \u201cJunta de Vecinas N\u00b091\u201d - Valpara\u00ed\u00adso Creativo","robots":{"index":"index","follow":"follow","max-snippet":"max-snippet:-1","max-image-preview":"max-image-preview:large","max-video-preview":"max-video-preview:-1"},"canonical":"https:\/\/dev.antudigital.cl\/sites\/vc\/compania-la-punto-cruz-realizara-itinerancia-teatral-en-vina-del-mar-valparaiso-y-quilpue-con-su-montaje-junta-de-vecinas-n91\/","og_locale":"es_ES","og_type":"article","og_title":"Compa\u00f1\u00eda La Punto Cruz realizar\u00e1 itinerancia teatral en Vi\u00f1a del Mar, Valpara\u00edso y Quilpu\u00e9 con su montaje \u201cJunta de Vecinas N\u00b091\u201d - Valpara\u00ed\u00adso Creativo","og_description":"La obra es un viaje a la memoria, donde las mujeres de organizaciones territoriales son las protagonistas. Este martes 9 de enero comienza en el sector de G\u00f3mez Carre\u00f1o la itinerancia teatral de la obra \u201cJunta de Vecinas N\u00b091\u201d de la compa\u00f1\u00eda porte\u00f1a La Punto Cruz, que estar\u00e1 presentando el montaje en diversos espacios vecinales [&hellip;]","og_url":"https:\/\/dev.antudigital.cl\/sites\/vc\/compania-la-punto-cruz-realizara-itinerancia-teatral-en-vina-del-mar-valparaiso-y-quilpue-con-su-montaje-junta-de-vecinas-n91\/","og_site_name":"Valpara\u00ed\u00adso Creativo","article_published_time":"2024-01-08T21:57:43+00:00","article_modified_time":"2024-01-08T21:57:49+00:00","og_image":[{"width":842,"height":560,"url":"https:\/\/dev.antudigital.cl\/sites\/vc\/wp-content\/uploads\/2024\/01\/Captura-de-Pantalla-2024-01-08-a-las-18.56.33.png","type":"image\/png"}],"author":"Valpara\u00edso Creativo","twitter_card":"summary_large_image","twitter_misc":{"Escrito por":"Valpara\u00edso Creativo","Tiempo de lectura":"4 minutos"},"schema":{"@context":"https:\/\/schema.org","@graph":[{"@type":"Article","@id":"https:\/\/dev.antudigital.cl\/sites\/vc\/compania-la-punto-cruz-realizara-itinerancia-teatral-en-vina-del-mar-valparaiso-y-quilpue-con-su-montaje-junta-de-vecinas-n91\/#article","isPartOf":{"@id":"https:\/\/dev.antudigital.cl\/sites\/vc\/compania-la-punto-cruz-realizara-itinerancia-teatral-en-vina-del-mar-valparaiso-y-quilpue-con-su-montaje-junta-de-vecinas-n91\/"},"author":{"name":"Valpara\u00edso Creativo","@id":"https:\/\/dev.antudigital.cl\/sites\/vc\/#\/schema\/person\/c2b9da8dd545e27166fc5ab232837318"},"headline":"Compa\u00f1\u00eda La Punto Cruz realizar\u00e1 itinerancia teatral en Vi\u00f1a del Mar, Valpara\u00edso y Quilpu\u00e9 con su montaje \u201cJunta de Vecinas N\u00b091\u201d","datePublished":"2024-01-08T21:57:43+00:00","dateModified":"2024-01-08T21:57:49+00:00","mainEntityOfPage":{"@id":"https:\/\/dev.antudigital.cl\/sites\/vc\/compania-la-punto-cruz-realizara-itinerancia-teatral-en-vina-del-mar-valparaiso-y-quilpue-con-su-montaje-junta-de-vecinas-n91\/"},"wordCount":670,"image":{"@id":"https:\/\/dev.antudigital.cl\/sites\/vc\/compania-la-punto-cruz-realizara-itinerancia-teatral-en-vina-del-mar-valparaiso-y-quilpue-con-su-montaje-junta-de-vecinas-n91\/#primaryimage"},"thumbnailUrl":"https:\/\/dev.antudigital.cl\/sites\/vc\/wp-content\/uploads\/2024\/01\/Captura-de-Pantalla-2024-01-08-a-las-18.56.33.png","articleSection":["Uncategorized"],"inLanguage":"es"},{"@type":"WebPage","@id":"https:\/\/dev.antudigital.cl\/sites\/vc\/compania-la-punto-cruz-realizara-itinerancia-teatral-en-vina-del-mar-valparaiso-y-quilpue-con-su-montaje-junta-de-vecinas-n91\/","url":"https:\/\/dev.antudigital.cl\/sites\/vc\/compania-la-punto-cruz-realizara-itinerancia-teatral-en-vina-del-mar-valparaiso-y-quilpue-con-su-montaje-junta-de-vecinas-n91\/","name":"Compa\u00f1\u00eda La Punto Cruz realizar\u00e1 itinerancia teatral en Vi\u00f1a del Mar, Valpara\u00edso y Quilpu\u00e9 con su montaje \u201cJunta de Vecinas N\u00b091\u201d - Valpara\u00ed\u00adso Creativo","isPartOf":{"@id":"https:\/\/dev.antudigital.cl\/sites\/vc\/#website"},"primaryImageOfPage":{"@id":"https:\/\/dev.antudigital.cl\/sites\/vc\/compania-la-punto-cruz-realizara-itinerancia-teatral-en-vina-del-mar-valparaiso-y-quilpue-con-su-montaje-junta-de-vecinas-n91\/#primaryimage"},"image":{"@id":"https:\/\/dev.antudigital.cl\/sites\/vc\/compania-la-punto-cruz-realizara-itinerancia-teatral-en-vina-del-mar-valparaiso-y-quilpue-con-su-montaje-junta-de-vecinas-n91\/#primaryimage"},"thumbnailUrl":"https:\/\/dev.antudigital.cl\/sites\/vc\/wp-content\/uploads\/2024\/01\/Captura-de-Pantalla-2024-01-08-a-las-18.56.33.png","datePublished":"2024-01-08T21:57:43+00:00","dateModified":"2024-01-08T21:57:49+00:00","author":{"@id":"https:\/\/dev.antudigital.cl\/sites\/vc\/#\/schema\/person\/c2b9da8dd545e27166fc5ab232837318"},"breadcrumb":{"@id":"https:\/\/dev.antudigital.cl\/sites\/vc\/compania-la-punto-cruz-realizara-itinerancia-teatral-en-vina-del-mar-valparaiso-y-quilpue-con-su-montaje-junta-de-vecinas-n91\/#breadcrumb"},"inLanguage":"es","potentialAction":[{"@type":"ReadAction","target":["https:\/\/dev.antudigital.cl\/sites\/vc\/compania-la-punto-cruz-realizara-itinerancia-teatral-en-vina-del-mar-valparaiso-y-quilpue-con-su-montaje-junta-de-vecinas-n91\/"]}]},{"@type":"ImageObject","inLanguage":"es","@id":"https:\/\/dev.antudigital.cl\/sites\/vc\/compania-la-punto-cruz-realizara-itinerancia-teatral-en-vina-del-mar-valparaiso-y-quilpue-con-su-montaje-junta-de-vecinas-n91\/#primaryimage","url":"https:\/\/dev.antudigital.cl\/sites\/vc\/wp-content\/uploads\/2024\/01\/Captura-de-Pantalla-2024-01-08-a-las-18.56.33.png","contentUrl":"https:\/\/dev.antudigital.cl\/sites\/vc\/wp-content\/uploads\/2024\/01\/Captura-de-Pantalla-2024-01-08-a-las-18.56.33.png","width":842,"height":560},{"@type":"BreadcrumbList","@id":"https:\/\/dev.antudigital.cl\/sites\/vc\/compania-la-punto-cruz-realizara-itinerancia-teatral-en-vina-del-mar-valparaiso-y-quilpue-con-su-montaje-junta-de-vecinas-n91\/#breadcrumb","itemListElement":[{"@type":"ListItem","position":1,"name":"Home","item":"https:\/\/dev.antudigital.cl\/sites\/vc\/"},{"@type":"ListItem","position":2,"name":"Compa\u00f1\u00eda La Punto Cruz realizar\u00e1 itinerancia teatral en Vi\u00f1a del Mar, Valpara\u00edso y Quilpu\u00e9 con su montaje \u201cJunta de Vecinas N\u00b091\u201d"}]},{"@type":"WebSite","@id":"https:\/\/dev.antudigital.cl\/sites\/vc\/#website","url":"https:\/\/dev.antudigital.cl\/sites\/vc\/","name":"Valpara\u00ed\u00adso Creativo","description":"","potentialAction":[{"@type":"SearchAction","target":{"@type":"EntryPoint","urlTemplate":"https:\/\/dev.antudigital.cl\/sites\/vc\/?s={search_term_string}"},"query-input":{"@type":"PropertyValueSpecification","valueRequired":true,"valueName":"search_term_string"}}],"inLanguage":"es"},{"@type":"Person","@id":"https:\/\/dev.antudigital.cl\/sites\/vc\/#\/schema\/person\/c2b9da8dd545e27166fc5ab232837318","name":"Valpara\u00edso Creativo","description":"Periodista de cultura en la Regi\u00f3n de Valpara\u00edso.","url":"https:\/\/dev.antudigital.cl\/sites\/vc\/author\/valpoadmin\/"}]}},"_links":{"self":[{"href":"https:\/\/dev.antudigital.cl\/sites\/vc\/wp-json\/wp\/v2\/posts\/18109","targetHints":{"allow":["GET"]}}],"collection":[{"href":"https:\/\/dev.antudigital.cl\/sites\/vc\/wp-json\/wp\/v2\/posts"}],"about":[{"href":"https:\/\/dev.antudigital.cl\/sites\/vc\/wp-json\/wp\/v2\/types\/post"}],"author":[{"embeddable":true,"href":"https:\/\/dev.antudigital.cl\/sites\/vc\/wp-json\/wp\/v2\/users\/1"}],"replies":[{"embeddable":true,"href":"https:\/\/dev.antudigital.cl\/sites\/vc\/wp-json\/wp\/v2\/comments?post=18109"}],"version-history":[{"count":1,"href":"https:\/\/dev.antudigital.cl\/sites\/vc\/wp-json\/wp\/v2\/posts\/18109\/revisions"}],"predecessor-version":[{"id":18113,"href":"https:\/\/dev.antudigital.cl\/sites\/vc\/wp-json\/wp\/v2\/posts\/18109\/revisions\/18113"}],"wp:featuredmedia":[{"embeddable":true,"href":"https:\/\/dev.antudigital.cl\/sites\/vc\/wp-json\/wp\/v2\/media\/18110"}],"wp:attachment":[{"href":"https:\/\/dev.antudigital.cl\/sites\/vc\/wp-json\/wp\/v2\/media?parent=18109"}],"wp:term":[{"taxonomy":"category","embeddable":true,"href":"https:\/\/dev.antudigital.cl\/sites\/vc\/wp-json\/wp\/v2\/categories?post=18109"},{"taxonomy":"post_tag","embeddable":true,"href":"https:\/\/dev.antudigital.cl\/sites\/vc\/wp-json\/wp\/v2\/tags?post=18109"}],"curies":[{"name":"wp","href":"https:\/\/api.w.org\/{rel}","templated":true}]}}