{"id":18119,"date":"2024-01-08T23:17:56","date_gmt":"2024-01-08T23:17:56","guid":{"rendered":"https:\/\/www.valparaisocreativo.cl\/?p=18119"},"modified":"2024-01-08T23:24:50","modified_gmt":"2024-01-08T23:24:50","slug":"rodeados-de-plantas-y-estimulos-visita-a-la-granja-aromatica","status":"publish","type":"post","link":"https:\/\/dev.antudigital.cl\/sites\/vc\/rodeados-de-plantas-y-estimulos-visita-a-la-granja-aromatica\/","title":{"rendered":"Rodeados de plantas y est\u00edmulos: visita a la Granja Arom\u00e1tica"},"content":{"rendered":"\n<p>Tuvimos la oportunidad, como programa junto a nuestro Comit\u00e9 Ejecutivo, de conocer la Granja Arom\u00e1tica, un proyecto en torno a las plantas y sus propiedades en aceites esenciales y otros extractos que benefician a la salud. Estuvimos en sus dependencias teniendo nuestra reuni\u00f3n, y pudimos recorrer sus predios y lugar de destilaci\u00f3n, donde preparan todos los aceites.<\/p>\n\n\n\n<p>Liderado por Cecilia Vergara y Crist\u00f3bal Vicente, Cecilia nos gui\u00f3 en un trayecto verdaderamente m\u00e1gico en Limache, en el Fundo los Aromos, donde se puede ir a conocer en cualquier momento del a\u00f1o.<\/p>\n\n\n\n<figure class=\"wp-block-image size-large\"><img fetchpriority=\"high\" decoding=\"async\" width=\"768\" height=\"1024\" src=\"https:\/\/www.valparaisocreativo.cl\/wp-content\/uploads\/2024\/01\/IMG_0588-768x1024.jpg\" alt=\"\" class=\"wp-image-18127\" srcset=\"https:\/\/dev.antudigital.cl\/sites\/vc\/wp-content\/uploads\/2024\/01\/IMG_0588-768x1024.jpg 768w, https:\/\/dev.antudigital.cl\/sites\/vc\/wp-content\/uploads\/2024\/01\/IMG_0588-225x300.jpg 225w, https:\/\/dev.antudigital.cl\/sites\/vc\/wp-content\/uploads\/2024\/01\/IMG_0588-1152x1536.jpg 1152w, https:\/\/dev.antudigital.cl\/sites\/vc\/wp-content\/uploads\/2024\/01\/IMG_0588-1536x2048.jpg 1536w, https:\/\/dev.antudigital.cl\/sites\/vc\/wp-content\/uploads\/2024\/01\/IMG_0588-1080x1440.jpg 1080w, https:\/\/dev.antudigital.cl\/sites\/vc\/wp-content\/uploads\/2024\/01\/IMG_0588-1280x1707.jpg 1280w, https:\/\/dev.antudigital.cl\/sites\/vc\/wp-content\/uploads\/2024\/01\/IMG_0588-980x1307.jpg 980w, https:\/\/dev.antudigital.cl\/sites\/vc\/wp-content\/uploads\/2024\/01\/IMG_0588-480x640.jpg 480w, https:\/\/dev.antudigital.cl\/sites\/vc\/wp-content\/uploads\/2024\/01\/IMG_0588-18x24.jpg 18w, https:\/\/dev.antudigital.cl\/sites\/vc\/wp-content\/uploads\/2024\/01\/IMG_0588-27x36.jpg 27w, https:\/\/dev.antudigital.cl\/sites\/vc\/wp-content\/uploads\/2024\/01\/IMG_0588-36x48.jpg 36w, https:\/\/dev.antudigital.cl\/sites\/vc\/wp-content\/uploads\/2024\/01\/IMG_0588-scaled.jpg 1920w\" sizes=\"(max-width: 768px) 100vw, 768px\" \/><\/figure>\n\n\n\n<p><strong>Comenzamos nuestro recorrido\u2026 paseamos por los predios llenos de especies:<\/strong><\/p>\n\n\n\n<p>-Este es el jard\u00edn de los sentidos, es un jard\u00edn con alrededor de 40 variedades de hierbas arom\u00e1ticas, donde la idea es poder familiarizarse con las especies, de d\u00f3nde vienen los aceites, cu\u00e1les son sus propiedades y as\u00ed. Vamos revisando las distintas especies y cada una tiene su letrero informativo acerca de su nombre, origen, propiedades y efectos. Ac\u00e1 la gente puede ir viendo y conociendo sus aromas.<\/p>\n\n\n\n<p>Ac\u00e1 tenemos plantas que dan aceites esenciales y otras que no, que se distingue por su aroma por lo general. Cada aceite tiene distintas propiedades, todos antis\u00e9pticos, son todos desinfectantes.\u00a0<\/p>\n\n\n\n<figure class=\"wp-block-image size-large\"><img decoding=\"async\" width=\"1024\" height=\"768\" src=\"https:\/\/www.valparaisocreativo.cl\/wp-content\/uploads\/2024\/01\/IMG_0561-1024x768.jpg\" alt=\"\" class=\"wp-image-18121\" srcset=\"https:\/\/dev.antudigital.cl\/sites\/vc\/wp-content\/uploads\/2024\/01\/IMG_0561-1024x768.jpg 1024w, https:\/\/dev.antudigital.cl\/sites\/vc\/wp-content\/uploads\/2024\/01\/IMG_0561-300x225.jpg 300w, https:\/\/dev.antudigital.cl\/sites\/vc\/wp-content\/uploads\/2024\/01\/IMG_0561-768x576.jpg 768w, https:\/\/dev.antudigital.cl\/sites\/vc\/wp-content\/uploads\/2024\/01\/IMG_0561-1536x1152.jpg 1536w, https:\/\/dev.antudigital.cl\/sites\/vc\/wp-content\/uploads\/2024\/01\/IMG_0561-2048x1536.jpg 2048w, https:\/\/dev.antudigital.cl\/sites\/vc\/wp-content\/uploads\/2024\/01\/IMG_0561-510x382.jpg 510w, https:\/\/dev.antudigital.cl\/sites\/vc\/wp-content\/uploads\/2024\/01\/IMG_0561-1080x810.jpg 1080w, https:\/\/dev.antudigital.cl\/sites\/vc\/wp-content\/uploads\/2024\/01\/IMG_0561-1280x960.jpg 1280w, https:\/\/dev.antudigital.cl\/sites\/vc\/wp-content\/uploads\/2024\/01\/IMG_0561-980x735.jpg 980w, https:\/\/dev.antudigital.cl\/sites\/vc\/wp-content\/uploads\/2024\/01\/IMG_0561-480x360.jpg 480w, https:\/\/dev.antudigital.cl\/sites\/vc\/wp-content\/uploads\/2024\/01\/IMG_0561-24x18.jpg 24w, https:\/\/dev.antudigital.cl\/sites\/vc\/wp-content\/uploads\/2024\/01\/IMG_0561-36x27.jpg 36w, https:\/\/dev.antudigital.cl\/sites\/vc\/wp-content\/uploads\/2024\/01\/IMG_0561-48x36.jpg 48w\" sizes=\"(max-width: 1024px) 100vw, 1024px\" \/><\/figure>\n\n\n\n<p><strong>El conocimiento en torno a esto, es cient\u00edfico y ancestral, \u00bfo no?<\/strong><\/p>\n\n\n\n<p>-Es una mezcla y un compendio de muchas cosas. Por una parte est\u00e1 el buscar las propiedades qu\u00edmicas de las plantas, ah\u00ed saber qu\u00e9 mol\u00e9culas arom\u00e1ticas tiene la planta y todo eso; pero por otro lado, tiene todo el conocimiento popular que viene dado por siglos y siglos de experiencia que se suma a lo qu\u00edmico y cient\u00edfico. El aromaterapia es un concepto integral de beneficios fisiol\u00f3gicos, ps\u00edquicos y emocionales, donde se sabe que la medicina popular es muy sabia y tiene mucha informaci\u00f3n.<\/p>\n\n\n\n<p><strong>Cu\u00e9ntanos un poco m\u00e1s sobre este territorio y sus especies<\/strong><\/p>\n\n\n\n<p>&#8211; Este jard\u00edn sirve por un lado para producir a las visitas y tambi\u00e9n es un espacio donde probamos nuevas variedades, cu\u00e1les son sus condiciones de cultivo. Por ejemplo, lo que no tiene aceites esenciales puede servir como tintura madre, donde se macera en alcohol. Esta tiene otras propiedades.<\/p>\n\n\n\n<p><strong>\u00bfHace cu\u00e1nto que llevan este proyecto?<\/strong><\/p>\n\n\n\n<p>-Los primeros cultivos partieron el 2019, y la granja as\u00ed como la ves ahora el 2013, hace 10 a\u00f1os.<\/p>\n\n\n\n<figure class=\"wp-block-image size-large\"><img decoding=\"async\" width=\"1024\" height=\"768\" src=\"https:\/\/www.valparaisocreativo.cl\/wp-content\/uploads\/2024\/01\/IMG_0569-1024x768.jpg\" alt=\"\" class=\"wp-image-18123\" srcset=\"https:\/\/dev.antudigital.cl\/sites\/vc\/wp-content\/uploads\/2024\/01\/IMG_0569-1024x768.jpg 1024w, https:\/\/dev.antudigital.cl\/sites\/vc\/wp-content\/uploads\/2024\/01\/IMG_0569-300x225.jpg 300w, https:\/\/dev.antudigital.cl\/sites\/vc\/wp-content\/uploads\/2024\/01\/IMG_0569-768x576.jpg 768w, https:\/\/dev.antudigital.cl\/sites\/vc\/wp-content\/uploads\/2024\/01\/IMG_0569-1536x1152.jpg 1536w, https:\/\/dev.antudigital.cl\/sites\/vc\/wp-content\/uploads\/2024\/01\/IMG_0569-2048x1536.jpg 2048w, https:\/\/dev.antudigital.cl\/sites\/vc\/wp-content\/uploads\/2024\/01\/IMG_0569-510x382.jpg 510w, https:\/\/dev.antudigital.cl\/sites\/vc\/wp-content\/uploads\/2024\/01\/IMG_0569-1080x810.jpg 1080w, https:\/\/dev.antudigital.cl\/sites\/vc\/wp-content\/uploads\/2024\/01\/IMG_0569-1280x960.jpg 1280w, https:\/\/dev.antudigital.cl\/sites\/vc\/wp-content\/uploads\/2024\/01\/IMG_0569-980x735.jpg 980w, https:\/\/dev.antudigital.cl\/sites\/vc\/wp-content\/uploads\/2024\/01\/IMG_0569-480x360.jpg 480w, https:\/\/dev.antudigital.cl\/sites\/vc\/wp-content\/uploads\/2024\/01\/IMG_0569-24x18.jpg 24w, https:\/\/dev.antudigital.cl\/sites\/vc\/wp-content\/uploads\/2024\/01\/IMG_0569-36x27.jpg 36w, https:\/\/dev.antudigital.cl\/sites\/vc\/wp-content\/uploads\/2024\/01\/IMG_0569-48x36.jpg 48w\" sizes=\"(max-width: 1024px) 100vw, 1024px\" \/><\/figure>\n\n\n\n<p><strong>Adem\u00e1s de llevar la granja y hacer recorridos, hacen otro tipo de actividades, \u00bfcierto?<\/strong><\/p>\n\n\n\n<p>-A veces hacemos festivales, conciertos, proyecciones de cine y otras actividades culturales. Durante el invierno cerramos un par de meses por el clima, cuando llueve, pero tenemos visitas constantemente desde septiembre hasta abril estamos abiertos de viernes a domingo recibiendo visitas.<\/p>\n\n\n\n<p>Hemos ido abri\u00e9ndonos a las actividades culturales por nuestros propios intereses, como anteriormente fue el Festival Ac\u00e9falo de m\u00fasica improvisada y las actividades son muy familiares, eso es muy bonito. Tambi\u00e9n hemos hecho ciclos de cine al aire libre, lo que tenemos en carpeta; conciertos; ferias de creadores locales como el Gabinete de Curiosidades, que vuelve en marzo. Tambi\u00e9n hacemos talleres art\u00edsticos que tienen que ver con plantas medicinales y bueno, todo ligado al \u00e1mbito art\u00edstico. Estamos apuntando a seguir haci\u00e9ndolas, postular a fondos y tener m\u00e1s oportunidades.<\/p>\n\n\n\n<figure class=\"wp-block-image size-large\"><img loading=\"lazy\" decoding=\"async\" width=\"1024\" height=\"768\" src=\"https:\/\/www.valparaisocreativo.cl\/wp-content\/uploads\/2024\/01\/IMG_0576-1024x768.jpg\" alt=\"\" class=\"wp-image-18124\" srcset=\"https:\/\/dev.antudigital.cl\/sites\/vc\/wp-content\/uploads\/2024\/01\/IMG_0576-1024x768.jpg 1024w, https:\/\/dev.antudigital.cl\/sites\/vc\/wp-content\/uploads\/2024\/01\/IMG_0576-300x225.jpg 300w, https:\/\/dev.antudigital.cl\/sites\/vc\/wp-content\/uploads\/2024\/01\/IMG_0576-768x576.jpg 768w, https:\/\/dev.antudigital.cl\/sites\/vc\/wp-content\/uploads\/2024\/01\/IMG_0576-1536x1152.jpg 1536w, https:\/\/dev.antudigital.cl\/sites\/vc\/wp-content\/uploads\/2024\/01\/IMG_0576-2048x1536.jpg 2048w, https:\/\/dev.antudigital.cl\/sites\/vc\/wp-content\/uploads\/2024\/01\/IMG_0576-510x382.jpg 510w, https:\/\/dev.antudigital.cl\/sites\/vc\/wp-content\/uploads\/2024\/01\/IMG_0576-1080x810.jpg 1080w, https:\/\/dev.antudigital.cl\/sites\/vc\/wp-content\/uploads\/2024\/01\/IMG_0576-1280x960.jpg 1280w, https:\/\/dev.antudigital.cl\/sites\/vc\/wp-content\/uploads\/2024\/01\/IMG_0576-980x735.jpg 980w, https:\/\/dev.antudigital.cl\/sites\/vc\/wp-content\/uploads\/2024\/01\/IMG_0576-480x360.jpg 480w, https:\/\/dev.antudigital.cl\/sites\/vc\/wp-content\/uploads\/2024\/01\/IMG_0576-24x18.jpg 24w, https:\/\/dev.antudigital.cl\/sites\/vc\/wp-content\/uploads\/2024\/01\/IMG_0576-36x27.jpg 36w, https:\/\/dev.antudigital.cl\/sites\/vc\/wp-content\/uploads\/2024\/01\/IMG_0576-48x36.jpg 48w\" sizes=\"(max-width: 1024px) 100vw, 1024px\" \/><\/figure>\n\n\n\n<p><strong>\u00bfC\u00f3mo llevan el cuidado de las plantas seg\u00fan su estaci\u00f3n?<\/strong><\/p>\n\n\n\n<p>-Muchas de estas plantas en invierno duermen, entran en durmancia, cuando florecen, su riego y todo lo tenemos registrado, lo vamos siguiendo para un \u00f3ptimo funcionamiento. Esto lo tenemos en un gran pizarr\u00f3n en la misma granja donde vamos registrando.<\/p>\n\n\n\n<p><strong>\u00bfC\u00f3mo empez\u00f3 todo esto?<\/strong><\/p>\n\n\n\n<p>-Est\u00e1bamos en Valpara\u00edso con Crist\u00f3bal, mi socio y pareja, y nos vinimos ac\u00e1 pues este era un campo donde estaba la familia de Crist\u00f3bal, para trabajar ac\u00e1 en el campo y ah\u00ed nos vinimos hace 10 a\u00f1os a trabajarlo.<\/p>\n\n\n\n<p><strong>\u00bfCu\u00e1l es, en tus palabras, el aporte que buscan hacer con todo el trabajo que generan ac\u00e1?<\/strong><\/p>\n\n\n\n<p>-Por un lado, conexi\u00f3n con la naturaleza, con la medicina de las plantas, ser un punto de encuentro para la comunidad tambi\u00e9n. Tomar conciencia del territorio y paisaje en el que estamos parados, saber qu\u00e9 significa ser parte de este lugar. Convergen hartas cosas.<\/p>\n\n\n\n<figure class=\"wp-block-image size-large\"><img loading=\"lazy\" decoding=\"async\" width=\"768\" height=\"1024\" src=\"https:\/\/www.valparaisocreativo.cl\/wp-content\/uploads\/2024\/01\/IMG_0564-768x1024.jpg\" alt=\"\" class=\"wp-image-18122\" srcset=\"https:\/\/dev.antudigital.cl\/sites\/vc\/wp-content\/uploads\/2024\/01\/IMG_0564-768x1024.jpg 768w, https:\/\/dev.antudigital.cl\/sites\/vc\/wp-content\/uploads\/2024\/01\/IMG_0564-225x300.jpg 225w, https:\/\/dev.antudigital.cl\/sites\/vc\/wp-content\/uploads\/2024\/01\/IMG_0564-1152x1536.jpg 1152w, https:\/\/dev.antudigital.cl\/sites\/vc\/wp-content\/uploads\/2024\/01\/IMG_0564-1536x2048.jpg 1536w, https:\/\/dev.antudigital.cl\/sites\/vc\/wp-content\/uploads\/2024\/01\/IMG_0564-1080x1440.jpg 1080w, https:\/\/dev.antudigital.cl\/sites\/vc\/wp-content\/uploads\/2024\/01\/IMG_0564-1280x1707.jpg 1280w, https:\/\/dev.antudigital.cl\/sites\/vc\/wp-content\/uploads\/2024\/01\/IMG_0564-980x1307.jpg 980w, https:\/\/dev.antudigital.cl\/sites\/vc\/wp-content\/uploads\/2024\/01\/IMG_0564-480x640.jpg 480w, https:\/\/dev.antudigital.cl\/sites\/vc\/wp-content\/uploads\/2024\/01\/IMG_0564-18x24.jpg 18w, https:\/\/dev.antudigital.cl\/sites\/vc\/wp-content\/uploads\/2024\/01\/IMG_0564-27x36.jpg 27w, https:\/\/dev.antudigital.cl\/sites\/vc\/wp-content\/uploads\/2024\/01\/IMG_0564-36x48.jpg 36w, https:\/\/dev.antudigital.cl\/sites\/vc\/wp-content\/uploads\/2024\/01\/IMG_0564-scaled.jpg 1920w\" sizes=\"(max-width: 768px) 100vw, 768px\" \/><\/figure>\n\n\n\n<p><strong>Cu\u00e9ntanos un poco sobre el proceso qu\u00edmico [es parte del recorrido]<\/strong><\/p>\n\n\n\n<p>-El alambique destilador es donde \u201csucede la magia\u201d, que parte generando vapor en una caldera a le\u00f1a, todo artesanal. A trav\u00e9s de las mangueras se traspasa el vapor a los recipientes donde se destilan las especies. Ac\u00e1 el agua se condensa y cae como agua destilada, hidrolato. Estas \u201cbarricas\u201d son de acero inoxidable, forradas para mantener la temperatura. Es lo que se ocupa desde la antig\u00fcedad y el alambique que tenemos tiene su historia. Esto viene de la tradici\u00f3n de quien invent\u00f3 el ba\u00f1o mar\u00eda. [En esta oportunidad vimos el proceso del cedr\u00f3n, que baja la presi\u00f3n, es para el sistema nervioso y muchas otras propiedades].<\/p>\n\n\n\n<p>El hidrolato es parte de lo que extraemos y tenemos disponible tambi\u00e9n a la venta para diversos usos.<\/p>\n\n\n\n<p>La destilaci\u00f3n es como la cocina, donde cada equipo va viendo qu\u00e9 temperaturas y qu\u00e9 tiempos desean, y tenemos a alguien a cargo, Sandra, quien ve el laboratorio.<\/p>\n\n\n\n<figure class=\"wp-block-image size-large\"><img loading=\"lazy\" decoding=\"async\" width=\"1024\" height=\"768\" src=\"https:\/\/www.valparaisocreativo.cl\/wp-content\/uploads\/2024\/01\/IMG_0605-1024x768.jpg\" alt=\"\" class=\"wp-image-18131\" srcset=\"https:\/\/dev.antudigital.cl\/sites\/vc\/wp-content\/uploads\/2024\/01\/IMG_0605-1024x768.jpg 1024w, https:\/\/dev.antudigital.cl\/sites\/vc\/wp-content\/uploads\/2024\/01\/IMG_0605-300x225.jpg 300w, https:\/\/dev.antudigital.cl\/sites\/vc\/wp-content\/uploads\/2024\/01\/IMG_0605-768x576.jpg 768w, https:\/\/dev.antudigital.cl\/sites\/vc\/wp-content\/uploads\/2024\/01\/IMG_0605-1536x1152.jpg 1536w, https:\/\/dev.antudigital.cl\/sites\/vc\/wp-content\/uploads\/2024\/01\/IMG_0605-2048x1536.jpg 2048w, https:\/\/dev.antudigital.cl\/sites\/vc\/wp-content\/uploads\/2024\/01\/IMG_0605-510x382.jpg 510w, https:\/\/dev.antudigital.cl\/sites\/vc\/wp-content\/uploads\/2024\/01\/IMG_0605-1080x810.jpg 1080w, https:\/\/dev.antudigital.cl\/sites\/vc\/wp-content\/uploads\/2024\/01\/IMG_0605-1280x960.jpg 1280w, https:\/\/dev.antudigital.cl\/sites\/vc\/wp-content\/uploads\/2024\/01\/IMG_0605-980x735.jpg 980w, https:\/\/dev.antudigital.cl\/sites\/vc\/wp-content\/uploads\/2024\/01\/IMG_0605-480x360.jpg 480w, https:\/\/dev.antudigital.cl\/sites\/vc\/wp-content\/uploads\/2024\/01\/IMG_0605-24x18.jpg 24w, https:\/\/dev.antudigital.cl\/sites\/vc\/wp-content\/uploads\/2024\/01\/IMG_0605-36x27.jpg 36w, https:\/\/dev.antudigital.cl\/sites\/vc\/wp-content\/uploads\/2024\/01\/IMG_0605-48x36.jpg 48w\" sizes=\"(max-width: 1024px) 100vw, 1024px\" \/><\/figure>\n\n\n\n<p><strong>\u00bfAdem\u00e1s se articulan con otros actores y son como un eje activo o no?<\/strong><\/p>\n\n\n\n<p>-Somos como uno de los centros de actividad del sector, mucha gente adem\u00e1s se ha venido a vivir a Limache y Olmu\u00e9 y eso es interesante, mucha gente vinculada a lo creativo y a las artes en general.<\/p>\n\n\n\n<p>Si quieres conocer m\u00e1s, s\u00edguelos y escribe a <a href=\"http:\/\/instagram.com\/granjaaromatica\">@granjaaromatica<\/a><\/p>\n","protected":false},"excerpt":{"rendered":"<p>Tuvimos la oportunidad, como programa junto a nuestro Comit\u00e9 Ejecutivo, de conocer la Granja Arom\u00e1tica, un proyecto en torno a las plantas y sus propiedades en aceites esenciales y otros extractos que benefician a la salud. Estuvimos en sus dependencias teniendo nuestra reuni\u00f3n, y pudimos recorrer sus predios y lugar de destilaci\u00f3n, donde preparan todos [&hellip;]<\/p>\n","protected":false},"author":1,"featured_media":18120,"comment_status":"closed","ping_status":"closed","sticky":false,"template":"","format":"standard","meta":{"_acf_changed":false,"footnotes":""},"categories":[218],"tags":[],"class_list":["post-18119","post","type-post","status-publish","format-standard","has-post-thumbnail","hentry","category-blog"],"acf":[],"yoast_head":"<!-- This site is optimized with the Yoast SEO plugin v27.1.1 - https:\/\/yoast.com\/product\/yoast-seo-wordpress\/ -->\n<title>Rodeados de plantas y est\u00edmulos: visita a la Granja Arom\u00e1tica - Valpara\u00ed\u00adso Creativo<\/title>\n<meta name=\"robots\" content=\"index, follow, max-snippet:-1, max-image-preview:large, max-video-preview:-1\" \/>\n<link rel=\"canonical\" href=\"https:\/\/dev.antudigital.cl\/sites\/vc\/rodeados-de-plantas-y-estimulos-visita-a-la-granja-aromatica\/\" \/>\n<meta property=\"og:locale\" content=\"es_ES\" \/>\n<meta property=\"og:type\" content=\"article\" \/>\n<meta property=\"og:title\" content=\"Rodeados de plantas y est\u00edmulos: visita a la Granja Arom\u00e1tica - Valpara\u00ed\u00adso Creativo\" \/>\n<meta property=\"og:description\" content=\"Tuvimos la oportunidad, como programa junto a nuestro Comit\u00e9 Ejecutivo, de conocer la Granja Arom\u00e1tica, un proyecto en torno a las plantas y sus propiedades en aceites esenciales y otros extractos que benefician a la salud. Estuvimos en sus dependencias teniendo nuestra reuni\u00f3n, y pudimos recorrer sus predios y lugar de destilaci\u00f3n, donde preparan todos [&hellip;]\" \/>\n<meta property=\"og:url\" content=\"https:\/\/dev.antudigital.cl\/sites\/vc\/rodeados-de-plantas-y-estimulos-visita-a-la-granja-aromatica\/\" \/>\n<meta property=\"og:site_name\" content=\"Valpara\u00ed\u00adso Creativo\" \/>\n<meta property=\"article:published_time\" content=\"2024-01-08T23:17:56+00:00\" \/>\n<meta property=\"article:modified_time\" content=\"2024-01-08T23:24:50+00:00\" \/>\n<meta property=\"og:image\" content=\"https:\/\/dev.antudigital.cl\/sites\/vc\/wp-content\/uploads\/2024\/01\/IMG_0556-scaled.jpg\" \/>\n\t<meta property=\"og:image:width\" content=\"2560\" \/>\n\t<meta property=\"og:image:height\" content=\"1920\" \/>\n\t<meta property=\"og:image:type\" content=\"image\/jpeg\" \/>\n<meta name=\"author\" content=\"Valpara\u00edso Creativo\" \/>\n<meta name=\"twitter:card\" content=\"summary_large_image\" \/>\n<meta name=\"twitter:label1\" content=\"Escrito por\" \/>\n\t<meta name=\"twitter:data1\" content=\"Valpara\u00edso Creativo\" \/>\n\t<meta name=\"twitter:label2\" content=\"Tiempo de lectura\" \/>\n\t<meta name=\"twitter:data2\" content=\"6 minutos\" \/>\n<script type=\"application\/ld+json\" class=\"yoast-schema-graph\">{\"@context\":\"https:\/\/schema.org\",\"@graph\":[{\"@type\":\"Article\",\"@id\":\"https:\/\/dev.antudigital.cl\/sites\/vc\/rodeados-de-plantas-y-estimulos-visita-a-la-granja-aromatica\/#article\",\"isPartOf\":{\"@id\":\"https:\/\/dev.antudigital.cl\/sites\/vc\/rodeados-de-plantas-y-estimulos-visita-a-la-granja-aromatica\/\"},\"author\":{\"name\":\"Valpara\u00edso Creativo\",\"@id\":\"https:\/\/dev.antudigital.cl\/sites\/vc\/#\/schema\/person\/c2b9da8dd545e27166fc5ab232837318\"},\"headline\":\"Rodeados de plantas y est\u00edmulos: visita a la Granja Arom\u00e1tica\",\"datePublished\":\"2024-01-08T23:17:56+00:00\",\"dateModified\":\"2024-01-08T23:24:50+00:00\",\"mainEntityOfPage\":{\"@id\":\"https:\/\/dev.antudigital.cl\/sites\/vc\/rodeados-de-plantas-y-estimulos-visita-a-la-granja-aromatica\/\"},\"wordCount\":973,\"image\":{\"@id\":\"https:\/\/dev.antudigital.cl\/sites\/vc\/rodeados-de-plantas-y-estimulos-visita-a-la-granja-aromatica\/#primaryimage\"},\"thumbnailUrl\":\"https:\/\/dev.antudigital.cl\/sites\/vc\/wp-content\/uploads\/2024\/01\/IMG_0556-scaled.jpg\",\"articleSection\":[\"Blog\"],\"inLanguage\":\"es\"},{\"@type\":\"WebPage\",\"@id\":\"https:\/\/dev.antudigital.cl\/sites\/vc\/rodeados-de-plantas-y-estimulos-visita-a-la-granja-aromatica\/\",\"url\":\"https:\/\/dev.antudigital.cl\/sites\/vc\/rodeados-de-plantas-y-estimulos-visita-a-la-granja-aromatica\/\",\"name\":\"Rodeados de plantas y est\u00edmulos: visita a la Granja Arom\u00e1tica - Valpara\u00ed\u00adso Creativo\",\"isPartOf\":{\"@id\":\"https:\/\/dev.antudigital.cl\/sites\/vc\/#website\"},\"primaryImageOfPage\":{\"@id\":\"https:\/\/dev.antudigital.cl\/sites\/vc\/rodeados-de-plantas-y-estimulos-visita-a-la-granja-aromatica\/#primaryimage\"},\"image\":{\"@id\":\"https:\/\/dev.antudigital.cl\/sites\/vc\/rodeados-de-plantas-y-estimulos-visita-a-la-granja-aromatica\/#primaryimage\"},\"thumbnailUrl\":\"https:\/\/dev.antudigital.cl\/sites\/vc\/wp-content\/uploads\/2024\/01\/IMG_0556-scaled.jpg\",\"datePublished\":\"2024-01-08T23:17:56+00:00\",\"dateModified\":\"2024-01-08T23:24:50+00:00\",\"author\":{\"@id\":\"https:\/\/dev.antudigital.cl\/sites\/vc\/#\/schema\/person\/c2b9da8dd545e27166fc5ab232837318\"},\"breadcrumb\":{\"@id\":\"https:\/\/dev.antudigital.cl\/sites\/vc\/rodeados-de-plantas-y-estimulos-visita-a-la-granja-aromatica\/#breadcrumb\"},\"inLanguage\":\"es\",\"potentialAction\":[{\"@type\":\"ReadAction\",\"target\":[\"https:\/\/dev.antudigital.cl\/sites\/vc\/rodeados-de-plantas-y-estimulos-visita-a-la-granja-aromatica\/\"]}]},{\"@type\":\"ImageObject\",\"inLanguage\":\"es\",\"@id\":\"https:\/\/dev.antudigital.cl\/sites\/vc\/rodeados-de-plantas-y-estimulos-visita-a-la-granja-aromatica\/#primaryimage\",\"url\":\"https:\/\/dev.antudigital.cl\/sites\/vc\/wp-content\/uploads\/2024\/01\/IMG_0556-scaled.jpg\",\"contentUrl\":\"https:\/\/dev.antudigital.cl\/sites\/vc\/wp-content\/uploads\/2024\/01\/IMG_0556-scaled.jpg\",\"width\":2560,\"height\":1920},{\"@type\":\"BreadcrumbList\",\"@id\":\"https:\/\/dev.antudigital.cl\/sites\/vc\/rodeados-de-plantas-y-estimulos-visita-a-la-granja-aromatica\/#breadcrumb\",\"itemListElement\":[{\"@type\":\"ListItem\",\"position\":1,\"name\":\"Home\",\"item\":\"https:\/\/dev.antudigital.cl\/sites\/vc\/\"},{\"@type\":\"ListItem\",\"position\":2,\"name\":\"Rodeados de plantas y est\u00edmulos: visita a la Granja Arom\u00e1tica\"}]},{\"@type\":\"WebSite\",\"@id\":\"https:\/\/dev.antudigital.cl\/sites\/vc\/#website\",\"url\":\"https:\/\/dev.antudigital.cl\/sites\/vc\/\",\"name\":\"Valpara\u00ed\u00adso Creativo\",\"description\":\"\",\"potentialAction\":[{\"@type\":\"SearchAction\",\"target\":{\"@type\":\"EntryPoint\",\"urlTemplate\":\"https:\/\/dev.antudigital.cl\/sites\/vc\/?s={search_term_string}\"},\"query-input\":{\"@type\":\"PropertyValueSpecification\",\"valueRequired\":true,\"valueName\":\"search_term_string\"}}],\"inLanguage\":\"es\"},{\"@type\":\"Person\",\"@id\":\"https:\/\/dev.antudigital.cl\/sites\/vc\/#\/schema\/person\/c2b9da8dd545e27166fc5ab232837318\",\"name\":\"Valpara\u00edso Creativo\",\"description\":\"Periodista de cultura en la Regi\u00f3n de Valpara\u00edso.\",\"url\":\"https:\/\/dev.antudigital.cl\/sites\/vc\/author\/valpoadmin\/\"}]}<\/script>\n<!-- \/ Yoast SEO plugin. -->","yoast_head_json":{"title":"Rodeados de plantas y est\u00edmulos: visita a la Granja Arom\u00e1tica - Valpara\u00ed\u00adso Creativo","robots":{"index":"index","follow":"follow","max-snippet":"max-snippet:-1","max-image-preview":"max-image-preview:large","max-video-preview":"max-video-preview:-1"},"canonical":"https:\/\/dev.antudigital.cl\/sites\/vc\/rodeados-de-plantas-y-estimulos-visita-a-la-granja-aromatica\/","og_locale":"es_ES","og_type":"article","og_title":"Rodeados de plantas y est\u00edmulos: visita a la Granja Arom\u00e1tica - Valpara\u00ed\u00adso Creativo","og_description":"Tuvimos la oportunidad, como programa junto a nuestro Comit\u00e9 Ejecutivo, de conocer la Granja Arom\u00e1tica, un proyecto en torno a las plantas y sus propiedades en aceites esenciales y otros extractos que benefician a la salud. Estuvimos en sus dependencias teniendo nuestra reuni\u00f3n, y pudimos recorrer sus predios y lugar de destilaci\u00f3n, donde preparan todos [&hellip;]","og_url":"https:\/\/dev.antudigital.cl\/sites\/vc\/rodeados-de-plantas-y-estimulos-visita-a-la-granja-aromatica\/","og_site_name":"Valpara\u00ed\u00adso Creativo","article_published_time":"2024-01-08T23:17:56+00:00","article_modified_time":"2024-01-08T23:24:50+00:00","og_image":[{"width":2560,"height":1920,"url":"https:\/\/dev.antudigital.cl\/sites\/vc\/wp-content\/uploads\/2024\/01\/IMG_0556-scaled.jpg","type":"image\/jpeg"}],"author":"Valpara\u00edso Creativo","twitter_card":"summary_large_image","twitter_misc":{"Escrito por":"Valpara\u00edso Creativo","Tiempo de lectura":"6 minutos"},"schema":{"@context":"https:\/\/schema.org","@graph":[{"@type":"Article","@id":"https:\/\/dev.antudigital.cl\/sites\/vc\/rodeados-de-plantas-y-estimulos-visita-a-la-granja-aromatica\/#article","isPartOf":{"@id":"https:\/\/dev.antudigital.cl\/sites\/vc\/rodeados-de-plantas-y-estimulos-visita-a-la-granja-aromatica\/"},"author":{"name":"Valpara\u00edso Creativo","@id":"https:\/\/dev.antudigital.cl\/sites\/vc\/#\/schema\/person\/c2b9da8dd545e27166fc5ab232837318"},"headline":"Rodeados de plantas y est\u00edmulos: visita a la Granja Arom\u00e1tica","datePublished":"2024-01-08T23:17:56+00:00","dateModified":"2024-01-08T23:24:50+00:00","mainEntityOfPage":{"@id":"https:\/\/dev.antudigital.cl\/sites\/vc\/rodeados-de-plantas-y-estimulos-visita-a-la-granja-aromatica\/"},"wordCount":973,"image":{"@id":"https:\/\/dev.antudigital.cl\/sites\/vc\/rodeados-de-plantas-y-estimulos-visita-a-la-granja-aromatica\/#primaryimage"},"thumbnailUrl":"https:\/\/dev.antudigital.cl\/sites\/vc\/wp-content\/uploads\/2024\/01\/IMG_0556-scaled.jpg","articleSection":["Blog"],"inLanguage":"es"},{"@type":"WebPage","@id":"https:\/\/dev.antudigital.cl\/sites\/vc\/rodeados-de-plantas-y-estimulos-visita-a-la-granja-aromatica\/","url":"https:\/\/dev.antudigital.cl\/sites\/vc\/rodeados-de-plantas-y-estimulos-visita-a-la-granja-aromatica\/","name":"Rodeados de plantas y est\u00edmulos: visita a la Granja Arom\u00e1tica - Valpara\u00ed\u00adso Creativo","isPartOf":{"@id":"https:\/\/dev.antudigital.cl\/sites\/vc\/#website"},"primaryImageOfPage":{"@id":"https:\/\/dev.antudigital.cl\/sites\/vc\/rodeados-de-plantas-y-estimulos-visita-a-la-granja-aromatica\/#primaryimage"},"image":{"@id":"https:\/\/dev.antudigital.cl\/sites\/vc\/rodeados-de-plantas-y-estimulos-visita-a-la-granja-aromatica\/#primaryimage"},"thumbnailUrl":"https:\/\/dev.antudigital.cl\/sites\/vc\/wp-content\/uploads\/2024\/01\/IMG_0556-scaled.jpg","datePublished":"2024-01-08T23:17:56+00:00","dateModified":"2024-01-08T23:24:50+00:00","author":{"@id":"https:\/\/dev.antudigital.cl\/sites\/vc\/#\/schema\/person\/c2b9da8dd545e27166fc5ab232837318"},"breadcrumb":{"@id":"https:\/\/dev.antudigital.cl\/sites\/vc\/rodeados-de-plantas-y-estimulos-visita-a-la-granja-aromatica\/#breadcrumb"},"inLanguage":"es","potentialAction":[{"@type":"ReadAction","target":["https:\/\/dev.antudigital.cl\/sites\/vc\/rodeados-de-plantas-y-estimulos-visita-a-la-granja-aromatica\/"]}]},{"@type":"ImageObject","inLanguage":"es","@id":"https:\/\/dev.antudigital.cl\/sites\/vc\/rodeados-de-plantas-y-estimulos-visita-a-la-granja-aromatica\/#primaryimage","url":"https:\/\/dev.antudigital.cl\/sites\/vc\/wp-content\/uploads\/2024\/01\/IMG_0556-scaled.jpg","contentUrl":"https:\/\/dev.antudigital.cl\/sites\/vc\/wp-content\/uploads\/2024\/01\/IMG_0556-scaled.jpg","width":2560,"height":1920},{"@type":"BreadcrumbList","@id":"https:\/\/dev.antudigital.cl\/sites\/vc\/rodeados-de-plantas-y-estimulos-visita-a-la-granja-aromatica\/#breadcrumb","itemListElement":[{"@type":"ListItem","position":1,"name":"Home","item":"https:\/\/dev.antudigital.cl\/sites\/vc\/"},{"@type":"ListItem","position":2,"name":"Rodeados de plantas y est\u00edmulos: visita a la Granja Arom\u00e1tica"}]},{"@type":"WebSite","@id":"https:\/\/dev.antudigital.cl\/sites\/vc\/#website","url":"https:\/\/dev.antudigital.cl\/sites\/vc\/","name":"Valpara\u00ed\u00adso Creativo","description":"","potentialAction":[{"@type":"SearchAction","target":{"@type":"EntryPoint","urlTemplate":"https:\/\/dev.antudigital.cl\/sites\/vc\/?s={search_term_string}"},"query-input":{"@type":"PropertyValueSpecification","valueRequired":true,"valueName":"search_term_string"}}],"inLanguage":"es"},{"@type":"Person","@id":"https:\/\/dev.antudigital.cl\/sites\/vc\/#\/schema\/person\/c2b9da8dd545e27166fc5ab232837318","name":"Valpara\u00edso Creativo","description":"Periodista de cultura en la Regi\u00f3n de Valpara\u00edso.","url":"https:\/\/dev.antudigital.cl\/sites\/vc\/author\/valpoadmin\/"}]}},"_links":{"self":[{"href":"https:\/\/dev.antudigital.cl\/sites\/vc\/wp-json\/wp\/v2\/posts\/18119","targetHints":{"allow":["GET"]}}],"collection":[{"href":"https:\/\/dev.antudigital.cl\/sites\/vc\/wp-json\/wp\/v2\/posts"}],"about":[{"href":"https:\/\/dev.antudigital.cl\/sites\/vc\/wp-json\/wp\/v2\/types\/post"}],"author":[{"embeddable":true,"href":"https:\/\/dev.antudigital.cl\/sites\/vc\/wp-json\/wp\/v2\/users\/1"}],"replies":[{"embeddable":true,"href":"https:\/\/dev.antudigital.cl\/sites\/vc\/wp-json\/wp\/v2\/comments?post=18119"}],"version-history":[{"count":2,"href":"https:\/\/dev.antudigital.cl\/sites\/vc\/wp-json\/wp\/v2\/posts\/18119\/revisions"}],"predecessor-version":[{"id":18134,"href":"https:\/\/dev.antudigital.cl\/sites\/vc\/wp-json\/wp\/v2\/posts\/18119\/revisions\/18134"}],"wp:featuredmedia":[{"embeddable":true,"href":"https:\/\/dev.antudigital.cl\/sites\/vc\/wp-json\/wp\/v2\/media\/18120"}],"wp:attachment":[{"href":"https:\/\/dev.antudigital.cl\/sites\/vc\/wp-json\/wp\/v2\/media?parent=18119"}],"wp:term":[{"taxonomy":"category","embeddable":true,"href":"https:\/\/dev.antudigital.cl\/sites\/vc\/wp-json\/wp\/v2\/categories?post=18119"},{"taxonomy":"post_tag","embeddable":true,"href":"https:\/\/dev.antudigital.cl\/sites\/vc\/wp-json\/wp\/v2\/tags?post=18119"}],"curies":[{"name":"wp","href":"https:\/\/api.w.org\/{rel}","templated":true}]}}