{"id":18142,"date":"2024-01-15T11:24:18","date_gmt":"2024-01-15T11:24:18","guid":{"rendered":"https:\/\/www.valparaisocreativo.cl\/?p=18142"},"modified":"2024-01-15T11:24:23","modified_gmt":"2024-01-15T11:24:23","slug":"de-musica-y-su-inspiracion-entrevista-a-manuel-garcia","status":"publish","type":"post","link":"https:\/\/dev.antudigital.cl\/sites\/vc\/de-musica-y-su-inspiracion-entrevista-a-manuel-garcia\/","title":{"rendered":"De m\u00fasica y su inspiraci\u00f3n: entrevista a Manuel Garc\u00eda"},"content":{"rendered":"\n<p>Conversamos con Manuel Garc\u00eda en torno a su \u00faltima presentaci\u00f3n en Valpara\u00edso a comienzos de enero (gracias a Uvas Chile), hablamos sobre en qu\u00e9 se encuentra hoy con la m\u00fasica y el quehacer del compositor. Te invitamos a leer:<\/p>\n\n\n\n<p><strong>El a\u00f1o pasado tambi\u00e9n pasaste por el Teatro Municipal de Valpara\u00edso, \u00bfc\u00f3mo se diferencia esta gira de la anterior? Ahora est\u00e1s con tu banda<\/strong><\/p>\n\n\n\n<p>-Son conciertos muy distintos, aunque en ambos conservamos algunas de las canciones que el p\u00fablico siempre quiere cantar y tocamos. Este fue un concierto m\u00e1s electropop en torno al disco Acuario, entonces el concierto contiene m\u00e1s instrumentos. Acuario cumpli\u00f3 10 a\u00f1os hace poquito ya, es dif\u00edcil dejar de tocarlo y est\u00e1 bueno hacer un cambio de sonido y de onda para el p\u00fablico de ese mismo material.<\/p>\n\n\n\n<p><strong>\u00bfQu\u00e9 piensas t\u00fa de tocar en regiones, tocar, en este caso, en Valpara\u00edso?<\/strong><\/p>\n\n\n\n<p>-La provincia tiene mucha riqueza social y cultural, la provincia es de donde venimos todos. Siempre est\u00e1 llena de magia y conversaci\u00f3n, sabidur\u00eda popular, y de eso intento estar a la altura y refrendar ese cari\u00f1o. Emociona esa posibilidad, de ser m\u00e1s humana [la provincia] por sus tiempos y convivencias y el deseo y el anhelo a nivel art\u00edstico. Como buenos provincianos, reciben bien al visitante. Uno se siente muy bien recibido con cari\u00f1o y calor y es la emoci\u00f3n con la que finalmente tocaremos.\u00a0<\/p>\n\n\n\n<p><strong>\u00bfEn qu\u00e9 proceso creativo te encuentras ahora? \u00bfComponiendo o solo de gira, c\u00f3mo funcionas?<\/strong><\/p>\n\n\n\n<p>-Estoy constantemente haciendo las dos cosas: componiendo, escribiendo, tocando, haciendo m\u00fasica nueva. Con la pianista Carmen Paz Kuki Gonzalez, estamos haciendo un disco que estamos grabando en Cuba, el cual debiera aparecer este 2024. Estamos muy ilusionados con ese material. Adem\u00e1s siempre estoy registrando temas a guitarra limpia a ver si se completa un disco o si hay canciones que sirven para otras cosas, yo registro en la medida del tiempo que tengo a disponibilidad.\u00a0<\/p>\n\n\n\n<p><strong>\u00bfQu\u00e9 aconsejar\u00edas a un joven m\u00fasico o m\u00fasica?<\/strong><\/p>\n\n\n\n<p>-Pensar siempre que la m\u00fasica es parte de la tradici\u00f3n oral y tiene que ver con la sabidur\u00eda popular. Desde lo que me dijo mi abuela, hasta un decir ingenioso, lo que sea. La m\u00fasica se tiene que enriquecer de ese lenguaje que es no solo docto, el arte de la canci\u00f3n se puede hacer desde el quehacer m\u00e1s acad\u00e9mico, pero las voces no est\u00e1n todas en los libros y ah\u00ed hay un material super importante, donde hay que conectar b\u00e1sicamente con la gente a trav\u00e9s de la observaci\u00f3n del mundo.<\/p>\n\n\n\n<p><strong>\u00bfCu\u00e1l fue el 1er disco que escuchaste?<\/strong>-Mi pap\u00e1 llevaba muchos vinilos a la casa cuando era ni\u00f1o. Tengo recuerdos de escuchar m\u00fasica cl\u00e1sica, Ennio Morricone con su m\u00fasica de <em>western<\/em> cuando era ni\u00f1o. Viajando mentalmente en el tiempo, recuerdo que hay un disco bien curioso que de ni\u00f1o no lo dejaba de escuchar, del int\u00e9rprete Buddy Miles y el single se llama <em>Them Changes.<\/em> Me impresion\u00f3 much\u00edsimo de peque\u00f1o. Y el otro que puedo mencionar con el que alucinaba yo, se llama <em>Wild Flowers<\/em> de Judy Collins, una artista folk. Creo que ambos han influenciado mi m\u00fasica.<\/p>\n","protected":false},"excerpt":{"rendered":"<p>Conversamos con Manuel Garc\u00eda en torno a su \u00faltima presentaci\u00f3n en Valpara\u00edso a comienzos de enero (gracias a Uvas Chile), hablamos sobre en qu\u00e9 se encuentra hoy con la m\u00fasica y el quehacer del compositor. Te invitamos a leer: El a\u00f1o pasado tambi\u00e9n pasaste por el Teatro Municipal de Valpara\u00edso, \u00bfc\u00f3mo se diferencia esta gira [&hellip;]<\/p>\n","protected":false},"author":1,"featured_media":18143,"comment_status":"closed","ping_status":"closed","sticky":false,"template":"","format":"standard","meta":{"_acf_changed":false,"footnotes":""},"categories":[218],"tags":[],"class_list":["post-18142","post","type-post","status-publish","format-standard","has-post-thumbnail","hentry","category-blog"],"acf":[],"yoast_head":"<!-- This site is optimized with the Yoast SEO plugin v27.1.1 - https:\/\/yoast.com\/product\/yoast-seo-wordpress\/ -->\n<title>De m\u00fasica y su inspiraci\u00f3n: entrevista a Manuel Garc\u00eda - Valpara\u00ed\u00adso Creativo<\/title>\n<meta name=\"robots\" content=\"index, follow, max-snippet:-1, max-image-preview:large, max-video-preview:-1\" \/>\n<link rel=\"canonical\" href=\"https:\/\/dev.antudigital.cl\/sites\/vc\/de-musica-y-su-inspiracion-entrevista-a-manuel-garcia\/\" \/>\n<meta property=\"og:locale\" content=\"es_ES\" \/>\n<meta property=\"og:type\" content=\"article\" \/>\n<meta property=\"og:title\" content=\"De m\u00fasica y su inspiraci\u00f3n: entrevista a Manuel Garc\u00eda - Valpara\u00ed\u00adso Creativo\" \/>\n<meta property=\"og:description\" content=\"Conversamos con Manuel Garc\u00eda en torno a su \u00faltima presentaci\u00f3n en Valpara\u00edso a comienzos de enero (gracias a Uvas Chile), hablamos sobre en qu\u00e9 se encuentra hoy con la m\u00fasica y el quehacer del compositor. Te invitamos a leer: El a\u00f1o pasado tambi\u00e9n pasaste por el Teatro Municipal de Valpara\u00edso, \u00bfc\u00f3mo se diferencia esta gira [&hellip;]\" \/>\n<meta property=\"og:url\" content=\"https:\/\/dev.antudigital.cl\/sites\/vc\/de-musica-y-su-inspiracion-entrevista-a-manuel-garcia\/\" \/>\n<meta property=\"og:site_name\" content=\"Valpara\u00ed\u00adso Creativo\" \/>\n<meta property=\"article:published_time\" content=\"2024-01-15T11:24:18+00:00\" \/>\n<meta property=\"article:modified_time\" content=\"2024-01-15T11:24:23+00:00\" \/>\n<meta property=\"og:image\" content=\"https:\/\/dev.antudigital.cl\/sites\/vc\/wp-content\/uploads\/2024\/01\/Manuel-Garcia.jpeg\" \/>\n\t<meta property=\"og:image:width\" content=\"1023\" \/>\n\t<meta property=\"og:image:height\" content=\"682\" \/>\n\t<meta property=\"og:image:type\" content=\"image\/jpeg\" \/>\n<meta name=\"author\" content=\"Valpara\u00edso Creativo\" \/>\n<meta name=\"twitter:card\" content=\"summary_large_image\" \/>\n<meta name=\"twitter:label1\" content=\"Escrito por\" \/>\n\t<meta name=\"twitter:data1\" content=\"Valpara\u00edso Creativo\" \/>\n\t<meta name=\"twitter:label2\" content=\"Tiempo de lectura\" \/>\n\t<meta name=\"twitter:data2\" content=\"3 minutos\" \/>\n<script type=\"application\/ld+json\" class=\"yoast-schema-graph\">{\"@context\":\"https:\/\/schema.org\",\"@graph\":[{\"@type\":\"Article\",\"@id\":\"https:\/\/dev.antudigital.cl\/sites\/vc\/de-musica-y-su-inspiracion-entrevista-a-manuel-garcia\/#article\",\"isPartOf\":{\"@id\":\"https:\/\/dev.antudigital.cl\/sites\/vc\/de-musica-y-su-inspiracion-entrevista-a-manuel-garcia\/\"},\"author\":{\"name\":\"Valpara\u00edso Creativo\",\"@id\":\"https:\/\/dev.antudigital.cl\/sites\/vc\/#\/schema\/person\/c2b9da8dd545e27166fc5ab232837318\"},\"headline\":\"De m\u00fasica y su inspiraci\u00f3n: entrevista a Manuel Garc\u00eda\",\"datePublished\":\"2024-01-15T11:24:18+00:00\",\"dateModified\":\"2024-01-15T11:24:23+00:00\",\"mainEntityOfPage\":{\"@id\":\"https:\/\/dev.antudigital.cl\/sites\/vc\/de-musica-y-su-inspiracion-entrevista-a-manuel-garcia\/\"},\"wordCount\":575,\"image\":{\"@id\":\"https:\/\/dev.antudigital.cl\/sites\/vc\/de-musica-y-su-inspiracion-entrevista-a-manuel-garcia\/#primaryimage\"},\"thumbnailUrl\":\"https:\/\/dev.antudigital.cl\/sites\/vc\/wp-content\/uploads\/2024\/01\/Manuel-Garcia.jpeg\",\"articleSection\":[\"Blog\"],\"inLanguage\":\"es\"},{\"@type\":\"WebPage\",\"@id\":\"https:\/\/dev.antudigital.cl\/sites\/vc\/de-musica-y-su-inspiracion-entrevista-a-manuel-garcia\/\",\"url\":\"https:\/\/dev.antudigital.cl\/sites\/vc\/de-musica-y-su-inspiracion-entrevista-a-manuel-garcia\/\",\"name\":\"De m\u00fasica y su inspiraci\u00f3n: entrevista a Manuel Garc\u00eda - Valpara\u00ed\u00adso Creativo\",\"isPartOf\":{\"@id\":\"https:\/\/dev.antudigital.cl\/sites\/vc\/#website\"},\"primaryImageOfPage\":{\"@id\":\"https:\/\/dev.antudigital.cl\/sites\/vc\/de-musica-y-su-inspiracion-entrevista-a-manuel-garcia\/#primaryimage\"},\"image\":{\"@id\":\"https:\/\/dev.antudigital.cl\/sites\/vc\/de-musica-y-su-inspiracion-entrevista-a-manuel-garcia\/#primaryimage\"},\"thumbnailUrl\":\"https:\/\/dev.antudigital.cl\/sites\/vc\/wp-content\/uploads\/2024\/01\/Manuel-Garcia.jpeg\",\"datePublished\":\"2024-01-15T11:24:18+00:00\",\"dateModified\":\"2024-01-15T11:24:23+00:00\",\"author\":{\"@id\":\"https:\/\/dev.antudigital.cl\/sites\/vc\/#\/schema\/person\/c2b9da8dd545e27166fc5ab232837318\"},\"breadcrumb\":{\"@id\":\"https:\/\/dev.antudigital.cl\/sites\/vc\/de-musica-y-su-inspiracion-entrevista-a-manuel-garcia\/#breadcrumb\"},\"inLanguage\":\"es\",\"potentialAction\":[{\"@type\":\"ReadAction\",\"target\":[\"https:\/\/dev.antudigital.cl\/sites\/vc\/de-musica-y-su-inspiracion-entrevista-a-manuel-garcia\/\"]}]},{\"@type\":\"ImageObject\",\"inLanguage\":\"es\",\"@id\":\"https:\/\/dev.antudigital.cl\/sites\/vc\/de-musica-y-su-inspiracion-entrevista-a-manuel-garcia\/#primaryimage\",\"url\":\"https:\/\/dev.antudigital.cl\/sites\/vc\/wp-content\/uploads\/2024\/01\/Manuel-Garcia.jpeg\",\"contentUrl\":\"https:\/\/dev.antudigital.cl\/sites\/vc\/wp-content\/uploads\/2024\/01\/Manuel-Garcia.jpeg\",\"width\":1023,\"height\":682},{\"@type\":\"BreadcrumbList\",\"@id\":\"https:\/\/dev.antudigital.cl\/sites\/vc\/de-musica-y-su-inspiracion-entrevista-a-manuel-garcia\/#breadcrumb\",\"itemListElement\":[{\"@type\":\"ListItem\",\"position\":1,\"name\":\"Home\",\"item\":\"https:\/\/dev.antudigital.cl\/sites\/vc\/\"},{\"@type\":\"ListItem\",\"position\":2,\"name\":\"De m\u00fasica y su inspiraci\u00f3n: entrevista a Manuel Garc\u00eda\"}]},{\"@type\":\"WebSite\",\"@id\":\"https:\/\/dev.antudigital.cl\/sites\/vc\/#website\",\"url\":\"https:\/\/dev.antudigital.cl\/sites\/vc\/\",\"name\":\"Valpara\u00ed\u00adso Creativo\",\"description\":\"\",\"potentialAction\":[{\"@type\":\"SearchAction\",\"target\":{\"@type\":\"EntryPoint\",\"urlTemplate\":\"https:\/\/dev.antudigital.cl\/sites\/vc\/?s={search_term_string}\"},\"query-input\":{\"@type\":\"PropertyValueSpecification\",\"valueRequired\":true,\"valueName\":\"search_term_string\"}}],\"inLanguage\":\"es\"},{\"@type\":\"Person\",\"@id\":\"https:\/\/dev.antudigital.cl\/sites\/vc\/#\/schema\/person\/c2b9da8dd545e27166fc5ab232837318\",\"name\":\"Valpara\u00edso Creativo\",\"description\":\"Periodista de cultura en la Regi\u00f3n de Valpara\u00edso.\",\"url\":\"https:\/\/dev.antudigital.cl\/sites\/vc\/author\/valpoadmin\/\"}]}<\/script>\n<!-- \/ Yoast SEO plugin. -->","yoast_head_json":{"title":"De m\u00fasica y su inspiraci\u00f3n: entrevista a Manuel Garc\u00eda - Valpara\u00ed\u00adso Creativo","robots":{"index":"index","follow":"follow","max-snippet":"max-snippet:-1","max-image-preview":"max-image-preview:large","max-video-preview":"max-video-preview:-1"},"canonical":"https:\/\/dev.antudigital.cl\/sites\/vc\/de-musica-y-su-inspiracion-entrevista-a-manuel-garcia\/","og_locale":"es_ES","og_type":"article","og_title":"De m\u00fasica y su inspiraci\u00f3n: entrevista a Manuel Garc\u00eda - Valpara\u00ed\u00adso Creativo","og_description":"Conversamos con Manuel Garc\u00eda en torno a su \u00faltima presentaci\u00f3n en Valpara\u00edso a comienzos de enero (gracias a Uvas Chile), hablamos sobre en qu\u00e9 se encuentra hoy con la m\u00fasica y el quehacer del compositor. Te invitamos a leer: El a\u00f1o pasado tambi\u00e9n pasaste por el Teatro Municipal de Valpara\u00edso, \u00bfc\u00f3mo se diferencia esta gira [&hellip;]","og_url":"https:\/\/dev.antudigital.cl\/sites\/vc\/de-musica-y-su-inspiracion-entrevista-a-manuel-garcia\/","og_site_name":"Valpara\u00ed\u00adso Creativo","article_published_time":"2024-01-15T11:24:18+00:00","article_modified_time":"2024-01-15T11:24:23+00:00","og_image":[{"width":1023,"height":682,"url":"https:\/\/dev.antudigital.cl\/sites\/vc\/wp-content\/uploads\/2024\/01\/Manuel-Garcia.jpeg","type":"image\/jpeg"}],"author":"Valpara\u00edso Creativo","twitter_card":"summary_large_image","twitter_misc":{"Escrito por":"Valpara\u00edso Creativo","Tiempo de lectura":"3 minutos"},"schema":{"@context":"https:\/\/schema.org","@graph":[{"@type":"Article","@id":"https:\/\/dev.antudigital.cl\/sites\/vc\/de-musica-y-su-inspiracion-entrevista-a-manuel-garcia\/#article","isPartOf":{"@id":"https:\/\/dev.antudigital.cl\/sites\/vc\/de-musica-y-su-inspiracion-entrevista-a-manuel-garcia\/"},"author":{"name":"Valpara\u00edso Creativo","@id":"https:\/\/dev.antudigital.cl\/sites\/vc\/#\/schema\/person\/c2b9da8dd545e27166fc5ab232837318"},"headline":"De m\u00fasica y su inspiraci\u00f3n: entrevista a Manuel Garc\u00eda","datePublished":"2024-01-15T11:24:18+00:00","dateModified":"2024-01-15T11:24:23+00:00","mainEntityOfPage":{"@id":"https:\/\/dev.antudigital.cl\/sites\/vc\/de-musica-y-su-inspiracion-entrevista-a-manuel-garcia\/"},"wordCount":575,"image":{"@id":"https:\/\/dev.antudigital.cl\/sites\/vc\/de-musica-y-su-inspiracion-entrevista-a-manuel-garcia\/#primaryimage"},"thumbnailUrl":"https:\/\/dev.antudigital.cl\/sites\/vc\/wp-content\/uploads\/2024\/01\/Manuel-Garcia.jpeg","articleSection":["Blog"],"inLanguage":"es"},{"@type":"WebPage","@id":"https:\/\/dev.antudigital.cl\/sites\/vc\/de-musica-y-su-inspiracion-entrevista-a-manuel-garcia\/","url":"https:\/\/dev.antudigital.cl\/sites\/vc\/de-musica-y-su-inspiracion-entrevista-a-manuel-garcia\/","name":"De m\u00fasica y su inspiraci\u00f3n: entrevista a Manuel Garc\u00eda - Valpara\u00ed\u00adso Creativo","isPartOf":{"@id":"https:\/\/dev.antudigital.cl\/sites\/vc\/#website"},"primaryImageOfPage":{"@id":"https:\/\/dev.antudigital.cl\/sites\/vc\/de-musica-y-su-inspiracion-entrevista-a-manuel-garcia\/#primaryimage"},"image":{"@id":"https:\/\/dev.antudigital.cl\/sites\/vc\/de-musica-y-su-inspiracion-entrevista-a-manuel-garcia\/#primaryimage"},"thumbnailUrl":"https:\/\/dev.antudigital.cl\/sites\/vc\/wp-content\/uploads\/2024\/01\/Manuel-Garcia.jpeg","datePublished":"2024-01-15T11:24:18+00:00","dateModified":"2024-01-15T11:24:23+00:00","author":{"@id":"https:\/\/dev.antudigital.cl\/sites\/vc\/#\/schema\/person\/c2b9da8dd545e27166fc5ab232837318"},"breadcrumb":{"@id":"https:\/\/dev.antudigital.cl\/sites\/vc\/de-musica-y-su-inspiracion-entrevista-a-manuel-garcia\/#breadcrumb"},"inLanguage":"es","potentialAction":[{"@type":"ReadAction","target":["https:\/\/dev.antudigital.cl\/sites\/vc\/de-musica-y-su-inspiracion-entrevista-a-manuel-garcia\/"]}]},{"@type":"ImageObject","inLanguage":"es","@id":"https:\/\/dev.antudigital.cl\/sites\/vc\/de-musica-y-su-inspiracion-entrevista-a-manuel-garcia\/#primaryimage","url":"https:\/\/dev.antudigital.cl\/sites\/vc\/wp-content\/uploads\/2024\/01\/Manuel-Garcia.jpeg","contentUrl":"https:\/\/dev.antudigital.cl\/sites\/vc\/wp-content\/uploads\/2024\/01\/Manuel-Garcia.jpeg","width":1023,"height":682},{"@type":"BreadcrumbList","@id":"https:\/\/dev.antudigital.cl\/sites\/vc\/de-musica-y-su-inspiracion-entrevista-a-manuel-garcia\/#breadcrumb","itemListElement":[{"@type":"ListItem","position":1,"name":"Home","item":"https:\/\/dev.antudigital.cl\/sites\/vc\/"},{"@type":"ListItem","position":2,"name":"De m\u00fasica y su inspiraci\u00f3n: entrevista a Manuel Garc\u00eda"}]},{"@type":"WebSite","@id":"https:\/\/dev.antudigital.cl\/sites\/vc\/#website","url":"https:\/\/dev.antudigital.cl\/sites\/vc\/","name":"Valpara\u00ed\u00adso Creativo","description":"","potentialAction":[{"@type":"SearchAction","target":{"@type":"EntryPoint","urlTemplate":"https:\/\/dev.antudigital.cl\/sites\/vc\/?s={search_term_string}"},"query-input":{"@type":"PropertyValueSpecification","valueRequired":true,"valueName":"search_term_string"}}],"inLanguage":"es"},{"@type":"Person","@id":"https:\/\/dev.antudigital.cl\/sites\/vc\/#\/schema\/person\/c2b9da8dd545e27166fc5ab232837318","name":"Valpara\u00edso Creativo","description":"Periodista de cultura en la Regi\u00f3n de Valpara\u00edso.","url":"https:\/\/dev.antudigital.cl\/sites\/vc\/author\/valpoadmin\/"}]}},"_links":{"self":[{"href":"https:\/\/dev.antudigital.cl\/sites\/vc\/wp-json\/wp\/v2\/posts\/18142","targetHints":{"allow":["GET"]}}],"collection":[{"href":"https:\/\/dev.antudigital.cl\/sites\/vc\/wp-json\/wp\/v2\/posts"}],"about":[{"href":"https:\/\/dev.antudigital.cl\/sites\/vc\/wp-json\/wp\/v2\/types\/post"}],"author":[{"embeddable":true,"href":"https:\/\/dev.antudigital.cl\/sites\/vc\/wp-json\/wp\/v2\/users\/1"}],"replies":[{"embeddable":true,"href":"https:\/\/dev.antudigital.cl\/sites\/vc\/wp-json\/wp\/v2\/comments?post=18142"}],"version-history":[{"count":1,"href":"https:\/\/dev.antudigital.cl\/sites\/vc\/wp-json\/wp\/v2\/posts\/18142\/revisions"}],"predecessor-version":[{"id":18144,"href":"https:\/\/dev.antudigital.cl\/sites\/vc\/wp-json\/wp\/v2\/posts\/18142\/revisions\/18144"}],"wp:featuredmedia":[{"embeddable":true,"href":"https:\/\/dev.antudigital.cl\/sites\/vc\/wp-json\/wp\/v2\/media\/18143"}],"wp:attachment":[{"href":"https:\/\/dev.antudigital.cl\/sites\/vc\/wp-json\/wp\/v2\/media?parent=18142"}],"wp:term":[{"taxonomy":"category","embeddable":true,"href":"https:\/\/dev.antudigital.cl\/sites\/vc\/wp-json\/wp\/v2\/categories?post=18142"},{"taxonomy":"post_tag","embeddable":true,"href":"https:\/\/dev.antudigital.cl\/sites\/vc\/wp-json\/wp\/v2\/tags?post=18142"}],"curies":[{"name":"wp","href":"https:\/\/api.w.org\/{rel}","templated":true}]}}