{"id":18145,"date":"2024-01-15T22:01:18","date_gmt":"2024-01-15T22:01:18","guid":{"rendered":"https:\/\/www.valparaisocreativo.cl\/?p=18145"},"modified":"2024-01-16T21:55:51","modified_gmt":"2024-01-16T21:55:51","slug":"salud-mental-y-rock-alternativo-son-los-conceptos-que-inspiraron-el-primer-lp-de-nino-nadie","status":"publish","type":"post","link":"https:\/\/dev.antudigital.cl\/sites\/vc\/salud-mental-y-rock-alternativo-son-los-conceptos-que-inspiraron-el-primer-lp-de-nino-nadie\/","title":{"rendered":"Salud mental y rock alternativo son los conceptos que inspiraron el primer LP de Ni\u00f1o Nadie"},"content":{"rendered":"\n<p>Comenzar el a\u00f1o 2024 con nuevos lanzamientos, es una gran noticia para la m\u00fasica chilena, especialmente cuando las nuevas creaciones provienen de bandas locales. La regi\u00f3n de Valpara\u00edso no se queda atr\u00e1s, porque Ni\u00f1o Nadie acaba de lanzar su primer disco de larga duraci\u00f3n denominado \u201cC\u00famulo\u201d, proyecto que se materializ\u00f3, en gran parte, gracias al financiamiento del Fondo de la M\u00fasica del Ministerio de las Culturas, las Artes y el Patrimonio.<\/p>\n\n\n\n<p>El disco es un viaje conceptual inspirado en la salud mental y en los problemas contempor\u00e1neos de la vida moderna que la afectan, pasando por distintos estados de \u00e1nimo, recreando sensaciones y reflexiones, que se dejan sentir en la amplia variedad de estilos y g\u00e9neros musicales que caracterizan a esta banda oriunda de Quilpu\u00e9.<\/p>\n\n\n\n<p>Canciones como \u201c<em>Barco basurero<\/em>\u201d nos recuerdan esa extra\u00f1a sensaci\u00f3n de no querer estar en alg\u00fan lugar, camuflando ese sentir con una falsa sonrisa y motivaci\u00f3n. As\u00ed mismo, \u201c<em>Para d\u00f3nde va?<\/em>\u201d y \u201c<em>La mentira m\u00e1s grande<\/em>\u201d, reflexionan sobre las dificultades de adaptarse a la vida cotidiana. Por otro lado, canciones como \u201c<em>Fuerza sin raz\u00f3n<\/em>\u201d y \u201c<em>Sabra y Shatila<\/em>\u201d apuntan a tem\u00e1ticas pol\u00edtico-sociales y a c\u00f3mo se enfrentan cuando hay problemas de salud mental.<\/p>\n\n\n\n<p>Las obras m\u00e1s experimentales se dejan ver en \u201c<em>C\u00famulo<\/em>\u201d, canci\u00f3n que le da el nombre al disco y que est\u00e1 dividida en cuatro partes, tres de ellas instrumentales, de \u201c<em>corta duraci\u00f3n, pero de densa composici\u00f3n<\/em>\u201d, se\u00f1ala Sebasti\u00e1n Olivares, compositor, guitarrista y vocalista de Ni\u00f1o Nadie.<\/p>\n\n\n\n<p>Respecto a los resultados, Sebasti\u00e1n agrega que la banda qued\u00f3 \u201c<em>muy conforme con el disco tanto en sonido como en la composici\u00f3n de los temas, gracias al equipo que hizo un trabajo notable. Sentimos que este disco marca una l\u00ednea m\u00e1s definida hacia d\u00f3nde quiere ir la banda y qu\u00e9 sonido quiere lograr, adem\u00e1s motiv\u00f3 a los integrantes a componer de forma grupal, ya que hasta ahora las canciones han sido creadas por un integrante<\/em>\u201d.<\/p>\n\n\n\n<p>Por otro lado, el guitarrista adelant\u00f3 que \u201c<em>el pr\u00f3ximo disco de la banda ser\u00e1n composiciones en conjunto. Esperamos poder mostrar este disco dentro de la regi\u00f3n y fuera de ella con presentaciones en vivo, algo en lo que ya estamos trabajando<\/em>\u201d.<\/p>\n\n\n\n<figure class=\"wp-block-image size-large\"><img fetchpriority=\"high\" decoding=\"async\" width=\"1024\" height=\"1024\" src=\"https:\/\/www.valparaisocreativo.cl\/wp-content\/uploads\/2024\/01\/Portada-Cumulo-1024x1024.jpg\" alt=\"\" class=\"wp-image-18147\" srcset=\"https:\/\/dev.antudigital.cl\/sites\/vc\/wp-content\/uploads\/2024\/01\/Portada-Cumulo-1024x1024.jpg 1024w, https:\/\/dev.antudigital.cl\/sites\/vc\/wp-content\/uploads\/2024\/01\/Portada-Cumulo-300x300.jpg 300w, https:\/\/dev.antudigital.cl\/sites\/vc\/wp-content\/uploads\/2024\/01\/Portada-Cumulo-150x150.jpg 150w, https:\/\/dev.antudigital.cl\/sites\/vc\/wp-content\/uploads\/2024\/01\/Portada-Cumulo-768x768.jpg 768w, https:\/\/dev.antudigital.cl\/sites\/vc\/wp-content\/uploads\/2024\/01\/Portada-Cumulo-980x980.jpg 980w, https:\/\/dev.antudigital.cl\/sites\/vc\/wp-content\/uploads\/2024\/01\/Portada-Cumulo-480x480.jpg 480w, https:\/\/dev.antudigital.cl\/sites\/vc\/wp-content\/uploads\/2024\/01\/Portada-Cumulo-24x24.jpg 24w, https:\/\/dev.antudigital.cl\/sites\/vc\/wp-content\/uploads\/2024\/01\/Portada-Cumulo-36x36.jpg 36w, https:\/\/dev.antudigital.cl\/sites\/vc\/wp-content\/uploads\/2024\/01\/Portada-Cumulo-48x48.jpg 48w, https:\/\/dev.antudigital.cl\/sites\/vc\/wp-content\/uploads\/2024\/01\/Portada-Cumulo.jpg 1080w\" sizes=\"(max-width: 1024px) 100vw, 1024px\" \/><\/figure>\n\n\n\n<p><strong>Proceso creativos<\/strong><\/p>\n\n\n\n<p>\u201cC\u00famulo\u201d fue grabado en Quillota y Valpara\u00edso, en Estudio en Escarlata y Franco.audio, respectivamente, proceso a cargo Claudio Cabrera y Jan Franco Stamatiu Gonz\u00e1lez, quien adem\u00e1s realiz\u00f3 la mezcla. Por otro lado, la masterizaci\u00f3n estuvo a cargo de Diego Villavicencio.<\/p>\n\n\n\n<p>La producci\u00f3n musical del disco tambi\u00e9n estuvo en manos del ingeniero en sonido Jan Franco Stamatiu junto a Antonio Lagos (guitarrista y t\u00e9cnico en sonido) y Sebasti\u00e1n Olivares (compositor), proceso en el que la banda cre\u00f3 importantes lazos de confianza y donde se dio la posibilidad de trabajar en equipo, lo que ha motivado a sus integrantes a continuar con las creaciones en una l\u00ednea m\u00e1s definida y m\u00e1s cercana a un rock experimental.<\/p>\n\n\n\n<p><strong>Arte y colaboraciones<\/strong><\/p>\n\n\n\n<p>El arte del disco fue realizado por Ivonne Guerrero y Fabio Puentes a distancia. Ivonne desarroll\u00f3 el arte interior del disco desde la ciudad de San Fernando, mientras que Fabio se dedic\u00f3 a la portada y contraportada desde Estados Unidos.<\/p>\n\n\n\n<p>El dise\u00f1o est\u00e1 inspirado en la palabra \u201cc\u00famulo\u201d, definida como la suma o uni\u00f3n de muchas cosas materiales y que, en esta ocasi\u00f3n, se refleja en los diversos rostros, poco definidos y con variados colores, haciendo alusi\u00f3n a las infinitas interpretaciones del significado.&nbsp;<\/p>\n\n\n\n<p>El disco cuenta con grandes colaboradores, amigos y amigas, como la participaci\u00f3n del destacado m\u00fasico y profesor Pablo Mena, quien colabor\u00f3 con piano y teclados; mientras que el maestro Manuel Estay aport\u00f3 con su bater\u00eda en \u201cFuerza sin raz\u00f3n\u201d. Por otro lado, el destacado m\u00fasico Jorge Pel\u00e1ez colabor\u00f3 con teclados y el gran Jazzdesko aport\u00f3 con secuencias electr\u00f3nicas.<\/p>\n\n\n\n<p><a href=\"https:\/\/open.spotify.com\/intl-es\/album\/4k0UJ6Nv3mIwwIc34qCgL6\" target=\"_blank\" rel=\"noreferrer noopener\">\u201cC\u00famulo\u201d ya se encuentra disponible en Spotify<\/a>&nbsp;y en todas las plataformas digitales de m\u00fasica y el pr\u00f3ximo 12 de abril Ni\u00f1o Nadie lanzar\u00e1 su disco en vivo en Valpara\u00edso junto a destacadas bandas de la regi\u00f3n.<\/p>\n\n\n\n<p>Instagram:&nbsp;<a href=\"https:\/\/www.instagram.com\/ninionadie.music\/\" target=\"_blank\" rel=\"noreferrer noopener\">https:\/\/www.instagram.com\/ninionadie.music\/<\/a><\/p>\n\n\n\n<p>Canal de Youtube:\u00a0<a href=\"https:\/\/www.youtube.com\/@451seba\" target=\"_blank\" rel=\"noreferrer noopener\">https:\/\/www.youtube.com\/@451seba<\/a><strong><a href=\"https:\/\/drive.google.com\/file\/d\/1aDcM5wTJprZL3ywINhRvy9Zcwt1yE9bf\/view?usp=drive_link\" target=\"_blank\" rel=\"noreferrer noopener\">Audio \u00abC\u00famulo\u00bb<\/a><\/strong><\/p>\n","protected":false},"excerpt":{"rendered":"<p>Comenzar el a\u00f1o 2024 con nuevos lanzamientos, es una gran noticia para la m\u00fasica chilena, especialmente cuando las nuevas creaciones provienen de bandas locales. La regi\u00f3n de Valpara\u00edso no se queda atr\u00e1s, porque Ni\u00f1o Nadie acaba de lanzar su primer disco de larga duraci\u00f3n denominado \u201cC\u00famulo\u201d, proyecto que se materializ\u00f3, en gran parte, gracias al [&hellip;]<\/p>\n","protected":false},"author":1,"featured_media":18146,"comment_status":"closed","ping_status":"closed","sticky":false,"template":"","format":"standard","meta":{"_acf_changed":false,"footnotes":""},"categories":[1],"tags":[],"class_list":["post-18145","post","type-post","status-publish","format-standard","has-post-thumbnail","hentry","category-uncategorized"],"acf":[],"yoast_head":"<!-- This site is optimized with the Yoast SEO plugin v27.1.1 - https:\/\/yoast.com\/product\/yoast-seo-wordpress\/ -->\n<title>Salud mental y rock alternativo son los conceptos que inspiraron el primer LP de Ni\u00f1o Nadie - Valpara\u00ed\u00adso Creativo<\/title>\n<meta name=\"robots\" content=\"index, follow, max-snippet:-1, max-image-preview:large, max-video-preview:-1\" \/>\n<link rel=\"canonical\" href=\"https:\/\/dev.antudigital.cl\/sites\/vc\/salud-mental-y-rock-alternativo-son-los-conceptos-que-inspiraron-el-primer-lp-de-nino-nadie\/\" \/>\n<meta property=\"og:locale\" content=\"es_ES\" \/>\n<meta property=\"og:type\" content=\"article\" \/>\n<meta property=\"og:title\" content=\"Salud mental y rock alternativo son los conceptos que inspiraron el primer LP de Ni\u00f1o Nadie - Valpara\u00ed\u00adso Creativo\" \/>\n<meta property=\"og:description\" content=\"Comenzar el a\u00f1o 2024 con nuevos lanzamientos, es una gran noticia para la m\u00fasica chilena, especialmente cuando las nuevas creaciones provienen de bandas locales. La regi\u00f3n de Valpara\u00edso no se queda atr\u00e1s, porque Ni\u00f1o Nadie acaba de lanzar su primer disco de larga duraci\u00f3n denominado \u201cC\u00famulo\u201d, proyecto que se materializ\u00f3, en gran parte, gracias al [&hellip;]\" \/>\n<meta property=\"og:url\" content=\"https:\/\/dev.antudigital.cl\/sites\/vc\/salud-mental-y-rock-alternativo-son-los-conceptos-que-inspiraron-el-primer-lp-de-nino-nadie\/\" \/>\n<meta property=\"og:site_name\" content=\"Valpara\u00ed\u00adso Creativo\" \/>\n<meta property=\"article:published_time\" content=\"2024-01-15T22:01:18+00:00\" \/>\n<meta property=\"article:modified_time\" content=\"2024-01-16T21:55:51+00:00\" \/>\n<meta property=\"og:image\" content=\"https:\/\/dev.antudigital.cl\/sites\/vc\/wp-content\/uploads\/2024\/01\/Cumulo-Nino-Nadie-scaled.jpg\" \/>\n\t<meta property=\"og:image:width\" content=\"2560\" \/>\n\t<meta property=\"og:image:height\" content=\"1707\" \/>\n\t<meta property=\"og:image:type\" content=\"image\/jpeg\" \/>\n<meta name=\"author\" content=\"Valpara\u00edso Creativo\" \/>\n<meta name=\"twitter:card\" content=\"summary_large_image\" \/>\n<meta name=\"twitter:label1\" content=\"Escrito por\" \/>\n\t<meta name=\"twitter:data1\" content=\"Valpara\u00edso Creativo\" \/>\n\t<meta name=\"twitter:label2\" content=\"Tiempo de lectura\" \/>\n\t<meta name=\"twitter:data2\" content=\"4 minutos\" \/>\n<script type=\"application\/ld+json\" class=\"yoast-schema-graph\">{\"@context\":\"https:\/\/schema.org\",\"@graph\":[{\"@type\":\"Article\",\"@id\":\"https:\/\/dev.antudigital.cl\/sites\/vc\/salud-mental-y-rock-alternativo-son-los-conceptos-que-inspiraron-el-primer-lp-de-nino-nadie\/#article\",\"isPartOf\":{\"@id\":\"https:\/\/dev.antudigital.cl\/sites\/vc\/salud-mental-y-rock-alternativo-son-los-conceptos-que-inspiraron-el-primer-lp-de-nino-nadie\/\"},\"author\":{\"name\":\"Valpara\u00edso Creativo\",\"@id\":\"https:\/\/dev.antudigital.cl\/sites\/vc\/#\/schema\/person\/c2b9da8dd545e27166fc5ab232837318\"},\"headline\":\"Salud mental y rock alternativo son los conceptos que inspiraron el primer LP de Ni\u00f1o Nadie\",\"datePublished\":\"2024-01-15T22:01:18+00:00\",\"dateModified\":\"2024-01-16T21:55:51+00:00\",\"mainEntityOfPage\":{\"@id\":\"https:\/\/dev.antudigital.cl\/sites\/vc\/salud-mental-y-rock-alternativo-son-los-conceptos-que-inspiraron-el-primer-lp-de-nino-nadie\/\"},\"wordCount\":760,\"image\":{\"@id\":\"https:\/\/dev.antudigital.cl\/sites\/vc\/salud-mental-y-rock-alternativo-son-los-conceptos-que-inspiraron-el-primer-lp-de-nino-nadie\/#primaryimage\"},\"thumbnailUrl\":\"https:\/\/dev.antudigital.cl\/sites\/vc\/wp-content\/uploads\/2024\/01\/Cumulo-Nino-Nadie-scaled.jpg\",\"articleSection\":[\"Uncategorized\"],\"inLanguage\":\"es\"},{\"@type\":\"WebPage\",\"@id\":\"https:\/\/dev.antudigital.cl\/sites\/vc\/salud-mental-y-rock-alternativo-son-los-conceptos-que-inspiraron-el-primer-lp-de-nino-nadie\/\",\"url\":\"https:\/\/dev.antudigital.cl\/sites\/vc\/salud-mental-y-rock-alternativo-son-los-conceptos-que-inspiraron-el-primer-lp-de-nino-nadie\/\",\"name\":\"Salud mental y rock alternativo son los conceptos que inspiraron el primer LP de Ni\u00f1o Nadie - Valpara\u00ed\u00adso Creativo\",\"isPartOf\":{\"@id\":\"https:\/\/dev.antudigital.cl\/sites\/vc\/#website\"},\"primaryImageOfPage\":{\"@id\":\"https:\/\/dev.antudigital.cl\/sites\/vc\/salud-mental-y-rock-alternativo-son-los-conceptos-que-inspiraron-el-primer-lp-de-nino-nadie\/#primaryimage\"},\"image\":{\"@id\":\"https:\/\/dev.antudigital.cl\/sites\/vc\/salud-mental-y-rock-alternativo-son-los-conceptos-que-inspiraron-el-primer-lp-de-nino-nadie\/#primaryimage\"},\"thumbnailUrl\":\"https:\/\/dev.antudigital.cl\/sites\/vc\/wp-content\/uploads\/2024\/01\/Cumulo-Nino-Nadie-scaled.jpg\",\"datePublished\":\"2024-01-15T22:01:18+00:00\",\"dateModified\":\"2024-01-16T21:55:51+00:00\",\"author\":{\"@id\":\"https:\/\/dev.antudigital.cl\/sites\/vc\/#\/schema\/person\/c2b9da8dd545e27166fc5ab232837318\"},\"breadcrumb\":{\"@id\":\"https:\/\/dev.antudigital.cl\/sites\/vc\/salud-mental-y-rock-alternativo-son-los-conceptos-que-inspiraron-el-primer-lp-de-nino-nadie\/#breadcrumb\"},\"inLanguage\":\"es\",\"potentialAction\":[{\"@type\":\"ReadAction\",\"target\":[\"https:\/\/dev.antudigital.cl\/sites\/vc\/salud-mental-y-rock-alternativo-son-los-conceptos-que-inspiraron-el-primer-lp-de-nino-nadie\/\"]}]},{\"@type\":\"ImageObject\",\"inLanguage\":\"es\",\"@id\":\"https:\/\/dev.antudigital.cl\/sites\/vc\/salud-mental-y-rock-alternativo-son-los-conceptos-que-inspiraron-el-primer-lp-de-nino-nadie\/#primaryimage\",\"url\":\"https:\/\/dev.antudigital.cl\/sites\/vc\/wp-content\/uploads\/2024\/01\/Cumulo-Nino-Nadie-scaled.jpg\",\"contentUrl\":\"https:\/\/dev.antudigital.cl\/sites\/vc\/wp-content\/uploads\/2024\/01\/Cumulo-Nino-Nadie-scaled.jpg\",\"width\":2560,\"height\":1707},{\"@type\":\"BreadcrumbList\",\"@id\":\"https:\/\/dev.antudigital.cl\/sites\/vc\/salud-mental-y-rock-alternativo-son-los-conceptos-que-inspiraron-el-primer-lp-de-nino-nadie\/#breadcrumb\",\"itemListElement\":[{\"@type\":\"ListItem\",\"position\":1,\"name\":\"Home\",\"item\":\"https:\/\/dev.antudigital.cl\/sites\/vc\/\"},{\"@type\":\"ListItem\",\"position\":2,\"name\":\"Salud mental y rock alternativo son los conceptos que inspiraron el primer LP de Ni\u00f1o Nadie\"}]},{\"@type\":\"WebSite\",\"@id\":\"https:\/\/dev.antudigital.cl\/sites\/vc\/#website\",\"url\":\"https:\/\/dev.antudigital.cl\/sites\/vc\/\",\"name\":\"Valpara\u00ed\u00adso Creativo\",\"description\":\"\",\"potentialAction\":[{\"@type\":\"SearchAction\",\"target\":{\"@type\":\"EntryPoint\",\"urlTemplate\":\"https:\/\/dev.antudigital.cl\/sites\/vc\/?s={search_term_string}\"},\"query-input\":{\"@type\":\"PropertyValueSpecification\",\"valueRequired\":true,\"valueName\":\"search_term_string\"}}],\"inLanguage\":\"es\"},{\"@type\":\"Person\",\"@id\":\"https:\/\/dev.antudigital.cl\/sites\/vc\/#\/schema\/person\/c2b9da8dd545e27166fc5ab232837318\",\"name\":\"Valpara\u00edso Creativo\",\"description\":\"Periodista de cultura en la Regi\u00f3n de Valpara\u00edso.\",\"url\":\"https:\/\/dev.antudigital.cl\/sites\/vc\/author\/valpoadmin\/\"}]}<\/script>\n<!-- \/ Yoast SEO plugin. -->","yoast_head_json":{"title":"Salud mental y rock alternativo son los conceptos que inspiraron el primer LP de Ni\u00f1o Nadie - Valpara\u00ed\u00adso Creativo","robots":{"index":"index","follow":"follow","max-snippet":"max-snippet:-1","max-image-preview":"max-image-preview:large","max-video-preview":"max-video-preview:-1"},"canonical":"https:\/\/dev.antudigital.cl\/sites\/vc\/salud-mental-y-rock-alternativo-son-los-conceptos-que-inspiraron-el-primer-lp-de-nino-nadie\/","og_locale":"es_ES","og_type":"article","og_title":"Salud mental y rock alternativo son los conceptos que inspiraron el primer LP de Ni\u00f1o Nadie - Valpara\u00ed\u00adso Creativo","og_description":"Comenzar el a\u00f1o 2024 con nuevos lanzamientos, es una gran noticia para la m\u00fasica chilena, especialmente cuando las nuevas creaciones provienen de bandas locales. La regi\u00f3n de Valpara\u00edso no se queda atr\u00e1s, porque Ni\u00f1o Nadie acaba de lanzar su primer disco de larga duraci\u00f3n denominado \u201cC\u00famulo\u201d, proyecto que se materializ\u00f3, en gran parte, gracias al [&hellip;]","og_url":"https:\/\/dev.antudigital.cl\/sites\/vc\/salud-mental-y-rock-alternativo-son-los-conceptos-que-inspiraron-el-primer-lp-de-nino-nadie\/","og_site_name":"Valpara\u00ed\u00adso Creativo","article_published_time":"2024-01-15T22:01:18+00:00","article_modified_time":"2024-01-16T21:55:51+00:00","og_image":[{"width":2560,"height":1707,"url":"https:\/\/dev.antudigital.cl\/sites\/vc\/wp-content\/uploads\/2024\/01\/Cumulo-Nino-Nadie-scaled.jpg","type":"image\/jpeg"}],"author":"Valpara\u00edso Creativo","twitter_card":"summary_large_image","twitter_misc":{"Escrito por":"Valpara\u00edso Creativo","Tiempo de lectura":"4 minutos"},"schema":{"@context":"https:\/\/schema.org","@graph":[{"@type":"Article","@id":"https:\/\/dev.antudigital.cl\/sites\/vc\/salud-mental-y-rock-alternativo-son-los-conceptos-que-inspiraron-el-primer-lp-de-nino-nadie\/#article","isPartOf":{"@id":"https:\/\/dev.antudigital.cl\/sites\/vc\/salud-mental-y-rock-alternativo-son-los-conceptos-que-inspiraron-el-primer-lp-de-nino-nadie\/"},"author":{"name":"Valpara\u00edso Creativo","@id":"https:\/\/dev.antudigital.cl\/sites\/vc\/#\/schema\/person\/c2b9da8dd545e27166fc5ab232837318"},"headline":"Salud mental y rock alternativo son los conceptos que inspiraron el primer LP de Ni\u00f1o Nadie","datePublished":"2024-01-15T22:01:18+00:00","dateModified":"2024-01-16T21:55:51+00:00","mainEntityOfPage":{"@id":"https:\/\/dev.antudigital.cl\/sites\/vc\/salud-mental-y-rock-alternativo-son-los-conceptos-que-inspiraron-el-primer-lp-de-nino-nadie\/"},"wordCount":760,"image":{"@id":"https:\/\/dev.antudigital.cl\/sites\/vc\/salud-mental-y-rock-alternativo-son-los-conceptos-que-inspiraron-el-primer-lp-de-nino-nadie\/#primaryimage"},"thumbnailUrl":"https:\/\/dev.antudigital.cl\/sites\/vc\/wp-content\/uploads\/2024\/01\/Cumulo-Nino-Nadie-scaled.jpg","articleSection":["Uncategorized"],"inLanguage":"es"},{"@type":"WebPage","@id":"https:\/\/dev.antudigital.cl\/sites\/vc\/salud-mental-y-rock-alternativo-son-los-conceptos-que-inspiraron-el-primer-lp-de-nino-nadie\/","url":"https:\/\/dev.antudigital.cl\/sites\/vc\/salud-mental-y-rock-alternativo-son-los-conceptos-que-inspiraron-el-primer-lp-de-nino-nadie\/","name":"Salud mental y rock alternativo son los conceptos que inspiraron el primer LP de Ni\u00f1o Nadie - Valpara\u00ed\u00adso Creativo","isPartOf":{"@id":"https:\/\/dev.antudigital.cl\/sites\/vc\/#website"},"primaryImageOfPage":{"@id":"https:\/\/dev.antudigital.cl\/sites\/vc\/salud-mental-y-rock-alternativo-son-los-conceptos-que-inspiraron-el-primer-lp-de-nino-nadie\/#primaryimage"},"image":{"@id":"https:\/\/dev.antudigital.cl\/sites\/vc\/salud-mental-y-rock-alternativo-son-los-conceptos-que-inspiraron-el-primer-lp-de-nino-nadie\/#primaryimage"},"thumbnailUrl":"https:\/\/dev.antudigital.cl\/sites\/vc\/wp-content\/uploads\/2024\/01\/Cumulo-Nino-Nadie-scaled.jpg","datePublished":"2024-01-15T22:01:18+00:00","dateModified":"2024-01-16T21:55:51+00:00","author":{"@id":"https:\/\/dev.antudigital.cl\/sites\/vc\/#\/schema\/person\/c2b9da8dd545e27166fc5ab232837318"},"breadcrumb":{"@id":"https:\/\/dev.antudigital.cl\/sites\/vc\/salud-mental-y-rock-alternativo-son-los-conceptos-que-inspiraron-el-primer-lp-de-nino-nadie\/#breadcrumb"},"inLanguage":"es","potentialAction":[{"@type":"ReadAction","target":["https:\/\/dev.antudigital.cl\/sites\/vc\/salud-mental-y-rock-alternativo-son-los-conceptos-que-inspiraron-el-primer-lp-de-nino-nadie\/"]}]},{"@type":"ImageObject","inLanguage":"es","@id":"https:\/\/dev.antudigital.cl\/sites\/vc\/salud-mental-y-rock-alternativo-son-los-conceptos-que-inspiraron-el-primer-lp-de-nino-nadie\/#primaryimage","url":"https:\/\/dev.antudigital.cl\/sites\/vc\/wp-content\/uploads\/2024\/01\/Cumulo-Nino-Nadie-scaled.jpg","contentUrl":"https:\/\/dev.antudigital.cl\/sites\/vc\/wp-content\/uploads\/2024\/01\/Cumulo-Nino-Nadie-scaled.jpg","width":2560,"height":1707},{"@type":"BreadcrumbList","@id":"https:\/\/dev.antudigital.cl\/sites\/vc\/salud-mental-y-rock-alternativo-son-los-conceptos-que-inspiraron-el-primer-lp-de-nino-nadie\/#breadcrumb","itemListElement":[{"@type":"ListItem","position":1,"name":"Home","item":"https:\/\/dev.antudigital.cl\/sites\/vc\/"},{"@type":"ListItem","position":2,"name":"Salud mental y rock alternativo son los conceptos que inspiraron el primer LP de Ni\u00f1o Nadie"}]},{"@type":"WebSite","@id":"https:\/\/dev.antudigital.cl\/sites\/vc\/#website","url":"https:\/\/dev.antudigital.cl\/sites\/vc\/","name":"Valpara\u00ed\u00adso Creativo","description":"","potentialAction":[{"@type":"SearchAction","target":{"@type":"EntryPoint","urlTemplate":"https:\/\/dev.antudigital.cl\/sites\/vc\/?s={search_term_string}"},"query-input":{"@type":"PropertyValueSpecification","valueRequired":true,"valueName":"search_term_string"}}],"inLanguage":"es"},{"@type":"Person","@id":"https:\/\/dev.antudigital.cl\/sites\/vc\/#\/schema\/person\/c2b9da8dd545e27166fc5ab232837318","name":"Valpara\u00edso Creativo","description":"Periodista de cultura en la Regi\u00f3n de Valpara\u00edso.","url":"https:\/\/dev.antudigital.cl\/sites\/vc\/author\/valpoadmin\/"}]}},"_links":{"self":[{"href":"https:\/\/dev.antudigital.cl\/sites\/vc\/wp-json\/wp\/v2\/posts\/18145","targetHints":{"allow":["GET"]}}],"collection":[{"href":"https:\/\/dev.antudigital.cl\/sites\/vc\/wp-json\/wp\/v2\/posts"}],"about":[{"href":"https:\/\/dev.antudigital.cl\/sites\/vc\/wp-json\/wp\/v2\/types\/post"}],"author":[{"embeddable":true,"href":"https:\/\/dev.antudigital.cl\/sites\/vc\/wp-json\/wp\/v2\/users\/1"}],"replies":[{"embeddable":true,"href":"https:\/\/dev.antudigital.cl\/sites\/vc\/wp-json\/wp\/v2\/comments?post=18145"}],"version-history":[{"count":2,"href":"https:\/\/dev.antudigital.cl\/sites\/vc\/wp-json\/wp\/v2\/posts\/18145\/revisions"}],"predecessor-version":[{"id":18183,"href":"https:\/\/dev.antudigital.cl\/sites\/vc\/wp-json\/wp\/v2\/posts\/18145\/revisions\/18183"}],"wp:featuredmedia":[{"embeddable":true,"href":"https:\/\/dev.antudigital.cl\/sites\/vc\/wp-json\/wp\/v2\/media\/18146"}],"wp:attachment":[{"href":"https:\/\/dev.antudigital.cl\/sites\/vc\/wp-json\/wp\/v2\/media?parent=18145"}],"wp:term":[{"taxonomy":"category","embeddable":true,"href":"https:\/\/dev.antudigital.cl\/sites\/vc\/wp-json\/wp\/v2\/categories?post=18145"},{"taxonomy":"post_tag","embeddable":true,"href":"https:\/\/dev.antudigital.cl\/sites\/vc\/wp-json\/wp\/v2\/tags?post=18145"}],"curies":[{"name":"wp","href":"https:\/\/api.w.org\/{rel}","templated":true}]}}