{"id":18149,"date":"2024-01-15T22:06:01","date_gmt":"2024-01-15T22:06:01","guid":{"rendered":"https:\/\/www.valparaisocreativo.cl\/?p=18149"},"modified":"2024-01-15T22:06:09","modified_gmt":"2024-01-15T22:06:09","slug":"insomnia-estrena-las-peliculas-chilenas-las-demas-y-los-colonos","status":"publish","type":"post","link":"https:\/\/dev.antudigital.cl\/sites\/vc\/insomnia-estrena-las-peliculas-chilenas-las-demas-y-los-colonos\/","title":{"rendered":"INSOMNIA estrena las pel\u00edculas chilenas \u201cLas Dem\u00e1s\u201d y \u201cLos Colonos\u201d"},"content":{"rendered":"\n<p>M\u00faltiples estrenos se realizar\u00e1n esta semana en INSOMNIA Teatro Condell, Se trata de \u201cLas dem\u00e1s\u201d un drama adolescente con tintes de comedia que habla de la amistad y el aborto, pel\u00edcula de la directora Alexandra Hyland que tuvo su lanzamiento internacional en el Festival de Rotterdam y que se estrenar\u00e1 en INSOMNIA este mi\u00e9rcoles 17 a las 19:00 hrs. con la participaci\u00f3n de su directora y las protagonistas Nicol Sazo y Alicia Rodr\u00edguez y la pel\u00edcula chilena \u201cLos colonos\u201d del director Felipe G\u00e1lvez que se exhibir\u00e1 desde el jueves 18 a las 19:30 hrs.<\/p>\n\n\n\n<p>\u201cLas dem\u00e1s\u201d es una pel\u00edcula escrita y dirigida por Alexandra Hyland y producida por Selva Gonz\u00e1lez y Roberto Doveris (\u201cProyecto fantasma\u201d) que cuenta la historia de Rafaela (20) y Gabriela (21), mejores amigas. El inesperado embarazo de Rafa, amenaza el rosado y extravagante oasis que han construido. El aborto en Chile es ilegal, pero no imposible y juntas deber\u00e1n enfrentar la hostilidad del sistema, para realizarse el procedimiento sin reventar su preciosa burbuja ni su relaci\u00f3n.<\/p>\n\n\n\n<figure class=\"wp-block-image size-large\"><img fetchpriority=\"high\" decoding=\"async\" width=\"1024\" height=\"768\" src=\"https:\/\/www.valparaisocreativo.cl\/wp-content\/uploads\/2024\/01\/Las-demas-4-1024x768.jpeg\" alt=\"\" class=\"wp-image-18152\" srcset=\"https:\/\/dev.antudigital.cl\/sites\/vc\/wp-content\/uploads\/2024\/01\/Las-demas-4-1024x768.jpeg 1024w, https:\/\/dev.antudigital.cl\/sites\/vc\/wp-content\/uploads\/2024\/01\/Las-demas-4-300x225.jpeg 300w, https:\/\/dev.antudigital.cl\/sites\/vc\/wp-content\/uploads\/2024\/01\/Las-demas-4-768x576.jpeg 768w, https:\/\/dev.antudigital.cl\/sites\/vc\/wp-content\/uploads\/2024\/01\/Las-demas-4-1536x1152.jpeg 1536w, https:\/\/dev.antudigital.cl\/sites\/vc\/wp-content\/uploads\/2024\/01\/Las-demas-4-510x382.jpeg 510w, https:\/\/dev.antudigital.cl\/sites\/vc\/wp-content\/uploads\/2024\/01\/Las-demas-4-1080x810.jpeg 1080w, https:\/\/dev.antudigital.cl\/sites\/vc\/wp-content\/uploads\/2024\/01\/Las-demas-4-1280x960.jpeg 1280w, https:\/\/dev.antudigital.cl\/sites\/vc\/wp-content\/uploads\/2024\/01\/Las-demas-4-980x735.jpeg 980w, https:\/\/dev.antudigital.cl\/sites\/vc\/wp-content\/uploads\/2024\/01\/Las-demas-4-480x360.jpeg 480w, https:\/\/dev.antudigital.cl\/sites\/vc\/wp-content\/uploads\/2024\/01\/Las-demas-4-24x18.jpeg 24w, https:\/\/dev.antudigital.cl\/sites\/vc\/wp-content\/uploads\/2024\/01\/Las-demas-4-36x27.jpeg 36w, https:\/\/dev.antudigital.cl\/sites\/vc\/wp-content\/uploads\/2024\/01\/Las-demas-4-48x36.jpeg 48w, https:\/\/dev.antudigital.cl\/sites\/vc\/wp-content\/uploads\/2024\/01\/Las-demas-4.jpeg 1600w\" sizes=\"(max-width: 1024px) 100vw, 1024px\" \/><\/figure>\n\n\n\n<p>La pel\u00edcula tambi\u00e9n se ha presentado en Innsbr\u00fcck en Austria, en la Competencia Internacional de BAFICI en Buenos Aires, donde obtuvo el premio a mejor Direcci\u00f3n de Fotograf\u00eda, en salas a lo largo de M\u00e9xico en el festival MICG\u00e9nero, en Colombia en el festival Cinemancia y prontamente en la Mostra Internacional de Sao Paulo y tendr\u00e1 su estreno espa\u00f1ol en el festival de cine de Gij\u00f3n.&nbsp; La pel\u00edcula se mostr\u00f3 por primera vez en Chile en el marco de SANFIC, representando al pa\u00eds en la competencia internacional donde obtuvo el galard\u00f3n a Mejor Interpretaci\u00f3n para Nicole Sazo.<\/p>\n\n\n\n<p>Seg\u00fan su directora Alexandra Hyland: \u201cLa comedia es una buena manera de contar cosas dif\u00edciles y abogar por derechos reproductivos. Los abortos suceden con y sin legalizaci\u00f3n, y poder contar la historia de dos amigas resilientes, que a pesar de las dificultades que les presenta un entorno hostil, son capaces de hacer lo que tengan que hacer para lograr sus prop\u00f3sitos\u201d.<\/p>\n\n\n\n<p>Para Claudio Pereira, programador de INSOMIA: \u201cLa \u00f3pera prima de Alexandra Hyland, aborda de una manera nueva el aborto. Podemos encontrar algunos ejemplos como el docu drama Aborto de Pedro Chaskel, 7 semanas de Constanza Figari y Apio verde de Francesca Morales, por citar algunas, donde en todas, independiente de su tratamiento, siempre hay un perverso c\u00edrculo que amarra la posibilidad de elegir, ser juzgada social y legalmente y lo que es a\u00fan peor, correr el riesgo de morir en el intento clandestino\u201d.&nbsp;<\/p>\n\n\n\n<p>\u201cEs interesante que, en un lapso de 50 a\u00f1os, siempre ha sido tab\u00fa y dificultoso abordar el aborto, porque a\u00fan es incre\u00edblemente problem\u00e1tico a pesar de las transformaciones culturales, desligar su carga moral.\u00a0 Coming-of-age, con algo de comedia, Las dem\u00e1s es sobre acompa\u00f1arse y sentirse protegida en circunstancias en que el estado y la sociedad marginan cruelmente a mujeres para optar por alternativas clandestinas y peligrosas\u201d, puntualiza Pereira. Adem\u00e1s de la funci\u00f3n de estreno el mi\u00e9rcoles 17 de enero, \u201cLas dem\u00e1s\u201d se proyectar\u00e1 el jueves 25 (17:00) y el martes 30 (19:30).<\/p>\n\n\n\n<p><strong>Los Colonos la \u00f3pera prima de Felipe G\u00e1lvez se estrena en INSOMNIA<\/strong><\/p>\n\n\n\n<figure class=\"wp-block-image size-large\"><img decoding=\"async\" width=\"1024\" height=\"682\" src=\"https:\/\/www.valparaisocreativo.cl\/wp-content\/uploads\/2024\/01\/Los-colonos-2-1024x682.jpeg\" alt=\"\" class=\"wp-image-18151\" srcset=\"https:\/\/dev.antudigital.cl\/sites\/vc\/wp-content\/uploads\/2024\/01\/Los-colonos-2-1024x682.jpeg 1024w, https:\/\/dev.antudigital.cl\/sites\/vc\/wp-content\/uploads\/2024\/01\/Los-colonos-2-300x200.jpeg 300w, https:\/\/dev.antudigital.cl\/sites\/vc\/wp-content\/uploads\/2024\/01\/Los-colonos-2-768x512.jpeg 768w, https:\/\/dev.antudigital.cl\/sites\/vc\/wp-content\/uploads\/2024\/01\/Los-colonos-2-1536x1023.jpeg 1536w, https:\/\/dev.antudigital.cl\/sites\/vc\/wp-content\/uploads\/2024\/01\/Los-colonos-2-1080x720.jpeg 1080w, https:\/\/dev.antudigital.cl\/sites\/vc\/wp-content\/uploads\/2024\/01\/Los-colonos-2-1280x853.jpeg 1280w, https:\/\/dev.antudigital.cl\/sites\/vc\/wp-content\/uploads\/2024\/01\/Los-colonos-2-980x653.jpeg 980w, https:\/\/dev.antudigital.cl\/sites\/vc\/wp-content\/uploads\/2024\/01\/Los-colonos-2-480x320.jpeg 480w, https:\/\/dev.antudigital.cl\/sites\/vc\/wp-content\/uploads\/2024\/01\/Los-colonos-2-24x16.jpeg 24w, https:\/\/dev.antudigital.cl\/sites\/vc\/wp-content\/uploads\/2024\/01\/Los-colonos-2-36x24.jpeg 36w, https:\/\/dev.antudigital.cl\/sites\/vc\/wp-content\/uploads\/2024\/01\/Los-colonos-2-48x32.jpeg 48w, https:\/\/dev.antudigital.cl\/sites\/vc\/wp-content\/uploads\/2024\/01\/Los-colonos-2.jpeg 1600w\" sizes=\"(max-width: 1024px) 100vw, 1024px\" \/><\/figure>\n\n\n\n<p>Un filme que busca recuperar con una mirada cr\u00edtica la historia chilena, la colonizaci\u00f3n de la Patagonia y el exterminio del pueblo Ona nos trae el director Felipe G\u00e1lvez. Ha sido galardonado en Francia con los premios Fipresci, Un Certain Regard del Festival de Cannes; Premio Jury du syndicat fran\u00e7ais de la critique de cin\u00e9ma, Festival Biarritz Am\u00e9rique Latine y en Suecia como Mejor pel\u00edcula en el Stockholm Film Festival.<\/p>\n\n\n\n<p>A fines del siglo XIX las estancias ovejeras cubren cada vez m\u00e1s territorio en la Patagonia chilena. En 1893, Segundo, un mestizo chileno; Maclenan, un militar ingl\u00e9s y Bill, un mercenario estadounidense, emprenden una expedici\u00f3n a caballo para delimitar y reclamar las tierras que el Estado le ha otorgado a Jos\u00e9 Men\u00e9ndez. Lo que parece ser una expedici\u00f3n administrativa, se transforma en una violenta cacer\u00eda de onas, los nativos del archipi\u00e9lago de Tierra del Fuego.<\/p>\n\n\n\n<p>Para Claudio Pereira, programador de INSOMNIA, \u201cla historia de la colonizaci\u00f3n del sur de Chile es perfectamente un far west, pero sin ning\u00fan romanticismo o \u00e9pica, ya que estamos hablando de c\u00f3mo el Estado de Chile aval\u00f3, particip\u00f3 y justific\u00f3 el genocidio de los pueblos nativos del extremo sur, desvirtuando los hechos crueles y sangrientos con el fin de componer una bella fotograf\u00eda de la Rep\u00fablico de Chile.\u00a0 Atrevida, electrizante y totalmente conectada con nuestro presente, Los colonos, \u00f3pera prima de Felipe G\u00e1lvez, es un punto alto en el cine de ficci\u00f3n, recurriendo a recursos del cine western, para empezar a transformarse en una impresionante pieza de horror pol\u00edtico\u201d.<\/p>\n\n\n\n<figure class=\"wp-block-image size-large\"><img decoding=\"async\" width=\"1024\" height=\"682\" src=\"https:\/\/www.valparaisocreativo.cl\/wp-content\/uploads\/2024\/01\/Los-colonos-1-1024x682.jpeg\" alt=\"\" class=\"wp-image-18150\" srcset=\"https:\/\/dev.antudigital.cl\/sites\/vc\/wp-content\/uploads\/2024\/01\/Los-colonos-1-1024x682.jpeg 1024w, https:\/\/dev.antudigital.cl\/sites\/vc\/wp-content\/uploads\/2024\/01\/Los-colonos-1-300x200.jpeg 300w, https:\/\/dev.antudigital.cl\/sites\/vc\/wp-content\/uploads\/2024\/01\/Los-colonos-1-768x512.jpeg 768w, https:\/\/dev.antudigital.cl\/sites\/vc\/wp-content\/uploads\/2024\/01\/Los-colonos-1-1536x1023.jpeg 1536w, https:\/\/dev.antudigital.cl\/sites\/vc\/wp-content\/uploads\/2024\/01\/Los-colonos-1-1080x720.jpeg 1080w, https:\/\/dev.antudigital.cl\/sites\/vc\/wp-content\/uploads\/2024\/01\/Los-colonos-1-1280x853.jpeg 1280w, https:\/\/dev.antudigital.cl\/sites\/vc\/wp-content\/uploads\/2024\/01\/Los-colonos-1-980x653.jpeg 980w, https:\/\/dev.antudigital.cl\/sites\/vc\/wp-content\/uploads\/2024\/01\/Los-colonos-1-480x320.jpeg 480w, https:\/\/dev.antudigital.cl\/sites\/vc\/wp-content\/uploads\/2024\/01\/Los-colonos-1-24x16.jpeg 24w, https:\/\/dev.antudigital.cl\/sites\/vc\/wp-content\/uploads\/2024\/01\/Los-colonos-1-36x24.jpeg 36w, https:\/\/dev.antudigital.cl\/sites\/vc\/wp-content\/uploads\/2024\/01\/Los-colonos-1-48x32.jpeg 48w, https:\/\/dev.antudigital.cl\/sites\/vc\/wp-content\/uploads\/2024\/01\/Los-colonos-1.jpeg 1600w\" sizes=\"(max-width: 1024px) 100vw, 1024px\" \/><\/figure>\n\n\n\n<p>Asimismo, se\u00f1al\u00f3 que Los colonos es una mezcla de: \u201croad movie, cacer\u00eda y paisajes, son el soporte para un relato din\u00e1mico que va desmantelando los relatos oficiales, donde la conquista de nuestro sur es un cap\u00edtulo que hasta el d\u00eda de hoy nos debe doler y hasta avergonzar. Aplaudida y aclamada, Los colonos es una bofetada a nuestro presente, que se destaca adem\u00e1s por interpretaciones desbordantes, como la del joven Camilo Arancibia, y los destacados actores Alfredo Castro y Marcelo Alonso\u201d.&nbsp;<\/p>\n\n\n\n<p>Los Colonos se estrena este jueves 18 a las 19:30 horas y adem\u00e1s, tendr\u00e1 funciones los d\u00edas viernes 19 (21:30), s\u00e1bado 20 (17:00), domingo 21 (12:00), mi\u00e9rcoles 24 (19:30), jueves 25 (15:00), viernes 26 (17:30), s\u00e1bado 27 (19:30), domingo 28 (19:00), lunes 29 (15:00) y mi\u00e9rcoles 31 (17:45).<\/p>\n","protected":false},"excerpt":{"rendered":"<p>M\u00faltiples estrenos se realizar\u00e1n esta semana en INSOMNIA Teatro Condell, Se trata de \u201cLas dem\u00e1s\u201d un drama adolescente con tintes de comedia que habla de la amistad y el aborto, pel\u00edcula de la directora Alexandra Hyland que tuvo su lanzamiento internacional en el Festival de Rotterdam y que se estrenar\u00e1 en INSOMNIA este mi\u00e9rcoles 17 [&hellip;]<\/p>\n","protected":false},"author":1,"featured_media":18153,"comment_status":"closed","ping_status":"closed","sticky":false,"template":"","format":"standard","meta":{"_acf_changed":false,"footnotes":""},"categories":[1],"tags":[],"class_list":["post-18149","post","type-post","status-publish","format-standard","has-post-thumbnail","hentry","category-uncategorized"],"acf":[],"yoast_head":"<!-- This site is optimized with the Yoast SEO plugin v27.1.1 - https:\/\/yoast.com\/product\/yoast-seo-wordpress\/ -->\n<title>INSOMNIA estrena las pel\u00edculas chilenas \u201cLas Dem\u00e1s\u201d y \u201cLos Colonos\u201d - Valpara\u00ed\u00adso Creativo<\/title>\n<meta name=\"robots\" content=\"index, follow, max-snippet:-1, max-image-preview:large, max-video-preview:-1\" \/>\n<link rel=\"canonical\" href=\"https:\/\/dev.antudigital.cl\/sites\/vc\/insomnia-estrena-las-peliculas-chilenas-las-demas-y-los-colonos\/\" \/>\n<meta property=\"og:locale\" content=\"es_ES\" \/>\n<meta property=\"og:type\" content=\"article\" \/>\n<meta property=\"og:title\" content=\"INSOMNIA estrena las pel\u00edculas chilenas \u201cLas Dem\u00e1s\u201d y \u201cLos Colonos\u201d - Valpara\u00ed\u00adso Creativo\" \/>\n<meta property=\"og:description\" content=\"M\u00faltiples estrenos se realizar\u00e1n esta semana en INSOMNIA Teatro Condell, Se trata de \u201cLas dem\u00e1s\u201d un drama adolescente con tintes de comedia que habla de la amistad y el aborto, pel\u00edcula de la directora Alexandra Hyland que tuvo su lanzamiento internacional en el Festival de Rotterdam y que se estrenar\u00e1 en INSOMNIA este mi\u00e9rcoles 17 [&hellip;]\" \/>\n<meta property=\"og:url\" content=\"https:\/\/dev.antudigital.cl\/sites\/vc\/insomnia-estrena-las-peliculas-chilenas-las-demas-y-los-colonos\/\" \/>\n<meta property=\"og:site_name\" content=\"Valpara\u00ed\u00adso Creativo\" \/>\n<meta property=\"article:published_time\" content=\"2024-01-15T22:06:01+00:00\" \/>\n<meta property=\"article:modified_time\" content=\"2024-01-15T22:06:09+00:00\" \/>\n<meta property=\"og:image\" content=\"https:\/\/dev.antudigital.cl\/sites\/vc\/wp-content\/uploads\/2024\/01\/Las-demas-1.jpeg\" \/>\n\t<meta property=\"og:image:width\" content=\"1600\" \/>\n\t<meta property=\"og:image:height\" content=\"1200\" \/>\n\t<meta property=\"og:image:type\" content=\"image\/jpeg\" \/>\n<meta name=\"author\" content=\"Valpara\u00edso Creativo\" \/>\n<meta name=\"twitter:card\" content=\"summary_large_image\" \/>\n<meta name=\"twitter:label1\" content=\"Escrito por\" \/>\n\t<meta name=\"twitter:data1\" content=\"Valpara\u00edso Creativo\" \/>\n\t<meta name=\"twitter:label2\" content=\"Tiempo de lectura\" \/>\n\t<meta name=\"twitter:data2\" content=\"5 minutos\" \/>\n<script type=\"application\/ld+json\" class=\"yoast-schema-graph\">{\"@context\":\"https:\/\/schema.org\",\"@graph\":[{\"@type\":\"Article\",\"@id\":\"https:\/\/dev.antudigital.cl\/sites\/vc\/insomnia-estrena-las-peliculas-chilenas-las-demas-y-los-colonos\/#article\",\"isPartOf\":{\"@id\":\"https:\/\/dev.antudigital.cl\/sites\/vc\/insomnia-estrena-las-peliculas-chilenas-las-demas-y-los-colonos\/\"},\"author\":{\"name\":\"Valpara\u00edso Creativo\",\"@id\":\"https:\/\/dev.antudigital.cl\/sites\/vc\/#\/schema\/person\/c2b9da8dd545e27166fc5ab232837318\"},\"headline\":\"INSOMNIA estrena las pel\u00edculas chilenas \u201cLas Dem\u00e1s\u201d y \u201cLos Colonos\u201d\",\"datePublished\":\"2024-01-15T22:06:01+00:00\",\"dateModified\":\"2024-01-15T22:06:09+00:00\",\"mainEntityOfPage\":{\"@id\":\"https:\/\/dev.antudigital.cl\/sites\/vc\/insomnia-estrena-las-peliculas-chilenas-las-demas-y-los-colonos\/\"},\"wordCount\":955,\"image\":{\"@id\":\"https:\/\/dev.antudigital.cl\/sites\/vc\/insomnia-estrena-las-peliculas-chilenas-las-demas-y-los-colonos\/#primaryimage\"},\"thumbnailUrl\":\"https:\/\/dev.antudigital.cl\/sites\/vc\/wp-content\/uploads\/2024\/01\/Las-demas-1.jpeg\",\"articleSection\":[\"Uncategorized\"],\"inLanguage\":\"es\"},{\"@type\":\"WebPage\",\"@id\":\"https:\/\/dev.antudigital.cl\/sites\/vc\/insomnia-estrena-las-peliculas-chilenas-las-demas-y-los-colonos\/\",\"url\":\"https:\/\/dev.antudigital.cl\/sites\/vc\/insomnia-estrena-las-peliculas-chilenas-las-demas-y-los-colonos\/\",\"name\":\"INSOMNIA estrena las pel\u00edculas chilenas \u201cLas Dem\u00e1s\u201d y \u201cLos Colonos\u201d - Valpara\u00ed\u00adso Creativo\",\"isPartOf\":{\"@id\":\"https:\/\/dev.antudigital.cl\/sites\/vc\/#website\"},\"primaryImageOfPage\":{\"@id\":\"https:\/\/dev.antudigital.cl\/sites\/vc\/insomnia-estrena-las-peliculas-chilenas-las-demas-y-los-colonos\/#primaryimage\"},\"image\":{\"@id\":\"https:\/\/dev.antudigital.cl\/sites\/vc\/insomnia-estrena-las-peliculas-chilenas-las-demas-y-los-colonos\/#primaryimage\"},\"thumbnailUrl\":\"https:\/\/dev.antudigital.cl\/sites\/vc\/wp-content\/uploads\/2024\/01\/Las-demas-1.jpeg\",\"datePublished\":\"2024-01-15T22:06:01+00:00\",\"dateModified\":\"2024-01-15T22:06:09+00:00\",\"author\":{\"@id\":\"https:\/\/dev.antudigital.cl\/sites\/vc\/#\/schema\/person\/c2b9da8dd545e27166fc5ab232837318\"},\"breadcrumb\":{\"@id\":\"https:\/\/dev.antudigital.cl\/sites\/vc\/insomnia-estrena-las-peliculas-chilenas-las-demas-y-los-colonos\/#breadcrumb\"},\"inLanguage\":\"es\",\"potentialAction\":[{\"@type\":\"ReadAction\",\"target\":[\"https:\/\/dev.antudigital.cl\/sites\/vc\/insomnia-estrena-las-peliculas-chilenas-las-demas-y-los-colonos\/\"]}]},{\"@type\":\"ImageObject\",\"inLanguage\":\"es\",\"@id\":\"https:\/\/dev.antudigital.cl\/sites\/vc\/insomnia-estrena-las-peliculas-chilenas-las-demas-y-los-colonos\/#primaryimage\",\"url\":\"https:\/\/dev.antudigital.cl\/sites\/vc\/wp-content\/uploads\/2024\/01\/Las-demas-1.jpeg\",\"contentUrl\":\"https:\/\/dev.antudigital.cl\/sites\/vc\/wp-content\/uploads\/2024\/01\/Las-demas-1.jpeg\",\"width\":1600,\"height\":1200},{\"@type\":\"BreadcrumbList\",\"@id\":\"https:\/\/dev.antudigital.cl\/sites\/vc\/insomnia-estrena-las-peliculas-chilenas-las-demas-y-los-colonos\/#breadcrumb\",\"itemListElement\":[{\"@type\":\"ListItem\",\"position\":1,\"name\":\"Home\",\"item\":\"https:\/\/dev.antudigital.cl\/sites\/vc\/\"},{\"@type\":\"ListItem\",\"position\":2,\"name\":\"INSOMNIA estrena las pel\u00edculas chilenas \u201cLas Dem\u00e1s\u201d y \u201cLos Colonos\u201d\"}]},{\"@type\":\"WebSite\",\"@id\":\"https:\/\/dev.antudigital.cl\/sites\/vc\/#website\",\"url\":\"https:\/\/dev.antudigital.cl\/sites\/vc\/\",\"name\":\"Valpara\u00ed\u00adso Creativo\",\"description\":\"\",\"potentialAction\":[{\"@type\":\"SearchAction\",\"target\":{\"@type\":\"EntryPoint\",\"urlTemplate\":\"https:\/\/dev.antudigital.cl\/sites\/vc\/?s={search_term_string}\"},\"query-input\":{\"@type\":\"PropertyValueSpecification\",\"valueRequired\":true,\"valueName\":\"search_term_string\"}}],\"inLanguage\":\"es\"},{\"@type\":\"Person\",\"@id\":\"https:\/\/dev.antudigital.cl\/sites\/vc\/#\/schema\/person\/c2b9da8dd545e27166fc5ab232837318\",\"name\":\"Valpara\u00edso Creativo\",\"description\":\"Periodista de cultura en la Regi\u00f3n de Valpara\u00edso.\",\"url\":\"https:\/\/dev.antudigital.cl\/sites\/vc\/author\/valpoadmin\/\"}]}<\/script>\n<!-- \/ Yoast SEO plugin. -->","yoast_head_json":{"title":"INSOMNIA estrena las pel\u00edculas chilenas \u201cLas Dem\u00e1s\u201d y \u201cLos Colonos\u201d - Valpara\u00ed\u00adso Creativo","robots":{"index":"index","follow":"follow","max-snippet":"max-snippet:-1","max-image-preview":"max-image-preview:large","max-video-preview":"max-video-preview:-1"},"canonical":"https:\/\/dev.antudigital.cl\/sites\/vc\/insomnia-estrena-las-peliculas-chilenas-las-demas-y-los-colonos\/","og_locale":"es_ES","og_type":"article","og_title":"INSOMNIA estrena las pel\u00edculas chilenas \u201cLas Dem\u00e1s\u201d y \u201cLos Colonos\u201d - Valpara\u00ed\u00adso Creativo","og_description":"M\u00faltiples estrenos se realizar\u00e1n esta semana en INSOMNIA Teatro Condell, Se trata de \u201cLas dem\u00e1s\u201d un drama adolescente con tintes de comedia que habla de la amistad y el aborto, pel\u00edcula de la directora Alexandra Hyland que tuvo su lanzamiento internacional en el Festival de Rotterdam y que se estrenar\u00e1 en INSOMNIA este mi\u00e9rcoles 17 [&hellip;]","og_url":"https:\/\/dev.antudigital.cl\/sites\/vc\/insomnia-estrena-las-peliculas-chilenas-las-demas-y-los-colonos\/","og_site_name":"Valpara\u00ed\u00adso Creativo","article_published_time":"2024-01-15T22:06:01+00:00","article_modified_time":"2024-01-15T22:06:09+00:00","og_image":[{"width":1600,"height":1200,"url":"https:\/\/dev.antudigital.cl\/sites\/vc\/wp-content\/uploads\/2024\/01\/Las-demas-1.jpeg","type":"image\/jpeg"}],"author":"Valpara\u00edso Creativo","twitter_card":"summary_large_image","twitter_misc":{"Escrito por":"Valpara\u00edso Creativo","Tiempo de lectura":"5 minutos"},"schema":{"@context":"https:\/\/schema.org","@graph":[{"@type":"Article","@id":"https:\/\/dev.antudigital.cl\/sites\/vc\/insomnia-estrena-las-peliculas-chilenas-las-demas-y-los-colonos\/#article","isPartOf":{"@id":"https:\/\/dev.antudigital.cl\/sites\/vc\/insomnia-estrena-las-peliculas-chilenas-las-demas-y-los-colonos\/"},"author":{"name":"Valpara\u00edso Creativo","@id":"https:\/\/dev.antudigital.cl\/sites\/vc\/#\/schema\/person\/c2b9da8dd545e27166fc5ab232837318"},"headline":"INSOMNIA estrena las pel\u00edculas chilenas \u201cLas Dem\u00e1s\u201d y \u201cLos Colonos\u201d","datePublished":"2024-01-15T22:06:01+00:00","dateModified":"2024-01-15T22:06:09+00:00","mainEntityOfPage":{"@id":"https:\/\/dev.antudigital.cl\/sites\/vc\/insomnia-estrena-las-peliculas-chilenas-las-demas-y-los-colonos\/"},"wordCount":955,"image":{"@id":"https:\/\/dev.antudigital.cl\/sites\/vc\/insomnia-estrena-las-peliculas-chilenas-las-demas-y-los-colonos\/#primaryimage"},"thumbnailUrl":"https:\/\/dev.antudigital.cl\/sites\/vc\/wp-content\/uploads\/2024\/01\/Las-demas-1.jpeg","articleSection":["Uncategorized"],"inLanguage":"es"},{"@type":"WebPage","@id":"https:\/\/dev.antudigital.cl\/sites\/vc\/insomnia-estrena-las-peliculas-chilenas-las-demas-y-los-colonos\/","url":"https:\/\/dev.antudigital.cl\/sites\/vc\/insomnia-estrena-las-peliculas-chilenas-las-demas-y-los-colonos\/","name":"INSOMNIA estrena las pel\u00edculas chilenas \u201cLas Dem\u00e1s\u201d y \u201cLos Colonos\u201d - Valpara\u00ed\u00adso Creativo","isPartOf":{"@id":"https:\/\/dev.antudigital.cl\/sites\/vc\/#website"},"primaryImageOfPage":{"@id":"https:\/\/dev.antudigital.cl\/sites\/vc\/insomnia-estrena-las-peliculas-chilenas-las-demas-y-los-colonos\/#primaryimage"},"image":{"@id":"https:\/\/dev.antudigital.cl\/sites\/vc\/insomnia-estrena-las-peliculas-chilenas-las-demas-y-los-colonos\/#primaryimage"},"thumbnailUrl":"https:\/\/dev.antudigital.cl\/sites\/vc\/wp-content\/uploads\/2024\/01\/Las-demas-1.jpeg","datePublished":"2024-01-15T22:06:01+00:00","dateModified":"2024-01-15T22:06:09+00:00","author":{"@id":"https:\/\/dev.antudigital.cl\/sites\/vc\/#\/schema\/person\/c2b9da8dd545e27166fc5ab232837318"},"breadcrumb":{"@id":"https:\/\/dev.antudigital.cl\/sites\/vc\/insomnia-estrena-las-peliculas-chilenas-las-demas-y-los-colonos\/#breadcrumb"},"inLanguage":"es","potentialAction":[{"@type":"ReadAction","target":["https:\/\/dev.antudigital.cl\/sites\/vc\/insomnia-estrena-las-peliculas-chilenas-las-demas-y-los-colonos\/"]}]},{"@type":"ImageObject","inLanguage":"es","@id":"https:\/\/dev.antudigital.cl\/sites\/vc\/insomnia-estrena-las-peliculas-chilenas-las-demas-y-los-colonos\/#primaryimage","url":"https:\/\/dev.antudigital.cl\/sites\/vc\/wp-content\/uploads\/2024\/01\/Las-demas-1.jpeg","contentUrl":"https:\/\/dev.antudigital.cl\/sites\/vc\/wp-content\/uploads\/2024\/01\/Las-demas-1.jpeg","width":1600,"height":1200},{"@type":"BreadcrumbList","@id":"https:\/\/dev.antudigital.cl\/sites\/vc\/insomnia-estrena-las-peliculas-chilenas-las-demas-y-los-colonos\/#breadcrumb","itemListElement":[{"@type":"ListItem","position":1,"name":"Home","item":"https:\/\/dev.antudigital.cl\/sites\/vc\/"},{"@type":"ListItem","position":2,"name":"INSOMNIA estrena las pel\u00edculas chilenas \u201cLas Dem\u00e1s\u201d y \u201cLos Colonos\u201d"}]},{"@type":"WebSite","@id":"https:\/\/dev.antudigital.cl\/sites\/vc\/#website","url":"https:\/\/dev.antudigital.cl\/sites\/vc\/","name":"Valpara\u00ed\u00adso Creativo","description":"","potentialAction":[{"@type":"SearchAction","target":{"@type":"EntryPoint","urlTemplate":"https:\/\/dev.antudigital.cl\/sites\/vc\/?s={search_term_string}"},"query-input":{"@type":"PropertyValueSpecification","valueRequired":true,"valueName":"search_term_string"}}],"inLanguage":"es"},{"@type":"Person","@id":"https:\/\/dev.antudigital.cl\/sites\/vc\/#\/schema\/person\/c2b9da8dd545e27166fc5ab232837318","name":"Valpara\u00edso Creativo","description":"Periodista de cultura en la Regi\u00f3n de Valpara\u00edso.","url":"https:\/\/dev.antudigital.cl\/sites\/vc\/author\/valpoadmin\/"}]}},"_links":{"self":[{"href":"https:\/\/dev.antudigital.cl\/sites\/vc\/wp-json\/wp\/v2\/posts\/18149","targetHints":{"allow":["GET"]}}],"collection":[{"href":"https:\/\/dev.antudigital.cl\/sites\/vc\/wp-json\/wp\/v2\/posts"}],"about":[{"href":"https:\/\/dev.antudigital.cl\/sites\/vc\/wp-json\/wp\/v2\/types\/post"}],"author":[{"embeddable":true,"href":"https:\/\/dev.antudigital.cl\/sites\/vc\/wp-json\/wp\/v2\/users\/1"}],"replies":[{"embeddable":true,"href":"https:\/\/dev.antudigital.cl\/sites\/vc\/wp-json\/wp\/v2\/comments?post=18149"}],"version-history":[{"count":1,"href":"https:\/\/dev.antudigital.cl\/sites\/vc\/wp-json\/wp\/v2\/posts\/18149\/revisions"}],"predecessor-version":[{"id":18154,"href":"https:\/\/dev.antudigital.cl\/sites\/vc\/wp-json\/wp\/v2\/posts\/18149\/revisions\/18154"}],"wp:featuredmedia":[{"embeddable":true,"href":"https:\/\/dev.antudigital.cl\/sites\/vc\/wp-json\/wp\/v2\/media\/18153"}],"wp:attachment":[{"href":"https:\/\/dev.antudigital.cl\/sites\/vc\/wp-json\/wp\/v2\/media?parent=18149"}],"wp:term":[{"taxonomy":"category","embeddable":true,"href":"https:\/\/dev.antudigital.cl\/sites\/vc\/wp-json\/wp\/v2\/categories?post=18149"},{"taxonomy":"post_tag","embeddable":true,"href":"https:\/\/dev.antudigital.cl\/sites\/vc\/wp-json\/wp\/v2\/tags?post=18149"}],"curies":[{"name":"wp","href":"https:\/\/api.w.org\/{rel}","templated":true}]}}