{"id":18155,"date":"2024-01-15T22:10:07","date_gmt":"2024-01-15T22:10:07","guid":{"rendered":"https:\/\/www.valparaisocreativo.cl\/?p=18155"},"modified":"2024-01-15T22:10:16","modified_gmt":"2024-01-15T22:10:16","slug":"nueva-convocatoria-para-integrar-el-consejo-nacional-de-las-culturas-las-artes-y-el-patrimonio-2023-2027","status":"publish","type":"post","link":"https:\/\/dev.antudigital.cl\/sites\/vc\/nueva-convocatoria-para-integrar-el-consejo-nacional-de-las-culturas-las-artes-y-el-patrimonio-2023-2027\/","title":{"rendered":"Nueva convocatoria para integrar el Consejo Nacional de las Culturas, las Artes y el Patrimonio 2023-2027"},"content":{"rendered":"\n<p>El Ministerio de las Culturas, las Artes y el Patrimonio&nbsp;<strong>invita a todas las organizaciones culturales del pa\u00eds a presentar postulaciones para integrar el&nbsp;Consejo Nacional de las Culturas, las Artes y el Patrimonio,<\/strong>&nbsp;<strong>periodo 2023-2027.<\/strong>&nbsp;<strong>El plazo vence&nbsp;el 28 de enero de 2024.&nbsp;<\/strong><\/p>\n\n\n\n<p>Se trata de un organismo encargado de proponer pol\u00edticas, planes, programas y medidas al Ministerio, adem\u00e1s de definir aspectos como las l\u00edneas de los Fondos Concursables y el reconocimiento a cultores\/as y expresiones del Patrimonio Cultural, y otras tareas.<\/p>\n\n\n\n<p>Entre sus integrantes hay representantes de los diferentes estamentos ligados al \u00e1mbito de acci\u00f3n del Ministerio: personas reconocidas en las artes, culturas tradicionales y patrimonio cultural, pueblos originarios, migrantes, la academia y Premios Nacionales. Adem\u00e1s, cuenta con la participaci\u00f3n de los ministerios de Educaci\u00f3n, Relaciones Exteriores, Econom\u00eda, Fomento y Turismo.<\/p>\n\n\n\n<p><strong>Los miembros del Consejo Nacional que no sean funcionarias\/os p\u00fablicos tendr\u00e1n derecho a percibir una dieta equivalente a ocho unidades de fomento por cada sesi\u00f3n a la que asisten, con tope de ocho sesiones por a\u00f1o calendario.<\/strong>&nbsp;Esta dieta ser\u00e1 compatible con otros ingresos que perciba el consejero\/a.<\/p>\n\n\n\n<p>Los cupos disponibles de postulaci\u00f3n al Consejo Nacional son los siguientes:<\/p>\n\n\n\n<ul class=\"wp-block-list\">\n<li><strong>Tres personas representativas de las artes<\/strong>&nbsp;que tengan una reconocida vinculaci\u00f3n y una destacada trayectoria en actividades vinculadas al quehacer de la creaci\u00f3n art\u00edstica, industrias culturales, educaci\u00f3n art\u00edstica, artes visuales, artes esc\u00e9nicas, literatura, m\u00fasica, artes audiovisuales, dise\u00f1o, arquitectura o gesti\u00f3n cultural, designadas por el Presidente de la Rep\u00fablica a propuesta de las organizaciones que agrupan a artistas, cultores o gestores, que posean personalidad jur\u00eddica vigente. Un de estas designaciones requerir\u00e1 el acuerdo del Senado.<\/li>\n\n\n\n<li><strong>Dos personas representativas de las culturas tradicionales y el patrimonio cultural<\/strong>&nbsp;que tengan una reconocida vinculaci\u00f3n y una destacada trayectoria en estos \u00e1mbitos, como cultores, investigadores, especialistas o gestores culturales, designadas por el Presidente de la Rep\u00fablica a propuesta de las organizaciones patrimoniales del pa\u00eds, que posean personalidad jur\u00eddica vigente. Un de estas designaciones requerir\u00e1 el acuerdo del Senado.<\/li>\n\n\n\n<li><strong>Dos personas representativas de las culturas populares, culturas comunitarias u organizaciones ciudadanas<\/strong>&nbsp;que tengan una reconocida vinculaci\u00f3n y una destacada trayectoria en estos \u00e1mbitos, como creadores, cultores, investigadores, especialistas o gestores culturales, designadas por el Presidente de la Rep\u00fablica a propuesta de las organizaciones culturales del pa\u00eds, que posean personalidad jur\u00eddica vigente. Una de estas designaciones requerir\u00e1 el acuerdo del Senado.<\/li>\n<\/ul>\n\n\n\n<p>Debe tenerse presente que de acuerdo con el art\u00edculo 16 de la ley 21.045, las propuestas o designaciones deber\u00e1n realizarse asegurando, en cada caso, la representatividad de ambos sexos y que al menos una de ellas, en cada caso, sea de una regi\u00f3n distinta de la Regi\u00f3n Metropolitana.&nbsp;<\/p>\n\n\n\n<p><strong>Antecedentes requeridos para la postulaci\u00f3n<\/strong><\/p>\n\n\n\n<ol class=\"wp-block-list\">\n<li><strong>Formulario de postulaci\u00f3n<\/strong>&nbsp;al Consejo Nacional de las Culturas, las Artes y el Patrimonio, disponible \u2013&nbsp;<a href=\"https:\/\/ecofacturasplus.isc.cl\/ws\/registrarClic\/dc8fc522-cb00-48f1-8753-72b077755a22?mes_id=29573364&amp;id_en=999097\" target=\"_blank\" rel=\"noreferrer noopener\"><strong>descargar ac\u00e1<\/strong><\/a><\/li>\n\n\n\n<li><strong>Carta de la persona postulada<\/strong>&nbsp;donde declara que acepta la postulaci\u00f3n, disponible \u2013&nbsp;<a href=\"https:\/\/ecofacturasplus.isc.cl\/ws\/registrarClic\/9ec54d1d-2b8f-4fef-9ca0-48aee3e52269?mes_id=29573364&amp;id_en=999097\" target=\"_blank\" rel=\"noreferrer noopener\"><strong>descargar ac\u00e1<\/strong><\/a><\/li>\n\n\n\n<li><strong>Curr\u00edculum de la persona postulada<\/strong>, relacionada con el \u00e1mbito espec\u00edfico del cupo al que es postulada<\/li>\n\n\n\n<li><strong>Copia de la c\u00e9dula de identidad<\/strong>&nbsp;por ambos lados.<\/li>\n<\/ol>\n\n\n\n<p>M\u00e1s detalles de la postulaci\u00f3n en&nbsp;<a href=\"https:\/\/ecofacturasplus.isc.cl\/ws\/registrarClic\/cea6b55f-7357-4d60-9fd3-c7fcd769dbce?mes_id=29573364&amp;id_en=999097\" target=\"_blank\" rel=\"noreferrer noopener\">www.cultura.gob.cl.<\/a><\/p>\n","protected":false},"excerpt":{"rendered":"<p>El Ministerio de las Culturas, las Artes y el Patrimonio&nbsp;invita a todas las organizaciones culturales del pa\u00eds a presentar postulaciones para integrar el&nbsp;Consejo Nacional de las Culturas, las Artes y el Patrimonio,&nbsp;periodo 2023-2027.&nbsp;El plazo vence&nbsp;el 28 de enero de 2024.&nbsp; Se trata de un organismo encargado de proponer pol\u00edticas, planes, programas y medidas al Ministerio, [&hellip;]<\/p>\n","protected":false},"author":1,"featured_media":18156,"comment_status":"closed","ping_status":"closed","sticky":false,"template":"","format":"standard","meta":{"_acf_changed":false,"footnotes":""},"categories":[1],"tags":[],"class_list":["post-18155","post","type-post","status-publish","format-standard","has-post-thumbnail","hentry","category-uncategorized"],"acf":[],"yoast_head":"<!-- This site is optimized with the Yoast SEO plugin v27.1.1 - https:\/\/yoast.com\/product\/yoast-seo-wordpress\/ -->\n<title>Nueva convocatoria para integrar el Consejo Nacional de las Culturas, las Artes y el Patrimonio 2023-2027 - Valpara\u00ed\u00adso Creativo<\/title>\n<meta name=\"robots\" content=\"index, follow, max-snippet:-1, max-image-preview:large, max-video-preview:-1\" \/>\n<link rel=\"canonical\" href=\"https:\/\/dev.antudigital.cl\/sites\/vc\/nueva-convocatoria-para-integrar-el-consejo-nacional-de-las-culturas-las-artes-y-el-patrimonio-2023-2027\/\" \/>\n<meta property=\"og:locale\" content=\"es_ES\" \/>\n<meta property=\"og:type\" content=\"article\" \/>\n<meta property=\"og:title\" content=\"Nueva convocatoria para integrar el Consejo Nacional de las Culturas, las Artes y el Patrimonio 2023-2027 - Valpara\u00ed\u00adso Creativo\" \/>\n<meta property=\"og:description\" content=\"El Ministerio de las Culturas, las Artes y el Patrimonio&nbsp;invita a todas las organizaciones culturales del pa\u00eds a presentar postulaciones para integrar el&nbsp;Consejo Nacional de las Culturas, las Artes y el Patrimonio,&nbsp;periodo 2023-2027.&nbsp;El plazo vence&nbsp;el 28 de enero de 2024.&nbsp; Se trata de un organismo encargado de proponer pol\u00edticas, planes, programas y medidas al Ministerio, [&hellip;]\" \/>\n<meta property=\"og:url\" content=\"https:\/\/dev.antudigital.cl\/sites\/vc\/nueva-convocatoria-para-integrar-el-consejo-nacional-de-las-culturas-las-artes-y-el-patrimonio-2023-2027\/\" \/>\n<meta property=\"og:site_name\" content=\"Valpara\u00ed\u00adso Creativo\" \/>\n<meta property=\"article:published_time\" content=\"2024-01-15T22:10:07+00:00\" \/>\n<meta property=\"article:modified_time\" content=\"2024-01-15T22:10:16+00:00\" \/>\n<meta property=\"og:image\" content=\"https:\/\/dev.antudigital.cl\/sites\/vc\/wp-content\/uploads\/2024\/01\/unnamed-1.png\" \/>\n\t<meta property=\"og:image:width\" content=\"2535\" \/>\n\t<meta property=\"og:image:height\" content=\"868\" \/>\n\t<meta property=\"og:image:type\" content=\"image\/png\" \/>\n<meta name=\"author\" content=\"Valpara\u00edso Creativo\" \/>\n<meta name=\"twitter:card\" content=\"summary_large_image\" \/>\n<meta name=\"twitter:label1\" content=\"Escrito por\" \/>\n\t<meta name=\"twitter:data1\" content=\"Valpara\u00edso Creativo\" \/>\n\t<meta name=\"twitter:label2\" content=\"Tiempo de lectura\" \/>\n\t<meta name=\"twitter:data2\" content=\"3 minutos\" \/>\n<script type=\"application\/ld+json\" class=\"yoast-schema-graph\">{\"@context\":\"https:\/\/schema.org\",\"@graph\":[{\"@type\":\"Article\",\"@id\":\"https:\/\/dev.antudigital.cl\/sites\/vc\/nueva-convocatoria-para-integrar-el-consejo-nacional-de-las-culturas-las-artes-y-el-patrimonio-2023-2027\/#article\",\"isPartOf\":{\"@id\":\"https:\/\/dev.antudigital.cl\/sites\/vc\/nueva-convocatoria-para-integrar-el-consejo-nacional-de-las-culturas-las-artes-y-el-patrimonio-2023-2027\/\"},\"author\":{\"name\":\"Valpara\u00edso Creativo\",\"@id\":\"https:\/\/dev.antudigital.cl\/sites\/vc\/#\/schema\/person\/c2b9da8dd545e27166fc5ab232837318\"},\"headline\":\"Nueva convocatoria para integrar el Consejo Nacional de las Culturas, las Artes y el Patrimonio 2023-2027\",\"datePublished\":\"2024-01-15T22:10:07+00:00\",\"dateModified\":\"2024-01-15T22:10:16+00:00\",\"mainEntityOfPage\":{\"@id\":\"https:\/\/dev.antudigital.cl\/sites\/vc\/nueva-convocatoria-para-integrar-el-consejo-nacional-de-las-culturas-las-artes-y-el-patrimonio-2023-2027\/\"},\"wordCount\":583,\"image\":{\"@id\":\"https:\/\/dev.antudigital.cl\/sites\/vc\/nueva-convocatoria-para-integrar-el-consejo-nacional-de-las-culturas-las-artes-y-el-patrimonio-2023-2027\/#primaryimage\"},\"thumbnailUrl\":\"https:\/\/dev.antudigital.cl\/sites\/vc\/wp-content\/uploads\/2024\/01\/unnamed-1.png\",\"articleSection\":[\"Uncategorized\"],\"inLanguage\":\"es\"},{\"@type\":\"WebPage\",\"@id\":\"https:\/\/dev.antudigital.cl\/sites\/vc\/nueva-convocatoria-para-integrar-el-consejo-nacional-de-las-culturas-las-artes-y-el-patrimonio-2023-2027\/\",\"url\":\"https:\/\/dev.antudigital.cl\/sites\/vc\/nueva-convocatoria-para-integrar-el-consejo-nacional-de-las-culturas-las-artes-y-el-patrimonio-2023-2027\/\",\"name\":\"Nueva convocatoria para integrar el Consejo Nacional de las Culturas, las Artes y el Patrimonio 2023-2027 - Valpara\u00ed\u00adso Creativo\",\"isPartOf\":{\"@id\":\"https:\/\/dev.antudigital.cl\/sites\/vc\/#website\"},\"primaryImageOfPage\":{\"@id\":\"https:\/\/dev.antudigital.cl\/sites\/vc\/nueva-convocatoria-para-integrar-el-consejo-nacional-de-las-culturas-las-artes-y-el-patrimonio-2023-2027\/#primaryimage\"},\"image\":{\"@id\":\"https:\/\/dev.antudigital.cl\/sites\/vc\/nueva-convocatoria-para-integrar-el-consejo-nacional-de-las-culturas-las-artes-y-el-patrimonio-2023-2027\/#primaryimage\"},\"thumbnailUrl\":\"https:\/\/dev.antudigital.cl\/sites\/vc\/wp-content\/uploads\/2024\/01\/unnamed-1.png\",\"datePublished\":\"2024-01-15T22:10:07+00:00\",\"dateModified\":\"2024-01-15T22:10:16+00:00\",\"author\":{\"@id\":\"https:\/\/dev.antudigital.cl\/sites\/vc\/#\/schema\/person\/c2b9da8dd545e27166fc5ab232837318\"},\"breadcrumb\":{\"@id\":\"https:\/\/dev.antudigital.cl\/sites\/vc\/nueva-convocatoria-para-integrar-el-consejo-nacional-de-las-culturas-las-artes-y-el-patrimonio-2023-2027\/#breadcrumb\"},\"inLanguage\":\"es\",\"potentialAction\":[{\"@type\":\"ReadAction\",\"target\":[\"https:\/\/dev.antudigital.cl\/sites\/vc\/nueva-convocatoria-para-integrar-el-consejo-nacional-de-las-culturas-las-artes-y-el-patrimonio-2023-2027\/\"]}]},{\"@type\":\"ImageObject\",\"inLanguage\":\"es\",\"@id\":\"https:\/\/dev.antudigital.cl\/sites\/vc\/nueva-convocatoria-para-integrar-el-consejo-nacional-de-las-culturas-las-artes-y-el-patrimonio-2023-2027\/#primaryimage\",\"url\":\"https:\/\/dev.antudigital.cl\/sites\/vc\/wp-content\/uploads\/2024\/01\/unnamed-1.png\",\"contentUrl\":\"https:\/\/dev.antudigital.cl\/sites\/vc\/wp-content\/uploads\/2024\/01\/unnamed-1.png\",\"width\":2535,\"height\":868},{\"@type\":\"BreadcrumbList\",\"@id\":\"https:\/\/dev.antudigital.cl\/sites\/vc\/nueva-convocatoria-para-integrar-el-consejo-nacional-de-las-culturas-las-artes-y-el-patrimonio-2023-2027\/#breadcrumb\",\"itemListElement\":[{\"@type\":\"ListItem\",\"position\":1,\"name\":\"Home\",\"item\":\"https:\/\/dev.antudigital.cl\/sites\/vc\/\"},{\"@type\":\"ListItem\",\"position\":2,\"name\":\"Nueva convocatoria para integrar el Consejo Nacional de las Culturas, las Artes y el Patrimonio 2023-2027\"}]},{\"@type\":\"WebSite\",\"@id\":\"https:\/\/dev.antudigital.cl\/sites\/vc\/#website\",\"url\":\"https:\/\/dev.antudigital.cl\/sites\/vc\/\",\"name\":\"Valpara\u00ed\u00adso Creativo\",\"description\":\"\",\"potentialAction\":[{\"@type\":\"SearchAction\",\"target\":{\"@type\":\"EntryPoint\",\"urlTemplate\":\"https:\/\/dev.antudigital.cl\/sites\/vc\/?s={search_term_string}\"},\"query-input\":{\"@type\":\"PropertyValueSpecification\",\"valueRequired\":true,\"valueName\":\"search_term_string\"}}],\"inLanguage\":\"es\"},{\"@type\":\"Person\",\"@id\":\"https:\/\/dev.antudigital.cl\/sites\/vc\/#\/schema\/person\/c2b9da8dd545e27166fc5ab232837318\",\"name\":\"Valpara\u00edso Creativo\",\"description\":\"Periodista de cultura en la Regi\u00f3n de Valpara\u00edso.\",\"url\":\"https:\/\/dev.antudigital.cl\/sites\/vc\/author\/valpoadmin\/\"}]}<\/script>\n<!-- \/ Yoast SEO plugin. -->","yoast_head_json":{"title":"Nueva convocatoria para integrar el Consejo Nacional de las Culturas, las Artes y el Patrimonio 2023-2027 - Valpara\u00ed\u00adso Creativo","robots":{"index":"index","follow":"follow","max-snippet":"max-snippet:-1","max-image-preview":"max-image-preview:large","max-video-preview":"max-video-preview:-1"},"canonical":"https:\/\/dev.antudigital.cl\/sites\/vc\/nueva-convocatoria-para-integrar-el-consejo-nacional-de-las-culturas-las-artes-y-el-patrimonio-2023-2027\/","og_locale":"es_ES","og_type":"article","og_title":"Nueva convocatoria para integrar el Consejo Nacional de las Culturas, las Artes y el Patrimonio 2023-2027 - Valpara\u00ed\u00adso Creativo","og_description":"El Ministerio de las Culturas, las Artes y el Patrimonio&nbsp;invita a todas las organizaciones culturales del pa\u00eds a presentar postulaciones para integrar el&nbsp;Consejo Nacional de las Culturas, las Artes y el Patrimonio,&nbsp;periodo 2023-2027.&nbsp;El plazo vence&nbsp;el 28 de enero de 2024.&nbsp; Se trata de un organismo encargado de proponer pol\u00edticas, planes, programas y medidas al Ministerio, [&hellip;]","og_url":"https:\/\/dev.antudigital.cl\/sites\/vc\/nueva-convocatoria-para-integrar-el-consejo-nacional-de-las-culturas-las-artes-y-el-patrimonio-2023-2027\/","og_site_name":"Valpara\u00ed\u00adso Creativo","article_published_time":"2024-01-15T22:10:07+00:00","article_modified_time":"2024-01-15T22:10:16+00:00","og_image":[{"width":2535,"height":868,"url":"https:\/\/dev.antudigital.cl\/sites\/vc\/wp-content\/uploads\/2024\/01\/unnamed-1.png","type":"image\/png"}],"author":"Valpara\u00edso Creativo","twitter_card":"summary_large_image","twitter_misc":{"Escrito por":"Valpara\u00edso Creativo","Tiempo de lectura":"3 minutos"},"schema":{"@context":"https:\/\/schema.org","@graph":[{"@type":"Article","@id":"https:\/\/dev.antudigital.cl\/sites\/vc\/nueva-convocatoria-para-integrar-el-consejo-nacional-de-las-culturas-las-artes-y-el-patrimonio-2023-2027\/#article","isPartOf":{"@id":"https:\/\/dev.antudigital.cl\/sites\/vc\/nueva-convocatoria-para-integrar-el-consejo-nacional-de-las-culturas-las-artes-y-el-patrimonio-2023-2027\/"},"author":{"name":"Valpara\u00edso Creativo","@id":"https:\/\/dev.antudigital.cl\/sites\/vc\/#\/schema\/person\/c2b9da8dd545e27166fc5ab232837318"},"headline":"Nueva convocatoria para integrar el Consejo Nacional de las Culturas, las Artes y el Patrimonio 2023-2027","datePublished":"2024-01-15T22:10:07+00:00","dateModified":"2024-01-15T22:10:16+00:00","mainEntityOfPage":{"@id":"https:\/\/dev.antudigital.cl\/sites\/vc\/nueva-convocatoria-para-integrar-el-consejo-nacional-de-las-culturas-las-artes-y-el-patrimonio-2023-2027\/"},"wordCount":583,"image":{"@id":"https:\/\/dev.antudigital.cl\/sites\/vc\/nueva-convocatoria-para-integrar-el-consejo-nacional-de-las-culturas-las-artes-y-el-patrimonio-2023-2027\/#primaryimage"},"thumbnailUrl":"https:\/\/dev.antudigital.cl\/sites\/vc\/wp-content\/uploads\/2024\/01\/unnamed-1.png","articleSection":["Uncategorized"],"inLanguage":"es"},{"@type":"WebPage","@id":"https:\/\/dev.antudigital.cl\/sites\/vc\/nueva-convocatoria-para-integrar-el-consejo-nacional-de-las-culturas-las-artes-y-el-patrimonio-2023-2027\/","url":"https:\/\/dev.antudigital.cl\/sites\/vc\/nueva-convocatoria-para-integrar-el-consejo-nacional-de-las-culturas-las-artes-y-el-patrimonio-2023-2027\/","name":"Nueva convocatoria para integrar el Consejo Nacional de las Culturas, las Artes y el Patrimonio 2023-2027 - Valpara\u00ed\u00adso Creativo","isPartOf":{"@id":"https:\/\/dev.antudigital.cl\/sites\/vc\/#website"},"primaryImageOfPage":{"@id":"https:\/\/dev.antudigital.cl\/sites\/vc\/nueva-convocatoria-para-integrar-el-consejo-nacional-de-las-culturas-las-artes-y-el-patrimonio-2023-2027\/#primaryimage"},"image":{"@id":"https:\/\/dev.antudigital.cl\/sites\/vc\/nueva-convocatoria-para-integrar-el-consejo-nacional-de-las-culturas-las-artes-y-el-patrimonio-2023-2027\/#primaryimage"},"thumbnailUrl":"https:\/\/dev.antudigital.cl\/sites\/vc\/wp-content\/uploads\/2024\/01\/unnamed-1.png","datePublished":"2024-01-15T22:10:07+00:00","dateModified":"2024-01-15T22:10:16+00:00","author":{"@id":"https:\/\/dev.antudigital.cl\/sites\/vc\/#\/schema\/person\/c2b9da8dd545e27166fc5ab232837318"},"breadcrumb":{"@id":"https:\/\/dev.antudigital.cl\/sites\/vc\/nueva-convocatoria-para-integrar-el-consejo-nacional-de-las-culturas-las-artes-y-el-patrimonio-2023-2027\/#breadcrumb"},"inLanguage":"es","potentialAction":[{"@type":"ReadAction","target":["https:\/\/dev.antudigital.cl\/sites\/vc\/nueva-convocatoria-para-integrar-el-consejo-nacional-de-las-culturas-las-artes-y-el-patrimonio-2023-2027\/"]}]},{"@type":"ImageObject","inLanguage":"es","@id":"https:\/\/dev.antudigital.cl\/sites\/vc\/nueva-convocatoria-para-integrar-el-consejo-nacional-de-las-culturas-las-artes-y-el-patrimonio-2023-2027\/#primaryimage","url":"https:\/\/dev.antudigital.cl\/sites\/vc\/wp-content\/uploads\/2024\/01\/unnamed-1.png","contentUrl":"https:\/\/dev.antudigital.cl\/sites\/vc\/wp-content\/uploads\/2024\/01\/unnamed-1.png","width":2535,"height":868},{"@type":"BreadcrumbList","@id":"https:\/\/dev.antudigital.cl\/sites\/vc\/nueva-convocatoria-para-integrar-el-consejo-nacional-de-las-culturas-las-artes-y-el-patrimonio-2023-2027\/#breadcrumb","itemListElement":[{"@type":"ListItem","position":1,"name":"Home","item":"https:\/\/dev.antudigital.cl\/sites\/vc\/"},{"@type":"ListItem","position":2,"name":"Nueva convocatoria para integrar el Consejo Nacional de las Culturas, las Artes y el Patrimonio 2023-2027"}]},{"@type":"WebSite","@id":"https:\/\/dev.antudigital.cl\/sites\/vc\/#website","url":"https:\/\/dev.antudigital.cl\/sites\/vc\/","name":"Valpara\u00ed\u00adso Creativo","description":"","potentialAction":[{"@type":"SearchAction","target":{"@type":"EntryPoint","urlTemplate":"https:\/\/dev.antudigital.cl\/sites\/vc\/?s={search_term_string}"},"query-input":{"@type":"PropertyValueSpecification","valueRequired":true,"valueName":"search_term_string"}}],"inLanguage":"es"},{"@type":"Person","@id":"https:\/\/dev.antudigital.cl\/sites\/vc\/#\/schema\/person\/c2b9da8dd545e27166fc5ab232837318","name":"Valpara\u00edso Creativo","description":"Periodista de cultura en la Regi\u00f3n de Valpara\u00edso.","url":"https:\/\/dev.antudigital.cl\/sites\/vc\/author\/valpoadmin\/"}]}},"_links":{"self":[{"href":"https:\/\/dev.antudigital.cl\/sites\/vc\/wp-json\/wp\/v2\/posts\/18155","targetHints":{"allow":["GET"]}}],"collection":[{"href":"https:\/\/dev.antudigital.cl\/sites\/vc\/wp-json\/wp\/v2\/posts"}],"about":[{"href":"https:\/\/dev.antudigital.cl\/sites\/vc\/wp-json\/wp\/v2\/types\/post"}],"author":[{"embeddable":true,"href":"https:\/\/dev.antudigital.cl\/sites\/vc\/wp-json\/wp\/v2\/users\/1"}],"replies":[{"embeddable":true,"href":"https:\/\/dev.antudigital.cl\/sites\/vc\/wp-json\/wp\/v2\/comments?post=18155"}],"version-history":[{"count":1,"href":"https:\/\/dev.antudigital.cl\/sites\/vc\/wp-json\/wp\/v2\/posts\/18155\/revisions"}],"predecessor-version":[{"id":18157,"href":"https:\/\/dev.antudigital.cl\/sites\/vc\/wp-json\/wp\/v2\/posts\/18155\/revisions\/18157"}],"wp:featuredmedia":[{"embeddable":true,"href":"https:\/\/dev.antudigital.cl\/sites\/vc\/wp-json\/wp\/v2\/media\/18156"}],"wp:attachment":[{"href":"https:\/\/dev.antudigital.cl\/sites\/vc\/wp-json\/wp\/v2\/media?parent=18155"}],"wp:term":[{"taxonomy":"category","embeddable":true,"href":"https:\/\/dev.antudigital.cl\/sites\/vc\/wp-json\/wp\/v2\/categories?post=18155"},{"taxonomy":"post_tag","embeddable":true,"href":"https:\/\/dev.antudigital.cl\/sites\/vc\/wp-json\/wp\/v2\/tags?post=18155"}],"curies":[{"name":"wp","href":"https:\/\/api.w.org\/{rel}","templated":true}]}}