{"id":18158,"date":"2024-01-15T22:22:18","date_gmt":"2024-01-15T22:22:18","guid":{"rendered":"https:\/\/www.valparaisocreativo.cl\/?p=18158"},"modified":"2024-01-15T22:22:34","modified_gmt":"2024-01-15T22:22:34","slug":"artistas-de-todo-el-pais-presentan-ciclo-gratuito-de-artes-vivas-ventana-sur-en-estacion-mapocho","status":"publish","type":"post","link":"https:\/\/dev.antudigital.cl\/sites\/vc\/artistas-de-todo-el-pais-presentan-ciclo-gratuito-de-artes-vivas-ventana-sur-en-estacion-mapocho\/","title":{"rendered":"Artistas de todo el pa\u00eds presentan ciclo gratuito de artes vivas \u201cVentana Sur\u201d en Estaci\u00f3n Mapocho"},"content":{"rendered":"\n<p>Del 15 al 19 de enero en el Centro Cultural Estaci\u00f3n Mapocho se llevar\u00e1 a cabo Ventana Sur, ciclo de exhibiciones, aperturas de procesos, conversatorios y seminarios en torno a las artes vivas latinoamericanas, impulsado por la Fundaci\u00f3n Cuerpo Sur y su colectivo art\u00edstico hom\u00f3nimo.&nbsp;<\/p>\n\n\n\n<p>\u201cComo Fundaci\u00f3n queremos promover las artes vivas latinoamericanas, con un fuerte \u00e9nfasis en las epistemolog\u00edas del sur del mundo. Nos interesa promover instancias donde se cuestionen los saberes hegem\u00f3nicos y se abra el espacio a la experimentaci\u00f3n y a los cruces disciplinares\u201d, expres\u00f3 \u00c9bana Gar\u00edn, co-directora de Cuerpo Sur.&nbsp;<\/p>\n\n\n\n<p>La inauguraci\u00f3n est\u00e1 programada para el lunes 15 de enero a las 19.00 horas en el Espacio Transiberiano, ubicado en el Centro Cultural Estaci\u00f3n Mapocho. Todas las actividades programadas en Ventana Sur son gratuitas. Las personas interesadas en asistir deben inscribirse en el formulario disponible en\u00a0<a href=\"http:\/\/www.cuerposur.com\/\" target=\"_blank\" rel=\"noreferrer noopener\">www.cuerposur.com<\/a>\u00a0o en la cuenta de Instagram @cuerposur.\u00a0<\/p>\n\n\n\n<figure class=\"wp-block-image size-full\"><img fetchpriority=\"high\" decoding=\"async\" width=\"768\" height=\"1024\" src=\"https:\/\/www.valparaisocreativo.cl\/wp-content\/uploads\/2024\/01\/Avanzada-Sur-4.jpeg\" alt=\"\" class=\"wp-image-18160\" srcset=\"https:\/\/dev.antudigital.cl\/sites\/vc\/wp-content\/uploads\/2024\/01\/Avanzada-Sur-4.jpeg 768w, https:\/\/dev.antudigital.cl\/sites\/vc\/wp-content\/uploads\/2024\/01\/Avanzada-Sur-4-225x300.jpeg 225w, https:\/\/dev.antudigital.cl\/sites\/vc\/wp-content\/uploads\/2024\/01\/Avanzada-Sur-4-480x640.jpeg 480w, https:\/\/dev.antudigital.cl\/sites\/vc\/wp-content\/uploads\/2024\/01\/Avanzada-Sur-4-18x24.jpeg 18w, https:\/\/dev.antudigital.cl\/sites\/vc\/wp-content\/uploads\/2024\/01\/Avanzada-Sur-4-27x36.jpeg 27w, https:\/\/dev.antudigital.cl\/sites\/vc\/wp-content\/uploads\/2024\/01\/Avanzada-Sur-4-36x48.jpeg 36w\" sizes=\"(max-width: 768px) 100vw, 768px\" \/><\/figure>\n\n\n\n<p>Ventana Sur abre espacios para la exhibici\u00f3n de los trabajos en proceso de las artistas residentes del Programa de Residencias Avanzada Sur, cuya primera versi\u00f3n se desarroll\u00f3 el a\u00f1o pasado en Chilo\u00e9 y Valpara\u00edso, gracias a la gesti\u00f3n de la misma Fundaci\u00f3n. El ciclo tambi\u00e9n contempla la presentaci\u00f3n de las obras y proyectos de artistas que colaboran con Fundaci\u00f3n Cuerpo Sur como facilitadores de saberes y pr\u00e1cticas art\u00edsticas anticoloniales.&nbsp;<\/p>\n\n\n\n<p>\u201cLa importancia del formato de residencia es dar la oportunidad a artistas para realizar una investigaci\u00f3n sin la ansiedad de un producto final. Salir de nuestro cotidiano nos permite darle la posibilidad al material, a la tem\u00e1tica y abrir nuevas puertas en di\u00e1logo con otros artistas, lenguajes y territorios\u201d, agrega Luis Guenel, co-director de la fundaci\u00f3n.<\/p>\n\n\n\n<p><strong>Programaci\u00f3n<\/strong><\/p>\n\n\n\n<p>El lunes 15 de enero a las 19:00 horas es el lanzamiento del ciclo Ventana Sur. El hito considera la introducci\u00f3n de las artistas residentes: Katalina Oyarzo (Punta Arenas), Ignacia Uribe (Santiago), Natalia Montoya (Iquique), Carla Sotomayor (Valpara\u00edso) y Luz\u00e9 (R\u00edo de Janeiro, Brasil); junto con la presentaci\u00f3n del resto de la programaci\u00f3n.<\/p>\n\n\n\n<p>Los d\u00edas martes 16 y mi\u00e9rcoles 17 de enero est\u00e1n programadas las exhibiciones de los trabajos en proceso de dichas artistas. A las 18:15 se presenta \u201cPunto Red\u201d, de Katalina Oyarzo, pieza que intersecta reflexiones en torno a la ra\u00edz chilota, el tejido y su relaci\u00f3n con el mar. A las 18:45 horas, es el turno de la Colectiva Loca, que expone \u201cChilwe 2024\u201d, proyecto que nace a partir de la recolecci\u00f3n de paisajes sonoros y registros testimoniales auditivos del territorio chilote.<\/p>\n\n\n\n<p>A las 19:15 horas se presenta Natalia Montoya con \u201cJaguar en Flor\u201d, que explora en las cualidades curativas de las plantas de poder y las relaciones ancestrales inter-especies, utilizando el cuerpo como veh\u00edculo para el encuentro con otros seres en un di\u00e1logo de cooperaci\u00f3n.<\/p>\n\n\n\n<p>M\u00e1s tarde, a las 19:45 horas, la Colectivx Experiencia Humana presenta \u201cExpedici\u00f3n 180\u201d. Se trata de una performance que aborda una caminata absurda por el archipi\u00e9lago de Chilo\u00e9 (+200k) en 18 d\u00edas para encontrar una obra perdida. Finalmente, a las 20:15 horas, Luz\u00e9, artista brasile\u00f1a, exhibe \u201cDe Pelos y Cicatrices\u201d, propuesta resultante de una investigaci\u00f3n sobre el vello corporal y el pelillo, alga del Pac\u00edfico muy consumida en Jap\u00f3n. Luz\u00e9 experimenta con la materialidad, desarrollando un ensayo sobre la relaci\u00f3n autof\u00e1gica con el vello corporal.<\/p>\n\n\n\n<p>El jueves 18 de enero a las 10:30 se efectuar\u00e1n una serie de presentaciones de proyectos de artistas de la Regi\u00f3n Metropolitana. Y a las 20:00 horas, habr\u00e1 una \u00fanica funci\u00f3n de la aplaudida obra Reminiscencia, de Malicho Vaca, experiencia que pone el foco en lugares m\u00e1gicos y singulares, relevando una topograf\u00eda emocional, una relaci\u00f3n con la ciudad que para cada una siempre es diferente, pero en la que inevitablemente todos se encuentran.<\/p>\n\n\n\n<p>En tanto, el viernes 19 de enero, a las 10:30 horas, se realizar\u00e1 una jornada denominada Derivas + Provocaciones que contempla un conversatorio en colaboraci\u00f3n con Paisaje P\u00fablico, organizaci\u00f3n dedicada al fomento de las artes vivas en el espacio p\u00fablico en Chile.\u00a0<\/p>\n\n\n\n<figure class=\"wp-block-image size-full\"><img decoding=\"async\" width=\"768\" height=\"1024\" src=\"https:\/\/www.valparaisocreativo.cl\/wp-content\/uploads\/2024\/01\/Avanzada-Sur-5.jpeg\" alt=\"\" class=\"wp-image-18161\" srcset=\"https:\/\/dev.antudigital.cl\/sites\/vc\/wp-content\/uploads\/2024\/01\/Avanzada-Sur-5.jpeg 768w, https:\/\/dev.antudigital.cl\/sites\/vc\/wp-content\/uploads\/2024\/01\/Avanzada-Sur-5-225x300.jpeg 225w, https:\/\/dev.antudigital.cl\/sites\/vc\/wp-content\/uploads\/2024\/01\/Avanzada-Sur-5-480x640.jpeg 480w, https:\/\/dev.antudigital.cl\/sites\/vc\/wp-content\/uploads\/2024\/01\/Avanzada-Sur-5-18x24.jpeg 18w, https:\/\/dev.antudigital.cl\/sites\/vc\/wp-content\/uploads\/2024\/01\/Avanzada-Sur-5-27x36.jpeg 27w, https:\/\/dev.antudigital.cl\/sites\/vc\/wp-content\/uploads\/2024\/01\/Avanzada-Sur-5-36x48.jpeg 36w\" sizes=\"(max-width: 768px) 100vw, 768px\" \/><\/figure>\n\n\n\n<p>Y el mismo d\u00eda, a las 18:30 horas, la invitaci\u00f3n es a ser parte de \u201cC\u00f3mo se Recuerda un Crimen: R\u00edo Mapocho\u201d, experiencia esc\u00e9nica experimental y participativa, que propone reflexionar sobre las diversas memorias que conviven en un sitio espec\u00edfico.&nbsp;<\/p>\n\n\n\n<p>Paralelamente a esta programaci\u00f3n (10:30 y 13:00 horas), se ejecutar\u00e1 el Seminario \u201cAproximaciones a la performance\u201d, con Cheril Linett, artista de performance, creadora y directora del proyecto Yeguada Latinamericana.<\/p>\n\n\n\n<p>Toda la informaci\u00f3n y el formulario de inscripci\u00f3n est\u00e1n disponible en&nbsp;<a href=\"http:\/\/www.cuerposur.com\/\" target=\"_blank\" rel=\"noreferrer noopener\">www.cuerposur.com<\/a>&nbsp;y en&nbsp;<a href=\"http:\/\/www.estacionmapocho.cl\/\" target=\"_blank\" rel=\"noreferrer noopener\">www.estacionmapocho.cl<\/a><\/p>\n\n\n\n<p>La Fundaci\u00f3n Cuerpo Sur cuenta con el financiamiento de&nbsp;Stichting DOEN, Liquenlab Magallanes, Comarca Contuy, Paisaje P\u00fablico, Goethe Institut Chile, Fundaci\u00f3n Santiago Off, el Centro Cultural Estaci\u00f3n Mapocho, Cooperativa Red Compartir, Circo Virtual.<\/p>\n","protected":false},"excerpt":{"rendered":"<p>Del 15 al 19 de enero en el Centro Cultural Estaci\u00f3n Mapocho se llevar\u00e1 a cabo Ventana Sur, ciclo de exhibiciones, aperturas de procesos, conversatorios y seminarios en torno a las artes vivas latinoamericanas, impulsado por la Fundaci\u00f3n Cuerpo Sur y su colectivo art\u00edstico hom\u00f3nimo.&nbsp; \u201cComo Fundaci\u00f3n queremos promover las artes vivas latinoamericanas, con un [&hellip;]<\/p>\n","protected":false},"author":1,"featured_media":18159,"comment_status":"closed","ping_status":"closed","sticky":false,"template":"","format":"standard","meta":{"_acf_changed":false,"footnotes":""},"categories":[1],"tags":[],"class_list":["post-18158","post","type-post","status-publish","format-standard","has-post-thumbnail","hentry","category-uncategorized"],"acf":[],"yoast_head":"<!-- This site is optimized with the Yoast SEO plugin v27.1.1 - https:\/\/yoast.com\/product\/yoast-seo-wordpress\/ -->\n<title>Artistas de todo el pa\u00eds presentan ciclo gratuito de artes vivas \u201cVentana Sur\u201d en Estaci\u00f3n Mapocho - Valpara\u00ed\u00adso Creativo<\/title>\n<meta name=\"robots\" content=\"index, follow, max-snippet:-1, max-image-preview:large, max-video-preview:-1\" \/>\n<link rel=\"canonical\" href=\"https:\/\/dev.antudigital.cl\/sites\/vc\/artistas-de-todo-el-pais-presentan-ciclo-gratuito-de-artes-vivas-ventana-sur-en-estacion-mapocho\/\" \/>\n<meta property=\"og:locale\" content=\"es_ES\" \/>\n<meta property=\"og:type\" content=\"article\" \/>\n<meta property=\"og:title\" content=\"Artistas de todo el pa\u00eds presentan ciclo gratuito de artes vivas \u201cVentana Sur\u201d en Estaci\u00f3n Mapocho - Valpara\u00ed\u00adso Creativo\" \/>\n<meta property=\"og:description\" content=\"Del 15 al 19 de enero en el Centro Cultural Estaci\u00f3n Mapocho se llevar\u00e1 a cabo Ventana Sur, ciclo de exhibiciones, aperturas de procesos, conversatorios y seminarios en torno a las artes vivas latinoamericanas, impulsado por la Fundaci\u00f3n Cuerpo Sur y su colectivo art\u00edstico hom\u00f3nimo.&nbsp; \u201cComo Fundaci\u00f3n queremos promover las artes vivas latinoamericanas, con un [&hellip;]\" \/>\n<meta property=\"og:url\" content=\"https:\/\/dev.antudigital.cl\/sites\/vc\/artistas-de-todo-el-pais-presentan-ciclo-gratuito-de-artes-vivas-ventana-sur-en-estacion-mapocho\/\" \/>\n<meta property=\"og:site_name\" content=\"Valpara\u00ed\u00adso Creativo\" \/>\n<meta property=\"article:published_time\" content=\"2024-01-15T22:22:18+00:00\" \/>\n<meta property=\"article:modified_time\" content=\"2024-01-15T22:22:34+00:00\" \/>\n<meta property=\"og:image\" content=\"https:\/\/dev.antudigital.cl\/sites\/vc\/wp-content\/uploads\/2024\/01\/Ventana-Sur.png\" \/>\n\t<meta property=\"og:image:width\" content=\"656\" \/>\n\t<meta property=\"og:image:height\" content=\"517\" \/>\n\t<meta property=\"og:image:type\" content=\"image\/png\" \/>\n<meta name=\"author\" content=\"Valpara\u00edso Creativo\" \/>\n<meta name=\"twitter:card\" content=\"summary_large_image\" \/>\n<meta name=\"twitter:label1\" content=\"Escrito por\" \/>\n\t<meta name=\"twitter:data1\" content=\"Valpara\u00edso Creativo\" \/>\n\t<meta name=\"twitter:label2\" content=\"Tiempo de lectura\" \/>\n\t<meta name=\"twitter:data2\" content=\"5 minutos\" \/>\n<script type=\"application\/ld+json\" class=\"yoast-schema-graph\">{\"@context\":\"https:\/\/schema.org\",\"@graph\":[{\"@type\":\"Article\",\"@id\":\"https:\/\/dev.antudigital.cl\/sites\/vc\/artistas-de-todo-el-pais-presentan-ciclo-gratuito-de-artes-vivas-ventana-sur-en-estacion-mapocho\/#article\",\"isPartOf\":{\"@id\":\"https:\/\/dev.antudigital.cl\/sites\/vc\/artistas-de-todo-el-pais-presentan-ciclo-gratuito-de-artes-vivas-ventana-sur-en-estacion-mapocho\/\"},\"author\":{\"name\":\"Valpara\u00edso Creativo\",\"@id\":\"https:\/\/dev.antudigital.cl\/sites\/vc\/#\/schema\/person\/c2b9da8dd545e27166fc5ab232837318\"},\"headline\":\"Artistas de todo el pa\u00eds presentan ciclo gratuito de artes vivas \u201cVentana Sur\u201d en Estaci\u00f3n Mapocho\",\"datePublished\":\"2024-01-15T22:22:18+00:00\",\"dateModified\":\"2024-01-15T22:22:34+00:00\",\"mainEntityOfPage\":{\"@id\":\"https:\/\/dev.antudigital.cl\/sites\/vc\/artistas-de-todo-el-pais-presentan-ciclo-gratuito-de-artes-vivas-ventana-sur-en-estacion-mapocho\/\"},\"wordCount\":852,\"image\":{\"@id\":\"https:\/\/dev.antudigital.cl\/sites\/vc\/artistas-de-todo-el-pais-presentan-ciclo-gratuito-de-artes-vivas-ventana-sur-en-estacion-mapocho\/#primaryimage\"},\"thumbnailUrl\":\"https:\/\/dev.antudigital.cl\/sites\/vc\/wp-content\/uploads\/2024\/01\/Ventana-Sur.png\",\"articleSection\":[\"Uncategorized\"],\"inLanguage\":\"es\"},{\"@type\":\"WebPage\",\"@id\":\"https:\/\/dev.antudigital.cl\/sites\/vc\/artistas-de-todo-el-pais-presentan-ciclo-gratuito-de-artes-vivas-ventana-sur-en-estacion-mapocho\/\",\"url\":\"https:\/\/dev.antudigital.cl\/sites\/vc\/artistas-de-todo-el-pais-presentan-ciclo-gratuito-de-artes-vivas-ventana-sur-en-estacion-mapocho\/\",\"name\":\"Artistas de todo el pa\u00eds presentan ciclo gratuito de artes vivas \u201cVentana Sur\u201d en Estaci\u00f3n Mapocho - Valpara\u00ed\u00adso Creativo\",\"isPartOf\":{\"@id\":\"https:\/\/dev.antudigital.cl\/sites\/vc\/#website\"},\"primaryImageOfPage\":{\"@id\":\"https:\/\/dev.antudigital.cl\/sites\/vc\/artistas-de-todo-el-pais-presentan-ciclo-gratuito-de-artes-vivas-ventana-sur-en-estacion-mapocho\/#primaryimage\"},\"image\":{\"@id\":\"https:\/\/dev.antudigital.cl\/sites\/vc\/artistas-de-todo-el-pais-presentan-ciclo-gratuito-de-artes-vivas-ventana-sur-en-estacion-mapocho\/#primaryimage\"},\"thumbnailUrl\":\"https:\/\/dev.antudigital.cl\/sites\/vc\/wp-content\/uploads\/2024\/01\/Ventana-Sur.png\",\"datePublished\":\"2024-01-15T22:22:18+00:00\",\"dateModified\":\"2024-01-15T22:22:34+00:00\",\"author\":{\"@id\":\"https:\/\/dev.antudigital.cl\/sites\/vc\/#\/schema\/person\/c2b9da8dd545e27166fc5ab232837318\"},\"breadcrumb\":{\"@id\":\"https:\/\/dev.antudigital.cl\/sites\/vc\/artistas-de-todo-el-pais-presentan-ciclo-gratuito-de-artes-vivas-ventana-sur-en-estacion-mapocho\/#breadcrumb\"},\"inLanguage\":\"es\",\"potentialAction\":[{\"@type\":\"ReadAction\",\"target\":[\"https:\/\/dev.antudigital.cl\/sites\/vc\/artistas-de-todo-el-pais-presentan-ciclo-gratuito-de-artes-vivas-ventana-sur-en-estacion-mapocho\/\"]}]},{\"@type\":\"ImageObject\",\"inLanguage\":\"es\",\"@id\":\"https:\/\/dev.antudigital.cl\/sites\/vc\/artistas-de-todo-el-pais-presentan-ciclo-gratuito-de-artes-vivas-ventana-sur-en-estacion-mapocho\/#primaryimage\",\"url\":\"https:\/\/dev.antudigital.cl\/sites\/vc\/wp-content\/uploads\/2024\/01\/Ventana-Sur.png\",\"contentUrl\":\"https:\/\/dev.antudigital.cl\/sites\/vc\/wp-content\/uploads\/2024\/01\/Ventana-Sur.png\",\"width\":656,\"height\":517},{\"@type\":\"BreadcrumbList\",\"@id\":\"https:\/\/dev.antudigital.cl\/sites\/vc\/artistas-de-todo-el-pais-presentan-ciclo-gratuito-de-artes-vivas-ventana-sur-en-estacion-mapocho\/#breadcrumb\",\"itemListElement\":[{\"@type\":\"ListItem\",\"position\":1,\"name\":\"Home\",\"item\":\"https:\/\/dev.antudigital.cl\/sites\/vc\/\"},{\"@type\":\"ListItem\",\"position\":2,\"name\":\"Artistas de todo el pa\u00eds presentan ciclo gratuito de artes vivas \u201cVentana Sur\u201d en Estaci\u00f3n Mapocho\"}]},{\"@type\":\"WebSite\",\"@id\":\"https:\/\/dev.antudigital.cl\/sites\/vc\/#website\",\"url\":\"https:\/\/dev.antudigital.cl\/sites\/vc\/\",\"name\":\"Valpara\u00ed\u00adso Creativo\",\"description\":\"\",\"potentialAction\":[{\"@type\":\"SearchAction\",\"target\":{\"@type\":\"EntryPoint\",\"urlTemplate\":\"https:\/\/dev.antudigital.cl\/sites\/vc\/?s={search_term_string}\"},\"query-input\":{\"@type\":\"PropertyValueSpecification\",\"valueRequired\":true,\"valueName\":\"search_term_string\"}}],\"inLanguage\":\"es\"},{\"@type\":\"Person\",\"@id\":\"https:\/\/dev.antudigital.cl\/sites\/vc\/#\/schema\/person\/c2b9da8dd545e27166fc5ab232837318\",\"name\":\"Valpara\u00edso Creativo\",\"description\":\"Periodista de cultura en la Regi\u00f3n de Valpara\u00edso.\",\"url\":\"https:\/\/dev.antudigital.cl\/sites\/vc\/author\/valpoadmin\/\"}]}<\/script>\n<!-- \/ Yoast SEO plugin. -->","yoast_head_json":{"title":"Artistas de todo el pa\u00eds presentan ciclo gratuito de artes vivas \u201cVentana Sur\u201d en Estaci\u00f3n Mapocho - Valpara\u00ed\u00adso Creativo","robots":{"index":"index","follow":"follow","max-snippet":"max-snippet:-1","max-image-preview":"max-image-preview:large","max-video-preview":"max-video-preview:-1"},"canonical":"https:\/\/dev.antudigital.cl\/sites\/vc\/artistas-de-todo-el-pais-presentan-ciclo-gratuito-de-artes-vivas-ventana-sur-en-estacion-mapocho\/","og_locale":"es_ES","og_type":"article","og_title":"Artistas de todo el pa\u00eds presentan ciclo gratuito de artes vivas \u201cVentana Sur\u201d en Estaci\u00f3n Mapocho - Valpara\u00ed\u00adso Creativo","og_description":"Del 15 al 19 de enero en el Centro Cultural Estaci\u00f3n Mapocho se llevar\u00e1 a cabo Ventana Sur, ciclo de exhibiciones, aperturas de procesos, conversatorios y seminarios en torno a las artes vivas latinoamericanas, impulsado por la Fundaci\u00f3n Cuerpo Sur y su colectivo art\u00edstico hom\u00f3nimo.&nbsp; \u201cComo Fundaci\u00f3n queremos promover las artes vivas latinoamericanas, con un [&hellip;]","og_url":"https:\/\/dev.antudigital.cl\/sites\/vc\/artistas-de-todo-el-pais-presentan-ciclo-gratuito-de-artes-vivas-ventana-sur-en-estacion-mapocho\/","og_site_name":"Valpara\u00ed\u00adso Creativo","article_published_time":"2024-01-15T22:22:18+00:00","article_modified_time":"2024-01-15T22:22:34+00:00","og_image":[{"width":656,"height":517,"url":"https:\/\/dev.antudigital.cl\/sites\/vc\/wp-content\/uploads\/2024\/01\/Ventana-Sur.png","type":"image\/png"}],"author":"Valpara\u00edso Creativo","twitter_card":"summary_large_image","twitter_misc":{"Escrito por":"Valpara\u00edso Creativo","Tiempo de lectura":"5 minutos"},"schema":{"@context":"https:\/\/schema.org","@graph":[{"@type":"Article","@id":"https:\/\/dev.antudigital.cl\/sites\/vc\/artistas-de-todo-el-pais-presentan-ciclo-gratuito-de-artes-vivas-ventana-sur-en-estacion-mapocho\/#article","isPartOf":{"@id":"https:\/\/dev.antudigital.cl\/sites\/vc\/artistas-de-todo-el-pais-presentan-ciclo-gratuito-de-artes-vivas-ventana-sur-en-estacion-mapocho\/"},"author":{"name":"Valpara\u00edso Creativo","@id":"https:\/\/dev.antudigital.cl\/sites\/vc\/#\/schema\/person\/c2b9da8dd545e27166fc5ab232837318"},"headline":"Artistas de todo el pa\u00eds presentan ciclo gratuito de artes vivas \u201cVentana Sur\u201d en Estaci\u00f3n Mapocho","datePublished":"2024-01-15T22:22:18+00:00","dateModified":"2024-01-15T22:22:34+00:00","mainEntityOfPage":{"@id":"https:\/\/dev.antudigital.cl\/sites\/vc\/artistas-de-todo-el-pais-presentan-ciclo-gratuito-de-artes-vivas-ventana-sur-en-estacion-mapocho\/"},"wordCount":852,"image":{"@id":"https:\/\/dev.antudigital.cl\/sites\/vc\/artistas-de-todo-el-pais-presentan-ciclo-gratuito-de-artes-vivas-ventana-sur-en-estacion-mapocho\/#primaryimage"},"thumbnailUrl":"https:\/\/dev.antudigital.cl\/sites\/vc\/wp-content\/uploads\/2024\/01\/Ventana-Sur.png","articleSection":["Uncategorized"],"inLanguage":"es"},{"@type":"WebPage","@id":"https:\/\/dev.antudigital.cl\/sites\/vc\/artistas-de-todo-el-pais-presentan-ciclo-gratuito-de-artes-vivas-ventana-sur-en-estacion-mapocho\/","url":"https:\/\/dev.antudigital.cl\/sites\/vc\/artistas-de-todo-el-pais-presentan-ciclo-gratuito-de-artes-vivas-ventana-sur-en-estacion-mapocho\/","name":"Artistas de todo el pa\u00eds presentan ciclo gratuito de artes vivas \u201cVentana Sur\u201d en Estaci\u00f3n Mapocho - Valpara\u00ed\u00adso Creativo","isPartOf":{"@id":"https:\/\/dev.antudigital.cl\/sites\/vc\/#website"},"primaryImageOfPage":{"@id":"https:\/\/dev.antudigital.cl\/sites\/vc\/artistas-de-todo-el-pais-presentan-ciclo-gratuito-de-artes-vivas-ventana-sur-en-estacion-mapocho\/#primaryimage"},"image":{"@id":"https:\/\/dev.antudigital.cl\/sites\/vc\/artistas-de-todo-el-pais-presentan-ciclo-gratuito-de-artes-vivas-ventana-sur-en-estacion-mapocho\/#primaryimage"},"thumbnailUrl":"https:\/\/dev.antudigital.cl\/sites\/vc\/wp-content\/uploads\/2024\/01\/Ventana-Sur.png","datePublished":"2024-01-15T22:22:18+00:00","dateModified":"2024-01-15T22:22:34+00:00","author":{"@id":"https:\/\/dev.antudigital.cl\/sites\/vc\/#\/schema\/person\/c2b9da8dd545e27166fc5ab232837318"},"breadcrumb":{"@id":"https:\/\/dev.antudigital.cl\/sites\/vc\/artistas-de-todo-el-pais-presentan-ciclo-gratuito-de-artes-vivas-ventana-sur-en-estacion-mapocho\/#breadcrumb"},"inLanguage":"es","potentialAction":[{"@type":"ReadAction","target":["https:\/\/dev.antudigital.cl\/sites\/vc\/artistas-de-todo-el-pais-presentan-ciclo-gratuito-de-artes-vivas-ventana-sur-en-estacion-mapocho\/"]}]},{"@type":"ImageObject","inLanguage":"es","@id":"https:\/\/dev.antudigital.cl\/sites\/vc\/artistas-de-todo-el-pais-presentan-ciclo-gratuito-de-artes-vivas-ventana-sur-en-estacion-mapocho\/#primaryimage","url":"https:\/\/dev.antudigital.cl\/sites\/vc\/wp-content\/uploads\/2024\/01\/Ventana-Sur.png","contentUrl":"https:\/\/dev.antudigital.cl\/sites\/vc\/wp-content\/uploads\/2024\/01\/Ventana-Sur.png","width":656,"height":517},{"@type":"BreadcrumbList","@id":"https:\/\/dev.antudigital.cl\/sites\/vc\/artistas-de-todo-el-pais-presentan-ciclo-gratuito-de-artes-vivas-ventana-sur-en-estacion-mapocho\/#breadcrumb","itemListElement":[{"@type":"ListItem","position":1,"name":"Home","item":"https:\/\/dev.antudigital.cl\/sites\/vc\/"},{"@type":"ListItem","position":2,"name":"Artistas de todo el pa\u00eds presentan ciclo gratuito de artes vivas \u201cVentana Sur\u201d en Estaci\u00f3n Mapocho"}]},{"@type":"WebSite","@id":"https:\/\/dev.antudigital.cl\/sites\/vc\/#website","url":"https:\/\/dev.antudigital.cl\/sites\/vc\/","name":"Valpara\u00ed\u00adso Creativo","description":"","potentialAction":[{"@type":"SearchAction","target":{"@type":"EntryPoint","urlTemplate":"https:\/\/dev.antudigital.cl\/sites\/vc\/?s={search_term_string}"},"query-input":{"@type":"PropertyValueSpecification","valueRequired":true,"valueName":"search_term_string"}}],"inLanguage":"es"},{"@type":"Person","@id":"https:\/\/dev.antudigital.cl\/sites\/vc\/#\/schema\/person\/c2b9da8dd545e27166fc5ab232837318","name":"Valpara\u00edso Creativo","description":"Periodista de cultura en la Regi\u00f3n de Valpara\u00edso.","url":"https:\/\/dev.antudigital.cl\/sites\/vc\/author\/valpoadmin\/"}]}},"_links":{"self":[{"href":"https:\/\/dev.antudigital.cl\/sites\/vc\/wp-json\/wp\/v2\/posts\/18158","targetHints":{"allow":["GET"]}}],"collection":[{"href":"https:\/\/dev.antudigital.cl\/sites\/vc\/wp-json\/wp\/v2\/posts"}],"about":[{"href":"https:\/\/dev.antudigital.cl\/sites\/vc\/wp-json\/wp\/v2\/types\/post"}],"author":[{"embeddable":true,"href":"https:\/\/dev.antudigital.cl\/sites\/vc\/wp-json\/wp\/v2\/users\/1"}],"replies":[{"embeddable":true,"href":"https:\/\/dev.antudigital.cl\/sites\/vc\/wp-json\/wp\/v2\/comments?post=18158"}],"version-history":[{"count":1,"href":"https:\/\/dev.antudigital.cl\/sites\/vc\/wp-json\/wp\/v2\/posts\/18158\/revisions"}],"predecessor-version":[{"id":18162,"href":"https:\/\/dev.antudigital.cl\/sites\/vc\/wp-json\/wp\/v2\/posts\/18158\/revisions\/18162"}],"wp:featuredmedia":[{"embeddable":true,"href":"https:\/\/dev.antudigital.cl\/sites\/vc\/wp-json\/wp\/v2\/media\/18159"}],"wp:attachment":[{"href":"https:\/\/dev.antudigital.cl\/sites\/vc\/wp-json\/wp\/v2\/media?parent=18158"}],"wp:term":[{"taxonomy":"category","embeddable":true,"href":"https:\/\/dev.antudigital.cl\/sites\/vc\/wp-json\/wp\/v2\/categories?post=18158"},{"taxonomy":"post_tag","embeddable":true,"href":"https:\/\/dev.antudigital.cl\/sites\/vc\/wp-json\/wp\/v2\/tags?post=18158"}],"curies":[{"name":"wp","href":"https:\/\/api.w.org\/{rel}","templated":true}]}}