{"id":18163,"date":"2024-01-15T22:27:25","date_gmt":"2024-01-15T22:27:25","guid":{"rendered":"https:\/\/www.valparaisocreativo.cl\/?p=18163"},"modified":"2024-01-15T22:27:33","modified_gmt":"2024-01-15T22:27:33","slug":"duo-musical-ayana-palo-abre-la-cartelera-de-espectaculo-2024-en-las-alturas-del-cerro-en-valparaiso","status":"publish","type":"post","link":"https:\/\/dev.antudigital.cl\/sites\/vc\/duo-musical-ayana-palo-abre-la-cartelera-de-espectaculo-2024-en-las-alturas-del-cerro-en-valparaiso\/","title":{"rendered":"D\u00fao musical Ayana &amp; Palo abre la cartelera de espect\u00e1culo 2024 en las alturas del cerro en Valpara\u00edso"},"content":{"rendered":"\n<p>El concierto \u00edntimo de \u201cAyana &amp; Palo\u201d invita a la comunidad a disfrutar de un espect\u00e1culo musical de alta calidad, con un repertorio din\u00e1mico que har\u00e1 a viajar al p\u00fablico por una importante variedad de estilos: desde el pop-rock, pasando por la m\u00fasica indie e incluyendo bossa nova, mezclando la interpretaci\u00f3n de canciones populares y temas originales de la banda.&nbsp;<\/p>\n\n\n\n<p>La reci\u00e9n inaugurada <strong>Sala de Artes Esc\u00e9nicas de Rodelillo, es la 1era sala de espect\u00e1culos del Cerro <\/strong>que cuenta con una cartelera constante y una equipaci\u00f3n apta para danza, circo, teatro y m\u00fasica. Esta innovadora iniciativa nace el 2022 con una marcha blanca y el 2023 lanzan una programaci\u00f3n variada y de alta calidad. La gesti\u00f3n del espacio est\u00e1 en manos de la Cooperativa Teatral de Valpara\u00edso, en un trabajo colaborativo y mancomunado con el Centro comunitario de Rodelillo (Espacio que acoge la Sala), quienes en conjunto buscan promover la participaci\u00f3n de la comunidad en torno a las artes de manera accesible, gozosa y acogedora, con la premisa de \u201cver teatro a la vuelta de la esquina\u201d para el barrio de Rodelillo, Bar\u00f3n, Larra\u00edn, Polanco. Y con la invitaci\u00f3n de \u201cSube al cerro\u201d para la amplia comunidad de Valpara\u00edso.<\/p>\n\n\n\n<figure class=\"wp-block-image size-large\"><img fetchpriority=\"high\" decoding=\"async\" width=\"683\" height=\"1024\" src=\"https:\/\/www.valparaisocreativo.cl\/wp-content\/uploads\/2024\/01\/IMG_7434-683x1024.jpg\" alt=\"\" class=\"wp-image-18164\" srcset=\"https:\/\/dev.antudigital.cl\/sites\/vc\/wp-content\/uploads\/2024\/01\/IMG_7434-683x1024.jpg 683w, https:\/\/dev.antudigital.cl\/sites\/vc\/wp-content\/uploads\/2024\/01\/IMG_7434-200x300.jpg 200w, https:\/\/dev.antudigital.cl\/sites\/vc\/wp-content\/uploads\/2024\/01\/IMG_7434-768x1152.jpg 768w, https:\/\/dev.antudigital.cl\/sites\/vc\/wp-content\/uploads\/2024\/01\/IMG_7434-1024x1536.jpg 1024w, https:\/\/dev.antudigital.cl\/sites\/vc\/wp-content\/uploads\/2024\/01\/IMG_7434-1365x2048.jpg 1365w, https:\/\/dev.antudigital.cl\/sites\/vc\/wp-content\/uploads\/2024\/01\/IMG_7434-1080x1620.jpg 1080w, https:\/\/dev.antudigital.cl\/sites\/vc\/wp-content\/uploads\/2024\/01\/IMG_7434-1280x1920.jpg 1280w, https:\/\/dev.antudigital.cl\/sites\/vc\/wp-content\/uploads\/2024\/01\/IMG_7434-980x1470.jpg 980w, https:\/\/dev.antudigital.cl\/sites\/vc\/wp-content\/uploads\/2024\/01\/IMG_7434-480x720.jpg 480w, https:\/\/dev.antudigital.cl\/sites\/vc\/wp-content\/uploads\/2024\/01\/IMG_7434-16x24.jpg 16w, https:\/\/dev.antudigital.cl\/sites\/vc\/wp-content\/uploads\/2024\/01\/IMG_7434-24x36.jpg 24w, https:\/\/dev.antudigital.cl\/sites\/vc\/wp-content\/uploads\/2024\/01\/IMG_7434-32x48.jpg 32w, https:\/\/dev.antudigital.cl\/sites\/vc\/wp-content\/uploads\/2024\/01\/IMG_7434-scaled.jpg 1707w\" sizes=\"(max-width: 683px) 100vw, 683px\" \/><\/figure>\n\n\n\n<p>El nuevo espacio de espect\u00e1culos tiene una capacidad de 25 a 30 personas por funci\u00f3n. Si quieres asistir y ser parte de este hito musical en Rodelillo debes <strong>reservar<\/strong> tu entrada con anticipaci\u00f3n enviando un correo al mail <a href=\"mailto:cooperativateatralvalparaiso@gmail.com\">cooperativateatralvalparaiso@gmail.com<\/a><\/p>\n\n\n\n<p><strong>COORDENADAS:<\/strong><\/p>\n\n\n\n<p>S\u00e1bado 20 de enero<\/p>\n\n\n\n<p>20 horas<\/p>\n\n\n\n<p>Sala de Artes Esc\u00e9nicas Rodelillo en el Centro Comunitario de Rodelillo.<\/p>\n\n\n\n<p>Av. Rodelillo 2277, paradero 14, Valpara\u00edso.<\/p>\n\n\n\n<p><strong>Valor entradas:<\/strong><\/p>\n\n\n\n<p>Vecinas y vecinos de Rodelillo<strong> 2 x $5.000<\/strong><\/p>\n\n\n\n<p>P\u00fablico general: Modalidad <strong>\u201cpaga lo que puedas\u201d ($5.000, $7.000 y\/o$10.000)<\/strong><\/p>\n\n\n\n<p>Para m\u00e1s informaci\u00f3n seguir a @CooperativaTeatral y @Cecorodelillo en Instagram.<\/p>\n","protected":false},"excerpt":{"rendered":"<p>El concierto \u00edntimo de \u201cAyana &amp; Palo\u201d invita a la comunidad a disfrutar de un espect\u00e1culo musical de alta calidad, con un repertorio din\u00e1mico que har\u00e1 a viajar al p\u00fablico por una importante variedad de estilos: desde el pop-rock, pasando por la m\u00fasica indie e incluyendo bossa nova, mezclando la interpretaci\u00f3n de canciones populares y [&hellip;]<\/p>\n","protected":false},"author":1,"featured_media":18165,"comment_status":"closed","ping_status":"closed","sticky":false,"template":"","format":"standard","meta":{"_acf_changed":false,"footnotes":""},"categories":[1],"tags":[],"class_list":["post-18163","post","type-post","status-publish","format-standard","has-post-thumbnail","hentry","category-uncategorized"],"acf":[],"yoast_head":"<!-- This site is optimized with the Yoast SEO plugin v27.1.1 - https:\/\/yoast.com\/product\/yoast-seo-wordpress\/ -->\n<title>D\u00fao musical Ayana &amp; Palo abre la cartelera de espect\u00e1culo 2024 en las alturas del cerro en Valpara\u00edso - Valpara\u00ed\u00adso Creativo<\/title>\n<meta name=\"robots\" content=\"index, follow, max-snippet:-1, max-image-preview:large, max-video-preview:-1\" \/>\n<link rel=\"canonical\" href=\"https:\/\/dev.antudigital.cl\/sites\/vc\/duo-musical-ayana-palo-abre-la-cartelera-de-espectaculo-2024-en-las-alturas-del-cerro-en-valparaiso\/\" \/>\n<meta property=\"og:locale\" content=\"es_ES\" \/>\n<meta property=\"og:type\" content=\"article\" \/>\n<meta property=\"og:title\" content=\"D\u00fao musical Ayana &amp; Palo abre la cartelera de espect\u00e1culo 2024 en las alturas del cerro en Valpara\u00edso - Valpara\u00ed\u00adso Creativo\" \/>\n<meta property=\"og:description\" content=\"El concierto \u00edntimo de \u201cAyana &amp; Palo\u201d invita a la comunidad a disfrutar de un espect\u00e1culo musical de alta calidad, con un repertorio din\u00e1mico que har\u00e1 a viajar al p\u00fablico por una importante variedad de estilos: desde el pop-rock, pasando por la m\u00fasica indie e incluyendo bossa nova, mezclando la interpretaci\u00f3n de canciones populares y [&hellip;]\" \/>\n<meta property=\"og:url\" content=\"https:\/\/dev.antudigital.cl\/sites\/vc\/duo-musical-ayana-palo-abre-la-cartelera-de-espectaculo-2024-en-las-alturas-del-cerro-en-valparaiso\/\" \/>\n<meta property=\"og:site_name\" content=\"Valpara\u00ed\u00adso Creativo\" \/>\n<meta property=\"article:published_time\" content=\"2024-01-15T22:27:25+00:00\" \/>\n<meta property=\"article:modified_time\" content=\"2024-01-15T22:27:33+00:00\" \/>\n<meta property=\"og:image\" content=\"https:\/\/dev.antudigital.cl\/sites\/vc\/wp-content\/uploads\/2024\/01\/IMG_7527-scaled.jpg\" \/>\n\t<meta property=\"og:image:width\" content=\"2560\" \/>\n\t<meta property=\"og:image:height\" content=\"1707\" \/>\n\t<meta property=\"og:image:type\" content=\"image\/jpeg\" \/>\n<meta name=\"author\" content=\"Valpara\u00edso Creativo\" \/>\n<meta name=\"twitter:card\" content=\"summary_large_image\" \/>\n<meta name=\"twitter:label1\" content=\"Escrito por\" \/>\n\t<meta name=\"twitter:data1\" content=\"Valpara\u00edso Creativo\" \/>\n\t<meta name=\"twitter:label2\" content=\"Tiempo de lectura\" \/>\n\t<meta name=\"twitter:data2\" content=\"2 minutos\" \/>\n<script type=\"application\/ld+json\" class=\"yoast-schema-graph\">{\"@context\":\"https:\/\/schema.org\",\"@graph\":[{\"@type\":\"Article\",\"@id\":\"https:\/\/dev.antudigital.cl\/sites\/vc\/duo-musical-ayana-palo-abre-la-cartelera-de-espectaculo-2024-en-las-alturas-del-cerro-en-valparaiso\/#article\",\"isPartOf\":{\"@id\":\"https:\/\/dev.antudigital.cl\/sites\/vc\/duo-musical-ayana-palo-abre-la-cartelera-de-espectaculo-2024-en-las-alturas-del-cerro-en-valparaiso\/\"},\"author\":{\"name\":\"Valpara\u00edso Creativo\",\"@id\":\"https:\/\/dev.antudigital.cl\/sites\/vc\/#\/schema\/person\/c2b9da8dd545e27166fc5ab232837318\"},\"headline\":\"D\u00fao musical Ayana &amp; Palo abre la cartelera de espect\u00e1culo 2024 en las alturas del cerro en Valpara\u00edso\",\"datePublished\":\"2024-01-15T22:27:25+00:00\",\"dateModified\":\"2024-01-15T22:27:33+00:00\",\"mainEntityOfPage\":{\"@id\":\"https:\/\/dev.antudigital.cl\/sites\/vc\/duo-musical-ayana-palo-abre-la-cartelera-de-espectaculo-2024-en-las-alturas-del-cerro-en-valparaiso\/\"},\"wordCount\":331,\"image\":{\"@id\":\"https:\/\/dev.antudigital.cl\/sites\/vc\/duo-musical-ayana-palo-abre-la-cartelera-de-espectaculo-2024-en-las-alturas-del-cerro-en-valparaiso\/#primaryimage\"},\"thumbnailUrl\":\"https:\/\/dev.antudigital.cl\/sites\/vc\/wp-content\/uploads\/2024\/01\/IMG_7527-scaled.jpg\",\"articleSection\":[\"Uncategorized\"],\"inLanguage\":\"es\"},{\"@type\":\"WebPage\",\"@id\":\"https:\/\/dev.antudigital.cl\/sites\/vc\/duo-musical-ayana-palo-abre-la-cartelera-de-espectaculo-2024-en-las-alturas-del-cerro-en-valparaiso\/\",\"url\":\"https:\/\/dev.antudigital.cl\/sites\/vc\/duo-musical-ayana-palo-abre-la-cartelera-de-espectaculo-2024-en-las-alturas-del-cerro-en-valparaiso\/\",\"name\":\"D\u00fao musical Ayana &amp; Palo abre la cartelera de espect\u00e1culo 2024 en las alturas del cerro en Valpara\u00edso - Valpara\u00ed\u00adso Creativo\",\"isPartOf\":{\"@id\":\"https:\/\/dev.antudigital.cl\/sites\/vc\/#website\"},\"primaryImageOfPage\":{\"@id\":\"https:\/\/dev.antudigital.cl\/sites\/vc\/duo-musical-ayana-palo-abre-la-cartelera-de-espectaculo-2024-en-las-alturas-del-cerro-en-valparaiso\/#primaryimage\"},\"image\":{\"@id\":\"https:\/\/dev.antudigital.cl\/sites\/vc\/duo-musical-ayana-palo-abre-la-cartelera-de-espectaculo-2024-en-las-alturas-del-cerro-en-valparaiso\/#primaryimage\"},\"thumbnailUrl\":\"https:\/\/dev.antudigital.cl\/sites\/vc\/wp-content\/uploads\/2024\/01\/IMG_7527-scaled.jpg\",\"datePublished\":\"2024-01-15T22:27:25+00:00\",\"dateModified\":\"2024-01-15T22:27:33+00:00\",\"author\":{\"@id\":\"https:\/\/dev.antudigital.cl\/sites\/vc\/#\/schema\/person\/c2b9da8dd545e27166fc5ab232837318\"},\"breadcrumb\":{\"@id\":\"https:\/\/dev.antudigital.cl\/sites\/vc\/duo-musical-ayana-palo-abre-la-cartelera-de-espectaculo-2024-en-las-alturas-del-cerro-en-valparaiso\/#breadcrumb\"},\"inLanguage\":\"es\",\"potentialAction\":[{\"@type\":\"ReadAction\",\"target\":[\"https:\/\/dev.antudigital.cl\/sites\/vc\/duo-musical-ayana-palo-abre-la-cartelera-de-espectaculo-2024-en-las-alturas-del-cerro-en-valparaiso\/\"]}]},{\"@type\":\"ImageObject\",\"inLanguage\":\"es\",\"@id\":\"https:\/\/dev.antudigital.cl\/sites\/vc\/duo-musical-ayana-palo-abre-la-cartelera-de-espectaculo-2024-en-las-alturas-del-cerro-en-valparaiso\/#primaryimage\",\"url\":\"https:\/\/dev.antudigital.cl\/sites\/vc\/wp-content\/uploads\/2024\/01\/IMG_7527-scaled.jpg\",\"contentUrl\":\"https:\/\/dev.antudigital.cl\/sites\/vc\/wp-content\/uploads\/2024\/01\/IMG_7527-scaled.jpg\",\"width\":2560,\"height\":1707},{\"@type\":\"BreadcrumbList\",\"@id\":\"https:\/\/dev.antudigital.cl\/sites\/vc\/duo-musical-ayana-palo-abre-la-cartelera-de-espectaculo-2024-en-las-alturas-del-cerro-en-valparaiso\/#breadcrumb\",\"itemListElement\":[{\"@type\":\"ListItem\",\"position\":1,\"name\":\"Home\",\"item\":\"https:\/\/dev.antudigital.cl\/sites\/vc\/\"},{\"@type\":\"ListItem\",\"position\":2,\"name\":\"D\u00fao musical Ayana &amp; Palo abre la cartelera de espect\u00e1culo 2024 en las alturas del cerro en Valpara\u00edso\"}]},{\"@type\":\"WebSite\",\"@id\":\"https:\/\/dev.antudigital.cl\/sites\/vc\/#website\",\"url\":\"https:\/\/dev.antudigital.cl\/sites\/vc\/\",\"name\":\"Valpara\u00ed\u00adso Creativo\",\"description\":\"\",\"potentialAction\":[{\"@type\":\"SearchAction\",\"target\":{\"@type\":\"EntryPoint\",\"urlTemplate\":\"https:\/\/dev.antudigital.cl\/sites\/vc\/?s={search_term_string}\"},\"query-input\":{\"@type\":\"PropertyValueSpecification\",\"valueRequired\":true,\"valueName\":\"search_term_string\"}}],\"inLanguage\":\"es\"},{\"@type\":\"Person\",\"@id\":\"https:\/\/dev.antudigital.cl\/sites\/vc\/#\/schema\/person\/c2b9da8dd545e27166fc5ab232837318\",\"name\":\"Valpara\u00edso Creativo\",\"description\":\"Periodista de cultura en la Regi\u00f3n de Valpara\u00edso.\",\"url\":\"https:\/\/dev.antudigital.cl\/sites\/vc\/author\/valpoadmin\/\"}]}<\/script>\n<!-- \/ Yoast SEO plugin. -->","yoast_head_json":{"title":"D\u00fao musical Ayana &amp; Palo abre la cartelera de espect\u00e1culo 2024 en las alturas del cerro en Valpara\u00edso - Valpara\u00ed\u00adso Creativo","robots":{"index":"index","follow":"follow","max-snippet":"max-snippet:-1","max-image-preview":"max-image-preview:large","max-video-preview":"max-video-preview:-1"},"canonical":"https:\/\/dev.antudigital.cl\/sites\/vc\/duo-musical-ayana-palo-abre-la-cartelera-de-espectaculo-2024-en-las-alturas-del-cerro-en-valparaiso\/","og_locale":"es_ES","og_type":"article","og_title":"D\u00fao musical Ayana &amp; Palo abre la cartelera de espect\u00e1culo 2024 en las alturas del cerro en Valpara\u00edso - Valpara\u00ed\u00adso Creativo","og_description":"El concierto \u00edntimo de \u201cAyana &amp; Palo\u201d invita a la comunidad a disfrutar de un espect\u00e1culo musical de alta calidad, con un repertorio din\u00e1mico que har\u00e1 a viajar al p\u00fablico por una importante variedad de estilos: desde el pop-rock, pasando por la m\u00fasica indie e incluyendo bossa nova, mezclando la interpretaci\u00f3n de canciones populares y [&hellip;]","og_url":"https:\/\/dev.antudigital.cl\/sites\/vc\/duo-musical-ayana-palo-abre-la-cartelera-de-espectaculo-2024-en-las-alturas-del-cerro-en-valparaiso\/","og_site_name":"Valpara\u00ed\u00adso Creativo","article_published_time":"2024-01-15T22:27:25+00:00","article_modified_time":"2024-01-15T22:27:33+00:00","og_image":[{"width":2560,"height":1707,"url":"https:\/\/dev.antudigital.cl\/sites\/vc\/wp-content\/uploads\/2024\/01\/IMG_7527-scaled.jpg","type":"image\/jpeg"}],"author":"Valpara\u00edso Creativo","twitter_card":"summary_large_image","twitter_misc":{"Escrito por":"Valpara\u00edso Creativo","Tiempo de lectura":"2 minutos"},"schema":{"@context":"https:\/\/schema.org","@graph":[{"@type":"Article","@id":"https:\/\/dev.antudigital.cl\/sites\/vc\/duo-musical-ayana-palo-abre-la-cartelera-de-espectaculo-2024-en-las-alturas-del-cerro-en-valparaiso\/#article","isPartOf":{"@id":"https:\/\/dev.antudigital.cl\/sites\/vc\/duo-musical-ayana-palo-abre-la-cartelera-de-espectaculo-2024-en-las-alturas-del-cerro-en-valparaiso\/"},"author":{"name":"Valpara\u00edso Creativo","@id":"https:\/\/dev.antudigital.cl\/sites\/vc\/#\/schema\/person\/c2b9da8dd545e27166fc5ab232837318"},"headline":"D\u00fao musical Ayana &amp; Palo abre la cartelera de espect\u00e1culo 2024 en las alturas del cerro en Valpara\u00edso","datePublished":"2024-01-15T22:27:25+00:00","dateModified":"2024-01-15T22:27:33+00:00","mainEntityOfPage":{"@id":"https:\/\/dev.antudigital.cl\/sites\/vc\/duo-musical-ayana-palo-abre-la-cartelera-de-espectaculo-2024-en-las-alturas-del-cerro-en-valparaiso\/"},"wordCount":331,"image":{"@id":"https:\/\/dev.antudigital.cl\/sites\/vc\/duo-musical-ayana-palo-abre-la-cartelera-de-espectaculo-2024-en-las-alturas-del-cerro-en-valparaiso\/#primaryimage"},"thumbnailUrl":"https:\/\/dev.antudigital.cl\/sites\/vc\/wp-content\/uploads\/2024\/01\/IMG_7527-scaled.jpg","articleSection":["Uncategorized"],"inLanguage":"es"},{"@type":"WebPage","@id":"https:\/\/dev.antudigital.cl\/sites\/vc\/duo-musical-ayana-palo-abre-la-cartelera-de-espectaculo-2024-en-las-alturas-del-cerro-en-valparaiso\/","url":"https:\/\/dev.antudigital.cl\/sites\/vc\/duo-musical-ayana-palo-abre-la-cartelera-de-espectaculo-2024-en-las-alturas-del-cerro-en-valparaiso\/","name":"D\u00fao musical Ayana &amp; Palo abre la cartelera de espect\u00e1culo 2024 en las alturas del cerro en Valpara\u00edso - Valpara\u00ed\u00adso Creativo","isPartOf":{"@id":"https:\/\/dev.antudigital.cl\/sites\/vc\/#website"},"primaryImageOfPage":{"@id":"https:\/\/dev.antudigital.cl\/sites\/vc\/duo-musical-ayana-palo-abre-la-cartelera-de-espectaculo-2024-en-las-alturas-del-cerro-en-valparaiso\/#primaryimage"},"image":{"@id":"https:\/\/dev.antudigital.cl\/sites\/vc\/duo-musical-ayana-palo-abre-la-cartelera-de-espectaculo-2024-en-las-alturas-del-cerro-en-valparaiso\/#primaryimage"},"thumbnailUrl":"https:\/\/dev.antudigital.cl\/sites\/vc\/wp-content\/uploads\/2024\/01\/IMG_7527-scaled.jpg","datePublished":"2024-01-15T22:27:25+00:00","dateModified":"2024-01-15T22:27:33+00:00","author":{"@id":"https:\/\/dev.antudigital.cl\/sites\/vc\/#\/schema\/person\/c2b9da8dd545e27166fc5ab232837318"},"breadcrumb":{"@id":"https:\/\/dev.antudigital.cl\/sites\/vc\/duo-musical-ayana-palo-abre-la-cartelera-de-espectaculo-2024-en-las-alturas-del-cerro-en-valparaiso\/#breadcrumb"},"inLanguage":"es","potentialAction":[{"@type":"ReadAction","target":["https:\/\/dev.antudigital.cl\/sites\/vc\/duo-musical-ayana-palo-abre-la-cartelera-de-espectaculo-2024-en-las-alturas-del-cerro-en-valparaiso\/"]}]},{"@type":"ImageObject","inLanguage":"es","@id":"https:\/\/dev.antudigital.cl\/sites\/vc\/duo-musical-ayana-palo-abre-la-cartelera-de-espectaculo-2024-en-las-alturas-del-cerro-en-valparaiso\/#primaryimage","url":"https:\/\/dev.antudigital.cl\/sites\/vc\/wp-content\/uploads\/2024\/01\/IMG_7527-scaled.jpg","contentUrl":"https:\/\/dev.antudigital.cl\/sites\/vc\/wp-content\/uploads\/2024\/01\/IMG_7527-scaled.jpg","width":2560,"height":1707},{"@type":"BreadcrumbList","@id":"https:\/\/dev.antudigital.cl\/sites\/vc\/duo-musical-ayana-palo-abre-la-cartelera-de-espectaculo-2024-en-las-alturas-del-cerro-en-valparaiso\/#breadcrumb","itemListElement":[{"@type":"ListItem","position":1,"name":"Home","item":"https:\/\/dev.antudigital.cl\/sites\/vc\/"},{"@type":"ListItem","position":2,"name":"D\u00fao musical Ayana &amp; Palo abre la cartelera de espect\u00e1culo 2024 en las alturas del cerro en Valpara\u00edso"}]},{"@type":"WebSite","@id":"https:\/\/dev.antudigital.cl\/sites\/vc\/#website","url":"https:\/\/dev.antudigital.cl\/sites\/vc\/","name":"Valpara\u00ed\u00adso Creativo","description":"","potentialAction":[{"@type":"SearchAction","target":{"@type":"EntryPoint","urlTemplate":"https:\/\/dev.antudigital.cl\/sites\/vc\/?s={search_term_string}"},"query-input":{"@type":"PropertyValueSpecification","valueRequired":true,"valueName":"search_term_string"}}],"inLanguage":"es"},{"@type":"Person","@id":"https:\/\/dev.antudigital.cl\/sites\/vc\/#\/schema\/person\/c2b9da8dd545e27166fc5ab232837318","name":"Valpara\u00edso Creativo","description":"Periodista de cultura en la Regi\u00f3n de Valpara\u00edso.","url":"https:\/\/dev.antudigital.cl\/sites\/vc\/author\/valpoadmin\/"}]}},"_links":{"self":[{"href":"https:\/\/dev.antudigital.cl\/sites\/vc\/wp-json\/wp\/v2\/posts\/18163","targetHints":{"allow":["GET"]}}],"collection":[{"href":"https:\/\/dev.antudigital.cl\/sites\/vc\/wp-json\/wp\/v2\/posts"}],"about":[{"href":"https:\/\/dev.antudigital.cl\/sites\/vc\/wp-json\/wp\/v2\/types\/post"}],"author":[{"embeddable":true,"href":"https:\/\/dev.antudigital.cl\/sites\/vc\/wp-json\/wp\/v2\/users\/1"}],"replies":[{"embeddable":true,"href":"https:\/\/dev.antudigital.cl\/sites\/vc\/wp-json\/wp\/v2\/comments?post=18163"}],"version-history":[{"count":1,"href":"https:\/\/dev.antudigital.cl\/sites\/vc\/wp-json\/wp\/v2\/posts\/18163\/revisions"}],"predecessor-version":[{"id":18166,"href":"https:\/\/dev.antudigital.cl\/sites\/vc\/wp-json\/wp\/v2\/posts\/18163\/revisions\/18166"}],"wp:featuredmedia":[{"embeddable":true,"href":"https:\/\/dev.antudigital.cl\/sites\/vc\/wp-json\/wp\/v2\/media\/18165"}],"wp:attachment":[{"href":"https:\/\/dev.antudigital.cl\/sites\/vc\/wp-json\/wp\/v2\/media?parent=18163"}],"wp:term":[{"taxonomy":"category","embeddable":true,"href":"https:\/\/dev.antudigital.cl\/sites\/vc\/wp-json\/wp\/v2\/categories?post=18163"},{"taxonomy":"post_tag","embeddable":true,"href":"https:\/\/dev.antudigital.cl\/sites\/vc\/wp-json\/wp\/v2\/tags?post=18163"}],"curies":[{"name":"wp","href":"https:\/\/api.w.org\/{rel}","templated":true}]}}