{"id":18169,"date":"2024-01-15T22:46:19","date_gmt":"2024-01-15T22:46:19","guid":{"rendered":"https:\/\/www.valparaisocreativo.cl\/?p=18169"},"modified":"2024-01-15T22:46:26","modified_gmt":"2024-01-15T22:46:26","slug":"invitacion-muestra-del-artista-frances-jim-delemont","status":"publish","type":"post","link":"https:\/\/dev.antudigital.cl\/sites\/vc\/invitacion-muestra-del-artista-frances-jim-delemont\/","title":{"rendered":"Invitaci\u00f3n muestra del artista franc\u00e9s Jim Del\u00e9mont"},"content":{"rendered":"\n<p>Jim Del\u00e9mont es artista franc\u00e9s, quien inaugura<strong>\u00a0este proxim\u00f3 sab\u00e1do con el lanzamiento de \u00abEvasi\u00f3n hacia un futuro olvidado\u00bb en el Parque cultural de Valpara\u00edso<\/strong>.<\/p>\n\n\n\n<p>Esta&nbsp;<strong>intervenci\u00f3n gr\u00e1fica se levanta a partir 14 reproducciones de linograbados y acuarelas<\/strong>, presentadas como&nbsp;<strong>testimonios de una dimensi\u00f3n futura alternativa de Valpara\u00edso<\/strong>, en la que el famoso personaje porte\u00f1o<strong>&nbsp;\u00c9mile Dubois<\/strong>&nbsp;escap\u00f3 de su fatal destino.<\/p>\n\n\n\n<p>En el marco del lanzamiento colabar\u00e1n Leandro Varas Concha, cellista, Dante Mendel, artista sonoro, y un invitado especial en la persona de \u00c9mile Dubois.<\/p>\n\n\n\n<p><em><strong>\u00abEvasi\u00f3n hacia un futuro olvidado\u00bb<\/strong><br>Del 20 al 31 de enero del 2024<br>Visita comentada por el artista cada d\u00eda a las 17hrs<br><strong>Lanzamiento sab\u00e1do 20 a las 12hrs30 en la ex-Galer\u00eda de Reos<br><\/strong>Performance con Leandro Varas Concha, cellista, Dante Mendel, artista sonoro, y un invitado especial: \u00c9mile Dubois<br><\/em><\/p>\n","protected":false},"excerpt":{"rendered":"<p>Jim Del\u00e9mont es artista franc\u00e9s, quien inaugura\u00a0este proxim\u00f3 sab\u00e1do con el lanzamiento de \u00abEvasi\u00f3n hacia un futuro olvidado\u00bb en el Parque cultural de Valpara\u00edso. Esta&nbsp;intervenci\u00f3n gr\u00e1fica se levanta a partir 14 reproducciones de linograbados y acuarelas, presentadas como&nbsp;testimonios de una dimensi\u00f3n futura alternativa de Valpara\u00edso, en la que el famoso personaje porte\u00f1o&nbsp;\u00c9mile Dubois&nbsp;escap\u00f3 de su [&hellip;]<\/p>\n","protected":false},"author":1,"featured_media":18170,"comment_status":"closed","ping_status":"closed","sticky":false,"template":"","format":"standard","meta":{"_acf_changed":false,"footnotes":""},"categories":[1],"tags":[],"class_list":["post-18169","post","type-post","status-publish","format-standard","has-post-thumbnail","hentry","category-uncategorized"],"acf":[],"yoast_head":"<!-- This site is optimized with the Yoast SEO plugin v27.1.1 - https:\/\/yoast.com\/product\/yoast-seo-wordpress\/ -->\n<title>Invitaci\u00f3n muestra del artista franc\u00e9s Jim Del\u00e9mont - Valpara\u00ed\u00adso Creativo<\/title>\n<meta name=\"robots\" content=\"index, follow, max-snippet:-1, max-image-preview:large, max-video-preview:-1\" \/>\n<link rel=\"canonical\" href=\"https:\/\/dev.antudigital.cl\/sites\/vc\/invitacion-muestra-del-artista-frances-jim-delemont\/\" \/>\n<meta property=\"og:locale\" content=\"es_ES\" \/>\n<meta property=\"og:type\" content=\"article\" \/>\n<meta property=\"og:title\" content=\"Invitaci\u00f3n muestra del artista franc\u00e9s Jim Del\u00e9mont - Valpara\u00ed\u00adso Creativo\" \/>\n<meta property=\"og:description\" content=\"Jim Del\u00e9mont es artista franc\u00e9s, quien inaugura\u00a0este proxim\u00f3 sab\u00e1do con el lanzamiento de \u00abEvasi\u00f3n hacia un futuro olvidado\u00bb en el Parque cultural de Valpara\u00edso. Esta&nbsp;intervenci\u00f3n gr\u00e1fica se levanta a partir 14 reproducciones de linograbados y acuarelas, presentadas como&nbsp;testimonios de una dimensi\u00f3n futura alternativa de Valpara\u00edso, en la que el famoso personaje porte\u00f1o&nbsp;\u00c9mile Dubois&nbsp;escap\u00f3 de su [&hellip;]\" \/>\n<meta property=\"og:url\" content=\"https:\/\/dev.antudigital.cl\/sites\/vc\/invitacion-muestra-del-artista-frances-jim-delemont\/\" \/>\n<meta property=\"og:site_name\" content=\"Valpara\u00ed\u00adso Creativo\" \/>\n<meta property=\"article:published_time\" content=\"2024-01-15T22:46:19+00:00\" \/>\n<meta property=\"article:modified_time\" content=\"2024-01-15T22:46:26+00:00\" \/>\n<meta property=\"og:image\" content=\"https:\/\/dev.antudigital.cl\/sites\/vc\/wp-content\/uploads\/2024\/01\/Invitacion-al-lanzamiento-sabado-20-scaled.jpg\" \/>\n\t<meta property=\"og:image:width\" content=\"2560\" \/>\n\t<meta property=\"og:image:height\" content=\"1207\" \/>\n\t<meta property=\"og:image:type\" content=\"image\/jpeg\" \/>\n<meta name=\"author\" content=\"Valpara\u00edso Creativo\" \/>\n<meta name=\"twitter:card\" content=\"summary_large_image\" \/>\n<meta name=\"twitter:label1\" content=\"Escrito por\" \/>\n\t<meta name=\"twitter:data1\" content=\"Valpara\u00edso Creativo\" \/>\n\t<meta name=\"twitter:label2\" content=\"Tiempo de lectura\" \/>\n\t<meta name=\"twitter:data2\" content=\"1 minuto\" \/>\n<script type=\"application\/ld+json\" class=\"yoast-schema-graph\">{\"@context\":\"https:\/\/schema.org\",\"@graph\":[{\"@type\":\"Article\",\"@id\":\"https:\/\/dev.antudigital.cl\/sites\/vc\/invitacion-muestra-del-artista-frances-jim-delemont\/#article\",\"isPartOf\":{\"@id\":\"https:\/\/dev.antudigital.cl\/sites\/vc\/invitacion-muestra-del-artista-frances-jim-delemont\/\"},\"author\":{\"name\":\"Valpara\u00edso Creativo\",\"@id\":\"https:\/\/dev.antudigital.cl\/sites\/vc\/#\/schema\/person\/c2b9da8dd545e27166fc5ab232837318\"},\"headline\":\"Invitaci\u00f3n muestra del artista franc\u00e9s Jim Del\u00e9mont\",\"datePublished\":\"2024-01-15T22:46:19+00:00\",\"dateModified\":\"2024-01-15T22:46:26+00:00\",\"mainEntityOfPage\":{\"@id\":\"https:\/\/dev.antudigital.cl\/sites\/vc\/invitacion-muestra-del-artista-frances-jim-delemont\/\"},\"wordCount\":160,\"image\":{\"@id\":\"https:\/\/dev.antudigital.cl\/sites\/vc\/invitacion-muestra-del-artista-frances-jim-delemont\/#primaryimage\"},\"thumbnailUrl\":\"https:\/\/dev.antudigital.cl\/sites\/vc\/wp-content\/uploads\/2024\/01\/Invitacion-al-lanzamiento-sabado-20-scaled.jpg\",\"articleSection\":[\"Uncategorized\"],\"inLanguage\":\"es\"},{\"@type\":\"WebPage\",\"@id\":\"https:\/\/dev.antudigital.cl\/sites\/vc\/invitacion-muestra-del-artista-frances-jim-delemont\/\",\"url\":\"https:\/\/dev.antudigital.cl\/sites\/vc\/invitacion-muestra-del-artista-frances-jim-delemont\/\",\"name\":\"Invitaci\u00f3n muestra del artista franc\u00e9s Jim Del\u00e9mont - Valpara\u00ed\u00adso Creativo\",\"isPartOf\":{\"@id\":\"https:\/\/dev.antudigital.cl\/sites\/vc\/#website\"},\"primaryImageOfPage\":{\"@id\":\"https:\/\/dev.antudigital.cl\/sites\/vc\/invitacion-muestra-del-artista-frances-jim-delemont\/#primaryimage\"},\"image\":{\"@id\":\"https:\/\/dev.antudigital.cl\/sites\/vc\/invitacion-muestra-del-artista-frances-jim-delemont\/#primaryimage\"},\"thumbnailUrl\":\"https:\/\/dev.antudigital.cl\/sites\/vc\/wp-content\/uploads\/2024\/01\/Invitacion-al-lanzamiento-sabado-20-scaled.jpg\",\"datePublished\":\"2024-01-15T22:46:19+00:00\",\"dateModified\":\"2024-01-15T22:46:26+00:00\",\"author\":{\"@id\":\"https:\/\/dev.antudigital.cl\/sites\/vc\/#\/schema\/person\/c2b9da8dd545e27166fc5ab232837318\"},\"breadcrumb\":{\"@id\":\"https:\/\/dev.antudigital.cl\/sites\/vc\/invitacion-muestra-del-artista-frances-jim-delemont\/#breadcrumb\"},\"inLanguage\":\"es\",\"potentialAction\":[{\"@type\":\"ReadAction\",\"target\":[\"https:\/\/dev.antudigital.cl\/sites\/vc\/invitacion-muestra-del-artista-frances-jim-delemont\/\"]}]},{\"@type\":\"ImageObject\",\"inLanguage\":\"es\",\"@id\":\"https:\/\/dev.antudigital.cl\/sites\/vc\/invitacion-muestra-del-artista-frances-jim-delemont\/#primaryimage\",\"url\":\"https:\/\/dev.antudigital.cl\/sites\/vc\/wp-content\/uploads\/2024\/01\/Invitacion-al-lanzamiento-sabado-20-scaled.jpg\",\"contentUrl\":\"https:\/\/dev.antudigital.cl\/sites\/vc\/wp-content\/uploads\/2024\/01\/Invitacion-al-lanzamiento-sabado-20-scaled.jpg\",\"width\":2560,\"height\":1207},{\"@type\":\"BreadcrumbList\",\"@id\":\"https:\/\/dev.antudigital.cl\/sites\/vc\/invitacion-muestra-del-artista-frances-jim-delemont\/#breadcrumb\",\"itemListElement\":[{\"@type\":\"ListItem\",\"position\":1,\"name\":\"Home\",\"item\":\"https:\/\/dev.antudigital.cl\/sites\/vc\/\"},{\"@type\":\"ListItem\",\"position\":2,\"name\":\"Invitaci\u00f3n muestra del artista franc\u00e9s Jim Del\u00e9mont\"}]},{\"@type\":\"WebSite\",\"@id\":\"https:\/\/dev.antudigital.cl\/sites\/vc\/#website\",\"url\":\"https:\/\/dev.antudigital.cl\/sites\/vc\/\",\"name\":\"Valpara\u00ed\u00adso Creativo\",\"description\":\"\",\"potentialAction\":[{\"@type\":\"SearchAction\",\"target\":{\"@type\":\"EntryPoint\",\"urlTemplate\":\"https:\/\/dev.antudigital.cl\/sites\/vc\/?s={search_term_string}\"},\"query-input\":{\"@type\":\"PropertyValueSpecification\",\"valueRequired\":true,\"valueName\":\"search_term_string\"}}],\"inLanguage\":\"es\"},{\"@type\":\"Person\",\"@id\":\"https:\/\/dev.antudigital.cl\/sites\/vc\/#\/schema\/person\/c2b9da8dd545e27166fc5ab232837318\",\"name\":\"Valpara\u00edso Creativo\",\"description\":\"Periodista de cultura en la Regi\u00f3n de Valpara\u00edso.\",\"url\":\"https:\/\/dev.antudigital.cl\/sites\/vc\/author\/valpoadmin\/\"}]}<\/script>\n<!-- \/ Yoast SEO plugin. -->","yoast_head_json":{"title":"Invitaci\u00f3n muestra del artista franc\u00e9s Jim Del\u00e9mont - Valpara\u00ed\u00adso Creativo","robots":{"index":"index","follow":"follow","max-snippet":"max-snippet:-1","max-image-preview":"max-image-preview:large","max-video-preview":"max-video-preview:-1"},"canonical":"https:\/\/dev.antudigital.cl\/sites\/vc\/invitacion-muestra-del-artista-frances-jim-delemont\/","og_locale":"es_ES","og_type":"article","og_title":"Invitaci\u00f3n muestra del artista franc\u00e9s Jim Del\u00e9mont - Valpara\u00ed\u00adso Creativo","og_description":"Jim Del\u00e9mont es artista franc\u00e9s, quien inaugura\u00a0este proxim\u00f3 sab\u00e1do con el lanzamiento de \u00abEvasi\u00f3n hacia un futuro olvidado\u00bb en el Parque cultural de Valpara\u00edso. Esta&nbsp;intervenci\u00f3n gr\u00e1fica se levanta a partir 14 reproducciones de linograbados y acuarelas, presentadas como&nbsp;testimonios de una dimensi\u00f3n futura alternativa de Valpara\u00edso, en la que el famoso personaje porte\u00f1o&nbsp;\u00c9mile Dubois&nbsp;escap\u00f3 de su [&hellip;]","og_url":"https:\/\/dev.antudigital.cl\/sites\/vc\/invitacion-muestra-del-artista-frances-jim-delemont\/","og_site_name":"Valpara\u00ed\u00adso Creativo","article_published_time":"2024-01-15T22:46:19+00:00","article_modified_time":"2024-01-15T22:46:26+00:00","og_image":[{"width":2560,"height":1207,"url":"https:\/\/dev.antudigital.cl\/sites\/vc\/wp-content\/uploads\/2024\/01\/Invitacion-al-lanzamiento-sabado-20-scaled.jpg","type":"image\/jpeg"}],"author":"Valpara\u00edso Creativo","twitter_card":"summary_large_image","twitter_misc":{"Escrito por":"Valpara\u00edso Creativo","Tiempo de lectura":"1 minuto"},"schema":{"@context":"https:\/\/schema.org","@graph":[{"@type":"Article","@id":"https:\/\/dev.antudigital.cl\/sites\/vc\/invitacion-muestra-del-artista-frances-jim-delemont\/#article","isPartOf":{"@id":"https:\/\/dev.antudigital.cl\/sites\/vc\/invitacion-muestra-del-artista-frances-jim-delemont\/"},"author":{"name":"Valpara\u00edso Creativo","@id":"https:\/\/dev.antudigital.cl\/sites\/vc\/#\/schema\/person\/c2b9da8dd545e27166fc5ab232837318"},"headline":"Invitaci\u00f3n muestra del artista franc\u00e9s Jim Del\u00e9mont","datePublished":"2024-01-15T22:46:19+00:00","dateModified":"2024-01-15T22:46:26+00:00","mainEntityOfPage":{"@id":"https:\/\/dev.antudigital.cl\/sites\/vc\/invitacion-muestra-del-artista-frances-jim-delemont\/"},"wordCount":160,"image":{"@id":"https:\/\/dev.antudigital.cl\/sites\/vc\/invitacion-muestra-del-artista-frances-jim-delemont\/#primaryimage"},"thumbnailUrl":"https:\/\/dev.antudigital.cl\/sites\/vc\/wp-content\/uploads\/2024\/01\/Invitacion-al-lanzamiento-sabado-20-scaled.jpg","articleSection":["Uncategorized"],"inLanguage":"es"},{"@type":"WebPage","@id":"https:\/\/dev.antudigital.cl\/sites\/vc\/invitacion-muestra-del-artista-frances-jim-delemont\/","url":"https:\/\/dev.antudigital.cl\/sites\/vc\/invitacion-muestra-del-artista-frances-jim-delemont\/","name":"Invitaci\u00f3n muestra del artista franc\u00e9s Jim Del\u00e9mont - Valpara\u00ed\u00adso Creativo","isPartOf":{"@id":"https:\/\/dev.antudigital.cl\/sites\/vc\/#website"},"primaryImageOfPage":{"@id":"https:\/\/dev.antudigital.cl\/sites\/vc\/invitacion-muestra-del-artista-frances-jim-delemont\/#primaryimage"},"image":{"@id":"https:\/\/dev.antudigital.cl\/sites\/vc\/invitacion-muestra-del-artista-frances-jim-delemont\/#primaryimage"},"thumbnailUrl":"https:\/\/dev.antudigital.cl\/sites\/vc\/wp-content\/uploads\/2024\/01\/Invitacion-al-lanzamiento-sabado-20-scaled.jpg","datePublished":"2024-01-15T22:46:19+00:00","dateModified":"2024-01-15T22:46:26+00:00","author":{"@id":"https:\/\/dev.antudigital.cl\/sites\/vc\/#\/schema\/person\/c2b9da8dd545e27166fc5ab232837318"},"breadcrumb":{"@id":"https:\/\/dev.antudigital.cl\/sites\/vc\/invitacion-muestra-del-artista-frances-jim-delemont\/#breadcrumb"},"inLanguage":"es","potentialAction":[{"@type":"ReadAction","target":["https:\/\/dev.antudigital.cl\/sites\/vc\/invitacion-muestra-del-artista-frances-jim-delemont\/"]}]},{"@type":"ImageObject","inLanguage":"es","@id":"https:\/\/dev.antudigital.cl\/sites\/vc\/invitacion-muestra-del-artista-frances-jim-delemont\/#primaryimage","url":"https:\/\/dev.antudigital.cl\/sites\/vc\/wp-content\/uploads\/2024\/01\/Invitacion-al-lanzamiento-sabado-20-scaled.jpg","contentUrl":"https:\/\/dev.antudigital.cl\/sites\/vc\/wp-content\/uploads\/2024\/01\/Invitacion-al-lanzamiento-sabado-20-scaled.jpg","width":2560,"height":1207},{"@type":"BreadcrumbList","@id":"https:\/\/dev.antudigital.cl\/sites\/vc\/invitacion-muestra-del-artista-frances-jim-delemont\/#breadcrumb","itemListElement":[{"@type":"ListItem","position":1,"name":"Home","item":"https:\/\/dev.antudigital.cl\/sites\/vc\/"},{"@type":"ListItem","position":2,"name":"Invitaci\u00f3n muestra del artista franc\u00e9s Jim Del\u00e9mont"}]},{"@type":"WebSite","@id":"https:\/\/dev.antudigital.cl\/sites\/vc\/#website","url":"https:\/\/dev.antudigital.cl\/sites\/vc\/","name":"Valpara\u00ed\u00adso Creativo","description":"","potentialAction":[{"@type":"SearchAction","target":{"@type":"EntryPoint","urlTemplate":"https:\/\/dev.antudigital.cl\/sites\/vc\/?s={search_term_string}"},"query-input":{"@type":"PropertyValueSpecification","valueRequired":true,"valueName":"search_term_string"}}],"inLanguage":"es"},{"@type":"Person","@id":"https:\/\/dev.antudigital.cl\/sites\/vc\/#\/schema\/person\/c2b9da8dd545e27166fc5ab232837318","name":"Valpara\u00edso Creativo","description":"Periodista de cultura en la Regi\u00f3n de Valpara\u00edso.","url":"https:\/\/dev.antudigital.cl\/sites\/vc\/author\/valpoadmin\/"}]}},"_links":{"self":[{"href":"https:\/\/dev.antudigital.cl\/sites\/vc\/wp-json\/wp\/v2\/posts\/18169","targetHints":{"allow":["GET"]}}],"collection":[{"href":"https:\/\/dev.antudigital.cl\/sites\/vc\/wp-json\/wp\/v2\/posts"}],"about":[{"href":"https:\/\/dev.antudigital.cl\/sites\/vc\/wp-json\/wp\/v2\/types\/post"}],"author":[{"embeddable":true,"href":"https:\/\/dev.antudigital.cl\/sites\/vc\/wp-json\/wp\/v2\/users\/1"}],"replies":[{"embeddable":true,"href":"https:\/\/dev.antudigital.cl\/sites\/vc\/wp-json\/wp\/v2\/comments?post=18169"}],"version-history":[{"count":1,"href":"https:\/\/dev.antudigital.cl\/sites\/vc\/wp-json\/wp\/v2\/posts\/18169\/revisions"}],"predecessor-version":[{"id":18171,"href":"https:\/\/dev.antudigital.cl\/sites\/vc\/wp-json\/wp\/v2\/posts\/18169\/revisions\/18171"}],"wp:featuredmedia":[{"embeddable":true,"href":"https:\/\/dev.antudigital.cl\/sites\/vc\/wp-json\/wp\/v2\/media\/18170"}],"wp:attachment":[{"href":"https:\/\/dev.antudigital.cl\/sites\/vc\/wp-json\/wp\/v2\/media?parent=18169"}],"wp:term":[{"taxonomy":"category","embeddable":true,"href":"https:\/\/dev.antudigital.cl\/sites\/vc\/wp-json\/wp\/v2\/categories?post=18169"},{"taxonomy":"post_tag","embeddable":true,"href":"https:\/\/dev.antudigital.cl\/sites\/vc\/wp-json\/wp\/v2\/tags?post=18169"}],"curies":[{"name":"wp","href":"https:\/\/api.w.org\/{rel}","templated":true}]}}