{"id":18172,"date":"2024-01-15T23:03:19","date_gmt":"2024-01-15T23:03:19","guid":{"rendered":"https:\/\/www.valparaisocreativo.cl\/?p=18172"},"modified":"2024-01-15T23:03:26","modified_gmt":"2024-01-15T23:03:26","slug":"agenda-la-fecha-nuevo-ciclo-de-cine-y-gastronomia-junto-a-insomnia-fundacion-cocinamar-trespeces-y-mas","status":"publish","type":"post","link":"https:\/\/dev.antudigital.cl\/sites\/vc\/agenda-la-fecha-nuevo-ciclo-de-cine-y-gastronomia-junto-a-insomnia-fundacion-cocinamar-trespeces-y-mas\/","title":{"rendered":"Agenda la fecha: nuevo ciclo de cine y gastronom\u00eda junto a Insomnia, Fundaci\u00f3n Cocinamar, TresPeces y m\u00e1s"},"content":{"rendered":"\n<p>Se acerca una actividad conjunta de Valpara\u00edso Creativo con Fundaci\u00f3n Cocinamar, Tres Peces Valpara\u00edso, Insomnia Teatro Condell, Consiglio della Comunit\u00e1 Italiana Regione Valpara\u00edso; Actuemos, organizaci\u00f3n sin fines de lucro que promueve la alimentaci\u00f3n saludable; Chilesertur , Asociaci\u00f3n gremial Nacional de Mipymes y Profesionales del Turismo en Chile @chilesertur; Restaurante Capri; Ciudad de Pie y el patrocinio de @sernaturvalpo <\/p>\n\n\n\n<p>Se trata de dos fechas que tendr\u00e1n tanto cine como degustaciones para potenciar a exponentes locales a trav\u00e9s de diferentes formatos.<\/p>\n\n\n\n<p>En palabras de Meyling Tang, gestora del proyecto a trav\u00e9s de nuestro Comit\u00e9 Gestor de Servicios Creativos: \u00abLa gastronom\u00eda es una tremenda herramienta creativa para reunirnos, por eso nos alegra mucho ser parte de este primer ciclo de Cine y Gastronom\u00eda en Valpara\u00edso, que permita mostrar el trabajo de restaurantes locales y el uso de productos del mar de pesca artesanal . Desde Cocinamar buscamos que la gastronom\u00eda y los pescadores se conecten y el cine hoy crea ese encuentro\u00bb.<\/p>\n\n\n\n<p>\u00a1Pronto m\u00e1s detalles! <\/p>\n\n\n\n<figure class=\"wp-block-image size-large\"><img fetchpriority=\"high\" decoding=\"async\" width=\"1024\" height=\"1024\" src=\"https:\/\/www.valparaisocreativo.cl\/wp-content\/uploads\/2024\/01\/12-01-VIAJE-COMIDA-ITALIANA--1024x1024.jpg\" alt=\"\" class=\"wp-image-18174\" srcset=\"https:\/\/dev.antudigital.cl\/sites\/vc\/wp-content\/uploads\/2024\/01\/12-01-VIAJE-COMIDA-ITALIANA--1024x1024.jpg 1024w, https:\/\/dev.antudigital.cl\/sites\/vc\/wp-content\/uploads\/2024\/01\/12-01-VIAJE-COMIDA-ITALIANA--300x300.jpg 300w, https:\/\/dev.antudigital.cl\/sites\/vc\/wp-content\/uploads\/2024\/01\/12-01-VIAJE-COMIDA-ITALIANA--150x150.jpg 150w, https:\/\/dev.antudigital.cl\/sites\/vc\/wp-content\/uploads\/2024\/01\/12-01-VIAJE-COMIDA-ITALIANA--768x768.jpg 768w, https:\/\/dev.antudigital.cl\/sites\/vc\/wp-content\/uploads\/2024\/01\/12-01-VIAJE-COMIDA-ITALIANA--980x980.jpg 980w, https:\/\/dev.antudigital.cl\/sites\/vc\/wp-content\/uploads\/2024\/01\/12-01-VIAJE-COMIDA-ITALIANA--480x480.jpg 480w, https:\/\/dev.antudigital.cl\/sites\/vc\/wp-content\/uploads\/2024\/01\/12-01-VIAJE-COMIDA-ITALIANA--24x24.jpg 24w, https:\/\/dev.antudigital.cl\/sites\/vc\/wp-content\/uploads\/2024\/01\/12-01-VIAJE-COMIDA-ITALIANA--36x36.jpg 36w, https:\/\/dev.antudigital.cl\/sites\/vc\/wp-content\/uploads\/2024\/01\/12-01-VIAJE-COMIDA-ITALIANA--48x48.jpg 48w, https:\/\/dev.antudigital.cl\/sites\/vc\/wp-content\/uploads\/2024\/01\/12-01-VIAJE-COMIDA-ITALIANA-.jpg 1080w\" sizes=\"(max-width: 1024px) 100vw, 1024px\" \/><\/figure>\n","protected":false},"excerpt":{"rendered":"<p>Se acerca una actividad conjunta de Valpara\u00edso Creativo con Fundaci\u00f3n Cocinamar, Tres Peces Valpara\u00edso, Insomnia Teatro Condell, Consiglio della Comunit\u00e1 Italiana Regione Valpara\u00edso; Actuemos, organizaci\u00f3n sin fines de lucro que promueve la alimentaci\u00f3n saludable; Chilesertur , Asociaci\u00f3n gremial Nacional de Mipymes y Profesionales del Turismo en Chile @chilesertur; Restaurante Capri; Ciudad de Pie y el [&hellip;]<\/p>\n","protected":false},"author":1,"featured_media":18173,"comment_status":"closed","ping_status":"closed","sticky":false,"template":"","format":"standard","meta":{"_acf_changed":false,"footnotes":""},"categories":[1],"tags":[],"class_list":["post-18172","post","type-post","status-publish","format-standard","has-post-thumbnail","hentry","category-uncategorized"],"acf":[],"yoast_head":"<!-- This site is optimized with the Yoast SEO plugin v27.1.1 - https:\/\/yoast.com\/product\/yoast-seo-wordpress\/ -->\n<title>Agenda la fecha: nuevo ciclo de cine y gastronom\u00eda junto a Insomnia, Fundaci\u00f3n Cocinamar, TresPeces y m\u00e1s - Valpara\u00ed\u00adso Creativo<\/title>\n<meta name=\"robots\" content=\"index, follow, max-snippet:-1, max-image-preview:large, max-video-preview:-1\" \/>\n<link rel=\"canonical\" href=\"https:\/\/dev.antudigital.cl\/sites\/vc\/agenda-la-fecha-nuevo-ciclo-de-cine-y-gastronomia-junto-a-insomnia-fundacion-cocinamar-trespeces-y-mas\/\" \/>\n<meta property=\"og:locale\" content=\"es_ES\" \/>\n<meta property=\"og:type\" content=\"article\" \/>\n<meta property=\"og:title\" content=\"Agenda la fecha: nuevo ciclo de cine y gastronom\u00eda junto a Insomnia, Fundaci\u00f3n Cocinamar, TresPeces y m\u00e1s - Valpara\u00ed\u00adso Creativo\" \/>\n<meta property=\"og:description\" content=\"Se acerca una actividad conjunta de Valpara\u00edso Creativo con Fundaci\u00f3n Cocinamar, Tres Peces Valpara\u00edso, Insomnia Teatro Condell, Consiglio della Comunit\u00e1 Italiana Regione Valpara\u00edso; Actuemos, organizaci\u00f3n sin fines de lucro que promueve la alimentaci\u00f3n saludable; Chilesertur , Asociaci\u00f3n gremial Nacional de Mipymes y Profesionales del Turismo en Chile @chilesertur; Restaurante Capri; Ciudad de Pie y el [&hellip;]\" \/>\n<meta property=\"og:url\" content=\"https:\/\/dev.antudigital.cl\/sites\/vc\/agenda-la-fecha-nuevo-ciclo-de-cine-y-gastronomia-junto-a-insomnia-fundacion-cocinamar-trespeces-y-mas\/\" \/>\n<meta property=\"og:site_name\" content=\"Valpara\u00ed\u00adso Creativo\" \/>\n<meta property=\"article:published_time\" content=\"2024-01-15T23:03:19+00:00\" \/>\n<meta property=\"article:modified_time\" content=\"2024-01-15T23:03:26+00:00\" \/>\n<meta property=\"og:image\" content=\"https:\/\/dev.antudigital.cl\/sites\/vc\/wp-content\/uploads\/2024\/01\/Captura-de-Pantalla-2024-01-15-a-las-19.48.05.png\" \/>\n\t<meta property=\"og:image:width\" content=\"883\" \/>\n\t<meta property=\"og:image:height\" content=\"622\" \/>\n\t<meta property=\"og:image:type\" content=\"image\/png\" \/>\n<meta name=\"author\" content=\"Valpara\u00edso Creativo\" \/>\n<meta name=\"twitter:card\" content=\"summary_large_image\" \/>\n<meta name=\"twitter:label1\" content=\"Escrito por\" \/>\n\t<meta name=\"twitter:data1\" content=\"Valpara\u00edso Creativo\" \/>\n\t<meta name=\"twitter:label2\" content=\"Tiempo de lectura\" \/>\n\t<meta name=\"twitter:data2\" content=\"2 minutos\" \/>\n<script type=\"application\/ld+json\" class=\"yoast-schema-graph\">{\"@context\":\"https:\/\/schema.org\",\"@graph\":[{\"@type\":\"Article\",\"@id\":\"https:\/\/dev.antudigital.cl\/sites\/vc\/agenda-la-fecha-nuevo-ciclo-de-cine-y-gastronomia-junto-a-insomnia-fundacion-cocinamar-trespeces-y-mas\/#article\",\"isPartOf\":{\"@id\":\"https:\/\/dev.antudigital.cl\/sites\/vc\/agenda-la-fecha-nuevo-ciclo-de-cine-y-gastronomia-junto-a-insomnia-fundacion-cocinamar-trespeces-y-mas\/\"},\"author\":{\"name\":\"Valpara\u00edso Creativo\",\"@id\":\"https:\/\/dev.antudigital.cl\/sites\/vc\/#\/schema\/person\/c2b9da8dd545e27166fc5ab232837318\"},\"headline\":\"Agenda la fecha: nuevo ciclo de cine y gastronom\u00eda junto a Insomnia, Fundaci\u00f3n Cocinamar, TresPeces y m\u00e1s\",\"datePublished\":\"2024-01-15T23:03:19+00:00\",\"dateModified\":\"2024-01-15T23:03:26+00:00\",\"mainEntityOfPage\":{\"@id\":\"https:\/\/dev.antudigital.cl\/sites\/vc\/agenda-la-fecha-nuevo-ciclo-de-cine-y-gastronomia-junto-a-insomnia-fundacion-cocinamar-trespeces-y-mas\/\"},\"wordCount\":195,\"image\":{\"@id\":\"https:\/\/dev.antudigital.cl\/sites\/vc\/agenda-la-fecha-nuevo-ciclo-de-cine-y-gastronomia-junto-a-insomnia-fundacion-cocinamar-trespeces-y-mas\/#primaryimage\"},\"thumbnailUrl\":\"https:\/\/dev.antudigital.cl\/sites\/vc\/wp-content\/uploads\/2024\/01\/Captura-de-Pantalla-2024-01-15-a-las-19.48.05.png\",\"articleSection\":[\"Uncategorized\"],\"inLanguage\":\"es\"},{\"@type\":\"WebPage\",\"@id\":\"https:\/\/dev.antudigital.cl\/sites\/vc\/agenda-la-fecha-nuevo-ciclo-de-cine-y-gastronomia-junto-a-insomnia-fundacion-cocinamar-trespeces-y-mas\/\",\"url\":\"https:\/\/dev.antudigital.cl\/sites\/vc\/agenda-la-fecha-nuevo-ciclo-de-cine-y-gastronomia-junto-a-insomnia-fundacion-cocinamar-trespeces-y-mas\/\",\"name\":\"Agenda la fecha: nuevo ciclo de cine y gastronom\u00eda junto a Insomnia, Fundaci\u00f3n Cocinamar, TresPeces y m\u00e1s - Valpara\u00ed\u00adso Creativo\",\"isPartOf\":{\"@id\":\"https:\/\/dev.antudigital.cl\/sites\/vc\/#website\"},\"primaryImageOfPage\":{\"@id\":\"https:\/\/dev.antudigital.cl\/sites\/vc\/agenda-la-fecha-nuevo-ciclo-de-cine-y-gastronomia-junto-a-insomnia-fundacion-cocinamar-trespeces-y-mas\/#primaryimage\"},\"image\":{\"@id\":\"https:\/\/dev.antudigital.cl\/sites\/vc\/agenda-la-fecha-nuevo-ciclo-de-cine-y-gastronomia-junto-a-insomnia-fundacion-cocinamar-trespeces-y-mas\/#primaryimage\"},\"thumbnailUrl\":\"https:\/\/dev.antudigital.cl\/sites\/vc\/wp-content\/uploads\/2024\/01\/Captura-de-Pantalla-2024-01-15-a-las-19.48.05.png\",\"datePublished\":\"2024-01-15T23:03:19+00:00\",\"dateModified\":\"2024-01-15T23:03:26+00:00\",\"author\":{\"@id\":\"https:\/\/dev.antudigital.cl\/sites\/vc\/#\/schema\/person\/c2b9da8dd545e27166fc5ab232837318\"},\"breadcrumb\":{\"@id\":\"https:\/\/dev.antudigital.cl\/sites\/vc\/agenda-la-fecha-nuevo-ciclo-de-cine-y-gastronomia-junto-a-insomnia-fundacion-cocinamar-trespeces-y-mas\/#breadcrumb\"},\"inLanguage\":\"es\",\"potentialAction\":[{\"@type\":\"ReadAction\",\"target\":[\"https:\/\/dev.antudigital.cl\/sites\/vc\/agenda-la-fecha-nuevo-ciclo-de-cine-y-gastronomia-junto-a-insomnia-fundacion-cocinamar-trespeces-y-mas\/\"]}]},{\"@type\":\"ImageObject\",\"inLanguage\":\"es\",\"@id\":\"https:\/\/dev.antudigital.cl\/sites\/vc\/agenda-la-fecha-nuevo-ciclo-de-cine-y-gastronomia-junto-a-insomnia-fundacion-cocinamar-trespeces-y-mas\/#primaryimage\",\"url\":\"https:\/\/dev.antudigital.cl\/sites\/vc\/wp-content\/uploads\/2024\/01\/Captura-de-Pantalla-2024-01-15-a-las-19.48.05.png\",\"contentUrl\":\"https:\/\/dev.antudigital.cl\/sites\/vc\/wp-content\/uploads\/2024\/01\/Captura-de-Pantalla-2024-01-15-a-las-19.48.05.png\",\"width\":883,\"height\":622},{\"@type\":\"BreadcrumbList\",\"@id\":\"https:\/\/dev.antudigital.cl\/sites\/vc\/agenda-la-fecha-nuevo-ciclo-de-cine-y-gastronomia-junto-a-insomnia-fundacion-cocinamar-trespeces-y-mas\/#breadcrumb\",\"itemListElement\":[{\"@type\":\"ListItem\",\"position\":1,\"name\":\"Home\",\"item\":\"https:\/\/dev.antudigital.cl\/sites\/vc\/\"},{\"@type\":\"ListItem\",\"position\":2,\"name\":\"Agenda la fecha: nuevo ciclo de cine y gastronom\u00eda junto a Insomnia, Fundaci\u00f3n Cocinamar, TresPeces y m\u00e1s\"}]},{\"@type\":\"WebSite\",\"@id\":\"https:\/\/dev.antudigital.cl\/sites\/vc\/#website\",\"url\":\"https:\/\/dev.antudigital.cl\/sites\/vc\/\",\"name\":\"Valpara\u00ed\u00adso Creativo\",\"description\":\"\",\"potentialAction\":[{\"@type\":\"SearchAction\",\"target\":{\"@type\":\"EntryPoint\",\"urlTemplate\":\"https:\/\/dev.antudigital.cl\/sites\/vc\/?s={search_term_string}\"},\"query-input\":{\"@type\":\"PropertyValueSpecification\",\"valueRequired\":true,\"valueName\":\"search_term_string\"}}],\"inLanguage\":\"es\"},{\"@type\":\"Person\",\"@id\":\"https:\/\/dev.antudigital.cl\/sites\/vc\/#\/schema\/person\/c2b9da8dd545e27166fc5ab232837318\",\"name\":\"Valpara\u00edso Creativo\",\"description\":\"Periodista de cultura en la Regi\u00f3n de Valpara\u00edso.\",\"url\":\"https:\/\/dev.antudigital.cl\/sites\/vc\/author\/valpoadmin\/\"}]}<\/script>\n<!-- \/ Yoast SEO plugin. -->","yoast_head_json":{"title":"Agenda la fecha: nuevo ciclo de cine y gastronom\u00eda junto a Insomnia, Fundaci\u00f3n Cocinamar, TresPeces y m\u00e1s - Valpara\u00ed\u00adso Creativo","robots":{"index":"index","follow":"follow","max-snippet":"max-snippet:-1","max-image-preview":"max-image-preview:large","max-video-preview":"max-video-preview:-1"},"canonical":"https:\/\/dev.antudigital.cl\/sites\/vc\/agenda-la-fecha-nuevo-ciclo-de-cine-y-gastronomia-junto-a-insomnia-fundacion-cocinamar-trespeces-y-mas\/","og_locale":"es_ES","og_type":"article","og_title":"Agenda la fecha: nuevo ciclo de cine y gastronom\u00eda junto a Insomnia, Fundaci\u00f3n Cocinamar, TresPeces y m\u00e1s - Valpara\u00ed\u00adso Creativo","og_description":"Se acerca una actividad conjunta de Valpara\u00edso Creativo con Fundaci\u00f3n Cocinamar, Tres Peces Valpara\u00edso, Insomnia Teatro Condell, Consiglio della Comunit\u00e1 Italiana Regione Valpara\u00edso; Actuemos, organizaci\u00f3n sin fines de lucro que promueve la alimentaci\u00f3n saludable; Chilesertur , Asociaci\u00f3n gremial Nacional de Mipymes y Profesionales del Turismo en Chile @chilesertur; Restaurante Capri; Ciudad de Pie y el [&hellip;]","og_url":"https:\/\/dev.antudigital.cl\/sites\/vc\/agenda-la-fecha-nuevo-ciclo-de-cine-y-gastronomia-junto-a-insomnia-fundacion-cocinamar-trespeces-y-mas\/","og_site_name":"Valpara\u00ed\u00adso Creativo","article_published_time":"2024-01-15T23:03:19+00:00","article_modified_time":"2024-01-15T23:03:26+00:00","og_image":[{"width":883,"height":622,"url":"https:\/\/dev.antudigital.cl\/sites\/vc\/wp-content\/uploads\/2024\/01\/Captura-de-Pantalla-2024-01-15-a-las-19.48.05.png","type":"image\/png"}],"author":"Valpara\u00edso Creativo","twitter_card":"summary_large_image","twitter_misc":{"Escrito por":"Valpara\u00edso Creativo","Tiempo de lectura":"2 minutos"},"schema":{"@context":"https:\/\/schema.org","@graph":[{"@type":"Article","@id":"https:\/\/dev.antudigital.cl\/sites\/vc\/agenda-la-fecha-nuevo-ciclo-de-cine-y-gastronomia-junto-a-insomnia-fundacion-cocinamar-trespeces-y-mas\/#article","isPartOf":{"@id":"https:\/\/dev.antudigital.cl\/sites\/vc\/agenda-la-fecha-nuevo-ciclo-de-cine-y-gastronomia-junto-a-insomnia-fundacion-cocinamar-trespeces-y-mas\/"},"author":{"name":"Valpara\u00edso Creativo","@id":"https:\/\/dev.antudigital.cl\/sites\/vc\/#\/schema\/person\/c2b9da8dd545e27166fc5ab232837318"},"headline":"Agenda la fecha: nuevo ciclo de cine y gastronom\u00eda junto a Insomnia, Fundaci\u00f3n Cocinamar, TresPeces y m\u00e1s","datePublished":"2024-01-15T23:03:19+00:00","dateModified":"2024-01-15T23:03:26+00:00","mainEntityOfPage":{"@id":"https:\/\/dev.antudigital.cl\/sites\/vc\/agenda-la-fecha-nuevo-ciclo-de-cine-y-gastronomia-junto-a-insomnia-fundacion-cocinamar-trespeces-y-mas\/"},"wordCount":195,"image":{"@id":"https:\/\/dev.antudigital.cl\/sites\/vc\/agenda-la-fecha-nuevo-ciclo-de-cine-y-gastronomia-junto-a-insomnia-fundacion-cocinamar-trespeces-y-mas\/#primaryimage"},"thumbnailUrl":"https:\/\/dev.antudigital.cl\/sites\/vc\/wp-content\/uploads\/2024\/01\/Captura-de-Pantalla-2024-01-15-a-las-19.48.05.png","articleSection":["Uncategorized"],"inLanguage":"es"},{"@type":"WebPage","@id":"https:\/\/dev.antudigital.cl\/sites\/vc\/agenda-la-fecha-nuevo-ciclo-de-cine-y-gastronomia-junto-a-insomnia-fundacion-cocinamar-trespeces-y-mas\/","url":"https:\/\/dev.antudigital.cl\/sites\/vc\/agenda-la-fecha-nuevo-ciclo-de-cine-y-gastronomia-junto-a-insomnia-fundacion-cocinamar-trespeces-y-mas\/","name":"Agenda la fecha: nuevo ciclo de cine y gastronom\u00eda junto a Insomnia, Fundaci\u00f3n Cocinamar, TresPeces y m\u00e1s - Valpara\u00ed\u00adso Creativo","isPartOf":{"@id":"https:\/\/dev.antudigital.cl\/sites\/vc\/#website"},"primaryImageOfPage":{"@id":"https:\/\/dev.antudigital.cl\/sites\/vc\/agenda-la-fecha-nuevo-ciclo-de-cine-y-gastronomia-junto-a-insomnia-fundacion-cocinamar-trespeces-y-mas\/#primaryimage"},"image":{"@id":"https:\/\/dev.antudigital.cl\/sites\/vc\/agenda-la-fecha-nuevo-ciclo-de-cine-y-gastronomia-junto-a-insomnia-fundacion-cocinamar-trespeces-y-mas\/#primaryimage"},"thumbnailUrl":"https:\/\/dev.antudigital.cl\/sites\/vc\/wp-content\/uploads\/2024\/01\/Captura-de-Pantalla-2024-01-15-a-las-19.48.05.png","datePublished":"2024-01-15T23:03:19+00:00","dateModified":"2024-01-15T23:03:26+00:00","author":{"@id":"https:\/\/dev.antudigital.cl\/sites\/vc\/#\/schema\/person\/c2b9da8dd545e27166fc5ab232837318"},"breadcrumb":{"@id":"https:\/\/dev.antudigital.cl\/sites\/vc\/agenda-la-fecha-nuevo-ciclo-de-cine-y-gastronomia-junto-a-insomnia-fundacion-cocinamar-trespeces-y-mas\/#breadcrumb"},"inLanguage":"es","potentialAction":[{"@type":"ReadAction","target":["https:\/\/dev.antudigital.cl\/sites\/vc\/agenda-la-fecha-nuevo-ciclo-de-cine-y-gastronomia-junto-a-insomnia-fundacion-cocinamar-trespeces-y-mas\/"]}]},{"@type":"ImageObject","inLanguage":"es","@id":"https:\/\/dev.antudigital.cl\/sites\/vc\/agenda-la-fecha-nuevo-ciclo-de-cine-y-gastronomia-junto-a-insomnia-fundacion-cocinamar-trespeces-y-mas\/#primaryimage","url":"https:\/\/dev.antudigital.cl\/sites\/vc\/wp-content\/uploads\/2024\/01\/Captura-de-Pantalla-2024-01-15-a-las-19.48.05.png","contentUrl":"https:\/\/dev.antudigital.cl\/sites\/vc\/wp-content\/uploads\/2024\/01\/Captura-de-Pantalla-2024-01-15-a-las-19.48.05.png","width":883,"height":622},{"@type":"BreadcrumbList","@id":"https:\/\/dev.antudigital.cl\/sites\/vc\/agenda-la-fecha-nuevo-ciclo-de-cine-y-gastronomia-junto-a-insomnia-fundacion-cocinamar-trespeces-y-mas\/#breadcrumb","itemListElement":[{"@type":"ListItem","position":1,"name":"Home","item":"https:\/\/dev.antudigital.cl\/sites\/vc\/"},{"@type":"ListItem","position":2,"name":"Agenda la fecha: nuevo ciclo de cine y gastronom\u00eda junto a Insomnia, Fundaci\u00f3n Cocinamar, TresPeces y m\u00e1s"}]},{"@type":"WebSite","@id":"https:\/\/dev.antudigital.cl\/sites\/vc\/#website","url":"https:\/\/dev.antudigital.cl\/sites\/vc\/","name":"Valpara\u00ed\u00adso Creativo","description":"","potentialAction":[{"@type":"SearchAction","target":{"@type":"EntryPoint","urlTemplate":"https:\/\/dev.antudigital.cl\/sites\/vc\/?s={search_term_string}"},"query-input":{"@type":"PropertyValueSpecification","valueRequired":true,"valueName":"search_term_string"}}],"inLanguage":"es"},{"@type":"Person","@id":"https:\/\/dev.antudigital.cl\/sites\/vc\/#\/schema\/person\/c2b9da8dd545e27166fc5ab232837318","name":"Valpara\u00edso Creativo","description":"Periodista de cultura en la Regi\u00f3n de Valpara\u00edso.","url":"https:\/\/dev.antudigital.cl\/sites\/vc\/author\/valpoadmin\/"}]}},"_links":{"self":[{"href":"https:\/\/dev.antudigital.cl\/sites\/vc\/wp-json\/wp\/v2\/posts\/18172","targetHints":{"allow":["GET"]}}],"collection":[{"href":"https:\/\/dev.antudigital.cl\/sites\/vc\/wp-json\/wp\/v2\/posts"}],"about":[{"href":"https:\/\/dev.antudigital.cl\/sites\/vc\/wp-json\/wp\/v2\/types\/post"}],"author":[{"embeddable":true,"href":"https:\/\/dev.antudigital.cl\/sites\/vc\/wp-json\/wp\/v2\/users\/1"}],"replies":[{"embeddable":true,"href":"https:\/\/dev.antudigital.cl\/sites\/vc\/wp-json\/wp\/v2\/comments?post=18172"}],"version-history":[{"count":1,"href":"https:\/\/dev.antudigital.cl\/sites\/vc\/wp-json\/wp\/v2\/posts\/18172\/revisions"}],"predecessor-version":[{"id":18175,"href":"https:\/\/dev.antudigital.cl\/sites\/vc\/wp-json\/wp\/v2\/posts\/18172\/revisions\/18175"}],"wp:featuredmedia":[{"embeddable":true,"href":"https:\/\/dev.antudigital.cl\/sites\/vc\/wp-json\/wp\/v2\/media\/18173"}],"wp:attachment":[{"href":"https:\/\/dev.antudigital.cl\/sites\/vc\/wp-json\/wp\/v2\/media?parent=18172"}],"wp:term":[{"taxonomy":"category","embeddable":true,"href":"https:\/\/dev.antudigital.cl\/sites\/vc\/wp-json\/wp\/v2\/categories?post=18172"},{"taxonomy":"post_tag","embeddable":true,"href":"https:\/\/dev.antudigital.cl\/sites\/vc\/wp-json\/wp\/v2\/tags?post=18172"}],"curies":[{"name":"wp","href":"https:\/\/api.w.org\/{rel}","templated":true}]}}