{"id":18215,"date":"2024-01-23T02:21:43","date_gmt":"2024-01-23T02:21:43","guid":{"rendered":"https:\/\/www.valparaisocreativo.cl\/?p=18215"},"modified":"2024-01-23T02:21:49","modified_gmt":"2024-01-23T02:21:49","slug":"nueva-campana-la-prevencion-de-incendios-es-tarea-de-todos-se-lanza-este-martes-en-valparaiso","status":"publish","type":"post","link":"https:\/\/dev.antudigital.cl\/sites\/vc\/nueva-campana-la-prevencion-de-incendios-es-tarea-de-todos-se-lanza-este-martes-en-valparaiso\/","title":{"rendered":"Nueva campa\u00f1a \u00abLa prevenci\u00f3n de incendios es tarea de todos\u00bb se lanza este martes en Valpara\u00edso"},"content":{"rendered":"\n<p><em>Fotograf\u00eda: Rodolfo Mu\u00f1oz para Valpara\u00edso Creativo<\/em><\/p>\n\n\n\n<p>Este martes 23 a las 12:00hrs. en Plaza Sotomayor (frente al Cuerpo de Bomberos) tendremos el lanzamiento de la campa\u00f1a<strong><em> La prevenci\u00f3n de incendios es tarea de todos: Cuidemos nuestro patrimonio<\/em><\/strong>, que busca poner \u00e9nfasis en medidas cotidianas para la prevenci\u00f3n de incendios, los que afectan m\u00e1s de lo que quisi\u00e9ramos a la ciudad de Valpara\u00edso.<\/p>\n\n\n\n<p>AG Hoteles Valpara\u00edso, a trav\u00e9s de Karen Lein, quien participa en nuestro Comit\u00e9 Gestor de Patrimonio, son quienes impulsan esta campa\u00f1a informativa que cuenta de volantes f\u00edsicos y videos educativos acerca de la importancia de contar con cuidados apropiados para evitar este tipo de siniestros.<\/p>\n\n\n\n<p>La invitaci\u00f3n es a tener esta prevenci\u00f3n todo el a\u00f1o: no es algo de solo la temporada estival y comienza por la comunidad, todos somos part\u00edcipes activos con nuestras acciones. Conoce m\u00e1s:<\/p>\n\n\n\n<p><strong>Primero, quisiera saber de qu\u00e9 se trata esta campa\u00f1a que se va a desplegar, \u00bfpor qu\u00e9 es importante, en tus palabras?<\/strong><\/p>\n\n\n\n<p>&#8211; Estamos tratando de poner la primera piedra en el cambio de paradigma de la prevenci\u00f3n de los incendios. \u00bfQu\u00e9 significa esto? Que no podemos siempre reaccionar, sino que debemos ser co-protagonistas en la prevenci\u00f3n: a todos nos toca, no podemos esperar que sea una tarea solo de bomberos o autoridades. Debemos aprender a ser parte de este c\u00edrculo: yo como ciudadano y residente de un territorio, debo tener una acci\u00f3n responsable frente a este asunto y eso requiere una serie de medidas muy b\u00e1sicas y simples, que no son tan obvias, de manera que podamos contribuir a prevenir incendios, no agregando factores de peligro. Esto nace precisamente por el caso del incendio que afect\u00f3 al Hotel Brighton hace poco, que naci\u00f3 de una casa vecina, esto afect\u00f3 al asociado, generando un da\u00f1o que nos moviliz\u00f3 para ver la forma de que nos hagamos responsables y nos demos cuenta de que nuestra participaci\u00f3n es importante. Todos podemos hacer la diferencia.<\/p>\n\n\n\n<p><strong>A trav\u00e9s de \u00e9sto, ustedes como Asociaci\u00f3n Gremial, \u00bfc\u00f3mo se hace llegar a la comunidad?<\/strong><\/p>\n\n\n\n<p>&#8211; Nosotros como hoteleros estamos bien anclados en el territorio, vamos de la mano con las juntas de vecinos de Cerro Concepci\u00f3n y Alegre, quienes nos respaldan y por ende se los presentaremos en asamblea [la campa\u00f1a], de a poco instalando el tema a trav\u00e9s de la campa\u00f1a de volantes, el boca a boca, puerta a puerta y tambi\u00e9n los videos que se pondr\u00e1n en redes sociales. No es un trabajo solo de temporada estival, sino de todo el a\u00f1o: nos podemos organizar para prepararnos y prevenir incendios juntos. Es una campa\u00f1a que busca ser activada permanentemente con la comunidad. Debemos hacer de esto una cultura, como la del reciclaje.<\/p>\n\n\n\n<p><strong>Esta campa\u00f1a, \u00bfen qu\u00e9 est\u00e1 enfocada?<\/strong><\/p>\n\n\n\n<p>&#8211; Rompemos un paradigma, ya que los hoteles ya estamos preparados para prevenir. No es un llamado a los hoteleros la campa\u00f1a, sino a la ciudadan\u00eda desde nosotros, ya que todos podemos ser parte del problema con nuestras acciones. Nosotros buscamos movilizar pero es en beneficio de la ciudad para generar una cultura de prevenci\u00f3n de incendios.\u00a0<\/p>\n\n\n\n<p><strong>Alej\u00e1ndonos un poco de la campa\u00f1a, \u00bfc\u00f3mo ha sido para ti participar en los Comit\u00e9 Gestores de Valpara\u00edso Creativo y llegar a la instancia de ejecuci\u00f3n del proyecto?<\/strong><\/p>\n\n\n\n<p>&#8211; No tengo suficientes palabras para agradecer que nos hayan considerado y la velocidad a la que se ha trabajado, adem\u00e1s del gran apoyo financiero y de gesti\u00f3n que se ha hecho. Hay mucho compromiso con esta campa\u00f1a, que naci\u00f3 espont\u00e1neamente, as\u00ed logra la amplitud que podemos desear. Valpara\u00edso Creativo fue el aglutinante entre instituciones como Sernatur, la Corporaci\u00f3n Regional de Turismo y otros. Agradecemos tener la puerta abierta.<\/p>\n\n\n\n<figure class=\"wp-block-image size-large\"><img fetchpriority=\"high\" decoding=\"async\" width=\"692\" height=\"1024\" src=\"https:\/\/www.valparaisocreativo.cl\/wp-content\/uploads\/2024\/01\/WhatsApp-Image-2024-01-22-at-18.54.48-692x1024.jpeg\" alt=\"\" class=\"wp-image-18217\" srcset=\"https:\/\/dev.antudigital.cl\/sites\/vc\/wp-content\/uploads\/2024\/01\/WhatsApp-Image-2024-01-22-at-18.54.48-692x1024.jpeg 692w, https:\/\/dev.antudigital.cl\/sites\/vc\/wp-content\/uploads\/2024\/01\/WhatsApp-Image-2024-01-22-at-18.54.48-203x300.jpeg 203w, https:\/\/dev.antudigital.cl\/sites\/vc\/wp-content\/uploads\/2024\/01\/WhatsApp-Image-2024-01-22-at-18.54.48-768x1137.jpeg 768w, https:\/\/dev.antudigital.cl\/sites\/vc\/wp-content\/uploads\/2024\/01\/WhatsApp-Image-2024-01-22-at-18.54.48-480x710.jpeg 480w, https:\/\/dev.antudigital.cl\/sites\/vc\/wp-content\/uploads\/2024\/01\/WhatsApp-Image-2024-01-22-at-18.54.48-16x24.jpeg 16w, https:\/\/dev.antudigital.cl\/sites\/vc\/wp-content\/uploads\/2024\/01\/WhatsApp-Image-2024-01-22-at-18.54.48-24x36.jpeg 24w, https:\/\/dev.antudigital.cl\/sites\/vc\/wp-content\/uploads\/2024\/01\/WhatsApp-Image-2024-01-22-at-18.54.48-32x48.jpeg 32w, https:\/\/dev.antudigital.cl\/sites\/vc\/wp-content\/uploads\/2024\/01\/WhatsApp-Image-2024-01-22-at-18.54.48.jpeg 973w\" sizes=\"(max-width: 692px) 100vw, 692px\" \/><\/figure>\n","protected":false},"excerpt":{"rendered":"<p>Fotograf\u00eda: Rodolfo Mu\u00f1oz para Valpara\u00edso Creativo Este martes 23 a las 12:00hrs. en Plaza Sotomayor (frente al Cuerpo de Bomberos) tendremos el lanzamiento de la campa\u00f1a La prevenci\u00f3n de incendios es tarea de todos: Cuidemos nuestro patrimonio, que busca poner \u00e9nfasis en medidas cotidianas para la prevenci\u00f3n de incendios, los que afectan m\u00e1s de lo [&hellip;]<\/p>\n","protected":false},"author":1,"featured_media":18216,"comment_status":"closed","ping_status":"closed","sticky":false,"template":"","format":"standard","meta":{"_acf_changed":false,"footnotes":""},"categories":[218],"tags":[],"class_list":["post-18215","post","type-post","status-publish","format-standard","has-post-thumbnail","hentry","category-blog"],"acf":[],"yoast_head":"<!-- This site is optimized with the Yoast SEO plugin v27.1.1 - https:\/\/yoast.com\/product\/yoast-seo-wordpress\/ -->\n<title>Nueva campa\u00f1a &quot;La prevenci\u00f3n de incendios es tarea de todos&quot; se lanza este martes en Valpara\u00edso - Valpara\u00ed\u00adso Creativo<\/title>\n<meta name=\"robots\" content=\"index, follow, max-snippet:-1, max-image-preview:large, max-video-preview:-1\" \/>\n<link rel=\"canonical\" href=\"https:\/\/dev.antudigital.cl\/sites\/vc\/nueva-campana-la-prevencion-de-incendios-es-tarea-de-todos-se-lanza-este-martes-en-valparaiso\/\" \/>\n<meta property=\"og:locale\" content=\"es_ES\" \/>\n<meta property=\"og:type\" content=\"article\" \/>\n<meta property=\"og:title\" content=\"Nueva campa\u00f1a &quot;La prevenci\u00f3n de incendios es tarea de todos&quot; se lanza este martes en Valpara\u00edso - Valpara\u00ed\u00adso Creativo\" \/>\n<meta property=\"og:description\" content=\"Fotograf\u00eda: Rodolfo Mu\u00f1oz para Valpara\u00edso Creativo Este martes 23 a las 12:00hrs. en Plaza Sotomayor (frente al Cuerpo de Bomberos) tendremos el lanzamiento de la campa\u00f1a La prevenci\u00f3n de incendios es tarea de todos: Cuidemos nuestro patrimonio, que busca poner \u00e9nfasis en medidas cotidianas para la prevenci\u00f3n de incendios, los que afectan m\u00e1s de lo [&hellip;]\" \/>\n<meta property=\"og:url\" content=\"https:\/\/dev.antudigital.cl\/sites\/vc\/nueva-campana-la-prevencion-de-incendios-es-tarea-de-todos-se-lanza-este-martes-en-valparaiso\/\" \/>\n<meta property=\"og:site_name\" content=\"Valpara\u00ed\u00adso Creativo\" \/>\n<meta property=\"article:published_time\" content=\"2024-01-23T02:21:43+00:00\" \/>\n<meta property=\"article:modified_time\" content=\"2024-01-23T02:21:49+00:00\" \/>\n<meta property=\"og:image\" content=\"https:\/\/dev.antudigital.cl\/sites\/vc\/wp-content\/uploads\/2024\/01\/PRIMERA-ENTREGA-19-scaled.jpg\" \/>\n\t<meta property=\"og:image:width\" content=\"2560\" \/>\n\t<meta property=\"og:image:height\" content=\"1707\" \/>\n\t<meta property=\"og:image:type\" content=\"image\/jpeg\" \/>\n<meta name=\"author\" content=\"Valpara\u00edso Creativo\" \/>\n<meta name=\"twitter:card\" content=\"summary_large_image\" \/>\n<meta name=\"twitter:label1\" content=\"Escrito por\" \/>\n\t<meta name=\"twitter:data1\" content=\"Valpara\u00edso Creativo\" \/>\n\t<meta name=\"twitter:label2\" content=\"Tiempo de lectura\" \/>\n\t<meta name=\"twitter:data2\" content=\"4 minutos\" \/>\n<script type=\"application\/ld+json\" class=\"yoast-schema-graph\">{\"@context\":\"https:\/\/schema.org\",\"@graph\":[{\"@type\":\"Article\",\"@id\":\"https:\/\/dev.antudigital.cl\/sites\/vc\/nueva-campana-la-prevencion-de-incendios-es-tarea-de-todos-se-lanza-este-martes-en-valparaiso\/#article\",\"isPartOf\":{\"@id\":\"https:\/\/dev.antudigital.cl\/sites\/vc\/nueva-campana-la-prevencion-de-incendios-es-tarea-de-todos-se-lanza-este-martes-en-valparaiso\/\"},\"author\":{\"name\":\"Valpara\u00edso Creativo\",\"@id\":\"https:\/\/dev.antudigital.cl\/sites\/vc\/#\/schema\/person\/c2b9da8dd545e27166fc5ab232837318\"},\"headline\":\"Nueva campa\u00f1a \u00abLa prevenci\u00f3n de incendios es tarea de todos\u00bb se lanza este martes en Valpara\u00edso\",\"datePublished\":\"2024-01-23T02:21:43+00:00\",\"dateModified\":\"2024-01-23T02:21:49+00:00\",\"mainEntityOfPage\":{\"@id\":\"https:\/\/dev.antudigital.cl\/sites\/vc\/nueva-campana-la-prevencion-de-incendios-es-tarea-de-todos-se-lanza-este-martes-en-valparaiso\/\"},\"wordCount\":675,\"image\":{\"@id\":\"https:\/\/dev.antudigital.cl\/sites\/vc\/nueva-campana-la-prevencion-de-incendios-es-tarea-de-todos-se-lanza-este-martes-en-valparaiso\/#primaryimage\"},\"thumbnailUrl\":\"https:\/\/dev.antudigital.cl\/sites\/vc\/wp-content\/uploads\/2024\/01\/PRIMERA-ENTREGA-19-scaled.jpg\",\"articleSection\":[\"Blog\"],\"inLanguage\":\"es\"},{\"@type\":\"WebPage\",\"@id\":\"https:\/\/dev.antudigital.cl\/sites\/vc\/nueva-campana-la-prevencion-de-incendios-es-tarea-de-todos-se-lanza-este-martes-en-valparaiso\/\",\"url\":\"https:\/\/dev.antudigital.cl\/sites\/vc\/nueva-campana-la-prevencion-de-incendios-es-tarea-de-todos-se-lanza-este-martes-en-valparaiso\/\",\"name\":\"Nueva campa\u00f1a \\\"La prevenci\u00f3n de incendios es tarea de todos\\\" se lanza este martes en Valpara\u00edso - Valpara\u00ed\u00adso Creativo\",\"isPartOf\":{\"@id\":\"https:\/\/dev.antudigital.cl\/sites\/vc\/#website\"},\"primaryImageOfPage\":{\"@id\":\"https:\/\/dev.antudigital.cl\/sites\/vc\/nueva-campana-la-prevencion-de-incendios-es-tarea-de-todos-se-lanza-este-martes-en-valparaiso\/#primaryimage\"},\"image\":{\"@id\":\"https:\/\/dev.antudigital.cl\/sites\/vc\/nueva-campana-la-prevencion-de-incendios-es-tarea-de-todos-se-lanza-este-martes-en-valparaiso\/#primaryimage\"},\"thumbnailUrl\":\"https:\/\/dev.antudigital.cl\/sites\/vc\/wp-content\/uploads\/2024\/01\/PRIMERA-ENTREGA-19-scaled.jpg\",\"datePublished\":\"2024-01-23T02:21:43+00:00\",\"dateModified\":\"2024-01-23T02:21:49+00:00\",\"author\":{\"@id\":\"https:\/\/dev.antudigital.cl\/sites\/vc\/#\/schema\/person\/c2b9da8dd545e27166fc5ab232837318\"},\"breadcrumb\":{\"@id\":\"https:\/\/dev.antudigital.cl\/sites\/vc\/nueva-campana-la-prevencion-de-incendios-es-tarea-de-todos-se-lanza-este-martes-en-valparaiso\/#breadcrumb\"},\"inLanguage\":\"es\",\"potentialAction\":[{\"@type\":\"ReadAction\",\"target\":[\"https:\/\/dev.antudigital.cl\/sites\/vc\/nueva-campana-la-prevencion-de-incendios-es-tarea-de-todos-se-lanza-este-martes-en-valparaiso\/\"]}]},{\"@type\":\"ImageObject\",\"inLanguage\":\"es\",\"@id\":\"https:\/\/dev.antudigital.cl\/sites\/vc\/nueva-campana-la-prevencion-de-incendios-es-tarea-de-todos-se-lanza-este-martes-en-valparaiso\/#primaryimage\",\"url\":\"https:\/\/dev.antudigital.cl\/sites\/vc\/wp-content\/uploads\/2024\/01\/PRIMERA-ENTREGA-19-scaled.jpg\",\"contentUrl\":\"https:\/\/dev.antudigital.cl\/sites\/vc\/wp-content\/uploads\/2024\/01\/PRIMERA-ENTREGA-19-scaled.jpg\",\"width\":2560,\"height\":1707},{\"@type\":\"BreadcrumbList\",\"@id\":\"https:\/\/dev.antudigital.cl\/sites\/vc\/nueva-campana-la-prevencion-de-incendios-es-tarea-de-todos-se-lanza-este-martes-en-valparaiso\/#breadcrumb\",\"itemListElement\":[{\"@type\":\"ListItem\",\"position\":1,\"name\":\"Home\",\"item\":\"https:\/\/dev.antudigital.cl\/sites\/vc\/\"},{\"@type\":\"ListItem\",\"position\":2,\"name\":\"Nueva campa\u00f1a \u00abLa prevenci\u00f3n de incendios es tarea de todos\u00bb se lanza este martes en Valpara\u00edso\"}]},{\"@type\":\"WebSite\",\"@id\":\"https:\/\/dev.antudigital.cl\/sites\/vc\/#website\",\"url\":\"https:\/\/dev.antudigital.cl\/sites\/vc\/\",\"name\":\"Valpara\u00ed\u00adso Creativo\",\"description\":\"\",\"potentialAction\":[{\"@type\":\"SearchAction\",\"target\":{\"@type\":\"EntryPoint\",\"urlTemplate\":\"https:\/\/dev.antudigital.cl\/sites\/vc\/?s={search_term_string}\"},\"query-input\":{\"@type\":\"PropertyValueSpecification\",\"valueRequired\":true,\"valueName\":\"search_term_string\"}}],\"inLanguage\":\"es\"},{\"@type\":\"Person\",\"@id\":\"https:\/\/dev.antudigital.cl\/sites\/vc\/#\/schema\/person\/c2b9da8dd545e27166fc5ab232837318\",\"name\":\"Valpara\u00edso Creativo\",\"description\":\"Periodista de cultura en la Regi\u00f3n de Valpara\u00edso.\",\"url\":\"https:\/\/dev.antudigital.cl\/sites\/vc\/author\/valpoadmin\/\"}]}<\/script>\n<!-- \/ Yoast SEO plugin. -->","yoast_head_json":{"title":"Nueva campa\u00f1a \"La prevenci\u00f3n de incendios es tarea de todos\" se lanza este martes en Valpara\u00edso - Valpara\u00ed\u00adso Creativo","robots":{"index":"index","follow":"follow","max-snippet":"max-snippet:-1","max-image-preview":"max-image-preview:large","max-video-preview":"max-video-preview:-1"},"canonical":"https:\/\/dev.antudigital.cl\/sites\/vc\/nueva-campana-la-prevencion-de-incendios-es-tarea-de-todos-se-lanza-este-martes-en-valparaiso\/","og_locale":"es_ES","og_type":"article","og_title":"Nueva campa\u00f1a \"La prevenci\u00f3n de incendios es tarea de todos\" se lanza este martes en Valpara\u00edso - Valpara\u00ed\u00adso Creativo","og_description":"Fotograf\u00eda: Rodolfo Mu\u00f1oz para Valpara\u00edso Creativo Este martes 23 a las 12:00hrs. en Plaza Sotomayor (frente al Cuerpo de Bomberos) tendremos el lanzamiento de la campa\u00f1a La prevenci\u00f3n de incendios es tarea de todos: Cuidemos nuestro patrimonio, que busca poner \u00e9nfasis en medidas cotidianas para la prevenci\u00f3n de incendios, los que afectan m\u00e1s de lo [&hellip;]","og_url":"https:\/\/dev.antudigital.cl\/sites\/vc\/nueva-campana-la-prevencion-de-incendios-es-tarea-de-todos-se-lanza-este-martes-en-valparaiso\/","og_site_name":"Valpara\u00ed\u00adso Creativo","article_published_time":"2024-01-23T02:21:43+00:00","article_modified_time":"2024-01-23T02:21:49+00:00","og_image":[{"width":2560,"height":1707,"url":"https:\/\/dev.antudigital.cl\/sites\/vc\/wp-content\/uploads\/2024\/01\/PRIMERA-ENTREGA-19-scaled.jpg","type":"image\/jpeg"}],"author":"Valpara\u00edso Creativo","twitter_card":"summary_large_image","twitter_misc":{"Escrito por":"Valpara\u00edso Creativo","Tiempo de lectura":"4 minutos"},"schema":{"@context":"https:\/\/schema.org","@graph":[{"@type":"Article","@id":"https:\/\/dev.antudigital.cl\/sites\/vc\/nueva-campana-la-prevencion-de-incendios-es-tarea-de-todos-se-lanza-este-martes-en-valparaiso\/#article","isPartOf":{"@id":"https:\/\/dev.antudigital.cl\/sites\/vc\/nueva-campana-la-prevencion-de-incendios-es-tarea-de-todos-se-lanza-este-martes-en-valparaiso\/"},"author":{"name":"Valpara\u00edso Creativo","@id":"https:\/\/dev.antudigital.cl\/sites\/vc\/#\/schema\/person\/c2b9da8dd545e27166fc5ab232837318"},"headline":"Nueva campa\u00f1a \u00abLa prevenci\u00f3n de incendios es tarea de todos\u00bb se lanza este martes en Valpara\u00edso","datePublished":"2024-01-23T02:21:43+00:00","dateModified":"2024-01-23T02:21:49+00:00","mainEntityOfPage":{"@id":"https:\/\/dev.antudigital.cl\/sites\/vc\/nueva-campana-la-prevencion-de-incendios-es-tarea-de-todos-se-lanza-este-martes-en-valparaiso\/"},"wordCount":675,"image":{"@id":"https:\/\/dev.antudigital.cl\/sites\/vc\/nueva-campana-la-prevencion-de-incendios-es-tarea-de-todos-se-lanza-este-martes-en-valparaiso\/#primaryimage"},"thumbnailUrl":"https:\/\/dev.antudigital.cl\/sites\/vc\/wp-content\/uploads\/2024\/01\/PRIMERA-ENTREGA-19-scaled.jpg","articleSection":["Blog"],"inLanguage":"es"},{"@type":"WebPage","@id":"https:\/\/dev.antudigital.cl\/sites\/vc\/nueva-campana-la-prevencion-de-incendios-es-tarea-de-todos-se-lanza-este-martes-en-valparaiso\/","url":"https:\/\/dev.antudigital.cl\/sites\/vc\/nueva-campana-la-prevencion-de-incendios-es-tarea-de-todos-se-lanza-este-martes-en-valparaiso\/","name":"Nueva campa\u00f1a \"La prevenci\u00f3n de incendios es tarea de todos\" se lanza este martes en Valpara\u00edso - Valpara\u00ed\u00adso Creativo","isPartOf":{"@id":"https:\/\/dev.antudigital.cl\/sites\/vc\/#website"},"primaryImageOfPage":{"@id":"https:\/\/dev.antudigital.cl\/sites\/vc\/nueva-campana-la-prevencion-de-incendios-es-tarea-de-todos-se-lanza-este-martes-en-valparaiso\/#primaryimage"},"image":{"@id":"https:\/\/dev.antudigital.cl\/sites\/vc\/nueva-campana-la-prevencion-de-incendios-es-tarea-de-todos-se-lanza-este-martes-en-valparaiso\/#primaryimage"},"thumbnailUrl":"https:\/\/dev.antudigital.cl\/sites\/vc\/wp-content\/uploads\/2024\/01\/PRIMERA-ENTREGA-19-scaled.jpg","datePublished":"2024-01-23T02:21:43+00:00","dateModified":"2024-01-23T02:21:49+00:00","author":{"@id":"https:\/\/dev.antudigital.cl\/sites\/vc\/#\/schema\/person\/c2b9da8dd545e27166fc5ab232837318"},"breadcrumb":{"@id":"https:\/\/dev.antudigital.cl\/sites\/vc\/nueva-campana-la-prevencion-de-incendios-es-tarea-de-todos-se-lanza-este-martes-en-valparaiso\/#breadcrumb"},"inLanguage":"es","potentialAction":[{"@type":"ReadAction","target":["https:\/\/dev.antudigital.cl\/sites\/vc\/nueva-campana-la-prevencion-de-incendios-es-tarea-de-todos-se-lanza-este-martes-en-valparaiso\/"]}]},{"@type":"ImageObject","inLanguage":"es","@id":"https:\/\/dev.antudigital.cl\/sites\/vc\/nueva-campana-la-prevencion-de-incendios-es-tarea-de-todos-se-lanza-este-martes-en-valparaiso\/#primaryimage","url":"https:\/\/dev.antudigital.cl\/sites\/vc\/wp-content\/uploads\/2024\/01\/PRIMERA-ENTREGA-19-scaled.jpg","contentUrl":"https:\/\/dev.antudigital.cl\/sites\/vc\/wp-content\/uploads\/2024\/01\/PRIMERA-ENTREGA-19-scaled.jpg","width":2560,"height":1707},{"@type":"BreadcrumbList","@id":"https:\/\/dev.antudigital.cl\/sites\/vc\/nueva-campana-la-prevencion-de-incendios-es-tarea-de-todos-se-lanza-este-martes-en-valparaiso\/#breadcrumb","itemListElement":[{"@type":"ListItem","position":1,"name":"Home","item":"https:\/\/dev.antudigital.cl\/sites\/vc\/"},{"@type":"ListItem","position":2,"name":"Nueva campa\u00f1a \u00abLa prevenci\u00f3n de incendios es tarea de todos\u00bb se lanza este martes en Valpara\u00edso"}]},{"@type":"WebSite","@id":"https:\/\/dev.antudigital.cl\/sites\/vc\/#website","url":"https:\/\/dev.antudigital.cl\/sites\/vc\/","name":"Valpara\u00ed\u00adso Creativo","description":"","potentialAction":[{"@type":"SearchAction","target":{"@type":"EntryPoint","urlTemplate":"https:\/\/dev.antudigital.cl\/sites\/vc\/?s={search_term_string}"},"query-input":{"@type":"PropertyValueSpecification","valueRequired":true,"valueName":"search_term_string"}}],"inLanguage":"es"},{"@type":"Person","@id":"https:\/\/dev.antudigital.cl\/sites\/vc\/#\/schema\/person\/c2b9da8dd545e27166fc5ab232837318","name":"Valpara\u00edso Creativo","description":"Periodista de cultura en la Regi\u00f3n de Valpara\u00edso.","url":"https:\/\/dev.antudigital.cl\/sites\/vc\/author\/valpoadmin\/"}]}},"_links":{"self":[{"href":"https:\/\/dev.antudigital.cl\/sites\/vc\/wp-json\/wp\/v2\/posts\/18215","targetHints":{"allow":["GET"]}}],"collection":[{"href":"https:\/\/dev.antudigital.cl\/sites\/vc\/wp-json\/wp\/v2\/posts"}],"about":[{"href":"https:\/\/dev.antudigital.cl\/sites\/vc\/wp-json\/wp\/v2\/types\/post"}],"author":[{"embeddable":true,"href":"https:\/\/dev.antudigital.cl\/sites\/vc\/wp-json\/wp\/v2\/users\/1"}],"replies":[{"embeddable":true,"href":"https:\/\/dev.antudigital.cl\/sites\/vc\/wp-json\/wp\/v2\/comments?post=18215"}],"version-history":[{"count":2,"href":"https:\/\/dev.antudigital.cl\/sites\/vc\/wp-json\/wp\/v2\/posts\/18215\/revisions"}],"predecessor-version":[{"id":18224,"href":"https:\/\/dev.antudigital.cl\/sites\/vc\/wp-json\/wp\/v2\/posts\/18215\/revisions\/18224"}],"wp:featuredmedia":[{"embeddable":true,"href":"https:\/\/dev.antudigital.cl\/sites\/vc\/wp-json\/wp\/v2\/media\/18216"}],"wp:attachment":[{"href":"https:\/\/dev.antudigital.cl\/sites\/vc\/wp-json\/wp\/v2\/media?parent=18215"}],"wp:term":[{"taxonomy":"category","embeddable":true,"href":"https:\/\/dev.antudigital.cl\/sites\/vc\/wp-json\/wp\/v2\/categories?post=18215"},{"taxonomy":"post_tag","embeddable":true,"href":"https:\/\/dev.antudigital.cl\/sites\/vc\/wp-json\/wp\/v2\/tags?post=18215"}],"curies":[{"name":"wp","href":"https:\/\/api.w.org\/{rel}","templated":true}]}}