{"id":18264,"date":"2024-01-30T00:41:10","date_gmt":"2024-01-30T00:41:10","guid":{"rendered":"https:\/\/www.valparaisocreativo.cl\/?p=18264"},"modified":"2024-01-30T00:41:15","modified_gmt":"2024-01-30T00:41:15","slug":"convocatoria-viraliza-formacion-sostenibilidad-2024","status":"publish","type":"post","link":"https:\/\/dev.antudigital.cl\/sites\/vc\/convocatoria-viraliza-formacion-sostenibilidad-2024\/","title":{"rendered":"Convocatoria: Viraliza Formaci\u00f3n Sostenibilidad 2024"},"content":{"rendered":"\n<p>Abierto hasta el 15 de marzo del 2024.<\/p>\n\n\n\n<h1 class=\"wp-block-heading\">\u00bfQu\u00e9 es?<\/h1>\n\n\n\n<p>El objetivo es proveer de un programa de formaci\u00f3n te\u00f3rico-pr\u00e1ctico, presencial, en materias de sostenibilidad. Debes seleccionar una de las tres tem\u00e1ticas para desarrollar la propuesta formativa: 1) Resiliencia al cambio clim\u00e1tico y sus efectos medioambientales; 2) Descarbonizaci\u00f3n justa; 3) Tecnolog\u00edas de producci\u00f3n y sus aplicativos de Hidr\u00f3geno Verde y\/o servicios auxiliares a su cadena de valor.<\/p>\n\n\n\n<h2 class=\"wp-block-heading\">\u00bfQui\u00e9nes pueden postular?<\/h2>\n\n\n\n<p>Pueden postular personas jur\u00eddicas constituidas o creadas en Chile.<\/p>\n\n\n\n<p>Coejecutores y\/o asociados deben ser personas jur\u00eddicas constituidas o creadas en Chile.<\/p>\n\n\n\n<p><a href=\"https:\/\/corfo.cl\/sites\/cpp\/convocatorias\/viraliza_formacion_sostenibilidad#legales\">Bases legales<\/a><\/p>\n\n\n\n<p><a href=\"https:\/\/corfo.cl\/sites\/cpp\/convocatorias\/viraliza_formacion_sostenibilidad\"><strong>Revisa todos los detalles de la convocatoria aqu\u00ed.<\/strong><\/a><\/p>\n","protected":false},"excerpt":{"rendered":"<p>Abierto hasta el 15 de marzo del 2024. \u00bfQu\u00e9 es? El objetivo es proveer de un programa de formaci\u00f3n te\u00f3rico-pr\u00e1ctico, presencial, en materias de sostenibilidad. Debes seleccionar una de las tres tem\u00e1ticas para desarrollar la propuesta formativa: 1) Resiliencia al cambio clim\u00e1tico y sus efectos medioambientales; 2) Descarbonizaci\u00f3n justa; 3) Tecnolog\u00edas de producci\u00f3n y sus [&hellip;]<\/p>\n","protected":false},"author":1,"featured_media":18262,"comment_status":"closed","ping_status":"closed","sticky":false,"template":"","format":"standard","meta":{"_acf_changed":false,"footnotes":""},"categories":[1],"tags":[],"class_list":["post-18264","post","type-post","status-publish","format-standard","has-post-thumbnail","hentry","category-uncategorized"],"acf":[],"yoast_head":"<!-- This site is optimized with the Yoast SEO plugin v27.1.1 - https:\/\/yoast.com\/product\/yoast-seo-wordpress\/ -->\n<title>Convocatoria: Viraliza Formaci\u00f3n Sostenibilidad 2024 - Valpara\u00ed\u00adso Creativo<\/title>\n<meta name=\"robots\" content=\"index, follow, max-snippet:-1, max-image-preview:large, max-video-preview:-1\" \/>\n<link rel=\"canonical\" href=\"https:\/\/dev.antudigital.cl\/sites\/vc\/convocatoria-viraliza-formacion-sostenibilidad-2024\/\" \/>\n<meta property=\"og:locale\" content=\"es_ES\" \/>\n<meta property=\"og:type\" content=\"article\" \/>\n<meta property=\"og:title\" content=\"Convocatoria: Viraliza Formaci\u00f3n Sostenibilidad 2024 - Valpara\u00ed\u00adso Creativo\" \/>\n<meta property=\"og:description\" content=\"Abierto hasta el 15 de marzo del 2024. \u00bfQu\u00e9 es? El objetivo es proveer de un programa de formaci\u00f3n te\u00f3rico-pr\u00e1ctico, presencial, en materias de sostenibilidad. Debes seleccionar una de las tres tem\u00e1ticas para desarrollar la propuesta formativa: 1) Resiliencia al cambio clim\u00e1tico y sus efectos medioambientales; 2) Descarbonizaci\u00f3n justa; 3) Tecnolog\u00edas de producci\u00f3n y sus [&hellip;]\" \/>\n<meta property=\"og:url\" content=\"https:\/\/dev.antudigital.cl\/sites\/vc\/convocatoria-viraliza-formacion-sostenibilidad-2024\/\" \/>\n<meta property=\"og:site_name\" content=\"Valpara\u00ed\u00adso Creativo\" \/>\n<meta property=\"article:published_time\" content=\"2024-01-30T00:41:10+00:00\" \/>\n<meta property=\"article:modified_time\" content=\"2024-01-30T00:41:15+00:00\" \/>\n<meta property=\"og:image\" content=\"https:\/\/dev.antudigital.cl\/sites\/vc\/wp-content\/uploads\/2024\/01\/Captura-de-Pantalla-2024-01-29-a-las-21.38.26.png\" \/>\n\t<meta property=\"og:image:width\" content=\"618\" \/>\n\t<meta property=\"og:image:height\" content=\"170\" \/>\n\t<meta property=\"og:image:type\" content=\"image\/png\" \/>\n<meta name=\"author\" content=\"Valpara\u00edso Creativo\" \/>\n<meta name=\"twitter:card\" content=\"summary_large_image\" \/>\n<meta name=\"twitter:label1\" content=\"Escrito por\" \/>\n\t<meta name=\"twitter:data1\" content=\"Valpara\u00edso Creativo\" \/>\n\t<meta name=\"twitter:label2\" content=\"Tiempo de lectura\" \/>\n\t<meta name=\"twitter:data2\" content=\"1 minuto\" \/>\n<script type=\"application\/ld+json\" class=\"yoast-schema-graph\">{\"@context\":\"https:\/\/schema.org\",\"@graph\":[{\"@type\":\"Article\",\"@id\":\"https:\/\/dev.antudigital.cl\/sites\/vc\/convocatoria-viraliza-formacion-sostenibilidad-2024\/#article\",\"isPartOf\":{\"@id\":\"https:\/\/dev.antudigital.cl\/sites\/vc\/convocatoria-viraliza-formacion-sostenibilidad-2024\/\"},\"author\":{\"name\":\"Valpara\u00edso Creativo\",\"@id\":\"https:\/\/dev.antudigital.cl\/sites\/vc\/#\/schema\/person\/c2b9da8dd545e27166fc5ab232837318\"},\"headline\":\"Convocatoria: Viraliza Formaci\u00f3n Sostenibilidad 2024\",\"datePublished\":\"2024-01-30T00:41:10+00:00\",\"dateModified\":\"2024-01-30T00:41:15+00:00\",\"mainEntityOfPage\":{\"@id\":\"https:\/\/dev.antudigital.cl\/sites\/vc\/convocatoria-viraliza-formacion-sostenibilidad-2024\/\"},\"wordCount\":115,\"image\":{\"@id\":\"https:\/\/dev.antudigital.cl\/sites\/vc\/convocatoria-viraliza-formacion-sostenibilidad-2024\/#primaryimage\"},\"thumbnailUrl\":\"https:\/\/dev.antudigital.cl\/sites\/vc\/wp-content\/uploads\/2024\/01\/Captura-de-Pantalla-2024-01-29-a-las-21.38.26.png\",\"articleSection\":[\"Uncategorized\"],\"inLanguage\":\"es\"},{\"@type\":\"WebPage\",\"@id\":\"https:\/\/dev.antudigital.cl\/sites\/vc\/convocatoria-viraliza-formacion-sostenibilidad-2024\/\",\"url\":\"https:\/\/dev.antudigital.cl\/sites\/vc\/convocatoria-viraliza-formacion-sostenibilidad-2024\/\",\"name\":\"Convocatoria: Viraliza Formaci\u00f3n Sostenibilidad 2024 - Valpara\u00ed\u00adso Creativo\",\"isPartOf\":{\"@id\":\"https:\/\/dev.antudigital.cl\/sites\/vc\/#website\"},\"primaryImageOfPage\":{\"@id\":\"https:\/\/dev.antudigital.cl\/sites\/vc\/convocatoria-viraliza-formacion-sostenibilidad-2024\/#primaryimage\"},\"image\":{\"@id\":\"https:\/\/dev.antudigital.cl\/sites\/vc\/convocatoria-viraliza-formacion-sostenibilidad-2024\/#primaryimage\"},\"thumbnailUrl\":\"https:\/\/dev.antudigital.cl\/sites\/vc\/wp-content\/uploads\/2024\/01\/Captura-de-Pantalla-2024-01-29-a-las-21.38.26.png\",\"datePublished\":\"2024-01-30T00:41:10+00:00\",\"dateModified\":\"2024-01-30T00:41:15+00:00\",\"author\":{\"@id\":\"https:\/\/dev.antudigital.cl\/sites\/vc\/#\/schema\/person\/c2b9da8dd545e27166fc5ab232837318\"},\"breadcrumb\":{\"@id\":\"https:\/\/dev.antudigital.cl\/sites\/vc\/convocatoria-viraliza-formacion-sostenibilidad-2024\/#breadcrumb\"},\"inLanguage\":\"es\",\"potentialAction\":[{\"@type\":\"ReadAction\",\"target\":[\"https:\/\/dev.antudigital.cl\/sites\/vc\/convocatoria-viraliza-formacion-sostenibilidad-2024\/\"]}]},{\"@type\":\"ImageObject\",\"inLanguage\":\"es\",\"@id\":\"https:\/\/dev.antudigital.cl\/sites\/vc\/convocatoria-viraliza-formacion-sostenibilidad-2024\/#primaryimage\",\"url\":\"https:\/\/dev.antudigital.cl\/sites\/vc\/wp-content\/uploads\/2024\/01\/Captura-de-Pantalla-2024-01-29-a-las-21.38.26.png\",\"contentUrl\":\"https:\/\/dev.antudigital.cl\/sites\/vc\/wp-content\/uploads\/2024\/01\/Captura-de-Pantalla-2024-01-29-a-las-21.38.26.png\",\"width\":618,\"height\":170},{\"@type\":\"BreadcrumbList\",\"@id\":\"https:\/\/dev.antudigital.cl\/sites\/vc\/convocatoria-viraliza-formacion-sostenibilidad-2024\/#breadcrumb\",\"itemListElement\":[{\"@type\":\"ListItem\",\"position\":1,\"name\":\"Home\",\"item\":\"https:\/\/dev.antudigital.cl\/sites\/vc\/\"},{\"@type\":\"ListItem\",\"position\":2,\"name\":\"Convocatoria: Viraliza Formaci\u00f3n Sostenibilidad 2024\"}]},{\"@type\":\"WebSite\",\"@id\":\"https:\/\/dev.antudigital.cl\/sites\/vc\/#website\",\"url\":\"https:\/\/dev.antudigital.cl\/sites\/vc\/\",\"name\":\"Valpara\u00ed\u00adso Creativo\",\"description\":\"\",\"potentialAction\":[{\"@type\":\"SearchAction\",\"target\":{\"@type\":\"EntryPoint\",\"urlTemplate\":\"https:\/\/dev.antudigital.cl\/sites\/vc\/?s={search_term_string}\"},\"query-input\":{\"@type\":\"PropertyValueSpecification\",\"valueRequired\":true,\"valueName\":\"search_term_string\"}}],\"inLanguage\":\"es\"},{\"@type\":\"Person\",\"@id\":\"https:\/\/dev.antudigital.cl\/sites\/vc\/#\/schema\/person\/c2b9da8dd545e27166fc5ab232837318\",\"name\":\"Valpara\u00edso Creativo\",\"description\":\"Periodista de cultura en la Regi\u00f3n de Valpara\u00edso.\",\"url\":\"https:\/\/dev.antudigital.cl\/sites\/vc\/author\/valpoadmin\/\"}]}<\/script>\n<!-- \/ Yoast SEO plugin. -->","yoast_head_json":{"title":"Convocatoria: Viraliza Formaci\u00f3n Sostenibilidad 2024 - Valpara\u00ed\u00adso Creativo","robots":{"index":"index","follow":"follow","max-snippet":"max-snippet:-1","max-image-preview":"max-image-preview:large","max-video-preview":"max-video-preview:-1"},"canonical":"https:\/\/dev.antudigital.cl\/sites\/vc\/convocatoria-viraliza-formacion-sostenibilidad-2024\/","og_locale":"es_ES","og_type":"article","og_title":"Convocatoria: Viraliza Formaci\u00f3n Sostenibilidad 2024 - Valpara\u00ed\u00adso Creativo","og_description":"Abierto hasta el 15 de marzo del 2024. \u00bfQu\u00e9 es? El objetivo es proveer de un programa de formaci\u00f3n te\u00f3rico-pr\u00e1ctico, presencial, en materias de sostenibilidad. Debes seleccionar una de las tres tem\u00e1ticas para desarrollar la propuesta formativa: 1) Resiliencia al cambio clim\u00e1tico y sus efectos medioambientales; 2) Descarbonizaci\u00f3n justa; 3) Tecnolog\u00edas de producci\u00f3n y sus [&hellip;]","og_url":"https:\/\/dev.antudigital.cl\/sites\/vc\/convocatoria-viraliza-formacion-sostenibilidad-2024\/","og_site_name":"Valpara\u00ed\u00adso Creativo","article_published_time":"2024-01-30T00:41:10+00:00","article_modified_time":"2024-01-30T00:41:15+00:00","og_image":[{"width":618,"height":170,"url":"https:\/\/dev.antudigital.cl\/sites\/vc\/wp-content\/uploads\/2024\/01\/Captura-de-Pantalla-2024-01-29-a-las-21.38.26.png","type":"image\/png"}],"author":"Valpara\u00edso Creativo","twitter_card":"summary_large_image","twitter_misc":{"Escrito por":"Valpara\u00edso Creativo","Tiempo de lectura":"1 minuto"},"schema":{"@context":"https:\/\/schema.org","@graph":[{"@type":"Article","@id":"https:\/\/dev.antudigital.cl\/sites\/vc\/convocatoria-viraliza-formacion-sostenibilidad-2024\/#article","isPartOf":{"@id":"https:\/\/dev.antudigital.cl\/sites\/vc\/convocatoria-viraliza-formacion-sostenibilidad-2024\/"},"author":{"name":"Valpara\u00edso Creativo","@id":"https:\/\/dev.antudigital.cl\/sites\/vc\/#\/schema\/person\/c2b9da8dd545e27166fc5ab232837318"},"headline":"Convocatoria: Viraliza Formaci\u00f3n Sostenibilidad 2024","datePublished":"2024-01-30T00:41:10+00:00","dateModified":"2024-01-30T00:41:15+00:00","mainEntityOfPage":{"@id":"https:\/\/dev.antudigital.cl\/sites\/vc\/convocatoria-viraliza-formacion-sostenibilidad-2024\/"},"wordCount":115,"image":{"@id":"https:\/\/dev.antudigital.cl\/sites\/vc\/convocatoria-viraliza-formacion-sostenibilidad-2024\/#primaryimage"},"thumbnailUrl":"https:\/\/dev.antudigital.cl\/sites\/vc\/wp-content\/uploads\/2024\/01\/Captura-de-Pantalla-2024-01-29-a-las-21.38.26.png","articleSection":["Uncategorized"],"inLanguage":"es"},{"@type":"WebPage","@id":"https:\/\/dev.antudigital.cl\/sites\/vc\/convocatoria-viraliza-formacion-sostenibilidad-2024\/","url":"https:\/\/dev.antudigital.cl\/sites\/vc\/convocatoria-viraliza-formacion-sostenibilidad-2024\/","name":"Convocatoria: Viraliza Formaci\u00f3n Sostenibilidad 2024 - Valpara\u00ed\u00adso Creativo","isPartOf":{"@id":"https:\/\/dev.antudigital.cl\/sites\/vc\/#website"},"primaryImageOfPage":{"@id":"https:\/\/dev.antudigital.cl\/sites\/vc\/convocatoria-viraliza-formacion-sostenibilidad-2024\/#primaryimage"},"image":{"@id":"https:\/\/dev.antudigital.cl\/sites\/vc\/convocatoria-viraliza-formacion-sostenibilidad-2024\/#primaryimage"},"thumbnailUrl":"https:\/\/dev.antudigital.cl\/sites\/vc\/wp-content\/uploads\/2024\/01\/Captura-de-Pantalla-2024-01-29-a-las-21.38.26.png","datePublished":"2024-01-30T00:41:10+00:00","dateModified":"2024-01-30T00:41:15+00:00","author":{"@id":"https:\/\/dev.antudigital.cl\/sites\/vc\/#\/schema\/person\/c2b9da8dd545e27166fc5ab232837318"},"breadcrumb":{"@id":"https:\/\/dev.antudigital.cl\/sites\/vc\/convocatoria-viraliza-formacion-sostenibilidad-2024\/#breadcrumb"},"inLanguage":"es","potentialAction":[{"@type":"ReadAction","target":["https:\/\/dev.antudigital.cl\/sites\/vc\/convocatoria-viraliza-formacion-sostenibilidad-2024\/"]}]},{"@type":"ImageObject","inLanguage":"es","@id":"https:\/\/dev.antudigital.cl\/sites\/vc\/convocatoria-viraliza-formacion-sostenibilidad-2024\/#primaryimage","url":"https:\/\/dev.antudigital.cl\/sites\/vc\/wp-content\/uploads\/2024\/01\/Captura-de-Pantalla-2024-01-29-a-las-21.38.26.png","contentUrl":"https:\/\/dev.antudigital.cl\/sites\/vc\/wp-content\/uploads\/2024\/01\/Captura-de-Pantalla-2024-01-29-a-las-21.38.26.png","width":618,"height":170},{"@type":"BreadcrumbList","@id":"https:\/\/dev.antudigital.cl\/sites\/vc\/convocatoria-viraliza-formacion-sostenibilidad-2024\/#breadcrumb","itemListElement":[{"@type":"ListItem","position":1,"name":"Home","item":"https:\/\/dev.antudigital.cl\/sites\/vc\/"},{"@type":"ListItem","position":2,"name":"Convocatoria: Viraliza Formaci\u00f3n Sostenibilidad 2024"}]},{"@type":"WebSite","@id":"https:\/\/dev.antudigital.cl\/sites\/vc\/#website","url":"https:\/\/dev.antudigital.cl\/sites\/vc\/","name":"Valpara\u00ed\u00adso Creativo","description":"","potentialAction":[{"@type":"SearchAction","target":{"@type":"EntryPoint","urlTemplate":"https:\/\/dev.antudigital.cl\/sites\/vc\/?s={search_term_string}"},"query-input":{"@type":"PropertyValueSpecification","valueRequired":true,"valueName":"search_term_string"}}],"inLanguage":"es"},{"@type":"Person","@id":"https:\/\/dev.antudigital.cl\/sites\/vc\/#\/schema\/person\/c2b9da8dd545e27166fc5ab232837318","name":"Valpara\u00edso Creativo","description":"Periodista de cultura en la Regi\u00f3n de Valpara\u00edso.","url":"https:\/\/dev.antudigital.cl\/sites\/vc\/author\/valpoadmin\/"}]}},"_links":{"self":[{"href":"https:\/\/dev.antudigital.cl\/sites\/vc\/wp-json\/wp\/v2\/posts\/18264","targetHints":{"allow":["GET"]}}],"collection":[{"href":"https:\/\/dev.antudigital.cl\/sites\/vc\/wp-json\/wp\/v2\/posts"}],"about":[{"href":"https:\/\/dev.antudigital.cl\/sites\/vc\/wp-json\/wp\/v2\/types\/post"}],"author":[{"embeddable":true,"href":"https:\/\/dev.antudigital.cl\/sites\/vc\/wp-json\/wp\/v2\/users\/1"}],"replies":[{"embeddable":true,"href":"https:\/\/dev.antudigital.cl\/sites\/vc\/wp-json\/wp\/v2\/comments?post=18264"}],"version-history":[{"count":1,"href":"https:\/\/dev.antudigital.cl\/sites\/vc\/wp-json\/wp\/v2\/posts\/18264\/revisions"}],"predecessor-version":[{"id":18268,"href":"https:\/\/dev.antudigital.cl\/sites\/vc\/wp-json\/wp\/v2\/posts\/18264\/revisions\/18268"}],"wp:featuredmedia":[{"embeddable":true,"href":"https:\/\/dev.antudigital.cl\/sites\/vc\/wp-json\/wp\/v2\/media\/18262"}],"wp:attachment":[{"href":"https:\/\/dev.antudigital.cl\/sites\/vc\/wp-json\/wp\/v2\/media?parent=18264"}],"wp:term":[{"taxonomy":"category","embeddable":true,"href":"https:\/\/dev.antudigital.cl\/sites\/vc\/wp-json\/wp\/v2\/categories?post=18264"},{"taxonomy":"post_tag","embeddable":true,"href":"https:\/\/dev.antudigital.cl\/sites\/vc\/wp-json\/wp\/v2\/tags?post=18264"}],"curies":[{"name":"wp","href":"https:\/\/api.w.org\/{rel}","templated":true}]}}