{"id":18269,"date":"2024-01-30T01:55:56","date_gmt":"2024-01-30T01:55:56","guid":{"rendered":"https:\/\/www.valparaisocreativo.cl\/?p=18269"},"modified":"2024-01-30T01:56:02","modified_gmt":"2024-01-30T01:56:02","slug":"es-curioso-como-funciona-el-motor-creativo-entrevista-a-mora-lucay","status":"publish","type":"post","link":"https:\/\/dev.antudigital.cl\/sites\/vc\/es-curioso-como-funciona-el-motor-creativo-entrevista-a-mora-lucay\/","title":{"rendered":"\u00abEs curioso como funciona el motor creativo\u00bb: entrevista a Mora Lucay"},"content":{"rendered":"\n<p>A trav\u00e9s de Meet, conversamos una fr\u00eda ma\u00f1ana porte\u00f1a con la cantautora Mora Lucay, quien hace unas semanas lanz\u00f3 su single \u00abLas palabras que no sientes\u00bb, un bolero que quisimos explorar en la siguiente entrevista. Adem\u00e1s, repasamos sus \u00faltimos pasos y pedimos detalles sobre sus procesos creativos. Te invitamos a leer:<\/p>\n\n\n\n<p><strong>Sobre el single, \u00bfqu\u00e9 te llev\u00f3 a hacer esta canci\u00f3n, <em>Las palabras que no sientes<\/em>?<\/strong><\/p>\n\n\n\n<p>&#8211; Me llev\u00f3 una pena de amor, pero una que me tom\u00f3 bien parada, en un momento que ten\u00eda claro que ten\u00eda que salir ilesa de esa situaci\u00f3n. En el fondo, creo que es como armarse de valor para retirarse en ciertos momentos, y llevarlo a una canci\u00f3n me hizo vivirlo de manera mucho m\u00e1s dulce. Fue un camino de retirada, describo la canci\u00f3n como un bolero de autoayuda, porque no es un canto sufrido, sino de protecci\u00f3n.<\/p>\n\n\n\n<p><strong>En todos tus procesos te acompa\u00f1a la creaci\u00f3n de m\u00fasica, \u00bfviertes todo en una canci\u00f3n?<\/strong><\/p>\n\n\n\n<p>&#8211; No siempre. Creo que tengo que estar en un estado donde las emociones no me matan por completo y en este caso era as\u00ed, no era una pena tan profunda, pues cuando estoy derribada es dif\u00edcil, debo estar en un estado de equilibrio emocional para poder agarrar la guitarra. Siento que involucra una especie de claridad tambi\u00e9n. Hay estados en los que no tengo esa fortaleza.<\/p>\n\n\n\n<p><strong>\u00bfPor qu\u00e9 poner el tema de la autoayuda en la mesa?<\/strong><\/p>\n\n\n\n<p>&#8211; Creo que no fue intencional, sino que surgi\u00f3 en el momento en que me preguntan y lo entiendo, no en el momento de hacer la canci\u00f3n. En muchos sentidos podr\u00eda verse como una canci\u00f3n que podr\u00eda escaparse de la moda, de este tiempo, de las tendencias. A la vez, no, pues siento que es amorosa con una y que tambi\u00e9n es tiempo de eso. Lo m\u00e1s sensato para m\u00ed es compartir el proceso que viv\u00ed. Para m\u00ed en ese momento esa canci\u00f3n fue necesaria. Es del a\u00f1o pasado, y ponerla sobre la mesa tiene que ver con mostrar algo nuevo que no sea necesariamente un disco, sino algo m\u00e1s que refleje el fluir y el estado en que estoy.<\/p>\n\n\n\n<p><strong>Para ti, \u00bfc\u00f3mo es el proceso creativo en torno a la m\u00fasica?<\/strong><\/p>\n\n\n\n<p>&#8211; En mi caso, es un proceso que tiene mucho que ver con si tengo o no tiempo para darme a m\u00ed. Trabajo en otras cosas y muchas veces eso me atarea, para crear necesito primero estar sola y sintiendo ese espacio tambi\u00e9n. Siento que mi manera de hacer m\u00fasica es bastante intermitente, pero el ejercicio de hacer canciones lo tengo permanentemente, porque mis trabajos est\u00e1n relacionados con lo creativo. Siempre hago canciones, pero no para m\u00ed: al hacer clases a ni\u00f1es, o sigo el proceso de otres, por lo que esa creatividad est\u00e1 viva, pero es diferente hacer canciones de una.<\/p>\n\n\n\n<p><strong>\u00bfC\u00f3mo fue tu reciente experiencia en M\u00e9xico el 2023?<\/strong><\/p>\n\n\n\n<p>&#8211; M\u00e9xico fue un lugar que yo ansiaba mucho ir, este a\u00f1o hice un viaje largo sola por Colombia, Ecuador, Brasil y Argentina, donde mi objetivo era crear redes, generar lazos y conectarme y contactarme con personas que yo sintiera afines dentro de la m\u00fasica, del arte, lo que a m\u00ed me apasiona. Al llegar me sent\u00ed triste de no ir a M\u00e9xico, pero en ese momento era inabarcable. Me qued\u00e9 con eso en el coraz\u00f3n y cuando decid\u00ed ir, era pues si bien no hab\u00eda ido nunca pensando en la m\u00fasica. <\/p>\n\n\n\n<p>Siento que hay un trabajo hecho por colegas m\u00fasicos que ya est\u00e1n viviendo all\u00e1, que tienen su propia red armada. Por lo que ir era en parte vivir ese trabajo y a la vez, descubrir si yo ten\u00eda un p\u00fablico all\u00e1. Fui sin expectativas a sorprenderme. La verdad es que fue s\u00faper lindo, sent\u00ed que hab\u00eda receptividad, gente que estaba esperando que fuera, gente abierta a sorprenderse con lo que yo pod\u00eda entregar y as\u00ed\u2026 Sent\u00ed que M\u00e9xico es muy cercano a Chile, nos hemos visto muy influenciados por ellos, pero siento que hay algo m\u00e1s, una conexi\u00f3n que nos une y que hace que sea muy f\u00e1cil enganchar y comunicarnos y hermanarnos. A veces pienso que son conexiones subterr\u00e1neas y t\u00faneles que hacen que las cosas sean m\u00e1s fluidas, por lo que qued\u00e9 muy feliz de ir para all\u00e1.<\/p>\n\n\n\n<p>Tuve la suerte de colaborar con una artista, Melisa Castellanos, quien est\u00e1 empezando una carrera solista. Tuve la suerte de conocer a mi artista favorita, que es Y La Bamba; me pude contactar con Rulo, adem\u00e1s de conectar con muches amigues. Siento que se fue gestando una red muy linda y tambi\u00e9n que son viajes que te generan pasos que no imaginan que van a salir despu\u00e9s.<\/p>\n\n\n\n<p>Me gusta mucho viajar y lo que los viajes generan, pues las redes nunca podr\u00e1n reemplazar lo presencial, el tiempo compartido.&nbsp;<\/p>\n\n\n\n<p><strong>Adem\u00e1s estuviste en la primera versi\u00f3n del Festival Uva Robot\u2026&nbsp;<\/strong><\/p>\n\n\n\n<p>&#8211; S\u00ed, es su primera vez en Valpara\u00edso, lo que es un hito. La familia Uva Robot se ha ido fortaleciendo y ha ido creciendo el nivel de inter\u00e9s y creo que Valpara\u00edso siempre ha sido muy hermano de la comunidad Uva Robot, quienes han valorado su audiencia ac\u00e1 y estoy muy feliz de haber formado parte colaborando en lo que puedo y haciendo m\u00fasica juntos, que es fascinante, son personas muy inspiradoras.&nbsp;<\/p>\n\n\n\n<p><strong>Volviendo al single, quer\u00eda saber, \u00bfc\u00f3mo surgi\u00f3 la colaboraci\u00f3n con la fot\u00f3grafa Val Palavecino para realizar el video del single?<\/strong><\/p>\n\n\n\n<p>&#8211; Es chistoso, pues tenemos hartas amigas en com\u00fan, pero no nos hab\u00edamos conocido directamente. Ella vino por el Festival Internacional de Fotograf\u00eda en Valpara\u00edso, ante lo que aloj\u00f3 conmigo por un trueque que ella ofreci\u00f3. Me encanta esa manera de intercambiar, fue bac\u00e1n que me lo ofreciera, primero fueron fotos y luego le ped\u00ed el video. Justo era el momento en que yo estaba preparando todo y lo ten\u00eda pensado, pero no sab\u00eda con qui\u00e9n hacer el video. Necesitaba que fuera alguien que conectara con la idea. Cuando surgi\u00f3 esto, ped\u00ed si podr\u00edamos hacerloy que me acompa\u00f1ara una tarde a hacerlo y as\u00ed sucedi\u00f3, en ese intercambio, en el momento indicado. Tuve mucha suerte. Pues admiro mucho a Val, creo que tiene buen ojo y un gusto art\u00edstico que andaba buscando, as\u00ed que fue incre\u00edble.\u00a0<\/p>\n\n\n\n<p><strong>\u00bfQu\u00e9 es lo que te importa a la hora de hacer un video?<\/strong><\/p>\n\n\n\n<p>&#8211; A m\u00ed me importan varias cosas, por una parte, que est\u00e9 a mi alcance de realizaci\u00f3n. Me gusta que un video tenga relato, me interesa que tenga una dosis de humor, que tenga poes\u00eda y a la vez que tenga sentido con mis pasiones. En el caso de este video, yo me enfoqu\u00e9 en esa frase que dice <em>\u201cme proteg\u00ed, me hice de palo, como una barca que flota<\/em>\u201d, lo que me llev\u00f3 a la imagen de la balsa. Mi relaci\u00f3n con el mar es muy cercana, y me llev\u00f3 a preguntar qu\u00e9 tan dif\u00edcil era hacer una balsa. Siempre veo a la gente flotando en el mar en kayak u otros y pens\u00e9 en eso. Con esta idea, un d\u00eda llegu\u00e9 donde un amigo que ten\u00eda palos, que necesitaba para hacer la balsa. Ah\u00ed encontr\u00e9 cuatro cuadros que al unir me hac\u00edan una buena superficie, y dije listo. Fue un tremendo logro. Despu\u00e9s de eso fue empezar a pensar, imaginando las im\u00e1genes.\u00a0<\/p>\n\n\n\n<p>Es curioso como funciona el motor creativo. A veces hay que solamente accionar una perilla, y se empiezan como a abrir v\u00e1lvulas en tu cerebro. Activas una imagen que cobra vida propia y se te ocurren soluciones, o caminos que te abren unas opciones que no sabes de d\u00f3nde, eso es muy apasionante.<\/p>\n\n\n\n<p>Finalmente esa balsa fue un material de experimentaci\u00f3n, para ver c\u00f3mo podr\u00eda flotar y c\u00f3mo ser\u00eda la experiencia. Me tom\u00f3 tres viajes a las Torpederas y mucho YouTube, donde llegu\u00e9 a la respuesta: botellas pl\u00e1sticas. Ten\u00eda sentido usarlas de soporte y la pegu\u00e9 a la balsa, hasta que lo logramos.&nbsp;<\/p>\n\n\n\n<p>Siento que fue muy lindo todo ese proceso de fabricar mi propia barca, que en el d\u00eda de la grabaci\u00f3n llamaba la atenci\u00f3n y toda la gente estaba mirando. Cuando me met\u00ed al agua hab\u00edan aplausos de fondo (risas). Ha sido muy lindo todo. Estoy muy contenta con el resultado, creo que va en la l\u00ednea de mi trabajo.<\/p>\n\n\n\n<p><strong>Desde el inicio hasta ahora, \u00bfen qu\u00e9 ha cambiado tu m\u00fasica para ti?<\/strong><\/p>\n\n\n\n<p>&#8211; En la manera en como yo me he ido soltando. Despu\u00e9s de esta \u00faltima canci\u00f3n, <em>Las palabras que no sientes<\/em>, eso es una especie de par\u00e9ntesis musical. Lo pr\u00f3ximo que voy a mostrar no tiene nada que ver y eso me apasiona mucho, sentir que esta es una pausa, un cap\u00edtulo peque\u00f1o muy cortito de otra puerta que se abre previo a la canci\u00f3n con la que voy a empezar el 2024. En t\u00e9rminos musicales, aquella va en la senda de Bestia, lo que viene es totalmente yo meti\u00e9ndome m\u00e1s en los arreglos y en todo.&nbsp;<\/p>\n\n\n\n<p><strong><a href=\"https:\/\/links.altafonte.com\/laspalabrasquenosientes\">Escucha Las palabras que no sientes en tu plataforma favorita<\/a><\/strong><\/p>\n\n\n\n<figure class=\"wp-block-embed is-type-rich is-provider-spotify wp-block-embed-spotify wp-embed-aspect-21-9 wp-has-aspect-ratio\"><div class=\"wp-block-embed__wrapper\">\n<iframe title=\"Spotify Embed: Las palabras que no sientes\" style=\"border-radius: 12px\" width=\"100%\" height=\"152\" frameborder=\"0\" allowfullscreen allow=\"autoplay; clipboard-write; encrypted-media; fullscreen; picture-in-picture\" loading=\"lazy\" src=\"https:\/\/open.spotify.com\/embed\/track\/0L35bVS6euGPgrVPPYW8wW?si=d577e5bd6c8c492b&#038;utm_source=oembed\"><\/iframe>\n<\/div><\/figure>\n","protected":false},"excerpt":{"rendered":"<p>A trav\u00e9s de Meet, conversamos una fr\u00eda ma\u00f1ana porte\u00f1a con la cantautora Mora Lucay, quien hace unas semanas lanz\u00f3 su single \u00abLas palabras que no sientes\u00bb, un bolero que quisimos explorar en la siguiente entrevista. Adem\u00e1s, repasamos sus \u00faltimos pasos y pedimos detalles sobre sus procesos creativos. Te invitamos a leer: Sobre el single, \u00bfqu\u00e9 [&hellip;]<\/p>\n","protected":false},"author":1,"featured_media":18274,"comment_status":"closed","ping_status":"closed","sticky":false,"template":"","format":"standard","meta":{"_acf_changed":false,"footnotes":""},"categories":[218],"tags":[],"class_list":["post-18269","post","type-post","status-publish","format-standard","has-post-thumbnail","hentry","category-blog"],"acf":[],"yoast_head":"<!-- This site is optimized with the Yoast SEO plugin v27.1.1 - https:\/\/yoast.com\/product\/yoast-seo-wordpress\/ -->\n<title>&quot;Es curioso como funciona el motor creativo&quot;: entrevista a Mora Lucay - Valpara\u00ed\u00adso Creativo<\/title>\n<meta name=\"robots\" content=\"index, follow, max-snippet:-1, max-image-preview:large, max-video-preview:-1\" \/>\n<link rel=\"canonical\" href=\"https:\/\/dev.antudigital.cl\/sites\/vc\/es-curioso-como-funciona-el-motor-creativo-entrevista-a-mora-lucay\/\" \/>\n<meta property=\"og:locale\" content=\"es_ES\" \/>\n<meta property=\"og:type\" content=\"article\" \/>\n<meta property=\"og:title\" content=\"&quot;Es curioso como funciona el motor creativo&quot;: entrevista a Mora Lucay - Valpara\u00ed\u00adso Creativo\" \/>\n<meta property=\"og:description\" content=\"A trav\u00e9s de Meet, conversamos una fr\u00eda ma\u00f1ana porte\u00f1a con la cantautora Mora Lucay, quien hace unas semanas lanz\u00f3 su single \u00abLas palabras que no sientes\u00bb, un bolero que quisimos explorar en la siguiente entrevista. Adem\u00e1s, repasamos sus \u00faltimos pasos y pedimos detalles sobre sus procesos creativos. Te invitamos a leer: Sobre el single, \u00bfqu\u00e9 [&hellip;]\" \/>\n<meta property=\"og:url\" content=\"https:\/\/dev.antudigital.cl\/sites\/vc\/es-curioso-como-funciona-el-motor-creativo-entrevista-a-mora-lucay\/\" \/>\n<meta property=\"og:site_name\" content=\"Valpara\u00ed\u00adso Creativo\" \/>\n<meta property=\"article:published_time\" content=\"2024-01-30T01:55:56+00:00\" \/>\n<meta property=\"article:modified_time\" content=\"2024-01-30T01:56:02+00:00\" \/>\n<meta property=\"og:image\" content=\"https:\/\/dev.antudigital.cl\/sites\/vc\/wp-content\/uploads\/2024\/01\/4.-LAS-PALABRAS-QUE-NO-SIENTES-scaled.jpg\" \/>\n\t<meta property=\"og:image:width\" content=\"2560\" \/>\n\t<meta property=\"og:image:height\" content=\"1707\" \/>\n\t<meta property=\"og:image:type\" content=\"image\/jpeg\" \/>\n<meta name=\"author\" content=\"Valpara\u00edso Creativo\" \/>\n<meta name=\"twitter:card\" content=\"summary_large_image\" \/>\n<meta name=\"twitter:label1\" content=\"Escrito por\" \/>\n\t<meta name=\"twitter:data1\" content=\"Valpara\u00edso Creativo\" \/>\n\t<meta name=\"twitter:label2\" content=\"Tiempo de lectura\" \/>\n\t<meta name=\"twitter:data2\" content=\"8 minutos\" \/>\n<script type=\"application\/ld+json\" class=\"yoast-schema-graph\">{\"@context\":\"https:\/\/schema.org\",\"@graph\":[{\"@type\":\"Article\",\"@id\":\"https:\/\/dev.antudigital.cl\/sites\/vc\/es-curioso-como-funciona-el-motor-creativo-entrevista-a-mora-lucay\/#article\",\"isPartOf\":{\"@id\":\"https:\/\/dev.antudigital.cl\/sites\/vc\/es-curioso-como-funciona-el-motor-creativo-entrevista-a-mora-lucay\/\"},\"author\":{\"name\":\"Valpara\u00edso Creativo\",\"@id\":\"https:\/\/dev.antudigital.cl\/sites\/vc\/#\/schema\/person\/c2b9da8dd545e27166fc5ab232837318\"},\"headline\":\"\u00abEs curioso como funciona el motor creativo\u00bb: entrevista a Mora Lucay\",\"datePublished\":\"2024-01-30T01:55:56+00:00\",\"dateModified\":\"2024-01-30T01:56:02+00:00\",\"mainEntityOfPage\":{\"@id\":\"https:\/\/dev.antudigital.cl\/sites\/vc\/es-curioso-como-funciona-el-motor-creativo-entrevista-a-mora-lucay\/\"},\"wordCount\":1646,\"image\":{\"@id\":\"https:\/\/dev.antudigital.cl\/sites\/vc\/es-curioso-como-funciona-el-motor-creativo-entrevista-a-mora-lucay\/#primaryimage\"},\"thumbnailUrl\":\"https:\/\/dev.antudigital.cl\/sites\/vc\/wp-content\/uploads\/2024\/01\/4.-LAS-PALABRAS-QUE-NO-SIENTES-scaled.jpg\",\"articleSection\":[\"Blog\"],\"inLanguage\":\"es\"},{\"@type\":\"WebPage\",\"@id\":\"https:\/\/dev.antudigital.cl\/sites\/vc\/es-curioso-como-funciona-el-motor-creativo-entrevista-a-mora-lucay\/\",\"url\":\"https:\/\/dev.antudigital.cl\/sites\/vc\/es-curioso-como-funciona-el-motor-creativo-entrevista-a-mora-lucay\/\",\"name\":\"\\\"Es curioso como funciona el motor creativo\\\": entrevista a Mora Lucay - Valpara\u00ed\u00adso Creativo\",\"isPartOf\":{\"@id\":\"https:\/\/dev.antudigital.cl\/sites\/vc\/#website\"},\"primaryImageOfPage\":{\"@id\":\"https:\/\/dev.antudigital.cl\/sites\/vc\/es-curioso-como-funciona-el-motor-creativo-entrevista-a-mora-lucay\/#primaryimage\"},\"image\":{\"@id\":\"https:\/\/dev.antudigital.cl\/sites\/vc\/es-curioso-como-funciona-el-motor-creativo-entrevista-a-mora-lucay\/#primaryimage\"},\"thumbnailUrl\":\"https:\/\/dev.antudigital.cl\/sites\/vc\/wp-content\/uploads\/2024\/01\/4.-LAS-PALABRAS-QUE-NO-SIENTES-scaled.jpg\",\"datePublished\":\"2024-01-30T01:55:56+00:00\",\"dateModified\":\"2024-01-30T01:56:02+00:00\",\"author\":{\"@id\":\"https:\/\/dev.antudigital.cl\/sites\/vc\/#\/schema\/person\/c2b9da8dd545e27166fc5ab232837318\"},\"breadcrumb\":{\"@id\":\"https:\/\/dev.antudigital.cl\/sites\/vc\/es-curioso-como-funciona-el-motor-creativo-entrevista-a-mora-lucay\/#breadcrumb\"},\"inLanguage\":\"es\",\"potentialAction\":[{\"@type\":\"ReadAction\",\"target\":[\"https:\/\/dev.antudigital.cl\/sites\/vc\/es-curioso-como-funciona-el-motor-creativo-entrevista-a-mora-lucay\/\"]}]},{\"@type\":\"ImageObject\",\"inLanguage\":\"es\",\"@id\":\"https:\/\/dev.antudigital.cl\/sites\/vc\/es-curioso-como-funciona-el-motor-creativo-entrevista-a-mora-lucay\/#primaryimage\",\"url\":\"https:\/\/dev.antudigital.cl\/sites\/vc\/wp-content\/uploads\/2024\/01\/4.-LAS-PALABRAS-QUE-NO-SIENTES-scaled.jpg\",\"contentUrl\":\"https:\/\/dev.antudigital.cl\/sites\/vc\/wp-content\/uploads\/2024\/01\/4.-LAS-PALABRAS-QUE-NO-SIENTES-scaled.jpg\",\"width\":2560,\"height\":1707},{\"@type\":\"BreadcrumbList\",\"@id\":\"https:\/\/dev.antudigital.cl\/sites\/vc\/es-curioso-como-funciona-el-motor-creativo-entrevista-a-mora-lucay\/#breadcrumb\",\"itemListElement\":[{\"@type\":\"ListItem\",\"position\":1,\"name\":\"Home\",\"item\":\"https:\/\/dev.antudigital.cl\/sites\/vc\/\"},{\"@type\":\"ListItem\",\"position\":2,\"name\":\"\u00abEs curioso como funciona el motor creativo\u00bb: entrevista a Mora Lucay\"}]},{\"@type\":\"WebSite\",\"@id\":\"https:\/\/dev.antudigital.cl\/sites\/vc\/#website\",\"url\":\"https:\/\/dev.antudigital.cl\/sites\/vc\/\",\"name\":\"Valpara\u00ed\u00adso Creativo\",\"description\":\"\",\"potentialAction\":[{\"@type\":\"SearchAction\",\"target\":{\"@type\":\"EntryPoint\",\"urlTemplate\":\"https:\/\/dev.antudigital.cl\/sites\/vc\/?s={search_term_string}\"},\"query-input\":{\"@type\":\"PropertyValueSpecification\",\"valueRequired\":true,\"valueName\":\"search_term_string\"}}],\"inLanguage\":\"es\"},{\"@type\":\"Person\",\"@id\":\"https:\/\/dev.antudigital.cl\/sites\/vc\/#\/schema\/person\/c2b9da8dd545e27166fc5ab232837318\",\"name\":\"Valpara\u00edso Creativo\",\"description\":\"Periodista de cultura en la Regi\u00f3n de Valpara\u00edso.\",\"url\":\"https:\/\/dev.antudigital.cl\/sites\/vc\/author\/valpoadmin\/\"}]}<\/script>\n<!-- \/ Yoast SEO plugin. -->","yoast_head_json":{"title":"\"Es curioso como funciona el motor creativo\": entrevista a Mora Lucay - Valpara\u00ed\u00adso Creativo","robots":{"index":"index","follow":"follow","max-snippet":"max-snippet:-1","max-image-preview":"max-image-preview:large","max-video-preview":"max-video-preview:-1"},"canonical":"https:\/\/dev.antudigital.cl\/sites\/vc\/es-curioso-como-funciona-el-motor-creativo-entrevista-a-mora-lucay\/","og_locale":"es_ES","og_type":"article","og_title":"\"Es curioso como funciona el motor creativo\": entrevista a Mora Lucay - Valpara\u00ed\u00adso Creativo","og_description":"A trav\u00e9s de Meet, conversamos una fr\u00eda ma\u00f1ana porte\u00f1a con la cantautora Mora Lucay, quien hace unas semanas lanz\u00f3 su single \u00abLas palabras que no sientes\u00bb, un bolero que quisimos explorar en la siguiente entrevista. Adem\u00e1s, repasamos sus \u00faltimos pasos y pedimos detalles sobre sus procesos creativos. Te invitamos a leer: Sobre el single, \u00bfqu\u00e9 [&hellip;]","og_url":"https:\/\/dev.antudigital.cl\/sites\/vc\/es-curioso-como-funciona-el-motor-creativo-entrevista-a-mora-lucay\/","og_site_name":"Valpara\u00ed\u00adso Creativo","article_published_time":"2024-01-30T01:55:56+00:00","article_modified_time":"2024-01-30T01:56:02+00:00","og_image":[{"width":2560,"height":1707,"url":"https:\/\/dev.antudigital.cl\/sites\/vc\/wp-content\/uploads\/2024\/01\/4.-LAS-PALABRAS-QUE-NO-SIENTES-scaled.jpg","type":"image\/jpeg"}],"author":"Valpara\u00edso Creativo","twitter_card":"summary_large_image","twitter_misc":{"Escrito por":"Valpara\u00edso Creativo","Tiempo de lectura":"8 minutos"},"schema":{"@context":"https:\/\/schema.org","@graph":[{"@type":"Article","@id":"https:\/\/dev.antudigital.cl\/sites\/vc\/es-curioso-como-funciona-el-motor-creativo-entrevista-a-mora-lucay\/#article","isPartOf":{"@id":"https:\/\/dev.antudigital.cl\/sites\/vc\/es-curioso-como-funciona-el-motor-creativo-entrevista-a-mora-lucay\/"},"author":{"name":"Valpara\u00edso Creativo","@id":"https:\/\/dev.antudigital.cl\/sites\/vc\/#\/schema\/person\/c2b9da8dd545e27166fc5ab232837318"},"headline":"\u00abEs curioso como funciona el motor creativo\u00bb: entrevista a Mora Lucay","datePublished":"2024-01-30T01:55:56+00:00","dateModified":"2024-01-30T01:56:02+00:00","mainEntityOfPage":{"@id":"https:\/\/dev.antudigital.cl\/sites\/vc\/es-curioso-como-funciona-el-motor-creativo-entrevista-a-mora-lucay\/"},"wordCount":1646,"image":{"@id":"https:\/\/dev.antudigital.cl\/sites\/vc\/es-curioso-como-funciona-el-motor-creativo-entrevista-a-mora-lucay\/#primaryimage"},"thumbnailUrl":"https:\/\/dev.antudigital.cl\/sites\/vc\/wp-content\/uploads\/2024\/01\/4.-LAS-PALABRAS-QUE-NO-SIENTES-scaled.jpg","articleSection":["Blog"],"inLanguage":"es"},{"@type":"WebPage","@id":"https:\/\/dev.antudigital.cl\/sites\/vc\/es-curioso-como-funciona-el-motor-creativo-entrevista-a-mora-lucay\/","url":"https:\/\/dev.antudigital.cl\/sites\/vc\/es-curioso-como-funciona-el-motor-creativo-entrevista-a-mora-lucay\/","name":"\"Es curioso como funciona el motor creativo\": entrevista a Mora Lucay - Valpara\u00ed\u00adso Creativo","isPartOf":{"@id":"https:\/\/dev.antudigital.cl\/sites\/vc\/#website"},"primaryImageOfPage":{"@id":"https:\/\/dev.antudigital.cl\/sites\/vc\/es-curioso-como-funciona-el-motor-creativo-entrevista-a-mora-lucay\/#primaryimage"},"image":{"@id":"https:\/\/dev.antudigital.cl\/sites\/vc\/es-curioso-como-funciona-el-motor-creativo-entrevista-a-mora-lucay\/#primaryimage"},"thumbnailUrl":"https:\/\/dev.antudigital.cl\/sites\/vc\/wp-content\/uploads\/2024\/01\/4.-LAS-PALABRAS-QUE-NO-SIENTES-scaled.jpg","datePublished":"2024-01-30T01:55:56+00:00","dateModified":"2024-01-30T01:56:02+00:00","author":{"@id":"https:\/\/dev.antudigital.cl\/sites\/vc\/#\/schema\/person\/c2b9da8dd545e27166fc5ab232837318"},"breadcrumb":{"@id":"https:\/\/dev.antudigital.cl\/sites\/vc\/es-curioso-como-funciona-el-motor-creativo-entrevista-a-mora-lucay\/#breadcrumb"},"inLanguage":"es","potentialAction":[{"@type":"ReadAction","target":["https:\/\/dev.antudigital.cl\/sites\/vc\/es-curioso-como-funciona-el-motor-creativo-entrevista-a-mora-lucay\/"]}]},{"@type":"ImageObject","inLanguage":"es","@id":"https:\/\/dev.antudigital.cl\/sites\/vc\/es-curioso-como-funciona-el-motor-creativo-entrevista-a-mora-lucay\/#primaryimage","url":"https:\/\/dev.antudigital.cl\/sites\/vc\/wp-content\/uploads\/2024\/01\/4.-LAS-PALABRAS-QUE-NO-SIENTES-scaled.jpg","contentUrl":"https:\/\/dev.antudigital.cl\/sites\/vc\/wp-content\/uploads\/2024\/01\/4.-LAS-PALABRAS-QUE-NO-SIENTES-scaled.jpg","width":2560,"height":1707},{"@type":"BreadcrumbList","@id":"https:\/\/dev.antudigital.cl\/sites\/vc\/es-curioso-como-funciona-el-motor-creativo-entrevista-a-mora-lucay\/#breadcrumb","itemListElement":[{"@type":"ListItem","position":1,"name":"Home","item":"https:\/\/dev.antudigital.cl\/sites\/vc\/"},{"@type":"ListItem","position":2,"name":"\u00abEs curioso como funciona el motor creativo\u00bb: entrevista a Mora Lucay"}]},{"@type":"WebSite","@id":"https:\/\/dev.antudigital.cl\/sites\/vc\/#website","url":"https:\/\/dev.antudigital.cl\/sites\/vc\/","name":"Valpara\u00ed\u00adso Creativo","description":"","potentialAction":[{"@type":"SearchAction","target":{"@type":"EntryPoint","urlTemplate":"https:\/\/dev.antudigital.cl\/sites\/vc\/?s={search_term_string}"},"query-input":{"@type":"PropertyValueSpecification","valueRequired":true,"valueName":"search_term_string"}}],"inLanguage":"es"},{"@type":"Person","@id":"https:\/\/dev.antudigital.cl\/sites\/vc\/#\/schema\/person\/c2b9da8dd545e27166fc5ab232837318","name":"Valpara\u00edso Creativo","description":"Periodista de cultura en la Regi\u00f3n de Valpara\u00edso.","url":"https:\/\/dev.antudigital.cl\/sites\/vc\/author\/valpoadmin\/"}]}},"_links":{"self":[{"href":"https:\/\/dev.antudigital.cl\/sites\/vc\/wp-json\/wp\/v2\/posts\/18269","targetHints":{"allow":["GET"]}}],"collection":[{"href":"https:\/\/dev.antudigital.cl\/sites\/vc\/wp-json\/wp\/v2\/posts"}],"about":[{"href":"https:\/\/dev.antudigital.cl\/sites\/vc\/wp-json\/wp\/v2\/types\/post"}],"author":[{"embeddable":true,"href":"https:\/\/dev.antudigital.cl\/sites\/vc\/wp-json\/wp\/v2\/users\/1"}],"replies":[{"embeddable":true,"href":"https:\/\/dev.antudigital.cl\/sites\/vc\/wp-json\/wp\/v2\/comments?post=18269"}],"version-history":[{"count":1,"href":"https:\/\/dev.antudigital.cl\/sites\/vc\/wp-json\/wp\/v2\/posts\/18269\/revisions"}],"predecessor-version":[{"id":18275,"href":"https:\/\/dev.antudigital.cl\/sites\/vc\/wp-json\/wp\/v2\/posts\/18269\/revisions\/18275"}],"wp:featuredmedia":[{"embeddable":true,"href":"https:\/\/dev.antudigital.cl\/sites\/vc\/wp-json\/wp\/v2\/media\/18274"}],"wp:attachment":[{"href":"https:\/\/dev.antudigital.cl\/sites\/vc\/wp-json\/wp\/v2\/media?parent=18269"}],"wp:term":[{"taxonomy":"category","embeddable":true,"href":"https:\/\/dev.antudigital.cl\/sites\/vc\/wp-json\/wp\/v2\/categories?post=18269"},{"taxonomy":"post_tag","embeddable":true,"href":"https:\/\/dev.antudigital.cl\/sites\/vc\/wp-json\/wp\/v2\/tags?post=18269"}],"curies":[{"name":"wp","href":"https:\/\/api.w.org\/{rel}","templated":true}]}}