{"id":18299,"date":"2024-02-04T02:19:07","date_gmt":"2024-02-04T02:19:07","guid":{"rendered":"https:\/\/www.valparaisocreativo.cl\/?p=18299"},"modified":"2024-02-04T02:19:12","modified_gmt":"2024-02-04T02:19:12","slug":"taller-de-teatro-de-marionetas-invita-a-crear-con-plasticina-varillas-y-telas-en-casa-oani","status":"publish","type":"post","link":"https:\/\/dev.antudigital.cl\/sites\/vc\/taller-de-teatro-de-marionetas-invita-a-crear-con-plasticina-varillas-y-telas-en-casa-oani\/","title":{"rendered":"Taller de Teatro de Marionetas invita a crear con plasticina, varillas y telas en Casa OANI"},"content":{"rendered":"\n<p>El <strong>mi\u00e9rcoles 7 de febrero de 10:30 a 13:30<\/strong> horas se realizar\u00e1 el <strong>Taller de Teatro de Marionetas<\/strong> facilitado por Adelaida Loyer, dando cierre a los TALLERES DE VERANO GRATUITOS EN CASA OANI. Proyecto Financiado por la Convocatoria 2023 de Apoyo a Puntos de Cultura Comunitaria del Ministerio de las Culturas, las Artes y el Patrimonio.&nbsp;<\/p>\n\n\n\n<p>La <strong>Fundaci\u00f3n OANI de Teatro<\/strong> tiene su base espacial en <strong>Casa OANI<\/strong>, ubicada en <strong>Lo Venegas #489, cerro C\u00e1rcel, Valpara\u00edso.<\/strong> Llegar es f\u00e1cil, se puede tomar la micro E 519 que se estaciona en la calle Yerbas Buenas o el colectivo 38. Hay que bajarse en Lo Venegas con Calle Cavendish. Esta es una oportunidad \u00fanica para explorar peque\u00f1os mundos de fantas\u00eda con sus ni\u00f1as y ni\u00f1os. Para m\u00e1s informaci\u00f3n seguir en Instagram a @casaoani e inscribirse en el siguiente link <a href=\"https:\/\/forms.gle\/eX2zuUgEcuckWXhT9\" target=\"_blank\" rel=\"noreferrer noopener\">https:\/\/forms.gle\/eX2zuUgEcuckWXhT9<\/a>.&nbsp;<\/p>\n\n\n\n<p>El Taller de Teatro de Marionetas es una instancia pensada para reforzar el desarrollo del lenguaje, la comunicaci\u00f3n y la expresi\u00f3n a trav\u00e9s del juego y la creaci\u00f3n de un personaje de plasticina, varillas y telas, siendo esta una introducci\u00f3n a la animaci\u00f3n de marionetas. Va dirigido a ni\u00f1as y ni\u00f1os de 6 a 12 a\u00f1os en compa\u00f1\u00eda de un adulto.<\/p>\n\n\n\n<figure class=\"wp-block-image size-large\"><img fetchpriority=\"high\" decoding=\"async\" width=\"768\" height=\"1024\" src=\"https:\/\/www.valparaisocreativo.cl\/wp-content\/uploads\/2024\/02\/melipilla-768x1024.jpeg\" alt=\"\" class=\"wp-image-18301\" srcset=\"https:\/\/dev.antudigital.cl\/sites\/vc\/wp-content\/uploads\/2024\/02\/melipilla-768x1024.jpeg 768w, https:\/\/dev.antudigital.cl\/sites\/vc\/wp-content\/uploads\/2024\/02\/melipilla-225x300.jpeg 225w, https:\/\/dev.antudigital.cl\/sites\/vc\/wp-content\/uploads\/2024\/02\/melipilla-1152x1536.jpeg 1152w, https:\/\/dev.antudigital.cl\/sites\/vc\/wp-content\/uploads\/2024\/02\/melipilla-1080x1440.jpeg 1080w, https:\/\/dev.antudigital.cl\/sites\/vc\/wp-content\/uploads\/2024\/02\/melipilla-980x1307.jpeg 980w, https:\/\/dev.antudigital.cl\/sites\/vc\/wp-content\/uploads\/2024\/02\/melipilla-480x640.jpeg 480w, https:\/\/dev.antudigital.cl\/sites\/vc\/wp-content\/uploads\/2024\/02\/melipilla-18x24.jpeg 18w, https:\/\/dev.antudigital.cl\/sites\/vc\/wp-content\/uploads\/2024\/02\/melipilla-27x36.jpeg 27w, https:\/\/dev.antudigital.cl\/sites\/vc\/wp-content\/uploads\/2024\/02\/melipilla-36x48.jpeg 36w, https:\/\/dev.antudigital.cl\/sites\/vc\/wp-content\/uploads\/2024\/02\/melipilla.jpeg 1200w\" sizes=\"(max-width: 768px) 100vw, 768px\" \/><\/figure>\n\n\n\n<p><strong>Adelaida Loyer<\/strong>, marionetista y actriz en Fundaci\u00f3n OANI y encargada territorial del Punto de Cultura Comunitario, comenta: \u201cPara m\u00ed las marionetas son un elemento visual muy poderoso, si bien nacen en honor a antiguas deidades, hoy son tambi\u00e9n un instrumento al servicio del teatro. He investigado y realizado marionetas en diferentes formatos, t\u00e9cnicas y materialidades. Hace muchos a\u00f1os tom\u00e9 el diplomado de Ver\u00f3nica Garc\u00eda Huidobro, Pedagog\u00eda Teatral. Desde aquellos tiempos&nbsp; los talleres que doy se basan en la relevancia que el \u2018Juego dram\u00e1tico\u2019 tiene en el desarrollo humano, en el reconocimiento de nuestras emociones y de nuestro aparato corporal\u201d.<\/p>\n\n\n\n<p>\u201cEl taller tiene una duraci\u00f3n de tres horas, por lo que se propone un formato muy sencillo en la confecci\u00f3n para que nos permita entrar en el juego teatral, la improvisaci\u00f3n, la dificultad, la soluci\u00f3n y la diversi\u00f3n. Los talleres me han llevado a diferentes lugares, hasta Puerto Ed\u00e9n, Melipilla, Juan Fern\u00e1ndez, permitiendo un intercambio entre las personas y sus habilidades creativas, entre nuestras diversas culturas. Esta vez se realizar\u00e1 en casa OANI, donde haremos m\u00e1s talleres y presentaciones en el a\u00f1o, para que est\u00e9n atentos a lo que se viene\u201d.<\/p>\n\n\n\n<figure class=\"wp-block-image size-full\"><img decoding=\"async\" width=\"960\" height=\"635\" src=\"https:\/\/www.valparaisocreativo.cl\/wp-content\/uploads\/2024\/02\/nina-mirando.jpg\" alt=\"\" class=\"wp-image-18300\" srcset=\"https:\/\/dev.antudigital.cl\/sites\/vc\/wp-content\/uploads\/2024\/02\/nina-mirando.jpg 960w, https:\/\/dev.antudigital.cl\/sites\/vc\/wp-content\/uploads\/2024\/02\/nina-mirando-300x198.jpg 300w, https:\/\/dev.antudigital.cl\/sites\/vc\/wp-content\/uploads\/2024\/02\/nina-mirando-768x508.jpg 768w, https:\/\/dev.antudigital.cl\/sites\/vc\/wp-content\/uploads\/2024\/02\/nina-mirando-480x318.jpg 480w, https:\/\/dev.antudigital.cl\/sites\/vc\/wp-content\/uploads\/2024\/02\/nina-mirando-24x16.jpg 24w, https:\/\/dev.antudigital.cl\/sites\/vc\/wp-content\/uploads\/2024\/02\/nina-mirando-36x24.jpg 36w, https:\/\/dev.antudigital.cl\/sites\/vc\/wp-content\/uploads\/2024\/02\/nina-mirando-48x32.jpg 48w\" sizes=\"(max-width: 960px) 100vw, 960px\" \/><\/figure>\n","protected":false},"excerpt":{"rendered":"<p>El mi\u00e9rcoles 7 de febrero de 10:30 a 13:30 horas se realizar\u00e1 el Taller de Teatro de Marionetas facilitado por Adelaida Loyer, dando cierre a los TALLERES DE VERANO GRATUITOS EN CASA OANI. Proyecto Financiado por la Convocatoria 2023 de Apoyo a Puntos de Cultura Comunitaria del Ministerio de las Culturas, las Artes y el [&hellip;]<\/p>\n","protected":false},"author":1,"featured_media":18302,"comment_status":"closed","ping_status":"closed","sticky":false,"template":"","format":"standard","meta":{"_acf_changed":false,"footnotes":""},"categories":[1],"tags":[],"class_list":["post-18299","post","type-post","status-publish","format-standard","has-post-thumbnail","hentry","category-uncategorized"],"acf":[],"yoast_head":"<!-- This site is optimized with the Yoast SEO plugin v27.1.1 - https:\/\/yoast.com\/product\/yoast-seo-wordpress\/ -->\n<title>Taller de Teatro de Marionetas invita a crear con plasticina, varillas y telas en Casa OANI - Valpara\u00ed\u00adso Creativo<\/title>\n<meta name=\"robots\" content=\"index, follow, max-snippet:-1, max-image-preview:large, max-video-preview:-1\" \/>\n<link rel=\"canonical\" href=\"https:\/\/dev.antudigital.cl\/sites\/vc\/taller-de-teatro-de-marionetas-invita-a-crear-con-plasticina-varillas-y-telas-en-casa-oani\/\" \/>\n<meta property=\"og:locale\" content=\"es_ES\" \/>\n<meta property=\"og:type\" content=\"article\" \/>\n<meta property=\"og:title\" content=\"Taller de Teatro de Marionetas invita a crear con plasticina, varillas y telas en Casa OANI - Valpara\u00ed\u00adso Creativo\" \/>\n<meta property=\"og:description\" content=\"El mi\u00e9rcoles 7 de febrero de 10:30 a 13:30 horas se realizar\u00e1 el Taller de Teatro de Marionetas facilitado por Adelaida Loyer, dando cierre a los TALLERES DE VERANO GRATUITOS EN CASA OANI. Proyecto Financiado por la Convocatoria 2023 de Apoyo a Puntos de Cultura Comunitaria del Ministerio de las Culturas, las Artes y el [&hellip;]\" \/>\n<meta property=\"og:url\" content=\"https:\/\/dev.antudigital.cl\/sites\/vc\/taller-de-teatro-de-marionetas-invita-a-crear-con-plasticina-varillas-y-telas-en-casa-oani\/\" \/>\n<meta property=\"og:site_name\" content=\"Valpara\u00ed\u00adso Creativo\" \/>\n<meta property=\"article:published_time\" content=\"2024-02-04T02:19:07+00:00\" \/>\n<meta property=\"article:modified_time\" content=\"2024-02-04T02:19:12+00:00\" \/>\n<meta property=\"og:image\" content=\"https:\/\/dev.antudigital.cl\/sites\/vc\/wp-content\/uploads\/2024\/02\/Taller-de-Marionetas.jpg\" \/>\n\t<meta property=\"og:image:width\" content=\"866\" \/>\n\t<meta property=\"og:image:height\" content=\"635\" \/>\n\t<meta property=\"og:image:type\" content=\"image\/jpeg\" \/>\n<meta name=\"author\" content=\"Valpara\u00edso Creativo\" \/>\n<meta name=\"twitter:card\" content=\"summary_large_image\" \/>\n<meta name=\"twitter:label1\" content=\"Escrito por\" \/>\n\t<meta name=\"twitter:data1\" content=\"Valpara\u00edso Creativo\" \/>\n\t<meta name=\"twitter:label2\" content=\"Tiempo de lectura\" \/>\n\t<meta name=\"twitter:data2\" content=\"3 minutos\" \/>\n<script type=\"application\/ld+json\" class=\"yoast-schema-graph\">{\"@context\":\"https:\/\/schema.org\",\"@graph\":[{\"@type\":\"Article\",\"@id\":\"https:\/\/dev.antudigital.cl\/sites\/vc\/taller-de-teatro-de-marionetas-invita-a-crear-con-plasticina-varillas-y-telas-en-casa-oani\/#article\",\"isPartOf\":{\"@id\":\"https:\/\/dev.antudigital.cl\/sites\/vc\/taller-de-teatro-de-marionetas-invita-a-crear-con-plasticina-varillas-y-telas-en-casa-oani\/\"},\"author\":{\"name\":\"Valpara\u00edso Creativo\",\"@id\":\"https:\/\/dev.antudigital.cl\/sites\/vc\/#\/schema\/person\/c2b9da8dd545e27166fc5ab232837318\"},\"headline\":\"Taller de Teatro de Marionetas invita a crear con plasticina, varillas y telas en Casa OANI\",\"datePublished\":\"2024-02-04T02:19:07+00:00\",\"dateModified\":\"2024-02-04T02:19:12+00:00\",\"mainEntityOfPage\":{\"@id\":\"https:\/\/dev.antudigital.cl\/sites\/vc\/taller-de-teatro-de-marionetas-invita-a-crear-con-plasticina-varillas-y-telas-en-casa-oani\/\"},\"wordCount\":442,\"image\":{\"@id\":\"https:\/\/dev.antudigital.cl\/sites\/vc\/taller-de-teatro-de-marionetas-invita-a-crear-con-plasticina-varillas-y-telas-en-casa-oani\/#primaryimage\"},\"thumbnailUrl\":\"https:\/\/dev.antudigital.cl\/sites\/vc\/wp-content\/uploads\/2024\/02\/Taller-de-Marionetas.jpg\",\"articleSection\":[\"Uncategorized\"],\"inLanguage\":\"es\"},{\"@type\":\"WebPage\",\"@id\":\"https:\/\/dev.antudigital.cl\/sites\/vc\/taller-de-teatro-de-marionetas-invita-a-crear-con-plasticina-varillas-y-telas-en-casa-oani\/\",\"url\":\"https:\/\/dev.antudigital.cl\/sites\/vc\/taller-de-teatro-de-marionetas-invita-a-crear-con-plasticina-varillas-y-telas-en-casa-oani\/\",\"name\":\"Taller de Teatro de Marionetas invita a crear con plasticina, varillas y telas en Casa OANI - Valpara\u00ed\u00adso Creativo\",\"isPartOf\":{\"@id\":\"https:\/\/dev.antudigital.cl\/sites\/vc\/#website\"},\"primaryImageOfPage\":{\"@id\":\"https:\/\/dev.antudigital.cl\/sites\/vc\/taller-de-teatro-de-marionetas-invita-a-crear-con-plasticina-varillas-y-telas-en-casa-oani\/#primaryimage\"},\"image\":{\"@id\":\"https:\/\/dev.antudigital.cl\/sites\/vc\/taller-de-teatro-de-marionetas-invita-a-crear-con-plasticina-varillas-y-telas-en-casa-oani\/#primaryimage\"},\"thumbnailUrl\":\"https:\/\/dev.antudigital.cl\/sites\/vc\/wp-content\/uploads\/2024\/02\/Taller-de-Marionetas.jpg\",\"datePublished\":\"2024-02-04T02:19:07+00:00\",\"dateModified\":\"2024-02-04T02:19:12+00:00\",\"author\":{\"@id\":\"https:\/\/dev.antudigital.cl\/sites\/vc\/#\/schema\/person\/c2b9da8dd545e27166fc5ab232837318\"},\"breadcrumb\":{\"@id\":\"https:\/\/dev.antudigital.cl\/sites\/vc\/taller-de-teatro-de-marionetas-invita-a-crear-con-plasticina-varillas-y-telas-en-casa-oani\/#breadcrumb\"},\"inLanguage\":\"es\",\"potentialAction\":[{\"@type\":\"ReadAction\",\"target\":[\"https:\/\/dev.antudigital.cl\/sites\/vc\/taller-de-teatro-de-marionetas-invita-a-crear-con-plasticina-varillas-y-telas-en-casa-oani\/\"]}]},{\"@type\":\"ImageObject\",\"inLanguage\":\"es\",\"@id\":\"https:\/\/dev.antudigital.cl\/sites\/vc\/taller-de-teatro-de-marionetas-invita-a-crear-con-plasticina-varillas-y-telas-en-casa-oani\/#primaryimage\",\"url\":\"https:\/\/dev.antudigital.cl\/sites\/vc\/wp-content\/uploads\/2024\/02\/Taller-de-Marionetas.jpg\",\"contentUrl\":\"https:\/\/dev.antudigital.cl\/sites\/vc\/wp-content\/uploads\/2024\/02\/Taller-de-Marionetas.jpg\",\"width\":866,\"height\":635},{\"@type\":\"BreadcrumbList\",\"@id\":\"https:\/\/dev.antudigital.cl\/sites\/vc\/taller-de-teatro-de-marionetas-invita-a-crear-con-plasticina-varillas-y-telas-en-casa-oani\/#breadcrumb\",\"itemListElement\":[{\"@type\":\"ListItem\",\"position\":1,\"name\":\"Home\",\"item\":\"https:\/\/dev.antudigital.cl\/sites\/vc\/\"},{\"@type\":\"ListItem\",\"position\":2,\"name\":\"Taller de Teatro de Marionetas invita a crear con plasticina, varillas y telas en Casa OANI\"}]},{\"@type\":\"WebSite\",\"@id\":\"https:\/\/dev.antudigital.cl\/sites\/vc\/#website\",\"url\":\"https:\/\/dev.antudigital.cl\/sites\/vc\/\",\"name\":\"Valpara\u00ed\u00adso Creativo\",\"description\":\"\",\"potentialAction\":[{\"@type\":\"SearchAction\",\"target\":{\"@type\":\"EntryPoint\",\"urlTemplate\":\"https:\/\/dev.antudigital.cl\/sites\/vc\/?s={search_term_string}\"},\"query-input\":{\"@type\":\"PropertyValueSpecification\",\"valueRequired\":true,\"valueName\":\"search_term_string\"}}],\"inLanguage\":\"es\"},{\"@type\":\"Person\",\"@id\":\"https:\/\/dev.antudigital.cl\/sites\/vc\/#\/schema\/person\/c2b9da8dd545e27166fc5ab232837318\",\"name\":\"Valpara\u00edso Creativo\",\"description\":\"Periodista de cultura en la Regi\u00f3n de Valpara\u00edso.\",\"url\":\"https:\/\/dev.antudigital.cl\/sites\/vc\/author\/valpoadmin\/\"}]}<\/script>\n<!-- \/ Yoast SEO plugin. -->","yoast_head_json":{"title":"Taller de Teatro de Marionetas invita a crear con plasticina, varillas y telas en Casa OANI - Valpara\u00ed\u00adso Creativo","robots":{"index":"index","follow":"follow","max-snippet":"max-snippet:-1","max-image-preview":"max-image-preview:large","max-video-preview":"max-video-preview:-1"},"canonical":"https:\/\/dev.antudigital.cl\/sites\/vc\/taller-de-teatro-de-marionetas-invita-a-crear-con-plasticina-varillas-y-telas-en-casa-oani\/","og_locale":"es_ES","og_type":"article","og_title":"Taller de Teatro de Marionetas invita a crear con plasticina, varillas y telas en Casa OANI - Valpara\u00ed\u00adso Creativo","og_description":"El mi\u00e9rcoles 7 de febrero de 10:30 a 13:30 horas se realizar\u00e1 el Taller de Teatro de Marionetas facilitado por Adelaida Loyer, dando cierre a los TALLERES DE VERANO GRATUITOS EN CASA OANI. Proyecto Financiado por la Convocatoria 2023 de Apoyo a Puntos de Cultura Comunitaria del Ministerio de las Culturas, las Artes y el [&hellip;]","og_url":"https:\/\/dev.antudigital.cl\/sites\/vc\/taller-de-teatro-de-marionetas-invita-a-crear-con-plasticina-varillas-y-telas-en-casa-oani\/","og_site_name":"Valpara\u00ed\u00adso Creativo","article_published_time":"2024-02-04T02:19:07+00:00","article_modified_time":"2024-02-04T02:19:12+00:00","og_image":[{"width":866,"height":635,"url":"https:\/\/dev.antudigital.cl\/sites\/vc\/wp-content\/uploads\/2024\/02\/Taller-de-Marionetas.jpg","type":"image\/jpeg"}],"author":"Valpara\u00edso Creativo","twitter_card":"summary_large_image","twitter_misc":{"Escrito por":"Valpara\u00edso Creativo","Tiempo de lectura":"3 minutos"},"schema":{"@context":"https:\/\/schema.org","@graph":[{"@type":"Article","@id":"https:\/\/dev.antudigital.cl\/sites\/vc\/taller-de-teatro-de-marionetas-invita-a-crear-con-plasticina-varillas-y-telas-en-casa-oani\/#article","isPartOf":{"@id":"https:\/\/dev.antudigital.cl\/sites\/vc\/taller-de-teatro-de-marionetas-invita-a-crear-con-plasticina-varillas-y-telas-en-casa-oani\/"},"author":{"name":"Valpara\u00edso Creativo","@id":"https:\/\/dev.antudigital.cl\/sites\/vc\/#\/schema\/person\/c2b9da8dd545e27166fc5ab232837318"},"headline":"Taller de Teatro de Marionetas invita a crear con plasticina, varillas y telas en Casa OANI","datePublished":"2024-02-04T02:19:07+00:00","dateModified":"2024-02-04T02:19:12+00:00","mainEntityOfPage":{"@id":"https:\/\/dev.antudigital.cl\/sites\/vc\/taller-de-teatro-de-marionetas-invita-a-crear-con-plasticina-varillas-y-telas-en-casa-oani\/"},"wordCount":442,"image":{"@id":"https:\/\/dev.antudigital.cl\/sites\/vc\/taller-de-teatro-de-marionetas-invita-a-crear-con-plasticina-varillas-y-telas-en-casa-oani\/#primaryimage"},"thumbnailUrl":"https:\/\/dev.antudigital.cl\/sites\/vc\/wp-content\/uploads\/2024\/02\/Taller-de-Marionetas.jpg","articleSection":["Uncategorized"],"inLanguage":"es"},{"@type":"WebPage","@id":"https:\/\/dev.antudigital.cl\/sites\/vc\/taller-de-teatro-de-marionetas-invita-a-crear-con-plasticina-varillas-y-telas-en-casa-oani\/","url":"https:\/\/dev.antudigital.cl\/sites\/vc\/taller-de-teatro-de-marionetas-invita-a-crear-con-plasticina-varillas-y-telas-en-casa-oani\/","name":"Taller de Teatro de Marionetas invita a crear con plasticina, varillas y telas en Casa OANI - Valpara\u00ed\u00adso Creativo","isPartOf":{"@id":"https:\/\/dev.antudigital.cl\/sites\/vc\/#website"},"primaryImageOfPage":{"@id":"https:\/\/dev.antudigital.cl\/sites\/vc\/taller-de-teatro-de-marionetas-invita-a-crear-con-plasticina-varillas-y-telas-en-casa-oani\/#primaryimage"},"image":{"@id":"https:\/\/dev.antudigital.cl\/sites\/vc\/taller-de-teatro-de-marionetas-invita-a-crear-con-plasticina-varillas-y-telas-en-casa-oani\/#primaryimage"},"thumbnailUrl":"https:\/\/dev.antudigital.cl\/sites\/vc\/wp-content\/uploads\/2024\/02\/Taller-de-Marionetas.jpg","datePublished":"2024-02-04T02:19:07+00:00","dateModified":"2024-02-04T02:19:12+00:00","author":{"@id":"https:\/\/dev.antudigital.cl\/sites\/vc\/#\/schema\/person\/c2b9da8dd545e27166fc5ab232837318"},"breadcrumb":{"@id":"https:\/\/dev.antudigital.cl\/sites\/vc\/taller-de-teatro-de-marionetas-invita-a-crear-con-plasticina-varillas-y-telas-en-casa-oani\/#breadcrumb"},"inLanguage":"es","potentialAction":[{"@type":"ReadAction","target":["https:\/\/dev.antudigital.cl\/sites\/vc\/taller-de-teatro-de-marionetas-invita-a-crear-con-plasticina-varillas-y-telas-en-casa-oani\/"]}]},{"@type":"ImageObject","inLanguage":"es","@id":"https:\/\/dev.antudigital.cl\/sites\/vc\/taller-de-teatro-de-marionetas-invita-a-crear-con-plasticina-varillas-y-telas-en-casa-oani\/#primaryimage","url":"https:\/\/dev.antudigital.cl\/sites\/vc\/wp-content\/uploads\/2024\/02\/Taller-de-Marionetas.jpg","contentUrl":"https:\/\/dev.antudigital.cl\/sites\/vc\/wp-content\/uploads\/2024\/02\/Taller-de-Marionetas.jpg","width":866,"height":635},{"@type":"BreadcrumbList","@id":"https:\/\/dev.antudigital.cl\/sites\/vc\/taller-de-teatro-de-marionetas-invita-a-crear-con-plasticina-varillas-y-telas-en-casa-oani\/#breadcrumb","itemListElement":[{"@type":"ListItem","position":1,"name":"Home","item":"https:\/\/dev.antudigital.cl\/sites\/vc\/"},{"@type":"ListItem","position":2,"name":"Taller de Teatro de Marionetas invita a crear con plasticina, varillas y telas en Casa OANI"}]},{"@type":"WebSite","@id":"https:\/\/dev.antudigital.cl\/sites\/vc\/#website","url":"https:\/\/dev.antudigital.cl\/sites\/vc\/","name":"Valpara\u00ed\u00adso Creativo","description":"","potentialAction":[{"@type":"SearchAction","target":{"@type":"EntryPoint","urlTemplate":"https:\/\/dev.antudigital.cl\/sites\/vc\/?s={search_term_string}"},"query-input":{"@type":"PropertyValueSpecification","valueRequired":true,"valueName":"search_term_string"}}],"inLanguage":"es"},{"@type":"Person","@id":"https:\/\/dev.antudigital.cl\/sites\/vc\/#\/schema\/person\/c2b9da8dd545e27166fc5ab232837318","name":"Valpara\u00edso Creativo","description":"Periodista de cultura en la Regi\u00f3n de Valpara\u00edso.","url":"https:\/\/dev.antudigital.cl\/sites\/vc\/author\/valpoadmin\/"}]}},"_links":{"self":[{"href":"https:\/\/dev.antudigital.cl\/sites\/vc\/wp-json\/wp\/v2\/posts\/18299","targetHints":{"allow":["GET"]}}],"collection":[{"href":"https:\/\/dev.antudigital.cl\/sites\/vc\/wp-json\/wp\/v2\/posts"}],"about":[{"href":"https:\/\/dev.antudigital.cl\/sites\/vc\/wp-json\/wp\/v2\/types\/post"}],"author":[{"embeddable":true,"href":"https:\/\/dev.antudigital.cl\/sites\/vc\/wp-json\/wp\/v2\/users\/1"}],"replies":[{"embeddable":true,"href":"https:\/\/dev.antudigital.cl\/sites\/vc\/wp-json\/wp\/v2\/comments?post=18299"}],"version-history":[{"count":1,"href":"https:\/\/dev.antudigital.cl\/sites\/vc\/wp-json\/wp\/v2\/posts\/18299\/revisions"}],"predecessor-version":[{"id":18303,"href":"https:\/\/dev.antudigital.cl\/sites\/vc\/wp-json\/wp\/v2\/posts\/18299\/revisions\/18303"}],"wp:featuredmedia":[{"embeddable":true,"href":"https:\/\/dev.antudigital.cl\/sites\/vc\/wp-json\/wp\/v2\/media\/18302"}],"wp:attachment":[{"href":"https:\/\/dev.antudigital.cl\/sites\/vc\/wp-json\/wp\/v2\/media?parent=18299"}],"wp:term":[{"taxonomy":"category","embeddable":true,"href":"https:\/\/dev.antudigital.cl\/sites\/vc\/wp-json\/wp\/v2\/categories?post=18299"},{"taxonomy":"post_tag","embeddable":true,"href":"https:\/\/dev.antudigital.cl\/sites\/vc\/wp-json\/wp\/v2\/tags?post=18299"}],"curies":[{"name":"wp","href":"https:\/\/api.w.org\/{rel}","templated":true}]}}