{"id":18308,"date":"2024-02-04T02:49:47","date_gmt":"2024-02-04T02:49:47","guid":{"rendered":"https:\/\/www.valparaisocreativo.cl\/?p=18308"},"modified":"2024-04-29T12:51:06","modified_gmt":"2024-04-29T12:51:06","slug":"anna-esta-alucinada-tour-cami-anuncia-gira-por-teatros-en-regiones","status":"publish","type":"post","link":"https:\/\/dev.antudigital.cl\/sites\/vc\/anna-esta-alucinada-tour-cami-anuncia-gira-por-teatros-en-regiones\/","title":{"rendered":"\u201cAnna est\u00e1 Alucinada Tour\u201d: CAMI llega al Teatro Municipal de Vi\u00f1a del Mar"},"content":{"rendered":"\n<p><em>Despu\u00e9s de haber mostrado su in\u00e9dito show \u201cAnna est\u00e1 alucinada\u201d en el Teatro Coliseo, colindante con su nueva etapa perform\u00e1tica, CAMI est\u00e1 de vuelta con un tour por el pa\u00eds.&nbsp;<\/em><\/p>\n\n\n\n<p><em>As\u00ed es que durante marzo, abril y mayo, siete importantes teatros de regiones recibir\u00e1n a una de las indiscutidas de la escena pop nacional e internacional.<\/em><\/p>\n\n\n\n<p>Con una puesta en <strong>escena fresca, corporal e inmersiva, CAMI ser\u00e1 la \u00fanica protagonista del universo musical y esc\u00e9nico de \u201cAnna est\u00e1 Alucinada\u201d<\/strong>, gira que la llevar\u00e1 de vuelta a recorrer diversas regiones del pa\u00eds durante este primer semestre.<\/p>\n\n\n\n<p>Parte de su proyecto musical Anna, con el cual present\u00f3 en noviembre el EP \u2018ANNA Vol.1 LOS AMANTES\u2019, la artista nacional <strong>comenzar\u00e1 su recorrido el 23 de marzo en el reci\u00e9n re-inaugurado Teatro Municipal de Vi\u00f1a del Mar, para seguir el 28 de marzo en el Teatro Municipal de Santiago<\/strong>, monumento nacional y escenario fundamental para las artes y culturas de nuestro pa\u00eds.<\/p>\n\n\n\n<p>De esta manera, <strong>CAMI continuar\u00e1 con fechas por teatros de Temuco, La Serena, Frutillar y Rancagua, para terminar el 31 de mayo en el Teatro Regional del Maule, en Talca<\/strong>, completando un recorrido por espacios insignes y de realce art\u00edstico de cada regi\u00f3n a visitar.<\/p>\n\n\n\n<p><em>\u201cEl p\u00fablico me entrega una fuerza, un coraje y una emocionalidad que no tiene comparaci\u00f3n con nada de la vida cotidiana. Sin lugar a dudas, el show lo estamos creando para que no solamente sea una experiencia visual, sensorial, musical o auditiva, sino que emocional. Quiero que la gente entienda que hay m\u00e1s oportunidades de sentir la m\u00fasica\u201d,<\/em> comenta CAMI sobre los preparativos de este tour.&nbsp;<\/p>\n\n\n\n<figure class=\"wp-block-embed is-type-video is-provider-youtube wp-block-embed-youtube wp-embed-aspect-16-9 wp-has-aspect-ratio\"><div class=\"wp-block-embed__wrapper\">\n<iframe title=\"Cami - Ganadora\" width=\"800\" height=\"450\" src=\"https:\/\/www.youtube.com\/embed\/4k3kTooP98I?feature=oembed\" frameborder=\"0\" allow=\"accelerometer; autoplay; clipboard-write; encrypted-media; gyroscope; picture-in-picture; web-share\" referrerpolicy=\"strict-origin-when-cross-origin\" allowfullscreen><\/iframe>\n<\/div><\/figure>\n\n\n\n<p>Durante esta gira, <strong>CAMI interpretar\u00e1 las canciones de su nueva producci\u00f3n, adem\u00e1s de reversiones de sus temas m\u00e1s conocidos<\/strong>. Su actual proyecto , descrito como \u201cprofundo y sensorial\u201d, implica un concepto in\u00e9dito, rupturista y s\u00f3lido, exponiendo en vivo sus dotes perform\u00e1ticas, con una propuesta de flauta traversa \u2013la cual interpreta desde los 5 a\u00f1os\u2013, sintetizadores y pedales, donde la propia CAMI estar\u00e1 mezclando de manera in\u00e9dita ante el p\u00fablico.<\/p>\n\n\n\n<p><em>\u201cEstoy en un momento de mucho crecimiento art\u00edstico, emocional y espiritual. El arte y la m\u00fasica me gu\u00edan, me llevan a conocer cosas de mi que tambi\u00e9n voy creando a partir de referencias, de mundos que estoy descubriendo, de emociones que estoy viviendo, entonces creo que es primera vez que en mi carrera donde no solamente me estoy atreviendo a hacer algo distinto, sino que hay un crecimiento con esto. Y hay mucho estudio detr\u00e1s, hay mucha disciplina personal, para que luego a nivel profesional se vean todos estos cambios que han sido transformadores y transgresores conmigo misma\u201d,<\/em> extiende sobre este proceso.&nbsp;<\/p>\n\n\n\n<p>El EP <strong>\u2018ANNA Vol.1 LOS AMANTES\u2019<\/strong>, que incluye cinco canciones m\u00e1s un interludio, fue grabado \u00edntegramente en el sur de Chile, por m\u00e1s de dos meses. Y as\u00ed como su primera parte fue presentada en vivo en el Teatro Coliseo en diciembre, su segunda parte se lanzar\u00e1 durante este a\u00f1o, y ser\u00e1 la cantautora quien lo presente en varias instancias transformadoras para su carrera.<\/p>\n\n\n\n<p><a href=\"https:\/\/www.passline.com\/eventos-plano\/cami-en-vina-del-mar\"><strong>CONSIGUE TUS ENTRADAS AC\u00c1<\/strong><\/a><\/p>\n\n\n\n<p><strong>\u00a1Adem\u00e1s! Aprovecha el descuento de Valpara\u00edso Creativo. Ingresa el c\u00f3gido <\/strong><\/p>\n\n\n\n<p>VALPARAISOCREATIVO<\/p>\n\n\n\n<figure class=\"wp-block-image size-large\"><img fetchpriority=\"high\" decoding=\"async\" width=\"1024\" height=\"1024\" src=\"https:\/\/www.valparaisocreativo.cl\/wp-content\/uploads\/2024\/02\/011-Vina-del-Mar_Feed-1024x1024.png\" alt=\"\" class=\"wp-image-18310\" srcset=\"https:\/\/dev.antudigital.cl\/sites\/vc\/wp-content\/uploads\/2024\/02\/011-Vina-del-Mar_Feed-1024x1024.png 1024w, https:\/\/dev.antudigital.cl\/sites\/vc\/wp-content\/uploads\/2024\/02\/011-Vina-del-Mar_Feed-300x300.png 300w, https:\/\/dev.antudigital.cl\/sites\/vc\/wp-content\/uploads\/2024\/02\/011-Vina-del-Mar_Feed-150x150.png 150w, https:\/\/dev.antudigital.cl\/sites\/vc\/wp-content\/uploads\/2024\/02\/011-Vina-del-Mar_Feed-768x768.png 768w, https:\/\/dev.antudigital.cl\/sites\/vc\/wp-content\/uploads\/2024\/02\/011-Vina-del-Mar_Feed-980x980.png 980w, https:\/\/dev.antudigital.cl\/sites\/vc\/wp-content\/uploads\/2024\/02\/011-Vina-del-Mar_Feed-480x480.png 480w, https:\/\/dev.antudigital.cl\/sites\/vc\/wp-content\/uploads\/2024\/02\/011-Vina-del-Mar_Feed-24x24.png 24w, https:\/\/dev.antudigital.cl\/sites\/vc\/wp-content\/uploads\/2024\/02\/011-Vina-del-Mar_Feed-36x36.png 36w, https:\/\/dev.antudigital.cl\/sites\/vc\/wp-content\/uploads\/2024\/02\/011-Vina-del-Mar_Feed-48x48.png 48w, https:\/\/dev.antudigital.cl\/sites\/vc\/wp-content\/uploads\/2024\/02\/011-Vina-del-Mar_Feed.png 1080w\" sizes=\"(max-width: 1024px) 100vw, 1024px\" \/><\/figure>\n","protected":false},"excerpt":{"rendered":"<p>Despu\u00e9s de haber mostrado su in\u00e9dito show \u201cAnna est\u00e1 alucinada\u201d en el Teatro Coliseo, colindante con su nueva etapa perform\u00e1tica, CAMI est\u00e1 de vuelta con un tour por el pa\u00eds.&nbsp; As\u00ed es que durante marzo, abril y mayo, siete importantes teatros de regiones recibir\u00e1n a una de las indiscutidas de la escena pop nacional e [&hellip;]<\/p>\n","protected":false},"author":1,"featured_media":18309,"comment_status":"closed","ping_status":"closed","sticky":false,"template":"","format":"standard","meta":{"_acf_changed":false,"footnotes":""},"categories":[1],"tags":[],"class_list":["post-18308","post","type-post","status-publish","format-standard","has-post-thumbnail","hentry","category-uncategorized"],"acf":[],"yoast_head":"<!-- This site is optimized with the Yoast SEO plugin v27.1.1 - https:\/\/yoast.com\/product\/yoast-seo-wordpress\/ -->\n<title>\u201cAnna est\u00e1 Alucinada Tour\u201d: CAMI llega al Teatro Municipal de Vi\u00f1a del Mar - Valpara\u00ed\u00adso Creativo<\/title>\n<meta name=\"robots\" content=\"index, follow, max-snippet:-1, max-image-preview:large, max-video-preview:-1\" \/>\n<link rel=\"canonical\" href=\"https:\/\/dev.antudigital.cl\/sites\/vc\/anna-esta-alucinada-tour-cami-anuncia-gira-por-teatros-en-regiones\/\" \/>\n<meta property=\"og:locale\" content=\"es_ES\" \/>\n<meta property=\"og:type\" content=\"article\" \/>\n<meta property=\"og:title\" content=\"\u201cAnna est\u00e1 Alucinada Tour\u201d: CAMI llega al Teatro Municipal de Vi\u00f1a del Mar - Valpara\u00ed\u00adso Creativo\" \/>\n<meta property=\"og:description\" content=\"Despu\u00e9s de haber mostrado su in\u00e9dito show \u201cAnna est\u00e1 alucinada\u201d en el Teatro Coliseo, colindante con su nueva etapa perform\u00e1tica, CAMI est\u00e1 de vuelta con un tour por el pa\u00eds.&nbsp; As\u00ed es que durante marzo, abril y mayo, siete importantes teatros de regiones recibir\u00e1n a una de las indiscutidas de la escena pop nacional e [&hellip;]\" \/>\n<meta property=\"og:url\" content=\"https:\/\/dev.antudigital.cl\/sites\/vc\/anna-esta-alucinada-tour-cami-anuncia-gira-por-teatros-en-regiones\/\" \/>\n<meta property=\"og:site_name\" content=\"Valpara\u00ed\u00adso Creativo\" \/>\n<meta property=\"article:published_time\" content=\"2024-02-04T02:49:47+00:00\" \/>\n<meta property=\"article:modified_time\" content=\"2024-04-29T12:51:06+00:00\" \/>\n<meta property=\"og:image\" content=\"https:\/\/dev.antudigital.cl\/sites\/vc\/wp-content\/uploads\/2024\/02\/unnamed-2-scaled.jpg\" \/>\n\t<meta property=\"og:image:width\" content=\"2560\" \/>\n\t<meta property=\"og:image:height\" content=\"1343\" \/>\n\t<meta property=\"og:image:type\" content=\"image\/jpeg\" \/>\n<meta name=\"author\" content=\"Valpara\u00edso Creativo\" \/>\n<meta name=\"twitter:card\" content=\"summary_large_image\" \/>\n<meta name=\"twitter:label1\" content=\"Escrito por\" \/>\n\t<meta name=\"twitter:data1\" content=\"Valpara\u00edso Creativo\" \/>\n\t<meta name=\"twitter:label2\" content=\"Tiempo de lectura\" \/>\n\t<meta name=\"twitter:data2\" content=\"3 minutos\" \/>\n<script type=\"application\/ld+json\" class=\"yoast-schema-graph\">{\"@context\":\"https:\/\/schema.org\",\"@graph\":[{\"@type\":\"Article\",\"@id\":\"https:\/\/dev.antudigital.cl\/sites\/vc\/anna-esta-alucinada-tour-cami-anuncia-gira-por-teatros-en-regiones\/#article\",\"isPartOf\":{\"@id\":\"https:\/\/dev.antudigital.cl\/sites\/vc\/anna-esta-alucinada-tour-cami-anuncia-gira-por-teatros-en-regiones\/\"},\"author\":{\"name\":\"Valpara\u00edso Creativo\",\"@id\":\"https:\/\/dev.antudigital.cl\/sites\/vc\/#\/schema\/person\/c2b9da8dd545e27166fc5ab232837318\"},\"headline\":\"\u201cAnna est\u00e1 Alucinada Tour\u201d: CAMI llega al Teatro Municipal de Vi\u00f1a del Mar\",\"datePublished\":\"2024-02-04T02:49:47+00:00\",\"dateModified\":\"2024-04-29T12:51:06+00:00\",\"mainEntityOfPage\":{\"@id\":\"https:\/\/dev.antudigital.cl\/sites\/vc\/anna-esta-alucinada-tour-cami-anuncia-gira-por-teatros-en-regiones\/\"},\"wordCount\":577,\"image\":{\"@id\":\"https:\/\/dev.antudigital.cl\/sites\/vc\/anna-esta-alucinada-tour-cami-anuncia-gira-por-teatros-en-regiones\/#primaryimage\"},\"thumbnailUrl\":\"https:\/\/dev.antudigital.cl\/sites\/vc\/wp-content\/uploads\/2024\/02\/unnamed-2-scaled.jpg\",\"articleSection\":[\"Uncategorized\"],\"inLanguage\":\"es\"},{\"@type\":\"WebPage\",\"@id\":\"https:\/\/dev.antudigital.cl\/sites\/vc\/anna-esta-alucinada-tour-cami-anuncia-gira-por-teatros-en-regiones\/\",\"url\":\"https:\/\/dev.antudigital.cl\/sites\/vc\/anna-esta-alucinada-tour-cami-anuncia-gira-por-teatros-en-regiones\/\",\"name\":\"\u201cAnna est\u00e1 Alucinada Tour\u201d: CAMI llega al Teatro Municipal de Vi\u00f1a del Mar - Valpara\u00ed\u00adso Creativo\",\"isPartOf\":{\"@id\":\"https:\/\/dev.antudigital.cl\/sites\/vc\/#website\"},\"primaryImageOfPage\":{\"@id\":\"https:\/\/dev.antudigital.cl\/sites\/vc\/anna-esta-alucinada-tour-cami-anuncia-gira-por-teatros-en-regiones\/#primaryimage\"},\"image\":{\"@id\":\"https:\/\/dev.antudigital.cl\/sites\/vc\/anna-esta-alucinada-tour-cami-anuncia-gira-por-teatros-en-regiones\/#primaryimage\"},\"thumbnailUrl\":\"https:\/\/dev.antudigital.cl\/sites\/vc\/wp-content\/uploads\/2024\/02\/unnamed-2-scaled.jpg\",\"datePublished\":\"2024-02-04T02:49:47+00:00\",\"dateModified\":\"2024-04-29T12:51:06+00:00\",\"author\":{\"@id\":\"https:\/\/dev.antudigital.cl\/sites\/vc\/#\/schema\/person\/c2b9da8dd545e27166fc5ab232837318\"},\"breadcrumb\":{\"@id\":\"https:\/\/dev.antudigital.cl\/sites\/vc\/anna-esta-alucinada-tour-cami-anuncia-gira-por-teatros-en-regiones\/#breadcrumb\"},\"inLanguage\":\"es\",\"potentialAction\":[{\"@type\":\"ReadAction\",\"target\":[\"https:\/\/dev.antudigital.cl\/sites\/vc\/anna-esta-alucinada-tour-cami-anuncia-gira-por-teatros-en-regiones\/\"]}]},{\"@type\":\"ImageObject\",\"inLanguage\":\"es\",\"@id\":\"https:\/\/dev.antudigital.cl\/sites\/vc\/anna-esta-alucinada-tour-cami-anuncia-gira-por-teatros-en-regiones\/#primaryimage\",\"url\":\"https:\/\/dev.antudigital.cl\/sites\/vc\/wp-content\/uploads\/2024\/02\/unnamed-2-scaled.jpg\",\"contentUrl\":\"https:\/\/dev.antudigital.cl\/sites\/vc\/wp-content\/uploads\/2024\/02\/unnamed-2-scaled.jpg\",\"width\":2560,\"height\":1343},{\"@type\":\"BreadcrumbList\",\"@id\":\"https:\/\/dev.antudigital.cl\/sites\/vc\/anna-esta-alucinada-tour-cami-anuncia-gira-por-teatros-en-regiones\/#breadcrumb\",\"itemListElement\":[{\"@type\":\"ListItem\",\"position\":1,\"name\":\"Home\",\"item\":\"https:\/\/dev.antudigital.cl\/sites\/vc\/\"},{\"@type\":\"ListItem\",\"position\":2,\"name\":\"\u201cAnna est\u00e1 Alucinada Tour\u201d: CAMI llega al Teatro Municipal de Vi\u00f1a del Mar\"}]},{\"@type\":\"WebSite\",\"@id\":\"https:\/\/dev.antudigital.cl\/sites\/vc\/#website\",\"url\":\"https:\/\/dev.antudigital.cl\/sites\/vc\/\",\"name\":\"Valpara\u00ed\u00adso Creativo\",\"description\":\"\",\"potentialAction\":[{\"@type\":\"SearchAction\",\"target\":{\"@type\":\"EntryPoint\",\"urlTemplate\":\"https:\/\/dev.antudigital.cl\/sites\/vc\/?s={search_term_string}\"},\"query-input\":{\"@type\":\"PropertyValueSpecification\",\"valueRequired\":true,\"valueName\":\"search_term_string\"}}],\"inLanguage\":\"es\"},{\"@type\":\"Person\",\"@id\":\"https:\/\/dev.antudigital.cl\/sites\/vc\/#\/schema\/person\/c2b9da8dd545e27166fc5ab232837318\",\"name\":\"Valpara\u00edso Creativo\",\"description\":\"Periodista de cultura en la Regi\u00f3n de Valpara\u00edso.\",\"url\":\"https:\/\/dev.antudigital.cl\/sites\/vc\/author\/valpoadmin\/\"}]}<\/script>\n<!-- \/ Yoast SEO plugin. -->","yoast_head_json":{"title":"\u201cAnna est\u00e1 Alucinada Tour\u201d: CAMI llega al Teatro Municipal de Vi\u00f1a del Mar - Valpara\u00ed\u00adso Creativo","robots":{"index":"index","follow":"follow","max-snippet":"max-snippet:-1","max-image-preview":"max-image-preview:large","max-video-preview":"max-video-preview:-1"},"canonical":"https:\/\/dev.antudigital.cl\/sites\/vc\/anna-esta-alucinada-tour-cami-anuncia-gira-por-teatros-en-regiones\/","og_locale":"es_ES","og_type":"article","og_title":"\u201cAnna est\u00e1 Alucinada Tour\u201d: CAMI llega al Teatro Municipal de Vi\u00f1a del Mar - Valpara\u00ed\u00adso Creativo","og_description":"Despu\u00e9s de haber mostrado su in\u00e9dito show \u201cAnna est\u00e1 alucinada\u201d en el Teatro Coliseo, colindante con su nueva etapa perform\u00e1tica, CAMI est\u00e1 de vuelta con un tour por el pa\u00eds.&nbsp; As\u00ed es que durante marzo, abril y mayo, siete importantes teatros de regiones recibir\u00e1n a una de las indiscutidas de la escena pop nacional e [&hellip;]","og_url":"https:\/\/dev.antudigital.cl\/sites\/vc\/anna-esta-alucinada-tour-cami-anuncia-gira-por-teatros-en-regiones\/","og_site_name":"Valpara\u00ed\u00adso Creativo","article_published_time":"2024-02-04T02:49:47+00:00","article_modified_time":"2024-04-29T12:51:06+00:00","og_image":[{"width":2560,"height":1343,"url":"https:\/\/dev.antudigital.cl\/sites\/vc\/wp-content\/uploads\/2024\/02\/unnamed-2-scaled.jpg","type":"image\/jpeg"}],"author":"Valpara\u00edso Creativo","twitter_card":"summary_large_image","twitter_misc":{"Escrito por":"Valpara\u00edso Creativo","Tiempo de lectura":"3 minutos"},"schema":{"@context":"https:\/\/schema.org","@graph":[{"@type":"Article","@id":"https:\/\/dev.antudigital.cl\/sites\/vc\/anna-esta-alucinada-tour-cami-anuncia-gira-por-teatros-en-regiones\/#article","isPartOf":{"@id":"https:\/\/dev.antudigital.cl\/sites\/vc\/anna-esta-alucinada-tour-cami-anuncia-gira-por-teatros-en-regiones\/"},"author":{"name":"Valpara\u00edso Creativo","@id":"https:\/\/dev.antudigital.cl\/sites\/vc\/#\/schema\/person\/c2b9da8dd545e27166fc5ab232837318"},"headline":"\u201cAnna est\u00e1 Alucinada Tour\u201d: CAMI llega al Teatro Municipal de Vi\u00f1a del Mar","datePublished":"2024-02-04T02:49:47+00:00","dateModified":"2024-04-29T12:51:06+00:00","mainEntityOfPage":{"@id":"https:\/\/dev.antudigital.cl\/sites\/vc\/anna-esta-alucinada-tour-cami-anuncia-gira-por-teatros-en-regiones\/"},"wordCount":577,"image":{"@id":"https:\/\/dev.antudigital.cl\/sites\/vc\/anna-esta-alucinada-tour-cami-anuncia-gira-por-teatros-en-regiones\/#primaryimage"},"thumbnailUrl":"https:\/\/dev.antudigital.cl\/sites\/vc\/wp-content\/uploads\/2024\/02\/unnamed-2-scaled.jpg","articleSection":["Uncategorized"],"inLanguage":"es"},{"@type":"WebPage","@id":"https:\/\/dev.antudigital.cl\/sites\/vc\/anna-esta-alucinada-tour-cami-anuncia-gira-por-teatros-en-regiones\/","url":"https:\/\/dev.antudigital.cl\/sites\/vc\/anna-esta-alucinada-tour-cami-anuncia-gira-por-teatros-en-regiones\/","name":"\u201cAnna est\u00e1 Alucinada Tour\u201d: CAMI llega al Teatro Municipal de Vi\u00f1a del Mar - Valpara\u00ed\u00adso Creativo","isPartOf":{"@id":"https:\/\/dev.antudigital.cl\/sites\/vc\/#website"},"primaryImageOfPage":{"@id":"https:\/\/dev.antudigital.cl\/sites\/vc\/anna-esta-alucinada-tour-cami-anuncia-gira-por-teatros-en-regiones\/#primaryimage"},"image":{"@id":"https:\/\/dev.antudigital.cl\/sites\/vc\/anna-esta-alucinada-tour-cami-anuncia-gira-por-teatros-en-regiones\/#primaryimage"},"thumbnailUrl":"https:\/\/dev.antudigital.cl\/sites\/vc\/wp-content\/uploads\/2024\/02\/unnamed-2-scaled.jpg","datePublished":"2024-02-04T02:49:47+00:00","dateModified":"2024-04-29T12:51:06+00:00","author":{"@id":"https:\/\/dev.antudigital.cl\/sites\/vc\/#\/schema\/person\/c2b9da8dd545e27166fc5ab232837318"},"breadcrumb":{"@id":"https:\/\/dev.antudigital.cl\/sites\/vc\/anna-esta-alucinada-tour-cami-anuncia-gira-por-teatros-en-regiones\/#breadcrumb"},"inLanguage":"es","potentialAction":[{"@type":"ReadAction","target":["https:\/\/dev.antudigital.cl\/sites\/vc\/anna-esta-alucinada-tour-cami-anuncia-gira-por-teatros-en-regiones\/"]}]},{"@type":"ImageObject","inLanguage":"es","@id":"https:\/\/dev.antudigital.cl\/sites\/vc\/anna-esta-alucinada-tour-cami-anuncia-gira-por-teatros-en-regiones\/#primaryimage","url":"https:\/\/dev.antudigital.cl\/sites\/vc\/wp-content\/uploads\/2024\/02\/unnamed-2-scaled.jpg","contentUrl":"https:\/\/dev.antudigital.cl\/sites\/vc\/wp-content\/uploads\/2024\/02\/unnamed-2-scaled.jpg","width":2560,"height":1343},{"@type":"BreadcrumbList","@id":"https:\/\/dev.antudigital.cl\/sites\/vc\/anna-esta-alucinada-tour-cami-anuncia-gira-por-teatros-en-regiones\/#breadcrumb","itemListElement":[{"@type":"ListItem","position":1,"name":"Home","item":"https:\/\/dev.antudigital.cl\/sites\/vc\/"},{"@type":"ListItem","position":2,"name":"\u201cAnna est\u00e1 Alucinada Tour\u201d: CAMI llega al Teatro Municipal de Vi\u00f1a del Mar"}]},{"@type":"WebSite","@id":"https:\/\/dev.antudigital.cl\/sites\/vc\/#website","url":"https:\/\/dev.antudigital.cl\/sites\/vc\/","name":"Valpara\u00ed\u00adso Creativo","description":"","potentialAction":[{"@type":"SearchAction","target":{"@type":"EntryPoint","urlTemplate":"https:\/\/dev.antudigital.cl\/sites\/vc\/?s={search_term_string}"},"query-input":{"@type":"PropertyValueSpecification","valueRequired":true,"valueName":"search_term_string"}}],"inLanguage":"es"},{"@type":"Person","@id":"https:\/\/dev.antudigital.cl\/sites\/vc\/#\/schema\/person\/c2b9da8dd545e27166fc5ab232837318","name":"Valpara\u00edso Creativo","description":"Periodista de cultura en la Regi\u00f3n de Valpara\u00edso.","url":"https:\/\/dev.antudigital.cl\/sites\/vc\/author\/valpoadmin\/"}]}},"_links":{"self":[{"href":"https:\/\/dev.antudigital.cl\/sites\/vc\/wp-json\/wp\/v2\/posts\/18308","targetHints":{"allow":["GET"]}}],"collection":[{"href":"https:\/\/dev.antudigital.cl\/sites\/vc\/wp-json\/wp\/v2\/posts"}],"about":[{"href":"https:\/\/dev.antudigital.cl\/sites\/vc\/wp-json\/wp\/v2\/types\/post"}],"author":[{"embeddable":true,"href":"https:\/\/dev.antudigital.cl\/sites\/vc\/wp-json\/wp\/v2\/users\/1"}],"replies":[{"embeddable":true,"href":"https:\/\/dev.antudigital.cl\/sites\/vc\/wp-json\/wp\/v2\/comments?post=18308"}],"version-history":[{"count":3,"href":"https:\/\/dev.antudigital.cl\/sites\/vc\/wp-json\/wp\/v2\/posts\/18308\/revisions"}],"predecessor-version":[{"id":18983,"href":"https:\/\/dev.antudigital.cl\/sites\/vc\/wp-json\/wp\/v2\/posts\/18308\/revisions\/18983"}],"wp:featuredmedia":[{"embeddable":true,"href":"https:\/\/dev.antudigital.cl\/sites\/vc\/wp-json\/wp\/v2\/media\/18309"}],"wp:attachment":[{"href":"https:\/\/dev.antudigital.cl\/sites\/vc\/wp-json\/wp\/v2\/media?parent=18308"}],"wp:term":[{"taxonomy":"category","embeddable":true,"href":"https:\/\/dev.antudigital.cl\/sites\/vc\/wp-json\/wp\/v2\/categories?post=18308"},{"taxonomy":"post_tag","embeddable":true,"href":"https:\/\/dev.antudigital.cl\/sites\/vc\/wp-json\/wp\/v2\/tags?post=18308"}],"curies":[{"name":"wp","href":"https:\/\/api.w.org\/{rel}","templated":true}]}}