{"id":18318,"date":"2024-02-04T03:30:33","date_gmt":"2024-02-04T03:30:33","guid":{"rendered":"https:\/\/www.valparaisocreativo.cl\/?p=18318"},"modified":"2024-02-04T03:30:53","modified_gmt":"2024-02-04T03:30:53","slug":"convocatoria-caja-los-andes-tecla-7","status":"publish","type":"post","link":"https:\/\/dev.antudigital.cl\/sites\/vc\/convocatoria-caja-los-andes-tecla-7\/","title":{"rendered":"Convocatoria Caja los Andes: Tecla 7"},"content":{"rendered":"\n<p>En una nueva versi\u00f3n del Fondo Talento Emprendedor de Caja Los Andes (TECLA), se invita a\u00a0<strong>startups y scaleups<\/strong>\u00a0a postular<br>sus soluciones enfocadas en el bienestar de las personas.<\/p>\n\n\n\n<p>Hoy TECLA es m\u00e1s que un apoyo econ\u00f3mico es un Fondo de Innovaci\u00f3n Social con profundo prop\u00f3sito donde se premia a<br><strong>emprendimientos que trabajan por impactar la vida de millones de personas.<\/strong><\/p>\n\n\n\n<p>Hay tres categor\u00edas <a href=\"https:\/\/somosandes.cajalosandes.cl\/innovacion\/tecla\"><strong>cuyas bases puedes revisar ac\u00e1.<\/strong><\/a><\/p>\n\n\n\n<p>Qu\u00e9 es TECLA<\/p>\n\n\n\n<p>Talento Emprendedor Caja Los Andes, por sus siglas, TECLA, es un fondo con profundo prop\u00f3sito donde premiamos a emprendimientos sociales que trabajan por impactar de forma positiva la vida de millones de personas.<\/p>\n\n\n\n<p>Caja Los Andes, a trav\u00e9s de TECLA, busca una vez m\u00e1s aportar a esta causa y encontrar a aquellos emprendimientos que cambiar\u00e1n el futuro y aportar\u00e1n a crear la sociedad con la que so\u00f1amos.<\/p>\n","protected":false},"excerpt":{"rendered":"<p>En una nueva versi\u00f3n del Fondo Talento Emprendedor de Caja Los Andes (TECLA), se invita a\u00a0startups y scaleups\u00a0a postularsus soluciones enfocadas en el bienestar de las personas. Hoy TECLA es m\u00e1s que un apoyo econ\u00f3mico es un Fondo de Innovaci\u00f3n Social con profundo prop\u00f3sito donde se premia aemprendimientos que trabajan por impactar la vida de [&hellip;]<\/p>\n","protected":false},"author":1,"featured_media":18319,"comment_status":"closed","ping_status":"closed","sticky":false,"template":"","format":"standard","meta":{"_acf_changed":false,"footnotes":""},"categories":[1],"tags":[],"class_list":["post-18318","post","type-post","status-publish","format-standard","has-post-thumbnail","hentry","category-uncategorized"],"acf":[],"yoast_head":"<!-- This site is optimized with the Yoast SEO plugin v27.1.1 - https:\/\/yoast.com\/product\/yoast-seo-wordpress\/ -->\n<title>Convocatoria Caja los Andes: Tecla 7 - Valpara\u00ed\u00adso Creativo<\/title>\n<meta name=\"robots\" content=\"index, follow, max-snippet:-1, max-image-preview:large, max-video-preview:-1\" \/>\n<link rel=\"canonical\" href=\"https:\/\/dev.antudigital.cl\/sites\/vc\/convocatoria-caja-los-andes-tecla-7\/\" \/>\n<meta property=\"og:locale\" content=\"es_ES\" \/>\n<meta property=\"og:type\" content=\"article\" \/>\n<meta property=\"og:title\" content=\"Convocatoria Caja los Andes: Tecla 7 - Valpara\u00ed\u00adso Creativo\" \/>\n<meta property=\"og:description\" content=\"En una nueva versi\u00f3n del Fondo Talento Emprendedor de Caja Los Andes (TECLA), se invita a\u00a0startups y scaleups\u00a0a postularsus soluciones enfocadas en el bienestar de las personas. Hoy TECLA es m\u00e1s que un apoyo econ\u00f3mico es un Fondo de Innovaci\u00f3n Social con profundo prop\u00f3sito donde se premia aemprendimientos que trabajan por impactar la vida de [&hellip;]\" \/>\n<meta property=\"og:url\" content=\"https:\/\/dev.antudigital.cl\/sites\/vc\/convocatoria-caja-los-andes-tecla-7\/\" \/>\n<meta property=\"og:site_name\" content=\"Valpara\u00ed\u00adso Creativo\" \/>\n<meta property=\"article:published_time\" content=\"2024-02-04T03:30:33+00:00\" \/>\n<meta property=\"article:modified_time\" content=\"2024-02-04T03:30:53+00:00\" \/>\n<meta property=\"og:image\" content=\"https:\/\/dev.antudigital.cl\/sites\/vc\/wp-content\/uploads\/2024\/02\/Captura-de-Pantalla-2024-02-04-a-las-00.27.37.png\" \/>\n\t<meta property=\"og:image:width\" content=\"1181\" \/>\n\t<meta property=\"og:image:height\" content=\"256\" \/>\n\t<meta property=\"og:image:type\" content=\"image\/png\" \/>\n<meta name=\"author\" content=\"Valpara\u00edso Creativo\" \/>\n<meta name=\"twitter:card\" content=\"summary_large_image\" \/>\n<meta name=\"twitter:label1\" content=\"Escrito por\" \/>\n\t<meta name=\"twitter:data1\" content=\"Valpara\u00edso Creativo\" \/>\n\t<meta name=\"twitter:label2\" content=\"Tiempo de lectura\" \/>\n\t<meta name=\"twitter:data2\" content=\"1 minuto\" \/>\n<script type=\"application\/ld+json\" class=\"yoast-schema-graph\">{\"@context\":\"https:\/\/schema.org\",\"@graph\":[{\"@type\":\"Article\",\"@id\":\"https:\/\/dev.antudigital.cl\/sites\/vc\/convocatoria-caja-los-andes-tecla-7\/#article\",\"isPartOf\":{\"@id\":\"https:\/\/dev.antudigital.cl\/sites\/vc\/convocatoria-caja-los-andes-tecla-7\/\"},\"author\":{\"name\":\"Valpara\u00edso Creativo\",\"@id\":\"https:\/\/dev.antudigital.cl\/sites\/vc\/#\/schema\/person\/c2b9da8dd545e27166fc5ab232837318\"},\"headline\":\"Convocatoria Caja los Andes: Tecla 7\",\"datePublished\":\"2024-02-04T03:30:33+00:00\",\"dateModified\":\"2024-02-04T03:30:53+00:00\",\"mainEntityOfPage\":{\"@id\":\"https:\/\/dev.antudigital.cl\/sites\/vc\/convocatoria-caja-los-andes-tecla-7\/\"},\"wordCount\":156,\"image\":{\"@id\":\"https:\/\/dev.antudigital.cl\/sites\/vc\/convocatoria-caja-los-andes-tecla-7\/#primaryimage\"},\"thumbnailUrl\":\"https:\/\/dev.antudigital.cl\/sites\/vc\/wp-content\/uploads\/2024\/02\/Captura-de-Pantalla-2024-02-04-a-las-00.27.37.png\",\"articleSection\":[\"Uncategorized\"],\"inLanguage\":\"es\"},{\"@type\":\"WebPage\",\"@id\":\"https:\/\/dev.antudigital.cl\/sites\/vc\/convocatoria-caja-los-andes-tecla-7\/\",\"url\":\"https:\/\/dev.antudigital.cl\/sites\/vc\/convocatoria-caja-los-andes-tecla-7\/\",\"name\":\"Convocatoria Caja los Andes: Tecla 7 - Valpara\u00ed\u00adso Creativo\",\"isPartOf\":{\"@id\":\"https:\/\/dev.antudigital.cl\/sites\/vc\/#website\"},\"primaryImageOfPage\":{\"@id\":\"https:\/\/dev.antudigital.cl\/sites\/vc\/convocatoria-caja-los-andes-tecla-7\/#primaryimage\"},\"image\":{\"@id\":\"https:\/\/dev.antudigital.cl\/sites\/vc\/convocatoria-caja-los-andes-tecla-7\/#primaryimage\"},\"thumbnailUrl\":\"https:\/\/dev.antudigital.cl\/sites\/vc\/wp-content\/uploads\/2024\/02\/Captura-de-Pantalla-2024-02-04-a-las-00.27.37.png\",\"datePublished\":\"2024-02-04T03:30:33+00:00\",\"dateModified\":\"2024-02-04T03:30:53+00:00\",\"author\":{\"@id\":\"https:\/\/dev.antudigital.cl\/sites\/vc\/#\/schema\/person\/c2b9da8dd545e27166fc5ab232837318\"},\"breadcrumb\":{\"@id\":\"https:\/\/dev.antudigital.cl\/sites\/vc\/convocatoria-caja-los-andes-tecla-7\/#breadcrumb\"},\"inLanguage\":\"es\",\"potentialAction\":[{\"@type\":\"ReadAction\",\"target\":[\"https:\/\/dev.antudigital.cl\/sites\/vc\/convocatoria-caja-los-andes-tecla-7\/\"]}]},{\"@type\":\"ImageObject\",\"inLanguage\":\"es\",\"@id\":\"https:\/\/dev.antudigital.cl\/sites\/vc\/convocatoria-caja-los-andes-tecla-7\/#primaryimage\",\"url\":\"https:\/\/dev.antudigital.cl\/sites\/vc\/wp-content\/uploads\/2024\/02\/Captura-de-Pantalla-2024-02-04-a-las-00.27.37.png\",\"contentUrl\":\"https:\/\/dev.antudigital.cl\/sites\/vc\/wp-content\/uploads\/2024\/02\/Captura-de-Pantalla-2024-02-04-a-las-00.27.37.png\",\"width\":1181,\"height\":256},{\"@type\":\"BreadcrumbList\",\"@id\":\"https:\/\/dev.antudigital.cl\/sites\/vc\/convocatoria-caja-los-andes-tecla-7\/#breadcrumb\",\"itemListElement\":[{\"@type\":\"ListItem\",\"position\":1,\"name\":\"Home\",\"item\":\"https:\/\/dev.antudigital.cl\/sites\/vc\/\"},{\"@type\":\"ListItem\",\"position\":2,\"name\":\"Convocatoria Caja los Andes: Tecla 7\"}]},{\"@type\":\"WebSite\",\"@id\":\"https:\/\/dev.antudigital.cl\/sites\/vc\/#website\",\"url\":\"https:\/\/dev.antudigital.cl\/sites\/vc\/\",\"name\":\"Valpara\u00ed\u00adso Creativo\",\"description\":\"\",\"potentialAction\":[{\"@type\":\"SearchAction\",\"target\":{\"@type\":\"EntryPoint\",\"urlTemplate\":\"https:\/\/dev.antudigital.cl\/sites\/vc\/?s={search_term_string}\"},\"query-input\":{\"@type\":\"PropertyValueSpecification\",\"valueRequired\":true,\"valueName\":\"search_term_string\"}}],\"inLanguage\":\"es\"},{\"@type\":\"Person\",\"@id\":\"https:\/\/dev.antudigital.cl\/sites\/vc\/#\/schema\/person\/c2b9da8dd545e27166fc5ab232837318\",\"name\":\"Valpara\u00edso Creativo\",\"description\":\"Periodista de cultura en la Regi\u00f3n de Valpara\u00edso.\",\"url\":\"https:\/\/dev.antudigital.cl\/sites\/vc\/author\/valpoadmin\/\"}]}<\/script>\n<!-- \/ Yoast SEO plugin. -->","yoast_head_json":{"title":"Convocatoria Caja los Andes: Tecla 7 - Valpara\u00ed\u00adso Creativo","robots":{"index":"index","follow":"follow","max-snippet":"max-snippet:-1","max-image-preview":"max-image-preview:large","max-video-preview":"max-video-preview:-1"},"canonical":"https:\/\/dev.antudigital.cl\/sites\/vc\/convocatoria-caja-los-andes-tecla-7\/","og_locale":"es_ES","og_type":"article","og_title":"Convocatoria Caja los Andes: Tecla 7 - Valpara\u00ed\u00adso Creativo","og_description":"En una nueva versi\u00f3n del Fondo Talento Emprendedor de Caja Los Andes (TECLA), se invita a\u00a0startups y scaleups\u00a0a postularsus soluciones enfocadas en el bienestar de las personas. Hoy TECLA es m\u00e1s que un apoyo econ\u00f3mico es un Fondo de Innovaci\u00f3n Social con profundo prop\u00f3sito donde se premia aemprendimientos que trabajan por impactar la vida de [&hellip;]","og_url":"https:\/\/dev.antudigital.cl\/sites\/vc\/convocatoria-caja-los-andes-tecla-7\/","og_site_name":"Valpara\u00ed\u00adso Creativo","article_published_time":"2024-02-04T03:30:33+00:00","article_modified_time":"2024-02-04T03:30:53+00:00","og_image":[{"width":1181,"height":256,"url":"https:\/\/dev.antudigital.cl\/sites\/vc\/wp-content\/uploads\/2024\/02\/Captura-de-Pantalla-2024-02-04-a-las-00.27.37.png","type":"image\/png"}],"author":"Valpara\u00edso Creativo","twitter_card":"summary_large_image","twitter_misc":{"Escrito por":"Valpara\u00edso Creativo","Tiempo de lectura":"1 minuto"},"schema":{"@context":"https:\/\/schema.org","@graph":[{"@type":"Article","@id":"https:\/\/dev.antudigital.cl\/sites\/vc\/convocatoria-caja-los-andes-tecla-7\/#article","isPartOf":{"@id":"https:\/\/dev.antudigital.cl\/sites\/vc\/convocatoria-caja-los-andes-tecla-7\/"},"author":{"name":"Valpara\u00edso Creativo","@id":"https:\/\/dev.antudigital.cl\/sites\/vc\/#\/schema\/person\/c2b9da8dd545e27166fc5ab232837318"},"headline":"Convocatoria Caja los Andes: Tecla 7","datePublished":"2024-02-04T03:30:33+00:00","dateModified":"2024-02-04T03:30:53+00:00","mainEntityOfPage":{"@id":"https:\/\/dev.antudigital.cl\/sites\/vc\/convocatoria-caja-los-andes-tecla-7\/"},"wordCount":156,"image":{"@id":"https:\/\/dev.antudigital.cl\/sites\/vc\/convocatoria-caja-los-andes-tecla-7\/#primaryimage"},"thumbnailUrl":"https:\/\/dev.antudigital.cl\/sites\/vc\/wp-content\/uploads\/2024\/02\/Captura-de-Pantalla-2024-02-04-a-las-00.27.37.png","articleSection":["Uncategorized"],"inLanguage":"es"},{"@type":"WebPage","@id":"https:\/\/dev.antudigital.cl\/sites\/vc\/convocatoria-caja-los-andes-tecla-7\/","url":"https:\/\/dev.antudigital.cl\/sites\/vc\/convocatoria-caja-los-andes-tecla-7\/","name":"Convocatoria Caja los Andes: Tecla 7 - Valpara\u00ed\u00adso Creativo","isPartOf":{"@id":"https:\/\/dev.antudigital.cl\/sites\/vc\/#website"},"primaryImageOfPage":{"@id":"https:\/\/dev.antudigital.cl\/sites\/vc\/convocatoria-caja-los-andes-tecla-7\/#primaryimage"},"image":{"@id":"https:\/\/dev.antudigital.cl\/sites\/vc\/convocatoria-caja-los-andes-tecla-7\/#primaryimage"},"thumbnailUrl":"https:\/\/dev.antudigital.cl\/sites\/vc\/wp-content\/uploads\/2024\/02\/Captura-de-Pantalla-2024-02-04-a-las-00.27.37.png","datePublished":"2024-02-04T03:30:33+00:00","dateModified":"2024-02-04T03:30:53+00:00","author":{"@id":"https:\/\/dev.antudigital.cl\/sites\/vc\/#\/schema\/person\/c2b9da8dd545e27166fc5ab232837318"},"breadcrumb":{"@id":"https:\/\/dev.antudigital.cl\/sites\/vc\/convocatoria-caja-los-andes-tecla-7\/#breadcrumb"},"inLanguage":"es","potentialAction":[{"@type":"ReadAction","target":["https:\/\/dev.antudigital.cl\/sites\/vc\/convocatoria-caja-los-andes-tecla-7\/"]}]},{"@type":"ImageObject","inLanguage":"es","@id":"https:\/\/dev.antudigital.cl\/sites\/vc\/convocatoria-caja-los-andes-tecla-7\/#primaryimage","url":"https:\/\/dev.antudigital.cl\/sites\/vc\/wp-content\/uploads\/2024\/02\/Captura-de-Pantalla-2024-02-04-a-las-00.27.37.png","contentUrl":"https:\/\/dev.antudigital.cl\/sites\/vc\/wp-content\/uploads\/2024\/02\/Captura-de-Pantalla-2024-02-04-a-las-00.27.37.png","width":1181,"height":256},{"@type":"BreadcrumbList","@id":"https:\/\/dev.antudigital.cl\/sites\/vc\/convocatoria-caja-los-andes-tecla-7\/#breadcrumb","itemListElement":[{"@type":"ListItem","position":1,"name":"Home","item":"https:\/\/dev.antudigital.cl\/sites\/vc\/"},{"@type":"ListItem","position":2,"name":"Convocatoria Caja los Andes: Tecla 7"}]},{"@type":"WebSite","@id":"https:\/\/dev.antudigital.cl\/sites\/vc\/#website","url":"https:\/\/dev.antudigital.cl\/sites\/vc\/","name":"Valpara\u00ed\u00adso Creativo","description":"","potentialAction":[{"@type":"SearchAction","target":{"@type":"EntryPoint","urlTemplate":"https:\/\/dev.antudigital.cl\/sites\/vc\/?s={search_term_string}"},"query-input":{"@type":"PropertyValueSpecification","valueRequired":true,"valueName":"search_term_string"}}],"inLanguage":"es"},{"@type":"Person","@id":"https:\/\/dev.antudigital.cl\/sites\/vc\/#\/schema\/person\/c2b9da8dd545e27166fc5ab232837318","name":"Valpara\u00edso Creativo","description":"Periodista de cultura en la Regi\u00f3n de Valpara\u00edso.","url":"https:\/\/dev.antudigital.cl\/sites\/vc\/author\/valpoadmin\/"}]}},"_links":{"self":[{"href":"https:\/\/dev.antudigital.cl\/sites\/vc\/wp-json\/wp\/v2\/posts\/18318","targetHints":{"allow":["GET"]}}],"collection":[{"href":"https:\/\/dev.antudigital.cl\/sites\/vc\/wp-json\/wp\/v2\/posts"}],"about":[{"href":"https:\/\/dev.antudigital.cl\/sites\/vc\/wp-json\/wp\/v2\/types\/post"}],"author":[{"embeddable":true,"href":"https:\/\/dev.antudigital.cl\/sites\/vc\/wp-json\/wp\/v2\/users\/1"}],"replies":[{"embeddable":true,"href":"https:\/\/dev.antudigital.cl\/sites\/vc\/wp-json\/wp\/v2\/comments?post=18318"}],"version-history":[{"count":1,"href":"https:\/\/dev.antudigital.cl\/sites\/vc\/wp-json\/wp\/v2\/posts\/18318\/revisions"}],"predecessor-version":[{"id":18320,"href":"https:\/\/dev.antudigital.cl\/sites\/vc\/wp-json\/wp\/v2\/posts\/18318\/revisions\/18320"}],"wp:featuredmedia":[{"embeddable":true,"href":"https:\/\/dev.antudigital.cl\/sites\/vc\/wp-json\/wp\/v2\/media\/18319"}],"wp:attachment":[{"href":"https:\/\/dev.antudigital.cl\/sites\/vc\/wp-json\/wp\/v2\/media?parent=18318"}],"wp:term":[{"taxonomy":"category","embeddable":true,"href":"https:\/\/dev.antudigital.cl\/sites\/vc\/wp-json\/wp\/v2\/categories?post=18318"},{"taxonomy":"post_tag","embeddable":true,"href":"https:\/\/dev.antudigital.cl\/sites\/vc\/wp-json\/wp\/v2\/tags?post=18318"}],"curies":[{"name":"wp","href":"https:\/\/api.w.org\/{rel}","templated":true}]}}