{"id":18353,"date":"2024-02-13T12:50:51","date_gmt":"2024-02-13T12:50:51","guid":{"rendered":"https:\/\/www.valparaisocreativo.cl\/?p=18353"},"modified":"2024-02-13T13:02:01","modified_gmt":"2024-02-13T13:02:01","slug":"programa-conversor-acercando-nuevos-conocimientos-al-arte","status":"publish","type":"post","link":"https:\/\/dev.antudigital.cl\/sites\/vc\/programa-conversor-acercando-nuevos-conocimientos-al-arte\/","title":{"rendered":"Programa Conversor: acercando nuevos conocimientos al arte"},"content":{"rendered":"\n<p>Horacio Silva Duarte es quien lidera la ONG Valpara\u00edso en Colores, que esta temporada estren\u00f3 Programa Conversor, una iniciativa en alianza con m\u00faltiples instituciones &#8211; entre esas, Valpara\u00edso Creativo &#8211; y que busca entregar herramientas pr\u00e1cticas y que se puedan poner en pr\u00e1ctica para el rubro art\u00edstico. Un proyecto realizado junto a PROAXIS Consultores.<\/p>\n\n\n\n<p>Programa Conversor es tambi\u00e9n apoyado por nuestros Comit\u00e9 Gestores, por lo que quisimos profundizar sobre qu\u00e9 se trata, c\u00f3mo acceder a \u00e9l, y qu\u00e9 conocimientos est\u00e1n propiciando en esta asociaci\u00f3n entre ONG en Colores, PROAXIS, Universidad de Valpara\u00edso, Instituto Profesional Arcos y Valpara\u00edso Creativo.<\/p>\n\n\n\n<p><strong>Cu\u00e9ntanos c\u00f3mo parte todo, \u00bfqu\u00e9 es lo que t\u00fa identificas como necesidad que hace que nazca Conversor?<\/strong><\/p>\n\n\n\n<p>&#8211; Nosotros en Valpara\u00edso en Colores, como asociaci\u00f3n art\u00edstica social, a trav\u00e9s de los a\u00f1os, hemos identificado como tema de conversaci\u00f3n que en los centros de estudio, en las universidades, no se les ense\u00f1a los temas que finalmente les permitir\u00e1n vivir en el mundo \u201creal\u201d (el econ\u00f3mico) a quienes trabajan con el arte. Entonces, creemos desde nuestra perspectiva como ONG, que existe un problema en el sistema educativo, que por d\u00e9cadas no ha ense\u00f1ado a los y las artistas los c\u00f3digos, los conocimientos espec\u00edficos &#8211; t\u00e9cnicos, para que despu\u00e9s ellos y ellas puedan manejarse con las l\u00f3gicas que vive el resto econ\u00f3micamente hablando. Esto apunta a entregar transferencia de conocimiento, para el desarrollo de las pymes y de los emprendimientos creativos, para que los artistas entiendan las l\u00f3gicas de las transferencias comerciales. Por ah\u00ed va el diagn\u00f3stico y la propuesta de Programa Conversor.<\/p>\n\n\n\n<p><strong>\u00bfCu\u00e1les son los cursos que est\u00e1n ofreciendo? Cu\u00e9ntanos acerca de los diversos m\u00f3dulos y pasos del Programa<\/strong><\/p>\n\n\n\n<p>&#8211; Son varios m\u00f3dulos. El programa se divide en una etapa online y otra presencial. Lo primero funciona en la plataforma digital de la Universidad de Valpara\u00edso, que estar\u00e1 funcionando durante todo el a\u00f1o. Los y las artistas <a href=\"https:\/\/www.instagram.com\/programaconversor\/\">pueden ingresar a este link e inscribirse<\/a>, creando su cuenta, y pueden tomar este programa en l\u00ednea que es s\u00faper amigable, pues entendemos que las y los artistas tienen una base, una l\u00f3gica que compartimos y respetamos, por lo mismo, nuestros expertos sumados a los expertos de la Universidad de Valpara\u00edso, establecimos que hab\u00eda que adaptarnos a los y las artistas. A su lenguaje.&nbsp;<\/p>\n\n\n\n<p>Si vamos a incorporar conceptos de negocios, se debe hacer con cierta sensibilidad y conceptos, por lo que el programa en l\u00ednea qued\u00f3 muy bien armado en ese sentido. Es ilustrativo, con im\u00e1genes, busca invitar a que todos y todas puedan participar de estos m\u00f3dulos para que pasen a la versi\u00f3n presencial que tiene: m\u00e1rketing digital, leyes laborales para artistas, marketing personal, derecho de autor, entre otros temas que nutren estas clases.&nbsp;<\/p>\n\n\n\n<p>Hay un m\u00f3dulo de modelo de negocios por ejemplo, otro de internacionalizaci\u00f3n que lo hace ProChile, el m\u00f3dulo de formalizaci\u00f3n (que se enfoca en la creaci\u00f3n de una peque\u00f1a empresa), que es un tema s\u00faper presente para los artistas.\u00a0<\/p>\n\n\n\n<figure class=\"wp-block-image size-large\"><img fetchpriority=\"high\" decoding=\"async\" width=\"854\" height=\"1024\" src=\"https:\/\/www.valparaisocreativo.cl\/wp-content\/uploads\/2024\/02\/CN-infografia-2-854x1024.png\" alt=\"\" class=\"wp-image-18357\" srcset=\"https:\/\/dev.antudigital.cl\/sites\/vc\/wp-content\/uploads\/2024\/02\/CN-infografia-2-854x1024.png 854w, https:\/\/dev.antudigital.cl\/sites\/vc\/wp-content\/uploads\/2024\/02\/CN-infografia-2-250x300.png 250w, https:\/\/dev.antudigital.cl\/sites\/vc\/wp-content\/uploads\/2024\/02\/CN-infografia-2-768x921.png 768w, https:\/\/dev.antudigital.cl\/sites\/vc\/wp-content\/uploads\/2024\/02\/CN-infografia-2-1280x1535.png 1280w, https:\/\/dev.antudigital.cl\/sites\/vc\/wp-content\/uploads\/2024\/02\/CN-infografia-2-1080x1296.png 1080w, https:\/\/dev.antudigital.cl\/sites\/vc\/wp-content\/uploads\/2024\/02\/CN-infografia-2-980x1176.png 980w, https:\/\/dev.antudigital.cl\/sites\/vc\/wp-content\/uploads\/2024\/02\/CN-infografia-2-480x576.png 480w, https:\/\/dev.antudigital.cl\/sites\/vc\/wp-content\/uploads\/2024\/02\/CN-infografia-2-20x24.png 20w, https:\/\/dev.antudigital.cl\/sites\/vc\/wp-content\/uploads\/2024\/02\/CN-infografia-2-30x36.png 30w, https:\/\/dev.antudigital.cl\/sites\/vc\/wp-content\/uploads\/2024\/02\/CN-infografia-2-40x48.png 40w, https:\/\/dev.antudigital.cl\/sites\/vc\/wp-content\/uploads\/2024\/02\/CN-infografia-2.png 1418w\" sizes=\"(max-width: 854px) 100vw, 854px\" \/><\/figure>\n\n\n\n<p><strong>Este programa entiendo que ya lo probaron en su versi\u00f3n en l\u00ednea con un piloto<\/strong><\/p>\n\n\n\n<p>&#8211; Correcto. Nosotros hicimos la versi\u00f3n piloto, funcion\u00f3, y el profesor lo hizo muy entretenido. Hubo muy buenos comentarios. Yo lo tom\u00e9 como usuario y estaba encantado, realmente logr\u00f3 bajar el tema al lenguaje de quienes trabajamos con el arte. Y la etapa presencial ahora viene con Instituto Arcos en marzo, quienes brindan parte del equipo docente a estos m\u00f3dulos presenciales.<\/p>\n\n\n\n<p>Para el piloto presencial desarrollamos 5 m\u00f3dulos en el local Amano de Vi\u00f1a del Mar en 2022: Financiamientos privados, Audiovisual, Branding, Modelo de negocios, Marketing personal y Creaci\u00f3n de una micro empresa EIRL u ONG, que era lo que mencionaba anteriormente.<\/p>\n\n\n\n<p><strong>&nbsp;\u00bfPor qu\u00e9 se llama Conversor?<\/strong><\/p>\n\n\n\n<p>&#8211; Se llama Conversor porque convertimos los conocimientos duros de la academia en lenguaje entendible por los artistas, coloquial, relajado. Eso usamos, para acercar los conocimientos. Y ya funcion\u00f3 el piloto, as\u00ed que estamos entusiasmados con la respuesta y resultados.<\/p>\n\n\n\n<p><strong>\u00bfQu\u00e9 se necesita para tomarlo?<\/strong><\/p>\n\n\n\n<p>&#8211; El \u00fanico requisito que pedimos es que para tomar todos los cursos presenciales, la idea es que se tomen los cursos online, todo es gratuito.<\/p>\n\n\n\n<p><strong>\u00bfCu\u00e1nto dura todo el Programa?<\/strong><\/p>\n\n\n\n<p>&#8211; El curso online dura 20 horas. Los 7 m\u00f3dulos presenciales comienzan el 6 de abril y terminan el 1 de junio de 2024 en las dependencias del Instituto Profesional Arcos, sede Valpara\u00edso. Es corto, para que los y las participantes puedan entender de qu\u00e9 se trata y tener herramientas concretas en el corto plazo.<\/p>\n\n\n\n<p><strong>Cu\u00e9ntanos unos \u00faltimos detalles sobre qu\u00e9 se encuentra en el Programa<\/strong><\/p>\n\n\n\n<p>&#8211; El equipo de profesores viene por parte de la ONG, que es un staff de los creadores del Programa, y para lo presencial hay un equipo de dos personas que son del Instituto Profesional Arcos, que agregan los conocimientos legales y de marketing digital, que no manejamos bien; por \u00faltimo ProChile, expertos en la internacionalizaci\u00f3n.<\/p>\n","protected":false},"excerpt":{"rendered":"<p>Horacio Silva Duarte es quien lidera la ONG Valpara\u00edso en Colores, que esta temporada estren\u00f3 Programa Conversor, una iniciativa en alianza con m\u00faltiples instituciones &#8211; entre esas, Valpara\u00edso Creativo &#8211; y que busca entregar herramientas pr\u00e1cticas y que se puedan poner en pr\u00e1ctica para el rubro art\u00edstico. Un proyecto realizado junto a PROAXIS Consultores. Programa [&hellip;]<\/p>\n","protected":false},"author":1,"featured_media":18354,"comment_status":"closed","ping_status":"closed","sticky":false,"template":"","format":"standard","meta":{"_acf_changed":false,"footnotes":""},"categories":[218],"tags":[],"class_list":["post-18353","post","type-post","status-publish","format-standard","has-post-thumbnail","hentry","category-blog"],"acf":[],"yoast_head":"<!-- This site is optimized with the Yoast SEO plugin v27.1.1 - https:\/\/yoast.com\/product\/yoast-seo-wordpress\/ -->\n<title>Programa Conversor: acercando nuevos conocimientos al arte - Valpara\u00ed\u00adso Creativo<\/title>\n<meta name=\"robots\" content=\"index, follow, max-snippet:-1, max-image-preview:large, max-video-preview:-1\" \/>\n<link rel=\"canonical\" href=\"https:\/\/dev.antudigital.cl\/sites\/vc\/programa-conversor-acercando-nuevos-conocimientos-al-arte\/\" \/>\n<meta property=\"og:locale\" content=\"es_ES\" \/>\n<meta property=\"og:type\" content=\"article\" \/>\n<meta property=\"og:title\" content=\"Programa Conversor: acercando nuevos conocimientos al arte - Valpara\u00ed\u00adso Creativo\" \/>\n<meta property=\"og:description\" content=\"Horacio Silva Duarte es quien lidera la ONG Valpara\u00edso en Colores, que esta temporada estren\u00f3 Programa Conversor, una iniciativa en alianza con m\u00faltiples instituciones &#8211; entre esas, Valpara\u00edso Creativo &#8211; y que busca entregar herramientas pr\u00e1cticas y que se puedan poner en pr\u00e1ctica para el rubro art\u00edstico. Un proyecto realizado junto a PROAXIS Consultores. Programa [&hellip;]\" \/>\n<meta property=\"og:url\" content=\"https:\/\/dev.antudigital.cl\/sites\/vc\/programa-conversor-acercando-nuevos-conocimientos-al-arte\/\" \/>\n<meta property=\"og:site_name\" content=\"Valpara\u00ed\u00adso Creativo\" \/>\n<meta property=\"article:published_time\" content=\"2024-02-13T12:50:51+00:00\" \/>\n<meta property=\"article:modified_time\" content=\"2024-02-13T13:02:01+00:00\" \/>\n<meta property=\"og:image\" content=\"https:\/\/dev.antudigital.cl\/sites\/vc\/wp-content\/uploads\/2024\/02\/FOTO-HORACIO-SILVA-DUARTE-scaled.jpg\" \/>\n\t<meta property=\"og:image:width\" content=\"2560\" \/>\n\t<meta property=\"og:image:height\" content=\"1153\" \/>\n\t<meta property=\"og:image:type\" content=\"image\/jpeg\" \/>\n<meta name=\"author\" content=\"Valpara\u00edso Creativo\" \/>\n<meta name=\"twitter:card\" content=\"summary_large_image\" \/>\n<meta name=\"twitter:label1\" content=\"Escrito por\" \/>\n\t<meta name=\"twitter:data1\" content=\"Valpara\u00edso Creativo\" \/>\n\t<meta name=\"twitter:label2\" content=\"Tiempo de lectura\" \/>\n\t<meta name=\"twitter:data2\" content=\"5 minutos\" \/>\n<script type=\"application\/ld+json\" class=\"yoast-schema-graph\">{\"@context\":\"https:\/\/schema.org\",\"@graph\":[{\"@type\":\"Article\",\"@id\":\"https:\/\/dev.antudigital.cl\/sites\/vc\/programa-conversor-acercando-nuevos-conocimientos-al-arte\/#article\",\"isPartOf\":{\"@id\":\"https:\/\/dev.antudigital.cl\/sites\/vc\/programa-conversor-acercando-nuevos-conocimientos-al-arte\/\"},\"author\":{\"name\":\"Valpara\u00edso Creativo\",\"@id\":\"https:\/\/dev.antudigital.cl\/sites\/vc\/#\/schema\/person\/c2b9da8dd545e27166fc5ab232837318\"},\"headline\":\"Programa Conversor: acercando nuevos conocimientos al arte\",\"datePublished\":\"2024-02-13T12:50:51+00:00\",\"dateModified\":\"2024-02-13T13:02:01+00:00\",\"mainEntityOfPage\":{\"@id\":\"https:\/\/dev.antudigital.cl\/sites\/vc\/programa-conversor-acercando-nuevos-conocimientos-al-arte\/\"},\"wordCount\":880,\"image\":{\"@id\":\"https:\/\/dev.antudigital.cl\/sites\/vc\/programa-conversor-acercando-nuevos-conocimientos-al-arte\/#primaryimage\"},\"thumbnailUrl\":\"https:\/\/dev.antudigital.cl\/sites\/vc\/wp-content\/uploads\/2024\/02\/FOTO-HORACIO-SILVA-DUARTE-scaled.jpg\",\"articleSection\":[\"Blog\"],\"inLanguage\":\"es\"},{\"@type\":\"WebPage\",\"@id\":\"https:\/\/dev.antudigital.cl\/sites\/vc\/programa-conversor-acercando-nuevos-conocimientos-al-arte\/\",\"url\":\"https:\/\/dev.antudigital.cl\/sites\/vc\/programa-conversor-acercando-nuevos-conocimientos-al-arte\/\",\"name\":\"Programa Conversor: acercando nuevos conocimientos al arte - Valpara\u00ed\u00adso Creativo\",\"isPartOf\":{\"@id\":\"https:\/\/dev.antudigital.cl\/sites\/vc\/#website\"},\"primaryImageOfPage\":{\"@id\":\"https:\/\/dev.antudigital.cl\/sites\/vc\/programa-conversor-acercando-nuevos-conocimientos-al-arte\/#primaryimage\"},\"image\":{\"@id\":\"https:\/\/dev.antudigital.cl\/sites\/vc\/programa-conversor-acercando-nuevos-conocimientos-al-arte\/#primaryimage\"},\"thumbnailUrl\":\"https:\/\/dev.antudigital.cl\/sites\/vc\/wp-content\/uploads\/2024\/02\/FOTO-HORACIO-SILVA-DUARTE-scaled.jpg\",\"datePublished\":\"2024-02-13T12:50:51+00:00\",\"dateModified\":\"2024-02-13T13:02:01+00:00\",\"author\":{\"@id\":\"https:\/\/dev.antudigital.cl\/sites\/vc\/#\/schema\/person\/c2b9da8dd545e27166fc5ab232837318\"},\"breadcrumb\":{\"@id\":\"https:\/\/dev.antudigital.cl\/sites\/vc\/programa-conversor-acercando-nuevos-conocimientos-al-arte\/#breadcrumb\"},\"inLanguage\":\"es\",\"potentialAction\":[{\"@type\":\"ReadAction\",\"target\":[\"https:\/\/dev.antudigital.cl\/sites\/vc\/programa-conversor-acercando-nuevos-conocimientos-al-arte\/\"]}]},{\"@type\":\"ImageObject\",\"inLanguage\":\"es\",\"@id\":\"https:\/\/dev.antudigital.cl\/sites\/vc\/programa-conversor-acercando-nuevos-conocimientos-al-arte\/#primaryimage\",\"url\":\"https:\/\/dev.antudigital.cl\/sites\/vc\/wp-content\/uploads\/2024\/02\/FOTO-HORACIO-SILVA-DUARTE-scaled.jpg\",\"contentUrl\":\"https:\/\/dev.antudigital.cl\/sites\/vc\/wp-content\/uploads\/2024\/02\/FOTO-HORACIO-SILVA-DUARTE-scaled.jpg\",\"width\":2560,\"height\":1153},{\"@type\":\"BreadcrumbList\",\"@id\":\"https:\/\/dev.antudigital.cl\/sites\/vc\/programa-conversor-acercando-nuevos-conocimientos-al-arte\/#breadcrumb\",\"itemListElement\":[{\"@type\":\"ListItem\",\"position\":1,\"name\":\"Home\",\"item\":\"https:\/\/dev.antudigital.cl\/sites\/vc\/\"},{\"@type\":\"ListItem\",\"position\":2,\"name\":\"Programa Conversor: acercando nuevos conocimientos al arte\"}]},{\"@type\":\"WebSite\",\"@id\":\"https:\/\/dev.antudigital.cl\/sites\/vc\/#website\",\"url\":\"https:\/\/dev.antudigital.cl\/sites\/vc\/\",\"name\":\"Valpara\u00ed\u00adso Creativo\",\"description\":\"\",\"potentialAction\":[{\"@type\":\"SearchAction\",\"target\":{\"@type\":\"EntryPoint\",\"urlTemplate\":\"https:\/\/dev.antudigital.cl\/sites\/vc\/?s={search_term_string}\"},\"query-input\":{\"@type\":\"PropertyValueSpecification\",\"valueRequired\":true,\"valueName\":\"search_term_string\"}}],\"inLanguage\":\"es\"},{\"@type\":\"Person\",\"@id\":\"https:\/\/dev.antudigital.cl\/sites\/vc\/#\/schema\/person\/c2b9da8dd545e27166fc5ab232837318\",\"name\":\"Valpara\u00edso Creativo\",\"description\":\"Periodista de cultura en la Regi\u00f3n de Valpara\u00edso.\",\"url\":\"https:\/\/dev.antudigital.cl\/sites\/vc\/author\/valpoadmin\/\"}]}<\/script>\n<!-- \/ Yoast SEO plugin. -->","yoast_head_json":{"title":"Programa Conversor: acercando nuevos conocimientos al arte - Valpara\u00ed\u00adso Creativo","robots":{"index":"index","follow":"follow","max-snippet":"max-snippet:-1","max-image-preview":"max-image-preview:large","max-video-preview":"max-video-preview:-1"},"canonical":"https:\/\/dev.antudigital.cl\/sites\/vc\/programa-conversor-acercando-nuevos-conocimientos-al-arte\/","og_locale":"es_ES","og_type":"article","og_title":"Programa Conversor: acercando nuevos conocimientos al arte - Valpara\u00ed\u00adso Creativo","og_description":"Horacio Silva Duarte es quien lidera la ONG Valpara\u00edso en Colores, que esta temporada estren\u00f3 Programa Conversor, una iniciativa en alianza con m\u00faltiples instituciones &#8211; entre esas, Valpara\u00edso Creativo &#8211; y que busca entregar herramientas pr\u00e1cticas y que se puedan poner en pr\u00e1ctica para el rubro art\u00edstico. Un proyecto realizado junto a PROAXIS Consultores. Programa [&hellip;]","og_url":"https:\/\/dev.antudigital.cl\/sites\/vc\/programa-conversor-acercando-nuevos-conocimientos-al-arte\/","og_site_name":"Valpara\u00ed\u00adso Creativo","article_published_time":"2024-02-13T12:50:51+00:00","article_modified_time":"2024-02-13T13:02:01+00:00","og_image":[{"width":2560,"height":1153,"url":"https:\/\/dev.antudigital.cl\/sites\/vc\/wp-content\/uploads\/2024\/02\/FOTO-HORACIO-SILVA-DUARTE-scaled.jpg","type":"image\/jpeg"}],"author":"Valpara\u00edso Creativo","twitter_card":"summary_large_image","twitter_misc":{"Escrito por":"Valpara\u00edso Creativo","Tiempo de lectura":"5 minutos"},"schema":{"@context":"https:\/\/schema.org","@graph":[{"@type":"Article","@id":"https:\/\/dev.antudigital.cl\/sites\/vc\/programa-conversor-acercando-nuevos-conocimientos-al-arte\/#article","isPartOf":{"@id":"https:\/\/dev.antudigital.cl\/sites\/vc\/programa-conversor-acercando-nuevos-conocimientos-al-arte\/"},"author":{"name":"Valpara\u00edso Creativo","@id":"https:\/\/dev.antudigital.cl\/sites\/vc\/#\/schema\/person\/c2b9da8dd545e27166fc5ab232837318"},"headline":"Programa Conversor: acercando nuevos conocimientos al arte","datePublished":"2024-02-13T12:50:51+00:00","dateModified":"2024-02-13T13:02:01+00:00","mainEntityOfPage":{"@id":"https:\/\/dev.antudigital.cl\/sites\/vc\/programa-conversor-acercando-nuevos-conocimientos-al-arte\/"},"wordCount":880,"image":{"@id":"https:\/\/dev.antudigital.cl\/sites\/vc\/programa-conversor-acercando-nuevos-conocimientos-al-arte\/#primaryimage"},"thumbnailUrl":"https:\/\/dev.antudigital.cl\/sites\/vc\/wp-content\/uploads\/2024\/02\/FOTO-HORACIO-SILVA-DUARTE-scaled.jpg","articleSection":["Blog"],"inLanguage":"es"},{"@type":"WebPage","@id":"https:\/\/dev.antudigital.cl\/sites\/vc\/programa-conversor-acercando-nuevos-conocimientos-al-arte\/","url":"https:\/\/dev.antudigital.cl\/sites\/vc\/programa-conversor-acercando-nuevos-conocimientos-al-arte\/","name":"Programa Conversor: acercando nuevos conocimientos al arte - Valpara\u00ed\u00adso Creativo","isPartOf":{"@id":"https:\/\/dev.antudigital.cl\/sites\/vc\/#website"},"primaryImageOfPage":{"@id":"https:\/\/dev.antudigital.cl\/sites\/vc\/programa-conversor-acercando-nuevos-conocimientos-al-arte\/#primaryimage"},"image":{"@id":"https:\/\/dev.antudigital.cl\/sites\/vc\/programa-conversor-acercando-nuevos-conocimientos-al-arte\/#primaryimage"},"thumbnailUrl":"https:\/\/dev.antudigital.cl\/sites\/vc\/wp-content\/uploads\/2024\/02\/FOTO-HORACIO-SILVA-DUARTE-scaled.jpg","datePublished":"2024-02-13T12:50:51+00:00","dateModified":"2024-02-13T13:02:01+00:00","author":{"@id":"https:\/\/dev.antudigital.cl\/sites\/vc\/#\/schema\/person\/c2b9da8dd545e27166fc5ab232837318"},"breadcrumb":{"@id":"https:\/\/dev.antudigital.cl\/sites\/vc\/programa-conversor-acercando-nuevos-conocimientos-al-arte\/#breadcrumb"},"inLanguage":"es","potentialAction":[{"@type":"ReadAction","target":["https:\/\/dev.antudigital.cl\/sites\/vc\/programa-conversor-acercando-nuevos-conocimientos-al-arte\/"]}]},{"@type":"ImageObject","inLanguage":"es","@id":"https:\/\/dev.antudigital.cl\/sites\/vc\/programa-conversor-acercando-nuevos-conocimientos-al-arte\/#primaryimage","url":"https:\/\/dev.antudigital.cl\/sites\/vc\/wp-content\/uploads\/2024\/02\/FOTO-HORACIO-SILVA-DUARTE-scaled.jpg","contentUrl":"https:\/\/dev.antudigital.cl\/sites\/vc\/wp-content\/uploads\/2024\/02\/FOTO-HORACIO-SILVA-DUARTE-scaled.jpg","width":2560,"height":1153},{"@type":"BreadcrumbList","@id":"https:\/\/dev.antudigital.cl\/sites\/vc\/programa-conversor-acercando-nuevos-conocimientos-al-arte\/#breadcrumb","itemListElement":[{"@type":"ListItem","position":1,"name":"Home","item":"https:\/\/dev.antudigital.cl\/sites\/vc\/"},{"@type":"ListItem","position":2,"name":"Programa Conversor: acercando nuevos conocimientos al arte"}]},{"@type":"WebSite","@id":"https:\/\/dev.antudigital.cl\/sites\/vc\/#website","url":"https:\/\/dev.antudigital.cl\/sites\/vc\/","name":"Valpara\u00ed\u00adso Creativo","description":"","potentialAction":[{"@type":"SearchAction","target":{"@type":"EntryPoint","urlTemplate":"https:\/\/dev.antudigital.cl\/sites\/vc\/?s={search_term_string}"},"query-input":{"@type":"PropertyValueSpecification","valueRequired":true,"valueName":"search_term_string"}}],"inLanguage":"es"},{"@type":"Person","@id":"https:\/\/dev.antudigital.cl\/sites\/vc\/#\/schema\/person\/c2b9da8dd545e27166fc5ab232837318","name":"Valpara\u00edso Creativo","description":"Periodista de cultura en la Regi\u00f3n de Valpara\u00edso.","url":"https:\/\/dev.antudigital.cl\/sites\/vc\/author\/valpoadmin\/"}]}},"_links":{"self":[{"href":"https:\/\/dev.antudigital.cl\/sites\/vc\/wp-json\/wp\/v2\/posts\/18353","targetHints":{"allow":["GET"]}}],"collection":[{"href":"https:\/\/dev.antudigital.cl\/sites\/vc\/wp-json\/wp\/v2\/posts"}],"about":[{"href":"https:\/\/dev.antudigital.cl\/sites\/vc\/wp-json\/wp\/v2\/types\/post"}],"author":[{"embeddable":true,"href":"https:\/\/dev.antudigital.cl\/sites\/vc\/wp-json\/wp\/v2\/users\/1"}],"replies":[{"embeddable":true,"href":"https:\/\/dev.antudigital.cl\/sites\/vc\/wp-json\/wp\/v2\/comments?post=18353"}],"version-history":[{"count":4,"href":"https:\/\/dev.antudigital.cl\/sites\/vc\/wp-json\/wp\/v2\/posts\/18353\/revisions"}],"predecessor-version":[{"id":18359,"href":"https:\/\/dev.antudigital.cl\/sites\/vc\/wp-json\/wp\/v2\/posts\/18353\/revisions\/18359"}],"wp:featuredmedia":[{"embeddable":true,"href":"https:\/\/dev.antudigital.cl\/sites\/vc\/wp-json\/wp\/v2\/media\/18354"}],"wp:attachment":[{"href":"https:\/\/dev.antudigital.cl\/sites\/vc\/wp-json\/wp\/v2\/media?parent=18353"}],"wp:term":[{"taxonomy":"category","embeddable":true,"href":"https:\/\/dev.antudigital.cl\/sites\/vc\/wp-json\/wp\/v2\/categories?post=18353"},{"taxonomy":"post_tag","embeddable":true,"href":"https:\/\/dev.antudigital.cl\/sites\/vc\/wp-json\/wp\/v2\/tags?post=18353"}],"curies":[{"name":"wp","href":"https:\/\/api.w.org\/{rel}","templated":true}]}}