{"id":18402,"date":"2024-02-20T00:39:04","date_gmt":"2024-02-20T00:39:04","guid":{"rendered":"https:\/\/www.valparaisocreativo.cl\/?p=18402"},"modified":"2024-02-20T00:39:11","modified_gmt":"2024-02-20T00:39:11","slug":"artesania-con-sentido-desde-el-tabo","status":"publish","type":"post","link":"https:\/\/dev.antudigital.cl\/sites\/vc\/artesania-con-sentido-desde-el-tabo\/","title":{"rendered":"Artesan\u00eda con sentido desde El Tabo"},"content":{"rendered":"\n<p>Ximena Beltr\u00e1n es creadora de <a href=\"https:\/\/web.facebook.com\/xibeltran\">Bellart, cueros del sur del mundo<\/a>, quien estuvo presente recientemente en el Festival Vinos de Proa que se realiz\u00f3 el fin de semana pasado en Santo Domingo, e itinera en diversas ferias de vino del litoral central. A prop\u00f3sito de su participaci\u00f3n, quisimos conocer su trabajo de marroquiner\u00eda y cuero repujado, t\u00e9cnicas que destacan en su artesan\u00eda, que v\u00edncula a la vez con la identidad de pueblos originarios locales.&nbsp;<\/p>\n\n\n\n<p>\u00bfQu\u00e9 mueve su trabajo? \u00bfCu\u00e1l es su historia? Te invitamos a conocer:<\/p>\n\n\n\n<figure class=\"wp-block-image size-full\"><img fetchpriority=\"high\" decoding=\"async\" width=\"718\" height=\"393\" src=\"https:\/\/www.valparaisocreativo.cl\/wp-content\/uploads\/2024\/02\/Ximena-Beltran.jpeg\" alt=\"\" class=\"wp-image-18403\" srcset=\"https:\/\/dev.antudigital.cl\/sites\/vc\/wp-content\/uploads\/2024\/02\/Ximena-Beltran.jpeg 718w, https:\/\/dev.antudigital.cl\/sites\/vc\/wp-content\/uploads\/2024\/02\/Ximena-Beltran-300x164.jpeg 300w, https:\/\/dev.antudigital.cl\/sites\/vc\/wp-content\/uploads\/2024\/02\/Ximena-Beltran-480x263.jpeg 480w, https:\/\/dev.antudigital.cl\/sites\/vc\/wp-content\/uploads\/2024\/02\/Ximena-Beltran-24x13.jpeg 24w, https:\/\/dev.antudigital.cl\/sites\/vc\/wp-content\/uploads\/2024\/02\/Ximena-Beltran-36x20.jpeg 36w, https:\/\/dev.antudigital.cl\/sites\/vc\/wp-content\/uploads\/2024\/02\/Ximena-Beltran-48x26.jpeg 48w\" sizes=\"(max-width: 718px) 100vw, 718px\" \/><\/figure>\n\n\n\n<p><strong>Me gustar\u00eda conocer tu historia, \u00bfc\u00f3mo te vinculaste con la artesan\u00eda y con el cuero espec\u00edficamente? Cu\u00e9ntanos un poco de ti.<\/strong><\/p>\n\n\n\n<p>&#8211; Yo vengo de Santiago. Aproximadamente en el a\u00f1o 1997-98, ingreso a un taller de cer\u00e1mica, ya que en mi familia hab\u00edan ceramistas y me acerqu\u00e9 a eso primero. En el camino de la cer\u00e1mica fue que conoc\u00ed el cuero, entr\u00e9 a un taller de marroquiner\u00eda y cuero repujado entre el 98 y 99, y a partir de ah\u00ed empiezo a hacer ese trabajo de marroquiner\u00eda: que es la creaci\u00f3n de piezas decorativas o utilitarias que tiene que ver con billeteras, cinturones y tambi\u00e9n lo que es repujado, que es dar relieve al cuero.&nbsp;<\/p>\n\n\n\n<p>En aquella \u00e9poca yo me doy cuenta de que quer\u00eda decir algo m\u00e1s con mi trabajo, y ah\u00ed empiezo a incluir iconograf\u00eda de pueblos originarios en mi trabajo, dise\u00f1os. En paralelo, me vengo a vivir a El Tabo y empiezo a investigar sobre estas culturas de la provincia de San Antonio. Entonces mi material de creaci\u00f3n va en torno a eso, por ejemplo, en los envoltorios para botellas de vino tenemos esculturas, tenemos arte rupestre, tenemos distintos dise\u00f1os que corresponden a las culturas batos, llolleos y Aconcagua. Despu\u00e9s empec\u00e9 a ahondar en ellos por ser del lugar que yo habito.&nbsp;<\/p>\n\n\n\n<p><strong>\u00bfC\u00f3mo es que llegas a vincularte con el mundo del vino?<\/strong><\/p>\n\n\n\n<p>&#8211; En ese camino que te comentaba, tambi\u00e9n me empiezo a adentrar m\u00e1s en lo que es el vino, ya que ac\u00e1 se realizan muchas ferias vinculadas a la cultura vitivin\u00edcola, empec\u00e9 a participar m\u00e1s en esas instancias con estuche de botellas de vino. Pas\u00f3 que en uno de estos eventos, yo me di cuenta de que a la gente le era dif\u00edcil comer y beber al mismo tiempo y de esa observaci\u00f3n yo hice unos portacopas que postul\u00e9 al Consejo de la Cultura de ese entonces, y ah\u00ed qued\u00e9 seleccionada para estar en un cat\u00e1logo, lo que me ha servido para abrir las puertas en distintos lugares. Es una pieza \u00fanica, utilitaria y decorativa.<\/p>\n\n\n\n<p>Despu\u00e9s de eso, empiezo a hacer una l\u00ednea paralela a lo que yo hago, de los pueblos originarios, que es lo que tiene relaci\u00f3n con el vino. Portabotellas, diferenciadores de copa, posavasos, entre otros productos. Todo lo que tiene que ver con comida y vino, siempre con la otra, manteni\u00e9ndola.&nbsp;<\/p>\n\n\n\n<p>En agosto del 2023 viaj\u00e9 a Estados Unidos a exponer, fue una experiencia maravillosa, estuvo excelente, y se me reconoci\u00f3 por eso, registrada en el Ministerio de las Culturas, las Artes y el Patrimonio. Y todos los d\u00edas as\u00ed vivo con el proceso creativo.<\/p>\n\n\n\n<figure class=\"wp-block-image size-full\"><img decoding=\"async\" width=\"623\" height=\"607\" src=\"https:\/\/www.valparaisocreativo.cl\/wp-content\/uploads\/2024\/02\/Captura-de-Pantalla-2024-02-19-a-las-20.51.12.png\" alt=\"\" class=\"wp-image-18405\" srcset=\"https:\/\/dev.antudigital.cl\/sites\/vc\/wp-content\/uploads\/2024\/02\/Captura-de-Pantalla-2024-02-19-a-las-20.51.12.png 623w, https:\/\/dev.antudigital.cl\/sites\/vc\/wp-content\/uploads\/2024\/02\/Captura-de-Pantalla-2024-02-19-a-las-20.51.12-300x292.png 300w, https:\/\/dev.antudigital.cl\/sites\/vc\/wp-content\/uploads\/2024\/02\/Captura-de-Pantalla-2024-02-19-a-las-20.51.12-480x468.png 480w, https:\/\/dev.antudigital.cl\/sites\/vc\/wp-content\/uploads\/2024\/02\/Captura-de-Pantalla-2024-02-19-a-las-20.51.12-24x24.png 24w, https:\/\/dev.antudigital.cl\/sites\/vc\/wp-content\/uploads\/2024\/02\/Captura-de-Pantalla-2024-02-19-a-las-20.51.12-36x36.png 36w, https:\/\/dev.antudigital.cl\/sites\/vc\/wp-content\/uploads\/2024\/02\/Captura-de-Pantalla-2024-02-19-a-las-20.51.12-48x48.png 48w\" sizes=\"(max-width: 623px) 100vw, 623px\" \/><\/figure>\n\n\n\n<p><strong>\u00bfC\u00f3mo te vinculas t\u00fa con la creaci\u00f3n? Que llevas varios a\u00f1os en el oficio, a veces uno se estanca, otro fluye\u2026<\/strong><\/p>\n\n\n\n<p>&#8211; Para m\u00ed es ensayo y error. Bueno conozco un par de personas que les pasa igual, que te acuestas a dormir y la cabeza empieza a funcionar, por lo que por lo general duermo con un l\u00e1piz y cuaderno al lado m\u00edo, cosa de anotar las ideas mayores y muchas veces me desvelo. Pero al d\u00eda siguiente puedo retomar desde ah\u00ed. Soy ansiosa, entonces soy de hacer al tiro, crear de inmediato las ideas. En el proceso de crear, hay muchos errores, a veces se dejan de lado los proyectos, mientras uno se enfoca en algo nuevo. Por eso es ensayo y error. Mi m\u00e9todo es hacer, hacer, hacer todo el rato. Por lo que al final t\u00fa dices: este es el resultado de mi trabajo. Y yo soy feliz en mi taller, desde donde sale todo.<\/p>\n\n\n\n<p><strong>\u00bfTienes el taller en tu casa en El Tabo?<\/strong><\/p>\n\n\n\n<p>&#8211; S\u00ed, o sea yo me levanto y est\u00e1 el taller al tiro, y es el \u00faltimo lugar donde estoy en el d\u00eda.<\/p>\n\n\n\n<p><strong>Son hartos a\u00f1os los que llevas en el oficio, \u00bfc\u00f3mo ha sido la experiencia?&nbsp;<\/strong><\/p>\n\n\n\n<p>&#8211; Son 34 a\u00f1os ya. Y por ejemplo, los reconocimientos, son como un desaf\u00edo. Me dan la oportunidad de ir avanzando un poquito. Yo me he ido capacitando adem\u00e1s todo este tiempo. Por ejemplo, en la pandemia fue cuando m\u00e1s trabaj\u00e9 y m\u00e1s estudi\u00e9, y conoc\u00ed todo lo que son nuevas t\u00e9cnicas, qu\u00e9 se usa en maquinaria por ejemplo. Aunque nuestro trabajo es en un 80% manual como artesanos, pero hay algunos aparatos y en ese sentido me capacit\u00e9 y me voy ayudando con estos instrumentos. Pienso que cada persona tiene su forma, en todo caso. Yo no puedo agendar tampoco cuando crear, sino que llega: tu cabeza est\u00e1 movi\u00e9ndose y viene un proceso m\u00e1s creativo.&nbsp;<\/p>\n\n\n\n<p><strong>\u00bfC\u00f3mo ha sido ese camino que describes?<\/strong><\/p>\n\n\n\n<p>&#8211; Ha sido un camino interesante pero duro, porque al inicio por ejemplo, no lograba encajar, ya que yo ven\u00eda de otro rubro. Participaba en ferias que no ten\u00edan relaci\u00f3n con lo que yo quer\u00eda. Hubo una etapa tambi\u00e9n que me fue muy bien, que empec\u00e9 a entregar productos en tres puntos de venta en Santiago hace muchos a\u00f1os, y en ese momento tom\u00e9 decisiones con respecto al oficio, como \u201cesto es lo m\u00edo, me quiero quedar aqu\u00ed\u201d.<\/p>\n\n\n\n<p>Yo hace 34 a\u00f1os &#8211; como dec\u00eda &#8211; empec\u00e9, pero cuando me empez\u00f3 a servir como sustento, fue en ese periodo que tiene que haber sido en los 2000, que me decid\u00ed como digo. Esa ha sido mi trayectoria. Y en su momento la cer\u00e1mica qued\u00f3 ah\u00ed en el caj\u00f3n. Hace dos a\u00f1os que la retom\u00e9 y hoy es parte de los moldes de mi trabajo, con lo que hago mis piezas de cuero.<\/p>\n\n\n\n<p><strong>Qu\u00e9 genial retomar algo que quer\u00edas despu\u00e9s de tanto tiempo<\/strong><\/p>\n\n\n\n<p>&#8211; La vida te va mostrando qu\u00e9 es lo que te gusta. Yo decid\u00ed eso hace mucho rato y no me he despegado de ah\u00ed, ha estado siempre conmigo. Y hoy la cer\u00e1mica me sirve, por ejemplo, eso es s\u00faper positivo.<\/p>\n\n\n\n<figure class=\"wp-block-image size-full\"><img decoding=\"async\" width=\"623\" height=\"474\" src=\"https:\/\/www.valparaisocreativo.cl\/wp-content\/uploads\/2024\/02\/Captura-de-Pantalla-2024-02-19-a-las-20.51.28.png\" alt=\"\" class=\"wp-image-18404\" srcset=\"https:\/\/dev.antudigital.cl\/sites\/vc\/wp-content\/uploads\/2024\/02\/Captura-de-Pantalla-2024-02-19-a-las-20.51.28.png 623w, https:\/\/dev.antudigital.cl\/sites\/vc\/wp-content\/uploads\/2024\/02\/Captura-de-Pantalla-2024-02-19-a-las-20.51.28-300x228.png 300w, https:\/\/dev.antudigital.cl\/sites\/vc\/wp-content\/uploads\/2024\/02\/Captura-de-Pantalla-2024-02-19-a-las-20.51.28-480x365.png 480w, https:\/\/dev.antudigital.cl\/sites\/vc\/wp-content\/uploads\/2024\/02\/Captura-de-Pantalla-2024-02-19-a-las-20.51.28-24x18.png 24w, https:\/\/dev.antudigital.cl\/sites\/vc\/wp-content\/uploads\/2024\/02\/Captura-de-Pantalla-2024-02-19-a-las-20.51.28-36x27.png 36w, https:\/\/dev.antudigital.cl\/sites\/vc\/wp-content\/uploads\/2024\/02\/Captura-de-Pantalla-2024-02-19-a-las-20.51.28-48x37.png 48w\" sizes=\"(max-width: 623px) 100vw, 623px\" \/><\/figure>\n\n\n\n<p><strong>\u00bfEst\u00e1s agrupada de alguna manera con otros artistas o artesanos locales o nacionales?<\/strong><\/p>\n\n\n\n<p>&#8211; S\u00ed, ac\u00e1 s\u00f3lo en una que yo conozco. Es que El Tabo no es muy grande, y bueno, desde hace dos a\u00f1os saliendo de la pandemia me un\u00ed, con quienes hacemos una feria en enero y febrero en Las Cruces. Entonces nos movemos entre nosotros. Estos lugares son tur\u00edsticos, pero no siempre la gente se dedica a la artesan\u00eda, pero buscamos un espacio que hemos ganado all\u00e1 en Las Cruces, que es solo algunos d\u00edas.&nbsp;<\/p>\n\n\n\n<p>Falta una educaci\u00f3n sobre lo que es la artesan\u00eda, pues muchas veces se confunden los conceptos o se generan ferias de lunes a domingo, donde no se puede producir. En el Pirinal trabajamos viernes, s\u00e1bado y domingo, lo que nos permite seguir creando y es m\u00e1s equilibrada la competencia.<\/p>\n\n\n\n<p><strong>\u00bfQu\u00e9 quieres transmitir t\u00fa con tus creaciones?<\/strong><\/p>\n\n\n\n<p>&#8211; Como mencionaba anteriormente, muy temprano yo quise que mis piezas fueran promoci\u00f3n de lo que somos como personas. Yo cuando joven trabajaba en Gucci, mirando esos productos entend\u00eda que ese tipo de carteras solo te generan estatus. Ah\u00ed yo tom\u00e9 una decisi\u00f3n: mis carteras tienen que decir algo. Y ah\u00ed empec\u00e9 ese trabajo de investigaci\u00f3n, fui a museos, por ah\u00ed empec\u00e9 a forjar mi decisi\u00f3n de que la gente conozca lo que somos.<\/p>\n\n\n\n<p><strong>Otra cosa, volviendo un poco a tu territorio, \u00bfqu\u00e9 te hizo quedar en El Tabo? Cu\u00e9ntame si puedes sobre el vivir ah\u00ed.<\/strong><\/p>\n\n\n\n<p>&#8211; Yo me vine en una etapa en la que lo estaba pasando mal en Santiago, con mis hijos de 10 y 7 a\u00f1os, y llegu\u00e9 a una casa de veraneo de mis padres. Quer\u00eda escapar, por lo que con la familia tomamos la decisi\u00f3n de partir ac\u00e1. Ac\u00e1 la naturaleza te da paz, te da tranquilidad, despierta otras cosas en tu cabeza. Yo no me vine con la idea de trabajar ac\u00e1, ven\u00eda arrancando, pero se fue dando y como te digo, vivir al lado de la naturaleza, del mar, es un b\u00e1lsamo para las cosas que una vive a diario. Fue una decisi\u00f3n de salud, y que me permiti\u00f3 ver a mis hijos contentos. Nos cambi\u00f3 la vida.<\/p>\n\n\n\n<p>Puedes comunicarte con Ximena por sus redes sociales: <a href=\"https:\/\/www.instagram.com\/bellart.cuerosdelsurdelmundo\/\">Bellart, cueros del fin del mundo<\/a>. O encontrarla pr\u00f3ximamente en ferias de vino.<\/p>\n","protected":false},"excerpt":{"rendered":"<p>Ximena Beltr\u00e1n es creadora de Bellart, cueros del sur del mundo, quien estuvo presente recientemente en el Festival Vinos de Proa que se realiz\u00f3 el fin de semana pasado en Santo Domingo, e itinera en diversas ferias de vino del litoral central. A prop\u00f3sito de su participaci\u00f3n, quisimos conocer su trabajo de marroquiner\u00eda y cuero [&hellip;]<\/p>\n","protected":false},"author":1,"featured_media":18406,"comment_status":"closed","ping_status":"closed","sticky":false,"template":"","format":"standard","meta":{"_acf_changed":false,"footnotes":""},"categories":[218],"tags":[],"class_list":["post-18402","post","type-post","status-publish","format-standard","has-post-thumbnail","hentry","category-blog"],"acf":[],"yoast_head":"<!-- This site is optimized with the Yoast SEO plugin v27.1.1 - https:\/\/yoast.com\/product\/yoast-seo-wordpress\/ -->\n<title>Artesan\u00eda con sentido desde El Tabo - Valpara\u00ed\u00adso Creativo<\/title>\n<meta name=\"robots\" content=\"index, follow, max-snippet:-1, max-image-preview:large, max-video-preview:-1\" \/>\n<link rel=\"canonical\" href=\"https:\/\/dev.antudigital.cl\/sites\/vc\/artesania-con-sentido-desde-el-tabo\/\" \/>\n<meta property=\"og:locale\" content=\"es_ES\" \/>\n<meta property=\"og:type\" content=\"article\" \/>\n<meta property=\"og:title\" content=\"Artesan\u00eda con sentido desde El Tabo - Valpara\u00ed\u00adso Creativo\" \/>\n<meta property=\"og:description\" content=\"Ximena Beltr\u00e1n es creadora de Bellart, cueros del sur del mundo, quien estuvo presente recientemente en el Festival Vinos de Proa que se realiz\u00f3 el fin de semana pasado en Santo Domingo, e itinera en diversas ferias de vino del litoral central. A prop\u00f3sito de su participaci\u00f3n, quisimos conocer su trabajo de marroquiner\u00eda y cuero [&hellip;]\" \/>\n<meta property=\"og:url\" content=\"https:\/\/dev.antudigital.cl\/sites\/vc\/artesania-con-sentido-desde-el-tabo\/\" \/>\n<meta property=\"og:site_name\" content=\"Valpara\u00ed\u00adso Creativo\" \/>\n<meta property=\"article:published_time\" content=\"2024-02-20T00:39:04+00:00\" \/>\n<meta property=\"article:modified_time\" content=\"2024-02-20T00:39:11+00:00\" \/>\n<meta property=\"og:image\" content=\"https:\/\/dev.antudigital.cl\/sites\/vc\/wp-content\/uploads\/2024\/02\/Captura-de-Pantalla-2024-02-19-a-las-20.50.56.png\" \/>\n\t<meta property=\"og:image:width\" content=\"617\" \/>\n\t<meta property=\"og:image:height\" content=\"418\" \/>\n\t<meta property=\"og:image:type\" content=\"image\/png\" \/>\n<meta name=\"author\" content=\"Valpara\u00edso Creativo\" \/>\n<meta name=\"twitter:card\" content=\"summary_large_image\" \/>\n<meta name=\"twitter:label1\" content=\"Escrito por\" \/>\n\t<meta name=\"twitter:data1\" content=\"Valpara\u00edso Creativo\" \/>\n\t<meta name=\"twitter:label2\" content=\"Tiempo de lectura\" \/>\n\t<meta name=\"twitter:data2\" content=\"8 minutos\" \/>\n<script type=\"application\/ld+json\" class=\"yoast-schema-graph\">{\"@context\":\"https:\/\/schema.org\",\"@graph\":[{\"@type\":\"Article\",\"@id\":\"https:\/\/dev.antudigital.cl\/sites\/vc\/artesania-con-sentido-desde-el-tabo\/#article\",\"isPartOf\":{\"@id\":\"https:\/\/dev.antudigital.cl\/sites\/vc\/artesania-con-sentido-desde-el-tabo\/\"},\"author\":{\"name\":\"Valpara\u00edso Creativo\",\"@id\":\"https:\/\/dev.antudigital.cl\/sites\/vc\/#\/schema\/person\/c2b9da8dd545e27166fc5ab232837318\"},\"headline\":\"Artesan\u00eda con sentido desde El Tabo\",\"datePublished\":\"2024-02-20T00:39:04+00:00\",\"dateModified\":\"2024-02-20T00:39:11+00:00\",\"mainEntityOfPage\":{\"@id\":\"https:\/\/dev.antudigital.cl\/sites\/vc\/artesania-con-sentido-desde-el-tabo\/\"},\"wordCount\":1538,\"image\":{\"@id\":\"https:\/\/dev.antudigital.cl\/sites\/vc\/artesania-con-sentido-desde-el-tabo\/#primaryimage\"},\"thumbnailUrl\":\"https:\/\/dev.antudigital.cl\/sites\/vc\/wp-content\/uploads\/2024\/02\/Captura-de-Pantalla-2024-02-19-a-las-20.50.56.png\",\"articleSection\":[\"Blog\"],\"inLanguage\":\"es\"},{\"@type\":\"WebPage\",\"@id\":\"https:\/\/dev.antudigital.cl\/sites\/vc\/artesania-con-sentido-desde-el-tabo\/\",\"url\":\"https:\/\/dev.antudigital.cl\/sites\/vc\/artesania-con-sentido-desde-el-tabo\/\",\"name\":\"Artesan\u00eda con sentido desde El Tabo - Valpara\u00ed\u00adso Creativo\",\"isPartOf\":{\"@id\":\"https:\/\/dev.antudigital.cl\/sites\/vc\/#website\"},\"primaryImageOfPage\":{\"@id\":\"https:\/\/dev.antudigital.cl\/sites\/vc\/artesania-con-sentido-desde-el-tabo\/#primaryimage\"},\"image\":{\"@id\":\"https:\/\/dev.antudigital.cl\/sites\/vc\/artesania-con-sentido-desde-el-tabo\/#primaryimage\"},\"thumbnailUrl\":\"https:\/\/dev.antudigital.cl\/sites\/vc\/wp-content\/uploads\/2024\/02\/Captura-de-Pantalla-2024-02-19-a-las-20.50.56.png\",\"datePublished\":\"2024-02-20T00:39:04+00:00\",\"dateModified\":\"2024-02-20T00:39:11+00:00\",\"author\":{\"@id\":\"https:\/\/dev.antudigital.cl\/sites\/vc\/#\/schema\/person\/c2b9da8dd545e27166fc5ab232837318\"},\"breadcrumb\":{\"@id\":\"https:\/\/dev.antudigital.cl\/sites\/vc\/artesania-con-sentido-desde-el-tabo\/#breadcrumb\"},\"inLanguage\":\"es\",\"potentialAction\":[{\"@type\":\"ReadAction\",\"target\":[\"https:\/\/dev.antudigital.cl\/sites\/vc\/artesania-con-sentido-desde-el-tabo\/\"]}]},{\"@type\":\"ImageObject\",\"inLanguage\":\"es\",\"@id\":\"https:\/\/dev.antudigital.cl\/sites\/vc\/artesania-con-sentido-desde-el-tabo\/#primaryimage\",\"url\":\"https:\/\/dev.antudigital.cl\/sites\/vc\/wp-content\/uploads\/2024\/02\/Captura-de-Pantalla-2024-02-19-a-las-20.50.56.png\",\"contentUrl\":\"https:\/\/dev.antudigital.cl\/sites\/vc\/wp-content\/uploads\/2024\/02\/Captura-de-Pantalla-2024-02-19-a-las-20.50.56.png\",\"width\":617,\"height\":418},{\"@type\":\"BreadcrumbList\",\"@id\":\"https:\/\/dev.antudigital.cl\/sites\/vc\/artesania-con-sentido-desde-el-tabo\/#breadcrumb\",\"itemListElement\":[{\"@type\":\"ListItem\",\"position\":1,\"name\":\"Home\",\"item\":\"https:\/\/dev.antudigital.cl\/sites\/vc\/\"},{\"@type\":\"ListItem\",\"position\":2,\"name\":\"Artesan\u00eda con sentido desde El Tabo\"}]},{\"@type\":\"WebSite\",\"@id\":\"https:\/\/dev.antudigital.cl\/sites\/vc\/#website\",\"url\":\"https:\/\/dev.antudigital.cl\/sites\/vc\/\",\"name\":\"Valpara\u00ed\u00adso Creativo\",\"description\":\"\",\"potentialAction\":[{\"@type\":\"SearchAction\",\"target\":{\"@type\":\"EntryPoint\",\"urlTemplate\":\"https:\/\/dev.antudigital.cl\/sites\/vc\/?s={search_term_string}\"},\"query-input\":{\"@type\":\"PropertyValueSpecification\",\"valueRequired\":true,\"valueName\":\"search_term_string\"}}],\"inLanguage\":\"es\"},{\"@type\":\"Person\",\"@id\":\"https:\/\/dev.antudigital.cl\/sites\/vc\/#\/schema\/person\/c2b9da8dd545e27166fc5ab232837318\",\"name\":\"Valpara\u00edso Creativo\",\"description\":\"Periodista de cultura en la Regi\u00f3n de Valpara\u00edso.\",\"url\":\"https:\/\/dev.antudigital.cl\/sites\/vc\/author\/valpoadmin\/\"}]}<\/script>\n<!-- \/ Yoast SEO plugin. -->","yoast_head_json":{"title":"Artesan\u00eda con sentido desde El Tabo - Valpara\u00ed\u00adso Creativo","robots":{"index":"index","follow":"follow","max-snippet":"max-snippet:-1","max-image-preview":"max-image-preview:large","max-video-preview":"max-video-preview:-1"},"canonical":"https:\/\/dev.antudigital.cl\/sites\/vc\/artesania-con-sentido-desde-el-tabo\/","og_locale":"es_ES","og_type":"article","og_title":"Artesan\u00eda con sentido desde El Tabo - Valpara\u00ed\u00adso Creativo","og_description":"Ximena Beltr\u00e1n es creadora de Bellart, cueros del sur del mundo, quien estuvo presente recientemente en el Festival Vinos de Proa que se realiz\u00f3 el fin de semana pasado en Santo Domingo, e itinera en diversas ferias de vino del litoral central. A prop\u00f3sito de su participaci\u00f3n, quisimos conocer su trabajo de marroquiner\u00eda y cuero [&hellip;]","og_url":"https:\/\/dev.antudigital.cl\/sites\/vc\/artesania-con-sentido-desde-el-tabo\/","og_site_name":"Valpara\u00ed\u00adso Creativo","article_published_time":"2024-02-20T00:39:04+00:00","article_modified_time":"2024-02-20T00:39:11+00:00","og_image":[{"width":617,"height":418,"url":"https:\/\/dev.antudigital.cl\/sites\/vc\/wp-content\/uploads\/2024\/02\/Captura-de-Pantalla-2024-02-19-a-las-20.50.56.png","type":"image\/png"}],"author":"Valpara\u00edso Creativo","twitter_card":"summary_large_image","twitter_misc":{"Escrito por":"Valpara\u00edso Creativo","Tiempo de lectura":"8 minutos"},"schema":{"@context":"https:\/\/schema.org","@graph":[{"@type":"Article","@id":"https:\/\/dev.antudigital.cl\/sites\/vc\/artesania-con-sentido-desde-el-tabo\/#article","isPartOf":{"@id":"https:\/\/dev.antudigital.cl\/sites\/vc\/artesania-con-sentido-desde-el-tabo\/"},"author":{"name":"Valpara\u00edso Creativo","@id":"https:\/\/dev.antudigital.cl\/sites\/vc\/#\/schema\/person\/c2b9da8dd545e27166fc5ab232837318"},"headline":"Artesan\u00eda con sentido desde El Tabo","datePublished":"2024-02-20T00:39:04+00:00","dateModified":"2024-02-20T00:39:11+00:00","mainEntityOfPage":{"@id":"https:\/\/dev.antudigital.cl\/sites\/vc\/artesania-con-sentido-desde-el-tabo\/"},"wordCount":1538,"image":{"@id":"https:\/\/dev.antudigital.cl\/sites\/vc\/artesania-con-sentido-desde-el-tabo\/#primaryimage"},"thumbnailUrl":"https:\/\/dev.antudigital.cl\/sites\/vc\/wp-content\/uploads\/2024\/02\/Captura-de-Pantalla-2024-02-19-a-las-20.50.56.png","articleSection":["Blog"],"inLanguage":"es"},{"@type":"WebPage","@id":"https:\/\/dev.antudigital.cl\/sites\/vc\/artesania-con-sentido-desde-el-tabo\/","url":"https:\/\/dev.antudigital.cl\/sites\/vc\/artesania-con-sentido-desde-el-tabo\/","name":"Artesan\u00eda con sentido desde El Tabo - Valpara\u00ed\u00adso Creativo","isPartOf":{"@id":"https:\/\/dev.antudigital.cl\/sites\/vc\/#website"},"primaryImageOfPage":{"@id":"https:\/\/dev.antudigital.cl\/sites\/vc\/artesania-con-sentido-desde-el-tabo\/#primaryimage"},"image":{"@id":"https:\/\/dev.antudigital.cl\/sites\/vc\/artesania-con-sentido-desde-el-tabo\/#primaryimage"},"thumbnailUrl":"https:\/\/dev.antudigital.cl\/sites\/vc\/wp-content\/uploads\/2024\/02\/Captura-de-Pantalla-2024-02-19-a-las-20.50.56.png","datePublished":"2024-02-20T00:39:04+00:00","dateModified":"2024-02-20T00:39:11+00:00","author":{"@id":"https:\/\/dev.antudigital.cl\/sites\/vc\/#\/schema\/person\/c2b9da8dd545e27166fc5ab232837318"},"breadcrumb":{"@id":"https:\/\/dev.antudigital.cl\/sites\/vc\/artesania-con-sentido-desde-el-tabo\/#breadcrumb"},"inLanguage":"es","potentialAction":[{"@type":"ReadAction","target":["https:\/\/dev.antudigital.cl\/sites\/vc\/artesania-con-sentido-desde-el-tabo\/"]}]},{"@type":"ImageObject","inLanguage":"es","@id":"https:\/\/dev.antudigital.cl\/sites\/vc\/artesania-con-sentido-desde-el-tabo\/#primaryimage","url":"https:\/\/dev.antudigital.cl\/sites\/vc\/wp-content\/uploads\/2024\/02\/Captura-de-Pantalla-2024-02-19-a-las-20.50.56.png","contentUrl":"https:\/\/dev.antudigital.cl\/sites\/vc\/wp-content\/uploads\/2024\/02\/Captura-de-Pantalla-2024-02-19-a-las-20.50.56.png","width":617,"height":418},{"@type":"BreadcrumbList","@id":"https:\/\/dev.antudigital.cl\/sites\/vc\/artesania-con-sentido-desde-el-tabo\/#breadcrumb","itemListElement":[{"@type":"ListItem","position":1,"name":"Home","item":"https:\/\/dev.antudigital.cl\/sites\/vc\/"},{"@type":"ListItem","position":2,"name":"Artesan\u00eda con sentido desde El Tabo"}]},{"@type":"WebSite","@id":"https:\/\/dev.antudigital.cl\/sites\/vc\/#website","url":"https:\/\/dev.antudigital.cl\/sites\/vc\/","name":"Valpara\u00ed\u00adso Creativo","description":"","potentialAction":[{"@type":"SearchAction","target":{"@type":"EntryPoint","urlTemplate":"https:\/\/dev.antudigital.cl\/sites\/vc\/?s={search_term_string}"},"query-input":{"@type":"PropertyValueSpecification","valueRequired":true,"valueName":"search_term_string"}}],"inLanguage":"es"},{"@type":"Person","@id":"https:\/\/dev.antudigital.cl\/sites\/vc\/#\/schema\/person\/c2b9da8dd545e27166fc5ab232837318","name":"Valpara\u00edso Creativo","description":"Periodista de cultura en la Regi\u00f3n de Valpara\u00edso.","url":"https:\/\/dev.antudigital.cl\/sites\/vc\/author\/valpoadmin\/"}]}},"_links":{"self":[{"href":"https:\/\/dev.antudigital.cl\/sites\/vc\/wp-json\/wp\/v2\/posts\/18402","targetHints":{"allow":["GET"]}}],"collection":[{"href":"https:\/\/dev.antudigital.cl\/sites\/vc\/wp-json\/wp\/v2\/posts"}],"about":[{"href":"https:\/\/dev.antudigital.cl\/sites\/vc\/wp-json\/wp\/v2\/types\/post"}],"author":[{"embeddable":true,"href":"https:\/\/dev.antudigital.cl\/sites\/vc\/wp-json\/wp\/v2\/users\/1"}],"replies":[{"embeddable":true,"href":"https:\/\/dev.antudigital.cl\/sites\/vc\/wp-json\/wp\/v2\/comments?post=18402"}],"version-history":[{"count":1,"href":"https:\/\/dev.antudigital.cl\/sites\/vc\/wp-json\/wp\/v2\/posts\/18402\/revisions"}],"predecessor-version":[{"id":18407,"href":"https:\/\/dev.antudigital.cl\/sites\/vc\/wp-json\/wp\/v2\/posts\/18402\/revisions\/18407"}],"wp:featuredmedia":[{"embeddable":true,"href":"https:\/\/dev.antudigital.cl\/sites\/vc\/wp-json\/wp\/v2\/media\/18406"}],"wp:attachment":[{"href":"https:\/\/dev.antudigital.cl\/sites\/vc\/wp-json\/wp\/v2\/media?parent=18402"}],"wp:term":[{"taxonomy":"category","embeddable":true,"href":"https:\/\/dev.antudigital.cl\/sites\/vc\/wp-json\/wp\/v2\/categories?post=18402"},{"taxonomy":"post_tag","embeddable":true,"href":"https:\/\/dev.antudigital.cl\/sites\/vc\/wp-json\/wp\/v2\/tags?post=18402"}],"curies":[{"name":"wp","href":"https:\/\/api.w.org\/{rel}","templated":true}]}}