{"id":18414,"date":"2024-02-26T18:56:08","date_gmt":"2024-02-26T18:56:08","guid":{"rendered":"https:\/\/www.valparaisocreativo.cl\/?p=18414"},"modified":"2024-02-26T18:56:08","modified_gmt":"2024-02-26T18:56:08","slug":"insomnia-estrena-duna-parte-2-todos-somos-extranos-y-mi-amigo-robot","status":"publish","type":"post","link":"https:\/\/dev.antudigital.cl\/sites\/vc\/insomnia-estrena-duna-parte-2-todos-somos-extranos-y-mi-amigo-robot\/","title":{"rendered":"INSOMNIA estrena Duna parte 2, Todos somos extra\u00f1os y Mi amigo Robot"},"content":{"rendered":"\n<p>Este jueves 29 de febrero INSOMNIA despide el verano con una jornada de estrenos partiendo por dos pel\u00edculas para las infancias: Red de Disney Pixar, por primera vez estrenada en cines y Mi amigo robot, del director espa\u00f1ol Pablo Berger, film nominado a los Oscar y que ya gan\u00f3 en los Goya los premios a mejor pel\u00edcula animada y gui\u00f3n adaptado. Posteriormente, se estrenan \u201cTodos somos extra\u00f1os\u201d, del director Andrew Haigh, con las actuaciones de Paul Mescal y Andrew Scott en los roles protag\u00f3nicos y Duna parte 2, la saga en la que Paul Atreides debe enfrentarse al imperio para lograr preservar la paz en la galaxia.<\/p>\n\n\n\n<p>Para Leonardo Torres, director de INSOMNIA: \u201ccoincidieron muchos estrenos para este jueves, con la fortuna de que se trata de pel\u00edculas para todas las edades, son piezas que han recibido excelente cr\u00edtica en los festivales internacionales y tres de ellas son adaptaciones de novelas. Entonces, creemos que es la oportunidad perfecta para planificarse y despedir el \u00faltimo d\u00eda del verano con una marat\u00f3n de pel\u00edculas de calidad, acompa\u00f1adas de un rico caf\u00e9, ahora que ya inauguramos una cafeter\u00eda en INSOMNIA. Particularmente estamos muy expectantes con el estreno de \u201cTodos somos extra\u00f1os\u201d, ya que regresa Paul Mescal en un rol protag\u00f3nico que sospechamos, va a emocionar a nuestro Insomne p\u00fablico que a\u00fan recuerda la maravilla que fue Aftersun\u201d.<\/p>\n\n\n\n<figure class=\"wp-block-image size-full\"><img fetchpriority=\"high\" decoding=\"async\" width=\"640\" height=\"360\" src=\"https:\/\/www.valparaisocreativo.cl\/wp-content\/uploads\/2024\/02\/andrew-scott-y-paul-mescal-en-desconocidos-all-of-us-strangers.webp\" alt=\"\" class=\"wp-image-18419\" srcset=\"https:\/\/dev.antudigital.cl\/sites\/vc\/wp-content\/uploads\/2024\/02\/andrew-scott-y-paul-mescal-en-desconocidos-all-of-us-strangers.webp 640w, https:\/\/dev.antudigital.cl\/sites\/vc\/wp-content\/uploads\/2024\/02\/andrew-scott-y-paul-mescal-en-desconocidos-all-of-us-strangers-300x169.webp 300w, https:\/\/dev.antudigital.cl\/sites\/vc\/wp-content\/uploads\/2024\/02\/andrew-scott-y-paul-mescal-en-desconocidos-all-of-us-strangers-480x270.webp 480w, https:\/\/dev.antudigital.cl\/sites\/vc\/wp-content\/uploads\/2024\/02\/andrew-scott-y-paul-mescal-en-desconocidos-all-of-us-strangers-24x14.webp 24w, https:\/\/dev.antudigital.cl\/sites\/vc\/wp-content\/uploads\/2024\/02\/andrew-scott-y-paul-mescal-en-desconocidos-all-of-us-strangers-36x20.webp 36w, https:\/\/dev.antudigital.cl\/sites\/vc\/wp-content\/uploads\/2024\/02\/andrew-scott-y-paul-mescal-en-desconocidos-all-of-us-strangers-48x27.webp 48w\" sizes=\"(max-width: 640px) 100vw, 640px\" \/><\/figure>\n\n\n\n<p>Adem\u00e1s, se\u00f1al\u00f3 que: \u201cMi amigo robot es una pel\u00edcula para todo espectador que tiene la nostalgia de los 80\u00b4s, una banda sonora muy entra\u00f1able y un humor inteligente que permite ser disfrutada por adultos y ni\u00f1os. Se trata de una obra brillante, con reflexiones muy profundas sobre la amistad y la soledad, que permitir\u00e1 dar pie a conversaciones necesarias en las familias que vean la historia de Dug y su amigo robot\u201d.<\/p>\n\n\n\n<p>Red, es una pel\u00edcula de Disney Pixar escrita y dirigida por Domee Shi que habla sobre Mei Lee, una ni\u00f1a de 13 a\u00f1os un poco rara pero segura de s\u00ed misma, se debate entre ser la hija obediente que su madre quiere que sea y el caos propio de la adolescencia. Ming, su protectora y ligeramente exigente madre, no se separa nunca de ella lo que es una situaci\u00f3n poco deseable para una adolescente. Y por si los cambios en su vida y en su cuerpo no fueran suficientes, cada vez que se emociona demasiado (lo que le ocurre pr\u00e1cticamente todo el tiempo), se convierte en un panda rojo gigante. Se trata de un re-estreno, por primera vez en cine, que se proyectar\u00e1 en INSOMNIA el jueves 29 de febrero a las 15:00 hrs. con m\u00e1s proyecciones en la primera quincena de marzo.<\/p>\n\n\n\n<figure class=\"wp-block-image size-large\"><img decoding=\"async\" width=\"1024\" height=\"576\" src=\"https:\/\/www.valparaisocreativo.cl\/wp-content\/uploads\/2024\/02\/1366_2000-1024x576.jpeg\" alt=\"\" class=\"wp-image-18416\" srcset=\"https:\/\/dev.antudigital.cl\/sites\/vc\/wp-content\/uploads\/2024\/02\/1366_2000-1024x576.jpeg 1024w, https:\/\/dev.antudigital.cl\/sites\/vc\/wp-content\/uploads\/2024\/02\/1366_2000-300x169.jpeg 300w, https:\/\/dev.antudigital.cl\/sites\/vc\/wp-content\/uploads\/2024\/02\/1366_2000-768x432.jpeg 768w, https:\/\/dev.antudigital.cl\/sites\/vc\/wp-content\/uploads\/2024\/02\/1366_2000-1080x607.jpeg 1080w, https:\/\/dev.antudigital.cl\/sites\/vc\/wp-content\/uploads\/2024\/02\/1366_2000-1280x720.jpeg 1280w, https:\/\/dev.antudigital.cl\/sites\/vc\/wp-content\/uploads\/2024\/02\/1366_2000-980x551.jpeg 980w, https:\/\/dev.antudigital.cl\/sites\/vc\/wp-content\/uploads\/2024\/02\/1366_2000-480x270.jpeg 480w, https:\/\/dev.antudigital.cl\/sites\/vc\/wp-content\/uploads\/2024\/02\/1366_2000-24x13.jpeg 24w, https:\/\/dev.antudigital.cl\/sites\/vc\/wp-content\/uploads\/2024\/02\/1366_2000-36x20.jpeg 36w, https:\/\/dev.antudigital.cl\/sites\/vc\/wp-content\/uploads\/2024\/02\/1366_2000-48x27.jpeg 48w, https:\/\/dev.antudigital.cl\/sites\/vc\/wp-content\/uploads\/2024\/02\/1366_2000.jpeg 1366w\" sizes=\"(max-width: 1024px) 100vw, 1024px\" \/><\/figure>\n\n\n\n<p>El mismo d\u00eda a las 17:00 hrs. se estrena \u201cMi amigo robot escrita y dirigida por Pablo Berger, basada en la popular novela gr\u00e1fica de Sara Varon. Dog es un perro solitario que vive en Manhattan. Un d\u00eda decide construirse un robot, para que sea amigo. Su amistad crece, hasta hacerse inseparables, al ritmo del Nueva York de los 80. Una noche de verano, Dog, con gran pena, se ve obligado a abandonar al robot en la playa. Este film est\u00e1 nominado a mejor pel\u00edcula de animaci\u00f3n en los premios Oscar y gan\u00f3 mejor pel\u00edcula y gui\u00f3n adaptado en los Goya.<\/p>\n\n\n\n<p>Por su parte, \u201cTodos somos extra\u00f1os\u201d la pel\u00edcula escrita y dirigida por Andrew Haigh, basada en la novela \u201cStrangers\u201d de Taichi Yamada, trae de regreso a Paul Mescal (Aftersun) quien comparte el rol protag\u00f3nico con Andrew Scott, en el rol de Adam. Adem\u00e1s, dentro del elenco se encuentran Jaime Bell (Billy Elliot) y Claire Foy (Women talking).<\/p>\n\n\n\n<p>Una noche, en su torre casi vac\u00eda del Londres actual, Adam tiene un encuentro casual con un misterioso vecino, Harry, que pone patas arriba el ritmo de su vida cotidiana. A medida que va surgiendo una relaci\u00f3n entre ellos, a Adam le preocupan los recuerdos del pasado y regresa a su ciudad natal y al hogar de su infancia donde sus padres parecen estar vivos, tal y como lo estaban el d\u00eda de su muerte, 30 a\u00f1os antes. Estar\u00e1 disponible en INSOMNIA desde el jueves 29 de febrero a las 19:00 hrs.<\/p>\n\n\n\n<p>Finalmente, culmina la espera de la secuela \u201cDuna parte dos\u201d del director Denis Villeneuve, una nueva entrega de la aventura \u00e9pica de ciencia ficci\u00f3n. Con un gui\u00f3n escrito por Jon Spaihts, Denis Villeneuve y Craig Mazin, basado en la novela de Frank Herbert del a\u00f1o 1965, al fin veremos a Paul Atreides liderar la rebeli\u00f3n contra el Imperio. El elenco re\u00fane a Timoth\u00e9e Chalamet, Zendaya, Florence Pugh, Christopher Walken, L\u00e9a Seydoux, Javier Bardem y Anya Taylor-Joy.<\/p>\n\n\n\n<p>En esta segunda entrega, Paul Atreides se une a la tribu de los Fremen y comienza un viaje espiritual y marcial para convertirse en mes\u00edas, mientras intenta evitar el horrible pero inevitable futuro que ha presenciado: una Guerra Santa en su nombre, que se extiende por todo el universo conocido. La pel\u00edcula se estrena el 29 de febrero a las 21:00 hrs. La preventa comenz\u00f3 el viernes 23 de febrero, as\u00ed que es importante reservar las entradas con anticipaci\u00f3n.<\/p>\n\n\n\n<p>Para m\u00e1s informaci\u00f3n respecto a las funciones de cada una de las pel\u00edculas visita en Instagram @insomnia_teatro_condell y <a href=\"http:\/\/www.insomniacine.cl\">www.insomniacine.cl<\/a>. Las entradas est\u00e1n disponibles s\u00f3lo de manera presencial en Teatro Condell, Condell 1585, Valpara\u00edso.<\/p>\n","protected":false},"excerpt":{"rendered":"<p>Este jueves 29 de febrero INSOMNIA despide el verano con una jornada de estrenos partiendo por dos pel\u00edculas para las infancias: Red de Disney Pixar, por primera vez estrenada en cines y Mi amigo robot, del director espa\u00f1ol Pablo Berger, film nominado a los Oscar y que ya gan\u00f3 en los Goya los premios a [&hellip;]<\/p>\n","protected":false},"author":1,"featured_media":18417,"comment_status":"closed","ping_status":"closed","sticky":false,"template":"","format":"standard","meta":{"_acf_changed":false,"footnotes":""},"categories":[1],"tags":[],"class_list":["post-18414","post","type-post","status-publish","format-standard","has-post-thumbnail","hentry","category-uncategorized"],"acf":[],"yoast_head":"<!-- This site is optimized with the Yoast SEO plugin v27.1.1 - https:\/\/yoast.com\/product\/yoast-seo-wordpress\/ -->\n<title>INSOMNIA estrena Duna parte 2, Todos somos extra\u00f1os y Mi amigo Robot - Valpara\u00ed\u00adso Creativo<\/title>\n<meta name=\"robots\" content=\"index, follow, max-snippet:-1, max-image-preview:large, max-video-preview:-1\" \/>\n<link rel=\"canonical\" href=\"https:\/\/dev.antudigital.cl\/sites\/vc\/insomnia-estrena-duna-parte-2-todos-somos-extranos-y-mi-amigo-robot\/\" \/>\n<meta property=\"og:locale\" content=\"es_ES\" \/>\n<meta property=\"og:type\" content=\"article\" \/>\n<meta property=\"og:title\" content=\"INSOMNIA estrena Duna parte 2, Todos somos extra\u00f1os y Mi amigo Robot - Valpara\u00ed\u00adso Creativo\" \/>\n<meta property=\"og:description\" content=\"Este jueves 29 de febrero INSOMNIA despide el verano con una jornada de estrenos partiendo por dos pel\u00edculas para las infancias: Red de Disney Pixar, por primera vez estrenada en cines y Mi amigo robot, del director espa\u00f1ol Pablo Berger, film nominado a los Oscar y que ya gan\u00f3 en los Goya los premios a [&hellip;]\" \/>\n<meta property=\"og:url\" content=\"https:\/\/dev.antudigital.cl\/sites\/vc\/insomnia-estrena-duna-parte-2-todos-somos-extranos-y-mi-amigo-robot\/\" \/>\n<meta property=\"og:site_name\" content=\"Valpara\u00ed\u00adso Creativo\" \/>\n<meta property=\"article:published_time\" content=\"2024-02-26T18:56:08+00:00\" \/>\n<meta property=\"og:image\" content=\"https:\/\/dev.antudigital.cl\/sites\/vc\/wp-content\/uploads\/2024\/02\/dune-2-paul-atreides.jpg\" \/>\n\t<meta property=\"og:image:width\" content=\"2000\" \/>\n\t<meta property=\"og:image:height\" content=\"1000\" \/>\n\t<meta property=\"og:image:type\" content=\"image\/jpeg\" \/>\n<meta name=\"author\" content=\"Valpara\u00edso Creativo\" \/>\n<meta name=\"twitter:card\" content=\"summary_large_image\" \/>\n<meta name=\"twitter:label1\" content=\"Escrito por\" \/>\n\t<meta name=\"twitter:data1\" content=\"Valpara\u00edso Creativo\" \/>\n\t<meta name=\"twitter:label2\" content=\"Tiempo de lectura\" \/>\n\t<meta name=\"twitter:data2\" content=\"5 minutos\" \/>\n<script type=\"application\/ld+json\" class=\"yoast-schema-graph\">{\"@context\":\"https:\/\/schema.org\",\"@graph\":[{\"@type\":\"Article\",\"@id\":\"https:\/\/dev.antudigital.cl\/sites\/vc\/insomnia-estrena-duna-parte-2-todos-somos-extranos-y-mi-amigo-robot\/#article\",\"isPartOf\":{\"@id\":\"https:\/\/dev.antudigital.cl\/sites\/vc\/insomnia-estrena-duna-parte-2-todos-somos-extranos-y-mi-amigo-robot\/\"},\"author\":{\"name\":\"Valpara\u00edso Creativo\",\"@id\":\"https:\/\/dev.antudigital.cl\/sites\/vc\/#\/schema\/person\/c2b9da8dd545e27166fc5ab232837318\"},\"headline\":\"INSOMNIA estrena Duna parte 2, Todos somos extra\u00f1os y Mi amigo Robot\",\"datePublished\":\"2024-02-26T18:56:08+00:00\",\"mainEntityOfPage\":{\"@id\":\"https:\/\/dev.antudigital.cl\/sites\/vc\/insomnia-estrena-duna-parte-2-todos-somos-extranos-y-mi-amigo-robot\/\"},\"wordCount\":937,\"image\":{\"@id\":\"https:\/\/dev.antudigital.cl\/sites\/vc\/insomnia-estrena-duna-parte-2-todos-somos-extranos-y-mi-amigo-robot\/#primaryimage\"},\"thumbnailUrl\":\"https:\/\/dev.antudigital.cl\/sites\/vc\/wp-content\/uploads\/2024\/02\/dune-2-paul-atreides.jpg\",\"articleSection\":[\"Uncategorized\"],\"inLanguage\":\"es\"},{\"@type\":\"WebPage\",\"@id\":\"https:\/\/dev.antudigital.cl\/sites\/vc\/insomnia-estrena-duna-parte-2-todos-somos-extranos-y-mi-amigo-robot\/\",\"url\":\"https:\/\/dev.antudigital.cl\/sites\/vc\/insomnia-estrena-duna-parte-2-todos-somos-extranos-y-mi-amigo-robot\/\",\"name\":\"INSOMNIA estrena Duna parte 2, Todos somos extra\u00f1os y Mi amigo Robot - Valpara\u00ed\u00adso Creativo\",\"isPartOf\":{\"@id\":\"https:\/\/dev.antudigital.cl\/sites\/vc\/#website\"},\"primaryImageOfPage\":{\"@id\":\"https:\/\/dev.antudigital.cl\/sites\/vc\/insomnia-estrena-duna-parte-2-todos-somos-extranos-y-mi-amigo-robot\/#primaryimage\"},\"image\":{\"@id\":\"https:\/\/dev.antudigital.cl\/sites\/vc\/insomnia-estrena-duna-parte-2-todos-somos-extranos-y-mi-amigo-robot\/#primaryimage\"},\"thumbnailUrl\":\"https:\/\/dev.antudigital.cl\/sites\/vc\/wp-content\/uploads\/2024\/02\/dune-2-paul-atreides.jpg\",\"datePublished\":\"2024-02-26T18:56:08+00:00\",\"author\":{\"@id\":\"https:\/\/dev.antudigital.cl\/sites\/vc\/#\/schema\/person\/c2b9da8dd545e27166fc5ab232837318\"},\"breadcrumb\":{\"@id\":\"https:\/\/dev.antudigital.cl\/sites\/vc\/insomnia-estrena-duna-parte-2-todos-somos-extranos-y-mi-amigo-robot\/#breadcrumb\"},\"inLanguage\":\"es\",\"potentialAction\":[{\"@type\":\"ReadAction\",\"target\":[\"https:\/\/dev.antudigital.cl\/sites\/vc\/insomnia-estrena-duna-parte-2-todos-somos-extranos-y-mi-amigo-robot\/\"]}]},{\"@type\":\"ImageObject\",\"inLanguage\":\"es\",\"@id\":\"https:\/\/dev.antudigital.cl\/sites\/vc\/insomnia-estrena-duna-parte-2-todos-somos-extranos-y-mi-amigo-robot\/#primaryimage\",\"url\":\"https:\/\/dev.antudigital.cl\/sites\/vc\/wp-content\/uploads\/2024\/02\/dune-2-paul-atreides.jpg\",\"contentUrl\":\"https:\/\/dev.antudigital.cl\/sites\/vc\/wp-content\/uploads\/2024\/02\/dune-2-paul-atreides.jpg\",\"width\":2000,\"height\":1000},{\"@type\":\"BreadcrumbList\",\"@id\":\"https:\/\/dev.antudigital.cl\/sites\/vc\/insomnia-estrena-duna-parte-2-todos-somos-extranos-y-mi-amigo-robot\/#breadcrumb\",\"itemListElement\":[{\"@type\":\"ListItem\",\"position\":1,\"name\":\"Home\",\"item\":\"https:\/\/dev.antudigital.cl\/sites\/vc\/\"},{\"@type\":\"ListItem\",\"position\":2,\"name\":\"INSOMNIA estrena Duna parte 2, Todos somos extra\u00f1os y Mi amigo Robot\"}]},{\"@type\":\"WebSite\",\"@id\":\"https:\/\/dev.antudigital.cl\/sites\/vc\/#website\",\"url\":\"https:\/\/dev.antudigital.cl\/sites\/vc\/\",\"name\":\"Valpara\u00ed\u00adso Creativo\",\"description\":\"\",\"potentialAction\":[{\"@type\":\"SearchAction\",\"target\":{\"@type\":\"EntryPoint\",\"urlTemplate\":\"https:\/\/dev.antudigital.cl\/sites\/vc\/?s={search_term_string}\"},\"query-input\":{\"@type\":\"PropertyValueSpecification\",\"valueRequired\":true,\"valueName\":\"search_term_string\"}}],\"inLanguage\":\"es\"},{\"@type\":\"Person\",\"@id\":\"https:\/\/dev.antudigital.cl\/sites\/vc\/#\/schema\/person\/c2b9da8dd545e27166fc5ab232837318\",\"name\":\"Valpara\u00edso Creativo\",\"description\":\"Periodista de cultura en la Regi\u00f3n de Valpara\u00edso.\",\"url\":\"https:\/\/dev.antudigital.cl\/sites\/vc\/author\/valpoadmin\/\"}]}<\/script>\n<!-- \/ Yoast SEO plugin. -->","yoast_head_json":{"title":"INSOMNIA estrena Duna parte 2, Todos somos extra\u00f1os y Mi amigo Robot - Valpara\u00ed\u00adso Creativo","robots":{"index":"index","follow":"follow","max-snippet":"max-snippet:-1","max-image-preview":"max-image-preview:large","max-video-preview":"max-video-preview:-1"},"canonical":"https:\/\/dev.antudigital.cl\/sites\/vc\/insomnia-estrena-duna-parte-2-todos-somos-extranos-y-mi-amigo-robot\/","og_locale":"es_ES","og_type":"article","og_title":"INSOMNIA estrena Duna parte 2, Todos somos extra\u00f1os y Mi amigo Robot - Valpara\u00ed\u00adso Creativo","og_description":"Este jueves 29 de febrero INSOMNIA despide el verano con una jornada de estrenos partiendo por dos pel\u00edculas para las infancias: Red de Disney Pixar, por primera vez estrenada en cines y Mi amigo robot, del director espa\u00f1ol Pablo Berger, film nominado a los Oscar y que ya gan\u00f3 en los Goya los premios a [&hellip;]","og_url":"https:\/\/dev.antudigital.cl\/sites\/vc\/insomnia-estrena-duna-parte-2-todos-somos-extranos-y-mi-amigo-robot\/","og_site_name":"Valpara\u00ed\u00adso Creativo","article_published_time":"2024-02-26T18:56:08+00:00","og_image":[{"width":2000,"height":1000,"url":"https:\/\/dev.antudigital.cl\/sites\/vc\/wp-content\/uploads\/2024\/02\/dune-2-paul-atreides.jpg","type":"image\/jpeg"}],"author":"Valpara\u00edso Creativo","twitter_card":"summary_large_image","twitter_misc":{"Escrito por":"Valpara\u00edso Creativo","Tiempo de lectura":"5 minutos"},"schema":{"@context":"https:\/\/schema.org","@graph":[{"@type":"Article","@id":"https:\/\/dev.antudigital.cl\/sites\/vc\/insomnia-estrena-duna-parte-2-todos-somos-extranos-y-mi-amigo-robot\/#article","isPartOf":{"@id":"https:\/\/dev.antudigital.cl\/sites\/vc\/insomnia-estrena-duna-parte-2-todos-somos-extranos-y-mi-amigo-robot\/"},"author":{"name":"Valpara\u00edso Creativo","@id":"https:\/\/dev.antudigital.cl\/sites\/vc\/#\/schema\/person\/c2b9da8dd545e27166fc5ab232837318"},"headline":"INSOMNIA estrena Duna parte 2, Todos somos extra\u00f1os y Mi amigo Robot","datePublished":"2024-02-26T18:56:08+00:00","mainEntityOfPage":{"@id":"https:\/\/dev.antudigital.cl\/sites\/vc\/insomnia-estrena-duna-parte-2-todos-somos-extranos-y-mi-amigo-robot\/"},"wordCount":937,"image":{"@id":"https:\/\/dev.antudigital.cl\/sites\/vc\/insomnia-estrena-duna-parte-2-todos-somos-extranos-y-mi-amigo-robot\/#primaryimage"},"thumbnailUrl":"https:\/\/dev.antudigital.cl\/sites\/vc\/wp-content\/uploads\/2024\/02\/dune-2-paul-atreides.jpg","articleSection":["Uncategorized"],"inLanguage":"es"},{"@type":"WebPage","@id":"https:\/\/dev.antudigital.cl\/sites\/vc\/insomnia-estrena-duna-parte-2-todos-somos-extranos-y-mi-amigo-robot\/","url":"https:\/\/dev.antudigital.cl\/sites\/vc\/insomnia-estrena-duna-parte-2-todos-somos-extranos-y-mi-amigo-robot\/","name":"INSOMNIA estrena Duna parte 2, Todos somos extra\u00f1os y Mi amigo Robot - Valpara\u00ed\u00adso Creativo","isPartOf":{"@id":"https:\/\/dev.antudigital.cl\/sites\/vc\/#website"},"primaryImageOfPage":{"@id":"https:\/\/dev.antudigital.cl\/sites\/vc\/insomnia-estrena-duna-parte-2-todos-somos-extranos-y-mi-amigo-robot\/#primaryimage"},"image":{"@id":"https:\/\/dev.antudigital.cl\/sites\/vc\/insomnia-estrena-duna-parte-2-todos-somos-extranos-y-mi-amigo-robot\/#primaryimage"},"thumbnailUrl":"https:\/\/dev.antudigital.cl\/sites\/vc\/wp-content\/uploads\/2024\/02\/dune-2-paul-atreides.jpg","datePublished":"2024-02-26T18:56:08+00:00","author":{"@id":"https:\/\/dev.antudigital.cl\/sites\/vc\/#\/schema\/person\/c2b9da8dd545e27166fc5ab232837318"},"breadcrumb":{"@id":"https:\/\/dev.antudigital.cl\/sites\/vc\/insomnia-estrena-duna-parte-2-todos-somos-extranos-y-mi-amigo-robot\/#breadcrumb"},"inLanguage":"es","potentialAction":[{"@type":"ReadAction","target":["https:\/\/dev.antudigital.cl\/sites\/vc\/insomnia-estrena-duna-parte-2-todos-somos-extranos-y-mi-amigo-robot\/"]}]},{"@type":"ImageObject","inLanguage":"es","@id":"https:\/\/dev.antudigital.cl\/sites\/vc\/insomnia-estrena-duna-parte-2-todos-somos-extranos-y-mi-amigo-robot\/#primaryimage","url":"https:\/\/dev.antudigital.cl\/sites\/vc\/wp-content\/uploads\/2024\/02\/dune-2-paul-atreides.jpg","contentUrl":"https:\/\/dev.antudigital.cl\/sites\/vc\/wp-content\/uploads\/2024\/02\/dune-2-paul-atreides.jpg","width":2000,"height":1000},{"@type":"BreadcrumbList","@id":"https:\/\/dev.antudigital.cl\/sites\/vc\/insomnia-estrena-duna-parte-2-todos-somos-extranos-y-mi-amigo-robot\/#breadcrumb","itemListElement":[{"@type":"ListItem","position":1,"name":"Home","item":"https:\/\/dev.antudigital.cl\/sites\/vc\/"},{"@type":"ListItem","position":2,"name":"INSOMNIA estrena Duna parte 2, Todos somos extra\u00f1os y Mi amigo Robot"}]},{"@type":"WebSite","@id":"https:\/\/dev.antudigital.cl\/sites\/vc\/#website","url":"https:\/\/dev.antudigital.cl\/sites\/vc\/","name":"Valpara\u00ed\u00adso Creativo","description":"","potentialAction":[{"@type":"SearchAction","target":{"@type":"EntryPoint","urlTemplate":"https:\/\/dev.antudigital.cl\/sites\/vc\/?s={search_term_string}"},"query-input":{"@type":"PropertyValueSpecification","valueRequired":true,"valueName":"search_term_string"}}],"inLanguage":"es"},{"@type":"Person","@id":"https:\/\/dev.antudigital.cl\/sites\/vc\/#\/schema\/person\/c2b9da8dd545e27166fc5ab232837318","name":"Valpara\u00edso Creativo","description":"Periodista de cultura en la Regi\u00f3n de Valpara\u00edso.","url":"https:\/\/dev.antudigital.cl\/sites\/vc\/author\/valpoadmin\/"}]}},"_links":{"self":[{"href":"https:\/\/dev.antudigital.cl\/sites\/vc\/wp-json\/wp\/v2\/posts\/18414","targetHints":{"allow":["GET"]}}],"collection":[{"href":"https:\/\/dev.antudigital.cl\/sites\/vc\/wp-json\/wp\/v2\/posts"}],"about":[{"href":"https:\/\/dev.antudigital.cl\/sites\/vc\/wp-json\/wp\/v2\/types\/post"}],"author":[{"embeddable":true,"href":"https:\/\/dev.antudigital.cl\/sites\/vc\/wp-json\/wp\/v2\/users\/1"}],"replies":[{"embeddable":true,"href":"https:\/\/dev.antudigital.cl\/sites\/vc\/wp-json\/wp\/v2\/comments?post=18414"}],"version-history":[{"count":2,"href":"https:\/\/dev.antudigital.cl\/sites\/vc\/wp-json\/wp\/v2\/posts\/18414\/revisions"}],"predecessor-version":[{"id":18420,"href":"https:\/\/dev.antudigital.cl\/sites\/vc\/wp-json\/wp\/v2\/posts\/18414\/revisions\/18420"}],"wp:featuredmedia":[{"embeddable":true,"href":"https:\/\/dev.antudigital.cl\/sites\/vc\/wp-json\/wp\/v2\/media\/18417"}],"wp:attachment":[{"href":"https:\/\/dev.antudigital.cl\/sites\/vc\/wp-json\/wp\/v2\/media?parent=18414"}],"wp:term":[{"taxonomy":"category","embeddable":true,"href":"https:\/\/dev.antudigital.cl\/sites\/vc\/wp-json\/wp\/v2\/categories?post=18414"},{"taxonomy":"post_tag","embeddable":true,"href":"https:\/\/dev.antudigital.cl\/sites\/vc\/wp-json\/wp\/v2\/tags?post=18414"}],"curies":[{"name":"wp","href":"https:\/\/api.w.org\/{rel}","templated":true}]}}