{"id":18425,"date":"2024-02-26T19:49:31","date_gmt":"2024-02-26T19:49:31","guid":{"rendered":"https:\/\/www.valparaisocreativo.cl\/?p=18425"},"modified":"2024-02-26T19:49:37","modified_gmt":"2024-02-26T19:49:37","slug":"centro-cultural-ipa-conmemora-el-8m-con-obra-el-arbol-de-maria-luisa-bombal","status":"publish","type":"post","link":"https:\/\/dev.antudigital.cl\/sites\/vc\/centro-cultural-ipa-conmemora-el-8m-con-obra-el-arbol-de-maria-luisa-bombal\/","title":{"rendered":"Centro Cultural IPA conmemora el 8M con obra \u201cEl \u00c1rbol\u201d de Mar\u00eda Luisa Bombal"},"content":{"rendered":"\n<p>El&nbsp;<strong>viernes 8 de marzo a las 19:00 horas<\/strong>&nbsp;se presenta la obra&nbsp;<strong>\u201cEl \u00e1rbol\u201d<\/strong>&nbsp;en la&nbsp;<strong>Sala de Teatro IPA<\/strong>, conmemorando el&nbsp;<strong>D\u00eda Internacional de la Mujer<\/strong>. La funci\u00f3n es parte del proyecto&nbsp;<strong>\u201cCONTINUIDAD DE LA PROGRAMACI\u00d3N DE LA SALA DE TEATRO DEL CENTRO CULTURAL IPA: 95 a\u00f1os de arte y cultura local\u201d<\/strong>, el que cuenta con el financiamiento del Programa de Apoyo a Organizaciones Culturales Colaboradoras&nbsp;del Ministerio de las Culturas, las Artes y el Patrimonio.<\/p>\n\n\n\n<p>La puesta en escena se basa en el cuento hom\u00f3nimo de Mar\u00eda Luisa Bombal. Br\u00edgida, la protagonista, es una mujer d\u00f3cil y risue\u00f1a que se va a vivir con un hombre mucho mayor, amigo de su padre. El matrimonio la va desilusionando y encuentra refugio en el cuarto de vestir, junto al gomero. El \u00e1rbol la acompa\u00f1a en los dolores cotidianos, hasta que sucede un hecho que la har\u00e1 cambiar abruptamente.<\/p>\n\n\n\n<figure class=\"wp-block-image size-large\"><img fetchpriority=\"high\" decoding=\"async\" width=\"1024\" height=\"768\" src=\"https:\/\/www.valparaisocreativo.cl\/wp-content\/uploads\/2024\/02\/EL-ARBOL-2-1024x768.jpg\" alt=\"\" class=\"wp-image-18427\" srcset=\"https:\/\/dev.antudigital.cl\/sites\/vc\/wp-content\/uploads\/2024\/02\/EL-ARBOL-2-1024x768.jpg 1024w, https:\/\/dev.antudigital.cl\/sites\/vc\/wp-content\/uploads\/2024\/02\/EL-ARBOL-2-300x225.jpg 300w, https:\/\/dev.antudigital.cl\/sites\/vc\/wp-content\/uploads\/2024\/02\/EL-ARBOL-2-768x576.jpg 768w, https:\/\/dev.antudigital.cl\/sites\/vc\/wp-content\/uploads\/2024\/02\/EL-ARBOL-2-1536x1153.jpg 1536w, https:\/\/dev.antudigital.cl\/sites\/vc\/wp-content\/uploads\/2024\/02\/EL-ARBOL-2-510x382.jpg 510w, https:\/\/dev.antudigital.cl\/sites\/vc\/wp-content\/uploads\/2024\/02\/EL-ARBOL-2-1080x811.jpg 1080w, https:\/\/dev.antudigital.cl\/sites\/vc\/wp-content\/uploads\/2024\/02\/EL-ARBOL-2-1280x961.jpg 1280w, https:\/\/dev.antudigital.cl\/sites\/vc\/wp-content\/uploads\/2024\/02\/EL-ARBOL-2-980x735.jpg 980w, https:\/\/dev.antudigital.cl\/sites\/vc\/wp-content\/uploads\/2024\/02\/EL-ARBOL-2-480x360.jpg 480w, https:\/\/dev.antudigital.cl\/sites\/vc\/wp-content\/uploads\/2024\/02\/EL-ARBOL-2-24x18.jpg 24w, https:\/\/dev.antudigital.cl\/sites\/vc\/wp-content\/uploads\/2024\/02\/EL-ARBOL-2-36x27.jpg 36w, https:\/\/dev.antudigital.cl\/sites\/vc\/wp-content\/uploads\/2024\/02\/EL-ARBOL-2-48x36.jpg 48w, https:\/\/dev.antudigital.cl\/sites\/vc\/wp-content\/uploads\/2024\/02\/EL-ARBOL-2.jpg 1599w\" sizes=\"(max-width: 1024px) 100vw, 1024px\" \/><\/figure>\n\n\n\n<p>La funci\u00f3n se realizar\u00e1 en la Sala de Teatro IPA, ubicada en Condell #1349, Valpara\u00edso. La entrada es liberada con cupos limitados. Las reservas se deben realizar a trav\u00e9s de Passline en el siguiente enlace:&nbsp;<\/p>\n\n\n\n<p><a href=\"https:\/\/www.passline.com\/eventos\/el-arbol-de-maria-luisa-bombal\">https:\/\/www.passline.com\/eventos\/el-arbol-de-maria-luisa-bombal<\/a><\/p>\n\n\n\n<p><strong>Elenco<\/strong><\/p>\n\n\n\n<p><strong>Marcela Molina<\/strong>, int\u00e9rprete, es quien encarna a la protagonista. Comenta: \u201cRepresento a una mujer joven y quebrada, con un historial familiar de violencia. Su padre era tan machista como el marido que le escogi\u00f3. Esta mujer fue vulnerada desde la infancia y sigui\u00f3 siendo vulnerada por su esposo. Es dif\u00edcil entrar en la mente de una mujer que una se pregunta \u2018c\u00f3mo puede aguantar tanto\u2019, pero en su historia se normaliz\u00f3 este tipo de trato, hizo lo que ten\u00eda que hacer y se conform\u00f3 con lo que ten\u00eda que conformarse. Creo que esta obra representa el sentir de muchas mujeres al romper el c\u00edrculo vicioso de maltrato, haci\u00e9ndose conscientes de sus propias herramientas, siendo capaces de rehacerse\u201d.<\/p>\n\n\n\n<p><strong>Manuel Reyes<\/strong>, int\u00e9rprete, comparte: \u201cEs muy importante mostrar este trabajo, es sensible y con pertinencia territorial. Mar\u00eda Luisa Bombal es vecina nuestra, naci\u00f3 en Vi\u00f1a del Mar y escribi\u00f3 con ojo cr\u00edtico y pasi\u00f3n. Ojal\u00e1 m\u00e1s personas la lean y conozcan su obra. En esta oportunidad podr\u00e1n acercarse a ella a trav\u00e9s del teatro, en una puesta en escena muy cuidada que invita a la reflexi\u00f3n.\u201d<\/p>\n\n\n\n<p>El proyecto \u201cCONTINUIDAD DE LA PROGRAMACI\u00d3N DE LA SALA DE TEATRO DEL CENTRO CULTURAL IPA: 95 a\u00f1os de arte y cultura local\u201d forma parte del Programa de Apoyo a Organizaciones Culturales Colaboradoras del Ministerio de las Culturas, las Artes y el Patrimonio, que busca fortalecer y dar continuidad a instituciones y organizaciones culturales de derecho privado y sin fines de lucro. Este programa adem\u00e1s es parte del Sistema de Financiamiento a Organizaciones e Infraestructura Cultural del Ministerio de las Culturas, las Artes y el Patrimonio que integra, articula y coordina de forma transversal los planes, programas y fondos orientados al fomento y apoyo de las organizaciones, de la infraestructura cultural, y de la mediaci\u00f3n art\u00edstica. Todo esto con una vocaci\u00f3n descentralizada, mecanismos participativos, y la promoci\u00f3n de la creaci\u00f3n de redes y asociaciones.<\/p>\n\n\n\n<p>Para m\u00e1s informaci\u00f3n seguir el Instagram @salateatroipa.&nbsp;<\/p>\n\n\n\n<p><strong>COORDENADAS<\/strong><\/p>\n\n\n\n<p>Compa\u00f1\u00eda Teatro IluCi\u00f3n<\/p>\n\n\n\n<p>Viernes 8 de marzo, 19:00 horas.<\/p>\n\n\n\n<p>Centro Cultural IPA. Condell 1349, Valpara\u00edso.<\/p>\n\n\n\n<p><a href=\"https:\/\/www.passline.com\/eventos\/el-arbol-de-maria-luisa-bombal\">https:\/\/www.passline.com\/eventos\/el-arbol-de-maria-luisa-bombal<\/a><\/p>\n","protected":false},"excerpt":{"rendered":"<p>El&nbsp;viernes 8 de marzo a las 19:00 horas&nbsp;se presenta la obra&nbsp;\u201cEl \u00e1rbol\u201d&nbsp;en la&nbsp;Sala de Teatro IPA, conmemorando el&nbsp;D\u00eda Internacional de la Mujer. La funci\u00f3n es parte del proyecto&nbsp;\u201cCONTINUIDAD DE LA PROGRAMACI\u00d3N DE LA SALA DE TEATRO DEL CENTRO CULTURAL IPA: 95 a\u00f1os de arte y cultura local\u201d, el que cuenta con el financiamiento del Programa [&hellip;]<\/p>\n","protected":false},"author":1,"featured_media":18426,"comment_status":"closed","ping_status":"closed","sticky":false,"template":"","format":"standard","meta":{"_acf_changed":false,"footnotes":""},"categories":[1],"tags":[],"class_list":["post-18425","post","type-post","status-publish","format-standard","has-post-thumbnail","hentry","category-uncategorized"],"acf":[],"yoast_head":"<!-- This site is optimized with the Yoast SEO plugin v27.1.1 - https:\/\/yoast.com\/product\/yoast-seo-wordpress\/ -->\n<title>Centro Cultural IPA conmemora el 8M con obra \u201cEl \u00c1rbol\u201d de Mar\u00eda Luisa Bombal - Valpara\u00ed\u00adso Creativo<\/title>\n<meta name=\"robots\" content=\"index, follow, max-snippet:-1, max-image-preview:large, max-video-preview:-1\" \/>\n<link rel=\"canonical\" href=\"https:\/\/dev.antudigital.cl\/sites\/vc\/centro-cultural-ipa-conmemora-el-8m-con-obra-el-arbol-de-maria-luisa-bombal\/\" \/>\n<meta property=\"og:locale\" content=\"es_ES\" \/>\n<meta property=\"og:type\" content=\"article\" \/>\n<meta property=\"og:title\" content=\"Centro Cultural IPA conmemora el 8M con obra \u201cEl \u00c1rbol\u201d de Mar\u00eda Luisa Bombal - Valpara\u00ed\u00adso Creativo\" \/>\n<meta property=\"og:description\" content=\"El&nbsp;viernes 8 de marzo a las 19:00 horas&nbsp;se presenta la obra&nbsp;\u201cEl \u00e1rbol\u201d&nbsp;en la&nbsp;Sala de Teatro IPA, conmemorando el&nbsp;D\u00eda Internacional de la Mujer. La funci\u00f3n es parte del proyecto&nbsp;\u201cCONTINUIDAD DE LA PROGRAMACI\u00d3N DE LA SALA DE TEATRO DEL CENTRO CULTURAL IPA: 95 a\u00f1os de arte y cultura local\u201d, el que cuenta con el financiamiento del Programa [&hellip;]\" \/>\n<meta property=\"og:url\" content=\"https:\/\/dev.antudigital.cl\/sites\/vc\/centro-cultural-ipa-conmemora-el-8m-con-obra-el-arbol-de-maria-luisa-bombal\/\" \/>\n<meta property=\"og:site_name\" content=\"Valpara\u00ed\u00adso Creativo\" \/>\n<meta property=\"article:published_time\" content=\"2024-02-26T19:49:31+00:00\" \/>\n<meta property=\"article:modified_time\" content=\"2024-02-26T19:49:37+00:00\" \/>\n<meta property=\"og:image\" content=\"https:\/\/dev.antudigital.cl\/sites\/vc\/wp-content\/uploads\/2024\/02\/EL-ARBOL-1.jpg\" \/>\n\t<meta property=\"og:image:width\" content=\"1599\" \/>\n\t<meta property=\"og:image:height\" content=\"1200\" \/>\n\t<meta property=\"og:image:type\" content=\"image\/jpeg\" \/>\n<meta name=\"author\" content=\"Valpara\u00edso Creativo\" \/>\n<meta name=\"twitter:card\" content=\"summary_large_image\" \/>\n<meta name=\"twitter:label1\" content=\"Escrito por\" \/>\n\t<meta name=\"twitter:data1\" content=\"Valpara\u00edso Creativo\" \/>\n\t<meta name=\"twitter:label2\" content=\"Tiempo de lectura\" \/>\n\t<meta name=\"twitter:data2\" content=\"3 minutos\" \/>\n<script type=\"application\/ld+json\" class=\"yoast-schema-graph\">{\"@context\":\"https:\/\/schema.org\",\"@graph\":[{\"@type\":\"Article\",\"@id\":\"https:\/\/dev.antudigital.cl\/sites\/vc\/centro-cultural-ipa-conmemora-el-8m-con-obra-el-arbol-de-maria-luisa-bombal\/#article\",\"isPartOf\":{\"@id\":\"https:\/\/dev.antudigital.cl\/sites\/vc\/centro-cultural-ipa-conmemora-el-8m-con-obra-el-arbol-de-maria-luisa-bombal\/\"},\"author\":{\"name\":\"Valpara\u00edso Creativo\",\"@id\":\"https:\/\/dev.antudigital.cl\/sites\/vc\/#\/schema\/person\/c2b9da8dd545e27166fc5ab232837318\"},\"headline\":\"Centro Cultural IPA conmemora el 8M con obra \u201cEl \u00c1rbol\u201d de Mar\u00eda Luisa Bombal\",\"datePublished\":\"2024-02-26T19:49:31+00:00\",\"dateModified\":\"2024-02-26T19:49:37+00:00\",\"mainEntityOfPage\":{\"@id\":\"https:\/\/dev.antudigital.cl\/sites\/vc\/centro-cultural-ipa-conmemora-el-8m-con-obra-el-arbol-de-maria-luisa-bombal\/\"},\"wordCount\":595,\"image\":{\"@id\":\"https:\/\/dev.antudigital.cl\/sites\/vc\/centro-cultural-ipa-conmemora-el-8m-con-obra-el-arbol-de-maria-luisa-bombal\/#primaryimage\"},\"thumbnailUrl\":\"https:\/\/dev.antudigital.cl\/sites\/vc\/wp-content\/uploads\/2024\/02\/EL-ARBOL-1.jpg\",\"articleSection\":[\"Uncategorized\"],\"inLanguage\":\"es\"},{\"@type\":\"WebPage\",\"@id\":\"https:\/\/dev.antudigital.cl\/sites\/vc\/centro-cultural-ipa-conmemora-el-8m-con-obra-el-arbol-de-maria-luisa-bombal\/\",\"url\":\"https:\/\/dev.antudigital.cl\/sites\/vc\/centro-cultural-ipa-conmemora-el-8m-con-obra-el-arbol-de-maria-luisa-bombal\/\",\"name\":\"Centro Cultural IPA conmemora el 8M con obra \u201cEl \u00c1rbol\u201d de Mar\u00eda Luisa Bombal - Valpara\u00ed\u00adso Creativo\",\"isPartOf\":{\"@id\":\"https:\/\/dev.antudigital.cl\/sites\/vc\/#website\"},\"primaryImageOfPage\":{\"@id\":\"https:\/\/dev.antudigital.cl\/sites\/vc\/centro-cultural-ipa-conmemora-el-8m-con-obra-el-arbol-de-maria-luisa-bombal\/#primaryimage\"},\"image\":{\"@id\":\"https:\/\/dev.antudigital.cl\/sites\/vc\/centro-cultural-ipa-conmemora-el-8m-con-obra-el-arbol-de-maria-luisa-bombal\/#primaryimage\"},\"thumbnailUrl\":\"https:\/\/dev.antudigital.cl\/sites\/vc\/wp-content\/uploads\/2024\/02\/EL-ARBOL-1.jpg\",\"datePublished\":\"2024-02-26T19:49:31+00:00\",\"dateModified\":\"2024-02-26T19:49:37+00:00\",\"author\":{\"@id\":\"https:\/\/dev.antudigital.cl\/sites\/vc\/#\/schema\/person\/c2b9da8dd545e27166fc5ab232837318\"},\"breadcrumb\":{\"@id\":\"https:\/\/dev.antudigital.cl\/sites\/vc\/centro-cultural-ipa-conmemora-el-8m-con-obra-el-arbol-de-maria-luisa-bombal\/#breadcrumb\"},\"inLanguage\":\"es\",\"potentialAction\":[{\"@type\":\"ReadAction\",\"target\":[\"https:\/\/dev.antudigital.cl\/sites\/vc\/centro-cultural-ipa-conmemora-el-8m-con-obra-el-arbol-de-maria-luisa-bombal\/\"]}]},{\"@type\":\"ImageObject\",\"inLanguage\":\"es\",\"@id\":\"https:\/\/dev.antudigital.cl\/sites\/vc\/centro-cultural-ipa-conmemora-el-8m-con-obra-el-arbol-de-maria-luisa-bombal\/#primaryimage\",\"url\":\"https:\/\/dev.antudigital.cl\/sites\/vc\/wp-content\/uploads\/2024\/02\/EL-ARBOL-1.jpg\",\"contentUrl\":\"https:\/\/dev.antudigital.cl\/sites\/vc\/wp-content\/uploads\/2024\/02\/EL-ARBOL-1.jpg\",\"width\":1599,\"height\":1200},{\"@type\":\"BreadcrumbList\",\"@id\":\"https:\/\/dev.antudigital.cl\/sites\/vc\/centro-cultural-ipa-conmemora-el-8m-con-obra-el-arbol-de-maria-luisa-bombal\/#breadcrumb\",\"itemListElement\":[{\"@type\":\"ListItem\",\"position\":1,\"name\":\"Home\",\"item\":\"https:\/\/dev.antudigital.cl\/sites\/vc\/\"},{\"@type\":\"ListItem\",\"position\":2,\"name\":\"Centro Cultural IPA conmemora el 8M con obra \u201cEl \u00c1rbol\u201d de Mar\u00eda Luisa Bombal\"}]},{\"@type\":\"WebSite\",\"@id\":\"https:\/\/dev.antudigital.cl\/sites\/vc\/#website\",\"url\":\"https:\/\/dev.antudigital.cl\/sites\/vc\/\",\"name\":\"Valpara\u00ed\u00adso Creativo\",\"description\":\"\",\"potentialAction\":[{\"@type\":\"SearchAction\",\"target\":{\"@type\":\"EntryPoint\",\"urlTemplate\":\"https:\/\/dev.antudigital.cl\/sites\/vc\/?s={search_term_string}\"},\"query-input\":{\"@type\":\"PropertyValueSpecification\",\"valueRequired\":true,\"valueName\":\"search_term_string\"}}],\"inLanguage\":\"es\"},{\"@type\":\"Person\",\"@id\":\"https:\/\/dev.antudigital.cl\/sites\/vc\/#\/schema\/person\/c2b9da8dd545e27166fc5ab232837318\",\"name\":\"Valpara\u00edso Creativo\",\"description\":\"Periodista de cultura en la Regi\u00f3n de Valpara\u00edso.\",\"url\":\"https:\/\/dev.antudigital.cl\/sites\/vc\/author\/valpoadmin\/\"}]}<\/script>\n<!-- \/ Yoast SEO plugin. -->","yoast_head_json":{"title":"Centro Cultural IPA conmemora el 8M con obra \u201cEl \u00c1rbol\u201d de Mar\u00eda Luisa Bombal - Valpara\u00ed\u00adso Creativo","robots":{"index":"index","follow":"follow","max-snippet":"max-snippet:-1","max-image-preview":"max-image-preview:large","max-video-preview":"max-video-preview:-1"},"canonical":"https:\/\/dev.antudigital.cl\/sites\/vc\/centro-cultural-ipa-conmemora-el-8m-con-obra-el-arbol-de-maria-luisa-bombal\/","og_locale":"es_ES","og_type":"article","og_title":"Centro Cultural IPA conmemora el 8M con obra \u201cEl \u00c1rbol\u201d de Mar\u00eda Luisa Bombal - Valpara\u00ed\u00adso Creativo","og_description":"El&nbsp;viernes 8 de marzo a las 19:00 horas&nbsp;se presenta la obra&nbsp;\u201cEl \u00e1rbol\u201d&nbsp;en la&nbsp;Sala de Teatro IPA, conmemorando el&nbsp;D\u00eda Internacional de la Mujer. La funci\u00f3n es parte del proyecto&nbsp;\u201cCONTINUIDAD DE LA PROGRAMACI\u00d3N DE LA SALA DE TEATRO DEL CENTRO CULTURAL IPA: 95 a\u00f1os de arte y cultura local\u201d, el que cuenta con el financiamiento del Programa [&hellip;]","og_url":"https:\/\/dev.antudigital.cl\/sites\/vc\/centro-cultural-ipa-conmemora-el-8m-con-obra-el-arbol-de-maria-luisa-bombal\/","og_site_name":"Valpara\u00ed\u00adso Creativo","article_published_time":"2024-02-26T19:49:31+00:00","article_modified_time":"2024-02-26T19:49:37+00:00","og_image":[{"width":1599,"height":1200,"url":"https:\/\/dev.antudigital.cl\/sites\/vc\/wp-content\/uploads\/2024\/02\/EL-ARBOL-1.jpg","type":"image\/jpeg"}],"author":"Valpara\u00edso Creativo","twitter_card":"summary_large_image","twitter_misc":{"Escrito por":"Valpara\u00edso Creativo","Tiempo de lectura":"3 minutos"},"schema":{"@context":"https:\/\/schema.org","@graph":[{"@type":"Article","@id":"https:\/\/dev.antudigital.cl\/sites\/vc\/centro-cultural-ipa-conmemora-el-8m-con-obra-el-arbol-de-maria-luisa-bombal\/#article","isPartOf":{"@id":"https:\/\/dev.antudigital.cl\/sites\/vc\/centro-cultural-ipa-conmemora-el-8m-con-obra-el-arbol-de-maria-luisa-bombal\/"},"author":{"name":"Valpara\u00edso Creativo","@id":"https:\/\/dev.antudigital.cl\/sites\/vc\/#\/schema\/person\/c2b9da8dd545e27166fc5ab232837318"},"headline":"Centro Cultural IPA conmemora el 8M con obra \u201cEl \u00c1rbol\u201d de Mar\u00eda Luisa Bombal","datePublished":"2024-02-26T19:49:31+00:00","dateModified":"2024-02-26T19:49:37+00:00","mainEntityOfPage":{"@id":"https:\/\/dev.antudigital.cl\/sites\/vc\/centro-cultural-ipa-conmemora-el-8m-con-obra-el-arbol-de-maria-luisa-bombal\/"},"wordCount":595,"image":{"@id":"https:\/\/dev.antudigital.cl\/sites\/vc\/centro-cultural-ipa-conmemora-el-8m-con-obra-el-arbol-de-maria-luisa-bombal\/#primaryimage"},"thumbnailUrl":"https:\/\/dev.antudigital.cl\/sites\/vc\/wp-content\/uploads\/2024\/02\/EL-ARBOL-1.jpg","articleSection":["Uncategorized"],"inLanguage":"es"},{"@type":"WebPage","@id":"https:\/\/dev.antudigital.cl\/sites\/vc\/centro-cultural-ipa-conmemora-el-8m-con-obra-el-arbol-de-maria-luisa-bombal\/","url":"https:\/\/dev.antudigital.cl\/sites\/vc\/centro-cultural-ipa-conmemora-el-8m-con-obra-el-arbol-de-maria-luisa-bombal\/","name":"Centro Cultural IPA conmemora el 8M con obra \u201cEl \u00c1rbol\u201d de Mar\u00eda Luisa Bombal - Valpara\u00ed\u00adso Creativo","isPartOf":{"@id":"https:\/\/dev.antudigital.cl\/sites\/vc\/#website"},"primaryImageOfPage":{"@id":"https:\/\/dev.antudigital.cl\/sites\/vc\/centro-cultural-ipa-conmemora-el-8m-con-obra-el-arbol-de-maria-luisa-bombal\/#primaryimage"},"image":{"@id":"https:\/\/dev.antudigital.cl\/sites\/vc\/centro-cultural-ipa-conmemora-el-8m-con-obra-el-arbol-de-maria-luisa-bombal\/#primaryimage"},"thumbnailUrl":"https:\/\/dev.antudigital.cl\/sites\/vc\/wp-content\/uploads\/2024\/02\/EL-ARBOL-1.jpg","datePublished":"2024-02-26T19:49:31+00:00","dateModified":"2024-02-26T19:49:37+00:00","author":{"@id":"https:\/\/dev.antudigital.cl\/sites\/vc\/#\/schema\/person\/c2b9da8dd545e27166fc5ab232837318"},"breadcrumb":{"@id":"https:\/\/dev.antudigital.cl\/sites\/vc\/centro-cultural-ipa-conmemora-el-8m-con-obra-el-arbol-de-maria-luisa-bombal\/#breadcrumb"},"inLanguage":"es","potentialAction":[{"@type":"ReadAction","target":["https:\/\/dev.antudigital.cl\/sites\/vc\/centro-cultural-ipa-conmemora-el-8m-con-obra-el-arbol-de-maria-luisa-bombal\/"]}]},{"@type":"ImageObject","inLanguage":"es","@id":"https:\/\/dev.antudigital.cl\/sites\/vc\/centro-cultural-ipa-conmemora-el-8m-con-obra-el-arbol-de-maria-luisa-bombal\/#primaryimage","url":"https:\/\/dev.antudigital.cl\/sites\/vc\/wp-content\/uploads\/2024\/02\/EL-ARBOL-1.jpg","contentUrl":"https:\/\/dev.antudigital.cl\/sites\/vc\/wp-content\/uploads\/2024\/02\/EL-ARBOL-1.jpg","width":1599,"height":1200},{"@type":"BreadcrumbList","@id":"https:\/\/dev.antudigital.cl\/sites\/vc\/centro-cultural-ipa-conmemora-el-8m-con-obra-el-arbol-de-maria-luisa-bombal\/#breadcrumb","itemListElement":[{"@type":"ListItem","position":1,"name":"Home","item":"https:\/\/dev.antudigital.cl\/sites\/vc\/"},{"@type":"ListItem","position":2,"name":"Centro Cultural IPA conmemora el 8M con obra \u201cEl \u00c1rbol\u201d de Mar\u00eda Luisa Bombal"}]},{"@type":"WebSite","@id":"https:\/\/dev.antudigital.cl\/sites\/vc\/#website","url":"https:\/\/dev.antudigital.cl\/sites\/vc\/","name":"Valpara\u00ed\u00adso Creativo","description":"","potentialAction":[{"@type":"SearchAction","target":{"@type":"EntryPoint","urlTemplate":"https:\/\/dev.antudigital.cl\/sites\/vc\/?s={search_term_string}"},"query-input":{"@type":"PropertyValueSpecification","valueRequired":true,"valueName":"search_term_string"}}],"inLanguage":"es"},{"@type":"Person","@id":"https:\/\/dev.antudigital.cl\/sites\/vc\/#\/schema\/person\/c2b9da8dd545e27166fc5ab232837318","name":"Valpara\u00edso Creativo","description":"Periodista de cultura en la Regi\u00f3n de Valpara\u00edso.","url":"https:\/\/dev.antudigital.cl\/sites\/vc\/author\/valpoadmin\/"}]}},"_links":{"self":[{"href":"https:\/\/dev.antudigital.cl\/sites\/vc\/wp-json\/wp\/v2\/posts\/18425","targetHints":{"allow":["GET"]}}],"collection":[{"href":"https:\/\/dev.antudigital.cl\/sites\/vc\/wp-json\/wp\/v2\/posts"}],"about":[{"href":"https:\/\/dev.antudigital.cl\/sites\/vc\/wp-json\/wp\/v2\/types\/post"}],"author":[{"embeddable":true,"href":"https:\/\/dev.antudigital.cl\/sites\/vc\/wp-json\/wp\/v2\/users\/1"}],"replies":[{"embeddable":true,"href":"https:\/\/dev.antudigital.cl\/sites\/vc\/wp-json\/wp\/v2\/comments?post=18425"}],"version-history":[{"count":1,"href":"https:\/\/dev.antudigital.cl\/sites\/vc\/wp-json\/wp\/v2\/posts\/18425\/revisions"}],"predecessor-version":[{"id":18429,"href":"https:\/\/dev.antudigital.cl\/sites\/vc\/wp-json\/wp\/v2\/posts\/18425\/revisions\/18429"}],"wp:featuredmedia":[{"embeddable":true,"href":"https:\/\/dev.antudigital.cl\/sites\/vc\/wp-json\/wp\/v2\/media\/18426"}],"wp:attachment":[{"href":"https:\/\/dev.antudigital.cl\/sites\/vc\/wp-json\/wp\/v2\/media?parent=18425"}],"wp:term":[{"taxonomy":"category","embeddable":true,"href":"https:\/\/dev.antudigital.cl\/sites\/vc\/wp-json\/wp\/v2\/categories?post=18425"},{"taxonomy":"post_tag","embeddable":true,"href":"https:\/\/dev.antudigital.cl\/sites\/vc\/wp-json\/wp\/v2\/tags?post=18425"}],"curies":[{"name":"wp","href":"https:\/\/api.w.org\/{rel}","templated":true}]}}